{"id":1036512,"date":"2026-02-23T15:05:06","date_gmt":"2026-02-23T12:05:06","guid":{"rendered":"https:\/\/darkamazi.site\/?p=1036512"},"modified":"2026-02-23T15:05:06","modified_gmt":"2026-02-23T12:05:06","slug":"irak-devletinden-kurt-demografisini-degistirmek-icin-bir-karar-daha-xaneqin-sehrinin-sinirlari-kucultuluyor-kurt-idari-yapisi-zayiflatiliyor","status":"publish","type":"post","link":"https:\/\/darkamazi.site\/archives\/1036512","title":{"rendered":"Irak devletinden K\u00fcrt demografisini de\u011fi\u015ftirmek i\u00e7in bir karar daha: Xaneqin \u015fehrinin s\u0131n\u0131rlar\u0131 k\u00fc\u00e7\u00fclt\u00fcl\u00fcyor, K\u00fcrt idari yap\u0131s\u0131 zay\u0131flat\u0131l\u0131yor"},"content":{"rendered":"<p style=\"text-align: justify\">Irak devleti K\u00fcrdistani b\u00f6lgelerin demografik ve idari yap\u0131s\u0131n\u0131 de\u011fi\u015ftirmek i\u00e7in yeni bir dizi karar ald\u0131. Buna g\u00f6re Xaneqin\u2019e ba\u011fl\u0131 nahiyeler il\u00e7e yap\u0131larak Diyala \u015fehrine ba\u011fland\u0131.\u00a0 Xaneqin\u2019deki siyasi taraflar ve K\u00fcrt aktivistler duruma tepki g\u00f6stererek karar\u0131n durdurulmas\u0131 i\u00e7in h\u00fck\u00fcmete 48 saat s\u00fcre tan\u0131d\u0131.<\/p>\n<p style=\"text-align: justify\">Irak Planlama Bakanl\u0131\u011f\u0131, Gulala&#8217;n\u0131n (Celavla) il\u00e7e stat\u00fcs\u00fcne y\u00fckseltilmesine karar verdi. Planlama Bakan\u0131 Vekili Halid Bettal, Diyala Vilayeti s\u0131n\u0131rlar\u0131 i\u00e7erisindeki Gulala&#8217;n\u0131n il\u00e7e yap\u0131lmas\u0131na dair bir emir yay\u0131nlad\u0131. \u0130l\u00e7eye, Irak&#8217;taki idari birimler s\u0131ralamas\u0131nda 21101 idari kodu verildi.<\/p>\n<p style=\"text-align: justify\">Daha \u00f6nce Xanekin il\u00e7esine ba\u011fl\u0131 bir kasaba (nahiye) olan Gulala, Irak Anayasas\u0131&#8217;n\u0131n 140. Maddesi kapsam\u0131nda yer alan tart\u0131\u015fmal\u0131 b\u00f6lgelerden biri olma \u00f6zelli\u011fini ta\u015f\u0131yor. B\u00f6lgenin idari stat\u00fcs\u00fc, K\u00fcrdistan B\u00f6lgesi ile Irak Federal H\u00fck\u00fcmeti aras\u0131nda hen\u00fcz \u00e7\u00f6z\u00fcme kavu\u015fturulmu\u015f de\u011fil. Irak h\u00fck\u00fcmeti Gulala ve Kartepe adl\u0131 iki nahiyeyi il\u00e7e yaparak Xanaqin\u2019den kopar\u0131yor ve bu bi\u00e7imde de Xanaqin\u2019in K\u00fcrt idari yap\u0131s\u0131 de\u011fi\u015ftiriliyor.<\/p>\n<p style=\"text-align: justify\">K\u00fcrt partilerinin temsilcileri ve \u00a0K\u00fcrt siyasi aktivistler, \u00a0konuya ili\u015fkin bir a\u00e7\u0131klama yay\u0131nlad\u0131. A\u00e7\u0131klamada, \u201cfederal h\u00fck\u00fcmetin bu karar\u0131 yasal ve idari bir dayana\u011fa sahip de\u011fil ve sadece Xaneqin kasabas\u0131n\u0131n s\u0131n\u0131rlar\u0131n\u0131 k\u00fc\u00e7\u00fcltmeyi ama\u00e7l\u0131yor. Diyala vilayetinin en b\u00fcy\u00fck kasabas\u0131 olan Hanakin&#8217;in, Bamo, Jabara, Saadiyah ve \u015fimdi de Gulala ve Karatap\u0131 k\u00f6ylerinin ayr\u0131lmas\u0131n\u0131n ard\u0131ndan, geriye hi\u00e7bir k\u00f6y kalmayarak kasabaya d\u00f6n\u00fc\u015ft\u00fcr\u00fcld\u00fc\u201d dendi.<\/p>\n<p style=\"text-align: justify\">Yap\u0131lan bas\u0131n a\u00e7\u0131klamas\u0131nda \u015fu ifadelere yer verildi: \u201cBu, b\u00f6lgenin demografik yap\u0131s\u0131n\u0131 de\u011fi\u015ftirmek ve K\u00fcrtlerin konumunu zay\u0131flatmak i\u00e7in tehlikeli bir plan. \u0130lgili taraflara bu karar\u0131 iptal etmeleri i\u00e7in 48 saat s\u00fcre veriyoruz, aksi takdirde g\u00f6steriler ve yayg\u0131n sivil faaliyetler ba\u015flataca\u011f\u0131z&#8221;<\/p>\n<p style=\"text-align: justify\">K\u00fcrdistan Demokrat Partisi (KDP) Xanekin Sorumlusu \u015eirko Tevfik\u2019de konuya ili\u015fkin bir a\u00e7\u0131klama yapt\u0131. A\u00e7\u0131klamada karar\u0131n yasalara ve anayasaya ayk\u0131r\u0131 oldu\u011funu vurgulad\u0131. Tevfik, &#8220;Gulala 140. Madde s\u0131n\u0131rlar\u0131 i\u00e7erisinde yer al\u0131yor. Bu nedenle idari s\u0131n\u0131rlar\u0131yla oynanmamal\u0131d\u0131r&#8221; dedi.<\/p>\n<p style=\"text-align: justify\">Al\u0131nan bu yeni karar\u0131n Gulala&#8217;n\u0131n idari kaderini ve b\u00f6lgedeki se\u00e7imleri do\u011frudan etkileyece\u011fini belirten \u015eirko Tevfik, b\u00f6lgenin demografik yap\u0131s\u0131na da dikkat \u00e7ekerek &#8220;1975 y\u0131l\u0131nda kasaba n\u00fcfusunun y\u00fczde 75&#8217;inden fazlas\u0131n\u0131 K\u00fcrtler olu\u015fturuyordu&#8221; \u015feklinde konu\u015ftu.<\/p>\n","protected":false},"excerpt":{"rendered":"<p>Irak devleti K\u00fcrdistani b\u00f6lgelerin demografik ve idari yap\u0131s\u0131n\u0131 de\u011fi\u015ftirmek i\u00e7in yeni bir dizi karar ald\u0131. Buna g\u00f6re Xaneqin\u2019e ba\u011fl\u0131 nahiyeler il\u00e7e yap\u0131larak Diyala \u015fehrine ba\u011fland\u0131.\u00a0 Xaneqin\u2019deki siyasi taraflar ve K\u00fcrt aktivistler duruma tepki g\u00f6stererek karar\u0131n durdurulmas\u0131 i\u00e7in h\u00fck\u00fcmete 48 saat s\u00fcre tan\u0131d\u0131. Irak Planlama Bakanl\u0131\u011f\u0131, Gulala&#8217;n\u0131n (Celavla) il\u00e7e stat\u00fcs\u00fcne y\u00fckseltilmesine karar verdi. Planlama Bakan\u0131 Vekili [&hellip;]<\/p>\n","protected":false},"author":2,"featured_media":1036513,"comment_status":"closed","ping_status":"closed","sticky":false,"template":"","format":"standard","meta":{"footnotes":""},"categories":[3],"tags":[31],"class_list":["post-1036512","post","type-post","status-publish","format-standard","has-post-thumbnail","hentry","category-kurdistan","tag-onemli"],"blocksy_meta":[],"seo_head":"<!-- This site is optimized with the Yoast SEO plugin v27.5 - https:\/\/yoast.com\/product\/yoast-seo-wordpress\/ -->\n<title>Irak devletinden K\u00fcrt demografisini de\u011fi\u015ftirmek i\u00e7in bir karar daha: Xaneqin \u015fehrinin s\u0131n\u0131rlar\u0131 k\u00fc\u00e7\u00fclt\u00fcl\u00fcyor, K\u00fcrt idari yap\u0131s\u0131 zay\u0131flat\u0131l\u0131yor - Darka Mazi<\/title>\n<meta name=\"robots\" content=\"index, follow, max-snippet:-1, max-image-preview:large, max-video-preview:-1\" \/>\n<link rel=\"canonical\" href=\"https:\/\/darkamazi.site\/archives\/1036512\" \/>\n<meta property=\"og:locale\" content=\"en_US\" \/>\n<meta property=\"og:type\" content=\"article\" \/>\n<meta property=\"og:title\" content=\"Irak devletinden K\u00fcrt demografisini de\u011fi\u015ftirmek i\u00e7in bir karar daha: Xaneqin \u015fehrinin s\u0131n\u0131rlar\u0131 k\u00fc\u00e7\u00fclt\u00fcl\u00fcyor, K\u00fcrt idari yap\u0131s\u0131 zay\u0131flat\u0131l\u0131yor - Darka Mazi\" \/>\n<meta property=\"og:description\" content=\"Irak devleti K\u00fcrdistani b\u00f6lgelerin demografik ve idari yap\u0131s\u0131n\u0131 de\u011fi\u015ftirmek i\u00e7in yeni bir dizi karar ald\u0131. Buna g\u00f6re Xaneqin\u2019e ba\u011fl\u0131 nahiyeler il\u00e7e yap\u0131larak Diyala \u015fehrine ba\u011fland\u0131.\u00a0 Xaneqin\u2019deki siyasi taraflar ve K\u00fcrt aktivistler duruma tepki g\u00f6stererek karar\u0131n durdurulmas\u0131 i\u00e7in h\u00fck\u00fcmete 48 saat s\u00fcre tan\u0131d\u0131. Irak Planlama Bakanl\u0131\u011f\u0131, Gulala&#8217;n\u0131n (Celavla) il\u00e7e stat\u00fcs\u00fcne y\u00fckseltilmesine karar verdi. Planlama Bakan\u0131 Vekili [&hellip;]\" \/>\n<meta property=\"og:url\" content=\"https:\/\/darkamazi.site\/archives\/1036512\" \/>\n<meta property=\"og:site_name\" content=\"Darka Mazi\" \/>\n<meta property=\"article:publisher\" content=\"https:\/\/www.facebook.com\/DarkaMaziturkce\" \/>\n<meta property=\"article:published_time\" content=\"2026-02-23T12:05:06+00:00\" \/>\n<meta property=\"og:image\" content=\"https:\/\/darkamazi.site\/file\/2026\/02\/Xaneqin.jpg\" \/>\n\t<meta property=\"og:image:width\" content=\"1562\" \/>\n\t<meta property=\"og:image:height\" content=\"878\" \/>\n\t<meta property=\"og:image:type\" content=\"image\/jpeg\" \/>\n<meta name=\"author\" content=\"darka mazi\" \/>\n<meta name=\"twitter:card\" content=\"summary_large_image\" \/>\n<meta name=\"twitter:creator\" content=\"@DarkaMaziTurkce\" \/>\n<meta name=\"twitter:site\" content=\"@DarkaMaziTurkce\" \/>\n<meta name=\"twitter:label1\" content=\"Written by\" \/>\n\t<meta name=\"twitter:data1\" content=\"darka mazi\" \/>\n\t<meta name=\"twitter:label2\" content=\"Est. reading time\" \/>\n\t<meta name=\"twitter:data2\" content=\"2 minutes\" \/>\n<script type=\"application\/ld+json\" class=\"seo-schema-graph\">{\"@context\":\"https:\\\/\\\/schema.org\",\"@graph\":[{\"@type\":\"NewsArticle\",\"@id\":\"https:\\\/\\\/darkamazi.site\\\/archives\\\/1036512#article\",\"isPartOf\":{\"@id\":\"https:\\\/\\\/darkamazi.site\\\/archives\\\/1036512\"},\"author\":{\"name\":\"darka mazi\",\"@id\":\"https:\\\/\\\/darkamazi.site\\\/#\\\/schema\\\/person\\\/67986a95ac546c16760365877ef4a9d3\"},\"headline\":\"Irak devletinden K\u00fcrt demografisini de\u011fi\u015ftirmek i\u00e7in bir karar daha: Xaneqin \u015fehrinin s\u0131n\u0131rlar\u0131 k\u00fc\u00e7\u00fclt\u00fcl\u00fcyor, K\u00fcrt idari yap\u0131s\u0131 zay\u0131flat\u0131l\u0131yor\",\"datePublished\":\"2026-02-23T12:05:06+00:00\",\"mainEntityOfPage\":{\"@id\":\"https:\\\/\\\/darkamazi.site\\\/archives\\\/1036512\"},\"wordCount\":481,\"publisher\":{\"@id\":\"https:\\\/\\\/darkamazi.site\\\/#organization\"},\"image\":{\"@id\":\"https:\\\/\\\/darkamazi.site\\\/archives\\\/1036512#primaryimage\"},\"thumbnailUrl\":\"https:\\\/\\\/darkamazi.site\\\/darka-content\\\/uploads\\\/2026\\\/02\\\/Xaneqin.jpg\",\"keywords\":[\"\u00f6nemli\"],\"articleSection\":[\"Kurdistan\"],\"inLanguage\":\"en-US\"},{\"@type\":\"WebPage\",\"@id\":\"https:\\\/\\\/darkamazi.site\\\/archives\\\/1036512\",\"url\":\"https:\\\/\\\/darkamazi.site\\\/archives\\\/1036512\",\"name\":\"Irak devletinden K\u00fcrt demografisini de\u011fi\u015ftirmek i\u00e7in bir karar daha: Xaneqin \u015fehrinin s\u0131n\u0131rlar\u0131 k\u00fc\u00e7\u00fclt\u00fcl\u00fcyor, K\u00fcrt idari yap\u0131s\u0131 zay\u0131flat\u0131l\u0131yor - Darka Mazi\",\"isPartOf\":{\"@id\":\"https:\\\/\\\/darkamazi.site\\\/#website\"},\"primaryImageOfPage\":{\"@id\":\"https:\\\/\\\/darkamazi.site\\\/archives\\\/1036512#primaryimage\"},\"image\":{\"@id\":\"https:\\\/\\\/darkamazi.site\\\/archives\\\/1036512#primaryimage\"},\"thumbnailUrl\":\"https:\\\/\\\/darkamazi.site\\\/darka-content\\\/uploads\\\/2026\\\/02\\\/Xaneqin.jpg\",\"datePublished\":\"2026-02-23T12:05:06+00:00\",\"breadcrumb\":{\"@id\":\"https:\\\/\\\/darkamazi.site\\\/archives\\\/1036512#breadcrumb\"},\"inLanguage\":\"en-US\",\"potentialAction\":[{\"@type\":\"ReadAction\",\"target\":[\"https:\\\/\\\/darkamazi.site\\\/archives\\\/1036512\"]}]},{\"@type\":\"ImageObject\",\"inLanguage\":\"en-US\",\"@id\":\"https:\\\/\\\/darkamazi.site\\\/archives\\\/1036512#primaryimage\",\"url\":\"https:\\\/\\\/darkamazi.site\\\/darka-content\\\/uploads\\\/2026\\\/02\\\/Xaneqin.jpg\",\"contentUrl\":\"https:\\\/\\\/darkamazi.site\\\/darka-content\\\/uploads\\\/2026\\\/02\\\/Xaneqin.jpg\",\"width\":1562,\"height\":878,\"caption\":\"Irak devletinden K\u00fcrt demografisini de\u011fi\u015ftirmek i\u00e7in bir karar daha: Xaneqin \u015fehrinin s\u0131n\u0131rlar\u0131 k\u00fc\u00e7\u00fclt\u00fcl\u00fcyor, K\u00fcrt idari yap\u0131s\u0131 zay\u0131flat\u0131l\u0131yor\"},{\"@type\":\"BreadcrumbList\",\"@id\":\"https:\\\/\\\/darkamazi.site\\\/archives\\\/1036512#breadcrumb\",\"itemListElement\":[{\"@type\":\"ListItem\",\"position\":1,\"name\":\"Home\",\"item\":\"https:\\\/\\\/darkamazi.site\\\/\"},{\"@type\":\"ListItem\",\"position\":2,\"name\":\"Irak devletinden K\u00fcrt demografisini de\u011fi\u015ftirmek i\u00e7in bir karar daha: Xaneqin \u015fehrinin s\u0131n\u0131rlar\u0131 k\u00fc\u00e7\u00fclt\u00fcl\u00fcyor, K\u00fcrt idari yap\u0131s\u0131 zay\u0131flat\u0131l\u0131yor\"}]},{\"@type\":\"WebSite\",\"@id\":\"https:\\\/\\\/darkamazi.site\\\/#website\",\"url\":\"https:\\\/\\\/darkamazi.site\\\/\",\"name\":\"Darka Mazi\",\"description\":\"Ana Sayfa\",\"publisher\":{\"@id\":\"https:\\\/\\\/darkamazi.site\\\/#organization\"},\"potentialAction\":[{\"@type\":\"SearchAction\",\"target\":{\"@type\":\"EntryPoint\",\"urlTemplate\":\"https:\\\/\\\/darkamazi.site\\\/?s={search_term_string}\"},\"query-input\":{\"@type\":\"PropertyValueSpecification\",\"valueRequired\":true,\"valueName\":\"search_term_string\"}}],\"inLanguage\":\"en-US\"},{\"@type\":\"Organization\",\"@id\":\"https:\\\/\\\/darkamazi.site\\\/#organization\",\"name\":\"Darka Mazi T\u00fcrk\u00e7e\",\"alternateName\":\"Darka Mazi\",\"url\":\"https:\\\/\\\/darkamazi.site\\\/\",\"logo\":{\"@type\":\"ImageObject\",\"inLanguage\":\"en-US\",\"@id\":\"https:\\\/\\\/darkamazi.site\\\/#\\\/schema\\\/logo\\\/image\\\/\",\"url\":\"https:\\\/\\\/darkamazi.site\\\/darka-content\\\/uploads\\\/2017\\\/12\\\/darka-mazi-logo.png\",\"contentUrl\":\"https:\\\/\\\/darkamazi.site\\\/darka-content\\\/uploads\\\/2017\\\/12\\\/darka-mazi-logo.png\",\"width\":151,\"height\":75,\"caption\":\"Darka Mazi T\u00fcrk\u00e7e\"},\"image\":{\"@id\":\"https:\\\/\\\/darkamazi.site\\\/#\\\/schema\\\/logo\\\/image\\\/\"},\"sameAs\":[\"https:\\\/\\\/www.facebook.com\\\/DarkaMaziturkce\",\"https:\\\/\\\/x.com\\\/DarkaMaziTurkce\"]},{\"@type\":\"Person\",\"@id\":\"https:\\\/\\\/darkamazi.site\\\/#\\\/schema\\\/person\\\/67986a95ac546c16760365877ef4a9d3\",\"name\":\"darka mazi\",\"sameAs\":[\"https:\\\/\\\/darkamazi.site\"],\"url\":\"https:\\\/\\\/darkamazi.site\\\/archives\\\/author\\\/turkish\"}]}<\/script>\n<!-- \/ Yoast SEO plugin. -->","seo_head_json":{"title":"Irak devletinden K\u00fcrt demografisini de\u011fi\u015ftirmek i\u00e7in bir karar daha: Xaneqin \u015fehrinin s\u0131n\u0131rlar\u0131 k\u00fc\u00e7\u00fclt\u00fcl\u00fcyor, K\u00fcrt idari yap\u0131s\u0131 zay\u0131flat\u0131l\u0131yor - Darka Mazi","robots":{"index":"index","follow":"follow","max-snippet":"max-snippet:-1","max-image-preview":"max-image-preview:large","max-video-preview":"max-video-preview:-1"},"canonical":"https:\/\/darkamazi.site\/archives\/1036512","og_locale":"en_US","og_type":"article","og_title":"Irak devletinden K\u00fcrt demografisini de\u011fi\u015ftirmek i\u00e7in bir karar daha: Xaneqin \u015fehrinin s\u0131n\u0131rlar\u0131 k\u00fc\u00e7\u00fclt\u00fcl\u00fcyor, K\u00fcrt idari yap\u0131s\u0131 zay\u0131flat\u0131l\u0131yor - Darka Mazi","og_description":"Irak devleti K\u00fcrdistani b\u00f6lgelerin demografik ve idari yap\u0131s\u0131n\u0131 de\u011fi\u015ftirmek i\u00e7in yeni bir dizi karar ald\u0131. Buna g\u00f6re Xaneqin\u2019e ba\u011fl\u0131 nahiyeler il\u00e7e yap\u0131larak Diyala \u015fehrine ba\u011fland\u0131.\u00a0 Xaneqin\u2019deki siyasi taraflar ve K\u00fcrt aktivistler duruma tepki g\u00f6stererek karar\u0131n durdurulmas\u0131 i\u00e7in h\u00fck\u00fcmete 48 saat s\u00fcre tan\u0131d\u0131. Irak Planlama Bakanl\u0131\u011f\u0131, Gulala&#8217;n\u0131n (Celavla) il\u00e7e stat\u00fcs\u00fcne y\u00fckseltilmesine karar verdi. Planlama Bakan\u0131 Vekili [&hellip;]","og_url":"https:\/\/darkamazi.site\/archives\/1036512","og_site_name":"Darka Mazi","article_publisher":"https:\/\/www.facebook.com\/DarkaMaziturkce","article_published_time":"2026-02-23T12:05:06+00:00","og_image":[{"width":1562,"height":878,"url":"https:\/\/darkamazi.site\/file\/2026\/02\/Xaneqin.jpg","type":"image\/jpeg"}],"author":"darka mazi","twitter_card":"summary_large_image","twitter_creator":"@DarkaMaziTurkce","twitter_site":"@DarkaMaziTurkce","twitter_misc":{"Written by":"darka mazi","Est. reading time":"2 minutes"},"schema":{"@context":"https:\/\/schema.org","@graph":[{"@type":"NewsArticle","@id":"https:\/\/darkamazi.site\/archives\/1036512#article","isPartOf":{"@id":"https:\/\/darkamazi.site\/archives\/1036512"},"author":{"name":"darka mazi","@id":"https:\/\/darkamazi.site\/#\/schema\/person\/67986a95ac546c16760365877ef4a9d3"},"headline":"Irak devletinden K\u00fcrt demografisini de\u011fi\u015ftirmek i\u00e7in bir karar daha: Xaneqin \u015fehrinin s\u0131n\u0131rlar\u0131 k\u00fc\u00e7\u00fclt\u00fcl\u00fcyor, K\u00fcrt idari yap\u0131s\u0131 zay\u0131flat\u0131l\u0131yor","datePublished":"2026-02-23T12:05:06+00:00","mainEntityOfPage":{"@id":"https:\/\/darkamazi.site\/archives\/1036512"},"wordCount":481,"publisher":{"@id":"https:\/\/darkamazi.site\/#organization"},"image":{"@id":"https:\/\/darkamazi.site\/archives\/1036512#primaryimage"},"thumbnailUrl":"https:\/\/darkamazi.site\/file\/2026\/02\/Xaneqin.jpg","keywords":["\u00f6nemli"],"articleSection":["Kurdistan"],"inLanguage":"en-US"},{"@type":"WebPage","@id":"https:\/\/darkamazi.site\/archives\/1036512","url":"https:\/\/darkamazi.site\/archives\/1036512","name":"Irak devletinden K\u00fcrt demografisini de\u011fi\u015ftirmek i\u00e7in bir karar daha: Xaneqin \u015fehrinin s\u0131n\u0131rlar\u0131 k\u00fc\u00e7\u00fclt\u00fcl\u00fcyor, K\u00fcrt idari yap\u0131s\u0131 zay\u0131flat\u0131l\u0131yor - Darka Mazi","isPartOf":{"@id":"https:\/\/darkamazi.site\/#website"},"primaryImageOfPage":{"@id":"https:\/\/darkamazi.site\/archives\/1036512#primaryimage"},"image":{"@id":"https:\/\/darkamazi.site\/archives\/1036512#primaryimage"},"thumbnailUrl":"https:\/\/darkamazi.site\/file\/2026\/02\/Xaneqin.jpg","datePublished":"2026-02-23T12:05:06+00:00","breadcrumb":{"@id":"https:\/\/darkamazi.site\/archives\/1036512#breadcrumb"},"inLanguage":"en-US","potentialAction":[{"@type":"ReadAction","target":["https:\/\/darkamazi.site\/archives\/1036512"]}]},{"@type":"ImageObject","inLanguage":"en-US","@id":"https:\/\/darkamazi.site\/archives\/1036512#primaryimage","url":"https:\/\/darkamazi.site\/file\/2026\/02\/Xaneqin.jpg","contentUrl":"https:\/\/darkamazi.site\/file\/2026\/02\/Xaneqin.jpg","width":1562,"height":878,"caption":"Irak devletinden K\u00fcrt demografisini de\u011fi\u015ftirmek i\u00e7in bir karar daha: Xaneqin \u015fehrinin s\u0131n\u0131rlar\u0131 k\u00fc\u00e7\u00fclt\u00fcl\u00fcyor, K\u00fcrt idari yap\u0131s\u0131 zay\u0131flat\u0131l\u0131yor"},{"@type":"BreadcrumbList","@id":"https:\/\/darkamazi.site\/archives\/1036512#breadcrumb","itemListElement":[{"@type":"ListItem","position":1,"name":"Home","item":"https:\/\/darkamazi.site\/"},{"@type":"ListItem","position":2,"name":"Irak devletinden K\u00fcrt demografisini de\u011fi\u015ftirmek i\u00e7in bir karar daha: Xaneqin \u015fehrinin s\u0131n\u0131rlar\u0131 k\u00fc\u00e7\u00fclt\u00fcl\u00fcyor, K\u00fcrt idari yap\u0131s\u0131 zay\u0131flat\u0131l\u0131yor"}]},{"@type":"WebSite","@id":"https:\/\/darkamazi.site\/#website","url":"https:\/\/darkamazi.site\/","name":"Darka Mazi","description":"Ana Sayfa","publisher":{"@id":"https:\/\/darkamazi.site\/#organization"},"potentialAction":[{"@type":"SearchAction","target":{"@type":"EntryPoint","urlTemplate":"https:\/\/darkamazi.site\/?s={search_term_string}"},"query-input":{"@type":"PropertyValueSpecification","valueRequired":true,"valueName":"search_term_string"}}],"inLanguage":"en-US"},{"@type":"Organization","@id":"https:\/\/darkamazi.site\/#organization","name":"Darka Mazi T\u00fcrk\u00e7e","alternateName":"Darka Mazi","url":"https:\/\/darkamazi.site\/","logo":{"@type":"ImageObject","inLanguage":"en-US","@id":"https:\/\/darkamazi.site\/#\/schema\/logo\/image\/","url":"https:\/\/darkamazi.site\/file\/2017\/12\/darka-mazi-logo.png","contentUrl":"https:\/\/darkamazi.site\/file\/2017\/12\/darka-mazi-logo.png","width":151,"height":75,"caption":"Darka Mazi T\u00fcrk\u00e7e"},"image":{"@id":"https:\/\/darkamazi.site\/#\/schema\/logo\/image\/"},"sameAs":["https:\/\/www.facebook.com\/DarkaMaziturkce","https:\/\/x.com\/DarkaMaziTurkce"]},{"@type":"Person","@id":"https:\/\/darkamazi.site\/#\/schema\/person\/67986a95ac546c16760365877ef4a9d3","name":"darka mazi","sameAs":["https:\/\/darkamazi.site"],"url":"https:\/\/darkamazi.site\/archives\/author\/turkish"}]}},"_links":{"self":[{"href":"https:\/\/darkamazi.site\/funavuv\/wp\/v2\/posts\/1036512","targetHints":{"allow":["GET"]}}],"collection":[{"href":"https:\/\/darkamazi.site\/funavuv\/wp\/v2\/posts"}],"about":[{"href":"https:\/\/darkamazi.site\/funavuv\/wp\/v2\/types\/post"}],"author":[{"embeddable":true,"href":"https:\/\/darkamazi.site\/funavuv\/wp\/v2\/users\/2"}],"replies":[{"embeddable":true,"href":"https:\/\/darkamazi.site\/funavuv\/wp\/v2\/comments?post=1036512"}],"version-history":[{"count":0,"href":"https:\/\/darkamazi.site\/funavuv\/wp\/v2\/posts\/1036512\/revisions"}],"wp:featuredmedia":[{"embeddable":true,"href":"https:\/\/darkamazi.site\/funavuv\/wp\/v2\/media\/1036513"}],"wp:attachment":[{"href":"https:\/\/darkamazi.site\/funavuv\/wp\/v2\/media?parent=1036512"}],"wp:term":[{"taxonomy":"category","embeddable":true,"href":"https:\/\/darkamazi.site\/funavuv\/wp\/v2\/categories?post=1036512"},{"taxonomy":"post_tag","embeddable":true,"href":"https:\/\/darkamazi.site\/funavuv\/wp\/v2\/tags?post=1036512"}],"curies":[{"name":"wp","href":"https:\/\/api.w.org\/{rel}","templated":true}]}}