{"id":1036515,"date":"2026-02-24T14:00:21","date_gmt":"2026-02-24T11:00:21","guid":{"rendered":"https:\/\/darkamazi.site\/?p=1036515"},"modified":"2026-02-24T14:00:21","modified_gmt":"2026-02-24T11:00:21","slug":"devlet-bahceliden-kckicin-cagri-27-subat-cagrisi-kckyi-da-baglar-kendini-feshetmelidir","status":"publish","type":"post","link":"https:\/\/darkamazi.site\/archives\/1036515","title":{"rendered":"Devlet Bah\u00e7eli&#8217;den KCK&#8217;i\u00e7in \u00e7a\u011fr\u0131: \u00a0\u201c27 \u015eubat \u00e7a\u011fr\u0131s\u0131 KCK\u2019y\u0131 da ba\u011flar, kendini feshetmelidir\u201d"},"content":{"rendered":"<p style=\"text-align: justify\">\u00a0Milliyet\u00e7i Hareket Partisi (MHP) Genel Ba\u015fkan\u0131 Devlet Bah\u00e7eli, partisinin TBMM Grup Toplant\u0131s\u0131\u2019nda yapt\u0131\u011f\u0131 konu\u015fmada, bar\u0131\u015f s\u00fcreci hedefini yeniden vurgulad\u0131. 27 \u015eubat 2025 tarihli \u00e7a\u011fr\u0131ya dikkat \u00e7eken Bah\u00e7eli, \u201cBu \u00e7a\u011fr\u0131 PKK\u2019y\u0131 ba\u011flad\u0131\u011f\u0131 gibi KCK\u2019y\u0131 da ba\u011flamaktad\u0131r. \u00d6rg\u00fct\u00fcn \u00fcst yap\u0131lanmas\u0131n\u0131n feshi derhal sa\u011flanmal\u0131d\u0131r\u201d dedi.<\/p>\n<p style=\"text-align: justify\">Bah\u00e7eli, kayyum uygulamalar\u0131n\u0131n da yeniden de\u011ferlendirilmesi gerekti\u011fini belirterek, i\u00e7 ve d\u0131\u015f geli\u015fmeler kar\u015f\u0131s\u0131nda T\u00fcrkiye\u2019nin birlik i\u00e7inde hareket etmesinin zorunlu oldu\u011funu ifade etti.<\/p>\n<p style=\"text-align: justify\"><strong>\u201cD\u0131\u015f\u0131m\u0131z kaynarken i\u00e7imizi kayna\u015ft\u0131rmal\u0131y\u0131z\u201d<\/strong><\/p>\n<p style=\"text-align: justify\">Konu\u015fmas\u0131n\u0131n \u00f6nemli b\u00f6l\u00fcm\u00fcn\u00fc bar\u0131\u015f s\u00fcrecine ay\u0131ran Bah\u00e7eli, TBMM b\u00fcnyesinde kurulan Mill\u00ee Dayan\u0131\u015fma, Karde\u015flik ve Demokrasi Komisyonunun \u00e7al\u0131\u015fmalar\u0131na i\u015faret etti.<\/p>\n<p style=\"text-align: justify\">Komisyonun 20 toplant\u0131 yapt\u0131\u011f\u0131n\u0131, 137 ki\u015fi ve kurumun g\u00f6r\u00fc\u015f\u00fcne ba\u015fvurdu\u011funu ve 50 \u00fcyeden 47\u2019sinin oyuyla raporun kabul edildi\u011fini hat\u0131rlatan Bah\u00e7eli, \u201cKomisyon \u00fcstlendi\u011fi tarih\u00ee rolle tabular\u0131 y\u0131km\u0131\u015f, ezberleri bozmu\u015ftur\u201d dedi.<\/p>\n<p style=\"text-align: justify\">Silah b\u0131rakma ve \u00f6rg\u00fct\u00fcn feshi s\u00fcrecinin g\u00fcvenlik birimlerince teyit edilmesinin ard\u0131ndan yasal d\u00fczenlemelerin g\u00fcndeme gelebilece\u011fini belirten Bah\u00e7eli, \u201cAf ve cezas\u0131zl\u0131k alg\u0131s\u0131na prim vermeden yasal d\u00fczenlemelerin \u00e7er\u00e7evesi \u00e7izilmelidir\u201d ifadelerini kulland\u0131.<\/p>\n<p style=\"text-align: justify\"><strong>En dikkat \u00e7ekici \u00e7\u0131k\u0131\u015f\u0131 ise KCK\u2019ye y\u00f6nelik oldu<\/strong><\/p>\n<p style=\"text-align: justify\">Bah\u00e7eli, \u201cTer\u00f6rs\u00fcz T\u00fcrkiye hedefinin icras\u0131nda 27 \u015eubat 2025 tarihli a\u00e7\u0131klamayla PKK\u2019n\u0131n yapt\u0131\u011f\u0131 \u00e7a\u011fr\u0131n\u0131n \u00f6nemli bir dahli vard\u0131r. Bu \u00e7a\u011fr\u0131 ayn\u0131 \u015fekilde KCK\u2019y\u0131 da ba\u011flamaktad\u0131r. \u00d6rg\u00fct\u00fcn \u00fcst yap\u0131lanmas\u0131n\u0131n feshi derhal sa\u011flanmal\u0131d\u0131r\u201d ifadelerini kulland\u0131.<\/p>\n<p style=\"text-align: justify\">Bah\u00e7eli ayr\u0131ca, \u201cT\u00fcrk neyse K\u00fcrt odur, K\u00fcrt neyse T\u00fcrk odur\u201d diyerek e\u015fit vatanda\u015fl\u0131k vurgusu yapt\u0131.<\/p>\n<p style=\"text-align: justify\"><strong>Kayyum mesaj\u0131: \u201cTekrar de\u011ferlendirilmeli\u201d<\/strong><\/p>\n<p style=\"text-align: justify\">Bah\u00e7eli, kayyum uygulamalar\u0131na ili\u015fkin de dikkat \u00e7eken bir de\u011ferlendirmede bulundu. T\u00fcrkiye\u2019nin g\u00fcvenli\u011finin \u00f6ncelik oldu\u011funu ifade eden MHP lideri, \u201cBiz yery\u00fcz\u00fcne Ankara\u2019dan bakmak zorunday\u0131z. Ankara\u2019n\u0131n ve T\u00fcrkiye\u2019nin g\u00fcvenli\u011fi en y\u00fcksek hassasiyetimizdir\u201d dedi.<\/p>\n<p style=\"text-align: justify\">Kayyum konusunun yeniden ele al\u0131nabilece\u011fini belirten Bah\u00e7eli\u2019nin bu s\u00f6zleri, s\u00fcre\u00e7 tart\u0131\u015fmalar\u0131 ba\u011flam\u0131nda yeni bir mesaj olarak yorumland\u0131.<\/p>\n<p style=\"text-align: justify\"><strong>MEB\u2019in rnamazan genelgesine tam destek<\/strong><\/p>\n<p style=\"text-align: justify\">Bah\u00e7eli konu\u015fmas\u0131nda, Milli E\u011fitim Bakanl\u0131\u011f\u0131\u2019n\u0131n 12 \u015eubat 2026 tarihinde yay\u0131mlad\u0131\u011f\u0131 \u201cT\u00fcrkiye Y\u00fczy\u0131l\u0131 Maarif Modeli kapsam\u0131nda Ramazan ay\u0131 etkinlikleri\u201d genelgesine de g\u00fc\u00e7l\u00fc destek verdi.<\/p>\n<p style=\"text-align: justify\">Genelgenin milli, manevi ve k\u00fclt\u00fcrel de\u011ferlerin \u00f6\u011frencilere kazand\u0131r\u0131lmas\u0131n\u0131 hedefledi\u011fini belirten Bah\u00e7eli, \u015fu ifadeleri kulland\u0131:<\/p>\n<p style=\"text-align: justify\">\u201cBu genelgenin neresi yanl\u0131\u015ft\u0131r? T\u00fcrkiye\u2019nin Talibanla\u015ft\u0131\u011f\u0131n\u0131 s\u00f6yleyenler hakiki manada yobazd\u0131r.\u201d<\/p>\n<p style=\"text-align: justify\">Ramazan ay\u0131 etkinliklerini \u201cdayan\u0131\u015fma ve yard\u0131mla\u015fma duygusunun \u015fahikas\u0131\u201d olarak tan\u0131mlayan Bah\u00e7eli, Milli E\u011fitim Bakan\u0131\u2019n\u0131 ve bakanl\u0131k personelini tebrik etti.<\/p>\n<p style=\"text-align: justify\"><strong>\u201cT\u00fcrkiye Cumhuriyeti\u2019nin kurucu ruhu bakidir\u201d<\/strong><\/p>\n<p style=\"text-align: justify\">Cumhuriyetin temel niteliklerine de vurgu yapan Bah\u00e7eli, \u00fcniter devlet yap\u0131s\u0131n\u0131n, T\u00fcrk milleti ger\u00e7e\u011finin ve laik devlet ilkesinin tart\u0131\u015fmaya kapal\u0131 oldu\u011funu s\u00f6yledi.<\/p>\n<p style=\"text-align: justify\">\u201cBa\u015fkentimiz Ankara\u2019d\u0131r, dilimiz T\u00fcrk\u00e7edir, bayra\u011f\u0131m\u0131z ay y\u0131ld\u0131zl\u0131 al bayrakt\u0131r. Bundan geriye d\u00f6n\u00fc\u015f yoktur\u201d diyen Bah\u00e7eli, Cumhuriyetin kurucu ruhunun ve egemenlik hukukunun \u201cher zaman baki\u201d oldu\u011funu dile getirdi.<\/p>\n<p style=\"text-align: justify\"><strong>B\u00f6lgesel kriz uyar\u0131s\u0131: \u201cTehdit yak\u0131n ve s\u0131cakt\u0131r\u201d<\/strong><\/p>\n<p style=\"text-align: justify\">Konu\u015fmas\u0131n\u0131n son b\u00f6l\u00fcm\u00fcnde b\u00f6lgesel geli\u015fmelere de\u011finen Bah\u00e7eli, ABD\u2013\u0130ran gerilimine dikkat \u00e7ekti. ABD\u2019nin askeri y\u0131\u011f\u0131na\u011f\u0131n\u0131n tehlikenin boyutunu g\u00f6sterdi\u011fini savunan Bah\u00e7eli, \u201cABD\u2019nin \u0130ran\u2019a sald\u0131rmas\u0131 co\u011frafyalar\u0131n ayar\u0131n\u0131 bozacakt\u0131r\u201d ifadelerini kulland\u0131.<\/p>\n<p style=\"text-align: justify\">Ortado\u011fu\u2019daki gerilimin T\u00fcrkiye i\u00e7in risk olu\u015fturdu\u011funu belirten MHP lideri, \u201cD\u0131\u015f\u0131m\u0131zda yang\u0131n varken i\u00e7imizde birbirimize daha s\u0131k\u0131 sar\u0131lmal\u0131y\u0131z\u201d dedi.<\/p>\n<p style=\"text-align: justify\"><strong>S\u00fcre\u00e7te yeni e\u015fik mi?<\/strong><\/p>\n<p style=\"text-align: justify\">Bah\u00e7eli\u2019nin hem KCK\u2019n\u0131n feshi \u00e7a\u011fr\u0131s\u0131 hem de kayyum uygulamalar\u0131n\u0131n yeniden de\u011ferlendirilmesi gerekti\u011fine dair mesaj\u0131, \u201cTer\u00f6rs\u00fcz T\u00fcrkiye\u201d s\u00fcrecinde yeni bir e\u015fik olarak de\u011ferlendiriliyor.<\/p>\n<p style=\"text-align: justify\">\u00d6zellikle \u201cKCK da kendini feshetmelidir\u201d vurgusu, s\u00fcrecin yaln\u0131zca silah b\u0131rakma de\u011fil, \u00f6rg\u00fctsel yap\u0131n\u0131n t\u00fcmden tasfiyesi ekseninde ilerlemesi gerekti\u011fine i\u015faret ediyor.<\/p>\n","protected":false},"excerpt":{"rendered":"<p>\u00a0Milliyet\u00e7i Hareket Partisi (MHP) Genel Ba\u015fkan\u0131 Devlet Bah\u00e7eli, partisinin TBMM Grup Toplant\u0131s\u0131\u2019nda yapt\u0131\u011f\u0131 konu\u015fmada, bar\u0131\u015f s\u00fcreci hedefini yeniden vurgulad\u0131. 27 \u015eubat 2025 tarihli \u00e7a\u011fr\u0131ya dikkat \u00e7eken Bah\u00e7eli, \u201cBu \u00e7a\u011fr\u0131 PKK\u2019y\u0131 ba\u011flad\u0131\u011f\u0131 gibi KCK\u2019y\u0131 da ba\u011flamaktad\u0131r. \u00d6rg\u00fct\u00fcn \u00fcst yap\u0131lanmas\u0131n\u0131n feshi derhal sa\u011flanmal\u0131d\u0131r\u201d dedi. Bah\u00e7eli, kayyum uygulamalar\u0131n\u0131n da yeniden de\u011ferlendirilmesi gerekti\u011fini belirterek, i\u00e7 ve d\u0131\u015f geli\u015fmeler kar\u015f\u0131s\u0131nda [&hellip;]<\/p>\n","protected":false},"author":2,"featured_media":1036516,"comment_status":"closed","ping_status":"closed","sticky":false,"template":"","format":"standard","meta":{"footnotes":""},"categories":[3],"tags":[31],"class_list":["post-1036515","post","type-post","status-publish","format-standard","has-post-thumbnail","hentry","category-kurdistan","tag-onemli"],"blocksy_meta":[],"seo_head":"<!-- This site is optimized with the Yoast SEO plugin v27.5 - https:\/\/yoast.com\/product\/yoast-seo-wordpress\/ -->\n<title>Devlet Bah\u00e7eli&#039;den KCK&#039;i\u00e7in \u00e7a\u011fr\u0131: \u00a0\u201c27 \u015eubat \u00e7a\u011fr\u0131s\u0131 KCK\u2019y\u0131 da ba\u011flar, kendini feshetmelidir\u201d - Darka Mazi<\/title>\n<meta name=\"robots\" content=\"index, follow, max-snippet:-1, max-image-preview:large, max-video-preview:-1\" \/>\n<link rel=\"canonical\" href=\"https:\/\/darkamazi.site\/archives\/1036515\" \/>\n<meta property=\"og:locale\" content=\"en_US\" \/>\n<meta property=\"og:type\" content=\"article\" \/>\n<meta property=\"og:title\" content=\"Devlet Bah\u00e7eli&#039;den KCK&#039;i\u00e7in \u00e7a\u011fr\u0131: \u00a0\u201c27 \u015eubat \u00e7a\u011fr\u0131s\u0131 KCK\u2019y\u0131 da ba\u011flar, kendini feshetmelidir\u201d - Darka Mazi\" \/>\n<meta property=\"og:description\" content=\"\u00a0Milliyet\u00e7i Hareket Partisi (MHP) Genel Ba\u015fkan\u0131 Devlet Bah\u00e7eli, partisinin TBMM Grup Toplant\u0131s\u0131\u2019nda yapt\u0131\u011f\u0131 konu\u015fmada, bar\u0131\u015f s\u00fcreci hedefini yeniden vurgulad\u0131. 27 \u015eubat 2025 tarihli \u00e7a\u011fr\u0131ya dikkat \u00e7eken Bah\u00e7eli, \u201cBu \u00e7a\u011fr\u0131 PKK\u2019y\u0131 ba\u011flad\u0131\u011f\u0131 gibi KCK\u2019y\u0131 da ba\u011flamaktad\u0131r. \u00d6rg\u00fct\u00fcn \u00fcst yap\u0131lanmas\u0131n\u0131n feshi derhal sa\u011flanmal\u0131d\u0131r\u201d dedi. Bah\u00e7eli, kayyum uygulamalar\u0131n\u0131n da yeniden de\u011ferlendirilmesi gerekti\u011fini belirterek, i\u00e7 ve d\u0131\u015f geli\u015fmeler kar\u015f\u0131s\u0131nda [&hellip;]\" \/>\n<meta property=\"og:url\" content=\"https:\/\/darkamazi.site\/archives\/1036515\" \/>\n<meta property=\"og:site_name\" content=\"Darka Mazi\" \/>\n<meta property=\"article:publisher\" content=\"https:\/\/www.facebook.com\/DarkaMaziturkce\" \/>\n<meta property=\"article:published_time\" content=\"2026-02-24T11:00:21+00:00\" \/>\n<meta property=\"og:image\" content=\"https:\/\/darkamazi.site\/file\/2026\/02\/Bahceli.jpg\" \/>\n\t<meta property=\"og:image:width\" content=\"900\" \/>\n\t<meta property=\"og:image:height\" content=\"500\" \/>\n\t<meta property=\"og:image:type\" content=\"image\/jpeg\" \/>\n<meta name=\"author\" content=\"darka mazi\" \/>\n<meta name=\"twitter:card\" content=\"summary_large_image\" \/>\n<meta name=\"twitter:creator\" content=\"@DarkaMaziTurkce\" \/>\n<meta name=\"twitter:site\" content=\"@DarkaMaziTurkce\" \/>\n<meta name=\"twitter:label1\" content=\"Written by\" \/>\n\t<meta name=\"twitter:data1\" content=\"darka mazi\" \/>\n\t<meta name=\"twitter:label2\" content=\"Est. reading time\" \/>\n\t<meta name=\"twitter:data2\" content=\"3 minutes\" \/>\n<script type=\"application\/ld+json\" class=\"seo-schema-graph\">{\"@context\":\"https:\\\/\\\/schema.org\",\"@graph\":[{\"@type\":\"NewsArticle\",\"@id\":\"https:\\\/\\\/darkamazi.site\\\/archives\\\/1036515#article\",\"isPartOf\":{\"@id\":\"https:\\\/\\\/darkamazi.site\\\/archives\\\/1036515\"},\"author\":{\"name\":\"darka mazi\",\"@id\":\"https:\\\/\\\/darkamazi.site\\\/#\\\/schema\\\/person\\\/67986a95ac546c16760365877ef4a9d3\"},\"headline\":\"Devlet Bah\u00e7eli&#8217;den KCK&#8217;i\u00e7in \u00e7a\u011fr\u0131: \u00a0\u201c27 \u015eubat \u00e7a\u011fr\u0131s\u0131 KCK\u2019y\u0131 da ba\u011flar, kendini feshetmelidir\u201d\",\"datePublished\":\"2026-02-24T11:00:21+00:00\",\"mainEntityOfPage\":{\"@id\":\"https:\\\/\\\/darkamazi.site\\\/archives\\\/1036515\"},\"wordCount\":771,\"publisher\":{\"@id\":\"https:\\\/\\\/darkamazi.site\\\/#organization\"},\"image\":{\"@id\":\"https:\\\/\\\/darkamazi.site\\\/archives\\\/1036515#primaryimage\"},\"thumbnailUrl\":\"https:\\\/\\\/darkamazi.site\\\/darka-content\\\/uploads\\\/2026\\\/02\\\/Bahceli.jpg\",\"keywords\":[\"\u00f6nemli\"],\"articleSection\":[\"Kurdistan\"],\"inLanguage\":\"en-US\"},{\"@type\":\"WebPage\",\"@id\":\"https:\\\/\\\/darkamazi.site\\\/archives\\\/1036515\",\"url\":\"https:\\\/\\\/darkamazi.site\\\/archives\\\/1036515\",\"name\":\"Devlet Bah\u00e7eli'den KCK'i\u00e7in \u00e7a\u011fr\u0131: \u00a0\u201c27 \u015eubat \u00e7a\u011fr\u0131s\u0131 KCK\u2019y\u0131 da ba\u011flar, kendini feshetmelidir\u201d - Darka Mazi\",\"isPartOf\":{\"@id\":\"https:\\\/\\\/darkamazi.site\\\/#website\"},\"primaryImageOfPage\":{\"@id\":\"https:\\\/\\\/darkamazi.site\\\/archives\\\/1036515#primaryimage\"},\"image\":{\"@id\":\"https:\\\/\\\/darkamazi.site\\\/archives\\\/1036515#primaryimage\"},\"thumbnailUrl\":\"https:\\\/\\\/darkamazi.site\\\/darka-content\\\/uploads\\\/2026\\\/02\\\/Bahceli.jpg\",\"datePublished\":\"2026-02-24T11:00:21+00:00\",\"breadcrumb\":{\"@id\":\"https:\\\/\\\/darkamazi.site\\\/archives\\\/1036515#breadcrumb\"},\"inLanguage\":\"en-US\",\"potentialAction\":[{\"@type\":\"ReadAction\",\"target\":[\"https:\\\/\\\/darkamazi.site\\\/archives\\\/1036515\"]}]},{\"@type\":\"ImageObject\",\"inLanguage\":\"en-US\",\"@id\":\"https:\\\/\\\/darkamazi.site\\\/archives\\\/1036515#primaryimage\",\"url\":\"https:\\\/\\\/darkamazi.site\\\/darka-content\\\/uploads\\\/2026\\\/02\\\/Bahceli.jpg\",\"contentUrl\":\"https:\\\/\\\/darkamazi.site\\\/darka-content\\\/uploads\\\/2026\\\/02\\\/Bahceli.jpg\",\"width\":900,\"height\":500,\"caption\":\"Devlet Bah\u00e7eli'den KCK'i\u00e7in \u00e7a\u011fr\u0131: \u00a0\u201c27 \u015eubat \u00e7a\u011fr\u0131s\u0131 KCK\u2019y\u0131 da ba\u011flar, kendini feshetmelidir\u201d\"},{\"@type\":\"BreadcrumbList\",\"@id\":\"https:\\\/\\\/darkamazi.site\\\/archives\\\/1036515#breadcrumb\",\"itemListElement\":[{\"@type\":\"ListItem\",\"position\":1,\"name\":\"Home\",\"item\":\"https:\\\/\\\/darkamazi.site\\\/\"},{\"@type\":\"ListItem\",\"position\":2,\"name\":\"Devlet Bah\u00e7eli&#8217;den KCK&#8217;i\u00e7in \u00e7a\u011fr\u0131: \u00a0\u201c27 \u015eubat \u00e7a\u011fr\u0131s\u0131 KCK\u2019y\u0131 da ba\u011flar, kendini feshetmelidir\u201d\"}]},{\"@type\":\"WebSite\",\"@id\":\"https:\\\/\\\/darkamazi.site\\\/#website\",\"url\":\"https:\\\/\\\/darkamazi.site\\\/\",\"name\":\"Darka Mazi\",\"description\":\"Ana Sayfa\",\"publisher\":{\"@id\":\"https:\\\/\\\/darkamazi.site\\\/#organization\"},\"potentialAction\":[{\"@type\":\"SearchAction\",\"target\":{\"@type\":\"EntryPoint\",\"urlTemplate\":\"https:\\\/\\\/darkamazi.site\\\/?s={search_term_string}\"},\"query-input\":{\"@type\":\"PropertyValueSpecification\",\"valueRequired\":true,\"valueName\":\"search_term_string\"}}],\"inLanguage\":\"en-US\"},{\"@type\":\"Organization\",\"@id\":\"https:\\\/\\\/darkamazi.site\\\/#organization\",\"name\":\"Darka Mazi T\u00fcrk\u00e7e\",\"alternateName\":\"Darka Mazi\",\"url\":\"https:\\\/\\\/darkamazi.site\\\/\",\"logo\":{\"@type\":\"ImageObject\",\"inLanguage\":\"en-US\",\"@id\":\"https:\\\/\\\/darkamazi.site\\\/#\\\/schema\\\/logo\\\/image\\\/\",\"url\":\"https:\\\/\\\/darkamazi.site\\\/darka-content\\\/uploads\\\/2017\\\/12\\\/darka-mazi-logo.png\",\"contentUrl\":\"https:\\\/\\\/darkamazi.site\\\/darka-content\\\/uploads\\\/2017\\\/12\\\/darka-mazi-logo.png\",\"width\":151,\"height\":75,\"caption\":\"Darka Mazi T\u00fcrk\u00e7e\"},\"image\":{\"@id\":\"https:\\\/\\\/darkamazi.site\\\/#\\\/schema\\\/logo\\\/image\\\/\"},\"sameAs\":[\"https:\\\/\\\/www.facebook.com\\\/DarkaMaziturkce\",\"https:\\\/\\\/x.com\\\/DarkaMaziTurkce\"]},{\"@type\":\"Person\",\"@id\":\"https:\\\/\\\/darkamazi.site\\\/#\\\/schema\\\/person\\\/67986a95ac546c16760365877ef4a9d3\",\"name\":\"darka mazi\",\"sameAs\":[\"https:\\\/\\\/darkamazi.site\"],\"url\":\"https:\\\/\\\/darkamazi.site\\\/archives\\\/author\\\/turkish\"}]}<\/script>\n<!-- \/ Yoast SEO plugin. -->","seo_head_json":{"title":"Devlet Bah\u00e7eli'den KCK'i\u00e7in \u00e7a\u011fr\u0131: \u00a0\u201c27 \u015eubat \u00e7a\u011fr\u0131s\u0131 KCK\u2019y\u0131 da ba\u011flar, kendini feshetmelidir\u201d - Darka Mazi","robots":{"index":"index","follow":"follow","max-snippet":"max-snippet:-1","max-image-preview":"max-image-preview:large","max-video-preview":"max-video-preview:-1"},"canonical":"https:\/\/darkamazi.site\/archives\/1036515","og_locale":"en_US","og_type":"article","og_title":"Devlet Bah\u00e7eli'den KCK'i\u00e7in \u00e7a\u011fr\u0131: \u00a0\u201c27 \u015eubat \u00e7a\u011fr\u0131s\u0131 KCK\u2019y\u0131 da ba\u011flar, kendini feshetmelidir\u201d - Darka Mazi","og_description":"\u00a0Milliyet\u00e7i Hareket Partisi (MHP) Genel Ba\u015fkan\u0131 Devlet Bah\u00e7eli, partisinin TBMM Grup Toplant\u0131s\u0131\u2019nda yapt\u0131\u011f\u0131 konu\u015fmada, bar\u0131\u015f s\u00fcreci hedefini yeniden vurgulad\u0131. 27 \u015eubat 2025 tarihli \u00e7a\u011fr\u0131ya dikkat \u00e7eken Bah\u00e7eli, \u201cBu \u00e7a\u011fr\u0131 PKK\u2019y\u0131 ba\u011flad\u0131\u011f\u0131 gibi KCK\u2019y\u0131 da ba\u011flamaktad\u0131r. \u00d6rg\u00fct\u00fcn \u00fcst yap\u0131lanmas\u0131n\u0131n feshi derhal sa\u011flanmal\u0131d\u0131r\u201d dedi. Bah\u00e7eli, kayyum uygulamalar\u0131n\u0131n da yeniden de\u011ferlendirilmesi gerekti\u011fini belirterek, i\u00e7 ve d\u0131\u015f geli\u015fmeler kar\u015f\u0131s\u0131nda [&hellip;]","og_url":"https:\/\/darkamazi.site\/archives\/1036515","og_site_name":"Darka Mazi","article_publisher":"https:\/\/www.facebook.com\/DarkaMaziturkce","article_published_time":"2026-02-24T11:00:21+00:00","og_image":[{"width":900,"height":500,"url":"https:\/\/darkamazi.site\/file\/2026\/02\/Bahceli.jpg","type":"image\/jpeg"}],"author":"darka mazi","twitter_card":"summary_large_image","twitter_creator":"@DarkaMaziTurkce","twitter_site":"@DarkaMaziTurkce","twitter_misc":{"Written by":"darka mazi","Est. reading time":"3 minutes"},"schema":{"@context":"https:\/\/schema.org","@graph":[{"@type":"NewsArticle","@id":"https:\/\/darkamazi.site\/archives\/1036515#article","isPartOf":{"@id":"https:\/\/darkamazi.site\/archives\/1036515"},"author":{"name":"darka mazi","@id":"https:\/\/darkamazi.site\/#\/schema\/person\/67986a95ac546c16760365877ef4a9d3"},"headline":"Devlet Bah\u00e7eli&#8217;den KCK&#8217;i\u00e7in \u00e7a\u011fr\u0131: \u00a0\u201c27 \u015eubat \u00e7a\u011fr\u0131s\u0131 KCK\u2019y\u0131 da ba\u011flar, kendini feshetmelidir\u201d","datePublished":"2026-02-24T11:00:21+00:00","mainEntityOfPage":{"@id":"https:\/\/darkamazi.site\/archives\/1036515"},"wordCount":771,"publisher":{"@id":"https:\/\/darkamazi.site\/#organization"},"image":{"@id":"https:\/\/darkamazi.site\/archives\/1036515#primaryimage"},"thumbnailUrl":"https:\/\/darkamazi.site\/file\/2026\/02\/Bahceli.jpg","keywords":["\u00f6nemli"],"articleSection":["Kurdistan"],"inLanguage":"en-US"},{"@type":"WebPage","@id":"https:\/\/darkamazi.site\/archives\/1036515","url":"https:\/\/darkamazi.site\/archives\/1036515","name":"Devlet Bah\u00e7eli'den KCK'i\u00e7in \u00e7a\u011fr\u0131: \u00a0\u201c27 \u015eubat \u00e7a\u011fr\u0131s\u0131 KCK\u2019y\u0131 da ba\u011flar, kendini feshetmelidir\u201d - Darka Mazi","isPartOf":{"@id":"https:\/\/darkamazi.site\/#website"},"primaryImageOfPage":{"@id":"https:\/\/darkamazi.site\/archives\/1036515#primaryimage"},"image":{"@id":"https:\/\/darkamazi.site\/archives\/1036515#primaryimage"},"thumbnailUrl":"https:\/\/darkamazi.site\/file\/2026\/02\/Bahceli.jpg","datePublished":"2026-02-24T11:00:21+00:00","breadcrumb":{"@id":"https:\/\/darkamazi.site\/archives\/1036515#breadcrumb"},"inLanguage":"en-US","potentialAction":[{"@type":"ReadAction","target":["https:\/\/darkamazi.site\/archives\/1036515"]}]},{"@type":"ImageObject","inLanguage":"en-US","@id":"https:\/\/darkamazi.site\/archives\/1036515#primaryimage","url":"https:\/\/darkamazi.site\/file\/2026\/02\/Bahceli.jpg","contentUrl":"https:\/\/darkamazi.site\/file\/2026\/02\/Bahceli.jpg","width":900,"height":500,"caption":"Devlet Bah\u00e7eli'den KCK'i\u00e7in \u00e7a\u011fr\u0131: \u00a0\u201c27 \u015eubat \u00e7a\u011fr\u0131s\u0131 KCK\u2019y\u0131 da ba\u011flar, kendini feshetmelidir\u201d"},{"@type":"BreadcrumbList","@id":"https:\/\/darkamazi.site\/archives\/1036515#breadcrumb","itemListElement":[{"@type":"ListItem","position":1,"name":"Home","item":"https:\/\/darkamazi.site\/"},{"@type":"ListItem","position":2,"name":"Devlet Bah\u00e7eli&#8217;den KCK&#8217;i\u00e7in \u00e7a\u011fr\u0131: \u00a0\u201c27 \u015eubat \u00e7a\u011fr\u0131s\u0131 KCK\u2019y\u0131 da ba\u011flar, kendini feshetmelidir\u201d"}]},{"@type":"WebSite","@id":"https:\/\/darkamazi.site\/#website","url":"https:\/\/darkamazi.site\/","name":"Darka Mazi","description":"Ana Sayfa","publisher":{"@id":"https:\/\/darkamazi.site\/#organization"},"potentialAction":[{"@type":"SearchAction","target":{"@type":"EntryPoint","urlTemplate":"https:\/\/darkamazi.site\/?s={search_term_string}"},"query-input":{"@type":"PropertyValueSpecification","valueRequired":true,"valueName":"search_term_string"}}],"inLanguage":"en-US"},{"@type":"Organization","@id":"https:\/\/darkamazi.site\/#organization","name":"Darka Mazi T\u00fcrk\u00e7e","alternateName":"Darka Mazi","url":"https:\/\/darkamazi.site\/","logo":{"@type":"ImageObject","inLanguage":"en-US","@id":"https:\/\/darkamazi.site\/#\/schema\/logo\/image\/","url":"https:\/\/darkamazi.site\/file\/2017\/12\/darka-mazi-logo.png","contentUrl":"https:\/\/darkamazi.site\/file\/2017\/12\/darka-mazi-logo.png","width":151,"height":75,"caption":"Darka Mazi T\u00fcrk\u00e7e"},"image":{"@id":"https:\/\/darkamazi.site\/#\/schema\/logo\/image\/"},"sameAs":["https:\/\/www.facebook.com\/DarkaMaziturkce","https:\/\/x.com\/DarkaMaziTurkce"]},{"@type":"Person","@id":"https:\/\/darkamazi.site\/#\/schema\/person\/67986a95ac546c16760365877ef4a9d3","name":"darka mazi","sameAs":["https:\/\/darkamazi.site"],"url":"https:\/\/darkamazi.site\/archives\/author\/turkish"}]}},"_links":{"self":[{"href":"https:\/\/darkamazi.site\/funavuv\/wp\/v2\/posts\/1036515","targetHints":{"allow":["GET"]}}],"collection":[{"href":"https:\/\/darkamazi.site\/funavuv\/wp\/v2\/posts"}],"about":[{"href":"https:\/\/darkamazi.site\/funavuv\/wp\/v2\/types\/post"}],"author":[{"embeddable":true,"href":"https:\/\/darkamazi.site\/funavuv\/wp\/v2\/users\/2"}],"replies":[{"embeddable":true,"href":"https:\/\/darkamazi.site\/funavuv\/wp\/v2\/comments?post=1036515"}],"version-history":[{"count":0,"href":"https:\/\/darkamazi.site\/funavuv\/wp\/v2\/posts\/1036515\/revisions"}],"wp:featuredmedia":[{"embeddable":true,"href":"https:\/\/darkamazi.site\/funavuv\/wp\/v2\/media\/1036516"}],"wp:attachment":[{"href":"https:\/\/darkamazi.site\/funavuv\/wp\/v2\/media?parent=1036515"}],"wp:term":[{"taxonomy":"category","embeddable":true,"href":"https:\/\/darkamazi.site\/funavuv\/wp\/v2\/categories?post=1036515"},{"taxonomy":"post_tag","embeddable":true,"href":"https:\/\/darkamazi.site\/funavuv\/wp\/v2\/tags?post=1036515"}],"curies":[{"name":"wp","href":"https:\/\/api.w.org\/{rel}","templated":true}]}}