{"id":1036518,"date":"2026-02-24T14:15:11","date_gmt":"2026-02-24T11:15:11","guid":{"rendered":"https:\/\/darkamazi.site\/?p=1036518"},"modified":"2026-02-24T14:15:11","modified_gmt":"2026-02-24T11:15:11","slug":"tom-barrack-baskan-barzani-efsanevi-bir-lider-ve-essiz-bir-bilgelige-sahip","status":"publish","type":"post","link":"https:\/\/darkamazi.site\/archives\/1036518","title":{"rendered":"Tom Barrack: Ba\u015fkan Barzani efsanevi bir lider ve e\u015fsiz bir bilgeli\u011fe sahip"},"content":{"rendered":"<p style=\"text-align: justify\">ABD\u2019nin Suriye \u00d6zel Temsilcisi Tom Barrack, Ba\u015fkan Mesud Barzani ile ger\u00e7ekle\u015ftirdi\u011fi g\u00f6r\u00fc\u015fmenin ard\u0131ndan yapt\u0131\u011f\u0131 payla\u015f\u0131mda, Barzani\u2019nin bilgeli\u011fine ve liderli\u011fine vurgu yapt\u0131.<\/p>\n<p style=\"text-align: justify\">ABD\u2019nin Suriye \u00d6zel Temsilcisi Tom Barrack, Ba\u015fkan Mesud Barzani ile yapt\u0131\u011f\u0131 g\u00f6r\u00fc\u015fmeye ili\u015fkin sosyal medya hesab\u0131 X \u00fczerinden bir payla\u015f\u0131mda bulundu.<\/p>\n<p style=\"text-align: justify\">G\u00f6r\u00fc\u015fmeye dair foto\u011fraf\u0131 al\u0131nt\u0131layan (retweet) Barrack, payla\u015f\u0131m\u0131na, &#8220;Efsanevi bir liderden e\u015fsiz bir bilgelik.&#8221; notu d\u00fc\u015ft\u00fc.<\/p>\n<p style=\"text-align: justify\">Irak\u2019taki temaslar\u0131n\u0131n ard\u0131ndan 23 \u015eubat 2026 Pazartesi g\u00fcn\u00fc Erbil\u2019e gelen Tom Barrack, Pirmam\u2019da Ba\u015fkan Mesud Barzani taraf\u0131ndan kabul edildi. K\u00fcrdistan B\u00f6lgesi Ba\u015fbakan\u0131 Mesrur Barzani\u2019nin de haz\u0131r bulundu\u011fu g\u00f6r\u00fc\u015fmede, Suriye ve Irak\u2019taki son geli\u015fmeler masaya yat\u0131r\u0131ld\u0131.<\/p>\n<p style=\"text-align: justify\">G\u00f6r\u00fc\u015fmede Tom Barrack, Ba\u015fkan Barzani ile bir araya gelmekten duydu\u011fu memnuniyeti dile getirerek, Barzani\u2019nin b\u00f6lgedeki \u015fiddetin yay\u0131lmas\u0131n\u0131 \u00f6nlemedeki rol\u00fcne dikkat \u00e7ekti.<\/p>\n<p style=\"text-align: justify\">Barrack, \u00f6zellikle Suriye\u2019deki gerilimin d\u00fc\u015f\u00fcr\u00fclmesi ve Suriye H\u00fck\u00fcmeti ile Suriye Demokratik G\u00fc\u00e7leri (SDG) aras\u0131ndaki anla\u015fman\u0131n sa\u011flanmas\u0131, konular\u0131nda Ba\u015fkan Barzani\u2019nin harcad\u0131\u011f\u0131 \u00e7abalar\u0131 takdirle kar\u015f\u0131lad\u0131klar\u0131n\u0131 belirtti.<\/p>\n<p style=\"text-align: justify\">Irak\u2019taki mevcut krizlerin \u00e7\u00f6z\u00fcm\u00fc i\u00e7in de Ba\u015fkan Barzani\u2019nin hikmet ve rehberli\u011finin \u00f6nemine vurgu yapan Barrack, Irak\u2019\u0131n egemenli\u011finin korunmas\u0131n\u0131n \u00fclkesi i\u00e7in stratejik bir \u00f6ncelik oldu\u011funu ifade etti.<\/p>\n<p style=\"text-align: justify\">Barrack, ABD\u2019nin hem Irak hem de K\u00fcrdistan B\u00f6lgesi ile olan ortakl\u0131\u011f\u0131n\u0131 ve g\u00fc\u00e7l\u00fc ili\u015fkilerini s\u00fcrd\u00fcrme kararl\u0131l\u0131\u011f\u0131n\u0131 yineledi.<\/p>\n","protected":false},"excerpt":{"rendered":"<p>ABD\u2019nin Suriye \u00d6zel Temsilcisi Tom Barrack, Ba\u015fkan Mesud Barzani ile ger\u00e7ekle\u015ftirdi\u011fi g\u00f6r\u00fc\u015fmenin ard\u0131ndan yapt\u0131\u011f\u0131 payla\u015f\u0131mda, Barzani\u2019nin bilgeli\u011fine ve liderli\u011fine vurgu yapt\u0131. ABD\u2019nin Suriye \u00d6zel Temsilcisi Tom Barrack, Ba\u015fkan Mesud Barzani ile yapt\u0131\u011f\u0131 g\u00f6r\u00fc\u015fmeye ili\u015fkin sosyal medya hesab\u0131 X \u00fczerinden bir payla\u015f\u0131mda bulundu. G\u00f6r\u00fc\u015fmeye dair foto\u011fraf\u0131 al\u0131nt\u0131layan (retweet) Barrack, payla\u015f\u0131m\u0131na, &#8220;Efsanevi bir liderden e\u015fsiz bir bilgelik.&#8221; [&hellip;]<\/p>\n","protected":false},"author":2,"featured_media":1036519,"comment_status":"closed","ping_status":"closed","sticky":false,"template":"","format":"standard","meta":{"footnotes":""},"categories":[3],"tags":[31],"class_list":["post-1036518","post","type-post","status-publish","format-standard","has-post-thumbnail","hentry","category-kurdistan","tag-onemli"],"blocksy_meta":[],"seo_head":"<!-- This site is optimized with the Yoast SEO plugin v27.5 - https:\/\/yoast.com\/product\/yoast-seo-wordpress\/ -->\n<title>Tom Barrack: Ba\u015fkan Barzani efsanevi bir lider ve e\u015fsiz bir bilgeli\u011fe sahip - Darka Mazi<\/title>\n<meta name=\"robots\" content=\"index, follow, max-snippet:-1, max-image-preview:large, max-video-preview:-1\" \/>\n<link rel=\"canonical\" href=\"https:\/\/darkamazi.site\/archives\/1036518\" \/>\n<meta property=\"og:locale\" content=\"en_US\" \/>\n<meta property=\"og:type\" content=\"article\" \/>\n<meta property=\"og:title\" content=\"Tom Barrack: Ba\u015fkan Barzani efsanevi bir lider ve e\u015fsiz bir bilgeli\u011fe sahip - Darka Mazi\" \/>\n<meta property=\"og:description\" content=\"ABD\u2019nin Suriye \u00d6zel Temsilcisi Tom Barrack, Ba\u015fkan Mesud Barzani ile ger\u00e7ekle\u015ftirdi\u011fi g\u00f6r\u00fc\u015fmenin ard\u0131ndan yapt\u0131\u011f\u0131 payla\u015f\u0131mda, Barzani\u2019nin bilgeli\u011fine ve liderli\u011fine vurgu yapt\u0131. ABD\u2019nin Suriye \u00d6zel Temsilcisi Tom Barrack, Ba\u015fkan Mesud Barzani ile yapt\u0131\u011f\u0131 g\u00f6r\u00fc\u015fmeye ili\u015fkin sosyal medya hesab\u0131 X \u00fczerinden bir payla\u015f\u0131mda bulundu. G\u00f6r\u00fc\u015fmeye dair foto\u011fraf\u0131 al\u0131nt\u0131layan (retweet) Barrack, payla\u015f\u0131m\u0131na, &#8220;Efsanevi bir liderden e\u015fsiz bir bilgelik.&#8221; [&hellip;]\" \/>\n<meta property=\"og:url\" content=\"https:\/\/darkamazi.site\/archives\/1036518\" \/>\n<meta property=\"og:site_name\" content=\"Darka Mazi\" \/>\n<meta property=\"article:publisher\" content=\"https:\/\/www.facebook.com\/DarkaMaziturkce\" \/>\n<meta property=\"article:published_time\" content=\"2026-02-24T11:15:11+00:00\" \/>\n<meta property=\"og:image\" content=\"https:\/\/darkamazi.site\/file\/2026\/02\/Tom-Barrack-Serok-Barzani-net.jpg\" \/>\n\t<meta property=\"og:image:width\" content=\"900\" \/>\n\t<meta property=\"og:image:height\" content=\"500\" \/>\n\t<meta property=\"og:image:type\" content=\"image\/jpeg\" \/>\n<meta name=\"author\" content=\"darka mazi\" \/>\n<meta name=\"twitter:card\" content=\"summary_large_image\" \/>\n<meta name=\"twitter:creator\" content=\"@DarkaMaziTurkce\" \/>\n<meta name=\"twitter:site\" content=\"@DarkaMaziTurkce\" \/>\n<meta name=\"twitter:label1\" content=\"Written by\" \/>\n\t<meta name=\"twitter:data1\" content=\"darka mazi\" \/>\n\t<meta name=\"twitter:label2\" content=\"Est. reading time\" \/>\n\t<meta name=\"twitter:data2\" content=\"1 minute\" \/>\n<script type=\"application\/ld+json\" class=\"seo-schema-graph\">{\"@context\":\"https:\\\/\\\/schema.org\",\"@graph\":[{\"@type\":\"NewsArticle\",\"@id\":\"https:\\\/\\\/darkamazi.site\\\/archives\\\/1036518#article\",\"isPartOf\":{\"@id\":\"https:\\\/\\\/darkamazi.site\\\/archives\\\/1036518\"},\"author\":{\"name\":\"darka mazi\",\"@id\":\"https:\\\/\\\/darkamazi.site\\\/#\\\/schema\\\/person\\\/67986a95ac546c16760365877ef4a9d3\"},\"headline\":\"Tom Barrack: Ba\u015fkan Barzani efsanevi bir lider ve e\u015fsiz bir bilgeli\u011fe sahip\",\"datePublished\":\"2026-02-24T11:15:11+00:00\",\"mainEntityOfPage\":{\"@id\":\"https:\\\/\\\/darkamazi.site\\\/archives\\\/1036518\"},\"wordCount\":288,\"publisher\":{\"@id\":\"https:\\\/\\\/darkamazi.site\\\/#organization\"},\"image\":{\"@id\":\"https:\\\/\\\/darkamazi.site\\\/archives\\\/1036518#primaryimage\"},\"thumbnailUrl\":\"https:\\\/\\\/darkamazi.site\\\/darka-content\\\/uploads\\\/2026\\\/02\\\/Tom-Barrack-Serok-Barzani-net.jpg\",\"keywords\":[\"\u00f6nemli\"],\"articleSection\":[\"Kurdistan\"],\"inLanguage\":\"en-US\"},{\"@type\":\"WebPage\",\"@id\":\"https:\\\/\\\/darkamazi.site\\\/archives\\\/1036518\",\"url\":\"https:\\\/\\\/darkamazi.site\\\/archives\\\/1036518\",\"name\":\"Tom Barrack: Ba\u015fkan Barzani efsanevi bir lider ve e\u015fsiz bir bilgeli\u011fe sahip - Darka Mazi\",\"isPartOf\":{\"@id\":\"https:\\\/\\\/darkamazi.site\\\/#website\"},\"primaryImageOfPage\":{\"@id\":\"https:\\\/\\\/darkamazi.site\\\/archives\\\/1036518#primaryimage\"},\"image\":{\"@id\":\"https:\\\/\\\/darkamazi.site\\\/archives\\\/1036518#primaryimage\"},\"thumbnailUrl\":\"https:\\\/\\\/darkamazi.site\\\/darka-content\\\/uploads\\\/2026\\\/02\\\/Tom-Barrack-Serok-Barzani-net.jpg\",\"datePublished\":\"2026-02-24T11:15:11+00:00\",\"breadcrumb\":{\"@id\":\"https:\\\/\\\/darkamazi.site\\\/archives\\\/1036518#breadcrumb\"},\"inLanguage\":\"en-US\",\"potentialAction\":[{\"@type\":\"ReadAction\",\"target\":[\"https:\\\/\\\/darkamazi.site\\\/archives\\\/1036518\"]}]},{\"@type\":\"ImageObject\",\"inLanguage\":\"en-US\",\"@id\":\"https:\\\/\\\/darkamazi.site\\\/archives\\\/1036518#primaryimage\",\"url\":\"https:\\\/\\\/darkamazi.site\\\/darka-content\\\/uploads\\\/2026\\\/02\\\/Tom-Barrack-Serok-Barzani-net.jpg\",\"contentUrl\":\"https:\\\/\\\/darkamazi.site\\\/darka-content\\\/uploads\\\/2026\\\/02\\\/Tom-Barrack-Serok-Barzani-net.jpg\",\"width\":900,\"height\":500,\"caption\":\"Tom Barrack: Ba\u015fkan Barzani efsanevi bir lider ve e\u015fsiz bir bilgeli\u011fe sahip\"},{\"@type\":\"BreadcrumbList\",\"@id\":\"https:\\\/\\\/darkamazi.site\\\/archives\\\/1036518#breadcrumb\",\"itemListElement\":[{\"@type\":\"ListItem\",\"position\":1,\"name\":\"Home\",\"item\":\"https:\\\/\\\/darkamazi.site\\\/\"},{\"@type\":\"ListItem\",\"position\":2,\"name\":\"Tom Barrack: Ba\u015fkan Barzani efsanevi bir lider ve e\u015fsiz bir bilgeli\u011fe sahip\"}]},{\"@type\":\"WebSite\",\"@id\":\"https:\\\/\\\/darkamazi.site\\\/#website\",\"url\":\"https:\\\/\\\/darkamazi.site\\\/\",\"name\":\"Darka Mazi\",\"description\":\"Ana Sayfa\",\"publisher\":{\"@id\":\"https:\\\/\\\/darkamazi.site\\\/#organization\"},\"potentialAction\":[{\"@type\":\"SearchAction\",\"target\":{\"@type\":\"EntryPoint\",\"urlTemplate\":\"https:\\\/\\\/darkamazi.site\\\/?s={search_term_string}\"},\"query-input\":{\"@type\":\"PropertyValueSpecification\",\"valueRequired\":true,\"valueName\":\"search_term_string\"}}],\"inLanguage\":\"en-US\"},{\"@type\":\"Organization\",\"@id\":\"https:\\\/\\\/darkamazi.site\\\/#organization\",\"name\":\"Darka Mazi T\u00fcrk\u00e7e\",\"alternateName\":\"Darka Mazi\",\"url\":\"https:\\\/\\\/darkamazi.site\\\/\",\"logo\":{\"@type\":\"ImageObject\",\"inLanguage\":\"en-US\",\"@id\":\"https:\\\/\\\/darkamazi.site\\\/#\\\/schema\\\/logo\\\/image\\\/\",\"url\":\"https:\\\/\\\/darkamazi.site\\\/darka-content\\\/uploads\\\/2017\\\/12\\\/darka-mazi-logo.png\",\"contentUrl\":\"https:\\\/\\\/darkamazi.site\\\/darka-content\\\/uploads\\\/2017\\\/12\\\/darka-mazi-logo.png\",\"width\":151,\"height\":75,\"caption\":\"Darka Mazi T\u00fcrk\u00e7e\"},\"image\":{\"@id\":\"https:\\\/\\\/darkamazi.site\\\/#\\\/schema\\\/logo\\\/image\\\/\"},\"sameAs\":[\"https:\\\/\\\/www.facebook.com\\\/DarkaMaziturkce\",\"https:\\\/\\\/x.com\\\/DarkaMaziTurkce\"]},{\"@type\":\"Person\",\"@id\":\"https:\\\/\\\/darkamazi.site\\\/#\\\/schema\\\/person\\\/67986a95ac546c16760365877ef4a9d3\",\"name\":\"darka mazi\",\"sameAs\":[\"https:\\\/\\\/darkamazi.site\"],\"url\":\"https:\\\/\\\/darkamazi.site\\\/archives\\\/author\\\/turkish\"}]}<\/script>\n<!-- \/ Yoast SEO plugin. -->","seo_head_json":{"title":"Tom Barrack: Ba\u015fkan Barzani efsanevi bir lider ve e\u015fsiz bir bilgeli\u011fe sahip - Darka Mazi","robots":{"index":"index","follow":"follow","max-snippet":"max-snippet:-1","max-image-preview":"max-image-preview:large","max-video-preview":"max-video-preview:-1"},"canonical":"https:\/\/darkamazi.site\/archives\/1036518","og_locale":"en_US","og_type":"article","og_title":"Tom Barrack: Ba\u015fkan Barzani efsanevi bir lider ve e\u015fsiz bir bilgeli\u011fe sahip - Darka Mazi","og_description":"ABD\u2019nin Suriye \u00d6zel Temsilcisi Tom Barrack, Ba\u015fkan Mesud Barzani ile ger\u00e7ekle\u015ftirdi\u011fi g\u00f6r\u00fc\u015fmenin ard\u0131ndan yapt\u0131\u011f\u0131 payla\u015f\u0131mda, Barzani\u2019nin bilgeli\u011fine ve liderli\u011fine vurgu yapt\u0131. ABD\u2019nin Suriye \u00d6zel Temsilcisi Tom Barrack, Ba\u015fkan Mesud Barzani ile yapt\u0131\u011f\u0131 g\u00f6r\u00fc\u015fmeye ili\u015fkin sosyal medya hesab\u0131 X \u00fczerinden bir payla\u015f\u0131mda bulundu. G\u00f6r\u00fc\u015fmeye dair foto\u011fraf\u0131 al\u0131nt\u0131layan (retweet) Barrack, payla\u015f\u0131m\u0131na, &#8220;Efsanevi bir liderden e\u015fsiz bir bilgelik.&#8221; [&hellip;]","og_url":"https:\/\/darkamazi.site\/archives\/1036518","og_site_name":"Darka Mazi","article_publisher":"https:\/\/www.facebook.com\/DarkaMaziturkce","article_published_time":"2026-02-24T11:15:11+00:00","og_image":[{"width":900,"height":500,"url":"https:\/\/darkamazi.site\/file\/2026\/02\/Tom-Barrack-Serok-Barzani-net.jpg","type":"image\/jpeg"}],"author":"darka mazi","twitter_card":"summary_large_image","twitter_creator":"@DarkaMaziTurkce","twitter_site":"@DarkaMaziTurkce","twitter_misc":{"Written by":"darka mazi","Est. reading time":"1 minute"},"schema":{"@context":"https:\/\/schema.org","@graph":[{"@type":"NewsArticle","@id":"https:\/\/darkamazi.site\/archives\/1036518#article","isPartOf":{"@id":"https:\/\/darkamazi.site\/archives\/1036518"},"author":{"name":"darka mazi","@id":"https:\/\/darkamazi.site\/#\/schema\/person\/67986a95ac546c16760365877ef4a9d3"},"headline":"Tom Barrack: Ba\u015fkan Barzani efsanevi bir lider ve e\u015fsiz bir bilgeli\u011fe sahip","datePublished":"2026-02-24T11:15:11+00:00","mainEntityOfPage":{"@id":"https:\/\/darkamazi.site\/archives\/1036518"},"wordCount":288,"publisher":{"@id":"https:\/\/darkamazi.site\/#organization"},"image":{"@id":"https:\/\/darkamazi.site\/archives\/1036518#primaryimage"},"thumbnailUrl":"https:\/\/darkamazi.site\/file\/2026\/02\/Tom-Barrack-Serok-Barzani-net.jpg","keywords":["\u00f6nemli"],"articleSection":["Kurdistan"],"inLanguage":"en-US"},{"@type":"WebPage","@id":"https:\/\/darkamazi.site\/archives\/1036518","url":"https:\/\/darkamazi.site\/archives\/1036518","name":"Tom Barrack: Ba\u015fkan Barzani efsanevi bir lider ve e\u015fsiz bir bilgeli\u011fe sahip - Darka Mazi","isPartOf":{"@id":"https:\/\/darkamazi.site\/#website"},"primaryImageOfPage":{"@id":"https:\/\/darkamazi.site\/archives\/1036518#primaryimage"},"image":{"@id":"https:\/\/darkamazi.site\/archives\/1036518#primaryimage"},"thumbnailUrl":"https:\/\/darkamazi.site\/file\/2026\/02\/Tom-Barrack-Serok-Barzani-net.jpg","datePublished":"2026-02-24T11:15:11+00:00","breadcrumb":{"@id":"https:\/\/darkamazi.site\/archives\/1036518#breadcrumb"},"inLanguage":"en-US","potentialAction":[{"@type":"ReadAction","target":["https:\/\/darkamazi.site\/archives\/1036518"]}]},{"@type":"ImageObject","inLanguage":"en-US","@id":"https:\/\/darkamazi.site\/archives\/1036518#primaryimage","url":"https:\/\/darkamazi.site\/file\/2026\/02\/Tom-Barrack-Serok-Barzani-net.jpg","contentUrl":"https:\/\/darkamazi.site\/file\/2026\/02\/Tom-Barrack-Serok-Barzani-net.jpg","width":900,"height":500,"caption":"Tom Barrack: Ba\u015fkan Barzani efsanevi bir lider ve e\u015fsiz bir bilgeli\u011fe sahip"},{"@type":"BreadcrumbList","@id":"https:\/\/darkamazi.site\/archives\/1036518#breadcrumb","itemListElement":[{"@type":"ListItem","position":1,"name":"Home","item":"https:\/\/darkamazi.site\/"},{"@type":"ListItem","position":2,"name":"Tom Barrack: Ba\u015fkan Barzani efsanevi bir lider ve e\u015fsiz bir bilgeli\u011fe sahip"}]},{"@type":"WebSite","@id":"https:\/\/darkamazi.site\/#website","url":"https:\/\/darkamazi.site\/","name":"Darka Mazi","description":"Ana Sayfa","publisher":{"@id":"https:\/\/darkamazi.site\/#organization"},"potentialAction":[{"@type":"SearchAction","target":{"@type":"EntryPoint","urlTemplate":"https:\/\/darkamazi.site\/?s={search_term_string}"},"query-input":{"@type":"PropertyValueSpecification","valueRequired":true,"valueName":"search_term_string"}}],"inLanguage":"en-US"},{"@type":"Organization","@id":"https:\/\/darkamazi.site\/#organization","name":"Darka Mazi T\u00fcrk\u00e7e","alternateName":"Darka Mazi","url":"https:\/\/darkamazi.site\/","logo":{"@type":"ImageObject","inLanguage":"en-US","@id":"https:\/\/darkamazi.site\/#\/schema\/logo\/image\/","url":"https:\/\/darkamazi.site\/file\/2017\/12\/darka-mazi-logo.png","contentUrl":"https:\/\/darkamazi.site\/file\/2017\/12\/darka-mazi-logo.png","width":151,"height":75,"caption":"Darka Mazi T\u00fcrk\u00e7e"},"image":{"@id":"https:\/\/darkamazi.site\/#\/schema\/logo\/image\/"},"sameAs":["https:\/\/www.facebook.com\/DarkaMaziturkce","https:\/\/x.com\/DarkaMaziTurkce"]},{"@type":"Person","@id":"https:\/\/darkamazi.site\/#\/schema\/person\/67986a95ac546c16760365877ef4a9d3","name":"darka mazi","sameAs":["https:\/\/darkamazi.site"],"url":"https:\/\/darkamazi.site\/archives\/author\/turkish"}]}},"_links":{"self":[{"href":"https:\/\/darkamazi.site\/funavuv\/wp\/v2\/posts\/1036518","targetHints":{"allow":["GET"]}}],"collection":[{"href":"https:\/\/darkamazi.site\/funavuv\/wp\/v2\/posts"}],"about":[{"href":"https:\/\/darkamazi.site\/funavuv\/wp\/v2\/types\/post"}],"author":[{"embeddable":true,"href":"https:\/\/darkamazi.site\/funavuv\/wp\/v2\/users\/2"}],"replies":[{"embeddable":true,"href":"https:\/\/darkamazi.site\/funavuv\/wp\/v2\/comments?post=1036518"}],"version-history":[{"count":0,"href":"https:\/\/darkamazi.site\/funavuv\/wp\/v2\/posts\/1036518\/revisions"}],"wp:featuredmedia":[{"embeddable":true,"href":"https:\/\/darkamazi.site\/funavuv\/wp\/v2\/media\/1036519"}],"wp:attachment":[{"href":"https:\/\/darkamazi.site\/funavuv\/wp\/v2\/media?parent=1036518"}],"wp:term":[{"taxonomy":"category","embeddable":true,"href":"https:\/\/darkamazi.site\/funavuv\/wp\/v2\/categories?post=1036518"},{"taxonomy":"post_tag","embeddable":true,"href":"https:\/\/darkamazi.site\/funavuv\/wp\/v2\/tags?post=1036518"}],"curies":[{"name":"wp","href":"https:\/\/api.w.org\/{rel}","templated":true}]}}