{"id":1036525,"date":"2026-02-25T14:03:34","date_gmt":"2026-02-25T11:03:34","guid":{"rendered":"https:\/\/darkamazi.site\/?p=1036525"},"modified":"2026-02-25T14:03:34","modified_gmt":"2026-02-25T11:03:34","slug":"iran-devleti-2-kurt-gencine-verilen-idam-cezasini-onayladi","status":"publish","type":"post","link":"https:\/\/darkamazi.site\/archives\/1036525","title":{"rendered":"\u0130ran devleti 2 K\u00fcrt gencine verilen idam cezas\u0131n\u0131 onaylad\u0131"},"content":{"rendered":"<p style=\"text-align: justify\">\u00a0\u0130ran Y\u00fcksek Mahkemesi, 2022\u2019de Jin, Jiyan, Azadi protestolar\u0131n\u0131n ard\u0131ndan tutuklanan Rojh\u0131lat\u2019\u0131n Bukan kentinden 2 K\u00fcrt tutuklu\u00a0\u00a0hakk\u0131nda Mahabad Devrim Mahkemesi taraf\u0131ndan verilen idam karar\u0131n\u0131 onad\u0131<\/p>\n<p style=\"text-align: justify\">Rojh\u0131lat merkezli insan haklar\u0131 \u00f6rg\u00fctleri, s\u00f6z konusu iki gencin idam cezas\u0131n\u0131n \u0130ran Y\u00fcksek Mahkemesi taraf\u0131ndan onayland\u0131\u011f\u0131n\u0131 duyurdu.<\/p>\n<p style=\"text-align: justify\">Edinilen bilgilere g\u00f6re, \u015fu anda Bukan Merkez Cezaevi&#8217;nde tutulan Reuf \u015eeyh Marufi ve Muhammed Fereci&#8217;ye karar, 24 \u015eubat 2026 Sal\u0131 g\u00fcn\u00fc tebli\u011f edildi.<\/p>\n<p style=\"text-align: justify\">23 ya\u015f\u0131ndaki Reuf 26 Aral\u0131k 2022 tarihinde, 24 ya\u015f\u0131ndaki Muhammed ise 21 \u015eubat 2023 tarihinde Jina Emini\u2019nin \u0130ran devleti taraf\u0131ndan \u00f6ld\u00fcr\u00fclmesinden sonra ba\u015fta K\u00fcrdistan olmak \u00fczere t\u00fcm \u0130ran&#8217;a yay\u0131lan ba\u015fkald\u0131r\u0131 eylemlerine kat\u0131ld\u0131klar\u0131 gerek\u00e7esiyle tutuklanm\u0131\u015f ve bu y\u0131l\u0131n sonbahar\u0131nda ayr\u0131 ayr\u0131 hakim kar\u015f\u0131s\u0131na \u00e7\u0131kar\u0131lm\u0131\u015flard\u0131.<\/p>\n<p style=\"text-align: justify\">Mahabad Devrim Mahkemesi 1. \u015eubesi, bu iki gence &#8220;Muharebe&#8221; (Allah&#8217;a kar\u015f\u0131 sava\u015f a\u00e7mak) ve &#8220;Yery\u00fcz\u00fcnde fesat \u00e7\u0131karmak&#8221; su\u00e7lamalar\u0131yla idam cezas\u0131 verdi.<\/p>\n<p style=\"text-align: justify\">\u0130ran, d\u00fcnyada her y\u0131l en fazla idam cezas\u0131n\u0131n infaz edildi\u011fi \u00fclkelerden biri konumunda.<\/p>\n<p style=\"text-align: justify\">Uluslararas\u0131 Af \u00d6rg\u00fct\u00fc&#8217;n\u00fcn de aralar\u0131nda bulundu\u011fu insan haklar\u0131 savunucusu \u00f6rg\u00fctler, \u0130ran&#8217;\u0131n \u00c7in&#8217;den sonra en fazla idam cezas\u0131n\u0131n uyguland\u0131\u011f\u0131 ikinci \u00fclke oldu\u011funu belirtiyor.<\/p>\n<p style=\"text-align: justify\">\u0130ran \u0130nsan Haklar\u0131 \u00d6rg\u00fct\u00fc HRANA&#8217;ya g\u00f6re, 2025 y\u0131l\u0131n\u0131n ba\u015f\u0131ndan sonuna kadar \u0130ran&#8217;da farkl\u0131 su\u00e7lamalarla 1.922 ki\u015fi idam edildi.<\/p>\n","protected":false},"excerpt":{"rendered":"<p>\u00a0\u0130ran Y\u00fcksek Mahkemesi, 2022\u2019de Jin, Jiyan, Azadi protestolar\u0131n\u0131n ard\u0131ndan tutuklanan Rojh\u0131lat\u2019\u0131n Bukan kentinden 2 K\u00fcrt tutuklu\u00a0\u00a0hakk\u0131nda Mahabad Devrim Mahkemesi taraf\u0131ndan verilen idam karar\u0131n\u0131 onad\u0131 Rojh\u0131lat merkezli insan haklar\u0131 \u00f6rg\u00fctleri, s\u00f6z konusu iki gencin idam cezas\u0131n\u0131n \u0130ran Y\u00fcksek Mahkemesi taraf\u0131ndan onayland\u0131\u011f\u0131n\u0131 duyurdu. Edinilen bilgilere g\u00f6re, \u015fu anda Bukan Merkez Cezaevi&#8217;nde tutulan Reuf \u015eeyh Marufi ve Muhammed [&hellip;]<\/p>\n","protected":false},"author":2,"featured_media":1036526,"comment_status":"closed","ping_status":"closed","sticky":false,"template":"","format":"standard","meta":{"footnotes":""},"categories":[3],"tags":[31],"class_list":["post-1036525","post","type-post","status-publish","format-standard","has-post-thumbnail","hentry","category-kurdistan","tag-onemli"],"blocksy_meta":[],"seo_head":"<!-- This site is optimized with the Yoast SEO plugin v27.5 - https:\/\/yoast.com\/product\/yoast-seo-wordpress\/ -->\n<title>\u0130ran devleti 2 K\u00fcrt gencine verilen idam cezas\u0131n\u0131 onaylad\u0131 - Darka Mazi<\/title>\n<meta name=\"robots\" content=\"index, follow, max-snippet:-1, max-image-preview:large, max-video-preview:-1\" \/>\n<link rel=\"canonical\" href=\"https:\/\/darkamazi.site\/archives\/1036525\" \/>\n<meta property=\"og:locale\" content=\"en_US\" \/>\n<meta property=\"og:type\" content=\"article\" \/>\n<meta property=\"og:title\" content=\"\u0130ran devleti 2 K\u00fcrt gencine verilen idam cezas\u0131n\u0131 onaylad\u0131 - Darka Mazi\" \/>\n<meta property=\"og:description\" content=\"\u00a0\u0130ran Y\u00fcksek Mahkemesi, 2022\u2019de Jin, Jiyan, Azadi protestolar\u0131n\u0131n ard\u0131ndan tutuklanan Rojh\u0131lat\u2019\u0131n Bukan kentinden 2 K\u00fcrt tutuklu\u00a0\u00a0hakk\u0131nda Mahabad Devrim Mahkemesi taraf\u0131ndan verilen idam karar\u0131n\u0131 onad\u0131 Rojh\u0131lat merkezli insan haklar\u0131 \u00f6rg\u00fctleri, s\u00f6z konusu iki gencin idam cezas\u0131n\u0131n \u0130ran Y\u00fcksek Mahkemesi taraf\u0131ndan onayland\u0131\u011f\u0131n\u0131 duyurdu. Edinilen bilgilere g\u00f6re, \u015fu anda Bukan Merkez Cezaevi&#8217;nde tutulan Reuf \u015eeyh Marufi ve Muhammed [&hellip;]\" \/>\n<meta property=\"og:url\" content=\"https:\/\/darkamazi.site\/archives\/1036525\" \/>\n<meta property=\"og:site_name\" content=\"Darka Mazi\" \/>\n<meta property=\"article:publisher\" content=\"https:\/\/www.facebook.com\/DarkaMaziturkce\" \/>\n<meta property=\"article:published_time\" content=\"2026-02-25T11:03:34+00:00\" \/>\n<meta property=\"og:image\" content=\"https:\/\/darkamazi.site\/file\/2026\/02\/iran-idam-cezasi.jpg\" \/>\n\t<meta property=\"og:image:width\" content=\"900\" \/>\n\t<meta property=\"og:image:height\" content=\"500\" \/>\n\t<meta property=\"og:image:type\" content=\"image\/jpeg\" \/>\n<meta name=\"author\" content=\"darka mazi\" \/>\n<meta name=\"twitter:card\" content=\"summary_large_image\" \/>\n<meta name=\"twitter:creator\" content=\"@DarkaMaziTurkce\" \/>\n<meta name=\"twitter:site\" content=\"@DarkaMaziTurkce\" \/>\n<meta name=\"twitter:label1\" content=\"Written by\" \/>\n\t<meta name=\"twitter:data1\" content=\"darka mazi\" \/>\n\t<meta name=\"twitter:label2\" content=\"Est. reading time\" \/>\n\t<meta name=\"twitter:data2\" content=\"1 minute\" \/>\n<script type=\"application\/ld+json\" class=\"seo-schema-graph\">{\"@context\":\"https:\\\/\\\/schema.org\",\"@graph\":[{\"@type\":\"NewsArticle\",\"@id\":\"https:\\\/\\\/darkamazi.site\\\/archives\\\/1036525#article\",\"isPartOf\":{\"@id\":\"https:\\\/\\\/darkamazi.site\\\/archives\\\/1036525\"},\"author\":{\"name\":\"darka mazi\",\"@id\":\"https:\\\/\\\/darkamazi.site\\\/#\\\/schema\\\/person\\\/67986a95ac546c16760365877ef4a9d3\"},\"headline\":\"\u0130ran devleti 2 K\u00fcrt gencine verilen idam cezas\u0131n\u0131 onaylad\u0131\",\"datePublished\":\"2026-02-25T11:03:34+00:00\",\"mainEntityOfPage\":{\"@id\":\"https:\\\/\\\/darkamazi.site\\\/archives\\\/1036525\"},\"wordCount\":258,\"publisher\":{\"@id\":\"https:\\\/\\\/darkamazi.site\\\/#organization\"},\"image\":{\"@id\":\"https:\\\/\\\/darkamazi.site\\\/archives\\\/1036525#primaryimage\"},\"thumbnailUrl\":\"https:\\\/\\\/darkamazi.site\\\/darka-content\\\/uploads\\\/2026\\\/02\\\/iran-idam-cezasi.jpg\",\"keywords\":[\"\u00f6nemli\"],\"articleSection\":[\"Kurdistan\"],\"inLanguage\":\"en-US\"},{\"@type\":\"WebPage\",\"@id\":\"https:\\\/\\\/darkamazi.site\\\/archives\\\/1036525\",\"url\":\"https:\\\/\\\/darkamazi.site\\\/archives\\\/1036525\",\"name\":\"\u0130ran devleti 2 K\u00fcrt gencine verilen idam cezas\u0131n\u0131 onaylad\u0131 - Darka Mazi\",\"isPartOf\":{\"@id\":\"https:\\\/\\\/darkamazi.site\\\/#website\"},\"primaryImageOfPage\":{\"@id\":\"https:\\\/\\\/darkamazi.site\\\/archives\\\/1036525#primaryimage\"},\"image\":{\"@id\":\"https:\\\/\\\/darkamazi.site\\\/archives\\\/1036525#primaryimage\"},\"thumbnailUrl\":\"https:\\\/\\\/darkamazi.site\\\/darka-content\\\/uploads\\\/2026\\\/02\\\/iran-idam-cezasi.jpg\",\"datePublished\":\"2026-02-25T11:03:34+00:00\",\"breadcrumb\":{\"@id\":\"https:\\\/\\\/darkamazi.site\\\/archives\\\/1036525#breadcrumb\"},\"inLanguage\":\"en-US\",\"potentialAction\":[{\"@type\":\"ReadAction\",\"target\":[\"https:\\\/\\\/darkamazi.site\\\/archives\\\/1036525\"]}]},{\"@type\":\"ImageObject\",\"inLanguage\":\"en-US\",\"@id\":\"https:\\\/\\\/darkamazi.site\\\/archives\\\/1036525#primaryimage\",\"url\":\"https:\\\/\\\/darkamazi.site\\\/darka-content\\\/uploads\\\/2026\\\/02\\\/iran-idam-cezasi.jpg\",\"contentUrl\":\"https:\\\/\\\/darkamazi.site\\\/darka-content\\\/uploads\\\/2026\\\/02\\\/iran-idam-cezasi.jpg\",\"width\":900,\"height\":500,\"caption\":\"\u0130ran devleti 2 K\u00fcrt gencine verilen idam cezas\u0131n\u0131 onaylad\u0131\"},{\"@type\":\"BreadcrumbList\",\"@id\":\"https:\\\/\\\/darkamazi.site\\\/archives\\\/1036525#breadcrumb\",\"itemListElement\":[{\"@type\":\"ListItem\",\"position\":1,\"name\":\"Home\",\"item\":\"https:\\\/\\\/darkamazi.site\\\/\"},{\"@type\":\"ListItem\",\"position\":2,\"name\":\"\u0130ran devleti 2 K\u00fcrt gencine verilen idam cezas\u0131n\u0131 onaylad\u0131\"}]},{\"@type\":\"WebSite\",\"@id\":\"https:\\\/\\\/darkamazi.site\\\/#website\",\"url\":\"https:\\\/\\\/darkamazi.site\\\/\",\"name\":\"Darka Mazi\",\"description\":\"Ana Sayfa\",\"publisher\":{\"@id\":\"https:\\\/\\\/darkamazi.site\\\/#organization\"},\"potentialAction\":[{\"@type\":\"SearchAction\",\"target\":{\"@type\":\"EntryPoint\",\"urlTemplate\":\"https:\\\/\\\/darkamazi.site\\\/?s={search_term_string}\"},\"query-input\":{\"@type\":\"PropertyValueSpecification\",\"valueRequired\":true,\"valueName\":\"search_term_string\"}}],\"inLanguage\":\"en-US\"},{\"@type\":\"Organization\",\"@id\":\"https:\\\/\\\/darkamazi.site\\\/#organization\",\"name\":\"Darka Mazi T\u00fcrk\u00e7e\",\"alternateName\":\"Darka Mazi\",\"url\":\"https:\\\/\\\/darkamazi.site\\\/\",\"logo\":{\"@type\":\"ImageObject\",\"inLanguage\":\"en-US\",\"@id\":\"https:\\\/\\\/darkamazi.site\\\/#\\\/schema\\\/logo\\\/image\\\/\",\"url\":\"https:\\\/\\\/darkamazi.site\\\/darka-content\\\/uploads\\\/2017\\\/12\\\/darka-mazi-logo.png\",\"contentUrl\":\"https:\\\/\\\/darkamazi.site\\\/darka-content\\\/uploads\\\/2017\\\/12\\\/darka-mazi-logo.png\",\"width\":151,\"height\":75,\"caption\":\"Darka Mazi T\u00fcrk\u00e7e\"},\"image\":{\"@id\":\"https:\\\/\\\/darkamazi.site\\\/#\\\/schema\\\/logo\\\/image\\\/\"},\"sameAs\":[\"https:\\\/\\\/www.facebook.com\\\/DarkaMaziturkce\",\"https:\\\/\\\/x.com\\\/DarkaMaziTurkce\"]},{\"@type\":\"Person\",\"@id\":\"https:\\\/\\\/darkamazi.site\\\/#\\\/schema\\\/person\\\/67986a95ac546c16760365877ef4a9d3\",\"name\":\"darka mazi\",\"sameAs\":[\"https:\\\/\\\/darkamazi.site\"],\"url\":\"https:\\\/\\\/darkamazi.site\\\/archives\\\/author\\\/turkish\"}]}<\/script>\n<!-- \/ Yoast SEO plugin. -->","seo_head_json":{"title":"\u0130ran devleti 2 K\u00fcrt gencine verilen idam cezas\u0131n\u0131 onaylad\u0131 - Darka Mazi","robots":{"index":"index","follow":"follow","max-snippet":"max-snippet:-1","max-image-preview":"max-image-preview:large","max-video-preview":"max-video-preview:-1"},"canonical":"https:\/\/darkamazi.site\/archives\/1036525","og_locale":"en_US","og_type":"article","og_title":"\u0130ran devleti 2 K\u00fcrt gencine verilen idam cezas\u0131n\u0131 onaylad\u0131 - Darka Mazi","og_description":"\u00a0\u0130ran Y\u00fcksek Mahkemesi, 2022\u2019de Jin, Jiyan, Azadi protestolar\u0131n\u0131n ard\u0131ndan tutuklanan Rojh\u0131lat\u2019\u0131n Bukan kentinden 2 K\u00fcrt tutuklu\u00a0\u00a0hakk\u0131nda Mahabad Devrim Mahkemesi taraf\u0131ndan verilen idam karar\u0131n\u0131 onad\u0131 Rojh\u0131lat merkezli insan haklar\u0131 \u00f6rg\u00fctleri, s\u00f6z konusu iki gencin idam cezas\u0131n\u0131n \u0130ran Y\u00fcksek Mahkemesi taraf\u0131ndan onayland\u0131\u011f\u0131n\u0131 duyurdu. Edinilen bilgilere g\u00f6re, \u015fu anda Bukan Merkez Cezaevi&#8217;nde tutulan Reuf \u015eeyh Marufi ve Muhammed [&hellip;]","og_url":"https:\/\/darkamazi.site\/archives\/1036525","og_site_name":"Darka Mazi","article_publisher":"https:\/\/www.facebook.com\/DarkaMaziturkce","article_published_time":"2026-02-25T11:03:34+00:00","og_image":[{"width":900,"height":500,"url":"https:\/\/darkamazi.site\/file\/2026\/02\/iran-idam-cezasi.jpg","type":"image\/jpeg"}],"author":"darka mazi","twitter_card":"summary_large_image","twitter_creator":"@DarkaMaziTurkce","twitter_site":"@DarkaMaziTurkce","twitter_misc":{"Written by":"darka mazi","Est. reading time":"1 minute"},"schema":{"@context":"https:\/\/schema.org","@graph":[{"@type":"NewsArticle","@id":"https:\/\/darkamazi.site\/archives\/1036525#article","isPartOf":{"@id":"https:\/\/darkamazi.site\/archives\/1036525"},"author":{"name":"darka mazi","@id":"https:\/\/darkamazi.site\/#\/schema\/person\/67986a95ac546c16760365877ef4a9d3"},"headline":"\u0130ran devleti 2 K\u00fcrt gencine verilen idam cezas\u0131n\u0131 onaylad\u0131","datePublished":"2026-02-25T11:03:34+00:00","mainEntityOfPage":{"@id":"https:\/\/darkamazi.site\/archives\/1036525"},"wordCount":258,"publisher":{"@id":"https:\/\/darkamazi.site\/#organization"},"image":{"@id":"https:\/\/darkamazi.site\/archives\/1036525#primaryimage"},"thumbnailUrl":"https:\/\/darkamazi.site\/file\/2026\/02\/iran-idam-cezasi.jpg","keywords":["\u00f6nemli"],"articleSection":["Kurdistan"],"inLanguage":"en-US"},{"@type":"WebPage","@id":"https:\/\/darkamazi.site\/archives\/1036525","url":"https:\/\/darkamazi.site\/archives\/1036525","name":"\u0130ran devleti 2 K\u00fcrt gencine verilen idam cezas\u0131n\u0131 onaylad\u0131 - Darka Mazi","isPartOf":{"@id":"https:\/\/darkamazi.site\/#website"},"primaryImageOfPage":{"@id":"https:\/\/darkamazi.site\/archives\/1036525#primaryimage"},"image":{"@id":"https:\/\/darkamazi.site\/archives\/1036525#primaryimage"},"thumbnailUrl":"https:\/\/darkamazi.site\/file\/2026\/02\/iran-idam-cezasi.jpg","datePublished":"2026-02-25T11:03:34+00:00","breadcrumb":{"@id":"https:\/\/darkamazi.site\/archives\/1036525#breadcrumb"},"inLanguage":"en-US","potentialAction":[{"@type":"ReadAction","target":["https:\/\/darkamazi.site\/archives\/1036525"]}]},{"@type":"ImageObject","inLanguage":"en-US","@id":"https:\/\/darkamazi.site\/archives\/1036525#primaryimage","url":"https:\/\/darkamazi.site\/file\/2026\/02\/iran-idam-cezasi.jpg","contentUrl":"https:\/\/darkamazi.site\/file\/2026\/02\/iran-idam-cezasi.jpg","width":900,"height":500,"caption":"\u0130ran devleti 2 K\u00fcrt gencine verilen idam cezas\u0131n\u0131 onaylad\u0131"},{"@type":"BreadcrumbList","@id":"https:\/\/darkamazi.site\/archives\/1036525#breadcrumb","itemListElement":[{"@type":"ListItem","position":1,"name":"Home","item":"https:\/\/darkamazi.site\/"},{"@type":"ListItem","position":2,"name":"\u0130ran devleti 2 K\u00fcrt gencine verilen idam cezas\u0131n\u0131 onaylad\u0131"}]},{"@type":"WebSite","@id":"https:\/\/darkamazi.site\/#website","url":"https:\/\/darkamazi.site\/","name":"Darka Mazi","description":"Ana Sayfa","publisher":{"@id":"https:\/\/darkamazi.site\/#organization"},"potentialAction":[{"@type":"SearchAction","target":{"@type":"EntryPoint","urlTemplate":"https:\/\/darkamazi.site\/?s={search_term_string}"},"query-input":{"@type":"PropertyValueSpecification","valueRequired":true,"valueName":"search_term_string"}}],"inLanguage":"en-US"},{"@type":"Organization","@id":"https:\/\/darkamazi.site\/#organization","name":"Darka Mazi T\u00fcrk\u00e7e","alternateName":"Darka Mazi","url":"https:\/\/darkamazi.site\/","logo":{"@type":"ImageObject","inLanguage":"en-US","@id":"https:\/\/darkamazi.site\/#\/schema\/logo\/image\/","url":"https:\/\/darkamazi.site\/file\/2017\/12\/darka-mazi-logo.png","contentUrl":"https:\/\/darkamazi.site\/file\/2017\/12\/darka-mazi-logo.png","width":151,"height":75,"caption":"Darka Mazi T\u00fcrk\u00e7e"},"image":{"@id":"https:\/\/darkamazi.site\/#\/schema\/logo\/image\/"},"sameAs":["https:\/\/www.facebook.com\/DarkaMaziturkce","https:\/\/x.com\/DarkaMaziTurkce"]},{"@type":"Person","@id":"https:\/\/darkamazi.site\/#\/schema\/person\/67986a95ac546c16760365877ef4a9d3","name":"darka mazi","sameAs":["https:\/\/darkamazi.site"],"url":"https:\/\/darkamazi.site\/archives\/author\/turkish"}]}},"_links":{"self":[{"href":"https:\/\/darkamazi.site\/funavuv\/wp\/v2\/posts\/1036525","targetHints":{"allow":["GET"]}}],"collection":[{"href":"https:\/\/darkamazi.site\/funavuv\/wp\/v2\/posts"}],"about":[{"href":"https:\/\/darkamazi.site\/funavuv\/wp\/v2\/types\/post"}],"author":[{"embeddable":true,"href":"https:\/\/darkamazi.site\/funavuv\/wp\/v2\/users\/2"}],"replies":[{"embeddable":true,"href":"https:\/\/darkamazi.site\/funavuv\/wp\/v2\/comments?post=1036525"}],"version-history":[{"count":0,"href":"https:\/\/darkamazi.site\/funavuv\/wp\/v2\/posts\/1036525\/revisions"}],"wp:featuredmedia":[{"embeddable":true,"href":"https:\/\/darkamazi.site\/funavuv\/wp\/v2\/media\/1036526"}],"wp:attachment":[{"href":"https:\/\/darkamazi.site\/funavuv\/wp\/v2\/media?parent=1036525"}],"wp:term":[{"taxonomy":"category","embeddable":true,"href":"https:\/\/darkamazi.site\/funavuv\/wp\/v2\/categories?post=1036525"},{"taxonomy":"post_tag","embeddable":true,"href":"https:\/\/darkamazi.site\/funavuv\/wp\/v2\/tags?post=1036525"}],"curies":[{"name":"wp","href":"https:\/\/api.w.org\/{rel}","templated":true}]}}