{"id":1036528,"date":"2026-02-25T15:42:26","date_gmt":"2026-02-25T12:42:26","guid":{"rendered":"https:\/\/darkamazi.site\/?p=1036528"},"modified":"2026-02-25T15:42:26","modified_gmt":"2026-02-25T12:42:26","slug":"iyi-parti-lideri-dervisoglu-bahceli-ocalani-mhpye-es-baskan-yapsin","status":"publish","type":"post","link":"https:\/\/darkamazi.site\/archives\/1036528","title":{"rendered":"\u0130Y\u0130 Parti lideri Dervi\u015fo\u011flu: Bah\u00e7eli, \u00d6calan&#8217;\u0131 MHP&#8217;ye e\u015f ba\u015fkan yaps\u0131n"},"content":{"rendered":"<p style=\"text-align: justify\">\u00a0\u0130Y\u0130 Parti Lideri M\u00fcsavat Dervi\u015fo\u011flu, MHP lideri Bah\u00e7eli&#8217;nin PKK\u2019nin lideri Abdullah\u00a0\u00a0\u00d6calan i\u00e7in &#8220;stat\u00fc&#8221; istemesine sert tepki g\u00f6sterdi. Dervi\u015fo\u011flu, Bah\u00e7eli&#8217;ye seslenerek, &#8220;\u00c7ok seviyorsan o rozeti tak, e\u015f ba\u015fkan yap. MHP&#8217;nin ad\u0131n\u0131 da Halklar\u0131n Hareket Partisi yap&#8221; ifadelerini kulland\u0131.<\/p>\n<p style=\"text-align: justify\">\u0130Y\u0130 Parti Genel Ba\u015fkan\u0131 M\u00fcsavat Dervi\u015fo\u011flu, partisinin TBMM\u2019deki grup toplant\u0131s\u0131nda g\u00fcndeme dair a\u00e7\u0131klamalarda bulundu.<\/p>\n<p style=\"text-align: justify\"><strong>&#8220;T\u00fcrkiye a\u00e7l\u0131kla s\u0131nan\u0131yor, korkuyla sindiriliyor&#8221;<\/strong><\/p>\n<p style=\"text-align: justify\">Vatanda\u015flar\u0131n umutla \u00e7aresizlik aras\u0131nda kald\u0131\u011f\u0131n\u0131 ifade eden Dervi\u015fo\u011flu, toplumun temel olarak iki soruya yan\u0131t arad\u0131\u011f\u0131n\u0131 belirtti:<\/p>\n<p style=\"text-align: justify\">&#8220;Peri\u015fan\u0131z, bu ekonomi ne olacak, ne zaman feraha erece\u011fiz? Bu katilba\u015f\u0131 ve di\u011fer ter\u00f6ristler ger\u00e7ekten aram\u0131zda m\u0131 dola\u015facak, bayra\u011f\u0131n \u015ferefi ne olacak?&#8221;<\/p>\n<p style=\"text-align: justify\">Bu iki sorunun sebebinin ayn\u0131 oldu\u011funu \u00f6ne s\u00fcren Dervi\u015fo\u011flu, T\u00fcrkiye&#8217;nin bilin\u00e7li bir siyasetle bir yanda a\u00e7l\u0131kla s\u0131nan\u0131rken di\u011fer yanda korkuyla sindirildi\u011fini s\u00f6yledi. \u0130ktidar\u0131n, vatanda\u015f\u0131n isyan etmeyecek kadar karn\u0131n\u0131 doyurdu\u011funu ve hak edilenleri bir &#8220;l\u00fctuf&#8221; gibi sundu\u011funu ifade eden Dervi\u015fo\u011flu, bu sistemi &#8220;\u015fantaj siyaseti&#8221; olarak tan\u0131mlad\u0131. Ge\u00e7mi\u015fteki askeri vesayetin yerini bug\u00fcn, itiraz edenlerin trollerce lin\u00e7 edildi\u011fi, mallar\u0131na \u00e7\u00f6k\u00fcld\u00fc\u011f\u00fc &#8220;sivil \u015fantaj ve Silivri siyasetinin&#8221; ald\u0131\u011f\u0131n\u0131 dile getirdi. Ya\u015fananlar\u0131n basit bir siyasi rekabet de\u011fil, vatanda\u015f\u0131n kimli\u011finin, T\u00fcrkl\u00fc\u011f\u00fcn\u00fcn, ahlak\u0131n\u0131n ve Cumhuriyet&#8217;inin \u00e7al\u0131nd\u0131\u011f\u0131 bir &#8220;ya\u011fma ve talan&#8221; oldu\u011funu belirterek, m\u00fccadelelerinin bir &#8220;haysiyet ve istiklal davas\u0131&#8221; oldu\u011funun alt\u0131n\u0131 \u00e7izdi.<\/p>\n<p style=\"text-align: justify\"><strong>&#8220;S\u0131n\u0131rlardaki may\u0131nlar\u0131 kald\u0131r\u0131p vatanda\u015flar\u0131n aras\u0131na d\u00f6\u015f\u00fcyorsunuz&#8221;<\/strong><\/p>\n<p style=\"text-align: justify\">Meclis&#8217;teki ortak raporu ve \u00e7\u00f6z\u00fcm aray\u0131\u015flar\u0131n\u0131 &#8220;aymazl\u0131k, k\u00f6t\u00fcl\u00fck ve ihanetin bir araya gelmesi&#8221; s\u00f6zleriyle ele\u015ftiren Dervi\u015fo\u011flu, iktidar\u0131n Meclis&#8217;in temsil kabiliyetini ancak \u0130mral\u0131&#8217;n\u0131n projesi vesilesiyle hat\u0131rlamas\u0131n\u0131 &#8220;komik&#8221;, bu projeye katk\u0131 verenlere yasal koruma (dokunulmazl\u0131k) talep edilmesini ise &#8220;trajik&#8221; buldu\u011funu ifade etti.<\/p>\n<p style=\"text-align: justify\">PKK&#8217;lilerin\u00a0topluma adapte edilip edilmedi\u011finin y\u00fcr\u00fctme taraf\u0131ndan izlenece\u011fi y\u00f6n\u00fcndeki planlara \u00e7ok sert tepki g\u00f6steren Dervi\u015fo\u011flu, &#8220;Her infaz indirimiyle soka\u011fa sal\u0131nan katillerden kad\u0131nlar\u0131 ve \u00e7ocuklar\u0131 koruyamayanlar; bomba yapma ve silah kullanma e\u011fitimi alm\u0131\u015f ter\u00f6ristleri trafikte s\u00fcr\u00fcc\u00fc, evlerimizde kom\u015fu, belediyede memur yapacak, sonra da izleyecekmi\u015f. Bu insanl\u0131k d\u00fc\u015fmanlar\u0131n\u0131 K\u00fcrtlere temsilci diye at\u0131yorsunuz. S\u0131n\u0131rlardaki may\u0131nlar\u0131 kald\u0131r\u0131p vatanda\u015flar\u0131n aras\u0131na d\u00f6\u015f\u00fcyorsunuz&#8221; dedi.<\/p>\n<p style=\"text-align: justify\"><strong>&#8220;\u015eimdi ne oldu da PKK\u2019y\u0131 entegre etmek istiyorsunuz&#8221;<\/strong><\/p>\n<p style=\"text-align: justify\">\u0130ktidar\u0131n, &#8220;b\u00f6lge ate\u015f \u00e7emberi&#8221; s\u00f6ylemiyle \u00d6calan&#8217;a siyasette alan a\u00e7maya \u00e7al\u0131\u015ft\u0131\u011f\u0131n\u0131 ileri s\u00fcren Dervi\u015fo\u011flu, T\u00fcrkiye&#8217;nin etraf\u0131n\u0131n on y\u0131llard\u0131r sava\u015flarla dolu oldu\u011funu s\u00f6yledi. 1979 \u0130ran Devrimi, 1980 \u0130ran-Irak Sava\u015f\u0131, 1984&#8217;te PKK&#8217;nin ortaya \u00e7\u0131k\u0131\u015f\u0131, 1991 K\u00f6rfez Sava\u015f\u0131 ve Sovyetlerin da\u011f\u0131lmas\u0131, 2003&#8217;te ABD&#8217;nin Irak m\u00fcdahalesi ve 2011&#8217;de ba\u015flayan Suriye i\u00e7 sava\u015f\u0131n\u0131 \u00f6rnek g\u00f6steren Dervi\u015fo\u011flu, &#8220;\u015eimdi ne oldu da PKK&#8217;y\u0131 entegre etmek, \u00d6calan&#8217;\u0131 iktidar orta\u011f\u0131 almak, T\u00fcrkiye&#8217;yi ulus devlet olmaktan \u00e7\u0131karmak istiyorsunuz?&#8221; diye sordu.<\/p>\n<p style=\"text-align: justify\"><strong>Bah\u00e7eli&#8217;ye: \u00c7ok seviyorsan rozet tak, partinin ad\u0131n\u0131 HHP yap<\/strong><\/p>\n<p style=\"text-align: justify\">MHP Genel Ba\u015fkan\u0131 Devlet Bah\u00e7eli&#8217;nin Abdullah \u00d6calan i\u00e7in &#8220;stat\u00fc&#8221; istemesine geni\u015f yer ay\u0131ran Dervi\u015fo\u011flu, \u0130mral\u0131&#8217;n\u0131n stat\u00fcs\u00fc tart\u0131\u015fmas\u0131n\u0131n hukuki de\u011fil, bir egemenlik sorunu oldu\u011funu vurgulad\u0131. &#8220;\u0130mral\u0131, T\u00fcrkiye Cumhuriyeti&#8217;nin h\u00fck\u00fcmranl\u0131k sahas\u0131nda bulunan, \u00fczerinde T\u00fcrk bayra\u011f\u0131 dalgalanan bir cezaevidir&#8221; diyen Dervi\u015fo\u011flu, \u00d6calan i\u00e7in &#8220;kurucu, \u00f6nder&#8221; gibi ifadeler kullan\u0131lmas\u0131n\u0131n devletin kurucu iradesine hakaret ve &#8220;\u015fehitlere ihanet&#8221; oldu\u011funu s\u00f6yledi.<\/p>\n<p style=\"text-align: justify\">Bah\u00e7eli&#8217;nin tutumunu siyasi k\u00f6rl\u00fck olarak nitelendiren Dervi\u015fo\u011flu, \u015fu ifadeleri kulland\u0131:<\/p>\n<p style=\"text-align: justify\">&#8220;Neymi\u015f, bir s\u00fcrece b\u00fcy\u00fck katk\u0131larda bulunmu\u015f, stat\u00fc kazand\u0131r\u0131lmas\u0131 icap ediyormu\u015f. \u00c7ok seviyorsan; eline bir rozet al\u0131p \u0130mral\u0131&#8217;ya git ve Abdullah \u00d6calan&#8217;\u0131n yakas\u0131na tak. \u00c7ok seviyorsan rozeti takt\u0131ktan sonra e\u015f ba\u015fkan olarak yan\u0131na al. 57 senelik \u00e7\u0131nar Milliyet\u00e7i Hareket Partisi&#8217;nin ad\u0131n\u0131 da Halklar\u0131n Hareket Partisi (HHP) yapars\u0131n. Sonunda bu millet hem senden kurtulur hem de Abdullah \u00d6calan belas\u0131ndan.&#8221;<\/p>\n<p style=\"text-align: justify\"><strong>CHP&#8217;ye: \u00d6calan rahatlad\u0131k\u00e7a siyasetin imkans\u0131z hale gelece\u011fini g\u00f6rm\u00fcyor musunuz?<\/strong><\/p>\n<p style=\"text-align: justify\">CHP&#8217;nin anayasa ve \u00e7\u00f6z\u00fcm komisyonlar\u0131ndaki varl\u0131\u011f\u0131n\u0131 ele\u015ftiren Dervi\u015fo\u011flu, CHP y\u00f6netiminin MHP ve DEM&#8217;e g\u00f6sterilen &#8220;havu\u00e7 kar\u015f\u0131s\u0131nda a\u011f\u0131r bir sopa&#8221; ve &#8220;\u015fantaj&#8221; alt\u0131nda oldu\u011funu iddia etti. Tutuksuz yarg\u0131lanmas\u0131 gereken muhaliflerin hapiste tutuldu\u011fu bir \u00fclkede, \u00d6calan&#8217;\u0131n \u015fartlar\u0131n\u0131n iyile\u015ftirilmesinin garip oldu\u011funu belirten Dervi\u015fo\u011flu, CHP&#8217;ye \u015fu s\u00f6zlerle seslendi:<\/p>\n<p style=\"text-align: justify\">&#8220;\u00d6calan rahatlad\u0131k\u00e7a siyasetin imkans\u0131z hale gelece\u011fini g\u00f6rm\u00fcyor musunuz? Cumhuriyet olmaktan \u00e7\u0131kart\u0131lm\u0131\u015f bir T\u00fcrkiye&#8217;de yaln\u0131zca CHP&#8217;yi ayakta tutmaya \u00e7al\u0131\u015fman\u0131n Cumhuriyete faydas\u0131 ne olacakt\u0131r? Bu \u015fantaja boyun e\u011fmeyin. Kendi varl\u0131\u011f\u0131n\u0131z\u0131 \u00e7ok \u00f6nemsemeyin. Atat\u00fcrk&#8217;\u00fcn kurdu\u011fu Cumhuriyeti, O&#8217;nun kurdu\u011fu partiden \u00e7ok daha fazla \u00f6nemsemenin vakti gelmi\u015ftir. Siz korkmay\u0131n ki ecelin kendisi korksun.&#8221;<\/p>\n","protected":false},"excerpt":{"rendered":"<p>\u00a0\u0130Y\u0130 Parti Lideri M\u00fcsavat Dervi\u015fo\u011flu, MHP lideri Bah\u00e7eli&#8217;nin PKK\u2019nin lideri Abdullah\u00a0\u00a0\u00d6calan i\u00e7in &#8220;stat\u00fc&#8221; istemesine sert tepki g\u00f6sterdi. Dervi\u015fo\u011flu, Bah\u00e7eli&#8217;ye seslenerek, &#8220;\u00c7ok seviyorsan o rozeti tak, e\u015f ba\u015fkan yap. MHP&#8217;nin ad\u0131n\u0131 da Halklar\u0131n Hareket Partisi yap&#8221; ifadelerini kulland\u0131. \u0130Y\u0130 Parti Genel Ba\u015fkan\u0131 M\u00fcsavat Dervi\u015fo\u011flu, partisinin TBMM\u2019deki grup toplant\u0131s\u0131nda g\u00fcndeme dair a\u00e7\u0131klamalarda bulundu. &#8220;T\u00fcrkiye a\u00e7l\u0131kla s\u0131nan\u0131yor, korkuyla [&hellip;]<\/p>\n","protected":false},"author":2,"featured_media":1036529,"comment_status":"closed","ping_status":"closed","sticky":false,"template":"","format":"standard","meta":{"footnotes":""},"categories":[3],"tags":[31],"class_list":["post-1036528","post","type-post","status-publish","format-standard","has-post-thumbnail","hentry","category-kurdistan","tag-onemli"],"blocksy_meta":[],"seo_head":"<!-- This site is optimized with the Yoast SEO plugin v27.5 - https:\/\/yoast.com\/product\/yoast-seo-wordpress\/ -->\n<title>\u0130Y\u0130 Parti lideri Dervi\u015fo\u011flu: Bah\u00e7eli, \u00d6calan&#039;\u0131 MHP&#039;ye e\u015f ba\u015fkan yaps\u0131n - Darka Mazi<\/title>\n<meta name=\"robots\" content=\"index, follow, max-snippet:-1, max-image-preview:large, max-video-preview:-1\" \/>\n<link rel=\"canonical\" href=\"https:\/\/darkamazi.site\/archives\/1036528\" \/>\n<meta property=\"og:locale\" content=\"en_US\" \/>\n<meta property=\"og:type\" content=\"article\" \/>\n<meta property=\"og:title\" content=\"\u0130Y\u0130 Parti lideri Dervi\u015fo\u011flu: Bah\u00e7eli, \u00d6calan&#039;\u0131 MHP&#039;ye e\u015f ba\u015fkan yaps\u0131n - Darka Mazi\" \/>\n<meta property=\"og:description\" content=\"\u00a0\u0130Y\u0130 Parti Lideri M\u00fcsavat Dervi\u015fo\u011flu, MHP lideri Bah\u00e7eli&#8217;nin PKK\u2019nin lideri Abdullah\u00a0\u00a0\u00d6calan i\u00e7in &#8220;stat\u00fc&#8221; istemesine sert tepki g\u00f6sterdi. Dervi\u015fo\u011flu, Bah\u00e7eli&#8217;ye seslenerek, &#8220;\u00c7ok seviyorsan o rozeti tak, e\u015f ba\u015fkan yap. MHP&#8217;nin ad\u0131n\u0131 da Halklar\u0131n Hareket Partisi yap&#8221; ifadelerini kulland\u0131. \u0130Y\u0130 Parti Genel Ba\u015fkan\u0131 M\u00fcsavat Dervi\u015fo\u011flu, partisinin TBMM\u2019deki grup toplant\u0131s\u0131nda g\u00fcndeme dair a\u00e7\u0131klamalarda bulundu. &#8220;T\u00fcrkiye a\u00e7l\u0131kla s\u0131nan\u0131yor, korkuyla [&hellip;]\" \/>\n<meta property=\"og:url\" content=\"https:\/\/darkamazi.site\/archives\/1036528\" \/>\n<meta property=\"og:site_name\" content=\"Darka Mazi\" \/>\n<meta property=\"article:publisher\" content=\"https:\/\/www.facebook.com\/DarkaMaziturkce\" \/>\n<meta property=\"article:published_time\" content=\"2026-02-25T12:42:26+00:00\" \/>\n<meta property=\"og:image\" content=\"https:\/\/darkamazi.site\/file\/2026\/02\/devris-oglu.jpg\" \/>\n\t<meta property=\"og:image:width\" content=\"900\" \/>\n\t<meta property=\"og:image:height\" content=\"500\" \/>\n\t<meta property=\"og:image:type\" content=\"image\/jpeg\" \/>\n<meta name=\"author\" content=\"darka mazi\" \/>\n<meta name=\"twitter:card\" content=\"summary_large_image\" \/>\n<meta name=\"twitter:creator\" content=\"@DarkaMaziTurkce\" \/>\n<meta name=\"twitter:site\" content=\"@DarkaMaziTurkce\" \/>\n<meta name=\"twitter:label1\" content=\"Written by\" \/>\n\t<meta name=\"twitter:data1\" content=\"darka mazi\" \/>\n\t<meta name=\"twitter:label2\" content=\"Est. reading time\" \/>\n\t<meta name=\"twitter:data2\" content=\"3 minutes\" \/>\n<script type=\"application\/ld+json\" class=\"seo-schema-graph\">{\"@context\":\"https:\\\/\\\/schema.org\",\"@graph\":[{\"@type\":\"NewsArticle\",\"@id\":\"https:\\\/\\\/darkamazi.site\\\/archives\\\/1036528#article\",\"isPartOf\":{\"@id\":\"https:\\\/\\\/darkamazi.site\\\/archives\\\/1036528\"},\"author\":{\"name\":\"darka mazi\",\"@id\":\"https:\\\/\\\/darkamazi.site\\\/#\\\/schema\\\/person\\\/67986a95ac546c16760365877ef4a9d3\"},\"headline\":\"\u0130Y\u0130 Parti lideri Dervi\u015fo\u011flu: Bah\u00e7eli, \u00d6calan&#8217;\u0131 MHP&#8217;ye e\u015f ba\u015fkan yaps\u0131n\",\"datePublished\":\"2026-02-25T12:42:26+00:00\",\"mainEntityOfPage\":{\"@id\":\"https:\\\/\\\/darkamazi.site\\\/archives\\\/1036528\"},\"wordCount\":915,\"publisher\":{\"@id\":\"https:\\\/\\\/darkamazi.site\\\/#organization\"},\"image\":{\"@id\":\"https:\\\/\\\/darkamazi.site\\\/archives\\\/1036528#primaryimage\"},\"thumbnailUrl\":\"https:\\\/\\\/darkamazi.site\\\/darka-content\\\/uploads\\\/2026\\\/02\\\/devris-oglu.jpg\",\"keywords\":[\"\u00f6nemli\"],\"articleSection\":[\"Kurdistan\"],\"inLanguage\":\"en-US\"},{\"@type\":\"WebPage\",\"@id\":\"https:\\\/\\\/darkamazi.site\\\/archives\\\/1036528\",\"url\":\"https:\\\/\\\/darkamazi.site\\\/archives\\\/1036528\",\"name\":\"\u0130Y\u0130 Parti lideri Dervi\u015fo\u011flu: Bah\u00e7eli, \u00d6calan'\u0131 MHP'ye e\u015f ba\u015fkan yaps\u0131n - Darka Mazi\",\"isPartOf\":{\"@id\":\"https:\\\/\\\/darkamazi.site\\\/#website\"},\"primaryImageOfPage\":{\"@id\":\"https:\\\/\\\/darkamazi.site\\\/archives\\\/1036528#primaryimage\"},\"image\":{\"@id\":\"https:\\\/\\\/darkamazi.site\\\/archives\\\/1036528#primaryimage\"},\"thumbnailUrl\":\"https:\\\/\\\/darkamazi.site\\\/darka-content\\\/uploads\\\/2026\\\/02\\\/devris-oglu.jpg\",\"datePublished\":\"2026-02-25T12:42:26+00:00\",\"breadcrumb\":{\"@id\":\"https:\\\/\\\/darkamazi.site\\\/archives\\\/1036528#breadcrumb\"},\"inLanguage\":\"en-US\",\"potentialAction\":[{\"@type\":\"ReadAction\",\"target\":[\"https:\\\/\\\/darkamazi.site\\\/archives\\\/1036528\"]}]},{\"@type\":\"ImageObject\",\"inLanguage\":\"en-US\",\"@id\":\"https:\\\/\\\/darkamazi.site\\\/archives\\\/1036528#primaryimage\",\"url\":\"https:\\\/\\\/darkamazi.site\\\/darka-content\\\/uploads\\\/2026\\\/02\\\/devris-oglu.jpg\",\"contentUrl\":\"https:\\\/\\\/darkamazi.site\\\/darka-content\\\/uploads\\\/2026\\\/02\\\/devris-oglu.jpg\",\"width\":900,\"height\":500,\"caption\":\"\u0130Y\u0130 Parti lideri Dervi\u015fo\u011flu: Bah\u00e7eli, \u00d6calan'\u0131 MHP'ye e\u015f ba\u015fkan yaps\u0131n\"},{\"@type\":\"BreadcrumbList\",\"@id\":\"https:\\\/\\\/darkamazi.site\\\/archives\\\/1036528#breadcrumb\",\"itemListElement\":[{\"@type\":\"ListItem\",\"position\":1,\"name\":\"Home\",\"item\":\"https:\\\/\\\/darkamazi.site\\\/\"},{\"@type\":\"ListItem\",\"position\":2,\"name\":\"\u0130Y\u0130 Parti lideri Dervi\u015fo\u011flu: Bah\u00e7eli, \u00d6calan&#8217;\u0131 MHP&#8217;ye e\u015f ba\u015fkan yaps\u0131n\"}]},{\"@type\":\"WebSite\",\"@id\":\"https:\\\/\\\/darkamazi.site\\\/#website\",\"url\":\"https:\\\/\\\/darkamazi.site\\\/\",\"name\":\"Darka Mazi\",\"description\":\"Ana Sayfa\",\"publisher\":{\"@id\":\"https:\\\/\\\/darkamazi.site\\\/#organization\"},\"potentialAction\":[{\"@type\":\"SearchAction\",\"target\":{\"@type\":\"EntryPoint\",\"urlTemplate\":\"https:\\\/\\\/darkamazi.site\\\/?s={search_term_string}\"},\"query-input\":{\"@type\":\"PropertyValueSpecification\",\"valueRequired\":true,\"valueName\":\"search_term_string\"}}],\"inLanguage\":\"en-US\"},{\"@type\":\"Organization\",\"@id\":\"https:\\\/\\\/darkamazi.site\\\/#organization\",\"name\":\"Darka Mazi T\u00fcrk\u00e7e\",\"alternateName\":\"Darka Mazi\",\"url\":\"https:\\\/\\\/darkamazi.site\\\/\",\"logo\":{\"@type\":\"ImageObject\",\"inLanguage\":\"en-US\",\"@id\":\"https:\\\/\\\/darkamazi.site\\\/#\\\/schema\\\/logo\\\/image\\\/\",\"url\":\"https:\\\/\\\/darkamazi.site\\\/darka-content\\\/uploads\\\/2017\\\/12\\\/darka-mazi-logo.png\",\"contentUrl\":\"https:\\\/\\\/darkamazi.site\\\/darka-content\\\/uploads\\\/2017\\\/12\\\/darka-mazi-logo.png\",\"width\":151,\"height\":75,\"caption\":\"Darka Mazi T\u00fcrk\u00e7e\"},\"image\":{\"@id\":\"https:\\\/\\\/darkamazi.site\\\/#\\\/schema\\\/logo\\\/image\\\/\"},\"sameAs\":[\"https:\\\/\\\/www.facebook.com\\\/DarkaMaziturkce\",\"https:\\\/\\\/x.com\\\/DarkaMaziTurkce\"]},{\"@type\":\"Person\",\"@id\":\"https:\\\/\\\/darkamazi.site\\\/#\\\/schema\\\/person\\\/67986a95ac546c16760365877ef4a9d3\",\"name\":\"darka mazi\",\"sameAs\":[\"https:\\\/\\\/darkamazi.site\"],\"url\":\"https:\\\/\\\/darkamazi.site\\\/archives\\\/author\\\/turkish\"}]}<\/script>\n<!-- \/ Yoast SEO plugin. -->","seo_head_json":{"title":"\u0130Y\u0130 Parti lideri Dervi\u015fo\u011flu: Bah\u00e7eli, \u00d6calan'\u0131 MHP'ye e\u015f ba\u015fkan yaps\u0131n - Darka Mazi","robots":{"index":"index","follow":"follow","max-snippet":"max-snippet:-1","max-image-preview":"max-image-preview:large","max-video-preview":"max-video-preview:-1"},"canonical":"https:\/\/darkamazi.site\/archives\/1036528","og_locale":"en_US","og_type":"article","og_title":"\u0130Y\u0130 Parti lideri Dervi\u015fo\u011flu: Bah\u00e7eli, \u00d6calan'\u0131 MHP'ye e\u015f ba\u015fkan yaps\u0131n - Darka Mazi","og_description":"\u00a0\u0130Y\u0130 Parti Lideri M\u00fcsavat Dervi\u015fo\u011flu, MHP lideri Bah\u00e7eli&#8217;nin PKK\u2019nin lideri Abdullah\u00a0\u00a0\u00d6calan i\u00e7in &#8220;stat\u00fc&#8221; istemesine sert tepki g\u00f6sterdi. Dervi\u015fo\u011flu, Bah\u00e7eli&#8217;ye seslenerek, &#8220;\u00c7ok seviyorsan o rozeti tak, e\u015f ba\u015fkan yap. MHP&#8217;nin ad\u0131n\u0131 da Halklar\u0131n Hareket Partisi yap&#8221; ifadelerini kulland\u0131. \u0130Y\u0130 Parti Genel Ba\u015fkan\u0131 M\u00fcsavat Dervi\u015fo\u011flu, partisinin TBMM\u2019deki grup toplant\u0131s\u0131nda g\u00fcndeme dair a\u00e7\u0131klamalarda bulundu. &#8220;T\u00fcrkiye a\u00e7l\u0131kla s\u0131nan\u0131yor, korkuyla [&hellip;]","og_url":"https:\/\/darkamazi.site\/archives\/1036528","og_site_name":"Darka Mazi","article_publisher":"https:\/\/www.facebook.com\/DarkaMaziturkce","article_published_time":"2026-02-25T12:42:26+00:00","og_image":[{"width":900,"height":500,"url":"https:\/\/darkamazi.site\/file\/2026\/02\/devris-oglu.jpg","type":"image\/jpeg"}],"author":"darka mazi","twitter_card":"summary_large_image","twitter_creator":"@DarkaMaziTurkce","twitter_site":"@DarkaMaziTurkce","twitter_misc":{"Written by":"darka mazi","Est. reading time":"3 minutes"},"schema":{"@context":"https:\/\/schema.org","@graph":[{"@type":"NewsArticle","@id":"https:\/\/darkamazi.site\/archives\/1036528#article","isPartOf":{"@id":"https:\/\/darkamazi.site\/archives\/1036528"},"author":{"name":"darka mazi","@id":"https:\/\/darkamazi.site\/#\/schema\/person\/67986a95ac546c16760365877ef4a9d3"},"headline":"\u0130Y\u0130 Parti lideri Dervi\u015fo\u011flu: Bah\u00e7eli, \u00d6calan&#8217;\u0131 MHP&#8217;ye e\u015f ba\u015fkan yaps\u0131n","datePublished":"2026-02-25T12:42:26+00:00","mainEntityOfPage":{"@id":"https:\/\/darkamazi.site\/archives\/1036528"},"wordCount":915,"publisher":{"@id":"https:\/\/darkamazi.site\/#organization"},"image":{"@id":"https:\/\/darkamazi.site\/archives\/1036528#primaryimage"},"thumbnailUrl":"https:\/\/darkamazi.site\/file\/2026\/02\/devris-oglu.jpg","keywords":["\u00f6nemli"],"articleSection":["Kurdistan"],"inLanguage":"en-US"},{"@type":"WebPage","@id":"https:\/\/darkamazi.site\/archives\/1036528","url":"https:\/\/darkamazi.site\/archives\/1036528","name":"\u0130Y\u0130 Parti lideri Dervi\u015fo\u011flu: Bah\u00e7eli, \u00d6calan'\u0131 MHP'ye e\u015f ba\u015fkan yaps\u0131n - Darka Mazi","isPartOf":{"@id":"https:\/\/darkamazi.site\/#website"},"primaryImageOfPage":{"@id":"https:\/\/darkamazi.site\/archives\/1036528#primaryimage"},"image":{"@id":"https:\/\/darkamazi.site\/archives\/1036528#primaryimage"},"thumbnailUrl":"https:\/\/darkamazi.site\/file\/2026\/02\/devris-oglu.jpg","datePublished":"2026-02-25T12:42:26+00:00","breadcrumb":{"@id":"https:\/\/darkamazi.site\/archives\/1036528#breadcrumb"},"inLanguage":"en-US","potentialAction":[{"@type":"ReadAction","target":["https:\/\/darkamazi.site\/archives\/1036528"]}]},{"@type":"ImageObject","inLanguage":"en-US","@id":"https:\/\/darkamazi.site\/archives\/1036528#primaryimage","url":"https:\/\/darkamazi.site\/file\/2026\/02\/devris-oglu.jpg","contentUrl":"https:\/\/darkamazi.site\/file\/2026\/02\/devris-oglu.jpg","width":900,"height":500,"caption":"\u0130Y\u0130 Parti lideri Dervi\u015fo\u011flu: Bah\u00e7eli, \u00d6calan'\u0131 MHP'ye e\u015f ba\u015fkan yaps\u0131n"},{"@type":"BreadcrumbList","@id":"https:\/\/darkamazi.site\/archives\/1036528#breadcrumb","itemListElement":[{"@type":"ListItem","position":1,"name":"Home","item":"https:\/\/darkamazi.site\/"},{"@type":"ListItem","position":2,"name":"\u0130Y\u0130 Parti lideri Dervi\u015fo\u011flu: Bah\u00e7eli, \u00d6calan&#8217;\u0131 MHP&#8217;ye e\u015f ba\u015fkan yaps\u0131n"}]},{"@type":"WebSite","@id":"https:\/\/darkamazi.site\/#website","url":"https:\/\/darkamazi.site\/","name":"Darka Mazi","description":"Ana Sayfa","publisher":{"@id":"https:\/\/darkamazi.site\/#organization"},"potentialAction":[{"@type":"SearchAction","target":{"@type":"EntryPoint","urlTemplate":"https:\/\/darkamazi.site\/?s={search_term_string}"},"query-input":{"@type":"PropertyValueSpecification","valueRequired":true,"valueName":"search_term_string"}}],"inLanguage":"en-US"},{"@type":"Organization","@id":"https:\/\/darkamazi.site\/#organization","name":"Darka Mazi T\u00fcrk\u00e7e","alternateName":"Darka Mazi","url":"https:\/\/darkamazi.site\/","logo":{"@type":"ImageObject","inLanguage":"en-US","@id":"https:\/\/darkamazi.site\/#\/schema\/logo\/image\/","url":"https:\/\/darkamazi.site\/file\/2017\/12\/darka-mazi-logo.png","contentUrl":"https:\/\/darkamazi.site\/file\/2017\/12\/darka-mazi-logo.png","width":151,"height":75,"caption":"Darka Mazi T\u00fcrk\u00e7e"},"image":{"@id":"https:\/\/darkamazi.site\/#\/schema\/logo\/image\/"},"sameAs":["https:\/\/www.facebook.com\/DarkaMaziturkce","https:\/\/x.com\/DarkaMaziTurkce"]},{"@type":"Person","@id":"https:\/\/darkamazi.site\/#\/schema\/person\/67986a95ac546c16760365877ef4a9d3","name":"darka mazi","sameAs":["https:\/\/darkamazi.site"],"url":"https:\/\/darkamazi.site\/archives\/author\/turkish"}]}},"_links":{"self":[{"href":"https:\/\/darkamazi.site\/funavuv\/wp\/v2\/posts\/1036528","targetHints":{"allow":["GET"]}}],"collection":[{"href":"https:\/\/darkamazi.site\/funavuv\/wp\/v2\/posts"}],"about":[{"href":"https:\/\/darkamazi.site\/funavuv\/wp\/v2\/types\/post"}],"author":[{"embeddable":true,"href":"https:\/\/darkamazi.site\/funavuv\/wp\/v2\/users\/2"}],"replies":[{"embeddable":true,"href":"https:\/\/darkamazi.site\/funavuv\/wp\/v2\/comments?post=1036528"}],"version-history":[{"count":0,"href":"https:\/\/darkamazi.site\/funavuv\/wp\/v2\/posts\/1036528\/revisions"}],"wp:featuredmedia":[{"embeddable":true,"href":"https:\/\/darkamazi.site\/funavuv\/wp\/v2\/media\/1036529"}],"wp:attachment":[{"href":"https:\/\/darkamazi.site\/funavuv\/wp\/v2\/media?parent=1036528"}],"wp:term":[{"taxonomy":"category","embeddable":true,"href":"https:\/\/darkamazi.site\/funavuv\/wp\/v2\/categories?post=1036528"},{"taxonomy":"post_tag","embeddable":true,"href":"https:\/\/darkamazi.site\/funavuv\/wp\/v2\/tags?post=1036528"}],"curies":[{"name":"wp","href":"https:\/\/api.w.org\/{rel}","templated":true}]}}