{"id":1036531,"date":"2026-02-25T16:11:41","date_gmt":"2026-02-25T13:11:41","guid":{"rendered":"https:\/\/darkamazi.site\/?p=1036531"},"modified":"2026-02-25T16:11:41","modified_gmt":"2026-02-25T13:11:41","slug":"basbakan-mesrur-barzani-ile-alman-heyeti-irak-ve-suriyedeki-isid-tehdidini-gorustu","status":"publish","type":"post","link":"https:\/\/darkamazi.site\/archives\/1036531","title":{"rendered":"Ba\u015fbakan Mesrur Barzani ile Alman heyeti Irak ve Suriye\u2019deki I\u015e\u0130D tehdidini g\u00f6r\u00fc\u015ft\u00fc"},"content":{"rendered":"<p style=\"text-align: justify\">K\u00fcrdistan B\u00f6lgesi Ba\u015fbakan\u0131 Mesrur \u200b\u200bBarzani ve\u00a0Almanya D\u0131\u015fi\u015fleri Bakan Yard\u0131mc\u0131s\u0131 Giza Andreas von Geyr, \u00e7e\u015fitli alanlarda ikili ili\u015fkilerin g\u00fc\u00e7lendirilmesinin \u00f6nemini vurgulad\u0131.<\/p>\n<p style=\"text-align: justify\">Mesrur \u200b\u200bBarzani, bug\u00fcn (25 \u015eubat 2026 \u00c7ar\u015famba) D\u0131\u015fi\u015fleri Bakan Yard\u0131mc\u0131s\u0131 Giza Andreas von Geyr ba\u015fkanl\u0131\u011f\u0131ndaki Alman heyetini kabul etti.<\/p>\n<p style=\"text-align: justify\">Almanya&#8217;n\u0131n Ba\u011fdat B\u00fcy\u00fckel\u00e7isi Daniel Kreber&#8217;in de kat\u0131ld\u0131\u011f\u0131 g\u00f6r\u00fc\u015fmede, \u00e7e\u015fitli alanlarda ikili ili\u015fkilerin g\u00fc\u00e7lendirilmesinin \u00f6nemi konusunda mutab\u0131k kal\u0131nd\u0131.<\/p>\n<p style=\"text-align: justify\">Ba\u015fbakan Barzani, K\u00fcrdistan B\u00f6lgesi&#8217;ne verdi\u011fi destek ve yard\u0131mlar i\u00e7in Almanya&#8217;ya te\u015fekk\u00fcr etti ve ikili ili\u015fkilerin geli\u015ftirilmesinin \u00f6nemini vurgulad\u0131.<\/p>\n<p style=\"text-align: justify\">Her iki taraf da Irak ve Suriye&#8217;deki DA\u0130\u015e ter\u00f6ristlerinin tehdidini \u00f6nlemek i\u00e7in uluslararas\u0131 toplumun i\u015f birli\u011fi ve koordinasyonunun geli\u015ftirilmesinin gereklili\u011finin alt\u0131n\u0131 \u00e7izdi.<\/p>\n<p style=\"text-align: justify\">G\u00f6r\u00fc\u015fmede ayr\u0131ca Irak ve b\u00f6lgedeki genel durum, federal ve K\u00fcrdistan B\u00f6lgesi h\u00fck\u00fcmetlerin kurulmas\u0131 konusundaki \u00e7abalar ve g\u00f6r\u00fc\u015fmeler hakk\u0131nda g\u00f6r\u00fc\u015f al\u0131\u015fveri\u015finde bulunuldu.<\/p>\n","protected":false},"excerpt":{"rendered":"<p>K\u00fcrdistan B\u00f6lgesi Ba\u015fbakan\u0131 Mesrur \u200b\u200bBarzani ve\u00a0Almanya D\u0131\u015fi\u015fleri Bakan Yard\u0131mc\u0131s\u0131 Giza Andreas von Geyr, \u00e7e\u015fitli alanlarda ikili ili\u015fkilerin g\u00fc\u00e7lendirilmesinin \u00f6nemini vurgulad\u0131. Mesrur \u200b\u200bBarzani, bug\u00fcn (25 \u015eubat 2026 \u00c7ar\u015famba) D\u0131\u015fi\u015fleri Bakan Yard\u0131mc\u0131s\u0131 Giza Andreas von Geyr ba\u015fkanl\u0131\u011f\u0131ndaki Alman heyetini kabul etti. Almanya&#8217;n\u0131n Ba\u011fdat B\u00fcy\u00fckel\u00e7isi Daniel Kreber&#8217;in de kat\u0131ld\u0131\u011f\u0131 g\u00f6r\u00fc\u015fmede, \u00e7e\u015fitli alanlarda ikili ili\u015fkilerin g\u00fc\u00e7lendirilmesinin \u00f6nemi konusunda mutab\u0131k [&hellip;]<\/p>\n","protected":false},"author":2,"featured_media":1036535,"comment_status":"closed","ping_status":"closed","sticky":false,"template":"","format":"standard","meta":{"footnotes":""},"categories":[3],"tags":[31],"class_list":["post-1036531","post","type-post","status-publish","format-standard","has-post-thumbnail","hentry","category-kurdistan","tag-onemli"],"blocksy_meta":[],"seo_head":"<!-- This site is optimized with the Yoast SEO plugin v27.5 - https:\/\/yoast.com\/product\/yoast-seo-wordpress\/ -->\n<title>Ba\u015fbakan Mesrur Barzani ile Alman heyeti Irak ve Suriye\u2019deki I\u015e\u0130D tehdidini g\u00f6r\u00fc\u015ft\u00fc - Darka Mazi<\/title>\n<meta name=\"robots\" content=\"index, follow, max-snippet:-1, max-image-preview:large, max-video-preview:-1\" \/>\n<link rel=\"canonical\" href=\"https:\/\/darkamazi.site\/archives\/1036531\" \/>\n<meta property=\"og:locale\" content=\"en_US\" \/>\n<meta property=\"og:type\" content=\"article\" \/>\n<meta property=\"og:title\" content=\"Ba\u015fbakan Mesrur Barzani ile Alman heyeti Irak ve Suriye\u2019deki I\u015e\u0130D tehdidini g\u00f6r\u00fc\u015ft\u00fc - Darka Mazi\" \/>\n<meta property=\"og:description\" content=\"K\u00fcrdistan B\u00f6lgesi Ba\u015fbakan\u0131 Mesrur \u200b\u200bBarzani ve\u00a0Almanya D\u0131\u015fi\u015fleri Bakan Yard\u0131mc\u0131s\u0131 Giza Andreas von Geyr, \u00e7e\u015fitli alanlarda ikili ili\u015fkilerin g\u00fc\u00e7lendirilmesinin \u00f6nemini vurgulad\u0131. Mesrur \u200b\u200bBarzani, bug\u00fcn (25 \u015eubat 2026 \u00c7ar\u015famba) D\u0131\u015fi\u015fleri Bakan Yard\u0131mc\u0131s\u0131 Giza Andreas von Geyr ba\u015fkanl\u0131\u011f\u0131ndaki Alman heyetini kabul etti. Almanya&#8217;n\u0131n Ba\u011fdat B\u00fcy\u00fckel\u00e7isi Daniel Kreber&#8217;in de kat\u0131ld\u0131\u011f\u0131 g\u00f6r\u00fc\u015fmede, \u00e7e\u015fitli alanlarda ikili ili\u015fkilerin g\u00fc\u00e7lendirilmesinin \u00f6nemi konusunda mutab\u0131k [&hellip;]\" \/>\n<meta property=\"og:url\" content=\"https:\/\/darkamazi.site\/archives\/1036531\" \/>\n<meta property=\"og:site_name\" content=\"Darka Mazi\" \/>\n<meta property=\"article:publisher\" content=\"https:\/\/www.facebook.com\/DarkaMaziturkce\" \/>\n<meta property=\"article:published_time\" content=\"2026-02-25T13:11:41+00:00\" \/>\n<meta property=\"og:image\" content=\"https:\/\/darkamazi.site\/file\/2026\/02\/2-1.jpg\" \/>\n\t<meta property=\"og:image:width\" content=\"1562\" \/>\n\t<meta property=\"og:image:height\" content=\"878\" \/>\n\t<meta property=\"og:image:type\" content=\"image\/jpeg\" \/>\n<meta name=\"author\" content=\"darka mazi\" \/>\n<meta name=\"twitter:card\" content=\"summary_large_image\" \/>\n<meta name=\"twitter:creator\" content=\"@DarkaMaziTurkce\" \/>\n<meta name=\"twitter:site\" content=\"@DarkaMaziTurkce\" \/>\n<meta name=\"twitter:label1\" content=\"Written by\" \/>\n\t<meta name=\"twitter:data1\" content=\"darka mazi\" \/>\n\t<meta name=\"twitter:label2\" content=\"Est. reading time\" \/>\n\t<meta name=\"twitter:data2\" content=\"1 minute\" \/>\n<script type=\"application\/ld+json\" class=\"seo-schema-graph\">{\"@context\":\"https:\\\/\\\/schema.org\",\"@graph\":[{\"@type\":\"NewsArticle\",\"@id\":\"https:\\\/\\\/darkamazi.site\\\/archives\\\/1036531#article\",\"isPartOf\":{\"@id\":\"https:\\\/\\\/darkamazi.site\\\/archives\\\/1036531\"},\"author\":{\"name\":\"darka mazi\",\"@id\":\"https:\\\/\\\/darkamazi.site\\\/#\\\/schema\\\/person\\\/67986a95ac546c16760365877ef4a9d3\"},\"headline\":\"Ba\u015fbakan Mesrur Barzani ile Alman heyeti Irak ve Suriye\u2019deki I\u015e\u0130D tehdidini g\u00f6r\u00fc\u015ft\u00fc\",\"datePublished\":\"2026-02-25T13:11:41+00:00\",\"mainEntityOfPage\":{\"@id\":\"https:\\\/\\\/darkamazi.site\\\/archives\\\/1036531\"},\"wordCount\":199,\"publisher\":{\"@id\":\"https:\\\/\\\/darkamazi.site\\\/#organization\"},\"image\":{\"@id\":\"https:\\\/\\\/darkamazi.site\\\/archives\\\/1036531#primaryimage\"},\"thumbnailUrl\":\"https:\\\/\\\/darkamazi.site\\\/darka-content\\\/uploads\\\/2026\\\/02\\\/2-1.jpg\",\"keywords\":[\"\u00f6nemli\"],\"articleSection\":[\"Kurdistan\"],\"inLanguage\":\"en-US\"},{\"@type\":\"WebPage\",\"@id\":\"https:\\\/\\\/darkamazi.site\\\/archives\\\/1036531\",\"url\":\"https:\\\/\\\/darkamazi.site\\\/archives\\\/1036531\",\"name\":\"Ba\u015fbakan Mesrur Barzani ile Alman heyeti Irak ve Suriye\u2019deki I\u015e\u0130D tehdidini g\u00f6r\u00fc\u015ft\u00fc - Darka Mazi\",\"isPartOf\":{\"@id\":\"https:\\\/\\\/darkamazi.site\\\/#website\"},\"primaryImageOfPage\":{\"@id\":\"https:\\\/\\\/darkamazi.site\\\/archives\\\/1036531#primaryimage\"},\"image\":{\"@id\":\"https:\\\/\\\/darkamazi.site\\\/archives\\\/1036531#primaryimage\"},\"thumbnailUrl\":\"https:\\\/\\\/darkamazi.site\\\/darka-content\\\/uploads\\\/2026\\\/02\\\/2-1.jpg\",\"datePublished\":\"2026-02-25T13:11:41+00:00\",\"breadcrumb\":{\"@id\":\"https:\\\/\\\/darkamazi.site\\\/archives\\\/1036531#breadcrumb\"},\"inLanguage\":\"en-US\",\"potentialAction\":[{\"@type\":\"ReadAction\",\"target\":[\"https:\\\/\\\/darkamazi.site\\\/archives\\\/1036531\"]}]},{\"@type\":\"ImageObject\",\"inLanguage\":\"en-US\",\"@id\":\"https:\\\/\\\/darkamazi.site\\\/archives\\\/1036531#primaryimage\",\"url\":\"https:\\\/\\\/darkamazi.site\\\/darka-content\\\/uploads\\\/2026\\\/02\\\/2-1.jpg\",\"contentUrl\":\"https:\\\/\\\/darkamazi.site\\\/darka-content\\\/uploads\\\/2026\\\/02\\\/2-1.jpg\",\"width\":1562,\"height\":878,\"caption\":\"Ba\u015fbakan Mesrur Barzani ile Alman heyeti Irak ve Suriye\u2019deki I\u015e\u0130D tehdidini g\u00f6r\u00fc\u015ft\u00fc\"},{\"@type\":\"BreadcrumbList\",\"@id\":\"https:\\\/\\\/darkamazi.site\\\/archives\\\/1036531#breadcrumb\",\"itemListElement\":[{\"@type\":\"ListItem\",\"position\":1,\"name\":\"Home\",\"item\":\"https:\\\/\\\/darkamazi.site\\\/\"},{\"@type\":\"ListItem\",\"position\":2,\"name\":\"Ba\u015fbakan Mesrur Barzani ile Alman heyeti Irak ve Suriye\u2019deki I\u015e\u0130D tehdidini g\u00f6r\u00fc\u015ft\u00fc\"}]},{\"@type\":\"WebSite\",\"@id\":\"https:\\\/\\\/darkamazi.site\\\/#website\",\"url\":\"https:\\\/\\\/darkamazi.site\\\/\",\"name\":\"Darka Mazi\",\"description\":\"Ana Sayfa\",\"publisher\":{\"@id\":\"https:\\\/\\\/darkamazi.site\\\/#organization\"},\"potentialAction\":[{\"@type\":\"SearchAction\",\"target\":{\"@type\":\"EntryPoint\",\"urlTemplate\":\"https:\\\/\\\/darkamazi.site\\\/?s={search_term_string}\"},\"query-input\":{\"@type\":\"PropertyValueSpecification\",\"valueRequired\":true,\"valueName\":\"search_term_string\"}}],\"inLanguage\":\"en-US\"},{\"@type\":\"Organization\",\"@id\":\"https:\\\/\\\/darkamazi.site\\\/#organization\",\"name\":\"Darka Mazi T\u00fcrk\u00e7e\",\"alternateName\":\"Darka Mazi\",\"url\":\"https:\\\/\\\/darkamazi.site\\\/\",\"logo\":{\"@type\":\"ImageObject\",\"inLanguage\":\"en-US\",\"@id\":\"https:\\\/\\\/darkamazi.site\\\/#\\\/schema\\\/logo\\\/image\\\/\",\"url\":\"https:\\\/\\\/darkamazi.site\\\/darka-content\\\/uploads\\\/2017\\\/12\\\/darka-mazi-logo.png\",\"contentUrl\":\"https:\\\/\\\/darkamazi.site\\\/darka-content\\\/uploads\\\/2017\\\/12\\\/darka-mazi-logo.png\",\"width\":151,\"height\":75,\"caption\":\"Darka Mazi T\u00fcrk\u00e7e\"},\"image\":{\"@id\":\"https:\\\/\\\/darkamazi.site\\\/#\\\/schema\\\/logo\\\/image\\\/\"},\"sameAs\":[\"https:\\\/\\\/www.facebook.com\\\/DarkaMaziturkce\",\"https:\\\/\\\/x.com\\\/DarkaMaziTurkce\"]},{\"@type\":\"Person\",\"@id\":\"https:\\\/\\\/darkamazi.site\\\/#\\\/schema\\\/person\\\/67986a95ac546c16760365877ef4a9d3\",\"name\":\"darka mazi\",\"sameAs\":[\"https:\\\/\\\/darkamazi.site\"],\"url\":\"https:\\\/\\\/darkamazi.site\\\/archives\\\/author\\\/turkish\"}]}<\/script>\n<!-- \/ Yoast SEO plugin. -->","seo_head_json":{"title":"Ba\u015fbakan Mesrur Barzani ile Alman heyeti Irak ve Suriye\u2019deki I\u015e\u0130D tehdidini g\u00f6r\u00fc\u015ft\u00fc - Darka Mazi","robots":{"index":"index","follow":"follow","max-snippet":"max-snippet:-1","max-image-preview":"max-image-preview:large","max-video-preview":"max-video-preview:-1"},"canonical":"https:\/\/darkamazi.site\/archives\/1036531","og_locale":"en_US","og_type":"article","og_title":"Ba\u015fbakan Mesrur Barzani ile Alman heyeti Irak ve Suriye\u2019deki I\u015e\u0130D tehdidini g\u00f6r\u00fc\u015ft\u00fc - Darka Mazi","og_description":"K\u00fcrdistan B\u00f6lgesi Ba\u015fbakan\u0131 Mesrur \u200b\u200bBarzani ve\u00a0Almanya D\u0131\u015fi\u015fleri Bakan Yard\u0131mc\u0131s\u0131 Giza Andreas von Geyr, \u00e7e\u015fitli alanlarda ikili ili\u015fkilerin g\u00fc\u00e7lendirilmesinin \u00f6nemini vurgulad\u0131. Mesrur \u200b\u200bBarzani, bug\u00fcn (25 \u015eubat 2026 \u00c7ar\u015famba) D\u0131\u015fi\u015fleri Bakan Yard\u0131mc\u0131s\u0131 Giza Andreas von Geyr ba\u015fkanl\u0131\u011f\u0131ndaki Alman heyetini kabul etti. Almanya&#8217;n\u0131n Ba\u011fdat B\u00fcy\u00fckel\u00e7isi Daniel Kreber&#8217;in de kat\u0131ld\u0131\u011f\u0131 g\u00f6r\u00fc\u015fmede, \u00e7e\u015fitli alanlarda ikili ili\u015fkilerin g\u00fc\u00e7lendirilmesinin \u00f6nemi konusunda mutab\u0131k [&hellip;]","og_url":"https:\/\/darkamazi.site\/archives\/1036531","og_site_name":"Darka Mazi","article_publisher":"https:\/\/www.facebook.com\/DarkaMaziturkce","article_published_time":"2026-02-25T13:11:41+00:00","og_image":[{"width":1562,"height":878,"url":"https:\/\/darkamazi.site\/file\/2026\/02\/2-1.jpg","type":"image\/jpeg"}],"author":"darka mazi","twitter_card":"summary_large_image","twitter_creator":"@DarkaMaziTurkce","twitter_site":"@DarkaMaziTurkce","twitter_misc":{"Written by":"darka mazi","Est. reading time":"1 minute"},"schema":{"@context":"https:\/\/schema.org","@graph":[{"@type":"NewsArticle","@id":"https:\/\/darkamazi.site\/archives\/1036531#article","isPartOf":{"@id":"https:\/\/darkamazi.site\/archives\/1036531"},"author":{"name":"darka mazi","@id":"https:\/\/darkamazi.site\/#\/schema\/person\/67986a95ac546c16760365877ef4a9d3"},"headline":"Ba\u015fbakan Mesrur Barzani ile Alman heyeti Irak ve Suriye\u2019deki I\u015e\u0130D tehdidini g\u00f6r\u00fc\u015ft\u00fc","datePublished":"2026-02-25T13:11:41+00:00","mainEntityOfPage":{"@id":"https:\/\/darkamazi.site\/archives\/1036531"},"wordCount":199,"publisher":{"@id":"https:\/\/darkamazi.site\/#organization"},"image":{"@id":"https:\/\/darkamazi.site\/archives\/1036531#primaryimage"},"thumbnailUrl":"https:\/\/darkamazi.site\/file\/2026\/02\/2-1.jpg","keywords":["\u00f6nemli"],"articleSection":["Kurdistan"],"inLanguage":"en-US"},{"@type":"WebPage","@id":"https:\/\/darkamazi.site\/archives\/1036531","url":"https:\/\/darkamazi.site\/archives\/1036531","name":"Ba\u015fbakan Mesrur Barzani ile Alman heyeti Irak ve Suriye\u2019deki I\u015e\u0130D tehdidini g\u00f6r\u00fc\u015ft\u00fc - Darka Mazi","isPartOf":{"@id":"https:\/\/darkamazi.site\/#website"},"primaryImageOfPage":{"@id":"https:\/\/darkamazi.site\/archives\/1036531#primaryimage"},"image":{"@id":"https:\/\/darkamazi.site\/archives\/1036531#primaryimage"},"thumbnailUrl":"https:\/\/darkamazi.site\/file\/2026\/02\/2-1.jpg","datePublished":"2026-02-25T13:11:41+00:00","breadcrumb":{"@id":"https:\/\/darkamazi.site\/archives\/1036531#breadcrumb"},"inLanguage":"en-US","potentialAction":[{"@type":"ReadAction","target":["https:\/\/darkamazi.site\/archives\/1036531"]}]},{"@type":"ImageObject","inLanguage":"en-US","@id":"https:\/\/darkamazi.site\/archives\/1036531#primaryimage","url":"https:\/\/darkamazi.site\/file\/2026\/02\/2-1.jpg","contentUrl":"https:\/\/darkamazi.site\/file\/2026\/02\/2-1.jpg","width":1562,"height":878,"caption":"Ba\u015fbakan Mesrur Barzani ile Alman heyeti Irak ve Suriye\u2019deki I\u015e\u0130D tehdidini g\u00f6r\u00fc\u015ft\u00fc"},{"@type":"BreadcrumbList","@id":"https:\/\/darkamazi.site\/archives\/1036531#breadcrumb","itemListElement":[{"@type":"ListItem","position":1,"name":"Home","item":"https:\/\/darkamazi.site\/"},{"@type":"ListItem","position":2,"name":"Ba\u015fbakan Mesrur Barzani ile Alman heyeti Irak ve Suriye\u2019deki I\u015e\u0130D tehdidini g\u00f6r\u00fc\u015ft\u00fc"}]},{"@type":"WebSite","@id":"https:\/\/darkamazi.site\/#website","url":"https:\/\/darkamazi.site\/","name":"Darka Mazi","description":"Ana Sayfa","publisher":{"@id":"https:\/\/darkamazi.site\/#organization"},"potentialAction":[{"@type":"SearchAction","target":{"@type":"EntryPoint","urlTemplate":"https:\/\/darkamazi.site\/?s={search_term_string}"},"query-input":{"@type":"PropertyValueSpecification","valueRequired":true,"valueName":"search_term_string"}}],"inLanguage":"en-US"},{"@type":"Organization","@id":"https:\/\/darkamazi.site\/#organization","name":"Darka Mazi T\u00fcrk\u00e7e","alternateName":"Darka Mazi","url":"https:\/\/darkamazi.site\/","logo":{"@type":"ImageObject","inLanguage":"en-US","@id":"https:\/\/darkamazi.site\/#\/schema\/logo\/image\/","url":"https:\/\/darkamazi.site\/file\/2017\/12\/darka-mazi-logo.png","contentUrl":"https:\/\/darkamazi.site\/file\/2017\/12\/darka-mazi-logo.png","width":151,"height":75,"caption":"Darka Mazi T\u00fcrk\u00e7e"},"image":{"@id":"https:\/\/darkamazi.site\/#\/schema\/logo\/image\/"},"sameAs":["https:\/\/www.facebook.com\/DarkaMaziturkce","https:\/\/x.com\/DarkaMaziTurkce"]},{"@type":"Person","@id":"https:\/\/darkamazi.site\/#\/schema\/person\/67986a95ac546c16760365877ef4a9d3","name":"darka mazi","sameAs":["https:\/\/darkamazi.site"],"url":"https:\/\/darkamazi.site\/archives\/author\/turkish"}]}},"_links":{"self":[{"href":"https:\/\/darkamazi.site\/funavuv\/wp\/v2\/posts\/1036531","targetHints":{"allow":["GET"]}}],"collection":[{"href":"https:\/\/darkamazi.site\/funavuv\/wp\/v2\/posts"}],"about":[{"href":"https:\/\/darkamazi.site\/funavuv\/wp\/v2\/types\/post"}],"author":[{"embeddable":true,"href":"https:\/\/darkamazi.site\/funavuv\/wp\/v2\/users\/2"}],"replies":[{"embeddable":true,"href":"https:\/\/darkamazi.site\/funavuv\/wp\/v2\/comments?post=1036531"}],"version-history":[{"count":0,"href":"https:\/\/darkamazi.site\/funavuv\/wp\/v2\/posts\/1036531\/revisions"}],"wp:featuredmedia":[{"embeddable":true,"href":"https:\/\/darkamazi.site\/funavuv\/wp\/v2\/media\/1036535"}],"wp:attachment":[{"href":"https:\/\/darkamazi.site\/funavuv\/wp\/v2\/media?parent=1036531"}],"wp:term":[{"taxonomy":"category","embeddable":true,"href":"https:\/\/darkamazi.site\/funavuv\/wp\/v2\/categories?post=1036531"},{"taxonomy":"post_tag","embeddable":true,"href":"https:\/\/darkamazi.site\/funavuv\/wp\/v2\/tags?post=1036531"}],"curies":[{"name":"wp","href":"https:\/\/api.w.org\/{rel}","templated":true}]}}