{"id":1036537,"date":"2026-02-26T09:56:49","date_gmt":"2026-02-26T06:56:49","guid":{"rendered":"https:\/\/darkamazi.site\/?p=1036537"},"modified":"2026-02-26T09:56:49","modified_gmt":"2026-02-26T06:56:49","slug":"suriye-hukumeti-efrine-yeni-yonetici-atadi","status":"publish","type":"post","link":"https:\/\/darkamazi.site\/archives\/1036537","title":{"rendered":"Suriye H\u00fck\u00fcmeti, Efrin\u2019e Yeni Y\u00f6netici Atad\u0131"},"content":{"rendered":"<p style=\"text-align: justify\">Suriye\u2019nin Halep Valili\u011fi, X\u00earo El\u00ee Dawid\u2019in Efrin b\u00f6lgesinin yeni y\u00f6neticisi olarak g\u00f6revlendirildi.<\/p>\n<p style=\"text-align: justify\">Suriye h\u00fck\u00fcmeti, Efrin y\u00f6netiminde de\u011fi\u015fikli\u011fe gitti.<\/p>\n<p style=\"text-align: justify\">X\u00earo El\u00ee Dawid 1993 y\u0131l\u0131nda do\u011fdu.<\/p>\n<p style=\"text-align: justify\">\u0130dlib \u00dcniversitesi Siyasal Bilgiler Fak\u00fcltesi \u00f6\u011frencisi olan Dawid daha \u00f6nce Halep Valili\u011fi Siyasi \u0130\u015fler \u0130daresi\u2019nde faaliyet ofisi sorumlusu olarak g\u00f6rev yapm\u0131\u015ft\u0131.<\/p>\n<p style=\"text-align: justify\">Aslen Efrin\u2019in Qerz\u00eal\u00ea k\u00f6y\u00fcnden olan X\u00earo El\u00ee Dawid\u2019in ailesinin, Bab b\u00f6lgesine ba\u011fl\u0131 Birc\u00ea k\u00f6y\u00fcnde ikamet etti\u011fi bildirildi.<\/p>\n","protected":false},"excerpt":{"rendered":"<p>Suriye\u2019nin Halep Valili\u011fi, X\u00earo El\u00ee Dawid\u2019in Efrin b\u00f6lgesinin yeni y\u00f6neticisi olarak g\u00f6revlendirildi. Suriye h\u00fck\u00fcmeti, Efrin y\u00f6netiminde de\u011fi\u015fikli\u011fe gitti. X\u00earo El\u00ee Dawid 1993 y\u0131l\u0131nda do\u011fdu. \u0130dlib \u00dcniversitesi Siyasal Bilgiler Fak\u00fcltesi \u00f6\u011frencisi olan Dawid daha \u00f6nce Halep Valili\u011fi Siyasi \u0130\u015fler \u0130daresi\u2019nde faaliyet ofisi sorumlusu olarak g\u00f6rev yapm\u0131\u015ft\u0131. Aslen Efrin\u2019in Qerz\u00eal\u00ea k\u00f6y\u00fcnden olan X\u00earo El\u00ee Dawid\u2019in ailesinin, Bab [&hellip;]<\/p>\n","protected":false},"author":2,"featured_media":1036538,"comment_status":"closed","ping_status":"closed","sticky":false,"template":"","format":"standard","meta":{"footnotes":""},"categories":[3],"tags":[31],"class_list":["post-1036537","post","type-post","status-publish","format-standard","has-post-thumbnail","hentry","category-kurdistan","tag-onemli"],"blocksy_meta":[],"seo_head":"<!-- This site is optimized with the Yoast SEO plugin v27.5 - https:\/\/yoast.com\/product\/yoast-seo-wordpress\/ -->\n<title>Suriye H\u00fck\u00fcmeti, Efrin\u2019e Yeni Y\u00f6netici Atad\u0131 - Darka Mazi<\/title>\n<meta name=\"robots\" content=\"index, follow, max-snippet:-1, max-image-preview:large, max-video-preview:-1\" \/>\n<link rel=\"canonical\" href=\"https:\/\/darkamazi.site\/archives\/1036537\" \/>\n<meta property=\"og:locale\" content=\"en_US\" \/>\n<meta property=\"og:type\" content=\"article\" \/>\n<meta property=\"og:title\" content=\"Suriye H\u00fck\u00fcmeti, Efrin\u2019e Yeni Y\u00f6netici Atad\u0131 - Darka Mazi\" \/>\n<meta property=\"og:description\" content=\"Suriye\u2019nin Halep Valili\u011fi, X\u00earo El\u00ee Dawid\u2019in Efrin b\u00f6lgesinin yeni y\u00f6neticisi olarak g\u00f6revlendirildi. Suriye h\u00fck\u00fcmeti, Efrin y\u00f6netiminde de\u011fi\u015fikli\u011fe gitti. X\u00earo El\u00ee Dawid 1993 y\u0131l\u0131nda do\u011fdu. \u0130dlib \u00dcniversitesi Siyasal Bilgiler Fak\u00fcltesi \u00f6\u011frencisi olan Dawid daha \u00f6nce Halep Valili\u011fi Siyasi \u0130\u015fler \u0130daresi\u2019nde faaliyet ofisi sorumlusu olarak g\u00f6rev yapm\u0131\u015ft\u0131. Aslen Efrin\u2019in Qerz\u00eal\u00ea k\u00f6y\u00fcnden olan X\u00earo El\u00ee Dawid\u2019in ailesinin, Bab [&hellip;]\" \/>\n<meta property=\"og:url\" content=\"https:\/\/darkamazi.site\/archives\/1036537\" \/>\n<meta property=\"og:site_name\" content=\"Darka Mazi\" \/>\n<meta property=\"article:publisher\" content=\"https:\/\/www.facebook.com\/DarkaMaziturkce\" \/>\n<meta property=\"article:published_time\" content=\"2026-02-26T06:56:49+00:00\" \/>\n<meta property=\"og:image\" content=\"https:\/\/darkamazi.site\/file\/2026\/02\/Efrin.jpg\" \/>\n\t<meta property=\"og:image:width\" content=\"665\" \/>\n\t<meta property=\"og:image:height\" content=\"443\" \/>\n\t<meta property=\"og:image:type\" content=\"image\/jpeg\" \/>\n<meta name=\"author\" content=\"darka mazi\" \/>\n<meta name=\"twitter:card\" content=\"summary_large_image\" \/>\n<meta name=\"twitter:creator\" content=\"@DarkaMaziTurkce\" \/>\n<meta name=\"twitter:site\" content=\"@DarkaMaziTurkce\" \/>\n<meta name=\"twitter:label1\" content=\"Written by\" \/>\n\t<meta name=\"twitter:data1\" content=\"darka mazi\" \/>\n\t<meta name=\"twitter:label2\" content=\"Est. reading time\" \/>\n\t<meta name=\"twitter:data2\" content=\"1 minute\" \/>\n<script type=\"application\/ld+json\" class=\"seo-schema-graph\">{\"@context\":\"https:\\\/\\\/schema.org\",\"@graph\":[{\"@type\":\"NewsArticle\",\"@id\":\"https:\\\/\\\/darkamazi.site\\\/archives\\\/1036537#article\",\"isPartOf\":{\"@id\":\"https:\\\/\\\/darkamazi.site\\\/archives\\\/1036537\"},\"author\":{\"name\":\"darka mazi\",\"@id\":\"https:\\\/\\\/darkamazi.site\\\/#\\\/schema\\\/person\\\/67986a95ac546c16760365877ef4a9d3\"},\"headline\":\"Suriye H\u00fck\u00fcmeti, Efrin\u2019e Yeni Y\u00f6netici Atad\u0131\",\"datePublished\":\"2026-02-26T06:56:49+00:00\",\"mainEntityOfPage\":{\"@id\":\"https:\\\/\\\/darkamazi.site\\\/archives\\\/1036537\"},\"wordCount\":104,\"publisher\":{\"@id\":\"https:\\\/\\\/darkamazi.site\\\/#organization\"},\"image\":{\"@id\":\"https:\\\/\\\/darkamazi.site\\\/archives\\\/1036537#primaryimage\"},\"thumbnailUrl\":\"https:\\\/\\\/darkamazi.site\\\/darka-content\\\/uploads\\\/2026\\\/02\\\/Efrin.jpg\",\"keywords\":[\"\u00f6nemli\"],\"articleSection\":[\"Kurdistan\"],\"inLanguage\":\"en-US\"},{\"@type\":\"WebPage\",\"@id\":\"https:\\\/\\\/darkamazi.site\\\/archives\\\/1036537\",\"url\":\"https:\\\/\\\/darkamazi.site\\\/archives\\\/1036537\",\"name\":\"Suriye H\u00fck\u00fcmeti, Efrin\u2019e Yeni Y\u00f6netici Atad\u0131 - Darka Mazi\",\"isPartOf\":{\"@id\":\"https:\\\/\\\/darkamazi.site\\\/#website\"},\"primaryImageOfPage\":{\"@id\":\"https:\\\/\\\/darkamazi.site\\\/archives\\\/1036537#primaryimage\"},\"image\":{\"@id\":\"https:\\\/\\\/darkamazi.site\\\/archives\\\/1036537#primaryimage\"},\"thumbnailUrl\":\"https:\\\/\\\/darkamazi.site\\\/darka-content\\\/uploads\\\/2026\\\/02\\\/Efrin.jpg\",\"datePublished\":\"2026-02-26T06:56:49+00:00\",\"breadcrumb\":{\"@id\":\"https:\\\/\\\/darkamazi.site\\\/archives\\\/1036537#breadcrumb\"},\"inLanguage\":\"en-US\",\"potentialAction\":[{\"@type\":\"ReadAction\",\"target\":[\"https:\\\/\\\/darkamazi.site\\\/archives\\\/1036537\"]}]},{\"@type\":\"ImageObject\",\"inLanguage\":\"en-US\",\"@id\":\"https:\\\/\\\/darkamazi.site\\\/archives\\\/1036537#primaryimage\",\"url\":\"https:\\\/\\\/darkamazi.site\\\/darka-content\\\/uploads\\\/2026\\\/02\\\/Efrin.jpg\",\"contentUrl\":\"https:\\\/\\\/darkamazi.site\\\/darka-content\\\/uploads\\\/2026\\\/02\\\/Efrin.jpg\",\"width\":665,\"height\":443,\"caption\":\"Suriye H\u00fck\u00fcmeti, Efrin\u2019e Yeni Y\u00f6netici Atad\u0131\"},{\"@type\":\"BreadcrumbList\",\"@id\":\"https:\\\/\\\/darkamazi.site\\\/archives\\\/1036537#breadcrumb\",\"itemListElement\":[{\"@type\":\"ListItem\",\"position\":1,\"name\":\"Home\",\"item\":\"https:\\\/\\\/darkamazi.site\\\/\"},{\"@type\":\"ListItem\",\"position\":2,\"name\":\"Suriye H\u00fck\u00fcmeti, Efrin\u2019e Yeni Y\u00f6netici Atad\u0131\"}]},{\"@type\":\"WebSite\",\"@id\":\"https:\\\/\\\/darkamazi.site\\\/#website\",\"url\":\"https:\\\/\\\/darkamazi.site\\\/\",\"name\":\"Darka Mazi\",\"description\":\"Ana Sayfa\",\"publisher\":{\"@id\":\"https:\\\/\\\/darkamazi.site\\\/#organization\"},\"potentialAction\":[{\"@type\":\"SearchAction\",\"target\":{\"@type\":\"EntryPoint\",\"urlTemplate\":\"https:\\\/\\\/darkamazi.site\\\/?s={search_term_string}\"},\"query-input\":{\"@type\":\"PropertyValueSpecification\",\"valueRequired\":true,\"valueName\":\"search_term_string\"}}],\"inLanguage\":\"en-US\"},{\"@type\":\"Organization\",\"@id\":\"https:\\\/\\\/darkamazi.site\\\/#organization\",\"name\":\"Darka Mazi T\u00fcrk\u00e7e\",\"alternateName\":\"Darka Mazi\",\"url\":\"https:\\\/\\\/darkamazi.site\\\/\",\"logo\":{\"@type\":\"ImageObject\",\"inLanguage\":\"en-US\",\"@id\":\"https:\\\/\\\/darkamazi.site\\\/#\\\/schema\\\/logo\\\/image\\\/\",\"url\":\"https:\\\/\\\/darkamazi.site\\\/darka-content\\\/uploads\\\/2017\\\/12\\\/darka-mazi-logo.png\",\"contentUrl\":\"https:\\\/\\\/darkamazi.site\\\/darka-content\\\/uploads\\\/2017\\\/12\\\/darka-mazi-logo.png\",\"width\":151,\"height\":75,\"caption\":\"Darka Mazi T\u00fcrk\u00e7e\"},\"image\":{\"@id\":\"https:\\\/\\\/darkamazi.site\\\/#\\\/schema\\\/logo\\\/image\\\/\"},\"sameAs\":[\"https:\\\/\\\/www.facebook.com\\\/DarkaMaziturkce\",\"https:\\\/\\\/x.com\\\/DarkaMaziTurkce\"]},{\"@type\":\"Person\",\"@id\":\"https:\\\/\\\/darkamazi.site\\\/#\\\/schema\\\/person\\\/67986a95ac546c16760365877ef4a9d3\",\"name\":\"darka mazi\",\"sameAs\":[\"https:\\\/\\\/darkamazi.site\"],\"url\":\"https:\\\/\\\/darkamazi.site\\\/archives\\\/author\\\/turkish\"}]}<\/script>\n<!-- \/ Yoast SEO plugin. -->","seo_head_json":{"title":"Suriye H\u00fck\u00fcmeti, Efrin\u2019e Yeni Y\u00f6netici Atad\u0131 - Darka Mazi","robots":{"index":"index","follow":"follow","max-snippet":"max-snippet:-1","max-image-preview":"max-image-preview:large","max-video-preview":"max-video-preview:-1"},"canonical":"https:\/\/darkamazi.site\/archives\/1036537","og_locale":"en_US","og_type":"article","og_title":"Suriye H\u00fck\u00fcmeti, Efrin\u2019e Yeni Y\u00f6netici Atad\u0131 - Darka Mazi","og_description":"Suriye\u2019nin Halep Valili\u011fi, X\u00earo El\u00ee Dawid\u2019in Efrin b\u00f6lgesinin yeni y\u00f6neticisi olarak g\u00f6revlendirildi. Suriye h\u00fck\u00fcmeti, Efrin y\u00f6netiminde de\u011fi\u015fikli\u011fe gitti. X\u00earo El\u00ee Dawid 1993 y\u0131l\u0131nda do\u011fdu. \u0130dlib \u00dcniversitesi Siyasal Bilgiler Fak\u00fcltesi \u00f6\u011frencisi olan Dawid daha \u00f6nce Halep Valili\u011fi Siyasi \u0130\u015fler \u0130daresi\u2019nde faaliyet ofisi sorumlusu olarak g\u00f6rev yapm\u0131\u015ft\u0131. Aslen Efrin\u2019in Qerz\u00eal\u00ea k\u00f6y\u00fcnden olan X\u00earo El\u00ee Dawid\u2019in ailesinin, Bab [&hellip;]","og_url":"https:\/\/darkamazi.site\/archives\/1036537","og_site_name":"Darka Mazi","article_publisher":"https:\/\/www.facebook.com\/DarkaMaziturkce","article_published_time":"2026-02-26T06:56:49+00:00","og_image":[{"width":665,"height":443,"url":"https:\/\/darkamazi.site\/file\/2026\/02\/Efrin.jpg","type":"image\/jpeg"}],"author":"darka mazi","twitter_card":"summary_large_image","twitter_creator":"@DarkaMaziTurkce","twitter_site":"@DarkaMaziTurkce","twitter_misc":{"Written by":"darka mazi","Est. reading time":"1 minute"},"schema":{"@context":"https:\/\/schema.org","@graph":[{"@type":"NewsArticle","@id":"https:\/\/darkamazi.site\/archives\/1036537#article","isPartOf":{"@id":"https:\/\/darkamazi.site\/archives\/1036537"},"author":{"name":"darka mazi","@id":"https:\/\/darkamazi.site\/#\/schema\/person\/67986a95ac546c16760365877ef4a9d3"},"headline":"Suriye H\u00fck\u00fcmeti, Efrin\u2019e Yeni Y\u00f6netici Atad\u0131","datePublished":"2026-02-26T06:56:49+00:00","mainEntityOfPage":{"@id":"https:\/\/darkamazi.site\/archives\/1036537"},"wordCount":104,"publisher":{"@id":"https:\/\/darkamazi.site\/#organization"},"image":{"@id":"https:\/\/darkamazi.site\/archives\/1036537#primaryimage"},"thumbnailUrl":"https:\/\/darkamazi.site\/file\/2026\/02\/Efrin.jpg","keywords":["\u00f6nemli"],"articleSection":["Kurdistan"],"inLanguage":"en-US"},{"@type":"WebPage","@id":"https:\/\/darkamazi.site\/archives\/1036537","url":"https:\/\/darkamazi.site\/archives\/1036537","name":"Suriye H\u00fck\u00fcmeti, Efrin\u2019e Yeni Y\u00f6netici Atad\u0131 - Darka Mazi","isPartOf":{"@id":"https:\/\/darkamazi.site\/#website"},"primaryImageOfPage":{"@id":"https:\/\/darkamazi.site\/archives\/1036537#primaryimage"},"image":{"@id":"https:\/\/darkamazi.site\/archives\/1036537#primaryimage"},"thumbnailUrl":"https:\/\/darkamazi.site\/file\/2026\/02\/Efrin.jpg","datePublished":"2026-02-26T06:56:49+00:00","breadcrumb":{"@id":"https:\/\/darkamazi.site\/archives\/1036537#breadcrumb"},"inLanguage":"en-US","potentialAction":[{"@type":"ReadAction","target":["https:\/\/darkamazi.site\/archives\/1036537"]}]},{"@type":"ImageObject","inLanguage":"en-US","@id":"https:\/\/darkamazi.site\/archives\/1036537#primaryimage","url":"https:\/\/darkamazi.site\/file\/2026\/02\/Efrin.jpg","contentUrl":"https:\/\/darkamazi.site\/file\/2026\/02\/Efrin.jpg","width":665,"height":443,"caption":"Suriye H\u00fck\u00fcmeti, Efrin\u2019e Yeni Y\u00f6netici Atad\u0131"},{"@type":"BreadcrumbList","@id":"https:\/\/darkamazi.site\/archives\/1036537#breadcrumb","itemListElement":[{"@type":"ListItem","position":1,"name":"Home","item":"https:\/\/darkamazi.site\/"},{"@type":"ListItem","position":2,"name":"Suriye H\u00fck\u00fcmeti, Efrin\u2019e Yeni Y\u00f6netici Atad\u0131"}]},{"@type":"WebSite","@id":"https:\/\/darkamazi.site\/#website","url":"https:\/\/darkamazi.site\/","name":"Darka Mazi","description":"Ana Sayfa","publisher":{"@id":"https:\/\/darkamazi.site\/#organization"},"potentialAction":[{"@type":"SearchAction","target":{"@type":"EntryPoint","urlTemplate":"https:\/\/darkamazi.site\/?s={search_term_string}"},"query-input":{"@type":"PropertyValueSpecification","valueRequired":true,"valueName":"search_term_string"}}],"inLanguage":"en-US"},{"@type":"Organization","@id":"https:\/\/darkamazi.site\/#organization","name":"Darka Mazi T\u00fcrk\u00e7e","alternateName":"Darka Mazi","url":"https:\/\/darkamazi.site\/","logo":{"@type":"ImageObject","inLanguage":"en-US","@id":"https:\/\/darkamazi.site\/#\/schema\/logo\/image\/","url":"https:\/\/darkamazi.site\/file\/2017\/12\/darka-mazi-logo.png","contentUrl":"https:\/\/darkamazi.site\/file\/2017\/12\/darka-mazi-logo.png","width":151,"height":75,"caption":"Darka Mazi T\u00fcrk\u00e7e"},"image":{"@id":"https:\/\/darkamazi.site\/#\/schema\/logo\/image\/"},"sameAs":["https:\/\/www.facebook.com\/DarkaMaziturkce","https:\/\/x.com\/DarkaMaziTurkce"]},{"@type":"Person","@id":"https:\/\/darkamazi.site\/#\/schema\/person\/67986a95ac546c16760365877ef4a9d3","name":"darka mazi","sameAs":["https:\/\/darkamazi.site"],"url":"https:\/\/darkamazi.site\/archives\/author\/turkish"}]}},"_links":{"self":[{"href":"https:\/\/darkamazi.site\/funavuv\/wp\/v2\/posts\/1036537","targetHints":{"allow":["GET"]}}],"collection":[{"href":"https:\/\/darkamazi.site\/funavuv\/wp\/v2\/posts"}],"about":[{"href":"https:\/\/darkamazi.site\/funavuv\/wp\/v2\/types\/post"}],"author":[{"embeddable":true,"href":"https:\/\/darkamazi.site\/funavuv\/wp\/v2\/users\/2"}],"replies":[{"embeddable":true,"href":"https:\/\/darkamazi.site\/funavuv\/wp\/v2\/comments?post=1036537"}],"version-history":[{"count":0,"href":"https:\/\/darkamazi.site\/funavuv\/wp\/v2\/posts\/1036537\/revisions"}],"wp:featuredmedia":[{"embeddable":true,"href":"https:\/\/darkamazi.site\/funavuv\/wp\/v2\/media\/1036538"}],"wp:attachment":[{"href":"https:\/\/darkamazi.site\/funavuv\/wp\/v2\/media?parent=1036537"}],"wp:term":[{"taxonomy":"category","embeddable":true,"href":"https:\/\/darkamazi.site\/funavuv\/wp\/v2\/categories?post=1036537"},{"taxonomy":"post_tag","embeddable":true,"href":"https:\/\/darkamazi.site\/funavuv\/wp\/v2\/tags?post=1036537"}],"curies":[{"name":"wp","href":"https:\/\/api.w.org\/{rel}","templated":true}]}}