{"id":1036545,"date":"2026-02-26T16:42:22","date_gmt":"2026-02-26T13:42:22","guid":{"rendered":"https:\/\/darkamazi.site\/?p=1036545"},"modified":"2026-02-26T16:42:22","modified_gmt":"2026-02-26T13:42:22","slug":"mit-sofrasindan-beslenmeyenler-birlesin","status":"publish","type":"post","link":"https:\/\/darkamazi.site\/archives\/1036545","title":{"rendered":"M\u0130T Sofras\u0131ndan Beslenmeyenler Birle\u015fin!\u00a0"},"content":{"rendered":"<p style=\"text-align: justify\">Politik tart\u0131\u015fmalar genellikle toplumsal olaylar\u0131\/olgular\u0131 farkl\u0131 de\u011ferlendirmekten ve buna ba\u011fl\u0131 farkl\u0131 \u00e7\u00f6z\u00fcm \u00f6nerilerinden kaynaklan\u0131r. Ancak Kuzey K\u00fcrdistan politik \u00e7evrelerinde 1999&#8217;dan beri ya\u015fanan ayr\u0131\u015fmalar bu genel kural\u0131n d\u0131\u015f\u0131ndad\u0131r. Burada ayr\u0131\u015fmalar, olaylar\u0131 farkl\u0131 yorumlamaktan de\u011fil, ayn\u0131 g\u00f6r\u00fcnen ve bilinen do\u011fruya kar\u015f\u0131 farkl\u0131 tutum ve ki\u015filik sergilemekten ileri gelmektedir.<\/p>\n<p style=\"text-align: justify\">1980-90 \u00f6ncesi d\u00f6nemlerde &#8220;PKK&#8217;nin bir devlet projesi&#8221; oldu\u011fu ger\u00e7e\u011finin yeterince bilinmemesi anla\u015f\u0131labilir. Ancak Abdullah \u00d6calan&#8217;\u0131n 1999&#8217;da T\u00fcrkiye\u2019ye gelmesi\/getirilmesiyle birlikte PKK&#8217;nin devlet projesi niteli\u011fi ve K\u00fcrd\/K\u00fcrdistan kar\u015f\u0131tl\u0131\u011f\u0131 \u00fczerine kuruldu\u011fu herkes\u00e7e daha net g\u00f6r\u00fclmeye ba\u015flad\u0131. \u00d6calan\u2019\u0131n kendisi PKK&#8217;nin kurulu\u015funda \u00f6rt\u00fcl\u00fc \u00f6denekten (dolay\u0131s\u0131yla M\u0130T kaynakl\u0131) para al\u0131nd\u0131\u011f\u0131n\u0131 \u00e7e\u015fitli r\u00f6portajlar\u0131nda dile getirmi\u015fti. Buna ra\u011fmen Kuzey K\u00fcrdistan&#8217;daki bir\u00e7ok politik yap\u0131 \u0131srarla &#8220;Hay\u0131r, PKK ulusal bir harekettir ve onunla birlik yapmal\u0131y\u0131z&#8221; diyerek bu \u00e7\u0131plak ger\u00e7e\u011fin g\u00f6r\u00fclmesine engel olmaya \u00e7al\u0131\u015ft\u0131. PKK&#8217;nin somut eylemleri de bu tezi do\u011frulamaktayd\u0131:<\/p>\n<p style=\"text-align: justify\">G\u00fcney K\u00fcrdistan&#8217;daki kazan\u0131mlara fa\u015fist\u00e7e sald\u0131r\u0131lar,<\/p>\n<p style=\"text-align: justify\">Suriye&#8217;de (G\u00fcneybat\u0131 K\u00fcrdistan) Esad rejimine ba\u011flanarak ulusal talepleri fa\u015fizan y\u00f6ntemlerle bast\u0131rmas\u0131,<\/p>\n<p style=\"text-align: justify\">&#8220;Ulus-devlet ilkeldir&#8221; s\u00f6ylemini sahiplenmesi,<\/p>\n<p style=\"text-align: justify\">TC fa\u015fizmiyle \u00f6zde\u015f &#8220;tek bayrak, tek vatan, tek devlet&#8221; tek\u00e7ili\u011fini savunmas\u0131,<\/p>\n<p style=\"text-align: justify\">K\u00fcrdistan&#8217;\u0131n b\u00f6l\u00fcnm\u00fc\u015fl\u00fc\u011f\u00fcn\u00fc ve i\u015fgalini me\u015frula\u015ft\u0131ran Misak-\u0131 Milli&#8217;yi dillendirecek kadar devlet\u00e7i bir \u00e7izgiye kaymas\u0131\u2026<\/p>\n<p style=\"text-align: justify\">T\u00fcm bu verilere ra\u011fmen &#8220;birlik&#8221; s\u00f6ylemleriyle PKK&#8217;yi aklama \u00e7abalar\u0131 s\u00fcrd\u00fc. Ancak son y\u0131llarda, \u00f6zellikle 2025-2026&#8217;da ya\u015fanan geli\u015fmelerle birlikte baz\u0131 politik \u00e7evreler PKK&#8217;yi ele\u015ftirmeye ba\u015flad\u0131. Be\u015fir Atalay&#8217;\u0131n ge\u00e7mi\u015fte &#8220;HDP&#8217;yi M\u0130T kurdu&#8221; mealindeki a\u00e7\u0131klamalar\u0131 (a\u00e7\u0131l\u0131m s\u00fcrecinde \u00d6calan ve M\u0130T\u2019in talimat\u0131yla HDP&#8217;nin kuruldu\u011funu\u00a0 s\u00f6ylemesi) ve MHP&#8217;li Sinan O\u011fan&#8217;\u0131n &#8220;Bu se\u00e7im Demirta\u015f&#8217;\u0131n ki\u015fili\u011fiyle HDP&#8217;yi T\u00fcrkiyelile\u015ftirdi; etnik temelden sistemle uyumlu partiye d\u00f6n\u00fc\u015ft\u00fcrd\u00fc, bu T\u00fcrkiye i\u00e7in kazan\u0131md\u0131r&#8221; s\u00f6zleri ele\u015ftiri konusu yap\u0131l\u0131yordu. Oysa bu a\u00e7\u0131klamalar, &#8220;devletle\u015fme ilkeldir, devlet istemiyoruz, Ortado\u011fu&#8217;yu demokratikle\u015ftirece\u011fiz&#8221; gibi a\u00e7\u0131k\u00e7a K\u00fcrd\/K\u00fcrdistan kar\u015f\u0131t\u0131 s\u00f6ylemlerin yan\u0131nda olduk\u00e7a hafif kal\u0131yordu. HDP&#8217;nin M\u0130T\/\u0130mral\u0131 ba\u011flant\u0131l\u0131 kuruldu\u011funu anlamak i\u00e7in devlet yetkilisi a\u00e7\u0131klamas\u0131na gerek yoktu asl\u0131nda. \u0130mral\u0131 avukat g\u00f6r\u00fc\u015fmelerini takip edenler, HDP&#8217;nin fiilen \u0130mral\u0131&#8217;da \u015fekillendi\u011fini biliyordu. \u0130mral\u0131&#8217;da kurulan bir yap\u0131n\u0131n do\u011frudan devlet istihbarat\u0131n\u0131n \u00fcr\u00fcn\u00fc olaca\u011f\u0131n\u0131 g\u00f6rmek i\u00e7in dahi y\u00fcksek zek\u00e2 de\u011fil, yeterli ki\u015filik ve cesaret yeterliydi.<\/p>\n<p style=\"text-align: justify\">Ayn\u0131 de\u011ferlendirme \u0130mral\u0131&#8217;da \u015fekillenen KCK i\u00e7in de ge\u00e7erlidir. Devlet istedi\u011finde &#8220;ku\u015f u\u00e7urtmazken&#8221;, bir \u00f6rg\u00fct\u00fcn \u0130mral\u0131&#8217;dan gelen direktiflerle kurulup y\u00f6netilmesine izin veriyorsa, bunun tek anlam\u0131 vard\u0131r: Devlet bu i\u015fin ba\u015f\u0131ndad\u0131r ve \u00f6rg\u00fct\u00fc y\u00f6netmektedir. PKK, ta\u015feron rol\u00fcn\u00fc y\u0131llarca en iyi \u015fekilde oynad\u0131. Tahribat\u0131n\u0131 yapt\u0131, rol\u00fcn\u00fc devlet lehine tamamlad\u0131. 2025&#8217;te ba\u015flayan ve 2026\u2019da somutla\u015fan &#8220;silah b\u0131rakma, kendini feshetme&#8221; s\u00fcreciyle birlikte art\u0131k &#8220;PKK&#8217;nin devlet projesi oldu\u011fu&#8221; ger\u00e7e\u011fini dillendirmenin pratik anlam\u0131 b\u00fcy\u00fck \u00f6l\u00e7\u00fcde kalmad\u0131. \u00c7\u00fcnk\u00fc yapabilece\u011fi en b\u00fcy\u00fck zarar\u0131 verdi ve sahneden \u00e7ekilme a\u015famas\u0131na geldi.<\/p>\n<p style=\"text-align: justify\">M\u0130T&#8217;in PKK\/YPG hedeflerine y\u00f6nelik operasyonlar\u0131, \u00e7ekilme s\u00fcre\u00e7lerini denetleme rol\u00fc ve \u00d6calan&#8217;\u0131n inisiyatifiyle gelen fesih a\u00e7\u0131klamalar\u0131, bu rol\u00fcn bitti\u011fini g\u00f6steriyor. PKK&#8217;nin ger\u00e7ek rol\u00fcn\u00fc h\u00e2l\u00e2 g\u00f6rmeyenler, \u00f6ng\u00f6r\u00fc yoksunlu\u011fu ve ger\u00e7ekli\u011fi alg\u0131layamama nedeniyle siyaset sahnesine veda etmelidir.<\/p>\n<p style=\"text-align: justify\">Ger\u00e7e\u011fi g\u00f6rd\u00fckleri halde ses \u00e7\u0131karmayanlar ise korkakl\u0131k ve ki\u015filiksizlik nedeniyle sahneden \u00e7ekilmelidir. Kuzey K\u00fcrdistan&#8217;da PKK&#8217;nin rol\u00fcn\u00fc ba\u015ftan beri g\u00f6ren ve dillendirenler bir elin parmaklar\u0131n\u0131 ge\u00e7mez. Bu nedenle sadece PKK de\u011fil, onu aklayanlar, misyonunu g\u00f6rmeyenler veya g\u00f6r\u00fcp dillendiremeyenler de en az PKK kadar sorumludur. Bu durum, Kuzey&#8217;deki neredeyse t\u00fcm politik yap\u0131lar\u0131n\/akt\u00f6rlerin kirli ve t\u00fckenmi\u015f oldu\u011funu ortaya koyuyor. Bu nedenle: Bu yap\u0131lar ve akt\u00f6rlerle hi\u00e7bir ko\u015fulda bir araya gelinmemeli,<\/p>\n<p style=\"text-align: justify\">Devletle\u015fme tek ama\u00e7 olarak belirlenmeli,<\/p>\n<p style=\"text-align: justify\">PKK kirine bula\u015fmam\u0131\u015f, yeni bir anlay\u0131\u015fla Ulusal Kurtulu\u015f M\u00fccadelesi ba\u015flat\u0131lmal\u0131d\u0131r.<\/p>\n<p style=\"text-align: justify\">Bu temel ama\u00e7 (devletle\u015fme) etraf\u0131nda, PKK kirine bula\u015fmayan K\u00fcrdler\/K\u00fcrdistanl\u0131lar aras\u0131nda kurulacak ittifak, ger\u00e7ek anlamda K\u00fcrd ulusal birli\u011fi olur. Bu birli\u011fe kat\u0131lman\u0131n ilk kriteri, &#8220;PKK&#8217;ye bula\u015fmam\u0131\u015f ve hi\u00e7bir ko\u015fulda PKK politikalar\u0131na boyun e\u011fmemi\u015f olmak&#8221;t\u0131r. Di\u011ferlerinin dillendirdi\u011fi &#8220;birlik&#8221; ise PKK&#8217;ye itaat edilen birliktir ve K\u00fcrdl\u00fckle ilgisi yoktur. Dahas\u0131, PKK ile yap\u0131lan\/her yap\u0131lacak birlik, \u00f6z\u00fcnde Devlet\/M\u0130T ile yap\u0131lm\u0131\u015f\/yap\u0131lacak birliktir. PKK ile ki\u015fili\u011fini yitirenlerin &#8220;yeni parti\/\u00f6rg\u00fct&#8221; giri\u015fimleri aldatmacad\u0131r ve PKK&#8217;nin devlet\u00e7i misyonunu s\u00fcrd\u00fcrmek anlam\u0131na gelir. K\u00fcrdler net iki kampa ayr\u0131lm\u0131\u015f durumdad\u0131r: M\u0130T-PKK ve aklay\u0131c\u0131lar\u0131, kuyruk\u00e7ular\u0131, yalakalar\u0131 Entegrasyoncu cephe<\/p>\n<p style=\"text-align: justify\">Devletle\u015fmeyi ko\u015fulsuz savunan, hi\u00e7bir zaman PKK\/M\u0130T sofras\u0131ndan beslenmemi\u015f yurtsever cephe<\/p>\n<p style=\"text-align: justify\">Politik arena bu iki cephenin d\u00fc\u015f\u00fcnsel ve pratik hesapla\u015fmas\u0131na gebedir. \u00c7\u00fcnk\u00fc Ulusal Kurtulu\u015f M\u00fccadelesi&#8217;nin \u00f6n\u00fcndeki en b\u00fcy\u00fck engel PKK ve aklay\u0131c\u0131lar\u0131d\u0131r. Bunlarla hesapla\u015fmadan s\u00f6m\u00fcrgecilere kar\u015f\u0131 ger\u00e7ek bir m\u00fccadeleden s\u00f6z edilemez. Ve 2026 itibar\u0131yla PKK&#8217;nin fesih\/silah b\u0131rakma s\u00fcreci, bu hesapla\u015fmay\u0131 daha da acil ve zorunlu k\u0131lmaktad\u0131r.<\/p>\n<p style=\"text-align: justify\">S\u00fcleyman Akkoyun<\/p>\n","protected":false},"excerpt":{"rendered":"<p>Politik tart\u0131\u015fmalar genellikle toplumsal olaylar\u0131\/olgular\u0131 farkl\u0131 de\u011ferlendirmekten ve buna ba\u011fl\u0131 farkl\u0131 \u00e7\u00f6z\u00fcm \u00f6nerilerinden kaynaklan\u0131r. Ancak Kuzey K\u00fcrdistan politik \u00e7evrelerinde 1999&#8217;dan beri ya\u015fanan ayr\u0131\u015fmalar bu genel kural\u0131n d\u0131\u015f\u0131ndad\u0131r. Burada ayr\u0131\u015fmalar, olaylar\u0131 farkl\u0131 yorumlamaktan de\u011fil, ayn\u0131 g\u00f6r\u00fcnen ve bilinen do\u011fruya kar\u015f\u0131 farkl\u0131 tutum ve ki\u015filik sergilemekten ileri gelmektedir. 1980-90 \u00f6ncesi d\u00f6nemlerde &#8220;PKK&#8217;nin bir devlet projesi&#8221; oldu\u011fu ger\u00e7e\u011finin [&hellip;]<\/p>\n","protected":false},"author":2,"featured_media":1036546,"comment_status":"closed","ping_status":"closed","sticky":false,"template":"","format":"standard","meta":{"footnotes":""},"categories":[3],"tags":[31],"class_list":["post-1036545","post","type-post","status-publish","format-standard","has-post-thumbnail","hentry","category-kurdistan","tag-onemli"],"blocksy_meta":[],"seo_head":"<!-- This site is optimized with the Yoast SEO plugin v27.5 - https:\/\/yoast.com\/product\/yoast-seo-wordpress\/ -->\n<title>M\u0130T Sofras\u0131ndan Beslenmeyenler Birle\u015fin!\u00a0 - Darka Mazi<\/title>\n<meta name=\"robots\" content=\"index, follow, max-snippet:-1, max-image-preview:large, max-video-preview:-1\" \/>\n<link rel=\"canonical\" href=\"https:\/\/darkamazi.site\/archives\/1036545\" \/>\n<meta property=\"og:locale\" content=\"en_US\" \/>\n<meta property=\"og:type\" content=\"article\" \/>\n<meta property=\"og:title\" content=\"M\u0130T Sofras\u0131ndan Beslenmeyenler Birle\u015fin!\u00a0 - Darka Mazi\" \/>\n<meta property=\"og:description\" content=\"Politik tart\u0131\u015fmalar genellikle toplumsal olaylar\u0131\/olgular\u0131 farkl\u0131 de\u011ferlendirmekten ve buna ba\u011fl\u0131 farkl\u0131 \u00e7\u00f6z\u00fcm \u00f6nerilerinden kaynaklan\u0131r. Ancak Kuzey K\u00fcrdistan politik \u00e7evrelerinde 1999&#8217;dan beri ya\u015fanan ayr\u0131\u015fmalar bu genel kural\u0131n d\u0131\u015f\u0131ndad\u0131r. Burada ayr\u0131\u015fmalar, olaylar\u0131 farkl\u0131 yorumlamaktan de\u011fil, ayn\u0131 g\u00f6r\u00fcnen ve bilinen do\u011fruya kar\u015f\u0131 farkl\u0131 tutum ve ki\u015filik sergilemekten ileri gelmektedir. 1980-90 \u00f6ncesi d\u00f6nemlerde &#8220;PKK&#8217;nin bir devlet projesi&#8221; oldu\u011fu ger\u00e7e\u011finin [&hellip;]\" \/>\n<meta property=\"og:url\" content=\"https:\/\/darkamazi.site\/archives\/1036545\" \/>\n<meta property=\"og:site_name\" content=\"Darka Mazi\" \/>\n<meta property=\"article:publisher\" content=\"https:\/\/www.facebook.com\/DarkaMaziturkce\" \/>\n<meta property=\"article:published_time\" content=\"2026-02-26T13:42:22+00:00\" \/>\n<meta property=\"og:image\" content=\"https:\/\/darkamazi.site\/file\/2026\/02\/Suleyman-Akkoyun.jpg\" \/>\n\t<meta property=\"og:image:width\" content=\"900\" \/>\n\t<meta property=\"og:image:height\" content=\"497\" \/>\n\t<meta property=\"og:image:type\" content=\"image\/jpeg\" \/>\n<meta name=\"author\" content=\"darka mazi\" \/>\n<meta name=\"twitter:card\" content=\"summary_large_image\" \/>\n<meta name=\"twitter:creator\" content=\"@DarkaMaziTurkce\" \/>\n<meta name=\"twitter:site\" content=\"@DarkaMaziTurkce\" \/>\n<meta name=\"twitter:label1\" content=\"Written by\" \/>\n\t<meta name=\"twitter:data1\" content=\"darka mazi\" \/>\n\t<meta name=\"twitter:label2\" content=\"Est. reading time\" \/>\n\t<meta name=\"twitter:data2\" content=\"3 minutes\" \/>\n<script type=\"application\/ld+json\" class=\"seo-schema-graph\">{\"@context\":\"https:\\\/\\\/schema.org\",\"@graph\":[{\"@type\":\"NewsArticle\",\"@id\":\"https:\\\/\\\/darkamazi.site\\\/archives\\\/1036545#article\",\"isPartOf\":{\"@id\":\"https:\\\/\\\/darkamazi.site\\\/archives\\\/1036545\"},\"author\":{\"name\":\"darka mazi\",\"@id\":\"https:\\\/\\\/darkamazi.site\\\/#\\\/schema\\\/person\\\/67986a95ac546c16760365877ef4a9d3\"},\"headline\":\"M\u0130T Sofras\u0131ndan Beslenmeyenler Birle\u015fin!\u00a0\",\"datePublished\":\"2026-02-26T13:42:22+00:00\",\"mainEntityOfPage\":{\"@id\":\"https:\\\/\\\/darkamazi.site\\\/archives\\\/1036545\"},\"wordCount\":1012,\"publisher\":{\"@id\":\"https:\\\/\\\/darkamazi.site\\\/#organization\"},\"image\":{\"@id\":\"https:\\\/\\\/darkamazi.site\\\/archives\\\/1036545#primaryimage\"},\"thumbnailUrl\":\"https:\\\/\\\/darkamazi.site\\\/darka-content\\\/uploads\\\/2026\\\/02\\\/Suleyman-Akkoyun.jpg\",\"keywords\":[\"\u00f6nemli\"],\"articleSection\":[\"Kurdistan\"],\"inLanguage\":\"en-US\"},{\"@type\":\"WebPage\",\"@id\":\"https:\\\/\\\/darkamazi.site\\\/archives\\\/1036545\",\"url\":\"https:\\\/\\\/darkamazi.site\\\/archives\\\/1036545\",\"name\":\"M\u0130T Sofras\u0131ndan Beslenmeyenler Birle\u015fin!\u00a0 - Darka Mazi\",\"isPartOf\":{\"@id\":\"https:\\\/\\\/darkamazi.site\\\/#website\"},\"primaryImageOfPage\":{\"@id\":\"https:\\\/\\\/darkamazi.site\\\/archives\\\/1036545#primaryimage\"},\"image\":{\"@id\":\"https:\\\/\\\/darkamazi.site\\\/archives\\\/1036545#primaryimage\"},\"thumbnailUrl\":\"https:\\\/\\\/darkamazi.site\\\/darka-content\\\/uploads\\\/2026\\\/02\\\/Suleyman-Akkoyun.jpg\",\"datePublished\":\"2026-02-26T13:42:22+00:00\",\"breadcrumb\":{\"@id\":\"https:\\\/\\\/darkamazi.site\\\/archives\\\/1036545#breadcrumb\"},\"inLanguage\":\"en-US\",\"potentialAction\":[{\"@type\":\"ReadAction\",\"target\":[\"https:\\\/\\\/darkamazi.site\\\/archives\\\/1036545\"]}]},{\"@type\":\"ImageObject\",\"inLanguage\":\"en-US\",\"@id\":\"https:\\\/\\\/darkamazi.site\\\/archives\\\/1036545#primaryimage\",\"url\":\"https:\\\/\\\/darkamazi.site\\\/darka-content\\\/uploads\\\/2026\\\/02\\\/Suleyman-Akkoyun.jpg\",\"contentUrl\":\"https:\\\/\\\/darkamazi.site\\\/darka-content\\\/uploads\\\/2026\\\/02\\\/Suleyman-Akkoyun.jpg\",\"width\":900,\"height\":497,\"caption\":\"Do\u011fu K\u00fcrdistan'da F\u0131rsatlar ve Engeller\"},{\"@type\":\"BreadcrumbList\",\"@id\":\"https:\\\/\\\/darkamazi.site\\\/archives\\\/1036545#breadcrumb\",\"itemListElement\":[{\"@type\":\"ListItem\",\"position\":1,\"name\":\"Home\",\"item\":\"https:\\\/\\\/darkamazi.site\\\/\"},{\"@type\":\"ListItem\",\"position\":2,\"name\":\"M\u0130T Sofras\u0131ndan Beslenmeyenler Birle\u015fin!\u00a0\"}]},{\"@type\":\"WebSite\",\"@id\":\"https:\\\/\\\/darkamazi.site\\\/#website\",\"url\":\"https:\\\/\\\/darkamazi.site\\\/\",\"name\":\"Darka Mazi\",\"description\":\"Ana Sayfa\",\"publisher\":{\"@id\":\"https:\\\/\\\/darkamazi.site\\\/#organization\"},\"potentialAction\":[{\"@type\":\"SearchAction\",\"target\":{\"@type\":\"EntryPoint\",\"urlTemplate\":\"https:\\\/\\\/darkamazi.site\\\/?s={search_term_string}\"},\"query-input\":{\"@type\":\"PropertyValueSpecification\",\"valueRequired\":true,\"valueName\":\"search_term_string\"}}],\"inLanguage\":\"en-US\"},{\"@type\":\"Organization\",\"@id\":\"https:\\\/\\\/darkamazi.site\\\/#organization\",\"name\":\"Darka Mazi T\u00fcrk\u00e7e\",\"alternateName\":\"Darka Mazi\",\"url\":\"https:\\\/\\\/darkamazi.site\\\/\",\"logo\":{\"@type\":\"ImageObject\",\"inLanguage\":\"en-US\",\"@id\":\"https:\\\/\\\/darkamazi.site\\\/#\\\/schema\\\/logo\\\/image\\\/\",\"url\":\"https:\\\/\\\/darkamazi.site\\\/darka-content\\\/uploads\\\/2017\\\/12\\\/darka-mazi-logo.png\",\"contentUrl\":\"https:\\\/\\\/darkamazi.site\\\/darka-content\\\/uploads\\\/2017\\\/12\\\/darka-mazi-logo.png\",\"width\":151,\"height\":75,\"caption\":\"Darka Mazi T\u00fcrk\u00e7e\"},\"image\":{\"@id\":\"https:\\\/\\\/darkamazi.site\\\/#\\\/schema\\\/logo\\\/image\\\/\"},\"sameAs\":[\"https:\\\/\\\/www.facebook.com\\\/DarkaMaziturkce\",\"https:\\\/\\\/x.com\\\/DarkaMaziTurkce\"]},{\"@type\":\"Person\",\"@id\":\"https:\\\/\\\/darkamazi.site\\\/#\\\/schema\\\/person\\\/67986a95ac546c16760365877ef4a9d3\",\"name\":\"darka mazi\",\"sameAs\":[\"https:\\\/\\\/darkamazi.site\"],\"url\":\"https:\\\/\\\/darkamazi.site\\\/archives\\\/author\\\/turkish\"}]}<\/script>\n<!-- \/ Yoast SEO plugin. -->","seo_head_json":{"title":"M\u0130T Sofras\u0131ndan Beslenmeyenler Birle\u015fin!\u00a0 - Darka Mazi","robots":{"index":"index","follow":"follow","max-snippet":"max-snippet:-1","max-image-preview":"max-image-preview:large","max-video-preview":"max-video-preview:-1"},"canonical":"https:\/\/darkamazi.site\/archives\/1036545","og_locale":"en_US","og_type":"article","og_title":"M\u0130T Sofras\u0131ndan Beslenmeyenler Birle\u015fin!\u00a0 - Darka Mazi","og_description":"Politik tart\u0131\u015fmalar genellikle toplumsal olaylar\u0131\/olgular\u0131 farkl\u0131 de\u011ferlendirmekten ve buna ba\u011fl\u0131 farkl\u0131 \u00e7\u00f6z\u00fcm \u00f6nerilerinden kaynaklan\u0131r. Ancak Kuzey K\u00fcrdistan politik \u00e7evrelerinde 1999&#8217;dan beri ya\u015fanan ayr\u0131\u015fmalar bu genel kural\u0131n d\u0131\u015f\u0131ndad\u0131r. Burada ayr\u0131\u015fmalar, olaylar\u0131 farkl\u0131 yorumlamaktan de\u011fil, ayn\u0131 g\u00f6r\u00fcnen ve bilinen do\u011fruya kar\u015f\u0131 farkl\u0131 tutum ve ki\u015filik sergilemekten ileri gelmektedir. 1980-90 \u00f6ncesi d\u00f6nemlerde &#8220;PKK&#8217;nin bir devlet projesi&#8221; oldu\u011fu ger\u00e7e\u011finin [&hellip;]","og_url":"https:\/\/darkamazi.site\/archives\/1036545","og_site_name":"Darka Mazi","article_publisher":"https:\/\/www.facebook.com\/DarkaMaziturkce","article_published_time":"2026-02-26T13:42:22+00:00","og_image":[{"width":900,"height":497,"url":"https:\/\/darkamazi.site\/file\/2026\/02\/Suleyman-Akkoyun.jpg","type":"image\/jpeg"}],"author":"darka mazi","twitter_card":"summary_large_image","twitter_creator":"@DarkaMaziTurkce","twitter_site":"@DarkaMaziTurkce","twitter_misc":{"Written by":"darka mazi","Est. reading time":"3 minutes"},"schema":{"@context":"https:\/\/schema.org","@graph":[{"@type":"NewsArticle","@id":"https:\/\/darkamazi.site\/archives\/1036545#article","isPartOf":{"@id":"https:\/\/darkamazi.site\/archives\/1036545"},"author":{"name":"darka mazi","@id":"https:\/\/darkamazi.site\/#\/schema\/person\/67986a95ac546c16760365877ef4a9d3"},"headline":"M\u0130T Sofras\u0131ndan Beslenmeyenler Birle\u015fin!\u00a0","datePublished":"2026-02-26T13:42:22+00:00","mainEntityOfPage":{"@id":"https:\/\/darkamazi.site\/archives\/1036545"},"wordCount":1012,"publisher":{"@id":"https:\/\/darkamazi.site\/#organization"},"image":{"@id":"https:\/\/darkamazi.site\/archives\/1036545#primaryimage"},"thumbnailUrl":"https:\/\/darkamazi.site\/file\/2026\/02\/Suleyman-Akkoyun.jpg","keywords":["\u00f6nemli"],"articleSection":["Kurdistan"],"inLanguage":"en-US"},{"@type":"WebPage","@id":"https:\/\/darkamazi.site\/archives\/1036545","url":"https:\/\/darkamazi.site\/archives\/1036545","name":"M\u0130T Sofras\u0131ndan Beslenmeyenler Birle\u015fin!\u00a0 - Darka Mazi","isPartOf":{"@id":"https:\/\/darkamazi.site\/#website"},"primaryImageOfPage":{"@id":"https:\/\/darkamazi.site\/archives\/1036545#primaryimage"},"image":{"@id":"https:\/\/darkamazi.site\/archives\/1036545#primaryimage"},"thumbnailUrl":"https:\/\/darkamazi.site\/file\/2026\/02\/Suleyman-Akkoyun.jpg","datePublished":"2026-02-26T13:42:22+00:00","breadcrumb":{"@id":"https:\/\/darkamazi.site\/archives\/1036545#breadcrumb"},"inLanguage":"en-US","potentialAction":[{"@type":"ReadAction","target":["https:\/\/darkamazi.site\/archives\/1036545"]}]},{"@type":"ImageObject","inLanguage":"en-US","@id":"https:\/\/darkamazi.site\/archives\/1036545#primaryimage","url":"https:\/\/darkamazi.site\/file\/2026\/02\/Suleyman-Akkoyun.jpg","contentUrl":"https:\/\/darkamazi.site\/file\/2026\/02\/Suleyman-Akkoyun.jpg","width":900,"height":497,"caption":"Do\u011fu K\u00fcrdistan'da F\u0131rsatlar ve Engeller"},{"@type":"BreadcrumbList","@id":"https:\/\/darkamazi.site\/archives\/1036545#breadcrumb","itemListElement":[{"@type":"ListItem","position":1,"name":"Home","item":"https:\/\/darkamazi.site\/"},{"@type":"ListItem","position":2,"name":"M\u0130T Sofras\u0131ndan Beslenmeyenler Birle\u015fin!\u00a0"}]},{"@type":"WebSite","@id":"https:\/\/darkamazi.site\/#website","url":"https:\/\/darkamazi.site\/","name":"Darka Mazi","description":"Ana Sayfa","publisher":{"@id":"https:\/\/darkamazi.site\/#organization"},"potentialAction":[{"@type":"SearchAction","target":{"@type":"EntryPoint","urlTemplate":"https:\/\/darkamazi.site\/?s={search_term_string}"},"query-input":{"@type":"PropertyValueSpecification","valueRequired":true,"valueName":"search_term_string"}}],"inLanguage":"en-US"},{"@type":"Organization","@id":"https:\/\/darkamazi.site\/#organization","name":"Darka Mazi T\u00fcrk\u00e7e","alternateName":"Darka Mazi","url":"https:\/\/darkamazi.site\/","logo":{"@type":"ImageObject","inLanguage":"en-US","@id":"https:\/\/darkamazi.site\/#\/schema\/logo\/image\/","url":"https:\/\/darkamazi.site\/file\/2017\/12\/darka-mazi-logo.png","contentUrl":"https:\/\/darkamazi.site\/file\/2017\/12\/darka-mazi-logo.png","width":151,"height":75,"caption":"Darka Mazi T\u00fcrk\u00e7e"},"image":{"@id":"https:\/\/darkamazi.site\/#\/schema\/logo\/image\/"},"sameAs":["https:\/\/www.facebook.com\/DarkaMaziturkce","https:\/\/x.com\/DarkaMaziTurkce"]},{"@type":"Person","@id":"https:\/\/darkamazi.site\/#\/schema\/person\/67986a95ac546c16760365877ef4a9d3","name":"darka mazi","sameAs":["https:\/\/darkamazi.site"],"url":"https:\/\/darkamazi.site\/archives\/author\/turkish"}]}},"_links":{"self":[{"href":"https:\/\/darkamazi.site\/funavuv\/wp\/v2\/posts\/1036545","targetHints":{"allow":["GET"]}}],"collection":[{"href":"https:\/\/darkamazi.site\/funavuv\/wp\/v2\/posts"}],"about":[{"href":"https:\/\/darkamazi.site\/funavuv\/wp\/v2\/types\/post"}],"author":[{"embeddable":true,"href":"https:\/\/darkamazi.site\/funavuv\/wp\/v2\/users\/2"}],"replies":[{"embeddable":true,"href":"https:\/\/darkamazi.site\/funavuv\/wp\/v2\/comments?post=1036545"}],"version-history":[{"count":0,"href":"https:\/\/darkamazi.site\/funavuv\/wp\/v2\/posts\/1036545\/revisions"}],"wp:featuredmedia":[{"embeddable":true,"href":"https:\/\/darkamazi.site\/funavuv\/wp\/v2\/media\/1036546"}],"wp:attachment":[{"href":"https:\/\/darkamazi.site\/funavuv\/wp\/v2\/media?parent=1036545"}],"wp:term":[{"taxonomy":"category","embeddable":true,"href":"https:\/\/darkamazi.site\/funavuv\/wp\/v2\/categories?post=1036545"},{"taxonomy":"post_tag","embeddable":true,"href":"https:\/\/darkamazi.site\/funavuv\/wp\/v2\/tags?post=1036545"}],"curies":[{"name":"wp","href":"https:\/\/api.w.org\/{rel}","templated":true}]}}