{"id":1036552,"date":"2026-02-26T17:46:41","date_gmt":"2026-02-26T14:46:41","guid":{"rendered":"https:\/\/darkamazi.site\/?p=1036552"},"modified":"2026-02-26T17:54:31","modified_gmt":"2026-02-26T14:54:31","slug":"dogu-kurdistanli-partilerden-riza-pehlivinin-aciklamasina-cevap-verdi-siz-her-zaman-teslimiyet-ruhunu-temsil-ettiniz","status":"publish","type":"post","link":"https:\/\/darkamazi.site\/archives\/1036552","title":{"rendered":"Do\u011fu K\u00fcrdistanl\u0131 Partiler R\u0131za Pehlevi&#8217;nin a\u00e7\u0131klamas\u0131na cevap verdi: Siz her zaman teslimiyet ruhunu temsil ettiniz"},"content":{"rendered":"<p style=\"text-align: justify\">R\u0131za Pehlevi\u2019nin Do\u011fu K\u00fcrdistanl\u0131 partiler ittifak\u0131n\u0131 \u201cayr\u0131l\u0131k\u00e7\u0131\u201d olarak de\u011ferlendirmesi ve daha sonra da \u201c\u0130ran\u2019\u0131n b\u00fct\u00fcnl\u00fc\u011f\u00fc tart\u0131\u015fmaya kapal\u0131d\u0131r\u201d a\u00e7\u0131klamas\u0131 yapm\u0131\u015ft\u0131. \u0130ttifak Pehlevi\u2019ye sert bir cevap verdi ve &#8216;tarihsel bir ger\u00e7ekli\u011fi unutmu\u015f g\u00f6r\u00fcn\u00fcyor&#8217; s\u00f6zleri ile tepki g\u00f6sterdi<\/p>\n<p style=\"text-align: justify\">\u0130ran&#8217;da be\u015f K\u00fcrt siyasi parti, uzun s\u00fcredir y\u00fcr\u00fct\u00fclen g\u00f6r\u00fc\u015fmelerin ard\u0131ndan ortak bir \u00e7er\u00e7eve metnine imza atarak birle\u015fik bir siyasi cephe kurduklar\u0131n\u0131 22 \u015eubat\u2019ta duyurmu\u015ftu.<\/p>\n<p style=\"text-align: justify\">Devrik \u015eah&#8217;\u0131n o\u011flu R\u0131za Pehlevi, ittifak a\u00e7\u0131klamas\u0131n\u0131n ard\u0131ndan sosyal medya hesab\u0131ndan yapt\u0131\u011f\u0131 a\u00e7\u0131klamada \u0130ran\u2019\u0131n toprak b\u00fct\u00fcnl\u00fc\u011f\u00fcn\u00fcn \u201cb\u00fcy\u00fck ve birle\u015fik milletin k\u0131rm\u0131z\u0131 \u00e7izgisi\u201d oldu\u011fu belirtti.<\/p>\n<p style=\"text-align: justify\">Pehlevi, bu \u00e7izgiyi a\u015fan ya da a\u015fanlarla i\u015f birli\u011fi yapan ki\u015fi ve gruplar\u0131n \u201c\u0130ran halk\u0131n\u0131n kararl\u0131 tepkisiyle kar\u015f\u0131la\u015faca\u011f\u0131n\u0131\u201d s\u00f6yledi. Pehlevi, \u201cayr\u0131l\u0131k\u00e7\u0131 gruplar \u0130ran\u2019\u0131n toprak b\u00fct\u00fcnl\u00fc\u011f\u00fcn\u00fc zedeliyor\u201d ifadelerini kullanarak \u201c\u0130ran\u2019\u0131n toprak b\u00fct\u00fcnl\u00fc\u011f\u00fc m\u00fczakere konusu\u00a0 de\u011fildir\u201d dedi. Ayr\u0131ca K\u00fcrt partileri Humeyni ve Saddam ile i\u015fbirli\u011fi yapmak ile su\u00e7lad\u0131l.<\/p>\n<p style=\"text-align: justify\">\u201c\u0130ran K\u00fcrdistan\u0131 Siyasi G\u00fc\u00e7ler \u0130ttifak\u0131\u201d, Pehlevi&#8217;nin a\u00e7\u0131klamalar\u0131na sert tepki g\u00f6steren yaz\u0131l\u0131 bir a\u00e7\u0131klama yay\u0131nlad\u0131.<\/p>\n<p style=\"text-align: justify\">A\u00e7\u0131klamada ittifak\u0131n ilan\u0131 ard\u0131ndan Pehlevi&#8217;nin a\u00e7\u0131klama yapmas\u0131n\u0131n &#8216;tesad\u00fcf olmad\u0131\u011f\u0131&#8217; ifade edildi.<\/p>\n<p style=\"text-align: justify\"><strong>&#8216;Muhalefet kisvesi alt\u0131nda histerik tepkiler&#8217;<\/strong><\/p>\n<p style=\"text-align: justify\">\u0130ttifak\u0131n \u00f6zg\u00fcrl\u00fck yanl\u0131lar\u0131n\u0131 mutlu etti\u011finin vurguland\u0131\u011f\u0131 a\u00e7\u0131klamada, &#8220;Bu ittifak\u0131n ilan\u0131, \u0130ran\u2019daki m\u00fccadeleci siyasi g\u00fc\u00e7ler ve uluslararas\u0131 siyasi \u00e7evrelerde de geni\u015f yank\u0131 buldu. Buna kar\u015f\u0131l\u0131k \u0130slam Cumhuriyeti rejimi ile ezilen milletlerin haklar\u0131na ve demokratik \u00f6zg\u00fcrl\u00fcklere kar\u015f\u0131 olan, kendilerini &#8216;muhalefet&#8217; kisvesi alt\u0131nda gizleyen baz\u0131 \u00e7evreler histerik ve kin dolu tepkiler g\u00f6sterdiler ki bu bizim i\u00e7in beklenen bir durumdu&#8221; denildi.<\/p>\n<p style=\"text-align: justify\"><strong>&#8216;Pehlevi\u00a0 Ankara anla\u015fmas\u0131 ve A\u011fr\u0131 da\u011f\u0131n\u0131 unutmu\u015f g\u00f6r\u00fcn\u00fcyor&#8217;<\/strong><\/p>\n<p style=\"text-align: justify\">S\u00f6z konusu payla\u015f\u0131m\u0131n d\u00fc\u015fmanca tepkilerin bir devam\u0131 oldu\u011fu ifade edilen a\u00e7\u0131klamada, &#8220;<em>Pehlevi X platformunda provokatif bir \u00fcslupla ve her zamanki as\u0131ls\u0131z su\u00e7lamalar\u0131yla K\u00fcrt halk\u0131n\u0131 ve K\u00fcrdistan\u2019\u0131n m\u00fccadeleci siyasi partilerini hedef alan bir payla\u015f\u0131m yapt\u0131. Bir kez daha &#8216;ayr\u0131l\u0131k\u00e7\u0131l\u0131k&#8217; sopas\u0131n\u0131 kald\u0131rarak, \u0130slam Cumhuriyeti\u2019nin y\u0131k\u0131lmas\u0131n\u0131n ard\u0131ndan K\u00fcrt halk\u0131n\u0131n hak arama hareketini bast\u0131rmak i\u00e7in orduyu devreye sokaca\u011f\u0131 tehdidinde bulundu. G\u00f6r\u00fcn\u00fc\u015fe g\u00f6re R\u0131za Pehlevi, \u0130ran\u2019\u0131n par\u00e7alanmas\u0131na y\u00f6nelik ger\u00e7ek bir irade ortaya \u00e7\u0131kt\u0131\u011f\u0131nda bunun ne babas\u0131ndan ne de dedesinden izin al\u0131narak ger\u00e7ekle\u015fti\u011fi gibi tarihsel bir ger\u00e7ekli\u011fi unutmu\u015f g\u00f6r\u00fcn\u00fcyor&#8221;<\/em> hat\u0131rlatmas\u0131 yap\u0131ld\u0131.<\/p>\n<p style=\"text-align: justify\">\u015eah d\u00f6neminde Ankara Anla\u015fmas\u0131&#8217;yla T\u00fcrkiye&#8217;ye teslim edilen &#8220;K\u00fc\u00e7\u00fck A\u011fr\u0131 Da\u011f\u0131&#8221; vakas\u0131, yine Birle\u015fik Krall\u0131k&#8217;a teslim edilen &#8220;Bahreyn&#8221; ve Hilmend Nehri tavizlerinin hat\u0131rlat\u0131ld\u0131\u011f\u0131 a\u00e7\u0131klamada, \u015eah&#8217;\u0131n y\u00f6netti\u011fi d\u00f6nemlerde \u0130ran&#8217;\u0131n toprak b\u00fct\u00fcnl\u00fc\u011f\u00fcn\u00fc farkl\u0131 \u00fclkelere &#8216;pe\u015fke\u015f \u00e7ekti\u011fi&#8217; vurgusu yap\u0131ld\u0131. Konuya ili\u015fkin \u015fu ifadeler kullan\u0131ld\u0131: <em>\u201cK\u00fc\u00e7\u00fck Ararat, Bahreyn ve Hirmand Nehri kaynaklar\u0131n\u0131 vermekten \u00e7ekinmedikleri gibi, \u0130ran topraklar\u0131n\u0131n \u00e7e\u015fitli k\u0131s\u0131mlar\u0131n\u0131 satmaktan veya teslim etmekten de \u00e7ekinmediklerini unutmu\u015f\u201d.<\/em><\/p>\n<p style=\"text-align: justify\"><strong>&#8216;\u0130ran i\u00e7in alternatif olaca\u011f\u0131n\u0131 nas\u0131l d\u00fc\u015f\u00fcnebilir?&#8217;<\/strong><\/p>\n<p style=\"text-align: justify\">\u015eah ve y\u00f6netiminin tarihin her d\u00f6neminde &#8216;teslimiyet\u00e7i&#8217; bir anlay\u0131\u015fa sahip oldu\u011fu ifade edilen a\u00e7\u0131klamada \u015funlar kaydedildi:<\/p>\n<p style=\"text-align: justify\"><em>&#8220;Halk\u0131n, \u0130slam Cumhuriyeti diktat\u00f6rl\u00fc\u011f\u00fcnden yorgun d\u00fc\u015fm\u00fc\u015fken onu ve benzerlerinin \u0130ran\u2019\u0131n gelece\u011fi i\u00e7in bir alternatif olarak kabul edece\u011fini nas\u0131l d\u00fc\u015f\u00fcnebiliyor? \u00d6te yandan kendisinin yaln\u0131zca tarih ve co\u011frafya bilgisi de\u011fil, g\u00fcn\u00fcm\u00fcz ko\u015fullar\u0131na dair do\u011fru bir kavray\u0131\u015f\u0131 da bulunmamaktad\u0131r. Aksi halde, devletin bask\u0131 ara\u00e7lar\u0131n\u0131n ve bizzat sempati duydu\u011fu &#8216;Devrim Muhaf\u0131zlar\u0131&#8217;n\u0131n son y\u00fczy\u0131lda K\u00fcrdistan\u2019dan hi\u00e7bir zaman eksik olmad\u0131\u011f\u0131n\u0131 bilirdi. K\u00fcrdistan \u00fczerinde denenmemi\u015f ve ba\u015far\u0131s\u0131z olmam\u0131\u015f hi\u00e7bir bask\u0131 mekanizmas\u0131 kalmam\u0131\u015ft\u0131r. Hayali bir ta\u00e7 giyme t\u00f6reninden sonra bu alanda g\u00f6sterebilece\u011fi hi\u00e7 bir konum yoktur. R\u0131za Pehlevi&#8217;nin K\u00fcrt \u00f6zg\u00fcrl\u00fck hareketine y\u00f6nelik bu sald\u0131r\u0131s\u0131, J\u00eena Em\u00een\u00ee&#8217;nin katledilmesiyle ba\u015flayan &#8216;Jin, jiyan, azad\u00ee&#8217; hareketi ve \u0130ran halk\u0131n\u0131n son ayaklanmalar\u0131 s\u0131ras\u0131nda, etraf\u0131ndaki baz\u0131 tart\u0131\u015fmal\u0131 \u00e7evrelerle birlikte halk saflar\u0131nda ve rejim kar\u015f\u0131tlar\u0131 aras\u0131nda b\u00f6l\u00fcnme yaratmada \u00f6nemli bir rol oynad\u0131\u011f\u0131 bir d\u00f6neme denk gelmektedir.&#8221;<\/em><\/p>\n<p style=\"text-align: justify\"><strong>Humeyni\u2019ye s\u0131radan bir pilot olmak i\u00e7in mektup yazan sizsiniz<\/strong><\/p>\n<p style=\"text-align: justify\">Pehlevi\u2019nin bunlar Humeyni ile i\u015fbirli\u011fi yapt\u0131 s\u00f6zlerine ise \u015fu \u015fekilde cevap verildi: <em>\u201cDostlar ve d\u00fc\u015fmanlar biliyor ki, K\u00fcrt milleti ve m\u00fccadele eden siyasi partiler, \u0130slam Cumhuriyeti&#8217;nin bask\u0131c\u0131 ya\u015fam\u0131 boyunca her zaman Humeyni&#8217;nin bask\u0131s\u0131na kar\u015f\u0131 \u00e7\u0131km\u0131\u015f ve her zaman \u0130ranl\u0131 \u00f6zg\u00fcrl\u00fck sava\u015f\u00e7\u0131lar\u0131n\u0131n ger\u00e7ek destek\u00e7isi olmu\u015ftur.<\/em><\/p>\n<p style=\"text-align: justify\"><em>Bu bask\u0131c\u0131 rejime kar\u015f\u0131 m\u00fccadelede b\u00fcy\u00fck bedeller \u00f6dediler, ancak bu ki\u015fi K\u00fcrt partilerini Humeyni ile i\u015fbirli\u011fi yapmakla su\u00e7luyor. Bu su\u00e7lama, K\u00fcrdistan&#8217;\u0131n kara ve hava sald\u0131r\u0131lar\u0131na hedef oldu\u011fu bir d\u00f6nemde geliyor. R\u0131za Pehlevi&#8217;nin kendisi de defalarca Humeyni&#8217;ye bir mektup yazd\u0131\u011f\u0131n\u0131 ve s\u0131radan bir pilot olarak g\u00fc\u00e7lerine kat\u0131lmak istedi\u011fini s\u00f6ylemi\u015ftir.<\/em>\u201d Dendi.<\/p>\n<p style=\"text-align: justify\">\u0130ttifak\u0131n a\u00e7\u0131lamas\u0131nda Pehlevi\u2019nin halk\u0131 nas\u0131l tuza\u011fa d\u00fc\u015f\u00fcrd\u00fc\u011f\u00fc de belirtildi ve <em>\u201cB\u00f6ylesine utan\u00e7 verici bir ge\u00e7mi\u015fe sahip birinin K\u00fcrdistan partilerini Humeyni ile i\u015fbirli\u011fi yapmakla su\u00e7lamas\u0131 ilgin\u00e7tir. Ayn\u0131 zamanda, protestoculara binlerce Starlink internet cihaz\u0131 ve yabanc\u0131 yard\u0131ma eri\u015fim konusunda sahte vaatlerde bulunuyor. Binlerce \u00f6zg\u00fcrl\u00fck arayan\u0131m\u0131z\u0131 \u0130slam Cumhuriyeti rejiminin tuza\u011f\u0131na d\u00fc\u015f\u00fcrd\u00fc. Elbette, \u0130ran&#8217;\u0131n \u00f6zg\u00fcrl\u00fc\u011f\u00fcnden ve hain h\u00fck\u00fcmet yetkililerinin ve katillerin yarg\u0131lanmas\u0131ndan sonra, bu t\u00fcr ihanetlere de kar\u015f\u0131l\u0131k verecektir.\u201d<\/em> Dendi.<\/p>\n<p style=\"text-align: justify\">A\u00e7\u0131klamada, K\u00fcrt halk\u0131 ve partilerinin \u0130ran rejimi kar\u015f\u0131s\u0131nda \u00f6zg\u00fcrl\u00fck yanl\u0131s\u0131 m\u00fccadelede bedel \u00f6dedi\u011fi vurgulan\u0131rken, Pehlevi\u2019nin ge\u00e7mi\u015fte yapt\u0131\u011f\u0131 eylemleri hat\u0131rlat\u0131ld\u0131. \u0130ttifak, K\u00fcrtlerin haklar\u0131n\u0131 savunma kararl\u0131l\u0131\u011f\u0131n\u0131 s\u00fcrd\u00fcrece\u011fini belirterek \u201c\u00f6zg\u00fcrl\u00fck arayan, haklar\u0131n\u0131 ve ulus \u00a0\u00a0kimli\u011fini savunan t\u00fcm K\u00fcrt g\u00fc\u00e7lerini bir kez daha \u0130ran&#8217;daki K\u00fcrt Siyasi G\u00fc\u00e7leri \u0130ttifak\u0131&#8217;na kat\u0131lmaya \u00e7a\u011f\u0131r\u0131yoruz.&#8221; Dendi.<\/p>\n","protected":false},"excerpt":{"rendered":"<p>R\u0131za Pehlevi\u2019nin Do\u011fu K\u00fcrdistanl\u0131 partiler ittifak\u0131n\u0131 \u201cayr\u0131l\u0131k\u00e7\u0131\u201d olarak de\u011ferlendirmesi ve daha sonra da \u201c\u0130ran\u2019\u0131n b\u00fct\u00fcnl\u00fc\u011f\u00fc tart\u0131\u015fmaya kapal\u0131d\u0131r\u201d a\u00e7\u0131klamas\u0131 yapm\u0131\u015ft\u0131. \u0130ttifak Pehlevi\u2019ye sert bir cevap verdi ve &#8216;tarihsel bir ger\u00e7ekli\u011fi unutmu\u015f g\u00f6r\u00fcn\u00fcyor&#8217; s\u00f6zleri ile tepki g\u00f6sterdi \u0130ran&#8217;da be\u015f K\u00fcrt siyasi parti, uzun s\u00fcredir y\u00fcr\u00fct\u00fclen g\u00f6r\u00fc\u015fmelerin ard\u0131ndan ortak bir \u00e7er\u00e7eve metnine imza atarak birle\u015fik bir siyasi cephe [&hellip;]<\/p>\n","protected":false},"author":2,"featured_media":1036553,"comment_status":"closed","ping_status":"closed","sticky":false,"template":"","format":"standard","meta":{"footnotes":""},"categories":[3],"tags":[31],"class_list":["post-1036552","post","type-post","status-publish","format-standard","has-post-thumbnail","hentry","category-kurdistan","tag-onemli"],"blocksy_meta":[],"seo_head":"<!-- This site is optimized with the Yoast SEO plugin v27.5 - https:\/\/yoast.com\/product\/yoast-seo-wordpress\/ -->\n<title>Do\u011fu K\u00fcrdistanl\u0131 Partiler R\u0131za Pehlevi&#039;nin a\u00e7\u0131klamas\u0131na cevap verdi: Siz her zaman teslimiyet ruhunu temsil ettiniz - Darka Mazi<\/title>\n<meta name=\"robots\" content=\"index, follow, max-snippet:-1, max-image-preview:large, max-video-preview:-1\" \/>\n<link rel=\"canonical\" href=\"https:\/\/darkamazi.site\/archives\/1036552\" \/>\n<meta property=\"og:locale\" content=\"en_US\" \/>\n<meta property=\"og:type\" content=\"article\" \/>\n<meta property=\"og:title\" content=\"Do\u011fu K\u00fcrdistanl\u0131 Partiler R\u0131za Pehlevi&#039;nin a\u00e7\u0131klamas\u0131na cevap verdi: Siz her zaman teslimiyet ruhunu temsil ettiniz - Darka Mazi\" \/>\n<meta property=\"og:description\" content=\"R\u0131za Pehlevi\u2019nin Do\u011fu K\u00fcrdistanl\u0131 partiler ittifak\u0131n\u0131 \u201cayr\u0131l\u0131k\u00e7\u0131\u201d olarak de\u011ferlendirmesi ve daha sonra da \u201c\u0130ran\u2019\u0131n b\u00fct\u00fcnl\u00fc\u011f\u00fc tart\u0131\u015fmaya kapal\u0131d\u0131r\u201d a\u00e7\u0131klamas\u0131 yapm\u0131\u015ft\u0131. \u0130ttifak Pehlevi\u2019ye sert bir cevap verdi ve &#8216;tarihsel bir ger\u00e7ekli\u011fi unutmu\u015f g\u00f6r\u00fcn\u00fcyor&#8217; s\u00f6zleri ile tepki g\u00f6sterdi \u0130ran&#8217;da be\u015f K\u00fcrt siyasi parti, uzun s\u00fcredir y\u00fcr\u00fct\u00fclen g\u00f6r\u00fc\u015fmelerin ard\u0131ndan ortak bir \u00e7er\u00e7eve metnine imza atarak birle\u015fik bir siyasi cephe [&hellip;]\" \/>\n<meta property=\"og:url\" content=\"https:\/\/darkamazi.site\/archives\/1036552\" \/>\n<meta property=\"og:site_name\" content=\"Darka Mazi\" \/>\n<meta property=\"article:publisher\" content=\"https:\/\/www.facebook.com\/DarkaMaziturkce\" \/>\n<meta property=\"article:published_time\" content=\"2026-02-26T14:46:41+00:00\" \/>\n<meta property=\"article:modified_time\" content=\"2026-02-26T14:54:31+00:00\" \/>\n<meta property=\"og:image\" content=\"https:\/\/darkamazi.site\/file\/2026\/02\/Aciklama.jpg\" \/>\n\t<meta property=\"og:image:width\" content=\"750\" \/>\n\t<meta property=\"og:image:height\" content=\"430\" \/>\n\t<meta property=\"og:image:type\" content=\"image\/jpeg\" \/>\n<meta name=\"author\" content=\"darka mazi\" \/>\n<meta name=\"twitter:card\" content=\"summary_large_image\" \/>\n<meta name=\"twitter:creator\" content=\"@DarkaMaziTurkce\" \/>\n<meta name=\"twitter:site\" content=\"@DarkaMaziTurkce\" \/>\n<meta name=\"twitter:label1\" content=\"Written by\" \/>\n\t<meta name=\"twitter:data1\" content=\"darka mazi\" \/>\n\t<meta name=\"twitter:label2\" content=\"Est. reading time\" \/>\n\t<meta name=\"twitter:data2\" content=\"4 minutes\" \/>\n<script type=\"application\/ld+json\" class=\"seo-schema-graph\">{\"@context\":\"https:\\\/\\\/schema.org\",\"@graph\":[{\"@type\":\"NewsArticle\",\"@id\":\"https:\\\/\\\/darkamazi.site\\\/archives\\\/1036552#article\",\"isPartOf\":{\"@id\":\"https:\\\/\\\/darkamazi.site\\\/archives\\\/1036552\"},\"author\":{\"name\":\"darka mazi\",\"@id\":\"https:\\\/\\\/darkamazi.site\\\/#\\\/schema\\\/person\\\/67986a95ac546c16760365877ef4a9d3\"},\"headline\":\"Do\u011fu K\u00fcrdistanl\u0131 Partiler R\u0131za Pehlevi&#8217;nin a\u00e7\u0131klamas\u0131na cevap verdi: Siz her zaman teslimiyet ruhunu temsil ettiniz\",\"datePublished\":\"2026-02-26T14:46:41+00:00\",\"dateModified\":\"2026-02-26T14:54:31+00:00\",\"mainEntityOfPage\":{\"@id\":\"https:\\\/\\\/darkamazi.site\\\/archives\\\/1036552\"},\"wordCount\":1165,\"publisher\":{\"@id\":\"https:\\\/\\\/darkamazi.site\\\/#organization\"},\"image\":{\"@id\":\"https:\\\/\\\/darkamazi.site\\\/archives\\\/1036552#primaryimage\"},\"thumbnailUrl\":\"https:\\\/\\\/darkamazi.site\\\/darka-content\\\/uploads\\\/2026\\\/02\\\/Aciklama.jpg\",\"keywords\":[\"\u00f6nemli\"],\"articleSection\":[\"Kurdistan\"],\"inLanguage\":\"en-US\"},{\"@type\":\"WebPage\",\"@id\":\"https:\\\/\\\/darkamazi.site\\\/archives\\\/1036552\",\"url\":\"https:\\\/\\\/darkamazi.site\\\/archives\\\/1036552\",\"name\":\"Do\u011fu K\u00fcrdistanl\u0131 Partiler R\u0131za Pehlevi'nin a\u00e7\u0131klamas\u0131na cevap verdi: Siz her zaman teslimiyet ruhunu temsil ettiniz - Darka Mazi\",\"isPartOf\":{\"@id\":\"https:\\\/\\\/darkamazi.site\\\/#website\"},\"primaryImageOfPage\":{\"@id\":\"https:\\\/\\\/darkamazi.site\\\/archives\\\/1036552#primaryimage\"},\"image\":{\"@id\":\"https:\\\/\\\/darkamazi.site\\\/archives\\\/1036552#primaryimage\"},\"thumbnailUrl\":\"https:\\\/\\\/darkamazi.site\\\/darka-content\\\/uploads\\\/2026\\\/02\\\/Aciklama.jpg\",\"datePublished\":\"2026-02-26T14:46:41+00:00\",\"dateModified\":\"2026-02-26T14:54:31+00:00\",\"breadcrumb\":{\"@id\":\"https:\\\/\\\/darkamazi.site\\\/archives\\\/1036552#breadcrumb\"},\"inLanguage\":\"en-US\",\"potentialAction\":[{\"@type\":\"ReadAction\",\"target\":[\"https:\\\/\\\/darkamazi.site\\\/archives\\\/1036552\"]}]},{\"@type\":\"ImageObject\",\"inLanguage\":\"en-US\",\"@id\":\"https:\\\/\\\/darkamazi.site\\\/archives\\\/1036552#primaryimage\",\"url\":\"https:\\\/\\\/darkamazi.site\\\/darka-content\\\/uploads\\\/2026\\\/02\\\/Aciklama.jpg\",\"contentUrl\":\"https:\\\/\\\/darkamazi.site\\\/darka-content\\\/uploads\\\/2026\\\/02\\\/Aciklama.jpg\",\"width\":750,\"height\":430,\"caption\":\"Siz her zaman teslimiyet ruhunu temsil ettiniz\"},{\"@type\":\"BreadcrumbList\",\"@id\":\"https:\\\/\\\/darkamazi.site\\\/archives\\\/1036552#breadcrumb\",\"itemListElement\":[{\"@type\":\"ListItem\",\"position\":1,\"name\":\"Home\",\"item\":\"https:\\\/\\\/darkamazi.site\\\/\"},{\"@type\":\"ListItem\",\"position\":2,\"name\":\"Do\u011fu K\u00fcrdistanl\u0131 Partiler R\u0131za Pehlevi&#8217;nin a\u00e7\u0131klamas\u0131na cevap verdi: Siz her zaman teslimiyet ruhunu temsil ettiniz\"}]},{\"@type\":\"WebSite\",\"@id\":\"https:\\\/\\\/darkamazi.site\\\/#website\",\"url\":\"https:\\\/\\\/darkamazi.site\\\/\",\"name\":\"Darka Mazi\",\"description\":\"Ana Sayfa\",\"publisher\":{\"@id\":\"https:\\\/\\\/darkamazi.site\\\/#organization\"},\"potentialAction\":[{\"@type\":\"SearchAction\",\"target\":{\"@type\":\"EntryPoint\",\"urlTemplate\":\"https:\\\/\\\/darkamazi.site\\\/?s={search_term_string}\"},\"query-input\":{\"@type\":\"PropertyValueSpecification\",\"valueRequired\":true,\"valueName\":\"search_term_string\"}}],\"inLanguage\":\"en-US\"},{\"@type\":\"Organization\",\"@id\":\"https:\\\/\\\/darkamazi.site\\\/#organization\",\"name\":\"Darka Mazi T\u00fcrk\u00e7e\",\"alternateName\":\"Darka Mazi\",\"url\":\"https:\\\/\\\/darkamazi.site\\\/\",\"logo\":{\"@type\":\"ImageObject\",\"inLanguage\":\"en-US\",\"@id\":\"https:\\\/\\\/darkamazi.site\\\/#\\\/schema\\\/logo\\\/image\\\/\",\"url\":\"https:\\\/\\\/darkamazi.site\\\/darka-content\\\/uploads\\\/2017\\\/12\\\/darka-mazi-logo.png\",\"contentUrl\":\"https:\\\/\\\/darkamazi.site\\\/darka-content\\\/uploads\\\/2017\\\/12\\\/darka-mazi-logo.png\",\"width\":151,\"height\":75,\"caption\":\"Darka Mazi T\u00fcrk\u00e7e\"},\"image\":{\"@id\":\"https:\\\/\\\/darkamazi.site\\\/#\\\/schema\\\/logo\\\/image\\\/\"},\"sameAs\":[\"https:\\\/\\\/www.facebook.com\\\/DarkaMaziturkce\",\"https:\\\/\\\/x.com\\\/DarkaMaziTurkce\"]},{\"@type\":\"Person\",\"@id\":\"https:\\\/\\\/darkamazi.site\\\/#\\\/schema\\\/person\\\/67986a95ac546c16760365877ef4a9d3\",\"name\":\"darka mazi\",\"sameAs\":[\"https:\\\/\\\/darkamazi.site\"],\"url\":\"https:\\\/\\\/darkamazi.site\\\/archives\\\/author\\\/turkish\"}]}<\/script>\n<!-- \/ Yoast SEO plugin. -->","seo_head_json":{"title":"Do\u011fu K\u00fcrdistanl\u0131 Partiler R\u0131za Pehlevi'nin a\u00e7\u0131klamas\u0131na cevap verdi: Siz her zaman teslimiyet ruhunu temsil ettiniz - Darka Mazi","robots":{"index":"index","follow":"follow","max-snippet":"max-snippet:-1","max-image-preview":"max-image-preview:large","max-video-preview":"max-video-preview:-1"},"canonical":"https:\/\/darkamazi.site\/archives\/1036552","og_locale":"en_US","og_type":"article","og_title":"Do\u011fu K\u00fcrdistanl\u0131 Partiler R\u0131za Pehlevi'nin a\u00e7\u0131klamas\u0131na cevap verdi: Siz her zaman teslimiyet ruhunu temsil ettiniz - Darka Mazi","og_description":"R\u0131za Pehlevi\u2019nin Do\u011fu K\u00fcrdistanl\u0131 partiler ittifak\u0131n\u0131 \u201cayr\u0131l\u0131k\u00e7\u0131\u201d olarak de\u011ferlendirmesi ve daha sonra da \u201c\u0130ran\u2019\u0131n b\u00fct\u00fcnl\u00fc\u011f\u00fc tart\u0131\u015fmaya kapal\u0131d\u0131r\u201d a\u00e7\u0131klamas\u0131 yapm\u0131\u015ft\u0131. \u0130ttifak Pehlevi\u2019ye sert bir cevap verdi ve &#8216;tarihsel bir ger\u00e7ekli\u011fi unutmu\u015f g\u00f6r\u00fcn\u00fcyor&#8217; s\u00f6zleri ile tepki g\u00f6sterdi \u0130ran&#8217;da be\u015f K\u00fcrt siyasi parti, uzun s\u00fcredir y\u00fcr\u00fct\u00fclen g\u00f6r\u00fc\u015fmelerin ard\u0131ndan ortak bir \u00e7er\u00e7eve metnine imza atarak birle\u015fik bir siyasi cephe [&hellip;]","og_url":"https:\/\/darkamazi.site\/archives\/1036552","og_site_name":"Darka Mazi","article_publisher":"https:\/\/www.facebook.com\/DarkaMaziturkce","article_published_time":"2026-02-26T14:46:41+00:00","article_modified_time":"2026-02-26T14:54:31+00:00","og_image":[{"width":750,"height":430,"url":"https:\/\/darkamazi.site\/file\/2026\/02\/Aciklama.jpg","type":"image\/jpeg"}],"author":"darka mazi","twitter_card":"summary_large_image","twitter_creator":"@DarkaMaziTurkce","twitter_site":"@DarkaMaziTurkce","twitter_misc":{"Written by":"darka mazi","Est. reading time":"4 minutes"},"schema":{"@context":"https:\/\/schema.org","@graph":[{"@type":"NewsArticle","@id":"https:\/\/darkamazi.site\/archives\/1036552#article","isPartOf":{"@id":"https:\/\/darkamazi.site\/archives\/1036552"},"author":{"name":"darka mazi","@id":"https:\/\/darkamazi.site\/#\/schema\/person\/67986a95ac546c16760365877ef4a9d3"},"headline":"Do\u011fu K\u00fcrdistanl\u0131 Partiler R\u0131za Pehlevi&#8217;nin a\u00e7\u0131klamas\u0131na cevap verdi: Siz her zaman teslimiyet ruhunu temsil ettiniz","datePublished":"2026-02-26T14:46:41+00:00","dateModified":"2026-02-26T14:54:31+00:00","mainEntityOfPage":{"@id":"https:\/\/darkamazi.site\/archives\/1036552"},"wordCount":1165,"publisher":{"@id":"https:\/\/darkamazi.site\/#organization"},"image":{"@id":"https:\/\/darkamazi.site\/archives\/1036552#primaryimage"},"thumbnailUrl":"https:\/\/darkamazi.site\/file\/2026\/02\/Aciklama.jpg","keywords":["\u00f6nemli"],"articleSection":["Kurdistan"],"inLanguage":"en-US"},{"@type":"WebPage","@id":"https:\/\/darkamazi.site\/archives\/1036552","url":"https:\/\/darkamazi.site\/archives\/1036552","name":"Do\u011fu K\u00fcrdistanl\u0131 Partiler R\u0131za Pehlevi'nin a\u00e7\u0131klamas\u0131na cevap verdi: Siz her zaman teslimiyet ruhunu temsil ettiniz - Darka Mazi","isPartOf":{"@id":"https:\/\/darkamazi.site\/#website"},"primaryImageOfPage":{"@id":"https:\/\/darkamazi.site\/archives\/1036552#primaryimage"},"image":{"@id":"https:\/\/darkamazi.site\/archives\/1036552#primaryimage"},"thumbnailUrl":"https:\/\/darkamazi.site\/file\/2026\/02\/Aciklama.jpg","datePublished":"2026-02-26T14:46:41+00:00","dateModified":"2026-02-26T14:54:31+00:00","breadcrumb":{"@id":"https:\/\/darkamazi.site\/archives\/1036552#breadcrumb"},"inLanguage":"en-US","potentialAction":[{"@type":"ReadAction","target":["https:\/\/darkamazi.site\/archives\/1036552"]}]},{"@type":"ImageObject","inLanguage":"en-US","@id":"https:\/\/darkamazi.site\/archives\/1036552#primaryimage","url":"https:\/\/darkamazi.site\/file\/2026\/02\/Aciklama.jpg","contentUrl":"https:\/\/darkamazi.site\/file\/2026\/02\/Aciklama.jpg","width":750,"height":430,"caption":"Siz her zaman teslimiyet ruhunu temsil ettiniz"},{"@type":"BreadcrumbList","@id":"https:\/\/darkamazi.site\/archives\/1036552#breadcrumb","itemListElement":[{"@type":"ListItem","position":1,"name":"Home","item":"https:\/\/darkamazi.site\/"},{"@type":"ListItem","position":2,"name":"Do\u011fu K\u00fcrdistanl\u0131 Partiler R\u0131za Pehlevi&#8217;nin a\u00e7\u0131klamas\u0131na cevap verdi: Siz her zaman teslimiyet ruhunu temsil ettiniz"}]},{"@type":"WebSite","@id":"https:\/\/darkamazi.site\/#website","url":"https:\/\/darkamazi.site\/","name":"Darka Mazi","description":"Ana Sayfa","publisher":{"@id":"https:\/\/darkamazi.site\/#organization"},"potentialAction":[{"@type":"SearchAction","target":{"@type":"EntryPoint","urlTemplate":"https:\/\/darkamazi.site\/?s={search_term_string}"},"query-input":{"@type":"PropertyValueSpecification","valueRequired":true,"valueName":"search_term_string"}}],"inLanguage":"en-US"},{"@type":"Organization","@id":"https:\/\/darkamazi.site\/#organization","name":"Darka Mazi T\u00fcrk\u00e7e","alternateName":"Darka Mazi","url":"https:\/\/darkamazi.site\/","logo":{"@type":"ImageObject","inLanguage":"en-US","@id":"https:\/\/darkamazi.site\/#\/schema\/logo\/image\/","url":"https:\/\/darkamazi.site\/file\/2017\/12\/darka-mazi-logo.png","contentUrl":"https:\/\/darkamazi.site\/file\/2017\/12\/darka-mazi-logo.png","width":151,"height":75,"caption":"Darka Mazi T\u00fcrk\u00e7e"},"image":{"@id":"https:\/\/darkamazi.site\/#\/schema\/logo\/image\/"},"sameAs":["https:\/\/www.facebook.com\/DarkaMaziturkce","https:\/\/x.com\/DarkaMaziTurkce"]},{"@type":"Person","@id":"https:\/\/darkamazi.site\/#\/schema\/person\/67986a95ac546c16760365877ef4a9d3","name":"darka mazi","sameAs":["https:\/\/darkamazi.site"],"url":"https:\/\/darkamazi.site\/archives\/author\/turkish"}]}},"_links":{"self":[{"href":"https:\/\/darkamazi.site\/funavuv\/wp\/v2\/posts\/1036552","targetHints":{"allow":["GET"]}}],"collection":[{"href":"https:\/\/darkamazi.site\/funavuv\/wp\/v2\/posts"}],"about":[{"href":"https:\/\/darkamazi.site\/funavuv\/wp\/v2\/types\/post"}],"author":[{"embeddable":true,"href":"https:\/\/darkamazi.site\/funavuv\/wp\/v2\/users\/2"}],"replies":[{"embeddable":true,"href":"https:\/\/darkamazi.site\/funavuv\/wp\/v2\/comments?post=1036552"}],"version-history":[{"count":0,"href":"https:\/\/darkamazi.site\/funavuv\/wp\/v2\/posts\/1036552\/revisions"}],"wp:featuredmedia":[{"embeddable":true,"href":"https:\/\/darkamazi.site\/funavuv\/wp\/v2\/media\/1036553"}],"wp:attachment":[{"href":"https:\/\/darkamazi.site\/funavuv\/wp\/v2\/media?parent=1036552"}],"wp:term":[{"taxonomy":"category","embeddable":true,"href":"https:\/\/darkamazi.site\/funavuv\/wp\/v2\/categories?post=1036552"},{"taxonomy":"post_tag","embeddable":true,"href":"https:\/\/darkamazi.site\/funavuv\/wp\/v2\/tags?post=1036552"}],"curies":[{"name":"wp","href":"https:\/\/api.w.org\/{rel}","templated":true}]}}