{"id":1036558,"date":"2026-02-26T18:15:15","date_gmt":"2026-02-26T15:15:15","guid":{"rendered":"https:\/\/darkamazi.site\/?p=1036558"},"modified":"2026-02-26T18:27:15","modified_gmt":"2026-02-26T15:27:15","slug":"kurdistan-bolgesi-medya-ve-enformasyon-dairesi-20-yillik-donemi-kapsayan-bir-rapor-yayinladi","status":"publish","type":"post","link":"https:\/\/darkamazi.site\/archives\/1036558","title":{"rendered":"K\u00fcrdistan B\u00f6lgesi Medya Ve Enformasyon dairesi 20 y\u0131ll\u0131k d\u00f6nemi kapsayan bir rapor yay\u0131nlad\u0131"},"content":{"rendered":"<p style=\"text-align: justify\">K\u00fcrdistan B\u00f6lgesi H\u00fck\u00fcmeti, Irak Anayasas\u0131&#8217;n\u0131n 140. Maddesinin uygulanmas\u0131n\u0131n \u00f6n\u00fcndeki engelleri, tart\u0131\u015fmal\u0131 b\u00f6lgelerde K\u00fcrtlere y\u00f6nelik sistematik ihlalleri ve demografik yap\u0131y\u0131 de\u011fi\u015ftirme giri\u015fimlerini belgeleyen kapsaml\u0131 bir rapor yay\u0131mlad\u0131. Rapor, 16 Ekim olaylar\u0131 sonras\u0131ndaki insani felaketi ve &#8220;idari Arapla\u015ft\u0131rma&#8221; politikalar\u0131n\u0131 t\u00fcm \u00e7\u0131plakl\u0131\u011f\u0131yla g\u00f6zler \u00f6n\u00fcne seriyor.<\/p>\n<p style=\"text-align: justify\">K\u00fcrdistan B\u00f6lgesi H\u00fck\u00fcmeti Medya ve Bilgi Ofisi, bug\u00fcn (23 \u015eubat 2026 Pazartesi) yay\u0131mlad\u0131\u011f\u0131 belgesel niteli\u011findeki raporda, 2005-2025 y\u0131llar\u0131 aras\u0131nda Anayasa\u2019n\u0131n 140. Maddesinin uygulanmas\u0131 \u00f6n\u00fcndeki engelleri detayland\u0131rd\u0131.<\/p>\n<p style=\"text-align: justify\">Ofisten yap\u0131lan a\u00e7\u0131klamada, raporun s\u00f6z konusu b\u00f6lgelerde K\u00fcrt halk\u0131na kar\u015f\u0131 i\u015flenen yasal ve insani ihlalleri a\u00e7\u0131\u011fa \u00e7\u0131kard\u0131\u011f\u0131 vurguland\u0131.<\/p>\n<p style=\"text-align: justify\">Raporda, \u00f6zellikle 16 Ekim 2017 sonras\u0131 s\u00fcre\u00e7te ya\u015fanan geli\u015fmelerin yaln\u0131zca askeri de\u011fil, insani ve idari sonu\u00e7lar da do\u011furdu\u011fu belirtildi. Tuz Khurmatu\u2019da ciddi hak ihlallerinin ya\u015fand\u0131\u011f\u0131 ifade edildi.<\/p>\n<p style=\"text-align: justify\">16 EK\u0130M SONRASI VER\u0130LER<\/p>\n<p style=\"text-align: justify\">Raporda yer alan verilere g\u00f6re:<\/p>\n<ul style=\"text-align: justify\">\n<li>15 sivil ya\u015fam\u0131n\u0131 yitirdi, 115 ki\u015fi yaraland\u0131.<\/li>\n<li>3 bin 150 K\u00fcrt evinin ya\u011fmaland\u0131\u011f\u0131 kaydedildi.<\/li>\n<li>530 ev ve i\u015fyerinin yak\u0131ld\u0131\u011f\u0131 veya bombaland\u0131\u011f\u0131, ayr\u0131ca 21 fabrika ile bir okulun ate\u015fe verildi\u011fi belirtildi.<\/li>\n<li>53 binden fazla ki\u015finin yerinden edildi\u011fi bildirildi.<\/li>\n<\/ul>\n<p style=\"text-align: justify\">BEYAZ ARAPLA\u015eTIRMA<\/p>\n<p style=\"text-align: justify\">Raporda, y\u00f6netim ve tar\u0131m politikalar\u0131 \u00fczerinden y\u00fcr\u00fct\u00fcld\u00fc\u011f\u00fc \u00f6ne s\u00fcr\u00fclen ve \u201cbeyaz Arapla\u015ft\u0131rma\u201d olarak tan\u0131mlanan uygulamalara da de\u011finildi. Bu kapsamda:<\/p>\n<ul style=\"text-align: justify\">\n<li>Kerk\u00fck\u2019te K\u00fcrtlere tahsis edilen 10 \u00fcst d\u00fczey idari g\u00f6revin ba\u015fka kesimlere verildi\u011fi,<\/li>\n<li>Sincar\u2019da K\u00fcrtlere ayr\u0131lan 10 g\u00f6revin el de\u011fi\u015ftirdi\u011fi,<\/li>\n<li>Kerk\u00fck, Dakuk ve Sargaran\u2019da Baas d\u00f6nemine ait tar\u0131m s\u00f6zle\u015fmelerinin yeniden y\u00fcr\u00fcrl\u00fc\u011fe konuldu\u011fu,<\/li>\n<li>Binlerce Arap ailenin g\u0131da karnesi ile n\u00fcfus kay\u0131tlar\u0131n\u0131n Kerk\u00fck\u2019e ta\u015f\u0131nmaya \u00e7al\u0131\u015f\u0131ld\u0131\u011f\u0131 belirtildi.<\/li>\n<\/ul>\n<p style=\"text-align: justify\">B\u00dcT\u00c7E AYRILMADI\u011eI BEL\u0130RT\u0130LD\u0130<\/p>\n<p style=\"text-align: justify\">Raporda, 140. maddenin uygulanmas\u0131na y\u00f6nelik mali kaynaklar\u0131n yetersiz kald\u0131\u011f\u0131 ifade edildi. Buna g\u00f6re, 2014, 2015 ve 2018-2021 y\u0131llar\u0131 aras\u0131nda federal h\u00fck\u00fcmet taraf\u0131ndan uygulama i\u00e7in b\u00fct\u00e7e ayr\u0131lmad\u0131\u011f\u0131, 20 y\u0131lda harcanan toplam 2,08 trilyon dinar\u0131n ise 118 bin dosyay\u0131 kapsayan tazminat ve uzla\u015fma s\u00fcreci a\u00e7\u0131s\u0131ndan yetersiz oldu\u011fu kaydedildi.<\/p>\n<p style=\"text-align: justify\">UNAMI VE MAHKEME KARARLARI<\/p>\n<p style=\"text-align: justify\">Raporda, Birle\u015fmi\u015f Milletler Irak Yard\u0131m Misyonu\u2019nun (UNAMI) 2007-2017 y\u0131llar\u0131 aras\u0131nda \u00e7e\u015fitli \u00f6neriler sundu\u011fu ancak bunlar\u0131n b\u00fcy\u00fck b\u00f6l\u00fcm\u00fcn\u00fcn uygulanmad\u0131\u011f\u0131 belirtildi. Ayr\u0131ca Irak Federal Y\u00fcksek Mahkemesi\u2019nin 2017 tarihli 113 ve 2019 tarihli 71 say\u0131l\u0131 kararlar\u0131na at\u0131f yap\u0131larak, 140. maddenin referandum a\u015famas\u0131 tamamlan\u0131ncaya kadar y\u00fcr\u00fcrl\u00fckte oldu\u011fu vurguland\u0131.<\/p>\n<p style=\"text-align: justify\">K\u00fcrdistan B\u00f6lgesi H\u00fck\u00fcmeti\u00a0 Medya ve Enformasyon Dairesi, raporda 140. maddenin anayasal bir h\u00fckm\u00fcn \u00f6tesinde, tarih ve ulusal kimlik a\u00e7\u0131s\u0131ndan \u00f6nem ta\u015f\u0131d\u0131\u011f\u0131 de\u011ferlendirmesine yer verdi.<\/p>\n","protected":false},"excerpt":{"rendered":"<p>K\u00fcrdistan B\u00f6lgesi H\u00fck\u00fcmeti, Irak Anayasas\u0131&#8217;n\u0131n 140. Maddesinin uygulanmas\u0131n\u0131n \u00f6n\u00fcndeki engelleri, tart\u0131\u015fmal\u0131 b\u00f6lgelerde K\u00fcrtlere y\u00f6nelik sistematik ihlalleri ve demografik yap\u0131y\u0131 de\u011fi\u015ftirme giri\u015fimlerini belgeleyen kapsaml\u0131 bir rapor yay\u0131mlad\u0131. Rapor, 16 Ekim olaylar\u0131 sonras\u0131ndaki insani felaketi ve &#8220;idari Arapla\u015ft\u0131rma&#8221; politikalar\u0131n\u0131 t\u00fcm \u00e7\u0131plakl\u0131\u011f\u0131yla g\u00f6zler \u00f6n\u00fcne seriyor. K\u00fcrdistan B\u00f6lgesi H\u00fck\u00fcmeti Medya ve Bilgi Ofisi, bug\u00fcn (23 \u015eubat 2026 Pazartesi) yay\u0131mlad\u0131\u011f\u0131 [&hellip;]<\/p>\n","protected":false},"author":2,"featured_media":1036562,"comment_status":"closed","ping_status":"closed","sticky":false,"template":"","format":"standard","meta":{"footnotes":""},"categories":[3],"tags":[31],"class_list":["post-1036558","post","type-post","status-publish","format-standard","has-post-thumbnail","hentry","category-kurdistan","tag-onemli"],"blocksy_meta":[],"seo_head":"<!-- This site is optimized with the Yoast SEO plugin v27.5 - https:\/\/yoast.com\/product\/yoast-seo-wordpress\/ -->\n<title>K\u00fcrdistan B\u00f6lgesi Medya Ve Enformasyon dairesi 20 y\u0131ll\u0131k d\u00f6nemi kapsayan bir rapor yay\u0131nlad\u0131 - Darka Mazi<\/title>\n<meta name=\"robots\" content=\"index, follow, max-snippet:-1, max-image-preview:large, max-video-preview:-1\" \/>\n<link rel=\"canonical\" href=\"https:\/\/darkamazi.site\/archives\/1036558\" \/>\n<meta property=\"og:locale\" content=\"en_US\" \/>\n<meta property=\"og:type\" content=\"article\" \/>\n<meta property=\"og:title\" content=\"K\u00fcrdistan B\u00f6lgesi Medya Ve Enformasyon dairesi 20 y\u0131ll\u0131k d\u00f6nemi kapsayan bir rapor yay\u0131nlad\u0131 - Darka Mazi\" \/>\n<meta property=\"og:description\" content=\"K\u00fcrdistan B\u00f6lgesi H\u00fck\u00fcmeti, Irak Anayasas\u0131&#8217;n\u0131n 140. Maddesinin uygulanmas\u0131n\u0131n \u00f6n\u00fcndeki engelleri, tart\u0131\u015fmal\u0131 b\u00f6lgelerde K\u00fcrtlere y\u00f6nelik sistematik ihlalleri ve demografik yap\u0131y\u0131 de\u011fi\u015ftirme giri\u015fimlerini belgeleyen kapsaml\u0131 bir rapor yay\u0131mlad\u0131. Rapor, 16 Ekim olaylar\u0131 sonras\u0131ndaki insani felaketi ve &#8220;idari Arapla\u015ft\u0131rma&#8221; politikalar\u0131n\u0131 t\u00fcm \u00e7\u0131plakl\u0131\u011f\u0131yla g\u00f6zler \u00f6n\u00fcne seriyor. K\u00fcrdistan B\u00f6lgesi H\u00fck\u00fcmeti Medya ve Bilgi Ofisi, bug\u00fcn (23 \u015eubat 2026 Pazartesi) yay\u0131mlad\u0131\u011f\u0131 [&hellip;]\" \/>\n<meta property=\"og:url\" content=\"https:\/\/darkamazi.site\/archives\/1036558\" \/>\n<meta property=\"og:site_name\" content=\"Darka Mazi\" \/>\n<meta property=\"article:publisher\" content=\"https:\/\/www.facebook.com\/DarkaMaziturkce\" \/>\n<meta property=\"article:published_time\" content=\"2026-02-26T15:15:15+00:00\" \/>\n<meta property=\"article:modified_time\" content=\"2026-02-26T15:27:15+00:00\" \/>\n<meta property=\"og:image\" content=\"https:\/\/darkamazi.site\/file\/2026\/02\/kaporr.jpg\" \/>\n\t<meta property=\"og:image:width\" content=\"1562\" \/>\n\t<meta property=\"og:image:height\" content=\"878\" \/>\n\t<meta property=\"og:image:type\" content=\"image\/jpeg\" \/>\n<meta name=\"author\" content=\"darka mazi\" \/>\n<meta name=\"twitter:card\" content=\"summary_large_image\" \/>\n<meta name=\"twitter:creator\" content=\"@DarkaMaziTurkce\" \/>\n<meta name=\"twitter:site\" content=\"@DarkaMaziTurkce\" \/>\n<meta name=\"twitter:label1\" content=\"Written by\" \/>\n\t<meta name=\"twitter:data1\" content=\"darka mazi\" \/>\n\t<meta name=\"twitter:label2\" content=\"Est. reading time\" \/>\n\t<meta name=\"twitter:data2\" content=\"2 minutes\" \/>\n<script type=\"application\/ld+json\" class=\"seo-schema-graph\">{\"@context\":\"https:\\\/\\\/schema.org\",\"@graph\":[{\"@type\":\"NewsArticle\",\"@id\":\"https:\\\/\\\/darkamazi.site\\\/archives\\\/1036558#article\",\"isPartOf\":{\"@id\":\"https:\\\/\\\/darkamazi.site\\\/archives\\\/1036558\"},\"author\":{\"name\":\"darka mazi\",\"@id\":\"https:\\\/\\\/darkamazi.site\\\/#\\\/schema\\\/person\\\/67986a95ac546c16760365877ef4a9d3\"},\"headline\":\"K\u00fcrdistan B\u00f6lgesi Medya Ve Enformasyon dairesi 20 y\u0131ll\u0131k d\u00f6nemi kapsayan bir rapor yay\u0131nlad\u0131\",\"datePublished\":\"2026-02-26T15:15:15+00:00\",\"dateModified\":\"2026-02-26T15:27:15+00:00\",\"mainEntityOfPage\":{\"@id\":\"https:\\\/\\\/darkamazi.site\\\/archives\\\/1036558\"},\"wordCount\":513,\"publisher\":{\"@id\":\"https:\\\/\\\/darkamazi.site\\\/#organization\"},\"image\":{\"@id\":\"https:\\\/\\\/darkamazi.site\\\/archives\\\/1036558#primaryimage\"},\"thumbnailUrl\":\"https:\\\/\\\/darkamazi.site\\\/darka-content\\\/uploads\\\/2026\\\/02\\\/kaporr.jpg\",\"keywords\":[\"\u00f6nemli\"],\"articleSection\":[\"Kurdistan\"],\"inLanguage\":\"en-US\"},{\"@type\":\"WebPage\",\"@id\":\"https:\\\/\\\/darkamazi.site\\\/archives\\\/1036558\",\"url\":\"https:\\\/\\\/darkamazi.site\\\/archives\\\/1036558\",\"name\":\"K\u00fcrdistan B\u00f6lgesi Medya Ve Enformasyon dairesi 20 y\u0131ll\u0131k d\u00f6nemi kapsayan bir rapor yay\u0131nlad\u0131 - Darka Mazi\",\"isPartOf\":{\"@id\":\"https:\\\/\\\/darkamazi.site\\\/#website\"},\"primaryImageOfPage\":{\"@id\":\"https:\\\/\\\/darkamazi.site\\\/archives\\\/1036558#primaryimage\"},\"image\":{\"@id\":\"https:\\\/\\\/darkamazi.site\\\/archives\\\/1036558#primaryimage\"},\"thumbnailUrl\":\"https:\\\/\\\/darkamazi.site\\\/darka-content\\\/uploads\\\/2026\\\/02\\\/kaporr.jpg\",\"datePublished\":\"2026-02-26T15:15:15+00:00\",\"dateModified\":\"2026-02-26T15:27:15+00:00\",\"breadcrumb\":{\"@id\":\"https:\\\/\\\/darkamazi.site\\\/archives\\\/1036558#breadcrumb\"},\"inLanguage\":\"en-US\",\"potentialAction\":[{\"@type\":\"ReadAction\",\"target\":[\"https:\\\/\\\/darkamazi.site\\\/archives\\\/1036558\"]}]},{\"@type\":\"ImageObject\",\"inLanguage\":\"en-US\",\"@id\":\"https:\\\/\\\/darkamazi.site\\\/archives\\\/1036558#primaryimage\",\"url\":\"https:\\\/\\\/darkamazi.site\\\/darka-content\\\/uploads\\\/2026\\\/02\\\/kaporr.jpg\",\"contentUrl\":\"https:\\\/\\\/darkamazi.site\\\/darka-content\\\/uploads\\\/2026\\\/02\\\/kaporr.jpg\",\"width\":1562,\"height\":878,\"caption\":\"K\u00fcrdistan B\u00f6lgesi H\u00fck\u00fcmeti, Irak Anayasas\u0131'n\u0131n 140. Maddesinin uygulanmas\u0131n\u0131n \u00f6n\u00fcndeki engelleri, tart\u0131\u015fmal\u0131 b\u00f6lgelerde K\u00fcrtlere y\u00f6nelik sistematik ihlalleri ve demografik yap\u0131y\u0131 de\u011fi\u015ftirme giri\u015fimlerini belgeleyen kapsaml\u0131 bir rapor yay\u0131mlad\u0131. Rapor, 16 Ekim olaylar\u0131 sonras\u0131ndaki insani felaketi ve \\\"idari Arapla\u015ft\u0131rma\\\" politikalar\u0131n\u0131 t\u00fcm \u00e7\u0131plakl\u0131\u011f\u0131yla g\u00f6zler \u00f6n\u00fcne seriyor. K\u00fcrdistan B\u00f6lgesi H\u00fck\u00fcmeti Medya ve Bilgi Ofisi, bug\u00fcn (23 \u015eubat 2026 Pazartesi) yay\u0131mlad\u0131\u011f\u0131 belgesel niteli\u011findeki raporda, 2005-2025 y\u0131llar\u0131 aras\u0131nda Anayasa\u2019n\u0131n 140. Maddesinin uygulanmas\u0131 \u00f6n\u00fcndeki engelleri detayland\u0131rd\u0131. Ofisten yap\u0131lan a\u00e7\u0131klamada, raporun s\u00f6z konusu b\u00f6lgelerde K\u00fcrt halk\u0131na kar\u015f\u0131 i\u015flenen yasal ve insani ihlalleri a\u00e7\u0131\u011fa \u00e7\u0131kard\u0131\u011f\u0131 vurguland\u0131.\"},{\"@type\":\"BreadcrumbList\",\"@id\":\"https:\\\/\\\/darkamazi.site\\\/archives\\\/1036558#breadcrumb\",\"itemListElement\":[{\"@type\":\"ListItem\",\"position\":1,\"name\":\"Home\",\"item\":\"https:\\\/\\\/darkamazi.site\\\/\"},{\"@type\":\"ListItem\",\"position\":2,\"name\":\"K\u00fcrdistan B\u00f6lgesi Medya Ve Enformasyon dairesi 20 y\u0131ll\u0131k d\u00f6nemi kapsayan bir rapor yay\u0131nlad\u0131\"}]},{\"@type\":\"WebSite\",\"@id\":\"https:\\\/\\\/darkamazi.site\\\/#website\",\"url\":\"https:\\\/\\\/darkamazi.site\\\/\",\"name\":\"Darka Mazi\",\"description\":\"Ana Sayfa\",\"publisher\":{\"@id\":\"https:\\\/\\\/darkamazi.site\\\/#organization\"},\"potentialAction\":[{\"@type\":\"SearchAction\",\"target\":{\"@type\":\"EntryPoint\",\"urlTemplate\":\"https:\\\/\\\/darkamazi.site\\\/?s={search_term_string}\"},\"query-input\":{\"@type\":\"PropertyValueSpecification\",\"valueRequired\":true,\"valueName\":\"search_term_string\"}}],\"inLanguage\":\"en-US\"},{\"@type\":\"Organization\",\"@id\":\"https:\\\/\\\/darkamazi.site\\\/#organization\",\"name\":\"Darka Mazi T\u00fcrk\u00e7e\",\"alternateName\":\"Darka Mazi\",\"url\":\"https:\\\/\\\/darkamazi.site\\\/\",\"logo\":{\"@type\":\"ImageObject\",\"inLanguage\":\"en-US\",\"@id\":\"https:\\\/\\\/darkamazi.site\\\/#\\\/schema\\\/logo\\\/image\\\/\",\"url\":\"https:\\\/\\\/darkamazi.site\\\/darka-content\\\/uploads\\\/2017\\\/12\\\/darka-mazi-logo.png\",\"contentUrl\":\"https:\\\/\\\/darkamazi.site\\\/darka-content\\\/uploads\\\/2017\\\/12\\\/darka-mazi-logo.png\",\"width\":151,\"height\":75,\"caption\":\"Darka Mazi T\u00fcrk\u00e7e\"},\"image\":{\"@id\":\"https:\\\/\\\/darkamazi.site\\\/#\\\/schema\\\/logo\\\/image\\\/\"},\"sameAs\":[\"https:\\\/\\\/www.facebook.com\\\/DarkaMaziturkce\",\"https:\\\/\\\/x.com\\\/DarkaMaziTurkce\"]},{\"@type\":\"Person\",\"@id\":\"https:\\\/\\\/darkamazi.site\\\/#\\\/schema\\\/person\\\/67986a95ac546c16760365877ef4a9d3\",\"name\":\"darka mazi\",\"sameAs\":[\"https:\\\/\\\/darkamazi.site\"],\"url\":\"https:\\\/\\\/darkamazi.site\\\/archives\\\/author\\\/turkish\"}]}<\/script>\n<!-- \/ Yoast SEO plugin. -->","seo_head_json":{"title":"K\u00fcrdistan B\u00f6lgesi Medya Ve Enformasyon dairesi 20 y\u0131ll\u0131k d\u00f6nemi kapsayan bir rapor yay\u0131nlad\u0131 - Darka Mazi","robots":{"index":"index","follow":"follow","max-snippet":"max-snippet:-1","max-image-preview":"max-image-preview:large","max-video-preview":"max-video-preview:-1"},"canonical":"https:\/\/darkamazi.site\/archives\/1036558","og_locale":"en_US","og_type":"article","og_title":"K\u00fcrdistan B\u00f6lgesi Medya Ve Enformasyon dairesi 20 y\u0131ll\u0131k d\u00f6nemi kapsayan bir rapor yay\u0131nlad\u0131 - Darka Mazi","og_description":"K\u00fcrdistan B\u00f6lgesi H\u00fck\u00fcmeti, Irak Anayasas\u0131&#8217;n\u0131n 140. Maddesinin uygulanmas\u0131n\u0131n \u00f6n\u00fcndeki engelleri, tart\u0131\u015fmal\u0131 b\u00f6lgelerde K\u00fcrtlere y\u00f6nelik sistematik ihlalleri ve demografik yap\u0131y\u0131 de\u011fi\u015ftirme giri\u015fimlerini belgeleyen kapsaml\u0131 bir rapor yay\u0131mlad\u0131. Rapor, 16 Ekim olaylar\u0131 sonras\u0131ndaki insani felaketi ve &#8220;idari Arapla\u015ft\u0131rma&#8221; politikalar\u0131n\u0131 t\u00fcm \u00e7\u0131plakl\u0131\u011f\u0131yla g\u00f6zler \u00f6n\u00fcne seriyor. K\u00fcrdistan B\u00f6lgesi H\u00fck\u00fcmeti Medya ve Bilgi Ofisi, bug\u00fcn (23 \u015eubat 2026 Pazartesi) yay\u0131mlad\u0131\u011f\u0131 [&hellip;]","og_url":"https:\/\/darkamazi.site\/archives\/1036558","og_site_name":"Darka Mazi","article_publisher":"https:\/\/www.facebook.com\/DarkaMaziturkce","article_published_time":"2026-02-26T15:15:15+00:00","article_modified_time":"2026-02-26T15:27:15+00:00","og_image":[{"width":1562,"height":878,"url":"https:\/\/darkamazi.site\/file\/2026\/02\/kaporr.jpg","type":"image\/jpeg"}],"author":"darka mazi","twitter_card":"summary_large_image","twitter_creator":"@DarkaMaziTurkce","twitter_site":"@DarkaMaziTurkce","twitter_misc":{"Written by":"darka mazi","Est. reading time":"2 minutes"},"schema":{"@context":"https:\/\/schema.org","@graph":[{"@type":"NewsArticle","@id":"https:\/\/darkamazi.site\/archives\/1036558#article","isPartOf":{"@id":"https:\/\/darkamazi.site\/archives\/1036558"},"author":{"name":"darka mazi","@id":"https:\/\/darkamazi.site\/#\/schema\/person\/67986a95ac546c16760365877ef4a9d3"},"headline":"K\u00fcrdistan B\u00f6lgesi Medya Ve Enformasyon dairesi 20 y\u0131ll\u0131k d\u00f6nemi kapsayan bir rapor yay\u0131nlad\u0131","datePublished":"2026-02-26T15:15:15+00:00","dateModified":"2026-02-26T15:27:15+00:00","mainEntityOfPage":{"@id":"https:\/\/darkamazi.site\/archives\/1036558"},"wordCount":513,"publisher":{"@id":"https:\/\/darkamazi.site\/#organization"},"image":{"@id":"https:\/\/darkamazi.site\/archives\/1036558#primaryimage"},"thumbnailUrl":"https:\/\/darkamazi.site\/file\/2026\/02\/kaporr.jpg","keywords":["\u00f6nemli"],"articleSection":["Kurdistan"],"inLanguage":"en-US"},{"@type":"WebPage","@id":"https:\/\/darkamazi.site\/archives\/1036558","url":"https:\/\/darkamazi.site\/archives\/1036558","name":"K\u00fcrdistan B\u00f6lgesi Medya Ve Enformasyon dairesi 20 y\u0131ll\u0131k d\u00f6nemi kapsayan bir rapor yay\u0131nlad\u0131 - Darka Mazi","isPartOf":{"@id":"https:\/\/darkamazi.site\/#website"},"primaryImageOfPage":{"@id":"https:\/\/darkamazi.site\/archives\/1036558#primaryimage"},"image":{"@id":"https:\/\/darkamazi.site\/archives\/1036558#primaryimage"},"thumbnailUrl":"https:\/\/darkamazi.site\/file\/2026\/02\/kaporr.jpg","datePublished":"2026-02-26T15:15:15+00:00","dateModified":"2026-02-26T15:27:15+00:00","breadcrumb":{"@id":"https:\/\/darkamazi.site\/archives\/1036558#breadcrumb"},"inLanguage":"en-US","potentialAction":[{"@type":"ReadAction","target":["https:\/\/darkamazi.site\/archives\/1036558"]}]},{"@type":"ImageObject","inLanguage":"en-US","@id":"https:\/\/darkamazi.site\/archives\/1036558#primaryimage","url":"https:\/\/darkamazi.site\/file\/2026\/02\/kaporr.jpg","contentUrl":"https:\/\/darkamazi.site\/file\/2026\/02\/kaporr.jpg","width":1562,"height":878,"caption":"K\u00fcrdistan B\u00f6lgesi H\u00fck\u00fcmeti, Irak Anayasas\u0131'n\u0131n 140. Maddesinin uygulanmas\u0131n\u0131n \u00f6n\u00fcndeki engelleri, tart\u0131\u015fmal\u0131 b\u00f6lgelerde K\u00fcrtlere y\u00f6nelik sistematik ihlalleri ve demografik yap\u0131y\u0131 de\u011fi\u015ftirme giri\u015fimlerini belgeleyen kapsaml\u0131 bir rapor yay\u0131mlad\u0131. Rapor, 16 Ekim olaylar\u0131 sonras\u0131ndaki insani felaketi ve \"idari Arapla\u015ft\u0131rma\" politikalar\u0131n\u0131 t\u00fcm \u00e7\u0131plakl\u0131\u011f\u0131yla g\u00f6zler \u00f6n\u00fcne seriyor. K\u00fcrdistan B\u00f6lgesi H\u00fck\u00fcmeti Medya ve Bilgi Ofisi, bug\u00fcn (23 \u015eubat 2026 Pazartesi) yay\u0131mlad\u0131\u011f\u0131 belgesel niteli\u011findeki raporda, 2005-2025 y\u0131llar\u0131 aras\u0131nda Anayasa\u2019n\u0131n 140. Maddesinin uygulanmas\u0131 \u00f6n\u00fcndeki engelleri detayland\u0131rd\u0131. Ofisten yap\u0131lan a\u00e7\u0131klamada, raporun s\u00f6z konusu b\u00f6lgelerde K\u00fcrt halk\u0131na kar\u015f\u0131 i\u015flenen yasal ve insani ihlalleri a\u00e7\u0131\u011fa \u00e7\u0131kard\u0131\u011f\u0131 vurguland\u0131."},{"@type":"BreadcrumbList","@id":"https:\/\/darkamazi.site\/archives\/1036558#breadcrumb","itemListElement":[{"@type":"ListItem","position":1,"name":"Home","item":"https:\/\/darkamazi.site\/"},{"@type":"ListItem","position":2,"name":"K\u00fcrdistan B\u00f6lgesi Medya Ve Enformasyon dairesi 20 y\u0131ll\u0131k d\u00f6nemi kapsayan bir rapor yay\u0131nlad\u0131"}]},{"@type":"WebSite","@id":"https:\/\/darkamazi.site\/#website","url":"https:\/\/darkamazi.site\/","name":"Darka Mazi","description":"Ana Sayfa","publisher":{"@id":"https:\/\/darkamazi.site\/#organization"},"potentialAction":[{"@type":"SearchAction","target":{"@type":"EntryPoint","urlTemplate":"https:\/\/darkamazi.site\/?s={search_term_string}"},"query-input":{"@type":"PropertyValueSpecification","valueRequired":true,"valueName":"search_term_string"}}],"inLanguage":"en-US"},{"@type":"Organization","@id":"https:\/\/darkamazi.site\/#organization","name":"Darka Mazi T\u00fcrk\u00e7e","alternateName":"Darka Mazi","url":"https:\/\/darkamazi.site\/","logo":{"@type":"ImageObject","inLanguage":"en-US","@id":"https:\/\/darkamazi.site\/#\/schema\/logo\/image\/","url":"https:\/\/darkamazi.site\/file\/2017\/12\/darka-mazi-logo.png","contentUrl":"https:\/\/darkamazi.site\/file\/2017\/12\/darka-mazi-logo.png","width":151,"height":75,"caption":"Darka Mazi T\u00fcrk\u00e7e"},"image":{"@id":"https:\/\/darkamazi.site\/#\/schema\/logo\/image\/"},"sameAs":["https:\/\/www.facebook.com\/DarkaMaziturkce","https:\/\/x.com\/DarkaMaziTurkce"]},{"@type":"Person","@id":"https:\/\/darkamazi.site\/#\/schema\/person\/67986a95ac546c16760365877ef4a9d3","name":"darka mazi","sameAs":["https:\/\/darkamazi.site"],"url":"https:\/\/darkamazi.site\/archives\/author\/turkish"}]}},"_links":{"self":[{"href":"https:\/\/darkamazi.site\/funavuv\/wp\/v2\/posts\/1036558","targetHints":{"allow":["GET"]}}],"collection":[{"href":"https:\/\/darkamazi.site\/funavuv\/wp\/v2\/posts"}],"about":[{"href":"https:\/\/darkamazi.site\/funavuv\/wp\/v2\/types\/post"}],"author":[{"embeddable":true,"href":"https:\/\/darkamazi.site\/funavuv\/wp\/v2\/users\/2"}],"replies":[{"embeddable":true,"href":"https:\/\/darkamazi.site\/funavuv\/wp\/v2\/comments?post=1036558"}],"version-history":[{"count":0,"href":"https:\/\/darkamazi.site\/funavuv\/wp\/v2\/posts\/1036558\/revisions"}],"wp:featuredmedia":[{"embeddable":true,"href":"https:\/\/darkamazi.site\/funavuv\/wp\/v2\/media\/1036562"}],"wp:attachment":[{"href":"https:\/\/darkamazi.site\/funavuv\/wp\/v2\/media?parent=1036558"}],"wp:term":[{"taxonomy":"category","embeddable":true,"href":"https:\/\/darkamazi.site\/funavuv\/wp\/v2\/categories?post=1036558"},{"taxonomy":"post_tag","embeddable":true,"href":"https:\/\/darkamazi.site\/funavuv\/wp\/v2\/tags?post=1036558"}],"curies":[{"name":"wp","href":"https:\/\/api.w.org\/{rel}","templated":true}]}}