{"id":1036571,"date":"2026-02-27T12:02:26","date_gmt":"2026-02-27T09:02:26","guid":{"rendered":"https:\/\/darkamazi.site\/?p=1036571"},"modified":"2026-02-27T12:14:37","modified_gmt":"2026-02-27T09:14:37","slug":"abdullah-ocalanin-mesaji-dag-fare-dogurdu-hic-kurt-ve-kurdistan-demeden-kurt-sorunun-cozumu-uzerine-konustu","status":"publish","type":"post","link":"https:\/\/darkamazi.site\/archives\/1036571","title":{"rendered":"Abdullah \u00d6calan\u2019\u0131n mesaj\u0131: Da\u011f Fare do\u011furdu, hi\u00e7 K\u00fcrt ve K\u00fcrdistan demeden \u201cK\u00fcrt sorununun \u00e7\u00f6z\u00fcm\u00fc\u201d \u00fczerine konu\u015ftu"},"content":{"rendered":"<p style=\"text-align: justify\">Feshedilen PKK\u2019nin lideri Abdullah \u00d6calan bu g\u00fcn 27 \u015eubat g\u00fcn\u00fc bir mesaj yay\u0131nlad\u0131. DEM Parti\u2019nin birka\u00e7 g\u00fcnd\u00fcr toplumu \u00f6nemli mesaj olarak motive etti\u011fi mesaj bu g\u00fcn okundu.<br \/>\nAbdullah \u00d6calan\u2019\u0131n mesaj\u0131nda ge\u00e7mi\u015fi a\u015fan bir \u015fey yoktu. \u00d6zel bir yeni \u00e7a\u011fr\u0131 yapmad\u0131. Fakat t\u00fcm ge\u00e7mi\u015f s\u00fcreci \u201cnegatif\u201d olarak de\u011ferlendirerek \u015fiddetten t\u00fcmden ar\u0131nmadan s\u00f6z etti.<\/p>\n<p style=\"text-align: justify\">625 kelimelik mektupta \u00d6calan tek bir kez K\u00fcrt ve K\u00fcrdistan ad\u0131n\u0131 kullanmad\u0131. Ve K\u00fcrtlerin anayasal haklar\u0131 vb hususlara de\u011finmedi. Sorunun sadece vatanda\u015fl\u0131k s\u0131n\u0131r\u0131nda tutan \u00d6calan genel ge\u00e7er demokratik \u00f6l\u00e7\u00fclere bile yer vermedi.<\/p>\n<p style=\"text-align: justify\">\u00d6calan\u2019\u0131n mesaj\u0131 \u015fu \u015fekildi:<\/p>\n<p style=\"text-align: justify\"><strong>Sadece resmen ve fiilen de\u011fil zihnen de \u015fiddetten ar\u0131ma<\/strong><\/p>\n<p style=\"text-align: justify\">\u00a0\u201c27 \u015eubat 2025 \u00e7a\u011fr\u0131m\u0131z, demokratik siyasetin hayata ge\u00e7ti\u011fi yerde silah\u0131n anlams\u0131zla\u015faca\u011f\u0131n\u0131n beyan\u0131 ve tercihin a\u00e7\u0131k\u00e7a siyasetten yana yap\u0131ld\u0131\u011f\u0131n\u0131n ilan\u0131d\u0131r, bir ilke b\u00fct\u00fcnl\u00fc\u011f\u00fcd\u00fcr. Negatif isyan d\u00f6nemini temelde tek tarafl\u0131 bir irade ve pratikle a\u015fmay\u0131 ba\u015fard\u0131k. Geride b\u0131rakt\u0131\u011f\u0131m\u0131z s\u00fcre\u00e7, \u015fiddet ve ayr\u0131\u015fma siyasetinden demokratik siyaset ve entegrasyona ge\u00e7i\u015fi sa\u011flayacak m\u00fczakere yetene\u011fini ve g\u00fcc\u00fcm\u00fcz\u00fc kan\u0131tlam\u0131\u015ft\u0131r. \u00c7a\u011fr\u0131lar\u0131m\u0131z, konferans ve kongreler bu amaca y\u00f6nelikti. \u00d6rg\u00fct\u00fcn fesih ve silahl\u0131 m\u00fccadele stratejisine son verme kararlar\u0131, sadece resmen ve fiilen de\u011fil zihnen de \u015fiddetten ar\u0131nmay\u0131 ve siyaset tercihini ortaya koymu\u015ftur. Bu, ayn\u0131 zamanda cumhuriyetle zihnen bar\u0131\u015fman\u0131n da ilan\u0131yd\u0131.<\/p>\n<p style=\"text-align: justify\"><strong>Say\u0131n Erdo\u011fan\u2019\u0131n iradesi ve Say\u0131n Bah\u00e7eli\u2019nin \u00e7a\u011fr\u0131s\u0131<\/strong><\/p>\n<p style=\"text-align: justify\">Ge\u00e7ti\u011fimiz bir y\u0131l i\u00e7inde Say\u0131n Erdo\u011fan\u2019\u0131n iradesi, Say\u0131n Bah\u00e7eli\u2019nin \u00e7a\u011fr\u0131s\u0131, Say\u0131n \u00d6zel\u2019in katk\u0131s\u0131 ve s\u00fcrece olumlu katk\u0131 yapan di\u011fer t\u00fcm siyasi, sosyal, sivil birey ve kurumlar\u0131n \u00e7abalar\u0131n\u0131 k\u0131ymetli buluyorum. Ve \u00f6zellikle S\u0131rr\u0131 S\u00fcreyya arkada\u015f\u0131m\u0131z\u0131 bir kez daha b\u00fcy\u00fck bir sayg\u0131yla ve \u00f6zlemle an\u0131yorum.<\/p>\n<p style=\"text-align: justify\"><strong>T\u00fcrks\u00fcz K\u00fcrt olmaz<\/strong><\/p>\n<p style=\"text-align: justify\">K\u00fcrts\u00fcz T\u00fcrk, T\u00fcrks\u00fcz K\u00fcrt olmaz. Bu ili\u015fki diyalekti\u011finin tarihsel bir \u00f6zg\u00fcnl\u00fc\u011f\u00fc vard\u0131r. Cumhuriyetin kurulu\u015f s\u00fcrecindeki temel metinler, T\u00fcrk ve K\u00fcrt birli\u011fini ifade ediyordu. 27 \u015eubat \u00e7a\u011fr\u0131m\u0131z bu birlik ruhunun canland\u0131r\u0131lma giri\u015fimi ve Demokratik Cumhuriyet talebidir. Kandan ve \u00e7at\u0131\u015fmadan beslenme mekani\u011fini k\u0131rmay\u0131 ama\u00e7lad\u0131k. Sorunun tarihselli\u011fini, ciddiyetini ve \u00fcretebilece\u011fi riskleri g\u00f6rmek yerine k\u0131sa vadeli dar siyasi \u00e7\u0131karlara g\u00f6re hareket etmek hepimizi zay\u0131flat\u0131r. \u0130nk\u00e2r\u0131 ve isyan\u0131 s\u00fcrekli k\u0131lmaya \u00e7al\u0131\u015fmak, en b\u00fcy\u00fck kural d\u0131\u015f\u0131l\u0131\u011f\u0131 kural k\u0131lmaya \u00e7al\u0131\u015fmakt\u0131r. Son iki y\u00fcz y\u0131lda tersine \u00e7evrilmek istenen karde\u015fli\u011fin \u00f6n\u00fcndeki engelleri kald\u0131r\u0131yor, karde\u015flik hukukunun gere\u011fini yap\u0131yoruz. Nas\u0131l bir araya gelinir ve nas\u0131l bir arada ya\u015fan\u0131l\u0131r tart\u0131\u015fmak istiyoruz.<\/p>\n<p style=\"text-align: justify\"><strong>Negatif a\u015famadan pozitif a\u015famaya ge\u00e7iyoruz <\/strong><\/p>\n<p style=\"text-align: justify\">\u015eimdi negatif a\u015famadan pozitif in\u015fa a\u015famas\u0131na ge\u00e7meliyiz. Yeni bir siyaset d\u00f6nemine, stratejisine kap\u0131 a\u00e7\u0131l\u0131yor. \u015eiddete dayal\u0131 siyaset d\u00f6nemini kapat\u0131p, demokratik toplum ve hukuk temelli bir s\u00fcreci a\u00e7may\u0131 hedefliyor ve her kesimi bu y\u00f6nde imk\u00e2n yaratmaya ve sorumluluk almaya davet ediyoruz.<\/p>\n<p style=\"text-align: justify\">Demokratik toplum, demokratik uzla\u015f\u0131 ve entegrasyon, pozitif d\u00f6nemin zihniyet d\u00fcnyas\u0131n\u0131n yap\u0131ta\u015flar\u0131d\u0131r. Pozitif a\u015fama zor ve \u015fiddete dayal\u0131 m\u00fccadele y\u00f6ntemlerini d\u0131\u015ftalar. Pozitif in\u015fada ama\u00e7, herhangi bir kurumu, yap\u0131y\u0131 ele ge\u00e7irmek de\u011fil toplumdaki her bireyin toplumsal in\u015fada rol alabilecek sorumlulu\u011fa ula\u015fabilmesidir. Ama\u00e7, in\u015fay\u0131 toplumla birlikte ve toplum i\u00e7inde yapmakt\u0131r. Ezilen kesimler, etnik gruplar, dinsel ve k\u00fclt\u00fcrel gruplar kesintisiz ve \u00f6rg\u00fctl\u00fc bir demokratik m\u00fccadeleyle kendi yarat\u0131mlar\u0131na sahip \u00e7\u0131kabilirler. Bu s\u00fcre\u00e7te devletin demokratik d\u00f6n\u00fc\u015f\u00fcme duyarl\u0131 olmas\u0131 \u00f6nemlidir.<\/p>\n<p style=\"text-align: justify\"><strong>Demokratik entegrasyon en az Cumhuriyetin ba\u015flang\u0131c\u0131 kadar \u00f6nemlidir<\/strong><\/p>\n<p style=\"text-align: justify\">Demokratik entegrasyon en az Cumhuriyetin ba\u015flang\u0131c\u0131 kadar \u00f6nemlidir. Onun kadar anlam, gelecek ve g\u00fc\u00e7 itibariyle varl\u0131k ve zenginlik ihtiva eden bir \u00e7a\u011fr\u0131d\u0131r. Temelinde demokratik toplum modeli vard\u0131r. Ayr\u0131\u015ft\u0131rmac\u0131 ya da tersinden asimilasyonist y\u00f6ntemlerin alternatifidir. Demokratik entegrasyona ge\u00e7i\u015f, bar\u0131\u015f yasalar\u0131n\u0131 gerekli k\u0131lar. Demokratik toplum \u00e7\u00f6z\u00fcm\u00fc ise siyasal, sosyal, ekonomik, k\u00fclt\u00fcrel boyutlarda bir mimarinin, bir hukukun tesisini \u00f6ng\u00f6r\u00fcr.<\/p>\n<p style=\"text-align: justify\">G\u00fcn\u00fcm\u00fczde ya\u015fanan bir \u00e7ok sorunun ve krizin sebebi demokratik bir hukukun yoklu\u011fudur. Demokratik siyaset \u00e7er\u00e7eveli bir hukuk \u00e7\u00f6z\u00fcm\u00fcn\u00fc esas al\u0131yoruz. Demokratik topluma alan tan\u0131yacak, demokrasiye alan tan\u0131yacak ve bunun g\u00fc\u00e7l\u00fc hukuksal g\u00fcvencelerini olu\u015fturacak bir yakla\u015f\u0131ma ihtiyac\u0131m\u0131z var.<\/p>\n<p style=\"text-align: justify\">Vatanda\u015fl\u0131k ili\u015fkisi millete aidiyet \u00fczerinden de\u011fil devletle ba\u011f esas al\u0131narak kurulmal\u0131d\u0131r. Dininde, milliyetinde, d\u00fc\u015f\u00fcncesinde \u00f6zg\u00fcr olmay\u0131 temel alan bir \u00f6zg\u00fcr yurtta\u015fl\u0131\u011f\u0131 esas al\u0131yoruz. Din ve dil empoze edilemedi\u011fi gibi milliyet de edilmemelidir. Demokratik s\u0131n\u0131rlarda ve devletin b\u00fct\u00fcnl\u00fc\u011f\u00fcn\u00fc esas alan bir anayasal vatanda\u015fl\u0131k ili\u015fkisi, dinsel, ideolojik, kimliksel ve milliyet varl\u0131\u011f\u0131n\u0131 \u00f6zg\u00fcrce ifade etme ve \u00f6rg\u00fctlenme hakk\u0131n\u0131 kapsar.<\/p>\n<p style=\"text-align: justify\">G\u00fcn\u00fcm\u00fczde hi\u00e7bir d\u00fc\u015f\u00fcnce sistemi demokrasiyi esas almadan ayakta kalamaz. \u0130ni\u015f-\u00e7\u0131k\u0131\u015flar, gerilim ve krizler ge\u00e7icidir, demokrasi er ya da ge\u00e7 kal\u0131c\u0131 olacak oland\u0131r. \u00c7a\u011fr\u0131m\u0131z sadece T\u00fcrkiye\u2019de de\u011fil Ortado\u011fu\u2019da bir arada ya\u015fama sorunu ve \u00fcretti\u011fi kriz haline \u00e7\u00f6z\u00fcm bulma amac\u0131n\u0131 ta\u015f\u0131yor. B\u00fct\u00fcn gadre u\u011fram\u0131\u015flar\u0131n var olma ve kendilerini \u00f6zg\u00fcrce ifade edebilme haklar\u0131n\u0131 savunuyoruz.<\/p>\n<p style=\"text-align: justify\">Kad\u0131nlar, hi\u00e7bir toplumun ve devletin dikkate almadan kendini s\u00fcrd\u00fcremeyece\u011fi toplumsal g\u00fc\u00e7lerin ba\u015f\u0131nda gelir. G\u00fcn\u00fcm\u00fczde aile i\u00e7i \u015fiddet, kad\u0131n cinayetleri, ataerkil bask\u0131, hepsi kad\u0131n\u0131n k\u00f6lele\u015ftirilmesiyle ba\u015flayan tarihsel sald\u0131r\u0131n\u0131n g\u00fcncel izd\u00fc\u015f\u00fcm\u00fcd\u00fcr. Bu nedenle kad\u0131nlar demokratik entegrasyonun en \u00f6zg\u00fcrl\u00fck\u00e7\u00fc par\u00e7as\u0131 ve itici g\u00fcc\u00fcd\u00fcr.<\/p>\n<p style=\"text-align: justify\">D\u00f6nemin dili buyurgan ve otoriter bir dil olamaz. Kar\u015f\u0131s\u0131ndakine kendini do\u011fru ifade etme, do\u011fru dinleme ve ona da kendi do\u011frular\u0131n\u0131 ifade etme olana\u011f\u0131n\u0131 vermeyi esas almal\u0131y\u0131z.<\/p>\n<p style=\"text-align: justify\">T\u00fcm bu hususlar\u0131n ger\u00e7ekle\u015fmesi, kar\u015f\u0131l\u0131kl\u0131 sayg\u0131ya dayal\u0131 geli\u015fmi\u015f bir ortak akl\u0131 gerektirmektedir.<\/p>\n<p style=\"text-align: justify\">Selam ve Sayg\u0131lar\u0131mla\u201d<\/p>\n","protected":false},"excerpt":{"rendered":"<p>Feshedilen PKK\u2019nin lideri Abdullah \u00d6calan bu g\u00fcn 27 \u015eubat g\u00fcn\u00fc bir mesaj yay\u0131nlad\u0131. DEM Parti\u2019nin birka\u00e7 g\u00fcnd\u00fcr toplumu \u00f6nemli mesaj olarak motive etti\u011fi mesaj bu g\u00fcn okundu. Abdullah \u00d6calan\u2019\u0131n mesaj\u0131nda ge\u00e7mi\u015fi a\u015fan bir \u015fey yoktu. \u00d6zel bir yeni \u00e7a\u011fr\u0131 yapmad\u0131. Fakat t\u00fcm ge\u00e7mi\u015f s\u00fcreci \u201cnegatif\u201d olarak de\u011ferlendirerek \u015fiddetten t\u00fcmden ar\u0131nmadan s\u00f6z etti. 625 kelimelik mektupta [&hellip;]<\/p>\n","protected":false},"author":2,"featured_media":1036572,"comment_status":"closed","ping_status":"closed","sticky":false,"template":"","format":"standard","meta":{"footnotes":""},"categories":[3],"tags":[31],"class_list":["post-1036571","post","type-post","status-publish","format-standard","has-post-thumbnail","hentry","category-kurdistan","tag-onemli"],"blocksy_meta":[],"seo_head":"<!-- This site is optimized with the Yoast SEO plugin v27.5 - https:\/\/yoast.com\/product\/yoast-seo-wordpress\/ -->\n<title>Abdullah \u00d6calan\u2019\u0131n mesaj\u0131: Da\u011f Fare do\u011furdu, hi\u00e7 K\u00fcrt ve K\u00fcrdistan demeden \u201cK\u00fcrt sorununun \u00e7\u00f6z\u00fcm\u00fc\u201d \u00fczerine konu\u015ftu - Darka Mazi<\/title>\n<meta name=\"robots\" content=\"index, follow, max-snippet:-1, max-image-preview:large, max-video-preview:-1\" \/>\n<link rel=\"canonical\" href=\"https:\/\/darkamazi.site\/archives\/1036571\" \/>\n<meta property=\"og:locale\" content=\"en_US\" \/>\n<meta property=\"og:type\" content=\"article\" \/>\n<meta property=\"og:title\" content=\"Abdullah \u00d6calan\u2019\u0131n mesaj\u0131: Da\u011f Fare do\u011furdu, hi\u00e7 K\u00fcrt ve K\u00fcrdistan demeden \u201cK\u00fcrt sorununun \u00e7\u00f6z\u00fcm\u00fc\u201d \u00fczerine konu\u015ftu - Darka Mazi\" \/>\n<meta property=\"og:description\" content=\"Feshedilen PKK\u2019nin lideri Abdullah \u00d6calan bu g\u00fcn 27 \u015eubat g\u00fcn\u00fc bir mesaj yay\u0131nlad\u0131. DEM Parti\u2019nin birka\u00e7 g\u00fcnd\u00fcr toplumu \u00f6nemli mesaj olarak motive etti\u011fi mesaj bu g\u00fcn okundu. Abdullah \u00d6calan\u2019\u0131n mesaj\u0131nda ge\u00e7mi\u015fi a\u015fan bir \u015fey yoktu. \u00d6zel bir yeni \u00e7a\u011fr\u0131 yapmad\u0131. Fakat t\u00fcm ge\u00e7mi\u015f s\u00fcreci \u201cnegatif\u201d olarak de\u011ferlendirerek \u015fiddetten t\u00fcmden ar\u0131nmadan s\u00f6z etti. 625 kelimelik mektupta [&hellip;]\" \/>\n<meta property=\"og:url\" content=\"https:\/\/darkamazi.site\/archives\/1036571\" \/>\n<meta property=\"og:site_name\" content=\"Darka Mazi\" \/>\n<meta property=\"article:publisher\" content=\"https:\/\/www.facebook.com\/DarkaMaziturkce\" \/>\n<meta property=\"article:published_time\" content=\"2026-02-27T09:02:26+00:00\" \/>\n<meta property=\"article:modified_time\" content=\"2026-02-27T09:14:37+00:00\" \/>\n<meta property=\"og:image\" content=\"https:\/\/darkamazi.site\/file\/2026\/02\/Ocalan-bizim-photo.jpg\" \/>\n\t<meta property=\"og:image:width\" content=\"900\" \/>\n\t<meta property=\"og:image:height\" content=\"500\" \/>\n\t<meta property=\"og:image:type\" content=\"image\/jpeg\" \/>\n<meta name=\"author\" content=\"darka mazi\" \/>\n<meta name=\"twitter:card\" content=\"summary_large_image\" \/>\n<meta name=\"twitter:creator\" content=\"@DarkaMaziTurkce\" \/>\n<meta name=\"twitter:site\" content=\"@DarkaMaziTurkce\" \/>\n<meta name=\"twitter:label1\" content=\"Written by\" \/>\n\t<meta name=\"twitter:data1\" content=\"darka mazi\" \/>\n\t<meta name=\"twitter:label2\" content=\"Est. reading time\" \/>\n\t<meta name=\"twitter:data2\" content=\"4 minutes\" \/>\n<script type=\"application\/ld+json\" class=\"seo-schema-graph\">{\"@context\":\"https:\\\/\\\/schema.org\",\"@graph\":[{\"@type\":\"NewsArticle\",\"@id\":\"https:\\\/\\\/darkamazi.site\\\/archives\\\/1036571#article\",\"isPartOf\":{\"@id\":\"https:\\\/\\\/darkamazi.site\\\/archives\\\/1036571\"},\"author\":{\"name\":\"darka mazi\",\"@id\":\"https:\\\/\\\/darkamazi.site\\\/#\\\/schema\\\/person\\\/67986a95ac546c16760365877ef4a9d3\"},\"headline\":\"Abdullah \u00d6calan\u2019\u0131n mesaj\u0131: Da\u011f Fare do\u011furdu, hi\u00e7 K\u00fcrt ve K\u00fcrdistan demeden \u201cK\u00fcrt sorununun \u00e7\u00f6z\u00fcm\u00fc\u201d \u00fczerine konu\u015ftu\",\"datePublished\":\"2026-02-27T09:02:26+00:00\",\"dateModified\":\"2026-02-27T09:14:37+00:00\",\"mainEntityOfPage\":{\"@id\":\"https:\\\/\\\/darkamazi.site\\\/archives\\\/1036571\"},\"wordCount\":1147,\"publisher\":{\"@id\":\"https:\\\/\\\/darkamazi.site\\\/#organization\"},\"image\":{\"@id\":\"https:\\\/\\\/darkamazi.site\\\/archives\\\/1036571#primaryimage\"},\"thumbnailUrl\":\"https:\\\/\\\/darkamazi.site\\\/darka-content\\\/uploads\\\/2026\\\/02\\\/Ocalan-bizim-photo.jpg\",\"keywords\":[\"\u00f6nemli\"],\"articleSection\":[\"Kurdistan\"],\"inLanguage\":\"en-US\"},{\"@type\":\"WebPage\",\"@id\":\"https:\\\/\\\/darkamazi.site\\\/archives\\\/1036571\",\"url\":\"https:\\\/\\\/darkamazi.site\\\/archives\\\/1036571\",\"name\":\"Abdullah \u00d6calan\u2019\u0131n mesaj\u0131: Da\u011f Fare do\u011furdu, hi\u00e7 K\u00fcrt ve K\u00fcrdistan demeden \u201cK\u00fcrt sorununun \u00e7\u00f6z\u00fcm\u00fc\u201d \u00fczerine konu\u015ftu - Darka Mazi\",\"isPartOf\":{\"@id\":\"https:\\\/\\\/darkamazi.site\\\/#website\"},\"primaryImageOfPage\":{\"@id\":\"https:\\\/\\\/darkamazi.site\\\/archives\\\/1036571#primaryimage\"},\"image\":{\"@id\":\"https:\\\/\\\/darkamazi.site\\\/archives\\\/1036571#primaryimage\"},\"thumbnailUrl\":\"https:\\\/\\\/darkamazi.site\\\/darka-content\\\/uploads\\\/2026\\\/02\\\/Ocalan-bizim-photo.jpg\",\"datePublished\":\"2026-02-27T09:02:26+00:00\",\"dateModified\":\"2026-02-27T09:14:37+00:00\",\"breadcrumb\":{\"@id\":\"https:\\\/\\\/darkamazi.site\\\/archives\\\/1036571#breadcrumb\"},\"inLanguage\":\"en-US\",\"potentialAction\":[{\"@type\":\"ReadAction\",\"target\":[\"https:\\\/\\\/darkamazi.site\\\/archives\\\/1036571\"]}]},{\"@type\":\"ImageObject\",\"inLanguage\":\"en-US\",\"@id\":\"https:\\\/\\\/darkamazi.site\\\/archives\\\/1036571#primaryimage\",\"url\":\"https:\\\/\\\/darkamazi.site\\\/darka-content\\\/uploads\\\/2026\\\/02\\\/Ocalan-bizim-photo.jpg\",\"contentUrl\":\"https:\\\/\\\/darkamazi.site\\\/darka-content\\\/uploads\\\/2026\\\/02\\\/Ocalan-bizim-photo.jpg\",\"width\":900,\"height\":500,\"caption\":\"Abdullah \u00d6calan\u2019\u0131n mesaj\u0131: Da\u011f Fare do\u011furdu, hi\u00e7 K\u00fcrt ve K\u00fcrdistan demeden \u201cK\u00fcrt sorunun \u00e7\u00f6z\u00fcm\u00fc\u201d \u00fczerine konu\u015ftu\"},{\"@type\":\"BreadcrumbList\",\"@id\":\"https:\\\/\\\/darkamazi.site\\\/archives\\\/1036571#breadcrumb\",\"itemListElement\":[{\"@type\":\"ListItem\",\"position\":1,\"name\":\"Home\",\"item\":\"https:\\\/\\\/darkamazi.site\\\/\"},{\"@type\":\"ListItem\",\"position\":2,\"name\":\"Abdullah \u00d6calan\u2019\u0131n mesaj\u0131: Da\u011f Fare do\u011furdu, hi\u00e7 K\u00fcrt ve K\u00fcrdistan demeden \u201cK\u00fcrt sorununun \u00e7\u00f6z\u00fcm\u00fc\u201d \u00fczerine konu\u015ftu\"}]},{\"@type\":\"WebSite\",\"@id\":\"https:\\\/\\\/darkamazi.site\\\/#website\",\"url\":\"https:\\\/\\\/darkamazi.site\\\/\",\"name\":\"Darka Mazi\",\"description\":\"Ana Sayfa\",\"publisher\":{\"@id\":\"https:\\\/\\\/darkamazi.site\\\/#organization\"},\"potentialAction\":[{\"@type\":\"SearchAction\",\"target\":{\"@type\":\"EntryPoint\",\"urlTemplate\":\"https:\\\/\\\/darkamazi.site\\\/?s={search_term_string}\"},\"query-input\":{\"@type\":\"PropertyValueSpecification\",\"valueRequired\":true,\"valueName\":\"search_term_string\"}}],\"inLanguage\":\"en-US\"},{\"@type\":\"Organization\",\"@id\":\"https:\\\/\\\/darkamazi.site\\\/#organization\",\"name\":\"Darka Mazi T\u00fcrk\u00e7e\",\"alternateName\":\"Darka Mazi\",\"url\":\"https:\\\/\\\/darkamazi.site\\\/\",\"logo\":{\"@type\":\"ImageObject\",\"inLanguage\":\"en-US\",\"@id\":\"https:\\\/\\\/darkamazi.site\\\/#\\\/schema\\\/logo\\\/image\\\/\",\"url\":\"https:\\\/\\\/darkamazi.site\\\/darka-content\\\/uploads\\\/2017\\\/12\\\/darka-mazi-logo.png\",\"contentUrl\":\"https:\\\/\\\/darkamazi.site\\\/darka-content\\\/uploads\\\/2017\\\/12\\\/darka-mazi-logo.png\",\"width\":151,\"height\":75,\"caption\":\"Darka Mazi T\u00fcrk\u00e7e\"},\"image\":{\"@id\":\"https:\\\/\\\/darkamazi.site\\\/#\\\/schema\\\/logo\\\/image\\\/\"},\"sameAs\":[\"https:\\\/\\\/www.facebook.com\\\/DarkaMaziturkce\",\"https:\\\/\\\/x.com\\\/DarkaMaziTurkce\"]},{\"@type\":\"Person\",\"@id\":\"https:\\\/\\\/darkamazi.site\\\/#\\\/schema\\\/person\\\/67986a95ac546c16760365877ef4a9d3\",\"name\":\"darka mazi\",\"sameAs\":[\"https:\\\/\\\/darkamazi.site\"],\"url\":\"https:\\\/\\\/darkamazi.site\\\/archives\\\/author\\\/turkish\"}]}<\/script>\n<!-- \/ Yoast SEO plugin. -->","seo_head_json":{"title":"Abdullah \u00d6calan\u2019\u0131n mesaj\u0131: Da\u011f Fare do\u011furdu, hi\u00e7 K\u00fcrt ve K\u00fcrdistan demeden \u201cK\u00fcrt sorununun \u00e7\u00f6z\u00fcm\u00fc\u201d \u00fczerine konu\u015ftu - Darka Mazi","robots":{"index":"index","follow":"follow","max-snippet":"max-snippet:-1","max-image-preview":"max-image-preview:large","max-video-preview":"max-video-preview:-1"},"canonical":"https:\/\/darkamazi.site\/archives\/1036571","og_locale":"en_US","og_type":"article","og_title":"Abdullah \u00d6calan\u2019\u0131n mesaj\u0131: Da\u011f Fare do\u011furdu, hi\u00e7 K\u00fcrt ve K\u00fcrdistan demeden \u201cK\u00fcrt sorununun \u00e7\u00f6z\u00fcm\u00fc\u201d \u00fczerine konu\u015ftu - Darka Mazi","og_description":"Feshedilen PKK\u2019nin lideri Abdullah \u00d6calan bu g\u00fcn 27 \u015eubat g\u00fcn\u00fc bir mesaj yay\u0131nlad\u0131. DEM Parti\u2019nin birka\u00e7 g\u00fcnd\u00fcr toplumu \u00f6nemli mesaj olarak motive etti\u011fi mesaj bu g\u00fcn okundu. Abdullah \u00d6calan\u2019\u0131n mesaj\u0131nda ge\u00e7mi\u015fi a\u015fan bir \u015fey yoktu. \u00d6zel bir yeni \u00e7a\u011fr\u0131 yapmad\u0131. Fakat t\u00fcm ge\u00e7mi\u015f s\u00fcreci \u201cnegatif\u201d olarak de\u011ferlendirerek \u015fiddetten t\u00fcmden ar\u0131nmadan s\u00f6z etti. 625 kelimelik mektupta [&hellip;]","og_url":"https:\/\/darkamazi.site\/archives\/1036571","og_site_name":"Darka Mazi","article_publisher":"https:\/\/www.facebook.com\/DarkaMaziturkce","article_published_time":"2026-02-27T09:02:26+00:00","article_modified_time":"2026-02-27T09:14:37+00:00","og_image":[{"width":900,"height":500,"url":"https:\/\/darkamazi.site\/file\/2026\/02\/Ocalan-bizim-photo.jpg","type":"image\/jpeg"}],"author":"darka mazi","twitter_card":"summary_large_image","twitter_creator":"@DarkaMaziTurkce","twitter_site":"@DarkaMaziTurkce","twitter_misc":{"Written by":"darka mazi","Est. reading time":"4 minutes"},"schema":{"@context":"https:\/\/schema.org","@graph":[{"@type":"NewsArticle","@id":"https:\/\/darkamazi.site\/archives\/1036571#article","isPartOf":{"@id":"https:\/\/darkamazi.site\/archives\/1036571"},"author":{"name":"darka mazi","@id":"https:\/\/darkamazi.site\/#\/schema\/person\/67986a95ac546c16760365877ef4a9d3"},"headline":"Abdullah \u00d6calan\u2019\u0131n mesaj\u0131: Da\u011f Fare do\u011furdu, hi\u00e7 K\u00fcrt ve K\u00fcrdistan demeden \u201cK\u00fcrt sorununun \u00e7\u00f6z\u00fcm\u00fc\u201d \u00fczerine konu\u015ftu","datePublished":"2026-02-27T09:02:26+00:00","dateModified":"2026-02-27T09:14:37+00:00","mainEntityOfPage":{"@id":"https:\/\/darkamazi.site\/archives\/1036571"},"wordCount":1147,"publisher":{"@id":"https:\/\/darkamazi.site\/#organization"},"image":{"@id":"https:\/\/darkamazi.site\/archives\/1036571#primaryimage"},"thumbnailUrl":"https:\/\/darkamazi.site\/file\/2026\/02\/Ocalan-bizim-photo.jpg","keywords":["\u00f6nemli"],"articleSection":["Kurdistan"],"inLanguage":"en-US"},{"@type":"WebPage","@id":"https:\/\/darkamazi.site\/archives\/1036571","url":"https:\/\/darkamazi.site\/archives\/1036571","name":"Abdullah \u00d6calan\u2019\u0131n mesaj\u0131: Da\u011f Fare do\u011furdu, hi\u00e7 K\u00fcrt ve K\u00fcrdistan demeden \u201cK\u00fcrt sorununun \u00e7\u00f6z\u00fcm\u00fc\u201d \u00fczerine konu\u015ftu - Darka Mazi","isPartOf":{"@id":"https:\/\/darkamazi.site\/#website"},"primaryImageOfPage":{"@id":"https:\/\/darkamazi.site\/archives\/1036571#primaryimage"},"image":{"@id":"https:\/\/darkamazi.site\/archives\/1036571#primaryimage"},"thumbnailUrl":"https:\/\/darkamazi.site\/file\/2026\/02\/Ocalan-bizim-photo.jpg","datePublished":"2026-02-27T09:02:26+00:00","dateModified":"2026-02-27T09:14:37+00:00","breadcrumb":{"@id":"https:\/\/darkamazi.site\/archives\/1036571#breadcrumb"},"inLanguage":"en-US","potentialAction":[{"@type":"ReadAction","target":["https:\/\/darkamazi.site\/archives\/1036571"]}]},{"@type":"ImageObject","inLanguage":"en-US","@id":"https:\/\/darkamazi.site\/archives\/1036571#primaryimage","url":"https:\/\/darkamazi.site\/file\/2026\/02\/Ocalan-bizim-photo.jpg","contentUrl":"https:\/\/darkamazi.site\/file\/2026\/02\/Ocalan-bizim-photo.jpg","width":900,"height":500,"caption":"Abdullah \u00d6calan\u2019\u0131n mesaj\u0131: Da\u011f Fare do\u011furdu, hi\u00e7 K\u00fcrt ve K\u00fcrdistan demeden \u201cK\u00fcrt sorunun \u00e7\u00f6z\u00fcm\u00fc\u201d \u00fczerine konu\u015ftu"},{"@type":"BreadcrumbList","@id":"https:\/\/darkamazi.site\/archives\/1036571#breadcrumb","itemListElement":[{"@type":"ListItem","position":1,"name":"Home","item":"https:\/\/darkamazi.site\/"},{"@type":"ListItem","position":2,"name":"Abdullah \u00d6calan\u2019\u0131n mesaj\u0131: Da\u011f Fare do\u011furdu, hi\u00e7 K\u00fcrt ve K\u00fcrdistan demeden \u201cK\u00fcrt sorununun \u00e7\u00f6z\u00fcm\u00fc\u201d \u00fczerine konu\u015ftu"}]},{"@type":"WebSite","@id":"https:\/\/darkamazi.site\/#website","url":"https:\/\/darkamazi.site\/","name":"Darka Mazi","description":"Ana Sayfa","publisher":{"@id":"https:\/\/darkamazi.site\/#organization"},"potentialAction":[{"@type":"SearchAction","target":{"@type":"EntryPoint","urlTemplate":"https:\/\/darkamazi.site\/?s={search_term_string}"},"query-input":{"@type":"PropertyValueSpecification","valueRequired":true,"valueName":"search_term_string"}}],"inLanguage":"en-US"},{"@type":"Organization","@id":"https:\/\/darkamazi.site\/#organization","name":"Darka Mazi T\u00fcrk\u00e7e","alternateName":"Darka Mazi","url":"https:\/\/darkamazi.site\/","logo":{"@type":"ImageObject","inLanguage":"en-US","@id":"https:\/\/darkamazi.site\/#\/schema\/logo\/image\/","url":"https:\/\/darkamazi.site\/file\/2017\/12\/darka-mazi-logo.png","contentUrl":"https:\/\/darkamazi.site\/file\/2017\/12\/darka-mazi-logo.png","width":151,"height":75,"caption":"Darka Mazi T\u00fcrk\u00e7e"},"image":{"@id":"https:\/\/darkamazi.site\/#\/schema\/logo\/image\/"},"sameAs":["https:\/\/www.facebook.com\/DarkaMaziturkce","https:\/\/x.com\/DarkaMaziTurkce"]},{"@type":"Person","@id":"https:\/\/darkamazi.site\/#\/schema\/person\/67986a95ac546c16760365877ef4a9d3","name":"darka mazi","sameAs":["https:\/\/darkamazi.site"],"url":"https:\/\/darkamazi.site\/archives\/author\/turkish"}]}},"_links":{"self":[{"href":"https:\/\/darkamazi.site\/funavuv\/wp\/v2\/posts\/1036571","targetHints":{"allow":["GET"]}}],"collection":[{"href":"https:\/\/darkamazi.site\/funavuv\/wp\/v2\/posts"}],"about":[{"href":"https:\/\/darkamazi.site\/funavuv\/wp\/v2\/types\/post"}],"author":[{"embeddable":true,"href":"https:\/\/darkamazi.site\/funavuv\/wp\/v2\/users\/2"}],"replies":[{"embeddable":true,"href":"https:\/\/darkamazi.site\/funavuv\/wp\/v2\/comments?post=1036571"}],"version-history":[{"count":0,"href":"https:\/\/darkamazi.site\/funavuv\/wp\/v2\/posts\/1036571\/revisions"}],"wp:featuredmedia":[{"embeddable":true,"href":"https:\/\/darkamazi.site\/funavuv\/wp\/v2\/media\/1036572"}],"wp:attachment":[{"href":"https:\/\/darkamazi.site\/funavuv\/wp\/v2\/media?parent=1036571"}],"wp:term":[{"taxonomy":"category","embeddable":true,"href":"https:\/\/darkamazi.site\/funavuv\/wp\/v2\/categories?post=1036571"},{"taxonomy":"post_tag","embeddable":true,"href":"https:\/\/darkamazi.site\/funavuv\/wp\/v2\/tags?post=1036571"}],"curies":[{"name":"wp","href":"https:\/\/api.w.org\/{rel}","templated":true}]}}