{"id":1036588,"date":"2026-02-28T17:34:10","date_gmt":"2026-02-28T14:34:10","guid":{"rendered":"https:\/\/darkamazi.site\/?p=1036588"},"modified":"2026-02-28T17:34:10","modified_gmt":"2026-02-28T14:34:10","slug":"kurdistan-anti-teror-biriminden-acil-uyari-sirenler-caldiginda-korunakli-alanlara-gecin","status":"publish","type":"post","link":"https:\/\/darkamazi.site\/archives\/1036588","title":{"rendered":"K\u00fcrdistan Anti-Ter\u00f6r Birimi&#8217;nden acil uyar\u0131: \u2018Sirenler \u00e7ald\u0131\u011f\u0131nda korunakl\u0131 alanlara ge\u00e7in\u2019"},"content":{"rendered":"<p>\u0130ran\u2019a y\u00f6nelik ABD-\u0130srail operasyonun ba\u015flamas\u0131 ard\u0131ndan Erbil\u2019e f\u00fczeler d\u00fc\u015fmeye ba\u015flad\u0131. K\u00fcrdistan B\u00f6lgesi Ter\u00f6rle M\u00fccadele Birimi, f\u00fczeler konusunda uyar\u0131 yapt\u0131.<\/p>\n<p>K\u00fcrdistan B\u00f6lgesi Ter\u00f6rle M\u00fccadele Birimi (Anti-Ter\u00f6r), vatanda\u015flara y\u00f6nelik yay\u0131nlad\u0131\u011f\u0131 mesajda, \u0130ran\u2019\u0131n f\u0131rlatt\u0131\u011f\u0131 d\u00fczelere kar\u015f\u0131 hava savunma sistemlerinin devreye girmesi nedeniyle halk\u0131n dikkatli olmas\u0131 gerekti\u011fini bildirdi.<\/p>\n<p>Yap\u0131lan a\u00e7\u0131klamada, uyar\u0131 sirenlerinin \u00e7almas\u0131yla birlikte vatanda\u015flar\u0131n acilen g\u00fcvenli yerlere s\u0131\u011f\u0131nmalar\u0131 istendi. A\u00e7\u0131klamada \u015fu ifadelere yer verildi:<\/p>\n<p>&#8220;Vatanda\u015flar\u0131m\u0131zdan, uyar\u0131 sirenlerinin \u00e7ald\u0131\u011f\u0131 anlarda uygun ve g\u00fcvenli yerlerde kendilerini korumalar\u0131n\u0131 rica ediyoruz. Savunma sistemlerinin havadaki cisimlere kar\u015f\u0131l\u0131k vermesi ve imha etmesi s\u0131ras\u0131nda, herhangi bir can kayb\u0131 veya istenmeyen bir olay ya\u015fanmamas\u0131 i\u00e7in tedbirli olunmal\u0131d\u0131r.&#8221;<\/p>\n<p><strong>&#8220;Par\u00e7alar baz\u0131 b\u00f6lgelere d\u00fc\u015ft\u00fc&#8221;<\/strong><\/p>\n<p>Anti-Ter\u00f6r Birimi, tehlikenin gerek\u00e7esi olarak imha edilen cisimlerden d\u00fc\u015fen enkaz\u0131 g\u00f6sterdi. A\u00e7\u0131klaman\u0131n devam\u0131nda, &#8220;\u0130mha edilen cisimlere ait par\u00e7alar\u0131n halihaz\u0131rda birka\u00e7 farkl\u0131 noktaya d\u00fc\u015ft\u00fc\u011f\u00fc tespit edilmi\u015ftir&#8221; denilerek, vatanda\u015flar\u0131n d\u00fc\u015fen par\u00e7alardan zarar g\u00f6rmemeleri i\u00e7in d\u0131\u015far\u0131da bulunmamalar\u0131 gerekti\u011fi vurguland\u0131.<\/p>\n","protected":false},"excerpt":{"rendered":"<p>\u0130ran\u2019a y\u00f6nelik ABD-\u0130srail operasyonun ba\u015flamas\u0131 ard\u0131ndan Erbil\u2019e f\u00fczeler d\u00fc\u015fmeye ba\u015flad\u0131. K\u00fcrdistan B\u00f6lgesi Ter\u00f6rle M\u00fccadele Birimi, f\u00fczeler konusunda uyar\u0131 yapt\u0131. K\u00fcrdistan B\u00f6lgesi Ter\u00f6rle M\u00fccadele Birimi (Anti-Ter\u00f6r), vatanda\u015flara y\u00f6nelik yay\u0131nlad\u0131\u011f\u0131 mesajda, \u0130ran\u2019\u0131n f\u0131rlatt\u0131\u011f\u0131 d\u00fczelere kar\u015f\u0131 hava savunma sistemlerinin devreye girmesi nedeniyle halk\u0131n dikkatli olmas\u0131 gerekti\u011fini bildirdi. Yap\u0131lan a\u00e7\u0131klamada, uyar\u0131 sirenlerinin \u00e7almas\u0131yla birlikte vatanda\u015flar\u0131n acilen g\u00fcvenli yerlere s\u0131\u011f\u0131nmalar\u0131 [&hellip;]<\/p>\n","protected":false},"author":2,"featured_media":1036589,"comment_status":"closed","ping_status":"closed","sticky":false,"template":"","format":"standard","meta":{"footnotes":""},"categories":[3],"tags":[31],"class_list":["post-1036588","post","type-post","status-publish","format-standard","has-post-thumbnail","hentry","category-kurdistan","tag-onemli"],"blocksy_meta":[],"seo_head":"<!-- This site is optimized with the Yoast SEO plugin v27.5 - https:\/\/yoast.com\/product\/yoast-seo-wordpress\/ -->\n<title>K\u00fcrdistan Anti-Ter\u00f6r Birimi&#039;nden acil uyar\u0131: \u2018Sirenler \u00e7ald\u0131\u011f\u0131nda korunakl\u0131 alanlara ge\u00e7in\u2019 - Darka Mazi<\/title>\n<meta name=\"robots\" content=\"index, follow, max-snippet:-1, max-image-preview:large, max-video-preview:-1\" \/>\n<link rel=\"canonical\" href=\"https:\/\/darkamazi.site\/archives\/1036588\" \/>\n<meta property=\"og:locale\" content=\"en_US\" \/>\n<meta property=\"og:type\" content=\"article\" \/>\n<meta property=\"og:title\" content=\"K\u00fcrdistan Anti-Ter\u00f6r Birimi&#039;nden acil uyar\u0131: \u2018Sirenler \u00e7ald\u0131\u011f\u0131nda korunakl\u0131 alanlara ge\u00e7in\u2019 - Darka Mazi\" \/>\n<meta property=\"og:description\" content=\"\u0130ran\u2019a y\u00f6nelik ABD-\u0130srail operasyonun ba\u015flamas\u0131 ard\u0131ndan Erbil\u2019e f\u00fczeler d\u00fc\u015fmeye ba\u015flad\u0131. K\u00fcrdistan B\u00f6lgesi Ter\u00f6rle M\u00fccadele Birimi, f\u00fczeler konusunda uyar\u0131 yapt\u0131. K\u00fcrdistan B\u00f6lgesi Ter\u00f6rle M\u00fccadele Birimi (Anti-Ter\u00f6r), vatanda\u015flara y\u00f6nelik yay\u0131nlad\u0131\u011f\u0131 mesajda, \u0130ran\u2019\u0131n f\u0131rlatt\u0131\u011f\u0131 d\u00fczelere kar\u015f\u0131 hava savunma sistemlerinin devreye girmesi nedeniyle halk\u0131n dikkatli olmas\u0131 gerekti\u011fini bildirdi. Yap\u0131lan a\u00e7\u0131klamada, uyar\u0131 sirenlerinin \u00e7almas\u0131yla birlikte vatanda\u015flar\u0131n acilen g\u00fcvenli yerlere s\u0131\u011f\u0131nmalar\u0131 [&hellip;]\" \/>\n<meta property=\"og:url\" content=\"https:\/\/darkamazi.site\/archives\/1036588\" \/>\n<meta property=\"og:site_name\" content=\"Darka Mazi\" \/>\n<meta property=\"article:publisher\" content=\"https:\/\/www.facebook.com\/DarkaMaziturkce\" \/>\n<meta property=\"article:published_time\" content=\"2026-02-28T14:34:10+00:00\" \/>\n<meta property=\"og:image\" content=\"https:\/\/darkamazi.site\/file\/2026\/02\/F5lJ-FIWUAEHWtT.jpeg\" \/>\n\t<meta property=\"og:image:width\" content=\"1562\" \/>\n\t<meta property=\"og:image:height\" content=\"878\" \/>\n\t<meta property=\"og:image:type\" content=\"image\/jpeg\" \/>\n<meta name=\"author\" content=\"darka mazi\" \/>\n<meta name=\"twitter:card\" content=\"summary_large_image\" \/>\n<meta name=\"twitter:creator\" content=\"@DarkaMaziTurkce\" \/>\n<meta name=\"twitter:site\" content=\"@DarkaMaziTurkce\" \/>\n<meta name=\"twitter:label1\" content=\"Written by\" \/>\n\t<meta name=\"twitter:data1\" content=\"darka mazi\" \/>\n\t<meta name=\"twitter:label2\" content=\"Est. reading time\" \/>\n\t<meta name=\"twitter:data2\" content=\"1 minute\" \/>\n<script type=\"application\/ld+json\" class=\"seo-schema-graph\">{\"@context\":\"https:\\\/\\\/schema.org\",\"@graph\":[{\"@type\":\"NewsArticle\",\"@id\":\"https:\\\/\\\/darkamazi.site\\\/archives\\\/1036588#article\",\"isPartOf\":{\"@id\":\"https:\\\/\\\/darkamazi.site\\\/archives\\\/1036588\"},\"author\":{\"name\":\"darka mazi\",\"@id\":\"https:\\\/\\\/darkamazi.site\\\/#\\\/schema\\\/person\\\/67986a95ac546c16760365877ef4a9d3\"},\"headline\":\"K\u00fcrdistan Anti-Ter\u00f6r Birimi&#8217;nden acil uyar\u0131: \u2018Sirenler \u00e7ald\u0131\u011f\u0131nda korunakl\u0131 alanlara ge\u00e7in\u2019\",\"datePublished\":\"2026-02-28T14:34:10+00:00\",\"mainEntityOfPage\":{\"@id\":\"https:\\\/\\\/darkamazi.site\\\/archives\\\/1036588\"},\"wordCount\":223,\"publisher\":{\"@id\":\"https:\\\/\\\/darkamazi.site\\\/#organization\"},\"image\":{\"@id\":\"https:\\\/\\\/darkamazi.site\\\/archives\\\/1036588#primaryimage\"},\"thumbnailUrl\":\"https:\\\/\\\/darkamazi.site\\\/darka-content\\\/uploads\\\/2026\\\/02\\\/F5lJ-FIWUAEHWtT.jpeg\",\"keywords\":[\"\u00f6nemli\"],\"articleSection\":[\"Kurdistan\"],\"inLanguage\":\"en-US\"},{\"@type\":\"WebPage\",\"@id\":\"https:\\\/\\\/darkamazi.site\\\/archives\\\/1036588\",\"url\":\"https:\\\/\\\/darkamazi.site\\\/archives\\\/1036588\",\"name\":\"K\u00fcrdistan Anti-Ter\u00f6r Birimi'nden acil uyar\u0131: \u2018Sirenler \u00e7ald\u0131\u011f\u0131nda korunakl\u0131 alanlara ge\u00e7in\u2019 - Darka Mazi\",\"isPartOf\":{\"@id\":\"https:\\\/\\\/darkamazi.site\\\/#website\"},\"primaryImageOfPage\":{\"@id\":\"https:\\\/\\\/darkamazi.site\\\/archives\\\/1036588#primaryimage\"},\"image\":{\"@id\":\"https:\\\/\\\/darkamazi.site\\\/archives\\\/1036588#primaryimage\"},\"thumbnailUrl\":\"https:\\\/\\\/darkamazi.site\\\/darka-content\\\/uploads\\\/2026\\\/02\\\/F5lJ-FIWUAEHWtT.jpeg\",\"datePublished\":\"2026-02-28T14:34:10+00:00\",\"breadcrumb\":{\"@id\":\"https:\\\/\\\/darkamazi.site\\\/archives\\\/1036588#breadcrumb\"},\"inLanguage\":\"en-US\",\"potentialAction\":[{\"@type\":\"ReadAction\",\"target\":[\"https:\\\/\\\/darkamazi.site\\\/archives\\\/1036588\"]}]},{\"@type\":\"ImageObject\",\"inLanguage\":\"en-US\",\"@id\":\"https:\\\/\\\/darkamazi.site\\\/archives\\\/1036588#primaryimage\",\"url\":\"https:\\\/\\\/darkamazi.site\\\/darka-content\\\/uploads\\\/2026\\\/02\\\/F5lJ-FIWUAEHWtT.jpeg\",\"contentUrl\":\"https:\\\/\\\/darkamazi.site\\\/darka-content\\\/uploads\\\/2026\\\/02\\\/F5lJ-FIWUAEHWtT.jpeg\",\"width\":1562,\"height\":878,\"caption\":\"K\u00fcrdistan Anti-Ter\u00f6r Birimi'nden acil uyar\u0131: \u2018Sirenler \u00e7ald\u0131\u011f\u0131nda korunakl\u0131 alanlara ge\u00e7in\u2019\"},{\"@type\":\"BreadcrumbList\",\"@id\":\"https:\\\/\\\/darkamazi.site\\\/archives\\\/1036588#breadcrumb\",\"itemListElement\":[{\"@type\":\"ListItem\",\"position\":1,\"name\":\"Home\",\"item\":\"https:\\\/\\\/darkamazi.site\\\/\"},{\"@type\":\"ListItem\",\"position\":2,\"name\":\"K\u00fcrdistan Anti-Ter\u00f6r Birimi&#8217;nden acil uyar\u0131: \u2018Sirenler \u00e7ald\u0131\u011f\u0131nda korunakl\u0131 alanlara ge\u00e7in\u2019\"}]},{\"@type\":\"WebSite\",\"@id\":\"https:\\\/\\\/darkamazi.site\\\/#website\",\"url\":\"https:\\\/\\\/darkamazi.site\\\/\",\"name\":\"Darka Mazi\",\"description\":\"Ana Sayfa\",\"publisher\":{\"@id\":\"https:\\\/\\\/darkamazi.site\\\/#organization\"},\"potentialAction\":[{\"@type\":\"SearchAction\",\"target\":{\"@type\":\"EntryPoint\",\"urlTemplate\":\"https:\\\/\\\/darkamazi.site\\\/?s={search_term_string}\"},\"query-input\":{\"@type\":\"PropertyValueSpecification\",\"valueRequired\":true,\"valueName\":\"search_term_string\"}}],\"inLanguage\":\"en-US\"},{\"@type\":\"Organization\",\"@id\":\"https:\\\/\\\/darkamazi.site\\\/#organization\",\"name\":\"Darka Mazi T\u00fcrk\u00e7e\",\"alternateName\":\"Darka Mazi\",\"url\":\"https:\\\/\\\/darkamazi.site\\\/\",\"logo\":{\"@type\":\"ImageObject\",\"inLanguage\":\"en-US\",\"@id\":\"https:\\\/\\\/darkamazi.site\\\/#\\\/schema\\\/logo\\\/image\\\/\",\"url\":\"https:\\\/\\\/darkamazi.site\\\/darka-content\\\/uploads\\\/2017\\\/12\\\/darka-mazi-logo.png\",\"contentUrl\":\"https:\\\/\\\/darkamazi.site\\\/darka-content\\\/uploads\\\/2017\\\/12\\\/darka-mazi-logo.png\",\"width\":151,\"height\":75,\"caption\":\"Darka Mazi T\u00fcrk\u00e7e\"},\"image\":{\"@id\":\"https:\\\/\\\/darkamazi.site\\\/#\\\/schema\\\/logo\\\/image\\\/\"},\"sameAs\":[\"https:\\\/\\\/www.facebook.com\\\/DarkaMaziturkce\",\"https:\\\/\\\/x.com\\\/DarkaMaziTurkce\"]},{\"@type\":\"Person\",\"@id\":\"https:\\\/\\\/darkamazi.site\\\/#\\\/schema\\\/person\\\/67986a95ac546c16760365877ef4a9d3\",\"name\":\"darka mazi\",\"sameAs\":[\"https:\\\/\\\/darkamazi.site\"],\"url\":\"https:\\\/\\\/darkamazi.site\\\/archives\\\/author\\\/turkish\"}]}<\/script>\n<!-- \/ Yoast SEO plugin. -->","seo_head_json":{"title":"K\u00fcrdistan Anti-Ter\u00f6r Birimi'nden acil uyar\u0131: \u2018Sirenler \u00e7ald\u0131\u011f\u0131nda korunakl\u0131 alanlara ge\u00e7in\u2019 - Darka Mazi","robots":{"index":"index","follow":"follow","max-snippet":"max-snippet:-1","max-image-preview":"max-image-preview:large","max-video-preview":"max-video-preview:-1"},"canonical":"https:\/\/darkamazi.site\/archives\/1036588","og_locale":"en_US","og_type":"article","og_title":"K\u00fcrdistan Anti-Ter\u00f6r Birimi'nden acil uyar\u0131: \u2018Sirenler \u00e7ald\u0131\u011f\u0131nda korunakl\u0131 alanlara ge\u00e7in\u2019 - Darka Mazi","og_description":"\u0130ran\u2019a y\u00f6nelik ABD-\u0130srail operasyonun ba\u015flamas\u0131 ard\u0131ndan Erbil\u2019e f\u00fczeler d\u00fc\u015fmeye ba\u015flad\u0131. K\u00fcrdistan B\u00f6lgesi Ter\u00f6rle M\u00fccadele Birimi, f\u00fczeler konusunda uyar\u0131 yapt\u0131. K\u00fcrdistan B\u00f6lgesi Ter\u00f6rle M\u00fccadele Birimi (Anti-Ter\u00f6r), vatanda\u015flara y\u00f6nelik yay\u0131nlad\u0131\u011f\u0131 mesajda, \u0130ran\u2019\u0131n f\u0131rlatt\u0131\u011f\u0131 d\u00fczelere kar\u015f\u0131 hava savunma sistemlerinin devreye girmesi nedeniyle halk\u0131n dikkatli olmas\u0131 gerekti\u011fini bildirdi. Yap\u0131lan a\u00e7\u0131klamada, uyar\u0131 sirenlerinin \u00e7almas\u0131yla birlikte vatanda\u015flar\u0131n acilen g\u00fcvenli yerlere s\u0131\u011f\u0131nmalar\u0131 [&hellip;]","og_url":"https:\/\/darkamazi.site\/archives\/1036588","og_site_name":"Darka Mazi","article_publisher":"https:\/\/www.facebook.com\/DarkaMaziturkce","article_published_time":"2026-02-28T14:34:10+00:00","og_image":[{"width":1562,"height":878,"url":"https:\/\/darkamazi.site\/file\/2026\/02\/F5lJ-FIWUAEHWtT.jpeg","type":"image\/jpeg"}],"author":"darka mazi","twitter_card":"summary_large_image","twitter_creator":"@DarkaMaziTurkce","twitter_site":"@DarkaMaziTurkce","twitter_misc":{"Written by":"darka mazi","Est. reading time":"1 minute"},"schema":{"@context":"https:\/\/schema.org","@graph":[{"@type":"NewsArticle","@id":"https:\/\/darkamazi.site\/archives\/1036588#article","isPartOf":{"@id":"https:\/\/darkamazi.site\/archives\/1036588"},"author":{"name":"darka mazi","@id":"https:\/\/darkamazi.site\/#\/schema\/person\/67986a95ac546c16760365877ef4a9d3"},"headline":"K\u00fcrdistan Anti-Ter\u00f6r Birimi&#8217;nden acil uyar\u0131: \u2018Sirenler \u00e7ald\u0131\u011f\u0131nda korunakl\u0131 alanlara ge\u00e7in\u2019","datePublished":"2026-02-28T14:34:10+00:00","mainEntityOfPage":{"@id":"https:\/\/darkamazi.site\/archives\/1036588"},"wordCount":223,"publisher":{"@id":"https:\/\/darkamazi.site\/#organization"},"image":{"@id":"https:\/\/darkamazi.site\/archives\/1036588#primaryimage"},"thumbnailUrl":"https:\/\/darkamazi.site\/file\/2026\/02\/F5lJ-FIWUAEHWtT.jpeg","keywords":["\u00f6nemli"],"articleSection":["Kurdistan"],"inLanguage":"en-US"},{"@type":"WebPage","@id":"https:\/\/darkamazi.site\/archives\/1036588","url":"https:\/\/darkamazi.site\/archives\/1036588","name":"K\u00fcrdistan Anti-Ter\u00f6r Birimi'nden acil uyar\u0131: \u2018Sirenler \u00e7ald\u0131\u011f\u0131nda korunakl\u0131 alanlara ge\u00e7in\u2019 - Darka Mazi","isPartOf":{"@id":"https:\/\/darkamazi.site\/#website"},"primaryImageOfPage":{"@id":"https:\/\/darkamazi.site\/archives\/1036588#primaryimage"},"image":{"@id":"https:\/\/darkamazi.site\/archives\/1036588#primaryimage"},"thumbnailUrl":"https:\/\/darkamazi.site\/file\/2026\/02\/F5lJ-FIWUAEHWtT.jpeg","datePublished":"2026-02-28T14:34:10+00:00","breadcrumb":{"@id":"https:\/\/darkamazi.site\/archives\/1036588#breadcrumb"},"inLanguage":"en-US","potentialAction":[{"@type":"ReadAction","target":["https:\/\/darkamazi.site\/archives\/1036588"]}]},{"@type":"ImageObject","inLanguage":"en-US","@id":"https:\/\/darkamazi.site\/archives\/1036588#primaryimage","url":"https:\/\/darkamazi.site\/file\/2026\/02\/F5lJ-FIWUAEHWtT.jpeg","contentUrl":"https:\/\/darkamazi.site\/file\/2026\/02\/F5lJ-FIWUAEHWtT.jpeg","width":1562,"height":878,"caption":"K\u00fcrdistan Anti-Ter\u00f6r Birimi'nden acil uyar\u0131: \u2018Sirenler \u00e7ald\u0131\u011f\u0131nda korunakl\u0131 alanlara ge\u00e7in\u2019"},{"@type":"BreadcrumbList","@id":"https:\/\/darkamazi.site\/archives\/1036588#breadcrumb","itemListElement":[{"@type":"ListItem","position":1,"name":"Home","item":"https:\/\/darkamazi.site\/"},{"@type":"ListItem","position":2,"name":"K\u00fcrdistan Anti-Ter\u00f6r Birimi&#8217;nden acil uyar\u0131: \u2018Sirenler \u00e7ald\u0131\u011f\u0131nda korunakl\u0131 alanlara ge\u00e7in\u2019"}]},{"@type":"WebSite","@id":"https:\/\/darkamazi.site\/#website","url":"https:\/\/darkamazi.site\/","name":"Darka Mazi","description":"Ana Sayfa","publisher":{"@id":"https:\/\/darkamazi.site\/#organization"},"potentialAction":[{"@type":"SearchAction","target":{"@type":"EntryPoint","urlTemplate":"https:\/\/darkamazi.site\/?s={search_term_string}"},"query-input":{"@type":"PropertyValueSpecification","valueRequired":true,"valueName":"search_term_string"}}],"inLanguage":"en-US"},{"@type":"Organization","@id":"https:\/\/darkamazi.site\/#organization","name":"Darka Mazi T\u00fcrk\u00e7e","alternateName":"Darka Mazi","url":"https:\/\/darkamazi.site\/","logo":{"@type":"ImageObject","inLanguage":"en-US","@id":"https:\/\/darkamazi.site\/#\/schema\/logo\/image\/","url":"https:\/\/darkamazi.site\/file\/2017\/12\/darka-mazi-logo.png","contentUrl":"https:\/\/darkamazi.site\/file\/2017\/12\/darka-mazi-logo.png","width":151,"height":75,"caption":"Darka Mazi T\u00fcrk\u00e7e"},"image":{"@id":"https:\/\/darkamazi.site\/#\/schema\/logo\/image\/"},"sameAs":["https:\/\/www.facebook.com\/DarkaMaziturkce","https:\/\/x.com\/DarkaMaziTurkce"]},{"@type":"Person","@id":"https:\/\/darkamazi.site\/#\/schema\/person\/67986a95ac546c16760365877ef4a9d3","name":"darka mazi","sameAs":["https:\/\/darkamazi.site"],"url":"https:\/\/darkamazi.site\/archives\/author\/turkish"}]}},"_links":{"self":[{"href":"https:\/\/darkamazi.site\/funavuv\/wp\/v2\/posts\/1036588","targetHints":{"allow":["GET"]}}],"collection":[{"href":"https:\/\/darkamazi.site\/funavuv\/wp\/v2\/posts"}],"about":[{"href":"https:\/\/darkamazi.site\/funavuv\/wp\/v2\/types\/post"}],"author":[{"embeddable":true,"href":"https:\/\/darkamazi.site\/funavuv\/wp\/v2\/users\/2"}],"replies":[{"embeddable":true,"href":"https:\/\/darkamazi.site\/funavuv\/wp\/v2\/comments?post=1036588"}],"version-history":[{"count":0,"href":"https:\/\/darkamazi.site\/funavuv\/wp\/v2\/posts\/1036588\/revisions"}],"wp:featuredmedia":[{"embeddable":true,"href":"https:\/\/darkamazi.site\/funavuv\/wp\/v2\/media\/1036589"}],"wp:attachment":[{"href":"https:\/\/darkamazi.site\/funavuv\/wp\/v2\/media?parent=1036588"}],"wp:term":[{"taxonomy":"category","embeddable":true,"href":"https:\/\/darkamazi.site\/funavuv\/wp\/v2\/categories?post=1036588"},{"taxonomy":"post_tag","embeddable":true,"href":"https:\/\/darkamazi.site\/funavuv\/wp\/v2\/tags?post=1036588"}],"curies":[{"name":"wp","href":"https:\/\/api.w.org\/{rel}","templated":true}]}}