{"id":1036591,"date":"2026-03-01T14:48:34","date_gmt":"2026-03-01T11:48:34","guid":{"rendered":"https:\/\/darkamazi.site\/?p=1036591"},"modified":"2026-03-01T14:48:34","modified_gmt":"2026-03-01T11:48:34","slug":"bugun-olumsuz-lider-mele-mustafa-barzaninin-olumunun-47inci-yil-donumu","status":"publish","type":"post","link":"https:\/\/darkamazi.site\/archives\/1036591","title":{"rendered":"Bug\u00fcn \u00d6l\u00fcms\u00fcz Lider Mele Mustafa Barzani&#8217;nin \u00f6l\u00fcm\u00fcn\u00fcn 47&#8217;inci y\u0131l d\u00f6n\u00fcm\u00fc"},"content":{"rendered":"<p style=\"text-align: justify\"><strong>Hayat\u0131n\u0131 K\u00fcrtlerin \u00f6zg\u00fcrl\u00fc\u011f\u00fcne ve ulusal kurtulu\u015f m\u00fccadesine adayan efsane lider Mele Mustafa Barzani, 47 y\u0131l \u00f6nce bug\u00fcn hayata g\u00f6zlerini yumdu.<\/strong><\/p>\n<p style=\"text-align: justify\">K\u00fcrdistan halk\u0131n\u0131n ulusal talepleri do\u011frultusunda m\u00fccadele eden ve hi\u00e7bir zaman geri ad\u0131m atmayan \u00f6l\u00fcms\u00fcz (Nemir) lider Mele Mustafa Barzani\u2019nin vefat\u0131n\u0131n \u00fczerinden 47 y\u0131l ge\u00e7ti.<\/p>\n<p style=\"text-align: justify\">M\u00fccadelesinde sadece K\u00fcrt milletine g\u00fcvenen, i\u015fgalcilere boyun e\u011fmeyen Mele Mustafa Barzani, ulusal kurtulu\u015f m\u00fccadelesine yar\u0131m as\u0131r liderlik etti ve ard\u0131nda m\u00fccadeleyle dolu bir miras b\u0131rakt\u0131.<\/p>\n<p style=\"text-align: justify\">Barzani, t\u00fcm ya\u015fam\u0131n\u0131 K\u00fcrt millerinin ulusal haklar\u0131na m\u00fccadele yoluna adad\u0131. Devrimci bir bak\u0131\u015f a\u00e7\u0131s\u0131na sahipti. Cesareti, \u00f6zg\u00fcveni, hakka olan inanc\u0131, adaleti, zulme kar\u015f\u0131 m\u00fccadelesi ve zulme boyun e\u011fmeyi\u015fi onun en karakteristik \u00f6zellikleriydi.<\/p>\n<p style=\"text-align: justify\">Ve bug\u00fcn, onun K\u00fcrdistan halk\u0131na ebedi vedas\u0131n\u0131n \u00fczerinden 47 y\u0131l ge\u00e7ti. K\u00fcrdistan topraklar\u0131na b\u0131rakt\u0131\u011f\u0131 miras\u0131 ise g\u00fcn ge\u00e7tik\u00e7e g\u00fc\u00e7leniyor.<\/p>\n<p style=\"text-align: justify\"><strong>Mele Mustafa Barzani&#8217;nin hayat\u0131<\/strong><\/p>\n<p style=\"text-align: justify\">\u015eeyh Muhammed Barzani\u2019nin be\u015finci o\u011flu olan Mele Mustafa Barzani, 14 Mart 1903\u2019te Barzan k\u00f6y\u00fcnde d\u00fcnyaya geldi.<\/p>\n<p style=\"text-align: justify\">1904\u2019te babas\u0131n\u0131n vefat\u0131 \u00fczerine a\u011fabeyi \u015eeyh Abdulselam, Barzanilerin liderli\u011fini devrald\u0131.<\/p>\n<p style=\"text-align: justify\">Mele Mustafa Barzani 3 ya\u015f\u0131ndayken Osmanl\u0131 ordusu Barzan b\u00f6lgesine sald\u0131rd\u0131, a\u011fabeyi \u015eeyh Abdulselam\u2019\u0131 esir ald\u0131. Onu da annesiyle birlikte 9 ay hapiste tuttular.<\/p>\n<p style=\"text-align: justify\">K\u00fcrdistan halk\u0131n\u0131n haklar\u0131ndaki \u0131srar\u0131 ve ba\u011f\u0131ms\u0131zl\u0131k m\u00fccadelesi nedeniyle \u015eeyh Abdulselam Barzani 1914 y\u0131l\u0131nda Musul\u2019da idam edildi.<\/p>\n<p style=\"text-align: justify\">1919\u2019da Mele Mustafa, \u015eeyh Mahmud Berzenci\u2019nin ayaklanmas\u0131na destek i\u00e7in 300 ki\u015fiden olu\u015fan silahl\u0131 g\u00fc\u00e7le S\u00fcleymaniye\u2019ye ge\u00e7ti.<\/p>\n<p style=\"text-align: justify\">1920 y\u0131l\u0131nda \u015eeyh Ahmed Barzani, kendisini temsilen Mele Mustafa Barzani\u2019yi \u015eeyh Said Efendi\u2019yle g\u00f6r\u00fc\u015fmek ve devriminde i\u015fbirli\u011fi yapmak \u00fczere Kuzey K\u00fcrdistan\u2019a g\u00f6nderdi.<\/p>\n<p style=\"text-align: justify\">1931-32 y\u0131llar\u0131nda M\u00eargesor-\u015e\u00earwan b\u00f6lgesini \u0130ngilizlere kar\u015f\u0131 savunmak i\u00e7in Barzanilerden olu\u015fan bir g\u00fcce komuta etti. Bu sava\u015fta yetene\u011fi ve kabiliyetiyle b\u00fcy\u00fck bir \u00fcne kavu\u015ftu ve b\u00f6lgeyi koruyabildi.<\/p>\n<p style=\"text-align: justify\">1934\u2019te \u015eeyh Ahmed Barzani ile b\u00f6lgeden bir grup devrimciyle birlikte iltica i\u00e7in T\u00fcrkiye\u2019ye ge\u00e7ti. Ancak d\u00f6nemin Irak y\u00f6netimi ve \u0130ngilizlerin talebi \u00fczerine Irak\u2019\u0131n g\u00fcneyine g\u00f6nderildiler. Daha sonra S\u00fcleymaniye\u2019ye g\u00f6nderildi ve 10 y\u0131l boyunca ayr\u0131 kald\u0131lar.<\/p>\n<p style=\"text-align: justify\">12 Temmuz 1943\u2019te Hiwa Cemiyeti\u2019nin yard\u0131m\u0131yla S\u00fcleymaniye\u2019den Do\u011fu K\u00fcrdistan\u2019a ge\u00e7meyi ba\u015fard\u0131.<\/p>\n<p style=\"text-align: justify\">Ayn\u0131 y\u0131l \u0130ran\u2019dan Barzan b\u00f6lgesine ge\u00e7erek bir grup gen\u00e7le g\u00f6r\u00fc\u015ft\u00fc. 2 ay i\u00e7inde 2 bin g\u00f6n\u00fcll\u00fc silahl\u0131yla emirleri yerine getirmeye haz\u0131r oldu\u011funu bildirdi ve b\u00f6lgedeki polis karakollar\u0131n\u0131n b\u00fcy\u00fck b\u00f6l\u00fcm\u00fcn\u00fc ele ge\u00e7irdi.<\/p>\n<p style=\"text-align: justify\">1943 sonbahar\u0131nda Ba\u011fdat h\u00fck\u00fcmeti Barzan\u2019a bir heyet g\u00f6ndererek \u00e7at\u0131\u015fmalar\u0131n durmas\u0131 i\u00e7in m\u00fczakerede bulundu. Mele Mustafa Barzani de \u015eeyh Ahmed ile t\u00fcm s\u00fcrg\u00fcnlerin geri d\u00f6nmesini \u015fart ko\u015ftu. Nuri Said h\u00fck\u00fcmeti b\u00fct\u00fcn \u015fartlar\u0131 kabul etti.<\/p>\n<p style=\"text-align: justify\">1943-45 y\u0131llar\u0131 aras\u0131nda \u0130ngiliz destekli Irak h\u00fck\u00fcmetine kar\u015f\u0131 ba\u015f kald\u0131rd\u0131 ve devrim K\u00fcrdistan\u2019\u0131n b\u00fcy\u00fck bir b\u00f6l\u00fcm\u00fcne yay\u0131ld\u0131.<\/p>\n<p style=\"text-align: justify\">11 Mart 1945\u2019te Barzani ve Pe\u015fmergeleri Do\u011fu K\u00fcrdistan\u2019a ge\u00e7ti.<\/p>\n<p style=\"text-align: justify\">22 Ocak 1946\u2019da Mahabad\u2019da K\u00fcrdistan Cumhuriyeti\u2019nin ilan\u0131 t\u00f6renine kat\u0131ld\u0131. Cumhurba\u015fkan\u0131 Qazi Muhammed taraf\u0131ndan general r\u00fctbesi verilerek Genelkurmay Ba\u015fkan\u0131 g\u00f6revine getirildi.<\/p>\n<p style=\"text-align: justify\">16 A\u011fustos 1946\u2019da K\u00fcrdistan Demokrat Partisi\u2019ni (KDP) kurdu. Partinin sonraki t\u00fcm kongrelerinde genel ba\u015fkan se\u00e7ildi.<\/p>\n<p style=\"text-align: justify\">K\u00fcrdistan Cumhuriyeti\u2019nin y\u0131k\u0131lmas\u0131n\u0131n ard\u0131ndan 1947\u2019de Sovyetlere tarihi yolculu\u011funa ba\u015flad\u0131. \u0130ran \u015eahl\u0131\u011f\u0131na teslim olmay\u0131 reddeden Barzani, 500\u2019den fazla K\u00fcrt devrimciyle Sovyetlere gitti. Yolculu\u011fu boyunca Irak, \u0130ran ve T\u00fcrkiye ordular\u0131yla \u00e7at\u0131\u015ft\u0131.<\/p>\n<p style=\"text-align: justify\">17 Haziran 1947\u2019de Barzani ve beraberindekiler Aras Nehri\u2019ni ge\u00e7erek Sovyetler Birli\u011fi\u2019ne ula\u015ft\u0131.<\/p>\n<p style=\"text-align: justify\">Stalin liderli\u011findeki Sovyetler Birli\u011fi, Barzani ve beraberindekilere kat\u0131 muamelede bulundu. 1953\u2019te Stalin\u2019in \u00f6l\u00fcm\u00fcyle hayat\u0131nda \u00f6nemli de\u011fi\u015fim oldu.<\/p>\n<p style=\"text-align: justify\">Barzani, ya\u015f\u0131na ra\u011fmen Moskova\u2019da dil akademisinde ekonomi, co\u011frafya ve Rus\u00e7ayla ilgili \u00f6\u011frenim g\u00f6rd\u00fc.<\/p>\n<p style=\"text-align: justify\">14 Temmuz 1958\u2019deki darbe \u00fczerine Irak\u2019a d\u00f6nd\u00fc ve Basra\u2019dan Erbil\u2019e kadar b\u00fcy\u00fck bir co\u015fkuyla kar\u015f\u0131land\u0131.<\/p>\n<p style=\"text-align: justify\">Irak Cumhurba\u015fkan\u0131 Abdulkerim Kas\u0131m, 7 Ekim 1958\u2019de Barzani ve arkada\u015flar\u0131yla g\u00f6r\u00fc\u015ft\u00fc.<\/p>\n<p style=\"text-align: justify\">11 Eyl\u00fcl 1961\u2019den 1975\u2019e kadar Ba\u011fdat\u2019a kar\u015f\u0131 en b\u00fcy\u00fck silahl\u0131 devrime \u00f6nc\u00fcl\u00fck etti. Eyl\u00fcl Devrimi, 14 y\u0131l s\u00fcrd\u00fc ve K\u00fcrdistan halk\u0131 bir\u00e7ok ulusal kazan\u0131m elde etti.<\/p>\n<p style=\"text-align: justify\">11 Mart 1970\u2019te Barzani ve Irak h\u00fck\u00fcmeti K\u00fcrdistan Otonomisi\u2019nde anla\u015ft\u0131. K\u00fcrdistan tarihinde ilk kez 9 y\u0131ll\u0131k bir m\u00fccadele sonucu bu denli bir tarihsel kazan\u0131m garanti alt\u0131na al\u0131nm\u0131\u015ft\u0131.<\/p>\n<p style=\"text-align: justify\">Mele Mustafa Barzani, hayat\u0131 boyunca iki kez mucize eseri suikasttan kurtuldu. 29 Eyl\u00fcl 1971 ve 16 Temmuz 1972 tarihlerinde kendisine y\u00f6nelik suikast giri\u015fimleri oldu. Ancak K\u00fcrdistan halk\u0131n\u0131n \u00e7\u0131karlar\u0131, bar\u0131\u015f\u0131n korunmas\u0131 ve b\u00f6lgenin istikrar\u0131 i\u00e7in Ba\u011fdat\u2019la yap\u0131lan anla\u015fmay\u0131 bozmad\u0131.<\/p>\n<p style=\"text-align: justify\">6 Mart 1975\u2019te Saddam H\u00fcseyin ile \u0130ran \u015eah\u0131 Muhammed R\u0131za\u2019n\u0131n Cezayir\u2019de yapt\u0131\u011f\u0131 anla\u015fma, Eyl\u00fcl Devrimi\u2019ni sekteye u\u011fratt\u0131. \u00d6l\u00fcms\u00fcz Barzani bunun \u00fczerine binlerce Pe\u015fmerge ve vatanda\u015fla birlikte g\u00f6\u00e7 yolunu se\u00e7ti.<\/p>\n<p style=\"text-align: justify\">1975 yenilgisinin ard\u0131ndan da K\u00fcrdistan devriminin yap\u0131 ta\u015flar\u0131n\u0131n konulmas\u0131na liderlik etti.<\/p>\n<p style=\"text-align: justify\">Tedavi i\u00e7in gitti\u011fi Amerika\u2019da bas\u0131na ve diplomasi merkezlerine, K\u00fcrdistan halk\u0131n\u0131n me\u015fru haklar\u0131 i\u00e7in destek vermelerini istedi.<\/p>\n<p style=\"text-align: justify\">1 Mart 1979\u2019da 76 ya\u015f\u0131ndayken ABD\u2019nin ba\u015fkenti Washington\u2019daki Georgetown Hastanesinde hayata g\u00f6zlerini yumdu.<\/p>\n<p style=\"text-align: justify\">4 Mart\u2019ta naa\u015f\u0131 \u0130ran\u2019\u0131n ba\u015fkenti Tahran\u2019a, daha sonra da helikopterle Do\u011fu K\u00fcrdistan\u2019\u0131n \u015eino kentine g\u00f6t\u00fcr\u00fcld\u00fc. Burada K\u00fcrdistan\u2019\u0131n d\u00f6rt par\u00e7as\u0131ndan binlerce m\u00fclteci taraf\u0131ndan kar\u015f\u0131lanan cenazesi 5 Mart\u2019ta topra\u011fa verildi.<\/p>\n<p style=\"text-align: justify\">6 Ekim 1993\u2019te Mele Mustafa Barzani ve o\u011flu \u0130dris Barzani\u2019nin naa\u015flar\u0131 Barzan\u2019a getirilerek ebedi istirahatgahlar\u0131nda defnedildi.<\/p>\n","protected":false},"excerpt":{"rendered":"<p>Hayat\u0131n\u0131 K\u00fcrtlerin \u00f6zg\u00fcrl\u00fc\u011f\u00fcne ve ulusal kurtulu\u015f m\u00fccadesine adayan efsane lider Mele Mustafa Barzani, 47 y\u0131l \u00f6nce bug\u00fcn hayata g\u00f6zlerini yumdu. K\u00fcrdistan halk\u0131n\u0131n ulusal talepleri do\u011frultusunda m\u00fccadele eden ve hi\u00e7bir zaman geri ad\u0131m atmayan \u00f6l\u00fcms\u00fcz (Nemir) lider Mele Mustafa Barzani\u2019nin vefat\u0131n\u0131n \u00fczerinden 47 y\u0131l ge\u00e7ti. M\u00fccadelesinde sadece K\u00fcrt milletine g\u00fcvenen, i\u015fgalcilere boyun e\u011fmeyen Mele Mustafa Barzani, [&hellip;]<\/p>\n","protected":false},"author":2,"featured_media":1036592,"comment_status":"closed","ping_status":"closed","sticky":false,"template":"","format":"standard","meta":{"footnotes":""},"categories":[3],"tags":[31],"class_list":["post-1036591","post","type-post","status-publish","format-standard","has-post-thumbnail","hentry","category-kurdistan","tag-onemli"],"blocksy_meta":[],"seo_head":"<!-- This site is optimized with the Yoast SEO plugin v27.5 - https:\/\/yoast.com\/product\/yoast-seo-wordpress\/ -->\n<title>Bug\u00fcn \u00d6l\u00fcms\u00fcz Lider Mele Mustafa Barzani&#039;nin \u00f6l\u00fcm\u00fcn\u00fcn 47&#039;inci y\u0131l d\u00f6n\u00fcm\u00fc - Darka Mazi<\/title>\n<meta name=\"robots\" content=\"index, follow, max-snippet:-1, max-image-preview:large, max-video-preview:-1\" \/>\n<link rel=\"canonical\" href=\"https:\/\/darkamazi.site\/archives\/1036591\" \/>\n<meta property=\"og:locale\" content=\"en_US\" \/>\n<meta property=\"og:type\" content=\"article\" \/>\n<meta property=\"og:title\" content=\"Bug\u00fcn \u00d6l\u00fcms\u00fcz Lider Mele Mustafa Barzani&#039;nin \u00f6l\u00fcm\u00fcn\u00fcn 47&#039;inci y\u0131l d\u00f6n\u00fcm\u00fc - Darka Mazi\" \/>\n<meta property=\"og:description\" content=\"Hayat\u0131n\u0131 K\u00fcrtlerin \u00f6zg\u00fcrl\u00fc\u011f\u00fcne ve ulusal kurtulu\u015f m\u00fccadesine adayan efsane lider Mele Mustafa Barzani, 47 y\u0131l \u00f6nce bug\u00fcn hayata g\u00f6zlerini yumdu. K\u00fcrdistan halk\u0131n\u0131n ulusal talepleri do\u011frultusunda m\u00fccadele eden ve hi\u00e7bir zaman geri ad\u0131m atmayan \u00f6l\u00fcms\u00fcz (Nemir) lider Mele Mustafa Barzani\u2019nin vefat\u0131n\u0131n \u00fczerinden 47 y\u0131l ge\u00e7ti. M\u00fccadelesinde sadece K\u00fcrt milletine g\u00fcvenen, i\u015fgalcilere boyun e\u011fmeyen Mele Mustafa Barzani, [&hellip;]\" \/>\n<meta property=\"og:url\" content=\"https:\/\/darkamazi.site\/archives\/1036591\" \/>\n<meta property=\"og:site_name\" content=\"Darka Mazi\" \/>\n<meta property=\"article:publisher\" content=\"https:\/\/www.facebook.com\/DarkaMaziturkce\" \/>\n<meta property=\"article:published_time\" content=\"2026-03-01T11:48:34+00:00\" \/>\n<meta property=\"og:image\" content=\"https:\/\/darkamazi.site\/file\/2026\/03\/Mele-Mistefa-Barzani-1.jpg\" \/>\n\t<meta property=\"og:image:width\" content=\"900\" \/>\n\t<meta property=\"og:image:height\" content=\"497\" \/>\n\t<meta property=\"og:image:type\" content=\"image\/jpeg\" \/>\n<meta name=\"author\" content=\"darka mazi\" \/>\n<meta name=\"twitter:card\" content=\"summary_large_image\" \/>\n<meta name=\"twitter:creator\" content=\"@DarkaMaziTurkce\" \/>\n<meta name=\"twitter:site\" content=\"@DarkaMaziTurkce\" \/>\n<meta name=\"twitter:label1\" content=\"Written by\" \/>\n\t<meta name=\"twitter:data1\" content=\"darka mazi\" \/>\n\t<meta name=\"twitter:label2\" content=\"Est. reading time\" \/>\n\t<meta name=\"twitter:data2\" content=\"4 minutes\" \/>\n<script type=\"application\/ld+json\" class=\"seo-schema-graph\">{\"@context\":\"https:\\\/\\\/schema.org\",\"@graph\":[{\"@type\":\"NewsArticle\",\"@id\":\"https:\\\/\\\/darkamazi.site\\\/archives\\\/1036591#article\",\"isPartOf\":{\"@id\":\"https:\\\/\\\/darkamazi.site\\\/archives\\\/1036591\"},\"author\":{\"name\":\"darka mazi\",\"@id\":\"https:\\\/\\\/darkamazi.site\\\/#\\\/schema\\\/person\\\/67986a95ac546c16760365877ef4a9d3\"},\"headline\":\"Bug\u00fcn \u00d6l\u00fcms\u00fcz Lider Mele Mustafa Barzani&#8217;nin \u00f6l\u00fcm\u00fcn\u00fcn 47&#8217;inci y\u0131l d\u00f6n\u00fcm\u00fc\",\"datePublished\":\"2026-03-01T11:48:34+00:00\",\"mainEntityOfPage\":{\"@id\":\"https:\\\/\\\/darkamazi.site\\\/archives\\\/1036591\"},\"wordCount\":1075,\"publisher\":{\"@id\":\"https:\\\/\\\/darkamazi.site\\\/#organization\"},\"image\":{\"@id\":\"https:\\\/\\\/darkamazi.site\\\/archives\\\/1036591#primaryimage\"},\"thumbnailUrl\":\"https:\\\/\\\/darkamazi.site\\\/darka-content\\\/uploads\\\/2026\\\/03\\\/Mele-Mistefa-Barzani-1.jpg\",\"keywords\":[\"\u00f6nemli\"],\"articleSection\":[\"Kurdistan\"],\"inLanguage\":\"en-US\"},{\"@type\":\"WebPage\",\"@id\":\"https:\\\/\\\/darkamazi.site\\\/archives\\\/1036591\",\"url\":\"https:\\\/\\\/darkamazi.site\\\/archives\\\/1036591\",\"name\":\"Bug\u00fcn \u00d6l\u00fcms\u00fcz Lider Mele Mustafa Barzani'nin \u00f6l\u00fcm\u00fcn\u00fcn 47'inci y\u0131l d\u00f6n\u00fcm\u00fc - Darka Mazi\",\"isPartOf\":{\"@id\":\"https:\\\/\\\/darkamazi.site\\\/#website\"},\"primaryImageOfPage\":{\"@id\":\"https:\\\/\\\/darkamazi.site\\\/archives\\\/1036591#primaryimage\"},\"image\":{\"@id\":\"https:\\\/\\\/darkamazi.site\\\/archives\\\/1036591#primaryimage\"},\"thumbnailUrl\":\"https:\\\/\\\/darkamazi.site\\\/darka-content\\\/uploads\\\/2026\\\/03\\\/Mele-Mistefa-Barzani-1.jpg\",\"datePublished\":\"2026-03-01T11:48:34+00:00\",\"breadcrumb\":{\"@id\":\"https:\\\/\\\/darkamazi.site\\\/archives\\\/1036591#breadcrumb\"},\"inLanguage\":\"en-US\",\"potentialAction\":[{\"@type\":\"ReadAction\",\"target\":[\"https:\\\/\\\/darkamazi.site\\\/archives\\\/1036591\"]}]},{\"@type\":\"ImageObject\",\"inLanguage\":\"en-US\",\"@id\":\"https:\\\/\\\/darkamazi.site\\\/archives\\\/1036591#primaryimage\",\"url\":\"https:\\\/\\\/darkamazi.site\\\/darka-content\\\/uploads\\\/2026\\\/03\\\/Mele-Mistefa-Barzani-1.jpg\",\"contentUrl\":\"https:\\\/\\\/darkamazi.site\\\/darka-content\\\/uploads\\\/2026\\\/03\\\/Mele-Mistefa-Barzani-1.jpg\",\"width\":900,\"height\":497,\"caption\":\"Bug\u00fcn \u00d6l\u00fcms\u00fcz Lider Mele Mustafa Barzani'nin \u00f6l\u00fcm\u00fcn\u00fcn 47'inci y\u0131l d\u00f6n\u00fcm\u00fc\"},{\"@type\":\"BreadcrumbList\",\"@id\":\"https:\\\/\\\/darkamazi.site\\\/archives\\\/1036591#breadcrumb\",\"itemListElement\":[{\"@type\":\"ListItem\",\"position\":1,\"name\":\"Home\",\"item\":\"https:\\\/\\\/darkamazi.site\\\/\"},{\"@type\":\"ListItem\",\"position\":2,\"name\":\"Bug\u00fcn \u00d6l\u00fcms\u00fcz Lider Mele Mustafa Barzani&#8217;nin \u00f6l\u00fcm\u00fcn\u00fcn 47&#8217;inci y\u0131l d\u00f6n\u00fcm\u00fc\"}]},{\"@type\":\"WebSite\",\"@id\":\"https:\\\/\\\/darkamazi.site\\\/#website\",\"url\":\"https:\\\/\\\/darkamazi.site\\\/\",\"name\":\"Darka Mazi\",\"description\":\"Ana Sayfa\",\"publisher\":{\"@id\":\"https:\\\/\\\/darkamazi.site\\\/#organization\"},\"potentialAction\":[{\"@type\":\"SearchAction\",\"target\":{\"@type\":\"EntryPoint\",\"urlTemplate\":\"https:\\\/\\\/darkamazi.site\\\/?s={search_term_string}\"},\"query-input\":{\"@type\":\"PropertyValueSpecification\",\"valueRequired\":true,\"valueName\":\"search_term_string\"}}],\"inLanguage\":\"en-US\"},{\"@type\":\"Organization\",\"@id\":\"https:\\\/\\\/darkamazi.site\\\/#organization\",\"name\":\"Darka Mazi T\u00fcrk\u00e7e\",\"alternateName\":\"Darka Mazi\",\"url\":\"https:\\\/\\\/darkamazi.site\\\/\",\"logo\":{\"@type\":\"ImageObject\",\"inLanguage\":\"en-US\",\"@id\":\"https:\\\/\\\/darkamazi.site\\\/#\\\/schema\\\/logo\\\/image\\\/\",\"url\":\"https:\\\/\\\/darkamazi.site\\\/darka-content\\\/uploads\\\/2017\\\/12\\\/darka-mazi-logo.png\",\"contentUrl\":\"https:\\\/\\\/darkamazi.site\\\/darka-content\\\/uploads\\\/2017\\\/12\\\/darka-mazi-logo.png\",\"width\":151,\"height\":75,\"caption\":\"Darka Mazi T\u00fcrk\u00e7e\"},\"image\":{\"@id\":\"https:\\\/\\\/darkamazi.site\\\/#\\\/schema\\\/logo\\\/image\\\/\"},\"sameAs\":[\"https:\\\/\\\/www.facebook.com\\\/DarkaMaziturkce\",\"https:\\\/\\\/x.com\\\/DarkaMaziTurkce\"]},{\"@type\":\"Person\",\"@id\":\"https:\\\/\\\/darkamazi.site\\\/#\\\/schema\\\/person\\\/67986a95ac546c16760365877ef4a9d3\",\"name\":\"darka mazi\",\"sameAs\":[\"https:\\\/\\\/darkamazi.site\"],\"url\":\"https:\\\/\\\/darkamazi.site\\\/archives\\\/author\\\/turkish\"}]}<\/script>\n<!-- \/ Yoast SEO plugin. -->","seo_head_json":{"title":"Bug\u00fcn \u00d6l\u00fcms\u00fcz Lider Mele Mustafa Barzani'nin \u00f6l\u00fcm\u00fcn\u00fcn 47'inci y\u0131l d\u00f6n\u00fcm\u00fc - Darka Mazi","robots":{"index":"index","follow":"follow","max-snippet":"max-snippet:-1","max-image-preview":"max-image-preview:large","max-video-preview":"max-video-preview:-1"},"canonical":"https:\/\/darkamazi.site\/archives\/1036591","og_locale":"en_US","og_type":"article","og_title":"Bug\u00fcn \u00d6l\u00fcms\u00fcz Lider Mele Mustafa Barzani'nin \u00f6l\u00fcm\u00fcn\u00fcn 47'inci y\u0131l d\u00f6n\u00fcm\u00fc - Darka Mazi","og_description":"Hayat\u0131n\u0131 K\u00fcrtlerin \u00f6zg\u00fcrl\u00fc\u011f\u00fcne ve ulusal kurtulu\u015f m\u00fccadesine adayan efsane lider Mele Mustafa Barzani, 47 y\u0131l \u00f6nce bug\u00fcn hayata g\u00f6zlerini yumdu. K\u00fcrdistan halk\u0131n\u0131n ulusal talepleri do\u011frultusunda m\u00fccadele eden ve hi\u00e7bir zaman geri ad\u0131m atmayan \u00f6l\u00fcms\u00fcz (Nemir) lider Mele Mustafa Barzani\u2019nin vefat\u0131n\u0131n \u00fczerinden 47 y\u0131l ge\u00e7ti. M\u00fccadelesinde sadece K\u00fcrt milletine g\u00fcvenen, i\u015fgalcilere boyun e\u011fmeyen Mele Mustafa Barzani, [&hellip;]","og_url":"https:\/\/darkamazi.site\/archives\/1036591","og_site_name":"Darka Mazi","article_publisher":"https:\/\/www.facebook.com\/DarkaMaziturkce","article_published_time":"2026-03-01T11:48:34+00:00","og_image":[{"width":900,"height":497,"url":"https:\/\/darkamazi.site\/file\/2026\/03\/Mele-Mistefa-Barzani-1.jpg","type":"image\/jpeg"}],"author":"darka mazi","twitter_card":"summary_large_image","twitter_creator":"@DarkaMaziTurkce","twitter_site":"@DarkaMaziTurkce","twitter_misc":{"Written by":"darka mazi","Est. reading time":"4 minutes"},"schema":{"@context":"https:\/\/schema.org","@graph":[{"@type":"NewsArticle","@id":"https:\/\/darkamazi.site\/archives\/1036591#article","isPartOf":{"@id":"https:\/\/darkamazi.site\/archives\/1036591"},"author":{"name":"darka mazi","@id":"https:\/\/darkamazi.site\/#\/schema\/person\/67986a95ac546c16760365877ef4a9d3"},"headline":"Bug\u00fcn \u00d6l\u00fcms\u00fcz Lider Mele Mustafa Barzani&#8217;nin \u00f6l\u00fcm\u00fcn\u00fcn 47&#8217;inci y\u0131l d\u00f6n\u00fcm\u00fc","datePublished":"2026-03-01T11:48:34+00:00","mainEntityOfPage":{"@id":"https:\/\/darkamazi.site\/archives\/1036591"},"wordCount":1075,"publisher":{"@id":"https:\/\/darkamazi.site\/#organization"},"image":{"@id":"https:\/\/darkamazi.site\/archives\/1036591#primaryimage"},"thumbnailUrl":"https:\/\/darkamazi.site\/file\/2026\/03\/Mele-Mistefa-Barzani-1.jpg","keywords":["\u00f6nemli"],"articleSection":["Kurdistan"],"inLanguage":"en-US"},{"@type":"WebPage","@id":"https:\/\/darkamazi.site\/archives\/1036591","url":"https:\/\/darkamazi.site\/archives\/1036591","name":"Bug\u00fcn \u00d6l\u00fcms\u00fcz Lider Mele Mustafa Barzani'nin \u00f6l\u00fcm\u00fcn\u00fcn 47'inci y\u0131l d\u00f6n\u00fcm\u00fc - Darka Mazi","isPartOf":{"@id":"https:\/\/darkamazi.site\/#website"},"primaryImageOfPage":{"@id":"https:\/\/darkamazi.site\/archives\/1036591#primaryimage"},"image":{"@id":"https:\/\/darkamazi.site\/archives\/1036591#primaryimage"},"thumbnailUrl":"https:\/\/darkamazi.site\/file\/2026\/03\/Mele-Mistefa-Barzani-1.jpg","datePublished":"2026-03-01T11:48:34+00:00","breadcrumb":{"@id":"https:\/\/darkamazi.site\/archives\/1036591#breadcrumb"},"inLanguage":"en-US","potentialAction":[{"@type":"ReadAction","target":["https:\/\/darkamazi.site\/archives\/1036591"]}]},{"@type":"ImageObject","inLanguage":"en-US","@id":"https:\/\/darkamazi.site\/archives\/1036591#primaryimage","url":"https:\/\/darkamazi.site\/file\/2026\/03\/Mele-Mistefa-Barzani-1.jpg","contentUrl":"https:\/\/darkamazi.site\/file\/2026\/03\/Mele-Mistefa-Barzani-1.jpg","width":900,"height":497,"caption":"Bug\u00fcn \u00d6l\u00fcms\u00fcz Lider Mele Mustafa Barzani'nin \u00f6l\u00fcm\u00fcn\u00fcn 47'inci y\u0131l d\u00f6n\u00fcm\u00fc"},{"@type":"BreadcrumbList","@id":"https:\/\/darkamazi.site\/archives\/1036591#breadcrumb","itemListElement":[{"@type":"ListItem","position":1,"name":"Home","item":"https:\/\/darkamazi.site\/"},{"@type":"ListItem","position":2,"name":"Bug\u00fcn \u00d6l\u00fcms\u00fcz Lider Mele Mustafa Barzani&#8217;nin \u00f6l\u00fcm\u00fcn\u00fcn 47&#8217;inci y\u0131l d\u00f6n\u00fcm\u00fc"}]},{"@type":"WebSite","@id":"https:\/\/darkamazi.site\/#website","url":"https:\/\/darkamazi.site\/","name":"Darka Mazi","description":"Ana Sayfa","publisher":{"@id":"https:\/\/darkamazi.site\/#organization"},"potentialAction":[{"@type":"SearchAction","target":{"@type":"EntryPoint","urlTemplate":"https:\/\/darkamazi.site\/?s={search_term_string}"},"query-input":{"@type":"PropertyValueSpecification","valueRequired":true,"valueName":"search_term_string"}}],"inLanguage":"en-US"},{"@type":"Organization","@id":"https:\/\/darkamazi.site\/#organization","name":"Darka Mazi T\u00fcrk\u00e7e","alternateName":"Darka Mazi","url":"https:\/\/darkamazi.site\/","logo":{"@type":"ImageObject","inLanguage":"en-US","@id":"https:\/\/darkamazi.site\/#\/schema\/logo\/image\/","url":"https:\/\/darkamazi.site\/file\/2017\/12\/darka-mazi-logo.png","contentUrl":"https:\/\/darkamazi.site\/file\/2017\/12\/darka-mazi-logo.png","width":151,"height":75,"caption":"Darka Mazi T\u00fcrk\u00e7e"},"image":{"@id":"https:\/\/darkamazi.site\/#\/schema\/logo\/image\/"},"sameAs":["https:\/\/www.facebook.com\/DarkaMaziturkce","https:\/\/x.com\/DarkaMaziTurkce"]},{"@type":"Person","@id":"https:\/\/darkamazi.site\/#\/schema\/person\/67986a95ac546c16760365877ef4a9d3","name":"darka mazi","sameAs":["https:\/\/darkamazi.site"],"url":"https:\/\/darkamazi.site\/archives\/author\/turkish"}]}},"_links":{"self":[{"href":"https:\/\/darkamazi.site\/funavuv\/wp\/v2\/posts\/1036591","targetHints":{"allow":["GET"]}}],"collection":[{"href":"https:\/\/darkamazi.site\/funavuv\/wp\/v2\/posts"}],"about":[{"href":"https:\/\/darkamazi.site\/funavuv\/wp\/v2\/types\/post"}],"author":[{"embeddable":true,"href":"https:\/\/darkamazi.site\/funavuv\/wp\/v2\/users\/2"}],"replies":[{"embeddable":true,"href":"https:\/\/darkamazi.site\/funavuv\/wp\/v2\/comments?post=1036591"}],"version-history":[{"count":0,"href":"https:\/\/darkamazi.site\/funavuv\/wp\/v2\/posts\/1036591\/revisions"}],"wp:featuredmedia":[{"embeddable":true,"href":"https:\/\/darkamazi.site\/funavuv\/wp\/v2\/media\/1036592"}],"wp:attachment":[{"href":"https:\/\/darkamazi.site\/funavuv\/wp\/v2\/media?parent=1036591"}],"wp:term":[{"taxonomy":"category","embeddable":true,"href":"https:\/\/darkamazi.site\/funavuv\/wp\/v2\/categories?post=1036591"},{"taxonomy":"post_tag","embeddable":true,"href":"https:\/\/darkamazi.site\/funavuv\/wp\/v2\/tags?post=1036591"}],"curies":[{"name":"wp","href":"https:\/\/api.w.org\/{rel}","templated":true}]}}