{"id":1036594,"date":"2026-03-01T15:13:04","date_gmt":"2026-03-01T12:13:04","guid":{"rendered":"https:\/\/darkamazi.site\/?p=1036594"},"modified":"2026-03-01T15:13:04","modified_gmt":"2026-03-01T12:13:04","slug":"iranin-yeni-lideri-belli-oldu-ali-riza-arafi","status":"publish","type":"post","link":"https:\/\/darkamazi.site\/archives\/1036594","title":{"rendered":"\u0130ran&#8217;\u0131n yeni lideri belli oldu: Ali R\u0131za Arafi"},"content":{"rendered":"<p style=\"text-align: justify\"><strong>\u00a0<\/strong>\u0130ran&#8217;da ABD-\u0130srail sald\u0131r\u0131s\u0131nda \u00f6ld\u00fcr\u00fclen dini lider Ayetullah Ali Hamaney&#8217;in yerine Ayetullah Ali R\u0131za Arafi ge\u00e7ici olarak g\u00f6revlendirildi.<\/p>\n<p style=\"text-align: justify\">ABD\u2019nin \u0130srail ile birlikte \u0130ran\u2019a ba\u015flatt\u0131\u011f\u0131 sald\u0131r\u0131lar ikinci g\u00fcn\u00fcnde s\u00fcrerken, \u0130ran devlet televizyonu dini lider Ali Hamaney&#8217;in \u00f6ld\u00fcr\u00fcld\u00fc\u011f\u00fcn\u00fc duyurdu.<\/p>\n<p style=\"text-align: justify\">\u0130srail sabah saatlerinde yeniden operasyon d\u00fczenledi\u011fini duyururken, \u0130ran ordusu ABD ile \u0130srail hedeflerine y\u00f6nelik yeni sald\u0131r\u0131lar ba\u015flatt\u0131\u011f\u0131n\u0131 a\u00e7\u0131klad\u0131.<\/p>\n<p style=\"text-align: justify\">\u0130ran devlet haber ajans\u0131 ISNA&#8217;ya g\u00f6re, Ayetullah Alireza Arafi, \u0130ran liderlik konseyinin hukuk\u00e7u \u00fcyesi olarak atand\u0131.<\/p>\n<p style=\"text-align: justify\"><strong>\u00dc\u00e7 \u00fcyeli ge\u00e7ici liderlik konseyi belli oldu<\/strong><\/p>\n<p style=\"text-align: justify\">\u00d6te yandan Hamaney&#8217;in \u00f6ld\u00fcr\u00fclmesi sonras\u0131\u00a0anayasal s\u00fcrece g\u00f6re olu\u015fturulan \u00fc\u00e7 \u00fcyeli ge\u00e7ici liderlik konseyine, Anayasay\u0131 Koruyucular Konseyi ve Uzmanlar Meclisi \u00fcyesi din adam\u0131 Ayetullah Ali R\u0131za Arafi hukuk\u00e7u \u00fcye olarak se\u00e7ildi.<\/p>\n<p style=\"text-align: justify\">\u0130ran devlet televizyonunun aktard\u0131\u011f\u0131na g\u00f6re, Devletin Maslahat\u0131n\u0131 Te\u015fhis Konseyi \u00fcyesi Muhsin Dehnevi, Arafi\u2019nin, Cumhurba\u015fkan\u0131 Mesud Peze\u015fkiyan ve Yarg\u0131 Erki Ba\u015fkan\u0131 Gulamh\u00fcseyn Muhsini Ejei\u2019nin yer ald\u0131\u011f\u0131 ge\u00e7ici liderlik konseyine dahil edildi\u011fini duyurdu.<\/p>\n<p style=\"text-align: justify\">Buna g\u00f6re, yeni lider se\u00e7ilene kadar Cumhurba\u015fkan\u0131 Peze\u015fkiyan, Yarg\u0131 Erki Ba\u015fkan\u0131 Ejei ve Ayetullah Arafi, Veliyy-i Fakih makam\u0131n\u0131n g\u00f6revlerini ge\u00e7ici olarak birlikte y\u00fcr\u00fctecek.<\/p>\n<p style=\"text-align: justify\">\u0130ran\u2019\u0131n \u00f6nde gelen din adamlar\u0131ndan Arafi, Anayasay\u0131 Koruyucular Konseyi ve Uzmanlar Meclisi \u00fcyeli\u011fini s\u00fcrd\u00fcr\u00fcyor.<\/p>\n","protected":false},"excerpt":{"rendered":"<p>\u00a0\u0130ran&#8217;da ABD-\u0130srail sald\u0131r\u0131s\u0131nda \u00f6ld\u00fcr\u00fclen dini lider Ayetullah Ali Hamaney&#8217;in yerine Ayetullah Ali R\u0131za Arafi ge\u00e7ici olarak g\u00f6revlendirildi. ABD\u2019nin \u0130srail ile birlikte \u0130ran\u2019a ba\u015flatt\u0131\u011f\u0131 sald\u0131r\u0131lar ikinci g\u00fcn\u00fcnde s\u00fcrerken, \u0130ran devlet televizyonu dini lider Ali Hamaney&#8217;in \u00f6ld\u00fcr\u00fcld\u00fc\u011f\u00fcn\u00fc duyurdu. \u0130srail sabah saatlerinde yeniden operasyon d\u00fczenledi\u011fini duyururken, \u0130ran ordusu ABD ile \u0130srail hedeflerine y\u00f6nelik yeni sald\u0131r\u0131lar ba\u015flatt\u0131\u011f\u0131n\u0131 a\u00e7\u0131klad\u0131. \u0130ran [&hellip;]<\/p>\n","protected":false},"author":2,"featured_media":1036596,"comment_status":"closed","ping_status":"closed","sticky":false,"template":"","format":"standard","meta":{"footnotes":""},"categories":[3],"tags":[31],"class_list":["post-1036594","post","type-post","status-publish","format-standard","has-post-thumbnail","hentry","category-kurdistan","tag-onemli"],"blocksy_meta":[],"seo_head":"<!-- This site is optimized with the Yoast SEO plugin v27.5 - https:\/\/yoast.com\/product\/yoast-seo-wordpress\/ -->\n<title>\u0130ran&#039;\u0131n yeni lideri belli oldu: Ali R\u0131za Arafi - Darka Mazi<\/title>\n<meta name=\"robots\" content=\"index, follow, max-snippet:-1, max-image-preview:large, max-video-preview:-1\" \/>\n<link rel=\"canonical\" href=\"https:\/\/darkamazi.site\/archives\/1036594\" \/>\n<meta property=\"og:locale\" content=\"en_US\" \/>\n<meta property=\"og:type\" content=\"article\" \/>\n<meta property=\"og:title\" content=\"\u0130ran&#039;\u0131n yeni lideri belli oldu: Ali R\u0131za Arafi - Darka Mazi\" \/>\n<meta property=\"og:description\" content=\"\u00a0\u0130ran&#8217;da ABD-\u0130srail sald\u0131r\u0131s\u0131nda \u00f6ld\u00fcr\u00fclen dini lider Ayetullah Ali Hamaney&#8217;in yerine Ayetullah Ali R\u0131za Arafi ge\u00e7ici olarak g\u00f6revlendirildi. ABD\u2019nin \u0130srail ile birlikte \u0130ran\u2019a ba\u015flatt\u0131\u011f\u0131 sald\u0131r\u0131lar ikinci g\u00fcn\u00fcnde s\u00fcrerken, \u0130ran devlet televizyonu dini lider Ali Hamaney&#8217;in \u00f6ld\u00fcr\u00fcld\u00fc\u011f\u00fcn\u00fc duyurdu. \u0130srail sabah saatlerinde yeniden operasyon d\u00fczenledi\u011fini duyururken, \u0130ran ordusu ABD ile \u0130srail hedeflerine y\u00f6nelik yeni sald\u0131r\u0131lar ba\u015flatt\u0131\u011f\u0131n\u0131 a\u00e7\u0131klad\u0131. \u0130ran [&hellip;]\" \/>\n<meta property=\"og:url\" content=\"https:\/\/darkamazi.site\/archives\/1036594\" \/>\n<meta property=\"og:site_name\" content=\"Darka Mazi\" \/>\n<meta property=\"article:publisher\" content=\"https:\/\/www.facebook.com\/DarkaMaziturkce\" \/>\n<meta property=\"article:published_time\" content=\"2026-03-01T12:13:04+00:00\" \/>\n<meta property=\"og:image\" content=\"https:\/\/darkamazi.site\/file\/2026\/03\/Arafi.jpg\" \/>\n\t<meta property=\"og:image:width\" content=\"1600\" \/>\n\t<meta property=\"og:image:height\" content=\"900\" \/>\n\t<meta property=\"og:image:type\" content=\"image\/jpeg\" \/>\n<meta name=\"author\" content=\"darka mazi\" \/>\n<meta name=\"twitter:card\" content=\"summary_large_image\" \/>\n<meta name=\"twitter:creator\" content=\"@DarkaMaziTurkce\" \/>\n<meta name=\"twitter:site\" content=\"@DarkaMaziTurkce\" \/>\n<meta name=\"twitter:label1\" content=\"Written by\" \/>\n\t<meta name=\"twitter:data1\" content=\"darka mazi\" \/>\n\t<meta name=\"twitter:label2\" content=\"Est. reading time\" \/>\n\t<meta name=\"twitter:data2\" content=\"1 minute\" \/>\n<script type=\"application\/ld+json\" class=\"seo-schema-graph\">{\"@context\":\"https:\\\/\\\/schema.org\",\"@graph\":[{\"@type\":\"NewsArticle\",\"@id\":\"https:\\\/\\\/darkamazi.site\\\/archives\\\/1036594#article\",\"isPartOf\":{\"@id\":\"https:\\\/\\\/darkamazi.site\\\/archives\\\/1036594\"},\"author\":{\"name\":\"darka mazi\",\"@id\":\"https:\\\/\\\/darkamazi.site\\\/#\\\/schema\\\/person\\\/67986a95ac546c16760365877ef4a9d3\"},\"headline\":\"\u0130ran&#8217;\u0131n yeni lideri belli oldu: Ali R\u0131za Arafi\",\"datePublished\":\"2026-03-01T12:13:04+00:00\",\"mainEntityOfPage\":{\"@id\":\"https:\\\/\\\/darkamazi.site\\\/archives\\\/1036594\"},\"wordCount\":258,\"publisher\":{\"@id\":\"https:\\\/\\\/darkamazi.site\\\/#organization\"},\"image\":{\"@id\":\"https:\\\/\\\/darkamazi.site\\\/archives\\\/1036594#primaryimage\"},\"thumbnailUrl\":\"https:\\\/\\\/darkamazi.site\\\/darka-content\\\/uploads\\\/2026\\\/03\\\/Arafi.jpg\",\"keywords\":[\"\u00f6nemli\"],\"articleSection\":[\"Kurdistan\"],\"inLanguage\":\"en-US\"},{\"@type\":\"WebPage\",\"@id\":\"https:\\\/\\\/darkamazi.site\\\/archives\\\/1036594\",\"url\":\"https:\\\/\\\/darkamazi.site\\\/archives\\\/1036594\",\"name\":\"\u0130ran'\u0131n yeni lideri belli oldu: Ali R\u0131za Arafi - Darka Mazi\",\"isPartOf\":{\"@id\":\"https:\\\/\\\/darkamazi.site\\\/#website\"},\"primaryImageOfPage\":{\"@id\":\"https:\\\/\\\/darkamazi.site\\\/archives\\\/1036594#primaryimage\"},\"image\":{\"@id\":\"https:\\\/\\\/darkamazi.site\\\/archives\\\/1036594#primaryimage\"},\"thumbnailUrl\":\"https:\\\/\\\/darkamazi.site\\\/darka-content\\\/uploads\\\/2026\\\/03\\\/Arafi.jpg\",\"datePublished\":\"2026-03-01T12:13:04+00:00\",\"breadcrumb\":{\"@id\":\"https:\\\/\\\/darkamazi.site\\\/archives\\\/1036594#breadcrumb\"},\"inLanguage\":\"en-US\",\"potentialAction\":[{\"@type\":\"ReadAction\",\"target\":[\"https:\\\/\\\/darkamazi.site\\\/archives\\\/1036594\"]}]},{\"@type\":\"ImageObject\",\"inLanguage\":\"en-US\",\"@id\":\"https:\\\/\\\/darkamazi.site\\\/archives\\\/1036594#primaryimage\",\"url\":\"https:\\\/\\\/darkamazi.site\\\/darka-content\\\/uploads\\\/2026\\\/03\\\/Arafi.jpg\",\"contentUrl\":\"https:\\\/\\\/darkamazi.site\\\/darka-content\\\/uploads\\\/2026\\\/03\\\/Arafi.jpg\",\"width\":1600,\"height\":900,\"caption\":\"\u0130ran'\u0131n yeni lideri belli oldu: Ali R\u0131za Arafi\"},{\"@type\":\"BreadcrumbList\",\"@id\":\"https:\\\/\\\/darkamazi.site\\\/archives\\\/1036594#breadcrumb\",\"itemListElement\":[{\"@type\":\"ListItem\",\"position\":1,\"name\":\"Home\",\"item\":\"https:\\\/\\\/darkamazi.site\\\/\"},{\"@type\":\"ListItem\",\"position\":2,\"name\":\"\u0130ran&#8217;\u0131n yeni lideri belli oldu: Ali R\u0131za Arafi\"}]},{\"@type\":\"WebSite\",\"@id\":\"https:\\\/\\\/darkamazi.site\\\/#website\",\"url\":\"https:\\\/\\\/darkamazi.site\\\/\",\"name\":\"Darka Mazi\",\"description\":\"Ana Sayfa\",\"publisher\":{\"@id\":\"https:\\\/\\\/darkamazi.site\\\/#organization\"},\"potentialAction\":[{\"@type\":\"SearchAction\",\"target\":{\"@type\":\"EntryPoint\",\"urlTemplate\":\"https:\\\/\\\/darkamazi.site\\\/?s={search_term_string}\"},\"query-input\":{\"@type\":\"PropertyValueSpecification\",\"valueRequired\":true,\"valueName\":\"search_term_string\"}}],\"inLanguage\":\"en-US\"},{\"@type\":\"Organization\",\"@id\":\"https:\\\/\\\/darkamazi.site\\\/#organization\",\"name\":\"Darka Mazi T\u00fcrk\u00e7e\",\"alternateName\":\"Darka Mazi\",\"url\":\"https:\\\/\\\/darkamazi.site\\\/\",\"logo\":{\"@type\":\"ImageObject\",\"inLanguage\":\"en-US\",\"@id\":\"https:\\\/\\\/darkamazi.site\\\/#\\\/schema\\\/logo\\\/image\\\/\",\"url\":\"https:\\\/\\\/darkamazi.site\\\/darka-content\\\/uploads\\\/2017\\\/12\\\/darka-mazi-logo.png\",\"contentUrl\":\"https:\\\/\\\/darkamazi.site\\\/darka-content\\\/uploads\\\/2017\\\/12\\\/darka-mazi-logo.png\",\"width\":151,\"height\":75,\"caption\":\"Darka Mazi T\u00fcrk\u00e7e\"},\"image\":{\"@id\":\"https:\\\/\\\/darkamazi.site\\\/#\\\/schema\\\/logo\\\/image\\\/\"},\"sameAs\":[\"https:\\\/\\\/www.facebook.com\\\/DarkaMaziturkce\",\"https:\\\/\\\/x.com\\\/DarkaMaziTurkce\"]},{\"@type\":\"Person\",\"@id\":\"https:\\\/\\\/darkamazi.site\\\/#\\\/schema\\\/person\\\/67986a95ac546c16760365877ef4a9d3\",\"name\":\"darka mazi\",\"sameAs\":[\"https:\\\/\\\/darkamazi.site\"],\"url\":\"https:\\\/\\\/darkamazi.site\\\/archives\\\/author\\\/turkish\"}]}<\/script>\n<!-- \/ Yoast SEO plugin. -->","seo_head_json":{"title":"\u0130ran'\u0131n yeni lideri belli oldu: Ali R\u0131za Arafi - Darka Mazi","robots":{"index":"index","follow":"follow","max-snippet":"max-snippet:-1","max-image-preview":"max-image-preview:large","max-video-preview":"max-video-preview:-1"},"canonical":"https:\/\/darkamazi.site\/archives\/1036594","og_locale":"en_US","og_type":"article","og_title":"\u0130ran'\u0131n yeni lideri belli oldu: Ali R\u0131za Arafi - Darka Mazi","og_description":"\u00a0\u0130ran&#8217;da ABD-\u0130srail sald\u0131r\u0131s\u0131nda \u00f6ld\u00fcr\u00fclen dini lider Ayetullah Ali Hamaney&#8217;in yerine Ayetullah Ali R\u0131za Arafi ge\u00e7ici olarak g\u00f6revlendirildi. ABD\u2019nin \u0130srail ile birlikte \u0130ran\u2019a ba\u015flatt\u0131\u011f\u0131 sald\u0131r\u0131lar ikinci g\u00fcn\u00fcnde s\u00fcrerken, \u0130ran devlet televizyonu dini lider Ali Hamaney&#8217;in \u00f6ld\u00fcr\u00fcld\u00fc\u011f\u00fcn\u00fc duyurdu. \u0130srail sabah saatlerinde yeniden operasyon d\u00fczenledi\u011fini duyururken, \u0130ran ordusu ABD ile \u0130srail hedeflerine y\u00f6nelik yeni sald\u0131r\u0131lar ba\u015flatt\u0131\u011f\u0131n\u0131 a\u00e7\u0131klad\u0131. \u0130ran [&hellip;]","og_url":"https:\/\/darkamazi.site\/archives\/1036594","og_site_name":"Darka Mazi","article_publisher":"https:\/\/www.facebook.com\/DarkaMaziturkce","article_published_time":"2026-03-01T12:13:04+00:00","og_image":[{"width":1600,"height":900,"url":"https:\/\/darkamazi.site\/file\/2026\/03\/Arafi.jpg","type":"image\/jpeg"}],"author":"darka mazi","twitter_card":"summary_large_image","twitter_creator":"@DarkaMaziTurkce","twitter_site":"@DarkaMaziTurkce","twitter_misc":{"Written by":"darka mazi","Est. reading time":"1 minute"},"schema":{"@context":"https:\/\/schema.org","@graph":[{"@type":"NewsArticle","@id":"https:\/\/darkamazi.site\/archives\/1036594#article","isPartOf":{"@id":"https:\/\/darkamazi.site\/archives\/1036594"},"author":{"name":"darka mazi","@id":"https:\/\/darkamazi.site\/#\/schema\/person\/67986a95ac546c16760365877ef4a9d3"},"headline":"\u0130ran&#8217;\u0131n yeni lideri belli oldu: Ali R\u0131za Arafi","datePublished":"2026-03-01T12:13:04+00:00","mainEntityOfPage":{"@id":"https:\/\/darkamazi.site\/archives\/1036594"},"wordCount":258,"publisher":{"@id":"https:\/\/darkamazi.site\/#organization"},"image":{"@id":"https:\/\/darkamazi.site\/archives\/1036594#primaryimage"},"thumbnailUrl":"https:\/\/darkamazi.site\/file\/2026\/03\/Arafi.jpg","keywords":["\u00f6nemli"],"articleSection":["Kurdistan"],"inLanguage":"en-US"},{"@type":"WebPage","@id":"https:\/\/darkamazi.site\/archives\/1036594","url":"https:\/\/darkamazi.site\/archives\/1036594","name":"\u0130ran'\u0131n yeni lideri belli oldu: Ali R\u0131za Arafi - Darka Mazi","isPartOf":{"@id":"https:\/\/darkamazi.site\/#website"},"primaryImageOfPage":{"@id":"https:\/\/darkamazi.site\/archives\/1036594#primaryimage"},"image":{"@id":"https:\/\/darkamazi.site\/archives\/1036594#primaryimage"},"thumbnailUrl":"https:\/\/darkamazi.site\/file\/2026\/03\/Arafi.jpg","datePublished":"2026-03-01T12:13:04+00:00","breadcrumb":{"@id":"https:\/\/darkamazi.site\/archives\/1036594#breadcrumb"},"inLanguage":"en-US","potentialAction":[{"@type":"ReadAction","target":["https:\/\/darkamazi.site\/archives\/1036594"]}]},{"@type":"ImageObject","inLanguage":"en-US","@id":"https:\/\/darkamazi.site\/archives\/1036594#primaryimage","url":"https:\/\/darkamazi.site\/file\/2026\/03\/Arafi.jpg","contentUrl":"https:\/\/darkamazi.site\/file\/2026\/03\/Arafi.jpg","width":1600,"height":900,"caption":"\u0130ran'\u0131n yeni lideri belli oldu: Ali R\u0131za Arafi"},{"@type":"BreadcrumbList","@id":"https:\/\/darkamazi.site\/archives\/1036594#breadcrumb","itemListElement":[{"@type":"ListItem","position":1,"name":"Home","item":"https:\/\/darkamazi.site\/"},{"@type":"ListItem","position":2,"name":"\u0130ran&#8217;\u0131n yeni lideri belli oldu: Ali R\u0131za Arafi"}]},{"@type":"WebSite","@id":"https:\/\/darkamazi.site\/#website","url":"https:\/\/darkamazi.site\/","name":"Darka Mazi","description":"Ana Sayfa","publisher":{"@id":"https:\/\/darkamazi.site\/#organization"},"potentialAction":[{"@type":"SearchAction","target":{"@type":"EntryPoint","urlTemplate":"https:\/\/darkamazi.site\/?s={search_term_string}"},"query-input":{"@type":"PropertyValueSpecification","valueRequired":true,"valueName":"search_term_string"}}],"inLanguage":"en-US"},{"@type":"Organization","@id":"https:\/\/darkamazi.site\/#organization","name":"Darka Mazi T\u00fcrk\u00e7e","alternateName":"Darka Mazi","url":"https:\/\/darkamazi.site\/","logo":{"@type":"ImageObject","inLanguage":"en-US","@id":"https:\/\/darkamazi.site\/#\/schema\/logo\/image\/","url":"https:\/\/darkamazi.site\/file\/2017\/12\/darka-mazi-logo.png","contentUrl":"https:\/\/darkamazi.site\/file\/2017\/12\/darka-mazi-logo.png","width":151,"height":75,"caption":"Darka Mazi T\u00fcrk\u00e7e"},"image":{"@id":"https:\/\/darkamazi.site\/#\/schema\/logo\/image\/"},"sameAs":["https:\/\/www.facebook.com\/DarkaMaziturkce","https:\/\/x.com\/DarkaMaziTurkce"]},{"@type":"Person","@id":"https:\/\/darkamazi.site\/#\/schema\/person\/67986a95ac546c16760365877ef4a9d3","name":"darka mazi","sameAs":["https:\/\/darkamazi.site"],"url":"https:\/\/darkamazi.site\/archives\/author\/turkish"}]}},"_links":{"self":[{"href":"https:\/\/darkamazi.site\/funavuv\/wp\/v2\/posts\/1036594","targetHints":{"allow":["GET"]}}],"collection":[{"href":"https:\/\/darkamazi.site\/funavuv\/wp\/v2\/posts"}],"about":[{"href":"https:\/\/darkamazi.site\/funavuv\/wp\/v2\/types\/post"}],"author":[{"embeddable":true,"href":"https:\/\/darkamazi.site\/funavuv\/wp\/v2\/users\/2"}],"replies":[{"embeddable":true,"href":"https:\/\/darkamazi.site\/funavuv\/wp\/v2\/comments?post=1036594"}],"version-history":[{"count":0,"href":"https:\/\/darkamazi.site\/funavuv\/wp\/v2\/posts\/1036594\/revisions"}],"wp:featuredmedia":[{"embeddable":true,"href":"https:\/\/darkamazi.site\/funavuv\/wp\/v2\/media\/1036596"}],"wp:attachment":[{"href":"https:\/\/darkamazi.site\/funavuv\/wp\/v2\/media?parent=1036594"}],"wp:term":[{"taxonomy":"category","embeddable":true,"href":"https:\/\/darkamazi.site\/funavuv\/wp\/v2\/categories?post=1036594"},{"taxonomy":"post_tag","embeddable":true,"href":"https:\/\/darkamazi.site\/funavuv\/wp\/v2\/tags?post=1036594"}],"curies":[{"name":"wp","href":"https:\/\/api.w.org\/{rel}","templated":true}]}}