{"id":1036598,"date":"2026-03-02T01:23:13","date_gmt":"2026-03-01T22:23:13","guid":{"rendered":"https:\/\/darkamazi.site\/?p=1036598"},"modified":"2026-03-02T01:29:39","modified_gmt":"2026-03-01T22:29:39","slug":"kurdistan-ihalar-pesmerge-karargahina-saldirdi","status":"publish","type":"post","link":"https:\/\/darkamazi.site\/archives\/1036598","title":{"rendered":"\u0130HA&#8217;lar Pe\u015fmerge karargah\u0131na sald\u0131rd\u0131, Pe\u015fmerge bakanl\u0131\u011f\u0131 &#8220;misilleme yapar\u0131z&#8221; dedi"},"content":{"rendered":"<p style=\"text-align: justify\">K\u00fcrdistan B\u00f6lgesi Pe\u015fmerge Bakanl\u0131\u011f\u0131, Pe\u015fmerge g\u00fc\u00e7lerine ait bir karargah\u0131n patlay\u0131c\u0131 y\u00fckl\u00fc \u0130HA ile hedef al\u0131nd\u0131\u011f\u0131n\u0131 duyurdu.<\/p>\n<p style=\"text-align: justify\">Bakanl\u0131k, sald\u0131r\u0131lar\u0131n s\u00fcrmesi halinde kar\u015f\u0131l\u0131k verilece\u011fi mesaj\u0131n\u0131 verdi.<\/p>\n<p style=\"text-align: justify\">Pe\u015fmerge Bakanl\u0131\u011f\u0131&#8217;ndan yap\u0131lan resmi a\u00e7\u0131klamaya g\u00f6re, bug\u00fcn ak\u015fam saatlerinde Erbil\u2019e ba\u011fl\u0131 Degala nahiyesi yak\u0131nlar\u0131nda konu\u015flu olan Pe\u015fmerge 11. T\u00fcmen Karargah\u0131, patlay\u0131c\u0131 y\u00fckl\u00fc bir insans\u0131z hava arac\u0131 (\u0130HA) taraf\u0131ndan hedef al\u0131nd\u0131.<\/p>\n<p style=\"text-align: justify\"><strong>Ba\u011fdat\u2019a \u00e7a\u011fr\u0131: Bu yasad\u0131\u015f\u0131 eylemlere dur deyin<\/strong><\/p>\n<p style=\"text-align: justify\">A\u00e7\u0131klamada, Irak Ba\u015fbakan\u0131 Muhammed \u015eiya Sudani\u2019ye Silahl\u0131 Kuvvetler Genel Komutan\u0131 s\u0131fat\u0131yla sorumluluk alma \u00e7a\u011fr\u0131s\u0131 yap\u0131ld\u0131.<\/p>\n<p style=\"text-align: justify\">Pe\u015fmerge Bakanl\u0131\u011f\u0131, Ba\u011fdat h\u00fck\u00fcmetinin bu t\u00fcr &#8220;hukuksuz sald\u0131r\u0131lara&#8221; kar\u015f\u0131 net bir tav\u0131r almas\u0131n\u0131 ve faillerin derhal adalet \u00f6n\u00fcne \u00e7\u0131kar\u0131lmas\u0131n\u0131 talep etti.<\/p>\n<p style=\"text-align: justify\"><strong>&#8220;Sabr\u0131m\u0131z zorlanmas\u0131n&#8221;\u00a0\u00a0\u00a0\u00a0\u00a0\u00a0\u00a0\u00a0\u00a0\u00a0\u00a0\u00a0\u00a0\u00a0\u00a0\u00a0\u00a0<\/strong><\/p>\n<p style=\"text-align: justify\">Sald\u0131r\u0131y\u0131 &#8220;ter\u00f6rist bir eylem&#8221; olarak tan\u0131mlayan bakanl\u0131k a\u00e7\u0131klamas\u0131nda \u015fu ifadelere yer verdi:<\/p>\n<p style=\"text-align: justify\">&#8220;Halk\u0131m\u0131z ve g\u00fc\u00e7lerimiz bilsin ki, bu ter\u00f6rist eylemlerin devam etmesi kar\u015f\u0131l\u0131ks\u0131z kalmayacakt\u0131r. Me\u015fru m\u00fcdafaa hakk\u0131m\u0131z sakl\u0131d\u0131r.&#8221;<\/p>\n","protected":false},"excerpt":{"rendered":"<p>K\u00fcrdistan B\u00f6lgesi Pe\u015fmerge Bakanl\u0131\u011f\u0131, Pe\u015fmerge g\u00fc\u00e7lerine ait bir karargah\u0131n patlay\u0131c\u0131 y\u00fckl\u00fc \u0130HA ile hedef al\u0131nd\u0131\u011f\u0131n\u0131 duyurdu. Bakanl\u0131k, sald\u0131r\u0131lar\u0131n s\u00fcrmesi halinde kar\u015f\u0131l\u0131k verilece\u011fi mesaj\u0131n\u0131 verdi. Pe\u015fmerge Bakanl\u0131\u011f\u0131&#8217;ndan yap\u0131lan resmi a\u00e7\u0131klamaya g\u00f6re, bug\u00fcn ak\u015fam saatlerinde Erbil\u2019e ba\u011fl\u0131 Degala nahiyesi yak\u0131nlar\u0131nda konu\u015flu olan Pe\u015fmerge 11. T\u00fcmen Karargah\u0131, patlay\u0131c\u0131 y\u00fckl\u00fc bir insans\u0131z hava arac\u0131 (\u0130HA) taraf\u0131ndan hedef al\u0131nd\u0131. Ba\u011fdat\u2019a [&hellip;]<\/p>\n","protected":false},"author":2,"featured_media":1036599,"comment_status":"closed","ping_status":"closed","sticky":false,"template":"","format":"standard","meta":{"footnotes":""},"categories":[3],"tags":[31],"class_list":["post-1036598","post","type-post","status-publish","format-standard","has-post-thumbnail","hentry","category-kurdistan","tag-onemli"],"blocksy_meta":[],"seo_head":"<!-- This site is optimized with the Yoast SEO plugin v27.5 - https:\/\/yoast.com\/product\/yoast-seo-wordpress\/ -->\n<title>\u0130HA&#039;lar Pe\u015fmerge karargah\u0131na sald\u0131rd\u0131, Pe\u015fmerge bakanl\u0131\u011f\u0131 &quot;misilleme yapar\u0131z&quot; dedi - Darka Mazi<\/title>\n<meta name=\"robots\" content=\"index, follow, max-snippet:-1, max-image-preview:large, max-video-preview:-1\" \/>\n<link rel=\"canonical\" href=\"https:\/\/darkamazi.site\/archives\/1036598\" \/>\n<meta property=\"og:locale\" content=\"en_US\" \/>\n<meta property=\"og:type\" content=\"article\" \/>\n<meta property=\"og:title\" content=\"\u0130HA&#039;lar Pe\u015fmerge karargah\u0131na sald\u0131rd\u0131, Pe\u015fmerge bakanl\u0131\u011f\u0131 &quot;misilleme yapar\u0131z&quot; dedi - Darka Mazi\" \/>\n<meta property=\"og:description\" content=\"K\u00fcrdistan B\u00f6lgesi Pe\u015fmerge Bakanl\u0131\u011f\u0131, Pe\u015fmerge g\u00fc\u00e7lerine ait bir karargah\u0131n patlay\u0131c\u0131 y\u00fckl\u00fc \u0130HA ile hedef al\u0131nd\u0131\u011f\u0131n\u0131 duyurdu. Bakanl\u0131k, sald\u0131r\u0131lar\u0131n s\u00fcrmesi halinde kar\u015f\u0131l\u0131k verilece\u011fi mesaj\u0131n\u0131 verdi. Pe\u015fmerge Bakanl\u0131\u011f\u0131&#8217;ndan yap\u0131lan resmi a\u00e7\u0131klamaya g\u00f6re, bug\u00fcn ak\u015fam saatlerinde Erbil\u2019e ba\u011fl\u0131 Degala nahiyesi yak\u0131nlar\u0131nda konu\u015flu olan Pe\u015fmerge 11. T\u00fcmen Karargah\u0131, patlay\u0131c\u0131 y\u00fckl\u00fc bir insans\u0131z hava arac\u0131 (\u0130HA) taraf\u0131ndan hedef al\u0131nd\u0131. Ba\u011fdat\u2019a [&hellip;]\" \/>\n<meta property=\"og:url\" content=\"https:\/\/darkamazi.site\/archives\/1036598\" \/>\n<meta property=\"og:site_name\" content=\"Darka Mazi\" \/>\n<meta property=\"article:publisher\" content=\"https:\/\/www.facebook.com\/DarkaMaziturkce\" \/>\n<meta property=\"article:published_time\" content=\"2026-03-01T22:23:13+00:00\" \/>\n<meta property=\"article:modified_time\" content=\"2026-03-01T22:29:39+00:00\" \/>\n<meta property=\"og:image\" content=\"https:\/\/darkamazi.site\/file\/2026\/03\/Pesmerge.jpeg\" \/>\n\t<meta property=\"og:image:width\" content=\"900\" \/>\n\t<meta property=\"og:image:height\" content=\"500\" \/>\n\t<meta property=\"og:image:type\" content=\"image\/jpeg\" \/>\n<meta name=\"author\" content=\"darka mazi\" \/>\n<meta name=\"twitter:card\" content=\"summary_large_image\" \/>\n<meta name=\"twitter:creator\" content=\"@DarkaMaziTurkce\" \/>\n<meta name=\"twitter:site\" content=\"@DarkaMaziTurkce\" \/>\n<meta name=\"twitter:label1\" content=\"Written by\" \/>\n\t<meta name=\"twitter:data1\" content=\"darka mazi\" \/>\n\t<meta name=\"twitter:label2\" content=\"Est. reading time\" \/>\n\t<meta name=\"twitter:data2\" content=\"1 minute\" \/>\n<script type=\"application\/ld+json\" class=\"seo-schema-graph\">{\"@context\":\"https:\\\/\\\/schema.org\",\"@graph\":[{\"@type\":\"NewsArticle\",\"@id\":\"https:\\\/\\\/darkamazi.site\\\/archives\\\/1036598#article\",\"isPartOf\":{\"@id\":\"https:\\\/\\\/darkamazi.site\\\/archives\\\/1036598\"},\"author\":{\"name\":\"darka mazi\",\"@id\":\"https:\\\/\\\/darkamazi.site\\\/#\\\/schema\\\/person\\\/67986a95ac546c16760365877ef4a9d3\"},\"headline\":\"\u0130HA&#8217;lar Pe\u015fmerge karargah\u0131na sald\u0131rd\u0131, Pe\u015fmerge bakanl\u0131\u011f\u0131 &#8220;misilleme yapar\u0131z&#8221; dedi\",\"datePublished\":\"2026-03-01T22:23:13+00:00\",\"dateModified\":\"2026-03-01T22:29:39+00:00\",\"mainEntityOfPage\":{\"@id\":\"https:\\\/\\\/darkamazi.site\\\/archives\\\/1036598\"},\"wordCount\":226,\"publisher\":{\"@id\":\"https:\\\/\\\/darkamazi.site\\\/#organization\"},\"image\":{\"@id\":\"https:\\\/\\\/darkamazi.site\\\/archives\\\/1036598#primaryimage\"},\"thumbnailUrl\":\"https:\\\/\\\/darkamazi.site\\\/darka-content\\\/uploads\\\/2026\\\/03\\\/Pesmerge.jpeg\",\"keywords\":[\"\u00f6nemli\"],\"articleSection\":[\"Kurdistan\"],\"inLanguage\":\"en-US\"},{\"@type\":\"WebPage\",\"@id\":\"https:\\\/\\\/darkamazi.site\\\/archives\\\/1036598\",\"url\":\"https:\\\/\\\/darkamazi.site\\\/archives\\\/1036598\",\"name\":\"\u0130HA'lar Pe\u015fmerge karargah\u0131na sald\u0131rd\u0131, Pe\u015fmerge bakanl\u0131\u011f\u0131 \\\"misilleme yapar\u0131z\\\" dedi - Darka Mazi\",\"isPartOf\":{\"@id\":\"https:\\\/\\\/darkamazi.site\\\/#website\"},\"primaryImageOfPage\":{\"@id\":\"https:\\\/\\\/darkamazi.site\\\/archives\\\/1036598#primaryimage\"},\"image\":{\"@id\":\"https:\\\/\\\/darkamazi.site\\\/archives\\\/1036598#primaryimage\"},\"thumbnailUrl\":\"https:\\\/\\\/darkamazi.site\\\/darka-content\\\/uploads\\\/2026\\\/03\\\/Pesmerge.jpeg\",\"datePublished\":\"2026-03-01T22:23:13+00:00\",\"dateModified\":\"2026-03-01T22:29:39+00:00\",\"breadcrumb\":{\"@id\":\"https:\\\/\\\/darkamazi.site\\\/archives\\\/1036598#breadcrumb\"},\"inLanguage\":\"en-US\",\"potentialAction\":[{\"@type\":\"ReadAction\",\"target\":[\"https:\\\/\\\/darkamazi.site\\\/archives\\\/1036598\"]}]},{\"@type\":\"ImageObject\",\"inLanguage\":\"en-US\",\"@id\":\"https:\\\/\\\/darkamazi.site\\\/archives\\\/1036598#primaryimage\",\"url\":\"https:\\\/\\\/darkamazi.site\\\/darka-content\\\/uploads\\\/2026\\\/03\\\/Pesmerge.jpeg\",\"contentUrl\":\"https:\\\/\\\/darkamazi.site\\\/darka-content\\\/uploads\\\/2026\\\/03\\\/Pesmerge.jpeg\",\"width\":900,\"height\":500,\"caption\":\"K\u00fcrdistan: \u0130HA'lar Pe\u015fmerge karargah\u0131na sald\u0131rd\u0131\"},{\"@type\":\"BreadcrumbList\",\"@id\":\"https:\\\/\\\/darkamazi.site\\\/archives\\\/1036598#breadcrumb\",\"itemListElement\":[{\"@type\":\"ListItem\",\"position\":1,\"name\":\"Home\",\"item\":\"https:\\\/\\\/darkamazi.site\\\/\"},{\"@type\":\"ListItem\",\"position\":2,\"name\":\"\u0130HA&#8217;lar Pe\u015fmerge karargah\u0131na sald\u0131rd\u0131, Pe\u015fmerge bakanl\u0131\u011f\u0131 &#8220;misilleme yapar\u0131z&#8221; dedi\"}]},{\"@type\":\"WebSite\",\"@id\":\"https:\\\/\\\/darkamazi.site\\\/#website\",\"url\":\"https:\\\/\\\/darkamazi.site\\\/\",\"name\":\"Darka Mazi\",\"description\":\"Ana Sayfa\",\"publisher\":{\"@id\":\"https:\\\/\\\/darkamazi.site\\\/#organization\"},\"potentialAction\":[{\"@type\":\"SearchAction\",\"target\":{\"@type\":\"EntryPoint\",\"urlTemplate\":\"https:\\\/\\\/darkamazi.site\\\/?s={search_term_string}\"},\"query-input\":{\"@type\":\"PropertyValueSpecification\",\"valueRequired\":true,\"valueName\":\"search_term_string\"}}],\"inLanguage\":\"en-US\"},{\"@type\":\"Organization\",\"@id\":\"https:\\\/\\\/darkamazi.site\\\/#organization\",\"name\":\"Darka Mazi T\u00fcrk\u00e7e\",\"alternateName\":\"Darka Mazi\",\"url\":\"https:\\\/\\\/darkamazi.site\\\/\",\"logo\":{\"@type\":\"ImageObject\",\"inLanguage\":\"en-US\",\"@id\":\"https:\\\/\\\/darkamazi.site\\\/#\\\/schema\\\/logo\\\/image\\\/\",\"url\":\"https:\\\/\\\/darkamazi.site\\\/darka-content\\\/uploads\\\/2017\\\/12\\\/darka-mazi-logo.png\",\"contentUrl\":\"https:\\\/\\\/darkamazi.site\\\/darka-content\\\/uploads\\\/2017\\\/12\\\/darka-mazi-logo.png\",\"width\":151,\"height\":75,\"caption\":\"Darka Mazi T\u00fcrk\u00e7e\"},\"image\":{\"@id\":\"https:\\\/\\\/darkamazi.site\\\/#\\\/schema\\\/logo\\\/image\\\/\"},\"sameAs\":[\"https:\\\/\\\/www.facebook.com\\\/DarkaMaziturkce\",\"https:\\\/\\\/x.com\\\/DarkaMaziTurkce\"]},{\"@type\":\"Person\",\"@id\":\"https:\\\/\\\/darkamazi.site\\\/#\\\/schema\\\/person\\\/67986a95ac546c16760365877ef4a9d3\",\"name\":\"darka mazi\",\"sameAs\":[\"https:\\\/\\\/darkamazi.site\"],\"url\":\"https:\\\/\\\/darkamazi.site\\\/archives\\\/author\\\/turkish\"}]}<\/script>\n<!-- \/ Yoast SEO plugin. -->","seo_head_json":{"title":"\u0130HA'lar Pe\u015fmerge karargah\u0131na sald\u0131rd\u0131, Pe\u015fmerge bakanl\u0131\u011f\u0131 \"misilleme yapar\u0131z\" dedi - Darka Mazi","robots":{"index":"index","follow":"follow","max-snippet":"max-snippet:-1","max-image-preview":"max-image-preview:large","max-video-preview":"max-video-preview:-1"},"canonical":"https:\/\/darkamazi.site\/archives\/1036598","og_locale":"en_US","og_type":"article","og_title":"\u0130HA'lar Pe\u015fmerge karargah\u0131na sald\u0131rd\u0131, Pe\u015fmerge bakanl\u0131\u011f\u0131 \"misilleme yapar\u0131z\" dedi - Darka Mazi","og_description":"K\u00fcrdistan B\u00f6lgesi Pe\u015fmerge Bakanl\u0131\u011f\u0131, Pe\u015fmerge g\u00fc\u00e7lerine ait bir karargah\u0131n patlay\u0131c\u0131 y\u00fckl\u00fc \u0130HA ile hedef al\u0131nd\u0131\u011f\u0131n\u0131 duyurdu. Bakanl\u0131k, sald\u0131r\u0131lar\u0131n s\u00fcrmesi halinde kar\u015f\u0131l\u0131k verilece\u011fi mesaj\u0131n\u0131 verdi. Pe\u015fmerge Bakanl\u0131\u011f\u0131&#8217;ndan yap\u0131lan resmi a\u00e7\u0131klamaya g\u00f6re, bug\u00fcn ak\u015fam saatlerinde Erbil\u2019e ba\u011fl\u0131 Degala nahiyesi yak\u0131nlar\u0131nda konu\u015flu olan Pe\u015fmerge 11. T\u00fcmen Karargah\u0131, patlay\u0131c\u0131 y\u00fckl\u00fc bir insans\u0131z hava arac\u0131 (\u0130HA) taraf\u0131ndan hedef al\u0131nd\u0131. Ba\u011fdat\u2019a [&hellip;]","og_url":"https:\/\/darkamazi.site\/archives\/1036598","og_site_name":"Darka Mazi","article_publisher":"https:\/\/www.facebook.com\/DarkaMaziturkce","article_published_time":"2026-03-01T22:23:13+00:00","article_modified_time":"2026-03-01T22:29:39+00:00","og_image":[{"width":900,"height":500,"url":"https:\/\/darkamazi.site\/file\/2026\/03\/Pesmerge.jpeg","type":"image\/jpeg"}],"author":"darka mazi","twitter_card":"summary_large_image","twitter_creator":"@DarkaMaziTurkce","twitter_site":"@DarkaMaziTurkce","twitter_misc":{"Written by":"darka mazi","Est. reading time":"1 minute"},"schema":{"@context":"https:\/\/schema.org","@graph":[{"@type":"NewsArticle","@id":"https:\/\/darkamazi.site\/archives\/1036598#article","isPartOf":{"@id":"https:\/\/darkamazi.site\/archives\/1036598"},"author":{"name":"darka mazi","@id":"https:\/\/darkamazi.site\/#\/schema\/person\/67986a95ac546c16760365877ef4a9d3"},"headline":"\u0130HA&#8217;lar Pe\u015fmerge karargah\u0131na sald\u0131rd\u0131, Pe\u015fmerge bakanl\u0131\u011f\u0131 &#8220;misilleme yapar\u0131z&#8221; dedi","datePublished":"2026-03-01T22:23:13+00:00","dateModified":"2026-03-01T22:29:39+00:00","mainEntityOfPage":{"@id":"https:\/\/darkamazi.site\/archives\/1036598"},"wordCount":226,"publisher":{"@id":"https:\/\/darkamazi.site\/#organization"},"image":{"@id":"https:\/\/darkamazi.site\/archives\/1036598#primaryimage"},"thumbnailUrl":"https:\/\/darkamazi.site\/file\/2026\/03\/Pesmerge.jpeg","keywords":["\u00f6nemli"],"articleSection":["Kurdistan"],"inLanguage":"en-US"},{"@type":"WebPage","@id":"https:\/\/darkamazi.site\/archives\/1036598","url":"https:\/\/darkamazi.site\/archives\/1036598","name":"\u0130HA'lar Pe\u015fmerge karargah\u0131na sald\u0131rd\u0131, Pe\u015fmerge bakanl\u0131\u011f\u0131 \"misilleme yapar\u0131z\" dedi - Darka Mazi","isPartOf":{"@id":"https:\/\/darkamazi.site\/#website"},"primaryImageOfPage":{"@id":"https:\/\/darkamazi.site\/archives\/1036598#primaryimage"},"image":{"@id":"https:\/\/darkamazi.site\/archives\/1036598#primaryimage"},"thumbnailUrl":"https:\/\/darkamazi.site\/file\/2026\/03\/Pesmerge.jpeg","datePublished":"2026-03-01T22:23:13+00:00","dateModified":"2026-03-01T22:29:39+00:00","breadcrumb":{"@id":"https:\/\/darkamazi.site\/archives\/1036598#breadcrumb"},"inLanguage":"en-US","potentialAction":[{"@type":"ReadAction","target":["https:\/\/darkamazi.site\/archives\/1036598"]}]},{"@type":"ImageObject","inLanguage":"en-US","@id":"https:\/\/darkamazi.site\/archives\/1036598#primaryimage","url":"https:\/\/darkamazi.site\/file\/2026\/03\/Pesmerge.jpeg","contentUrl":"https:\/\/darkamazi.site\/file\/2026\/03\/Pesmerge.jpeg","width":900,"height":500,"caption":"K\u00fcrdistan: \u0130HA'lar Pe\u015fmerge karargah\u0131na sald\u0131rd\u0131"},{"@type":"BreadcrumbList","@id":"https:\/\/darkamazi.site\/archives\/1036598#breadcrumb","itemListElement":[{"@type":"ListItem","position":1,"name":"Home","item":"https:\/\/darkamazi.site\/"},{"@type":"ListItem","position":2,"name":"\u0130HA&#8217;lar Pe\u015fmerge karargah\u0131na sald\u0131rd\u0131, Pe\u015fmerge bakanl\u0131\u011f\u0131 &#8220;misilleme yapar\u0131z&#8221; dedi"}]},{"@type":"WebSite","@id":"https:\/\/darkamazi.site\/#website","url":"https:\/\/darkamazi.site\/","name":"Darka Mazi","description":"Ana Sayfa","publisher":{"@id":"https:\/\/darkamazi.site\/#organization"},"potentialAction":[{"@type":"SearchAction","target":{"@type":"EntryPoint","urlTemplate":"https:\/\/darkamazi.site\/?s={search_term_string}"},"query-input":{"@type":"PropertyValueSpecification","valueRequired":true,"valueName":"search_term_string"}}],"inLanguage":"en-US"},{"@type":"Organization","@id":"https:\/\/darkamazi.site\/#organization","name":"Darka Mazi T\u00fcrk\u00e7e","alternateName":"Darka Mazi","url":"https:\/\/darkamazi.site\/","logo":{"@type":"ImageObject","inLanguage":"en-US","@id":"https:\/\/darkamazi.site\/#\/schema\/logo\/image\/","url":"https:\/\/darkamazi.site\/file\/2017\/12\/darka-mazi-logo.png","contentUrl":"https:\/\/darkamazi.site\/file\/2017\/12\/darka-mazi-logo.png","width":151,"height":75,"caption":"Darka Mazi T\u00fcrk\u00e7e"},"image":{"@id":"https:\/\/darkamazi.site\/#\/schema\/logo\/image\/"},"sameAs":["https:\/\/www.facebook.com\/DarkaMaziturkce","https:\/\/x.com\/DarkaMaziTurkce"]},{"@type":"Person","@id":"https:\/\/darkamazi.site\/#\/schema\/person\/67986a95ac546c16760365877ef4a9d3","name":"darka mazi","sameAs":["https:\/\/darkamazi.site"],"url":"https:\/\/darkamazi.site\/archives\/author\/turkish"}]}},"_links":{"self":[{"href":"https:\/\/darkamazi.site\/funavuv\/wp\/v2\/posts\/1036598","targetHints":{"allow":["GET"]}}],"collection":[{"href":"https:\/\/darkamazi.site\/funavuv\/wp\/v2\/posts"}],"about":[{"href":"https:\/\/darkamazi.site\/funavuv\/wp\/v2\/types\/post"}],"author":[{"embeddable":true,"href":"https:\/\/darkamazi.site\/funavuv\/wp\/v2\/users\/2"}],"replies":[{"embeddable":true,"href":"https:\/\/darkamazi.site\/funavuv\/wp\/v2\/comments?post=1036598"}],"version-history":[{"count":0,"href":"https:\/\/darkamazi.site\/funavuv\/wp\/v2\/posts\/1036598\/revisions"}],"wp:featuredmedia":[{"embeddable":true,"href":"https:\/\/darkamazi.site\/funavuv\/wp\/v2\/media\/1036599"}],"wp:attachment":[{"href":"https:\/\/darkamazi.site\/funavuv\/wp\/v2\/media?parent=1036598"}],"wp:term":[{"taxonomy":"category","embeddable":true,"href":"https:\/\/darkamazi.site\/funavuv\/wp\/v2\/categories?post=1036598"},{"taxonomy":"post_tag","embeddable":true,"href":"https:\/\/darkamazi.site\/funavuv\/wp\/v2\/tags?post=1036598"}],"curies":[{"name":"wp","href":"https:\/\/api.w.org\/{rel}","templated":true}]}}