{"id":1036605,"date":"2026-03-03T01:05:59","date_gmt":"2026-03-02T22:05:59","guid":{"rendered":"https:\/\/darkamazi.site\/?p=1036605"},"modified":"2026-03-03T01:05:59","modified_gmt":"2026-03-02T22:05:59","slug":"hasdi-sabinin-onemli-ismi-ebu-fedekin-olduruldugu-iddia-edildi","status":"publish","type":"post","link":"https:\/\/darkamazi.site\/archives\/1036605","title":{"rendered":"Ha\u015fdi \u015eabi\u2019nin \u00f6nemli ismi Ebu Fedek\u2019in \u00f6ld\u00fcr\u00fcld\u00fc\u011f\u00fc iddia edildi"},"content":{"rendered":"<p style=\"text-align: justify\">Ha\u015fdi \u015eabi\u2019nin \u00f6nemli isimlerinden Ebu Fedek olarak tan\u0131nan Abdullaziz El Mehemdawi\u2019nin Babil\u2019in Cirf El Sexer b\u00f6lgesinde \u00f6ld\u00fcr\u00fcld\u00fc\u011f\u00fc \u00f6ne s\u00fcr\u00fcld\u00fc.<\/p>\n<p style=\"text-align: justify\">Irak medyas\u0131nda \u00e7\u0131kan haberlere g\u00f6re Ha\u015fdi \u015eabi\u2019nin \u00f6nemli ismi Ebu Fedek \u00f6ld\u00fcrld\u00fc. Ebu Fedek Irak Hizbullah\u0131 ve Ketayip Tugaylar\u0131n\u0131n \u00f6nemli ismiydi. Ayr\u0131ca 2020 y\u0131l\u0131nda ABD sald\u0131r\u0131s\u0131nda \u00f6ld\u00fcr\u00fclen Ebu Mehdi el-M\u00fchendis yerine\u00a0getirilerek Ha\u015fdi \u015eabi\u2019nin Genel Kurmay ba\u015fkan\u0131 olmu\u015ftu.<\/p>\n<p style=\"text-align: justify\">Son d\u00f6nemde ABD\u2019nin Ha\u015fdi \u015eabi\u2019ye kar\u015f\u0131 duru\u015fu nedeni ile eskisi kadar medyada g\u00f6r\u00fcnmese de hala Ha\u015fdi \u015eabi\u2019nin en \u00f6nemli ismi olarak biliniyor.<\/p>\n<p style=\"text-align: justify\">1 Mart g\u00fcn\u00fc Cirf Sexer\u2019de ki Ha\u015fdi \u015eabi karargah\u0131nda yap\u0131lan sald\u0131r\u0131da en az 30 Ha\u015fdi \u015eabi \u00fcyesinin \u00f6ld\u00fcr\u00fcld\u00fc\u011f\u00fc iddialar\u0131 var ve Ebu Fedek\u2019te bu gurubun i\u00e7inde. Ebu Fedek\u2019in \u00f6ld\u00fcr\u00fclmesinin Ha\u015fdi \u015eabi i\u00e7in b\u00fcy\u00fck bir kay\u0131p oldu\u011fu s\u00f6yleniyor.<\/p>\n","protected":false},"excerpt":{"rendered":"<p>Ha\u015fdi \u015eabi\u2019nin \u00f6nemli isimlerinden Ebu Fedek olarak tan\u0131nan Abdullaziz El Mehemdawi\u2019nin Babil\u2019in Cirf El Sexer b\u00f6lgesinde \u00f6ld\u00fcr\u00fcld\u00fc\u011f\u00fc \u00f6ne s\u00fcr\u00fcld\u00fc. Irak medyas\u0131nda \u00e7\u0131kan haberlere g\u00f6re Ha\u015fdi \u015eabi\u2019nin \u00f6nemli ismi Ebu Fedek \u00f6ld\u00fcrld\u00fc. Ebu Fedek Irak Hizbullah\u0131 ve Ketayip Tugaylar\u0131n\u0131n \u00f6nemli ismiydi. Ayr\u0131ca 2020 y\u0131l\u0131nda ABD sald\u0131r\u0131s\u0131nda \u00f6ld\u00fcr\u00fclen Ebu Mehdi el-M\u00fchendis yerine\u00a0getirilerek Ha\u015fdi \u015eabi\u2019nin Genel Kurmay ba\u015fkan\u0131 [&hellip;]<\/p>\n","protected":false},"author":2,"featured_media":1036606,"comment_status":"closed","ping_status":"closed","sticky":false,"template":"","format":"standard","meta":{"footnotes":""},"categories":[29],"tags":[31],"class_list":["post-1036605","post","type-post","status-publish","format-standard","has-post-thumbnail","hentry","category-ortadogu","tag-onemli"],"blocksy_meta":[],"seo_head":"<!-- This site is optimized with the Yoast SEO plugin v27.5 - https:\/\/yoast.com\/product\/yoast-seo-wordpress\/ -->\n<title>Ha\u015fdi \u015eabi\u2019nin \u00f6nemli ismi Ebu Fedek\u2019in \u00f6ld\u00fcr\u00fcld\u00fc\u011f\u00fc iddia edildi - Darka Mazi<\/title>\n<meta name=\"robots\" content=\"index, follow, max-snippet:-1, max-image-preview:large, max-video-preview:-1\" \/>\n<link rel=\"canonical\" href=\"https:\/\/darkamazi.site\/archives\/1036605\" \/>\n<meta property=\"og:locale\" content=\"en_US\" \/>\n<meta property=\"og:type\" content=\"article\" \/>\n<meta property=\"og:title\" content=\"Ha\u015fdi \u015eabi\u2019nin \u00f6nemli ismi Ebu Fedek\u2019in \u00f6ld\u00fcr\u00fcld\u00fc\u011f\u00fc iddia edildi - Darka Mazi\" \/>\n<meta property=\"og:description\" content=\"Ha\u015fdi \u015eabi\u2019nin \u00f6nemli isimlerinden Ebu Fedek olarak tan\u0131nan Abdullaziz El Mehemdawi\u2019nin Babil\u2019in Cirf El Sexer b\u00f6lgesinde \u00f6ld\u00fcr\u00fcld\u00fc\u011f\u00fc \u00f6ne s\u00fcr\u00fcld\u00fc. Irak medyas\u0131nda \u00e7\u0131kan haberlere g\u00f6re Ha\u015fdi \u015eabi\u2019nin \u00f6nemli ismi Ebu Fedek \u00f6ld\u00fcrld\u00fc. Ebu Fedek Irak Hizbullah\u0131 ve Ketayip Tugaylar\u0131n\u0131n \u00f6nemli ismiydi. Ayr\u0131ca 2020 y\u0131l\u0131nda ABD sald\u0131r\u0131s\u0131nda \u00f6ld\u00fcr\u00fclen Ebu Mehdi el-M\u00fchendis yerine\u00a0getirilerek Ha\u015fdi \u015eabi\u2019nin Genel Kurmay ba\u015fkan\u0131 [&hellip;]\" \/>\n<meta property=\"og:url\" content=\"https:\/\/darkamazi.site\/archives\/1036605\" \/>\n<meta property=\"og:site_name\" content=\"Darka Mazi\" \/>\n<meta property=\"article:publisher\" content=\"https:\/\/www.facebook.com\/DarkaMaziturkce\" \/>\n<meta property=\"article:published_time\" content=\"2026-03-02T22:05:59+00:00\" \/>\n<meta property=\"og:image\" content=\"https:\/\/darkamazi.site\/file\/2026\/03\/Ebu-Fedek.jpeg\" \/>\n\t<meta property=\"og:image:width\" content=\"900\" \/>\n\t<meta property=\"og:image:height\" content=\"500\" \/>\n\t<meta property=\"og:image:type\" content=\"image\/jpeg\" \/>\n<meta name=\"author\" content=\"darka mazi\" \/>\n<meta name=\"twitter:card\" content=\"summary_large_image\" \/>\n<meta name=\"twitter:creator\" content=\"@DarkaMaziTurkce\" \/>\n<meta name=\"twitter:site\" content=\"@DarkaMaziTurkce\" \/>\n<meta name=\"twitter:label1\" content=\"Written by\" \/>\n\t<meta name=\"twitter:data1\" content=\"darka mazi\" \/>\n\t<meta name=\"twitter:label2\" content=\"Est. reading time\" \/>\n\t<meta name=\"twitter:data2\" content=\"1 minute\" \/>\n<script type=\"application\/ld+json\" class=\"seo-schema-graph\">{\"@context\":\"https:\\\/\\\/schema.org\",\"@graph\":[{\"@type\":\"NewsArticle\",\"@id\":\"https:\\\/\\\/darkamazi.site\\\/archives\\\/1036605#article\",\"isPartOf\":{\"@id\":\"https:\\\/\\\/darkamazi.site\\\/archives\\\/1036605\"},\"author\":{\"name\":\"darka mazi\",\"@id\":\"https:\\\/\\\/darkamazi.site\\\/#\\\/schema\\\/person\\\/67986a95ac546c16760365877ef4a9d3\"},\"headline\":\"Ha\u015fdi \u015eabi\u2019nin \u00f6nemli ismi Ebu Fedek\u2019in \u00f6ld\u00fcr\u00fcld\u00fc\u011f\u00fc iddia edildi\",\"datePublished\":\"2026-03-02T22:05:59+00:00\",\"mainEntityOfPage\":{\"@id\":\"https:\\\/\\\/darkamazi.site\\\/archives\\\/1036605\"},\"wordCount\":188,\"publisher\":{\"@id\":\"https:\\\/\\\/darkamazi.site\\\/#organization\"},\"image\":{\"@id\":\"https:\\\/\\\/darkamazi.site\\\/archives\\\/1036605#primaryimage\"},\"thumbnailUrl\":\"https:\\\/\\\/darkamazi.site\\\/darka-content\\\/uploads\\\/2026\\\/03\\\/Ebu-Fedek.jpeg\",\"keywords\":[\"\u00f6nemli\"],\"articleSection\":[\"Ortado\u011fu\"],\"inLanguage\":\"en-US\"},{\"@type\":\"WebPage\",\"@id\":\"https:\\\/\\\/darkamazi.site\\\/archives\\\/1036605\",\"url\":\"https:\\\/\\\/darkamazi.site\\\/archives\\\/1036605\",\"name\":\"Ha\u015fdi \u015eabi\u2019nin \u00f6nemli ismi Ebu Fedek\u2019in \u00f6ld\u00fcr\u00fcld\u00fc\u011f\u00fc iddia edildi - Darka Mazi\",\"isPartOf\":{\"@id\":\"https:\\\/\\\/darkamazi.site\\\/#website\"},\"primaryImageOfPage\":{\"@id\":\"https:\\\/\\\/darkamazi.site\\\/archives\\\/1036605#primaryimage\"},\"image\":{\"@id\":\"https:\\\/\\\/darkamazi.site\\\/archives\\\/1036605#primaryimage\"},\"thumbnailUrl\":\"https:\\\/\\\/darkamazi.site\\\/darka-content\\\/uploads\\\/2026\\\/03\\\/Ebu-Fedek.jpeg\",\"datePublished\":\"2026-03-02T22:05:59+00:00\",\"breadcrumb\":{\"@id\":\"https:\\\/\\\/darkamazi.site\\\/archives\\\/1036605#breadcrumb\"},\"inLanguage\":\"en-US\",\"potentialAction\":[{\"@type\":\"ReadAction\",\"target\":[\"https:\\\/\\\/darkamazi.site\\\/archives\\\/1036605\"]}]},{\"@type\":\"ImageObject\",\"inLanguage\":\"en-US\",\"@id\":\"https:\\\/\\\/darkamazi.site\\\/archives\\\/1036605#primaryimage\",\"url\":\"https:\\\/\\\/darkamazi.site\\\/darka-content\\\/uploads\\\/2026\\\/03\\\/Ebu-Fedek.jpeg\",\"contentUrl\":\"https:\\\/\\\/darkamazi.site\\\/darka-content\\\/uploads\\\/2026\\\/03\\\/Ebu-Fedek.jpeg\",\"width\":900,\"height\":500,\"caption\":\"Ha\u015fdi \u015eabi\u2019nin \u00f6nemli ismi Ebu Fedek\u2019in \u00f6ld\u00fcr\u00fcld\u00fc\u011f\u00fc iddia edildi\"},{\"@type\":\"BreadcrumbList\",\"@id\":\"https:\\\/\\\/darkamazi.site\\\/archives\\\/1036605#breadcrumb\",\"itemListElement\":[{\"@type\":\"ListItem\",\"position\":1,\"name\":\"Home\",\"item\":\"https:\\\/\\\/darkamazi.site\\\/\"},{\"@type\":\"ListItem\",\"position\":2,\"name\":\"Ha\u015fdi \u015eabi\u2019nin \u00f6nemli ismi Ebu Fedek\u2019in \u00f6ld\u00fcr\u00fcld\u00fc\u011f\u00fc iddia edildi\"}]},{\"@type\":\"WebSite\",\"@id\":\"https:\\\/\\\/darkamazi.site\\\/#website\",\"url\":\"https:\\\/\\\/darkamazi.site\\\/\",\"name\":\"Darka Mazi\",\"description\":\"Ana Sayfa\",\"publisher\":{\"@id\":\"https:\\\/\\\/darkamazi.site\\\/#organization\"},\"potentialAction\":[{\"@type\":\"SearchAction\",\"target\":{\"@type\":\"EntryPoint\",\"urlTemplate\":\"https:\\\/\\\/darkamazi.site\\\/?s={search_term_string}\"},\"query-input\":{\"@type\":\"PropertyValueSpecification\",\"valueRequired\":true,\"valueName\":\"search_term_string\"}}],\"inLanguage\":\"en-US\"},{\"@type\":\"Organization\",\"@id\":\"https:\\\/\\\/darkamazi.site\\\/#organization\",\"name\":\"Darka Mazi T\u00fcrk\u00e7e\",\"alternateName\":\"Darka Mazi\",\"url\":\"https:\\\/\\\/darkamazi.site\\\/\",\"logo\":{\"@type\":\"ImageObject\",\"inLanguage\":\"en-US\",\"@id\":\"https:\\\/\\\/darkamazi.site\\\/#\\\/schema\\\/logo\\\/image\\\/\",\"url\":\"https:\\\/\\\/darkamazi.site\\\/darka-content\\\/uploads\\\/2017\\\/12\\\/darka-mazi-logo.png\",\"contentUrl\":\"https:\\\/\\\/darkamazi.site\\\/darka-content\\\/uploads\\\/2017\\\/12\\\/darka-mazi-logo.png\",\"width\":151,\"height\":75,\"caption\":\"Darka Mazi T\u00fcrk\u00e7e\"},\"image\":{\"@id\":\"https:\\\/\\\/darkamazi.site\\\/#\\\/schema\\\/logo\\\/image\\\/\"},\"sameAs\":[\"https:\\\/\\\/www.facebook.com\\\/DarkaMaziturkce\",\"https:\\\/\\\/x.com\\\/DarkaMaziTurkce\"]},{\"@type\":\"Person\",\"@id\":\"https:\\\/\\\/darkamazi.site\\\/#\\\/schema\\\/person\\\/67986a95ac546c16760365877ef4a9d3\",\"name\":\"darka mazi\",\"sameAs\":[\"https:\\\/\\\/darkamazi.site\"],\"url\":\"https:\\\/\\\/darkamazi.site\\\/archives\\\/author\\\/turkish\"}]}<\/script>\n<!-- \/ Yoast SEO plugin. -->","seo_head_json":{"title":"Ha\u015fdi \u015eabi\u2019nin \u00f6nemli ismi Ebu Fedek\u2019in \u00f6ld\u00fcr\u00fcld\u00fc\u011f\u00fc iddia edildi - Darka Mazi","robots":{"index":"index","follow":"follow","max-snippet":"max-snippet:-1","max-image-preview":"max-image-preview:large","max-video-preview":"max-video-preview:-1"},"canonical":"https:\/\/darkamazi.site\/archives\/1036605","og_locale":"en_US","og_type":"article","og_title":"Ha\u015fdi \u015eabi\u2019nin \u00f6nemli ismi Ebu Fedek\u2019in \u00f6ld\u00fcr\u00fcld\u00fc\u011f\u00fc iddia edildi - Darka Mazi","og_description":"Ha\u015fdi \u015eabi\u2019nin \u00f6nemli isimlerinden Ebu Fedek olarak tan\u0131nan Abdullaziz El Mehemdawi\u2019nin Babil\u2019in Cirf El Sexer b\u00f6lgesinde \u00f6ld\u00fcr\u00fcld\u00fc\u011f\u00fc \u00f6ne s\u00fcr\u00fcld\u00fc. Irak medyas\u0131nda \u00e7\u0131kan haberlere g\u00f6re Ha\u015fdi \u015eabi\u2019nin \u00f6nemli ismi Ebu Fedek \u00f6ld\u00fcrld\u00fc. Ebu Fedek Irak Hizbullah\u0131 ve Ketayip Tugaylar\u0131n\u0131n \u00f6nemli ismiydi. Ayr\u0131ca 2020 y\u0131l\u0131nda ABD sald\u0131r\u0131s\u0131nda \u00f6ld\u00fcr\u00fclen Ebu Mehdi el-M\u00fchendis yerine\u00a0getirilerek Ha\u015fdi \u015eabi\u2019nin Genel Kurmay ba\u015fkan\u0131 [&hellip;]","og_url":"https:\/\/darkamazi.site\/archives\/1036605","og_site_name":"Darka Mazi","article_publisher":"https:\/\/www.facebook.com\/DarkaMaziturkce","article_published_time":"2026-03-02T22:05:59+00:00","og_image":[{"width":900,"height":500,"url":"https:\/\/darkamazi.site\/file\/2026\/03\/Ebu-Fedek.jpeg","type":"image\/jpeg"}],"author":"darka mazi","twitter_card":"summary_large_image","twitter_creator":"@DarkaMaziTurkce","twitter_site":"@DarkaMaziTurkce","twitter_misc":{"Written by":"darka mazi","Est. reading time":"1 minute"},"schema":{"@context":"https:\/\/schema.org","@graph":[{"@type":"NewsArticle","@id":"https:\/\/darkamazi.site\/archives\/1036605#article","isPartOf":{"@id":"https:\/\/darkamazi.site\/archives\/1036605"},"author":{"name":"darka mazi","@id":"https:\/\/darkamazi.site\/#\/schema\/person\/67986a95ac546c16760365877ef4a9d3"},"headline":"Ha\u015fdi \u015eabi\u2019nin \u00f6nemli ismi Ebu Fedek\u2019in \u00f6ld\u00fcr\u00fcld\u00fc\u011f\u00fc iddia edildi","datePublished":"2026-03-02T22:05:59+00:00","mainEntityOfPage":{"@id":"https:\/\/darkamazi.site\/archives\/1036605"},"wordCount":188,"publisher":{"@id":"https:\/\/darkamazi.site\/#organization"},"image":{"@id":"https:\/\/darkamazi.site\/archives\/1036605#primaryimage"},"thumbnailUrl":"https:\/\/darkamazi.site\/file\/2026\/03\/Ebu-Fedek.jpeg","keywords":["\u00f6nemli"],"articleSection":["Ortado\u011fu"],"inLanguage":"en-US"},{"@type":"WebPage","@id":"https:\/\/darkamazi.site\/archives\/1036605","url":"https:\/\/darkamazi.site\/archives\/1036605","name":"Ha\u015fdi \u015eabi\u2019nin \u00f6nemli ismi Ebu Fedek\u2019in \u00f6ld\u00fcr\u00fcld\u00fc\u011f\u00fc iddia edildi - Darka Mazi","isPartOf":{"@id":"https:\/\/darkamazi.site\/#website"},"primaryImageOfPage":{"@id":"https:\/\/darkamazi.site\/archives\/1036605#primaryimage"},"image":{"@id":"https:\/\/darkamazi.site\/archives\/1036605#primaryimage"},"thumbnailUrl":"https:\/\/darkamazi.site\/file\/2026\/03\/Ebu-Fedek.jpeg","datePublished":"2026-03-02T22:05:59+00:00","breadcrumb":{"@id":"https:\/\/darkamazi.site\/archives\/1036605#breadcrumb"},"inLanguage":"en-US","potentialAction":[{"@type":"ReadAction","target":["https:\/\/darkamazi.site\/archives\/1036605"]}]},{"@type":"ImageObject","inLanguage":"en-US","@id":"https:\/\/darkamazi.site\/archives\/1036605#primaryimage","url":"https:\/\/darkamazi.site\/file\/2026\/03\/Ebu-Fedek.jpeg","contentUrl":"https:\/\/darkamazi.site\/file\/2026\/03\/Ebu-Fedek.jpeg","width":900,"height":500,"caption":"Ha\u015fdi \u015eabi\u2019nin \u00f6nemli ismi Ebu Fedek\u2019in \u00f6ld\u00fcr\u00fcld\u00fc\u011f\u00fc iddia edildi"},{"@type":"BreadcrumbList","@id":"https:\/\/darkamazi.site\/archives\/1036605#breadcrumb","itemListElement":[{"@type":"ListItem","position":1,"name":"Home","item":"https:\/\/darkamazi.site\/"},{"@type":"ListItem","position":2,"name":"Ha\u015fdi \u015eabi\u2019nin \u00f6nemli ismi Ebu Fedek\u2019in \u00f6ld\u00fcr\u00fcld\u00fc\u011f\u00fc iddia edildi"}]},{"@type":"WebSite","@id":"https:\/\/darkamazi.site\/#website","url":"https:\/\/darkamazi.site\/","name":"Darka Mazi","description":"Ana Sayfa","publisher":{"@id":"https:\/\/darkamazi.site\/#organization"},"potentialAction":[{"@type":"SearchAction","target":{"@type":"EntryPoint","urlTemplate":"https:\/\/darkamazi.site\/?s={search_term_string}"},"query-input":{"@type":"PropertyValueSpecification","valueRequired":true,"valueName":"search_term_string"}}],"inLanguage":"en-US"},{"@type":"Organization","@id":"https:\/\/darkamazi.site\/#organization","name":"Darka Mazi T\u00fcrk\u00e7e","alternateName":"Darka Mazi","url":"https:\/\/darkamazi.site\/","logo":{"@type":"ImageObject","inLanguage":"en-US","@id":"https:\/\/darkamazi.site\/#\/schema\/logo\/image\/","url":"https:\/\/darkamazi.site\/file\/2017\/12\/darka-mazi-logo.png","contentUrl":"https:\/\/darkamazi.site\/file\/2017\/12\/darka-mazi-logo.png","width":151,"height":75,"caption":"Darka Mazi T\u00fcrk\u00e7e"},"image":{"@id":"https:\/\/darkamazi.site\/#\/schema\/logo\/image\/"},"sameAs":["https:\/\/www.facebook.com\/DarkaMaziturkce","https:\/\/x.com\/DarkaMaziTurkce"]},{"@type":"Person","@id":"https:\/\/darkamazi.site\/#\/schema\/person\/67986a95ac546c16760365877ef4a9d3","name":"darka mazi","sameAs":["https:\/\/darkamazi.site"],"url":"https:\/\/darkamazi.site\/archives\/author\/turkish"}]}},"_links":{"self":[{"href":"https:\/\/darkamazi.site\/funavuv\/wp\/v2\/posts\/1036605","targetHints":{"allow":["GET"]}}],"collection":[{"href":"https:\/\/darkamazi.site\/funavuv\/wp\/v2\/posts"}],"about":[{"href":"https:\/\/darkamazi.site\/funavuv\/wp\/v2\/types\/post"}],"author":[{"embeddable":true,"href":"https:\/\/darkamazi.site\/funavuv\/wp\/v2\/users\/2"}],"replies":[{"embeddable":true,"href":"https:\/\/darkamazi.site\/funavuv\/wp\/v2\/comments?post=1036605"}],"version-history":[{"count":0,"href":"https:\/\/darkamazi.site\/funavuv\/wp\/v2\/posts\/1036605\/revisions"}],"wp:featuredmedia":[{"embeddable":true,"href":"https:\/\/darkamazi.site\/funavuv\/wp\/v2\/media\/1036606"}],"wp:attachment":[{"href":"https:\/\/darkamazi.site\/funavuv\/wp\/v2\/media?parent=1036605"}],"wp:term":[{"taxonomy":"category","embeddable":true,"href":"https:\/\/darkamazi.site\/funavuv\/wp\/v2\/categories?post=1036605"},{"taxonomy":"post_tag","embeddable":true,"href":"https:\/\/darkamazi.site\/funavuv\/wp\/v2\/tags?post=1036605"}],"curies":[{"name":"wp","href":"https:\/\/api.w.org\/{rel}","templated":true}]}}