{"id":1036611,"date":"2026-03-03T18:54:36","date_gmt":"2026-03-03T15:54:36","guid":{"rendered":"https:\/\/darkamazi.site\/?p=1036611"},"modified":"2026-03-03T18:54:36","modified_gmt":"2026-03-03T15:54:36","slug":"pdki-lideri-mustafa-hicri-yasanan-sureci-degerlendirdi-kurulacak-kurdistanda-herkesin-haklari-koruncaktir","status":"publish","type":"post","link":"https:\/\/darkamazi.site\/archives\/1036611","title":{"rendered":"PDKI Lideri Mustafa Hicri ya\u015fanan s\u00fcreci de\u011ferlendirdi: \u00a0\u201cKurulacak K\u00fcrdistan\u2019da herkesin haklar\u0131 koruncakt\u0131r\u201d"},"content":{"rendered":"<p style=\"text-align: justify\">PDKI lideri Mustafa Hicri videolu bir mesaj yay\u0131nlad\u0131. Mesajda Do\u011fu K\u00fcrdistanl\u0131 partilerin kurdu\u011fu ittifak\u0131n g\u00f6revleri de\u011ferlendirildi ve halktan destek istendi.<\/p>\n<p style=\"text-align: justify\">PDKI lideri Mustafa Hicri ya\u015fanan s\u00fcre\u00e7 ve Do\u011fu K\u00fcrdistan\u2019daki siyasi yap\u0131lar\u0131n kurdu\u011fu ittifak\u0131n g\u00f6revlerine d\u00f6n\u00fck \u00f6nemli a\u00e7\u0131klamalar yapt\u0131. \u00a0Hicri a\u00e7\u0131klamada K\u00fcrdistan halk\u0131n\u0131n kendini korumas\u0131n\u0131 ve gelece\u011fe umutlu bakmas\u0131n\u0131 isteyerek \u201cOnlarca y\u0131ld\u0131r verilen m\u00fccadeleye denk bir \u00f6zg\u00fcrl\u00fck ya\u015fanacakt\u0131r\u201d dedi. \u00a0Hicri Do\u011fu K\u00fcrdistanl\u0131 partileri ve gelecekte istedikleri toplum yap\u0131 hakk\u0131nda da bilgi verdi. Hicri\u2019nin konu\u015fmas\u0131 bir nevi \u0130ran sonras\u0131 K\u00fcrtlerin kurulu\u015f manifestosu de\u011ferinde baz\u0131 de\u011ferlendirmeler ve tespitler vard\u0131. Hicri \u201c\u0130ran sonras\u0131 kurulacak K\u00fcrdistan\u201d kavram\u0131n\u0131 kullanarak nas\u0131l bir toplum ama\u00e7lad\u0131klar\u0131n\u0131 da ortaya koydu.<\/p>\n<p style=\"text-align: justify\"><strong>Mustafa Hicri: PDKI olarak y\u0131llard\u0131r K\u00fcrt birli\u011fi i\u00e7in \u00e7aba harc\u0131yoruz<\/strong><\/p>\n<p style=\"text-align: justify\">27 \u015eubat g\u00fcn\u00fc K\u00fcrt partilerinin kurdu\u011fu ittifak\u0131 de\u011ferlendiren Mustafa Hicri PDKI olarak bu birlik i\u00e7in uzun y\u0131llard\u0131r \u00e7aba g\u00f6sterdiklerini belirtti ve \u015funlar\u0131 s\u00f6yledi:<\/p>\n<p style=\"text-align: justify\">\u201cDireni\u015f\u00e7i K\u00fcrt halk\u0131; bildi\u011finiz \u00fczere sizlerin de beklentilerinizin oldu\u011fu Do\u011fu K\u00fcrdistanl\u0131 partilerin bir araya geli\u015fi ger\u00e7ekle\u015fti&#8230; K\u00fcrt halk\u0131 y\u0131llard\u0131r bu birli\u011fi bekliyordu. Bu birlik i\u00e7in PKDI olarak uzun y\u0131llard\u0131r \u00e7al\u0131\u015fmalar y\u00fcr\u00fctt\u00fck ki Do\u011fu K\u00fcrdistanl\u0131 partileri bir araya getirelim ve ortak \u00e7al\u0131\u015fma zemini yaratmay\u0131 kendi g\u00f6revimiz bildik\u201d.<\/p>\n<p style=\"text-align: justify\">Hicri konu\u015fmas\u0131nda ayr\u0131ca 1 Mart g\u00fcn\u00fc \u0130ran\u2019a d\u00f6n\u00fck operasyona da i\u015faret ederek birli\u011fin zamanlamas\u0131n\u0131n do\u011fru oldu\u011funu s\u00f6yledi.\u00a0 Ve \u201cBu ittifak \u0130ran devleti sonras\u0131 yap\u0131lacak \u00f6zg\u00fcr ve demokratik se\u00e7imlerle K\u00fcrt toplumunun gelece\u011fi belirlene de\u011fin \u00e7al\u0131\u015fma y\u00fcr\u00fctecektir\u201d diyerek bu ittifak\u0131n genel \u00e7er\u00e7evesini belirledi.<\/p>\n<p style=\"text-align: justify\"><strong>Mustafa Hicri: Di\u011fer iki partinin kat\u0131lmas\u0131 i\u00e7in ittifak\u0131n a\u00e7\u0131klamas\u0131n\u0131 geciktirdik<\/strong><\/p>\n<p style=\"text-align: justify\">Hicri birli\u011fe kat\u0131lmayan Do\u011fu K\u00fcrdistanl\u0131 siyasi yap\u0131lar i\u00e7inse \u015funlar\u0131 s\u00f6yledi: \u201cBiz bu ittifak i\u00e7inde PAK, PJAK; PDKI, Hizbi Sazuman ve Zahmetke\u015fan \u00f6rg\u00fct\u00fc yer al\u0131yor. Bizler daha \u00f6nce kurdu\u011fumuz Diyalog hareketi i\u00e7indeki 2 g\u00fcc\u00fcnde bu ittifaka kat\u0131lmas\u0131n\u0131 istiyorduk. Ve a\u00e7\u0131k s\u00f6ylemek istiyorum ki kat\u0131lmalar\u0131 i\u00e7in \u00e7ok b\u00fcy\u00fck \u00e7aba harcad\u0131k. Hatta birli\u011fin a\u00e7\u0131klanma tarihini bile geciktirdik. Fakat maalesef ki onlar bu birlik i\u00e7inde yer almaya haz\u0131r de\u011fillerdi.\u201d<\/p>\n<p style=\"text-align: justify\">Hicri b\u00f6yle bir birli\u011fini zorunlu\u011fu i\u00e7inse \u015funlar\u0131 s\u00f6yledi: \u201cOrtado\u011fu&#8217;daki kaos ve hassasiyet ve \u00f6zellikle de \u0130ran&#8217;\u0131n durumu g\u00f6z \u00f6n\u00fcne al\u0131nd\u0131\u011f\u0131nda bu birlik sadece bir gereklilik de\u011fil bir g\u00f6revdi.\u201d<\/p>\n<p style=\"text-align: justify\"><strong>Mustafa Hicri \u201cBirlik ge\u00e7ici bir y\u00f6netim gibi \u00e7al\u0131\u015facak\u201d <\/strong><\/p>\n<p style=\"text-align: justify\">PDKI lideri Do\u011fu K\u00fcrdistanl\u0131 partilerin \u0130ran sonras\u0131 d\u00f6neme de\u011fin g\u00f6rev yapaca\u011f\u0131n\u0131 ve Rojhilat halk\u0131n\u0131n kendi tercihini yapana de\u011fin i\u015f ba\u015f\u0131nda olaca\u011f\u0131n\u0131 belirterek ge\u00e7ici bir y\u00f6netim g\u00f6revi yapaca\u011f\u0131n\u0131 belirtti. \u00a0Amac\u0131 ve s\u00fcreci i\u00e7inse \u015funlar\u0131 s\u00f6yledi: \u201cBu birli\u011fin amac\u0131 \u0130ran&#8217;a kar\u015f\u0131 beraber m\u00fccadele etmek ve Rojhilat\u0131n \u00f6zg\u00fcr ve demokratik bir se\u00e7imle kendi kaderini ve y\u00f6netimini se\u00e7i\u015fine de\u011fin beraber \u00e7al\u0131\u015fmakt\u0131r.<\/p>\n<p style=\"text-align: justify\">Hicri birli\u011fin g\u00f6revleri i\u00e7in \u201cBu ge\u00e7ici y\u00f6netim bi\u00e7iminde amac\u0131m\u0131z Do\u011fu K\u00fcrdistan halk\u0131n\u0131n siyasi kazan\u0131mlar\u0131n\u0131 korumak ve bar\u0131\u015f\u00e7\u0131l istikarl\u0131 bir yap\u0131ya kavu\u015fturmakt\u0131r. \u00a0Kurulacak K\u00fcrdistan\u2019ta t\u00fcm birle\u015fenlerin, s\u0131n\u0131flar\u0131n, kesimlerin, farkl\u0131lar\u0131n ve yap\u0131lar\u0131n haklar\u0131 ve onurlar\u0131n\u0131n korunacakt\u0131r. bu g\u00f6rev de halk\u0131n, t\u00fcm sivil toplum \u00f6rg\u00fctlerinin ve \u00e7evrelerin kat\u0131l\u0131m\u0131 ile ancak m\u00fcmk\u00fcn olacakt\u0131r.\u201d \u0130fadelerini kulland\u0131.<\/p>\n<p style=\"text-align: justify\">Hicri kurulmu\u015f olan ittifak\u0131n \u0130ran \u0130slam Rejimini d\u0131\u015f\u0131nda hi\u00e7 kimseye kar\u015f\u0131 bir \u00f6n yarg\u0131s\u0131n\u0131n olmad\u0131\u011f\u0131n\u0131 da s\u00f6zlerini ekledi.<\/p>\n<p style=\"text-align: justify\"><strong>Kad\u0131nlar ve Gen\u00e7ler demokrasimizin teminat\u0131d\u0131r <\/strong><\/p>\n<p style=\"text-align: justify\">Jina Amini ba\u015fkald\u0131r\u0131s\u0131nda toplumun motor g\u00fcc\u00fcn\u00fcn kad\u0131nlar ve gen\u00e7ler oldu\u011funun herkes taraf\u0131ndan g\u00f6r\u00fcld\u00fc\u011f\u00fcn\u00fc s\u00f6yleyen Hicri kad\u0131nlar, gen\u00e7ler ve t\u00fcm sivil toplum \u00f6rg\u00fctlerinin K\u00fcrdistan\u2019\u0131n kalk\u0131nd\u0131r\u0131lmas\u0131na katk\u0131s\u0131n\u0131n \u00f6nemli oldu\u011funu s\u00f6yledi. Hicri \u201ciran sonras\u0131 K\u00fcrdistan\u2019da t\u00fcm diller, dinler ve farkl\u0131l\u0131klar beraber e\u015fit ya\u015fam\u0131n g\u00fcvencesine kavu\u015facak\u201d dedi.<\/p>\n<p style=\"text-align: justify\">Rojhelat toplumunun \u0130ran\u2019daki t\u00fcm di\u011fer topluluklardan daha ileri oldu\u011funu s\u00f6yleyen Hicri \u201cK\u00fcrtler ulusal bilinci g\u00fc\u00e7l\u00fc, uyan\u0131k bir millettir. \u0130ran\u2019\u0131n di\u011fer halklar\u0131n\u0131n siyasi partileri sistem kar\u015f\u0131s\u0131nda tutunamam\u0131\u015ft\u0131r, bu bizi avantajl\u0131 yap\u0131yor\u201d dedi.<\/p>\n<p style=\"text-align: justify\">Konu\u015fmas\u0131n\u0131n sonunda yine K\u00fcrdistan halk\u0131na seslenen Hicri \u201c<\/p>\n<p style=\"text-align: justify\">Son olarak K\u00fcrdistan toplumuna \u015funu s\u00f6ylemek istiyorum sizin sesiniz, sizin talepleriniz en yetkili mercinin kayna\u011f\u0131d\u0131r. 10larca y\u0131l boyunca t\u00fcm direni\u015fimiz K\u00fcrdistan\u2019da ya\u015fayan herkesin haklar\u0131na ve varl\u0131\u011f\u0131na kavu\u015fmas\u0131 i\u00e7indi.\u00a0 K\u00fcrt toplumu, \u00f6rg\u00fctl\u00fc, uyan\u0131k, canl\u0131 ve ulusal bilin\u00e7 konusunda geli\u015fkin bir toplumdur\u2026 Bug\u00fcn ve yar\u0131n bu \u00f6zelliklerimizi daha da g\u00fc\u00e7lendirece\u011fiz.\u00a0\u00a0 Bu \u00f6zellikler \u00f6zg\u00fcr bir toplum yaratman\u0131n temel ta\u015flar\u0131d\u0131r. Bir olmal\u0131y\u0131z, birlik bizim ulusal kazan\u0131mlar\u0131m\u0131z\u0131n temelidir\u201d dedi.<\/p>\n","protected":false},"excerpt":{"rendered":"<p>PDKI lideri Mustafa Hicri videolu bir mesaj yay\u0131nlad\u0131. Mesajda Do\u011fu K\u00fcrdistanl\u0131 partilerin kurdu\u011fu ittifak\u0131n g\u00f6revleri de\u011ferlendirildi ve halktan destek istendi. PDKI lideri Mustafa Hicri ya\u015fanan s\u00fcre\u00e7 ve Do\u011fu K\u00fcrdistan\u2019daki siyasi yap\u0131lar\u0131n kurdu\u011fu ittifak\u0131n g\u00f6revlerine d\u00f6n\u00fck \u00f6nemli a\u00e7\u0131klamalar yapt\u0131. \u00a0Hicri a\u00e7\u0131klamada K\u00fcrdistan halk\u0131n\u0131n kendini korumas\u0131n\u0131 ve gelece\u011fe umutlu bakmas\u0131n\u0131 isteyerek \u201cOnlarca y\u0131ld\u0131r verilen m\u00fccadeleye denk bir [&hellip;]<\/p>\n","protected":false},"author":2,"featured_media":1036613,"comment_status":"closed","ping_status":"closed","sticky":false,"template":"","format":"standard","meta":{"footnotes":""},"categories":[3],"tags":[31],"class_list":["post-1036611","post","type-post","status-publish","format-standard","has-post-thumbnail","hentry","category-kurdistan","tag-onemli"],"blocksy_meta":[],"seo_head":"<!-- This site is optimized with the Yoast SEO plugin v27.5 - https:\/\/yoast.com\/product\/yoast-seo-wordpress\/ -->\n<title>PDKI Lideri Mustafa Hicri ya\u015fanan s\u00fcreci de\u011ferlendirdi: \u00a0\u201cKurulacak K\u00fcrdistan\u2019da herkesin haklar\u0131 koruncakt\u0131r\u201d - Darka Mazi<\/title>\n<meta name=\"robots\" content=\"index, follow, max-snippet:-1, max-image-preview:large, max-video-preview:-1\" \/>\n<link rel=\"canonical\" href=\"https:\/\/darkamazi.site\/archives\/1036611\" \/>\n<meta property=\"og:locale\" content=\"en_US\" \/>\n<meta property=\"og:type\" content=\"article\" \/>\n<meta property=\"og:title\" content=\"PDKI Lideri Mustafa Hicri ya\u015fanan s\u00fcreci de\u011ferlendirdi: \u00a0\u201cKurulacak K\u00fcrdistan\u2019da herkesin haklar\u0131 koruncakt\u0131r\u201d - Darka Mazi\" \/>\n<meta property=\"og:description\" content=\"PDKI lideri Mustafa Hicri videolu bir mesaj yay\u0131nlad\u0131. Mesajda Do\u011fu K\u00fcrdistanl\u0131 partilerin kurdu\u011fu ittifak\u0131n g\u00f6revleri de\u011ferlendirildi ve halktan destek istendi. PDKI lideri Mustafa Hicri ya\u015fanan s\u00fcre\u00e7 ve Do\u011fu K\u00fcrdistan\u2019daki siyasi yap\u0131lar\u0131n kurdu\u011fu ittifak\u0131n g\u00f6revlerine d\u00f6n\u00fck \u00f6nemli a\u00e7\u0131klamalar yapt\u0131. \u00a0Hicri a\u00e7\u0131klamada K\u00fcrdistan halk\u0131n\u0131n kendini korumas\u0131n\u0131 ve gelece\u011fe umutlu bakmas\u0131n\u0131 isteyerek \u201cOnlarca y\u0131ld\u0131r verilen m\u00fccadeleye denk bir [&hellip;]\" \/>\n<meta property=\"og:url\" content=\"https:\/\/darkamazi.site\/archives\/1036611\" \/>\n<meta property=\"og:site_name\" content=\"Darka Mazi\" \/>\n<meta property=\"article:publisher\" content=\"https:\/\/www.facebook.com\/DarkaMaziturkce\" \/>\n<meta property=\"article:published_time\" content=\"2026-03-03T15:54:36+00:00\" \/>\n<meta property=\"og:image\" content=\"https:\/\/darkamazi.site\/file\/2026\/03\/pjak.jpg\" \/>\n\t<meta property=\"og:image:width\" content=\"900\" \/>\n\t<meta property=\"og:image:height\" content=\"475\" \/>\n\t<meta property=\"og:image:type\" content=\"image\/jpeg\" \/>\n<meta name=\"author\" content=\"darka mazi\" \/>\n<meta name=\"twitter:card\" content=\"summary_large_image\" \/>\n<meta name=\"twitter:creator\" content=\"@DarkaMaziTurkce\" \/>\n<meta name=\"twitter:site\" content=\"@DarkaMaziTurkce\" \/>\n<meta name=\"twitter:label1\" content=\"Written by\" \/>\n\t<meta name=\"twitter:data1\" content=\"darka mazi\" \/>\n\t<meta name=\"twitter:label2\" content=\"Est. reading time\" \/>\n\t<meta name=\"twitter:data2\" content=\"3 minutes\" \/>\n<script type=\"application\/ld+json\" class=\"seo-schema-graph\">{\"@context\":\"https:\\\/\\\/schema.org\",\"@graph\":[{\"@type\":\"NewsArticle\",\"@id\":\"https:\\\/\\\/darkamazi.site\\\/archives\\\/1036611#article\",\"isPartOf\":{\"@id\":\"https:\\\/\\\/darkamazi.site\\\/archives\\\/1036611\"},\"author\":{\"name\":\"darka mazi\",\"@id\":\"https:\\\/\\\/darkamazi.site\\\/#\\\/schema\\\/person\\\/67986a95ac546c16760365877ef4a9d3\"},\"headline\":\"PDKI Lideri Mustafa Hicri ya\u015fanan s\u00fcreci de\u011ferlendirdi: \u00a0\u201cKurulacak K\u00fcrdistan\u2019da herkesin haklar\u0131 koruncakt\u0131r\u201d\",\"datePublished\":\"2026-03-03T15:54:36+00:00\",\"mainEntityOfPage\":{\"@id\":\"https:\\\/\\\/darkamazi.site\\\/archives\\\/1036611\"},\"wordCount\":963,\"publisher\":{\"@id\":\"https:\\\/\\\/darkamazi.site\\\/#organization\"},\"image\":{\"@id\":\"https:\\\/\\\/darkamazi.site\\\/archives\\\/1036611#primaryimage\"},\"thumbnailUrl\":\"https:\\\/\\\/darkamazi.site\\\/darka-content\\\/uploads\\\/2026\\\/03\\\/pjak.jpg\",\"keywords\":[\"\u00f6nemli\"],\"articleSection\":[\"Kurdistan\"],\"inLanguage\":\"en-US\"},{\"@type\":\"WebPage\",\"@id\":\"https:\\\/\\\/darkamazi.site\\\/archives\\\/1036611\",\"url\":\"https:\\\/\\\/darkamazi.site\\\/archives\\\/1036611\",\"name\":\"PDKI Lideri Mustafa Hicri ya\u015fanan s\u00fcreci de\u011ferlendirdi: \u00a0\u201cKurulacak K\u00fcrdistan\u2019da herkesin haklar\u0131 koruncakt\u0131r\u201d - Darka Mazi\",\"isPartOf\":{\"@id\":\"https:\\\/\\\/darkamazi.site\\\/#website\"},\"primaryImageOfPage\":{\"@id\":\"https:\\\/\\\/darkamazi.site\\\/archives\\\/1036611#primaryimage\"},\"image\":{\"@id\":\"https:\\\/\\\/darkamazi.site\\\/archives\\\/1036611#primaryimage\"},\"thumbnailUrl\":\"https:\\\/\\\/darkamazi.site\\\/darka-content\\\/uploads\\\/2026\\\/03\\\/pjak.jpg\",\"datePublished\":\"2026-03-03T15:54:36+00:00\",\"breadcrumb\":{\"@id\":\"https:\\\/\\\/darkamazi.site\\\/archives\\\/1036611#breadcrumb\"},\"inLanguage\":\"en-US\",\"potentialAction\":[{\"@type\":\"ReadAction\",\"target\":[\"https:\\\/\\\/darkamazi.site\\\/archives\\\/1036611\"]}]},{\"@type\":\"ImageObject\",\"inLanguage\":\"en-US\",\"@id\":\"https:\\\/\\\/darkamazi.site\\\/archives\\\/1036611#primaryimage\",\"url\":\"https:\\\/\\\/darkamazi.site\\\/darka-content\\\/uploads\\\/2026\\\/03\\\/pjak.jpg\",\"contentUrl\":\"https:\\\/\\\/darkamazi.site\\\/darka-content\\\/uploads\\\/2026\\\/03\\\/pjak.jpg\",\"width\":900,\"height\":475,\"caption\":\"PDKI Lideri Mustafa Hicri ya\u015fanan s\u00fcreci de\u011ferlendirdi: \u00a0\u201cKurulacak K\u00fcrdistan\u2019da herkesin haklar\u0131 koruncakt\u0131r\u201d\"},{\"@type\":\"BreadcrumbList\",\"@id\":\"https:\\\/\\\/darkamazi.site\\\/archives\\\/1036611#breadcrumb\",\"itemListElement\":[{\"@type\":\"ListItem\",\"position\":1,\"name\":\"Home\",\"item\":\"https:\\\/\\\/darkamazi.site\\\/\"},{\"@type\":\"ListItem\",\"position\":2,\"name\":\"PDKI Lideri Mustafa Hicri ya\u015fanan s\u00fcreci de\u011ferlendirdi: \u00a0\u201cKurulacak K\u00fcrdistan\u2019da herkesin haklar\u0131 koruncakt\u0131r\u201d\"}]},{\"@type\":\"WebSite\",\"@id\":\"https:\\\/\\\/darkamazi.site\\\/#website\",\"url\":\"https:\\\/\\\/darkamazi.site\\\/\",\"name\":\"Darka Mazi\",\"description\":\"Ana Sayfa\",\"publisher\":{\"@id\":\"https:\\\/\\\/darkamazi.site\\\/#organization\"},\"potentialAction\":[{\"@type\":\"SearchAction\",\"target\":{\"@type\":\"EntryPoint\",\"urlTemplate\":\"https:\\\/\\\/darkamazi.site\\\/?s={search_term_string}\"},\"query-input\":{\"@type\":\"PropertyValueSpecification\",\"valueRequired\":true,\"valueName\":\"search_term_string\"}}],\"inLanguage\":\"en-US\"},{\"@type\":\"Organization\",\"@id\":\"https:\\\/\\\/darkamazi.site\\\/#organization\",\"name\":\"Darka Mazi T\u00fcrk\u00e7e\",\"alternateName\":\"Darka Mazi\",\"url\":\"https:\\\/\\\/darkamazi.site\\\/\",\"logo\":{\"@type\":\"ImageObject\",\"inLanguage\":\"en-US\",\"@id\":\"https:\\\/\\\/darkamazi.site\\\/#\\\/schema\\\/logo\\\/image\\\/\",\"url\":\"https:\\\/\\\/darkamazi.site\\\/darka-content\\\/uploads\\\/2017\\\/12\\\/darka-mazi-logo.png\",\"contentUrl\":\"https:\\\/\\\/darkamazi.site\\\/darka-content\\\/uploads\\\/2017\\\/12\\\/darka-mazi-logo.png\",\"width\":151,\"height\":75,\"caption\":\"Darka Mazi T\u00fcrk\u00e7e\"},\"image\":{\"@id\":\"https:\\\/\\\/darkamazi.site\\\/#\\\/schema\\\/logo\\\/image\\\/\"},\"sameAs\":[\"https:\\\/\\\/www.facebook.com\\\/DarkaMaziturkce\",\"https:\\\/\\\/x.com\\\/DarkaMaziTurkce\"]},{\"@type\":\"Person\",\"@id\":\"https:\\\/\\\/darkamazi.site\\\/#\\\/schema\\\/person\\\/67986a95ac546c16760365877ef4a9d3\",\"name\":\"darka mazi\",\"sameAs\":[\"https:\\\/\\\/darkamazi.site\"],\"url\":\"https:\\\/\\\/darkamazi.site\\\/archives\\\/author\\\/turkish\"}]}<\/script>\n<!-- \/ Yoast SEO plugin. -->","seo_head_json":{"title":"PDKI Lideri Mustafa Hicri ya\u015fanan s\u00fcreci de\u011ferlendirdi: \u00a0\u201cKurulacak K\u00fcrdistan\u2019da herkesin haklar\u0131 koruncakt\u0131r\u201d - Darka Mazi","robots":{"index":"index","follow":"follow","max-snippet":"max-snippet:-1","max-image-preview":"max-image-preview:large","max-video-preview":"max-video-preview:-1"},"canonical":"https:\/\/darkamazi.site\/archives\/1036611","og_locale":"en_US","og_type":"article","og_title":"PDKI Lideri Mustafa Hicri ya\u015fanan s\u00fcreci de\u011ferlendirdi: \u00a0\u201cKurulacak K\u00fcrdistan\u2019da herkesin haklar\u0131 koruncakt\u0131r\u201d - Darka Mazi","og_description":"PDKI lideri Mustafa Hicri videolu bir mesaj yay\u0131nlad\u0131. Mesajda Do\u011fu K\u00fcrdistanl\u0131 partilerin kurdu\u011fu ittifak\u0131n g\u00f6revleri de\u011ferlendirildi ve halktan destek istendi. PDKI lideri Mustafa Hicri ya\u015fanan s\u00fcre\u00e7 ve Do\u011fu K\u00fcrdistan\u2019daki siyasi yap\u0131lar\u0131n kurdu\u011fu ittifak\u0131n g\u00f6revlerine d\u00f6n\u00fck \u00f6nemli a\u00e7\u0131klamalar yapt\u0131. \u00a0Hicri a\u00e7\u0131klamada K\u00fcrdistan halk\u0131n\u0131n kendini korumas\u0131n\u0131 ve gelece\u011fe umutlu bakmas\u0131n\u0131 isteyerek \u201cOnlarca y\u0131ld\u0131r verilen m\u00fccadeleye denk bir [&hellip;]","og_url":"https:\/\/darkamazi.site\/archives\/1036611","og_site_name":"Darka Mazi","article_publisher":"https:\/\/www.facebook.com\/DarkaMaziturkce","article_published_time":"2026-03-03T15:54:36+00:00","og_image":[{"width":900,"height":475,"url":"https:\/\/darkamazi.site\/file\/2026\/03\/pjak.jpg","type":"image\/jpeg"}],"author":"darka mazi","twitter_card":"summary_large_image","twitter_creator":"@DarkaMaziTurkce","twitter_site":"@DarkaMaziTurkce","twitter_misc":{"Written by":"darka mazi","Est. reading time":"3 minutes"},"schema":{"@context":"https:\/\/schema.org","@graph":[{"@type":"NewsArticle","@id":"https:\/\/darkamazi.site\/archives\/1036611#article","isPartOf":{"@id":"https:\/\/darkamazi.site\/archives\/1036611"},"author":{"name":"darka mazi","@id":"https:\/\/darkamazi.site\/#\/schema\/person\/67986a95ac546c16760365877ef4a9d3"},"headline":"PDKI Lideri Mustafa Hicri ya\u015fanan s\u00fcreci de\u011ferlendirdi: \u00a0\u201cKurulacak K\u00fcrdistan\u2019da herkesin haklar\u0131 koruncakt\u0131r\u201d","datePublished":"2026-03-03T15:54:36+00:00","mainEntityOfPage":{"@id":"https:\/\/darkamazi.site\/archives\/1036611"},"wordCount":963,"publisher":{"@id":"https:\/\/darkamazi.site\/#organization"},"image":{"@id":"https:\/\/darkamazi.site\/archives\/1036611#primaryimage"},"thumbnailUrl":"https:\/\/darkamazi.site\/file\/2026\/03\/pjak.jpg","keywords":["\u00f6nemli"],"articleSection":["Kurdistan"],"inLanguage":"en-US"},{"@type":"WebPage","@id":"https:\/\/darkamazi.site\/archives\/1036611","url":"https:\/\/darkamazi.site\/archives\/1036611","name":"PDKI Lideri Mustafa Hicri ya\u015fanan s\u00fcreci de\u011ferlendirdi: \u00a0\u201cKurulacak K\u00fcrdistan\u2019da herkesin haklar\u0131 koruncakt\u0131r\u201d - Darka Mazi","isPartOf":{"@id":"https:\/\/darkamazi.site\/#website"},"primaryImageOfPage":{"@id":"https:\/\/darkamazi.site\/archives\/1036611#primaryimage"},"image":{"@id":"https:\/\/darkamazi.site\/archives\/1036611#primaryimage"},"thumbnailUrl":"https:\/\/darkamazi.site\/file\/2026\/03\/pjak.jpg","datePublished":"2026-03-03T15:54:36+00:00","breadcrumb":{"@id":"https:\/\/darkamazi.site\/archives\/1036611#breadcrumb"},"inLanguage":"en-US","potentialAction":[{"@type":"ReadAction","target":["https:\/\/darkamazi.site\/archives\/1036611"]}]},{"@type":"ImageObject","inLanguage":"en-US","@id":"https:\/\/darkamazi.site\/archives\/1036611#primaryimage","url":"https:\/\/darkamazi.site\/file\/2026\/03\/pjak.jpg","contentUrl":"https:\/\/darkamazi.site\/file\/2026\/03\/pjak.jpg","width":900,"height":475,"caption":"PDKI Lideri Mustafa Hicri ya\u015fanan s\u00fcreci de\u011ferlendirdi: \u00a0\u201cKurulacak K\u00fcrdistan\u2019da herkesin haklar\u0131 koruncakt\u0131r\u201d"},{"@type":"BreadcrumbList","@id":"https:\/\/darkamazi.site\/archives\/1036611#breadcrumb","itemListElement":[{"@type":"ListItem","position":1,"name":"Home","item":"https:\/\/darkamazi.site\/"},{"@type":"ListItem","position":2,"name":"PDKI Lideri Mustafa Hicri ya\u015fanan s\u00fcreci de\u011ferlendirdi: \u00a0\u201cKurulacak K\u00fcrdistan\u2019da herkesin haklar\u0131 koruncakt\u0131r\u201d"}]},{"@type":"WebSite","@id":"https:\/\/darkamazi.site\/#website","url":"https:\/\/darkamazi.site\/","name":"Darka Mazi","description":"Ana Sayfa","publisher":{"@id":"https:\/\/darkamazi.site\/#organization"},"potentialAction":[{"@type":"SearchAction","target":{"@type":"EntryPoint","urlTemplate":"https:\/\/darkamazi.site\/?s={search_term_string}"},"query-input":{"@type":"PropertyValueSpecification","valueRequired":true,"valueName":"search_term_string"}}],"inLanguage":"en-US"},{"@type":"Organization","@id":"https:\/\/darkamazi.site\/#organization","name":"Darka Mazi T\u00fcrk\u00e7e","alternateName":"Darka Mazi","url":"https:\/\/darkamazi.site\/","logo":{"@type":"ImageObject","inLanguage":"en-US","@id":"https:\/\/darkamazi.site\/#\/schema\/logo\/image\/","url":"https:\/\/darkamazi.site\/file\/2017\/12\/darka-mazi-logo.png","contentUrl":"https:\/\/darkamazi.site\/file\/2017\/12\/darka-mazi-logo.png","width":151,"height":75,"caption":"Darka Mazi T\u00fcrk\u00e7e"},"image":{"@id":"https:\/\/darkamazi.site\/#\/schema\/logo\/image\/"},"sameAs":["https:\/\/www.facebook.com\/DarkaMaziturkce","https:\/\/x.com\/DarkaMaziTurkce"]},{"@type":"Person","@id":"https:\/\/darkamazi.site\/#\/schema\/person\/67986a95ac546c16760365877ef4a9d3","name":"darka mazi","sameAs":["https:\/\/darkamazi.site"],"url":"https:\/\/darkamazi.site\/archives\/author\/turkish"}]}},"_links":{"self":[{"href":"https:\/\/darkamazi.site\/funavuv\/wp\/v2\/posts\/1036611","targetHints":{"allow":["GET"]}}],"collection":[{"href":"https:\/\/darkamazi.site\/funavuv\/wp\/v2\/posts"}],"about":[{"href":"https:\/\/darkamazi.site\/funavuv\/wp\/v2\/types\/post"}],"author":[{"embeddable":true,"href":"https:\/\/darkamazi.site\/funavuv\/wp\/v2\/users\/2"}],"replies":[{"embeddable":true,"href":"https:\/\/darkamazi.site\/funavuv\/wp\/v2\/comments?post=1036611"}],"version-history":[{"count":0,"href":"https:\/\/darkamazi.site\/funavuv\/wp\/v2\/posts\/1036611\/revisions"}],"wp:featuredmedia":[{"embeddable":true,"href":"https:\/\/darkamazi.site\/funavuv\/wp\/v2\/media\/1036613"}],"wp:attachment":[{"href":"https:\/\/darkamazi.site\/funavuv\/wp\/v2\/media?parent=1036611"}],"wp:term":[{"taxonomy":"category","embeddable":true,"href":"https:\/\/darkamazi.site\/funavuv\/wp\/v2\/categories?post=1036611"},{"taxonomy":"post_tag","embeddable":true,"href":"https:\/\/darkamazi.site\/funavuv\/wp\/v2\/tags?post=1036611"}],"curies":[{"name":"wp","href":"https:\/\/api.w.org\/{rel}","templated":true}]}}