{"id":1036615,"date":"2026-03-04T00:32:13","date_gmt":"2026-03-03T21:32:13","guid":{"rendered":"https:\/\/darkamazi.site\/?p=1036615"},"modified":"2026-03-04T00:32:13","modified_gmt":"2026-03-03T21:32:13","slug":"dem-parti-es-baskani-hatimogullari-bu-kez-irana-siper-oldu-abd-irana-saldirilari-durdursun","status":"publish","type":"post","link":"https:\/\/darkamazi.site\/archives\/1036615","title":{"rendered":"DEM Parti E\u015f Ba\u015fkan\u0131 Hatimo\u011fullar\u0131 bu kez \u0130ran\u2019a siper oldu: ABD \u0130ran\u2019a sald\u0131r\u0131lar\u0131 durdursun"},"content":{"rendered":"<p style=\"text-align: justify\">DEM Parti E\u015f Ba\u015fkan\u0131 Hatimo\u011fullar\u0131 ge\u00e7mi\u015fte Esad rejimine savunmu\u015ftu bu kez ise \u0130ran rejimine siper oldu. \u0130srail operasyona kar\u015f\u0131 \u00e7\u0131kt\u0131.<\/p>\n<p style=\"text-align: justify\">Partisinin Meclis&#8217;te d\u00fczenledi\u011fi kad\u0131n grup toplant\u0131s\u0131nda konu\u015fan DEM Parti E\u015f Genel Ba\u015fkan\u0131 T\u00fclay Hatimo\u011fullar\u0131, &#8220;\u0130ran&#8217;\u0131n kaderini \u0130ran halklar\u0131 belirler. K\u00fcrtler, Azeriler, Beluciler ve Farslar belirler. ABD ve \u0130srail sald\u0131r\u0131lar\u0131na acilen son vermelidir. \u00c7\u00f6z\u00fcm demokratik \u0130ran Cumhuriyeti\u2019nde&#8221; dedi.<\/p>\n<p style=\"text-align: justify\">ABD-\u0130srail\u2019in \u0130ran sald\u0131r\u0131lar\u0131na da de\u011finen T\u00fclay Hatimo\u011fullar\u0131 \u0130ran\u2019a sald\u0131r\u0131lar\u0131 k\u0131nad\u0131<\/p>\n<p style=\"text-align: justify\"><strong>Hatimo\u011fullar\u0131: \u201cBizler bu sald\u0131r\u0131y\u0131 kad\u0131nlar olarak \u015fiddetle k\u0131n\u0131yoruz\u201d<\/strong><\/p>\n<p style=\"text-align: justify\">Hatimo\u011fullar\u0131 konu\u015fmas\u0131nda operasyonlar i\u00e7in \u015funlar\u0131 s\u00f6yledi: \u201cABD, \u0130srail, \u0130ran&#8217;la masada m\u00fczakereleri devam ettirirken \u0130ran&#8217;a sald\u0131r\u0131 ger\u00e7ekle\u015fti. Bu sava\u015f\u0131n b\u00f6lge tamam\u0131n\u0131 sarma ihtimali son derece y\u00fcksek ve daha \u015fimdiden Irak, L\u00fcbnan ve K\u00f6rfez \u00fclkelerini sarm\u0131\u015f durumda ve b\u00f6lge adeta kanl\u0131 bir kaosa s\u00fcr\u00fckleniyor. Bu sald\u0131r\u0131larda \u0130ran&#8217;da bir k\u0131z okulu bombaland\u0131. Hepiniz izlediniz, bombalanan bu okulda yakla\u015f\u0131k 170 k\u0131z \u00e7ocu\u011fu belki daha fazla katledildi. Y\u00fczlercesi yaral\u0131 ve yine kad\u0131n \u00f6l\u00fcmleri, yine \u00e7ocuk \u00f6l\u00fcmleri ve yine erkeklerin ba\u015flatm\u0131\u015f oldu\u011fu sava\u015flar\u0131n sonu\u00e7lar\u0131. Bizler bu sald\u0131r\u0131y\u0131 kad\u0131nlar olarak \u015fiddetle k\u0131n\u0131yoruz. Bu topraklarda \u00e7ok kan akt\u0131, \u00e7ok kan d\u00f6k\u00fcld\u00fc, art\u0131k yeter.<\/p>\n<p style=\"text-align: justify\"><strong>Hatimo\u011fullar\u0131: &#8220;\u00c7\u00f6z\u00fcm sava\u015fta de\u011fil demokratik \u0130ran\u2019dad\u0131r&#8221;<\/strong><\/p>\n<p style=\"text-align: justify\">\u0130ran\u2019a d\u00f6n\u00fck operasyonun me\u015frula\u015ft\u0131r\u0131lamayaca\u011f\u0131n\u0131 s\u00f6yleyen Hatimo\u011fullar\u0131 \u015funlar\u0131 s\u00f6yledi:<strong> \u00c7<\/strong>\u00f6z\u00fcm sava\u015fta de\u011fil \u00e7\u00f6z\u00fcm otoriter rejimde de\u011fil, \u00e7\u00f6z\u00fcm demokratik \u0130ran Cumhuriyeti\u2019nin in\u015fas\u0131ndad\u0131r.\u201d<\/p>\n<p style=\"text-align: justify\">Hatimo\u011fullar\u0131 konu\u015fmas\u0131nda \u00d6calan\u2019\u0131n durumuna ve 27 \u015eubat tarihli a\u00e7\u0131klamas\u0131na da de\u011finerek \u201cDemokratik entegrasyon en az Cumhuriyetin kurulu\u015fu kadar \u00f6nemli\u201d dedi.<\/p>\n<p style=\"text-align: justify\">K\u00fcrt halk\u0131n\u0131n taleplerine de\u011finen Hatimo\u011fullar\u0131, bu taleplerin yaln\u0131zca K\u00fcrtler i\u00e7in de\u011fil, T\u00fcrkiye\u2019nin tamam\u0131 i\u00e7in demokratikle\u015fme anlam\u0131 ta\u015f\u0131d\u0131\u011f\u0131n\u0131 iddia etti. Fakat K\u00fcrtlerin kimlik talebine ili\u015fin ise bir \u015fey s\u00f6ylemedi. Sadece \u00d6calan\u2019\u0131n stat\u00fcye kavu\u015fmas\u0131n\u0131 istedi.<\/p>\n<p style=\"text-align: justify\">K\u00fcrt halk\u0131na b\u00fcy\u00fck zul\u00fcmler yapan ve liderlerini \u00a0m\u00fczakere masas\u0131nda katleden \u0130ran\u2019a sald\u0131r\u0131lar\u0131 me\u015fru g\u00f6rmeyen ve halka \u201c\u0130ran\u2019\u0131 demokratikle\u015ftirme\u201d \u00e7a\u011fr\u0131s\u0131 b\u00fcy\u00fck tepki toplad\u0131. T\u00fcrk\u00e7e medyay\u0131 takip eden Do\u011fu K\u00fcrdistanl\u0131lar DEM Partinin ve Hatimo\u011fullar\u0131n\u0131n \u00e7a\u011fr\u0131s\u0131 sonras\u0131 STOP DEM Parti payla\u015f\u0131mlar\u0131 yapt\u0131.<\/p>\n","protected":false},"excerpt":{"rendered":"<p>DEM Parti E\u015f Ba\u015fkan\u0131 Hatimo\u011fullar\u0131 ge\u00e7mi\u015fte Esad rejimine savunmu\u015ftu bu kez ise \u0130ran rejimine siper oldu. \u0130srail operasyona kar\u015f\u0131 \u00e7\u0131kt\u0131. Partisinin Meclis&#8217;te d\u00fczenledi\u011fi kad\u0131n grup toplant\u0131s\u0131nda konu\u015fan DEM Parti E\u015f Genel Ba\u015fkan\u0131 T\u00fclay Hatimo\u011fullar\u0131, &#8220;\u0130ran&#8217;\u0131n kaderini \u0130ran halklar\u0131 belirler. K\u00fcrtler, Azeriler, Beluciler ve Farslar belirler. ABD ve \u0130srail sald\u0131r\u0131lar\u0131na acilen son vermelidir. \u00c7\u00f6z\u00fcm demokratik \u0130ran [&hellip;]<\/p>\n","protected":false},"author":2,"featured_media":1036616,"comment_status":"closed","ping_status":"closed","sticky":false,"template":"","format":"standard","meta":{"footnotes":""},"categories":[3],"tags":[31],"class_list":["post-1036615","post","type-post","status-publish","format-standard","has-post-thumbnail","hentry","category-kurdistan","tag-onemli"],"blocksy_meta":[],"seo_head":"<!-- This site is optimized with the Yoast SEO plugin v27.5 - https:\/\/yoast.com\/product\/yoast-seo-wordpress\/ -->\n<title>DEM Parti E\u015f Ba\u015fkan\u0131 Hatimo\u011fullar\u0131 bu kez \u0130ran\u2019a siper oldu: ABD \u0130ran\u2019a sald\u0131r\u0131lar\u0131 durdursun - Darka Mazi<\/title>\n<meta name=\"robots\" content=\"index, follow, max-snippet:-1, max-image-preview:large, max-video-preview:-1\" \/>\n<link rel=\"canonical\" href=\"https:\/\/darkamazi.site\/archives\/1036615\" \/>\n<meta property=\"og:locale\" content=\"en_US\" \/>\n<meta property=\"og:type\" content=\"article\" \/>\n<meta property=\"og:title\" content=\"DEM Parti E\u015f Ba\u015fkan\u0131 Hatimo\u011fullar\u0131 bu kez \u0130ran\u2019a siper oldu: ABD \u0130ran\u2019a sald\u0131r\u0131lar\u0131 durdursun - Darka Mazi\" \/>\n<meta property=\"og:description\" content=\"DEM Parti E\u015f Ba\u015fkan\u0131 Hatimo\u011fullar\u0131 ge\u00e7mi\u015fte Esad rejimine savunmu\u015ftu bu kez ise \u0130ran rejimine siper oldu. \u0130srail operasyona kar\u015f\u0131 \u00e7\u0131kt\u0131. Partisinin Meclis&#8217;te d\u00fczenledi\u011fi kad\u0131n grup toplant\u0131s\u0131nda konu\u015fan DEM Parti E\u015f Genel Ba\u015fkan\u0131 T\u00fclay Hatimo\u011fullar\u0131, &#8220;\u0130ran&#8217;\u0131n kaderini \u0130ran halklar\u0131 belirler. K\u00fcrtler, Azeriler, Beluciler ve Farslar belirler. ABD ve \u0130srail sald\u0131r\u0131lar\u0131na acilen son vermelidir. \u00c7\u00f6z\u00fcm demokratik \u0130ran [&hellip;]\" \/>\n<meta property=\"og:url\" content=\"https:\/\/darkamazi.site\/archives\/1036615\" \/>\n<meta property=\"og:site_name\" content=\"Darka Mazi\" \/>\n<meta property=\"article:publisher\" content=\"https:\/\/www.facebook.com\/DarkaMaziturkce\" \/>\n<meta property=\"article:published_time\" content=\"2026-03-03T21:32:13+00:00\" \/>\n<meta property=\"og:image\" content=\"https:\/\/darkamazi.site\/file\/2026\/03\/Hatimogullari.jpg\" \/>\n\t<meta property=\"og:image:width\" content=\"1200\" \/>\n\t<meta property=\"og:image:height\" content=\"675\" \/>\n\t<meta property=\"og:image:type\" content=\"image\/jpeg\" \/>\n<meta name=\"author\" content=\"darka mazi\" \/>\n<meta name=\"twitter:card\" content=\"summary_large_image\" \/>\n<meta name=\"twitter:creator\" content=\"@DarkaMaziTurkce\" \/>\n<meta name=\"twitter:site\" content=\"@DarkaMaziTurkce\" \/>\n<meta name=\"twitter:label1\" content=\"Written by\" \/>\n\t<meta name=\"twitter:data1\" content=\"darka mazi\" \/>\n\t<meta name=\"twitter:label2\" content=\"Est. reading time\" \/>\n\t<meta name=\"twitter:data2\" content=\"2 minutes\" \/>\n<script type=\"application\/ld+json\" class=\"seo-schema-graph\">{\"@context\":\"https:\\\/\\\/schema.org\",\"@graph\":[{\"@type\":\"NewsArticle\",\"@id\":\"https:\\\/\\\/darkamazi.site\\\/archives\\\/1036615#article\",\"isPartOf\":{\"@id\":\"https:\\\/\\\/darkamazi.site\\\/archives\\\/1036615\"},\"author\":{\"name\":\"darka mazi\",\"@id\":\"https:\\\/\\\/darkamazi.site\\\/#\\\/schema\\\/person\\\/67986a95ac546c16760365877ef4a9d3\"},\"headline\":\"DEM Parti E\u015f Ba\u015fkan\u0131 Hatimo\u011fullar\u0131 bu kez \u0130ran\u2019a siper oldu: ABD \u0130ran\u2019a sald\u0131r\u0131lar\u0131 durdursun\",\"datePublished\":\"2026-03-03T21:32:13+00:00\",\"mainEntityOfPage\":{\"@id\":\"https:\\\/\\\/darkamazi.site\\\/archives\\\/1036615\"},\"wordCount\":475,\"publisher\":{\"@id\":\"https:\\\/\\\/darkamazi.site\\\/#organization\"},\"image\":{\"@id\":\"https:\\\/\\\/darkamazi.site\\\/archives\\\/1036615#primaryimage\"},\"thumbnailUrl\":\"https:\\\/\\\/darkamazi.site\\\/darka-content\\\/uploads\\\/2026\\\/03\\\/Hatimogullari.jpg\",\"keywords\":[\"\u00f6nemli\"],\"articleSection\":[\"Kurdistan\"],\"inLanguage\":\"en-US\"},{\"@type\":\"WebPage\",\"@id\":\"https:\\\/\\\/darkamazi.site\\\/archives\\\/1036615\",\"url\":\"https:\\\/\\\/darkamazi.site\\\/archives\\\/1036615\",\"name\":\"DEM Parti E\u015f Ba\u015fkan\u0131 Hatimo\u011fullar\u0131 bu kez \u0130ran\u2019a siper oldu: ABD \u0130ran\u2019a sald\u0131r\u0131lar\u0131 durdursun - Darka Mazi\",\"isPartOf\":{\"@id\":\"https:\\\/\\\/darkamazi.site\\\/#website\"},\"primaryImageOfPage\":{\"@id\":\"https:\\\/\\\/darkamazi.site\\\/archives\\\/1036615#primaryimage\"},\"image\":{\"@id\":\"https:\\\/\\\/darkamazi.site\\\/archives\\\/1036615#primaryimage\"},\"thumbnailUrl\":\"https:\\\/\\\/darkamazi.site\\\/darka-content\\\/uploads\\\/2026\\\/03\\\/Hatimogullari.jpg\",\"datePublished\":\"2026-03-03T21:32:13+00:00\",\"breadcrumb\":{\"@id\":\"https:\\\/\\\/darkamazi.site\\\/archives\\\/1036615#breadcrumb\"},\"inLanguage\":\"en-US\",\"potentialAction\":[{\"@type\":\"ReadAction\",\"target\":[\"https:\\\/\\\/darkamazi.site\\\/archives\\\/1036615\"]}]},{\"@type\":\"ImageObject\",\"inLanguage\":\"en-US\",\"@id\":\"https:\\\/\\\/darkamazi.site\\\/archives\\\/1036615#primaryimage\",\"url\":\"https:\\\/\\\/darkamazi.site\\\/darka-content\\\/uploads\\\/2026\\\/03\\\/Hatimogullari.jpg\",\"contentUrl\":\"https:\\\/\\\/darkamazi.site\\\/darka-content\\\/uploads\\\/2026\\\/03\\\/Hatimogullari.jpg\",\"width\":1200,\"height\":675,\"caption\":\"DEM Parti E\u015f Ba\u015fkan\u0131 Hatimo\u011fullar\u0131 bu kez \u0130ran\u2019a siper oldu: ABD \u0130ran\u2019a sald\u0131r\u0131lar\u0131 durdursun\"},{\"@type\":\"BreadcrumbList\",\"@id\":\"https:\\\/\\\/darkamazi.site\\\/archives\\\/1036615#breadcrumb\",\"itemListElement\":[{\"@type\":\"ListItem\",\"position\":1,\"name\":\"Home\",\"item\":\"https:\\\/\\\/darkamazi.site\\\/\"},{\"@type\":\"ListItem\",\"position\":2,\"name\":\"DEM Parti E\u015f Ba\u015fkan\u0131 Hatimo\u011fullar\u0131 bu kez \u0130ran\u2019a siper oldu: ABD \u0130ran\u2019a sald\u0131r\u0131lar\u0131 durdursun\"}]},{\"@type\":\"WebSite\",\"@id\":\"https:\\\/\\\/darkamazi.site\\\/#website\",\"url\":\"https:\\\/\\\/darkamazi.site\\\/\",\"name\":\"Darka Mazi\",\"description\":\"Ana Sayfa\",\"publisher\":{\"@id\":\"https:\\\/\\\/darkamazi.site\\\/#organization\"},\"potentialAction\":[{\"@type\":\"SearchAction\",\"target\":{\"@type\":\"EntryPoint\",\"urlTemplate\":\"https:\\\/\\\/darkamazi.site\\\/?s={search_term_string}\"},\"query-input\":{\"@type\":\"PropertyValueSpecification\",\"valueRequired\":true,\"valueName\":\"search_term_string\"}}],\"inLanguage\":\"en-US\"},{\"@type\":\"Organization\",\"@id\":\"https:\\\/\\\/darkamazi.site\\\/#organization\",\"name\":\"Darka Mazi T\u00fcrk\u00e7e\",\"alternateName\":\"Darka Mazi\",\"url\":\"https:\\\/\\\/darkamazi.site\\\/\",\"logo\":{\"@type\":\"ImageObject\",\"inLanguage\":\"en-US\",\"@id\":\"https:\\\/\\\/darkamazi.site\\\/#\\\/schema\\\/logo\\\/image\\\/\",\"url\":\"https:\\\/\\\/darkamazi.site\\\/darka-content\\\/uploads\\\/2017\\\/12\\\/darka-mazi-logo.png\",\"contentUrl\":\"https:\\\/\\\/darkamazi.site\\\/darka-content\\\/uploads\\\/2017\\\/12\\\/darka-mazi-logo.png\",\"width\":151,\"height\":75,\"caption\":\"Darka Mazi T\u00fcrk\u00e7e\"},\"image\":{\"@id\":\"https:\\\/\\\/darkamazi.site\\\/#\\\/schema\\\/logo\\\/image\\\/\"},\"sameAs\":[\"https:\\\/\\\/www.facebook.com\\\/DarkaMaziturkce\",\"https:\\\/\\\/x.com\\\/DarkaMaziTurkce\"]},{\"@type\":\"Person\",\"@id\":\"https:\\\/\\\/darkamazi.site\\\/#\\\/schema\\\/person\\\/67986a95ac546c16760365877ef4a9d3\",\"name\":\"darka mazi\",\"sameAs\":[\"https:\\\/\\\/darkamazi.site\"],\"url\":\"https:\\\/\\\/darkamazi.site\\\/archives\\\/author\\\/turkish\"}]}<\/script>\n<!-- \/ Yoast SEO plugin. -->","seo_head_json":{"title":"DEM Parti E\u015f Ba\u015fkan\u0131 Hatimo\u011fullar\u0131 bu kez \u0130ran\u2019a siper oldu: ABD \u0130ran\u2019a sald\u0131r\u0131lar\u0131 durdursun - Darka Mazi","robots":{"index":"index","follow":"follow","max-snippet":"max-snippet:-1","max-image-preview":"max-image-preview:large","max-video-preview":"max-video-preview:-1"},"canonical":"https:\/\/darkamazi.site\/archives\/1036615","og_locale":"en_US","og_type":"article","og_title":"DEM Parti E\u015f Ba\u015fkan\u0131 Hatimo\u011fullar\u0131 bu kez \u0130ran\u2019a siper oldu: ABD \u0130ran\u2019a sald\u0131r\u0131lar\u0131 durdursun - Darka Mazi","og_description":"DEM Parti E\u015f Ba\u015fkan\u0131 Hatimo\u011fullar\u0131 ge\u00e7mi\u015fte Esad rejimine savunmu\u015ftu bu kez ise \u0130ran rejimine siper oldu. \u0130srail operasyona kar\u015f\u0131 \u00e7\u0131kt\u0131. Partisinin Meclis&#8217;te d\u00fczenledi\u011fi kad\u0131n grup toplant\u0131s\u0131nda konu\u015fan DEM Parti E\u015f Genel Ba\u015fkan\u0131 T\u00fclay Hatimo\u011fullar\u0131, &#8220;\u0130ran&#8217;\u0131n kaderini \u0130ran halklar\u0131 belirler. K\u00fcrtler, Azeriler, Beluciler ve Farslar belirler. ABD ve \u0130srail sald\u0131r\u0131lar\u0131na acilen son vermelidir. \u00c7\u00f6z\u00fcm demokratik \u0130ran [&hellip;]","og_url":"https:\/\/darkamazi.site\/archives\/1036615","og_site_name":"Darka Mazi","article_publisher":"https:\/\/www.facebook.com\/DarkaMaziturkce","article_published_time":"2026-03-03T21:32:13+00:00","og_image":[{"width":1200,"height":675,"url":"https:\/\/darkamazi.site\/file\/2026\/03\/Hatimogullari.jpg","type":"image\/jpeg"}],"author":"darka mazi","twitter_card":"summary_large_image","twitter_creator":"@DarkaMaziTurkce","twitter_site":"@DarkaMaziTurkce","twitter_misc":{"Written by":"darka mazi","Est. reading time":"2 minutes"},"schema":{"@context":"https:\/\/schema.org","@graph":[{"@type":"NewsArticle","@id":"https:\/\/darkamazi.site\/archives\/1036615#article","isPartOf":{"@id":"https:\/\/darkamazi.site\/archives\/1036615"},"author":{"name":"darka mazi","@id":"https:\/\/darkamazi.site\/#\/schema\/person\/67986a95ac546c16760365877ef4a9d3"},"headline":"DEM Parti E\u015f Ba\u015fkan\u0131 Hatimo\u011fullar\u0131 bu kez \u0130ran\u2019a siper oldu: ABD \u0130ran\u2019a sald\u0131r\u0131lar\u0131 durdursun","datePublished":"2026-03-03T21:32:13+00:00","mainEntityOfPage":{"@id":"https:\/\/darkamazi.site\/archives\/1036615"},"wordCount":475,"publisher":{"@id":"https:\/\/darkamazi.site\/#organization"},"image":{"@id":"https:\/\/darkamazi.site\/archives\/1036615#primaryimage"},"thumbnailUrl":"https:\/\/darkamazi.site\/file\/2026\/03\/Hatimogullari.jpg","keywords":["\u00f6nemli"],"articleSection":["Kurdistan"],"inLanguage":"en-US"},{"@type":"WebPage","@id":"https:\/\/darkamazi.site\/archives\/1036615","url":"https:\/\/darkamazi.site\/archives\/1036615","name":"DEM Parti E\u015f Ba\u015fkan\u0131 Hatimo\u011fullar\u0131 bu kez \u0130ran\u2019a siper oldu: ABD \u0130ran\u2019a sald\u0131r\u0131lar\u0131 durdursun - Darka Mazi","isPartOf":{"@id":"https:\/\/darkamazi.site\/#website"},"primaryImageOfPage":{"@id":"https:\/\/darkamazi.site\/archives\/1036615#primaryimage"},"image":{"@id":"https:\/\/darkamazi.site\/archives\/1036615#primaryimage"},"thumbnailUrl":"https:\/\/darkamazi.site\/file\/2026\/03\/Hatimogullari.jpg","datePublished":"2026-03-03T21:32:13+00:00","breadcrumb":{"@id":"https:\/\/darkamazi.site\/archives\/1036615#breadcrumb"},"inLanguage":"en-US","potentialAction":[{"@type":"ReadAction","target":["https:\/\/darkamazi.site\/archives\/1036615"]}]},{"@type":"ImageObject","inLanguage":"en-US","@id":"https:\/\/darkamazi.site\/archives\/1036615#primaryimage","url":"https:\/\/darkamazi.site\/file\/2026\/03\/Hatimogullari.jpg","contentUrl":"https:\/\/darkamazi.site\/file\/2026\/03\/Hatimogullari.jpg","width":1200,"height":675,"caption":"DEM Parti E\u015f Ba\u015fkan\u0131 Hatimo\u011fullar\u0131 bu kez \u0130ran\u2019a siper oldu: ABD \u0130ran\u2019a sald\u0131r\u0131lar\u0131 durdursun"},{"@type":"BreadcrumbList","@id":"https:\/\/darkamazi.site\/archives\/1036615#breadcrumb","itemListElement":[{"@type":"ListItem","position":1,"name":"Home","item":"https:\/\/darkamazi.site\/"},{"@type":"ListItem","position":2,"name":"DEM Parti E\u015f Ba\u015fkan\u0131 Hatimo\u011fullar\u0131 bu kez \u0130ran\u2019a siper oldu: ABD \u0130ran\u2019a sald\u0131r\u0131lar\u0131 durdursun"}]},{"@type":"WebSite","@id":"https:\/\/darkamazi.site\/#website","url":"https:\/\/darkamazi.site\/","name":"Darka Mazi","description":"Ana Sayfa","publisher":{"@id":"https:\/\/darkamazi.site\/#organization"},"potentialAction":[{"@type":"SearchAction","target":{"@type":"EntryPoint","urlTemplate":"https:\/\/darkamazi.site\/?s={search_term_string}"},"query-input":{"@type":"PropertyValueSpecification","valueRequired":true,"valueName":"search_term_string"}}],"inLanguage":"en-US"},{"@type":"Organization","@id":"https:\/\/darkamazi.site\/#organization","name":"Darka Mazi T\u00fcrk\u00e7e","alternateName":"Darka Mazi","url":"https:\/\/darkamazi.site\/","logo":{"@type":"ImageObject","inLanguage":"en-US","@id":"https:\/\/darkamazi.site\/#\/schema\/logo\/image\/","url":"https:\/\/darkamazi.site\/file\/2017\/12\/darka-mazi-logo.png","contentUrl":"https:\/\/darkamazi.site\/file\/2017\/12\/darka-mazi-logo.png","width":151,"height":75,"caption":"Darka Mazi T\u00fcrk\u00e7e"},"image":{"@id":"https:\/\/darkamazi.site\/#\/schema\/logo\/image\/"},"sameAs":["https:\/\/www.facebook.com\/DarkaMaziturkce","https:\/\/x.com\/DarkaMaziTurkce"]},{"@type":"Person","@id":"https:\/\/darkamazi.site\/#\/schema\/person\/67986a95ac546c16760365877ef4a9d3","name":"darka mazi","sameAs":["https:\/\/darkamazi.site"],"url":"https:\/\/darkamazi.site\/archives\/author\/turkish"}]}},"_links":{"self":[{"href":"https:\/\/darkamazi.site\/funavuv\/wp\/v2\/posts\/1036615","targetHints":{"allow":["GET"]}}],"collection":[{"href":"https:\/\/darkamazi.site\/funavuv\/wp\/v2\/posts"}],"about":[{"href":"https:\/\/darkamazi.site\/funavuv\/wp\/v2\/types\/post"}],"author":[{"embeddable":true,"href":"https:\/\/darkamazi.site\/funavuv\/wp\/v2\/users\/2"}],"replies":[{"embeddable":true,"href":"https:\/\/darkamazi.site\/funavuv\/wp\/v2\/comments?post=1036615"}],"version-history":[{"count":0,"href":"https:\/\/darkamazi.site\/funavuv\/wp\/v2\/posts\/1036615\/revisions"}],"wp:featuredmedia":[{"embeddable":true,"href":"https:\/\/darkamazi.site\/funavuv\/wp\/v2\/media\/1036616"}],"wp:attachment":[{"href":"https:\/\/darkamazi.site\/funavuv\/wp\/v2\/media?parent=1036615"}],"wp:term":[{"taxonomy":"category","embeddable":true,"href":"https:\/\/darkamazi.site\/funavuv\/wp\/v2\/categories?post=1036615"},{"taxonomy":"post_tag","embeddable":true,"href":"https:\/\/darkamazi.site\/funavuv\/wp\/v2\/tags?post=1036615"}],"curies":[{"name":"wp","href":"https:\/\/api.w.org\/{rel}","templated":true}]}}