{"id":1036619,"date":"2026-03-04T17:57:54","date_gmt":"2026-03-04T14:57:54","guid":{"rendered":"https:\/\/darkamazi.site\/?p=1036619"},"modified":"2026-03-04T17:57:54","modified_gmt":"2026-03-04T14:57:54","slug":"basbakan-mesrur-barzani-ile-hakan-fidan-gorustu-gundem-bolgesel-istikrar","status":"publish","type":"post","link":"https:\/\/darkamazi.site\/archives\/1036619","title":{"rendered":"Ba\u015fbakan Mesrur Barzani ile Hakan Fidan g\u00f6r\u00fc\u015ft\u00fc: G\u00fcndem b\u00f6lgesel istikrar"},"content":{"rendered":"<p style=\"text-align: justify\">K\u00fcrdistan B\u00f6lgesi Ba\u015fbakan\u0131 Mesrur Barzani, T\u00fcrkiye D\u0131\u015fi\u015fleri Bakan\u0131 Hakan Fidan ile bir telefon g\u00f6r\u00fc\u015fmesi ger\u00e7ekle\u015ftirdi. G\u00f6r\u00fc\u015fmede, Ortado\u011fu\u2019da t\u0131rmanan sava\u015f ve b\u00f6lgedeki genel g\u00fcvenlik durumu ele al\u0131nd\u0131.<\/p>\n<p style=\"text-align: justify\">Ba\u015fbakanl\u0131ktan yap\u0131lan a\u00e7\u0131klamaya g\u00f6re, Ba\u015fbakan Mesrur Barzani, bug\u00fcn T\u00fcrkiye D\u0131\u015fi\u015fleri Bakan\u0131 Hakan Fidan ile bir telefon g\u00f6r\u00fc\u015fmesi yapt\u0131.<\/p>\n<p style=\"text-align: justify\">G\u00f6r\u00fc\u015fmede, Irak ve K\u00fcrdistan B\u00f6lgesi\u2019ndeki son geli\u015fmelerin yan\u0131 s\u0131ra b\u00f6lgeyi sarsan askeri gerilim ve sava\u015f\u0131n yaratt\u0131\u011f\u0131 riskler masaya yat\u0131r\u0131ld\u0131.<\/p>\n<p style=\"text-align: justify\">Her iki taraf da b\u00f6lgede bar\u0131\u015f, huzur ve istikrar\u0131n korunmas\u0131n\u0131n hayati \u00f6nem ta\u015f\u0131d\u0131\u011f\u0131 konusunda fikir birli\u011fine vard\u0131.<\/p>\n","protected":false},"excerpt":{"rendered":"<p>K\u00fcrdistan B\u00f6lgesi Ba\u015fbakan\u0131 Mesrur Barzani, T\u00fcrkiye D\u0131\u015fi\u015fleri Bakan\u0131 Hakan Fidan ile bir telefon g\u00f6r\u00fc\u015fmesi ger\u00e7ekle\u015ftirdi. G\u00f6r\u00fc\u015fmede, Ortado\u011fu\u2019da t\u0131rmanan sava\u015f ve b\u00f6lgedeki genel g\u00fcvenlik durumu ele al\u0131nd\u0131. Ba\u015fbakanl\u0131ktan yap\u0131lan a\u00e7\u0131klamaya g\u00f6re, Ba\u015fbakan Mesrur Barzani, bug\u00fcn T\u00fcrkiye D\u0131\u015fi\u015fleri Bakan\u0131 Hakan Fidan ile bir telefon g\u00f6r\u00fc\u015fmesi yapt\u0131. G\u00f6r\u00fc\u015fmede, Irak ve K\u00fcrdistan B\u00f6lgesi\u2019ndeki son geli\u015fmelerin yan\u0131 s\u0131ra b\u00f6lgeyi sarsan [&hellip;]<\/p>\n","protected":false},"author":2,"featured_media":1036620,"comment_status":"closed","ping_status":"closed","sticky":false,"template":"","format":"standard","meta":{"footnotes":""},"categories":[3],"tags":[31],"class_list":["post-1036619","post","type-post","status-publish","format-standard","has-post-thumbnail","hentry","category-kurdistan","tag-onemli"],"blocksy_meta":[],"seo_head":"<!-- This site is optimized with the Yoast SEO plugin v27.5 - https:\/\/yoast.com\/product\/yoast-seo-wordpress\/ -->\n<title>Ba\u015fbakan Mesrur Barzani ile Hakan Fidan g\u00f6r\u00fc\u015ft\u00fc: G\u00fcndem b\u00f6lgesel istikrar - Darka Mazi<\/title>\n<meta name=\"robots\" content=\"index, follow, max-snippet:-1, max-image-preview:large, max-video-preview:-1\" \/>\n<link rel=\"canonical\" href=\"https:\/\/darkamazi.site\/archives\/1036619\" \/>\n<meta property=\"og:locale\" content=\"en_US\" \/>\n<meta property=\"og:type\" content=\"article\" \/>\n<meta property=\"og:title\" content=\"Ba\u015fbakan Mesrur Barzani ile Hakan Fidan g\u00f6r\u00fc\u015ft\u00fc: G\u00fcndem b\u00f6lgesel istikrar - Darka Mazi\" \/>\n<meta property=\"og:description\" content=\"K\u00fcrdistan B\u00f6lgesi Ba\u015fbakan\u0131 Mesrur Barzani, T\u00fcrkiye D\u0131\u015fi\u015fleri Bakan\u0131 Hakan Fidan ile bir telefon g\u00f6r\u00fc\u015fmesi ger\u00e7ekle\u015ftirdi. G\u00f6r\u00fc\u015fmede, Ortado\u011fu\u2019da t\u0131rmanan sava\u015f ve b\u00f6lgedeki genel g\u00fcvenlik durumu ele al\u0131nd\u0131. Ba\u015fbakanl\u0131ktan yap\u0131lan a\u00e7\u0131klamaya g\u00f6re, Ba\u015fbakan Mesrur Barzani, bug\u00fcn T\u00fcrkiye D\u0131\u015fi\u015fleri Bakan\u0131 Hakan Fidan ile bir telefon g\u00f6r\u00fc\u015fmesi yapt\u0131. G\u00f6r\u00fc\u015fmede, Irak ve K\u00fcrdistan B\u00f6lgesi\u2019ndeki son geli\u015fmelerin yan\u0131 s\u0131ra b\u00f6lgeyi sarsan [&hellip;]\" \/>\n<meta property=\"og:url\" content=\"https:\/\/darkamazi.site\/archives\/1036619\" \/>\n<meta property=\"og:site_name\" content=\"Darka Mazi\" \/>\n<meta property=\"article:publisher\" content=\"https:\/\/www.facebook.com\/DarkaMaziturkce\" \/>\n<meta property=\"article:published_time\" content=\"2026-03-04T14:57:54+00:00\" \/>\n<meta property=\"og:image\" content=\"https:\/\/darkamazi.site\/file\/2026\/03\/PM-Serok-and-fidan.jpeg\" \/>\n\t<meta property=\"og:image:width\" content=\"900\" \/>\n\t<meta property=\"og:image:height\" content=\"500\" \/>\n\t<meta property=\"og:image:type\" content=\"image\/jpeg\" \/>\n<meta name=\"author\" content=\"darka mazi\" \/>\n<meta name=\"twitter:card\" content=\"summary_large_image\" \/>\n<meta name=\"twitter:creator\" content=\"@DarkaMaziTurkce\" \/>\n<meta name=\"twitter:site\" content=\"@DarkaMaziTurkce\" \/>\n<meta name=\"twitter:label1\" content=\"Written by\" \/>\n\t<meta name=\"twitter:data1\" content=\"darka mazi\" \/>\n\t<meta name=\"twitter:label2\" content=\"Est. reading time\" \/>\n\t<meta name=\"twitter:data2\" content=\"1 minute\" \/>\n<script type=\"application\/ld+json\" class=\"seo-schema-graph\">{\"@context\":\"https:\\\/\\\/schema.org\",\"@graph\":[{\"@type\":\"NewsArticle\",\"@id\":\"https:\\\/\\\/darkamazi.site\\\/archives\\\/1036619#article\",\"isPartOf\":{\"@id\":\"https:\\\/\\\/darkamazi.site\\\/archives\\\/1036619\"},\"author\":{\"name\":\"darka mazi\",\"@id\":\"https:\\\/\\\/darkamazi.site\\\/#\\\/schema\\\/person\\\/67986a95ac546c16760365877ef4a9d3\"},\"headline\":\"Ba\u015fbakan Mesrur Barzani ile Hakan Fidan g\u00f6r\u00fc\u015ft\u00fc: G\u00fcndem b\u00f6lgesel istikrar\",\"datePublished\":\"2026-03-04T14:57:54+00:00\",\"mainEntityOfPage\":{\"@id\":\"https:\\\/\\\/darkamazi.site\\\/archives\\\/1036619\"},\"wordCount\":142,\"publisher\":{\"@id\":\"https:\\\/\\\/darkamazi.site\\\/#organization\"},\"image\":{\"@id\":\"https:\\\/\\\/darkamazi.site\\\/archives\\\/1036619#primaryimage\"},\"thumbnailUrl\":\"https:\\\/\\\/darkamazi.site\\\/darka-content\\\/uploads\\\/2026\\\/03\\\/PM-Serok-and-fidan.jpeg\",\"keywords\":[\"\u00f6nemli\"],\"articleSection\":[\"Kurdistan\"],\"inLanguage\":\"en-US\"},{\"@type\":\"WebPage\",\"@id\":\"https:\\\/\\\/darkamazi.site\\\/archives\\\/1036619\",\"url\":\"https:\\\/\\\/darkamazi.site\\\/archives\\\/1036619\",\"name\":\"Ba\u015fbakan Mesrur Barzani ile Hakan Fidan g\u00f6r\u00fc\u015ft\u00fc: G\u00fcndem b\u00f6lgesel istikrar - Darka Mazi\",\"isPartOf\":{\"@id\":\"https:\\\/\\\/darkamazi.site\\\/#website\"},\"primaryImageOfPage\":{\"@id\":\"https:\\\/\\\/darkamazi.site\\\/archives\\\/1036619#primaryimage\"},\"image\":{\"@id\":\"https:\\\/\\\/darkamazi.site\\\/archives\\\/1036619#primaryimage\"},\"thumbnailUrl\":\"https:\\\/\\\/darkamazi.site\\\/darka-content\\\/uploads\\\/2026\\\/03\\\/PM-Serok-and-fidan.jpeg\",\"datePublished\":\"2026-03-04T14:57:54+00:00\",\"breadcrumb\":{\"@id\":\"https:\\\/\\\/darkamazi.site\\\/archives\\\/1036619#breadcrumb\"},\"inLanguage\":\"en-US\",\"potentialAction\":[{\"@type\":\"ReadAction\",\"target\":[\"https:\\\/\\\/darkamazi.site\\\/archives\\\/1036619\"]}]},{\"@type\":\"ImageObject\",\"inLanguage\":\"en-US\",\"@id\":\"https:\\\/\\\/darkamazi.site\\\/archives\\\/1036619#primaryimage\",\"url\":\"https:\\\/\\\/darkamazi.site\\\/darka-content\\\/uploads\\\/2026\\\/03\\\/PM-Serok-and-fidan.jpeg\",\"contentUrl\":\"https:\\\/\\\/darkamazi.site\\\/darka-content\\\/uploads\\\/2026\\\/03\\\/PM-Serok-and-fidan.jpeg\",\"width\":900,\"height\":500,\"caption\":\"Ba\u015fbakan Mesrur Barzani ile Hakan Fidan g\u00f6r\u00fc\u015ft\u00fc: G\u00fcndem b\u00f6lgesel istikrar\"},{\"@type\":\"BreadcrumbList\",\"@id\":\"https:\\\/\\\/darkamazi.site\\\/archives\\\/1036619#breadcrumb\",\"itemListElement\":[{\"@type\":\"ListItem\",\"position\":1,\"name\":\"Home\",\"item\":\"https:\\\/\\\/darkamazi.site\\\/\"},{\"@type\":\"ListItem\",\"position\":2,\"name\":\"Ba\u015fbakan Mesrur Barzani ile Hakan Fidan g\u00f6r\u00fc\u015ft\u00fc: G\u00fcndem b\u00f6lgesel istikrar\"}]},{\"@type\":\"WebSite\",\"@id\":\"https:\\\/\\\/darkamazi.site\\\/#website\",\"url\":\"https:\\\/\\\/darkamazi.site\\\/\",\"name\":\"Darka Mazi\",\"description\":\"Ana Sayfa\",\"publisher\":{\"@id\":\"https:\\\/\\\/darkamazi.site\\\/#organization\"},\"potentialAction\":[{\"@type\":\"SearchAction\",\"target\":{\"@type\":\"EntryPoint\",\"urlTemplate\":\"https:\\\/\\\/darkamazi.site\\\/?s={search_term_string}\"},\"query-input\":{\"@type\":\"PropertyValueSpecification\",\"valueRequired\":true,\"valueName\":\"search_term_string\"}}],\"inLanguage\":\"en-US\"},{\"@type\":\"Organization\",\"@id\":\"https:\\\/\\\/darkamazi.site\\\/#organization\",\"name\":\"Darka Mazi T\u00fcrk\u00e7e\",\"alternateName\":\"Darka Mazi\",\"url\":\"https:\\\/\\\/darkamazi.site\\\/\",\"logo\":{\"@type\":\"ImageObject\",\"inLanguage\":\"en-US\",\"@id\":\"https:\\\/\\\/darkamazi.site\\\/#\\\/schema\\\/logo\\\/image\\\/\",\"url\":\"https:\\\/\\\/darkamazi.site\\\/darka-content\\\/uploads\\\/2017\\\/12\\\/darka-mazi-logo.png\",\"contentUrl\":\"https:\\\/\\\/darkamazi.site\\\/darka-content\\\/uploads\\\/2017\\\/12\\\/darka-mazi-logo.png\",\"width\":151,\"height\":75,\"caption\":\"Darka Mazi T\u00fcrk\u00e7e\"},\"image\":{\"@id\":\"https:\\\/\\\/darkamazi.site\\\/#\\\/schema\\\/logo\\\/image\\\/\"},\"sameAs\":[\"https:\\\/\\\/www.facebook.com\\\/DarkaMaziturkce\",\"https:\\\/\\\/x.com\\\/DarkaMaziTurkce\"]},{\"@type\":\"Person\",\"@id\":\"https:\\\/\\\/darkamazi.site\\\/#\\\/schema\\\/person\\\/67986a95ac546c16760365877ef4a9d3\",\"name\":\"darka mazi\",\"sameAs\":[\"https:\\\/\\\/darkamazi.site\"],\"url\":\"https:\\\/\\\/darkamazi.site\\\/archives\\\/author\\\/turkish\"}]}<\/script>\n<!-- \/ Yoast SEO plugin. -->","seo_head_json":{"title":"Ba\u015fbakan Mesrur Barzani ile Hakan Fidan g\u00f6r\u00fc\u015ft\u00fc: G\u00fcndem b\u00f6lgesel istikrar - Darka Mazi","robots":{"index":"index","follow":"follow","max-snippet":"max-snippet:-1","max-image-preview":"max-image-preview:large","max-video-preview":"max-video-preview:-1"},"canonical":"https:\/\/darkamazi.site\/archives\/1036619","og_locale":"en_US","og_type":"article","og_title":"Ba\u015fbakan Mesrur Barzani ile Hakan Fidan g\u00f6r\u00fc\u015ft\u00fc: G\u00fcndem b\u00f6lgesel istikrar - Darka Mazi","og_description":"K\u00fcrdistan B\u00f6lgesi Ba\u015fbakan\u0131 Mesrur Barzani, T\u00fcrkiye D\u0131\u015fi\u015fleri Bakan\u0131 Hakan Fidan ile bir telefon g\u00f6r\u00fc\u015fmesi ger\u00e7ekle\u015ftirdi. G\u00f6r\u00fc\u015fmede, Ortado\u011fu\u2019da t\u0131rmanan sava\u015f ve b\u00f6lgedeki genel g\u00fcvenlik durumu ele al\u0131nd\u0131. Ba\u015fbakanl\u0131ktan yap\u0131lan a\u00e7\u0131klamaya g\u00f6re, Ba\u015fbakan Mesrur Barzani, bug\u00fcn T\u00fcrkiye D\u0131\u015fi\u015fleri Bakan\u0131 Hakan Fidan ile bir telefon g\u00f6r\u00fc\u015fmesi yapt\u0131. G\u00f6r\u00fc\u015fmede, Irak ve K\u00fcrdistan B\u00f6lgesi\u2019ndeki son geli\u015fmelerin yan\u0131 s\u0131ra b\u00f6lgeyi sarsan [&hellip;]","og_url":"https:\/\/darkamazi.site\/archives\/1036619","og_site_name":"Darka Mazi","article_publisher":"https:\/\/www.facebook.com\/DarkaMaziturkce","article_published_time":"2026-03-04T14:57:54+00:00","og_image":[{"width":900,"height":500,"url":"https:\/\/darkamazi.site\/file\/2026\/03\/PM-Serok-and-fidan.jpeg","type":"image\/jpeg"}],"author":"darka mazi","twitter_card":"summary_large_image","twitter_creator":"@DarkaMaziTurkce","twitter_site":"@DarkaMaziTurkce","twitter_misc":{"Written by":"darka mazi","Est. reading time":"1 minute"},"schema":{"@context":"https:\/\/schema.org","@graph":[{"@type":"NewsArticle","@id":"https:\/\/darkamazi.site\/archives\/1036619#article","isPartOf":{"@id":"https:\/\/darkamazi.site\/archives\/1036619"},"author":{"name":"darka mazi","@id":"https:\/\/darkamazi.site\/#\/schema\/person\/67986a95ac546c16760365877ef4a9d3"},"headline":"Ba\u015fbakan Mesrur Barzani ile Hakan Fidan g\u00f6r\u00fc\u015ft\u00fc: G\u00fcndem b\u00f6lgesel istikrar","datePublished":"2026-03-04T14:57:54+00:00","mainEntityOfPage":{"@id":"https:\/\/darkamazi.site\/archives\/1036619"},"wordCount":142,"publisher":{"@id":"https:\/\/darkamazi.site\/#organization"},"image":{"@id":"https:\/\/darkamazi.site\/archives\/1036619#primaryimage"},"thumbnailUrl":"https:\/\/darkamazi.site\/file\/2026\/03\/PM-Serok-and-fidan.jpeg","keywords":["\u00f6nemli"],"articleSection":["Kurdistan"],"inLanguage":"en-US"},{"@type":"WebPage","@id":"https:\/\/darkamazi.site\/archives\/1036619","url":"https:\/\/darkamazi.site\/archives\/1036619","name":"Ba\u015fbakan Mesrur Barzani ile Hakan Fidan g\u00f6r\u00fc\u015ft\u00fc: G\u00fcndem b\u00f6lgesel istikrar - Darka Mazi","isPartOf":{"@id":"https:\/\/darkamazi.site\/#website"},"primaryImageOfPage":{"@id":"https:\/\/darkamazi.site\/archives\/1036619#primaryimage"},"image":{"@id":"https:\/\/darkamazi.site\/archives\/1036619#primaryimage"},"thumbnailUrl":"https:\/\/darkamazi.site\/file\/2026\/03\/PM-Serok-and-fidan.jpeg","datePublished":"2026-03-04T14:57:54+00:00","breadcrumb":{"@id":"https:\/\/darkamazi.site\/archives\/1036619#breadcrumb"},"inLanguage":"en-US","potentialAction":[{"@type":"ReadAction","target":["https:\/\/darkamazi.site\/archives\/1036619"]}]},{"@type":"ImageObject","inLanguage":"en-US","@id":"https:\/\/darkamazi.site\/archives\/1036619#primaryimage","url":"https:\/\/darkamazi.site\/file\/2026\/03\/PM-Serok-and-fidan.jpeg","contentUrl":"https:\/\/darkamazi.site\/file\/2026\/03\/PM-Serok-and-fidan.jpeg","width":900,"height":500,"caption":"Ba\u015fbakan Mesrur Barzani ile Hakan Fidan g\u00f6r\u00fc\u015ft\u00fc: G\u00fcndem b\u00f6lgesel istikrar"},{"@type":"BreadcrumbList","@id":"https:\/\/darkamazi.site\/archives\/1036619#breadcrumb","itemListElement":[{"@type":"ListItem","position":1,"name":"Home","item":"https:\/\/darkamazi.site\/"},{"@type":"ListItem","position":2,"name":"Ba\u015fbakan Mesrur Barzani ile Hakan Fidan g\u00f6r\u00fc\u015ft\u00fc: G\u00fcndem b\u00f6lgesel istikrar"}]},{"@type":"WebSite","@id":"https:\/\/darkamazi.site\/#website","url":"https:\/\/darkamazi.site\/","name":"Darka Mazi","description":"Ana Sayfa","publisher":{"@id":"https:\/\/darkamazi.site\/#organization"},"potentialAction":[{"@type":"SearchAction","target":{"@type":"EntryPoint","urlTemplate":"https:\/\/darkamazi.site\/?s={search_term_string}"},"query-input":{"@type":"PropertyValueSpecification","valueRequired":true,"valueName":"search_term_string"}}],"inLanguage":"en-US"},{"@type":"Organization","@id":"https:\/\/darkamazi.site\/#organization","name":"Darka Mazi T\u00fcrk\u00e7e","alternateName":"Darka Mazi","url":"https:\/\/darkamazi.site\/","logo":{"@type":"ImageObject","inLanguage":"en-US","@id":"https:\/\/darkamazi.site\/#\/schema\/logo\/image\/","url":"https:\/\/darkamazi.site\/file\/2017\/12\/darka-mazi-logo.png","contentUrl":"https:\/\/darkamazi.site\/file\/2017\/12\/darka-mazi-logo.png","width":151,"height":75,"caption":"Darka Mazi T\u00fcrk\u00e7e"},"image":{"@id":"https:\/\/darkamazi.site\/#\/schema\/logo\/image\/"},"sameAs":["https:\/\/www.facebook.com\/DarkaMaziturkce","https:\/\/x.com\/DarkaMaziTurkce"]},{"@type":"Person","@id":"https:\/\/darkamazi.site\/#\/schema\/person\/67986a95ac546c16760365877ef4a9d3","name":"darka mazi","sameAs":["https:\/\/darkamazi.site"],"url":"https:\/\/darkamazi.site\/archives\/author\/turkish"}]}},"_links":{"self":[{"href":"https:\/\/darkamazi.site\/funavuv\/wp\/v2\/posts\/1036619","targetHints":{"allow":["GET"]}}],"collection":[{"href":"https:\/\/darkamazi.site\/funavuv\/wp\/v2\/posts"}],"about":[{"href":"https:\/\/darkamazi.site\/funavuv\/wp\/v2\/types\/post"}],"author":[{"embeddable":true,"href":"https:\/\/darkamazi.site\/funavuv\/wp\/v2\/users\/2"}],"replies":[{"embeddable":true,"href":"https:\/\/darkamazi.site\/funavuv\/wp\/v2\/comments?post=1036619"}],"version-history":[{"count":0,"href":"https:\/\/darkamazi.site\/funavuv\/wp\/v2\/posts\/1036619\/revisions"}],"wp:featuredmedia":[{"embeddable":true,"href":"https:\/\/darkamazi.site\/funavuv\/wp\/v2\/media\/1036620"}],"wp:attachment":[{"href":"https:\/\/darkamazi.site\/funavuv\/wp\/v2\/media?parent=1036619"}],"wp:term":[{"taxonomy":"category","embeddable":true,"href":"https:\/\/darkamazi.site\/funavuv\/wp\/v2\/categories?post=1036619"},{"taxonomy":"post_tag","embeddable":true,"href":"https:\/\/darkamazi.site\/funavuv\/wp\/v2\/tags?post=1036619"}],"curies":[{"name":"wp","href":"https:\/\/api.w.org\/{rel}","templated":true}]}}