{"id":1036624,"date":"2026-03-04T19:59:52","date_gmt":"2026-03-04T16:59:52","guid":{"rendered":"https:\/\/darkamazi.site\/?p=1036624"},"modified":"2026-03-04T19:59:52","modified_gmt":"2026-03-04T16:59:52","slug":"iran-saldirilarinda-bir-pesmerge-sehit-dustu-3-pesmerge-yaralandi","status":"publish","type":"post","link":"https:\/\/darkamazi.site\/archives\/1036624","title":{"rendered":"\u0130ran sald\u0131r\u0131lar\u0131nda bir Pe\u015fmerge \u015fehit d\u00fc\u015ft\u00fc, 3 Pe\u015fmerge yaraland\u0131"},"content":{"rendered":"<p style=\"text-align: justify\">\u0130ran ordusuna ait sava\u015f u\u00e7aklar\u0131 ve \u0130HA\u2019lar, K\u00fcrdistan B\u00f6lgesi s\u0131n\u0131rlar\u0131 i\u00e7erisindeki Rojh\u0131latl\u0131 partilerin karargahlar\u0131n\u0131 hedef ald\u0131. Erbil yak\u0131nlar\u0131ndaki K\u00fcrdistan \u00d6zg\u00fcrl\u00fck Partisi (PAK) karargah\u0131na d\u00fczenlenen f\u00fcze sald\u0131r\u0131s\u0131nda bir Pe\u015fmerge hayat\u0131n\u0131 kaybetti, \u00fc\u00e7 Pe\u015fmerge ise yaraland\u0131.<\/p>\n<p style=\"text-align: justify\">Bug\u00fcn sabah saatlerinde Erbil\u2019in D\u00eagele b\u00f6lgesi yak\u0131nlar\u0131nda bulunan PAK karargah\u0131 iki f\u00fcze ile vuruldu.<\/p>\n<p style=\"text-align: justify\">Sald\u0131r\u0131ya ili\u015fkin R\u00fbdaw\u2019a a\u00e7\u0131klamalarda bulunan PAK Y\u00fcr\u00fctme Kurulu \u00dcyesi ve D\u0131\u015f \u0130li\u015fkiler Sorumlusu Edib Xalidiyan, zayiat hakk\u0131nda bilgi verdi.<\/p>\n<p style=\"text-align: justify\">Xalidiyan, \u201cKarargah\u0131m\u0131za y\u00f6nelik d\u00fczenlenen f\u00fcze sald\u0131r\u0131s\u0131 sonucunda, aslen Saq\u0131zl\u0131 olan ve bir \u00e7ocuk babas\u0131 Pe\u015fmergemiz Celal Re\u015fidi \u015fehit d\u00fc\u015fm\u00fc\u015ft\u00fcr. Ayr\u0131ca \u00fc\u00e7 arkada\u015f\u0131m\u0131z da sald\u0131r\u0131da yaralanm\u0131\u015ft\u0131r\u201d dedi.<\/p>\n<p style=\"text-align: justify\"><strong>Devrim Muhaf\u0131zlar\u0131: 30 \u0130HA ile vurduk<\/strong><\/p>\n<p style=\"text-align: justify\">\u0130ran Devrim Muhaf\u0131zlar\u0131 Ordusu, sald\u0131r\u0131lar\u0131n ard\u0131ndan yay\u0131mlad\u0131\u011f\u0131 resmi bildiride, K\u00fcrdistan B\u00f6lgesi\u2019ndeki muhalif gruplara y\u00f6nelik geni\u015f \u00e7apl\u0131 bir operasyon y\u00fcr\u00fctt\u00fcklerini duyurdu.<\/p>\n<p style=\"text-align: justify\">Bildiride, \u201c\u0130ran kar\u015f\u0131t\u0131 devrimci gruplar\u0131n K\u00fcrdistan B\u00f6lgesi\u2019ndeki \u00fcslerini 30 adet insans\u0131z hava arac\u0131 (\u0130HA) ile hedef ald\u0131k. Bu istihbari operasyon, s\u00f6z konusu gruplar\u0131n s\u0131n\u0131r hatt\u0131ndan i\u00e7eri s\u0131zma ve sabotaj planlar\u0131n\u0131 engellemek amac\u0131yla yap\u0131lm\u0131\u015ft\u0131r\u201d ifadelerine yer verildi.<\/p>\n<p style=\"text-align: justify\"><strong>Koye\u2019deki \u0130-KDP \u00fcsleri de hedefte<\/strong><\/p>\n<p style=\"text-align: justify\">\u0130ran\u2019\u0131n sald\u0131r\u0131lar\u0131 sadece Erbil ile s\u0131n\u0131rl\u0131 kalmad\u0131. Sal\u0131 g\u00fcn\u00fc sabah ve \u00f6\u011fle saatlerinde Koya il\u00e7esinde bulunan \u0130ran K\u00fcrdistan\u0131 Demokrat Partisi (\u0130-KDP) karargahlar\u0131 da kamikaze \u0130HA\u2019lar ile hedef al\u0131nm\u0131\u015ft\u0131.<\/p>\n<p style=\"text-align: justify\">Koye Kaymakam\u0131 Tar\u0131k Haydari, \u0130-KDP \u00fcslerine y\u00f6nelik d\u00fczenlenen sald\u0131r\u0131larda bir ki\u015finin hafif \u015fekilde yaraland\u0131\u011f\u0131n\u0131 ve b\u00f6lgede maddi hasar meydana geldi\u011fini do\u011frulam\u0131\u015ft\u0131.<\/p>\n<p style=\"text-align: justify\">\n","protected":false},"excerpt":{"rendered":"<p>\u0130ran ordusuna ait sava\u015f u\u00e7aklar\u0131 ve \u0130HA\u2019lar, K\u00fcrdistan B\u00f6lgesi s\u0131n\u0131rlar\u0131 i\u00e7erisindeki Rojh\u0131latl\u0131 partilerin karargahlar\u0131n\u0131 hedef ald\u0131. Erbil yak\u0131nlar\u0131ndaki K\u00fcrdistan \u00d6zg\u00fcrl\u00fck Partisi (PAK) karargah\u0131na d\u00fczenlenen f\u00fcze sald\u0131r\u0131s\u0131nda bir Pe\u015fmerge hayat\u0131n\u0131 kaybetti, \u00fc\u00e7 Pe\u015fmerge ise yaraland\u0131. Bug\u00fcn sabah saatlerinde Erbil\u2019in D\u00eagele b\u00f6lgesi yak\u0131nlar\u0131nda bulunan PAK karargah\u0131 iki f\u00fcze ile vuruldu. Sald\u0131r\u0131ya ili\u015fkin R\u00fbdaw\u2019a a\u00e7\u0131klamalarda bulunan PAK Y\u00fcr\u00fctme [&hellip;]<\/p>\n","protected":false},"author":2,"featured_media":1036625,"comment_status":"closed","ping_status":"closed","sticky":false,"template":"","format":"standard","meta":{"footnotes":""},"categories":[3],"tags":[31],"class_list":["post-1036624","post","type-post","status-publish","format-standard","has-post-thumbnail","hentry","category-kurdistan","tag-onemli"],"blocksy_meta":[],"seo_head":"<!-- This site is optimized with the Yoast SEO plugin v27.5 - https:\/\/yoast.com\/product\/yoast-seo-wordpress\/ -->\n<title>\u0130ran sald\u0131r\u0131lar\u0131nda bir Pe\u015fmerge \u015fehit d\u00fc\u015ft\u00fc, 3 Pe\u015fmerge yaraland\u0131 - Darka Mazi<\/title>\n<meta name=\"robots\" content=\"index, follow, max-snippet:-1, max-image-preview:large, max-video-preview:-1\" \/>\n<link rel=\"canonical\" href=\"https:\/\/darkamazi.site\/archives\/1036624\" \/>\n<meta property=\"og:locale\" content=\"en_US\" \/>\n<meta property=\"og:type\" content=\"article\" \/>\n<meta property=\"og:title\" content=\"\u0130ran sald\u0131r\u0131lar\u0131nda bir Pe\u015fmerge \u015fehit d\u00fc\u015ft\u00fc, 3 Pe\u015fmerge yaraland\u0131 - Darka Mazi\" \/>\n<meta property=\"og:description\" content=\"\u0130ran ordusuna ait sava\u015f u\u00e7aklar\u0131 ve \u0130HA\u2019lar, K\u00fcrdistan B\u00f6lgesi s\u0131n\u0131rlar\u0131 i\u00e7erisindeki Rojh\u0131latl\u0131 partilerin karargahlar\u0131n\u0131 hedef ald\u0131. Erbil yak\u0131nlar\u0131ndaki K\u00fcrdistan \u00d6zg\u00fcrl\u00fck Partisi (PAK) karargah\u0131na d\u00fczenlenen f\u00fcze sald\u0131r\u0131s\u0131nda bir Pe\u015fmerge hayat\u0131n\u0131 kaybetti, \u00fc\u00e7 Pe\u015fmerge ise yaraland\u0131. Bug\u00fcn sabah saatlerinde Erbil\u2019in D\u00eagele b\u00f6lgesi yak\u0131nlar\u0131nda bulunan PAK karargah\u0131 iki f\u00fcze ile vuruldu. Sald\u0131r\u0131ya ili\u015fkin R\u00fbdaw\u2019a a\u00e7\u0131klamalarda bulunan PAK Y\u00fcr\u00fctme [&hellip;]\" \/>\n<meta property=\"og:url\" content=\"https:\/\/darkamazi.site\/archives\/1036624\" \/>\n<meta property=\"og:site_name\" content=\"Darka Mazi\" \/>\n<meta property=\"article:publisher\" content=\"https:\/\/www.facebook.com\/DarkaMaziturkce\" \/>\n<meta property=\"article:published_time\" content=\"2026-03-04T16:59:52+00:00\" \/>\n<meta property=\"og:image\" content=\"https:\/\/darkamazi.site\/file\/2026\/03\/Pesmerge-sehit.jpeg\" \/>\n\t<meta property=\"og:image:width\" content=\"680\" \/>\n\t<meta property=\"og:image:height\" content=\"378\" \/>\n\t<meta property=\"og:image:type\" content=\"image\/jpeg\" \/>\n<meta name=\"author\" content=\"darka mazi\" \/>\n<meta name=\"twitter:card\" content=\"summary_large_image\" \/>\n<meta name=\"twitter:creator\" content=\"@DarkaMaziTurkce\" \/>\n<meta name=\"twitter:site\" content=\"@DarkaMaziTurkce\" \/>\n<meta name=\"twitter:label1\" content=\"Written by\" \/>\n\t<meta name=\"twitter:data1\" content=\"darka mazi\" \/>\n\t<meta name=\"twitter:label2\" content=\"Est. reading time\" \/>\n\t<meta name=\"twitter:data2\" content=\"2 minutes\" \/>\n<script type=\"application\/ld+json\" class=\"seo-schema-graph\">{\"@context\":\"https:\\\/\\\/schema.org\",\"@graph\":[{\"@type\":\"NewsArticle\",\"@id\":\"https:\\\/\\\/darkamazi.site\\\/archives\\\/1036624#article\",\"isPartOf\":{\"@id\":\"https:\\\/\\\/darkamazi.site\\\/archives\\\/1036624\"},\"author\":{\"name\":\"darka mazi\",\"@id\":\"https:\\\/\\\/darkamazi.site\\\/#\\\/schema\\\/person\\\/67986a95ac546c16760365877ef4a9d3\"},\"headline\":\"\u0130ran sald\u0131r\u0131lar\u0131nda bir Pe\u015fmerge \u015fehit d\u00fc\u015ft\u00fc, 3 Pe\u015fmerge yaraland\u0131\",\"datePublished\":\"2026-03-04T16:59:52+00:00\",\"mainEntityOfPage\":{\"@id\":\"https:\\\/\\\/darkamazi.site\\\/archives\\\/1036624\"},\"wordCount\":335,\"publisher\":{\"@id\":\"https:\\\/\\\/darkamazi.site\\\/#organization\"},\"image\":{\"@id\":\"https:\\\/\\\/darkamazi.site\\\/archives\\\/1036624#primaryimage\"},\"thumbnailUrl\":\"https:\\\/\\\/darkamazi.site\\\/darka-content\\\/uploads\\\/2026\\\/03\\\/Pesmerge-sehit.jpeg\",\"keywords\":[\"\u00f6nemli\"],\"articleSection\":[\"Kurdistan\"],\"inLanguage\":\"en-US\"},{\"@type\":\"WebPage\",\"@id\":\"https:\\\/\\\/darkamazi.site\\\/archives\\\/1036624\",\"url\":\"https:\\\/\\\/darkamazi.site\\\/archives\\\/1036624\",\"name\":\"\u0130ran sald\u0131r\u0131lar\u0131nda bir Pe\u015fmerge \u015fehit d\u00fc\u015ft\u00fc, 3 Pe\u015fmerge yaraland\u0131 - Darka Mazi\",\"isPartOf\":{\"@id\":\"https:\\\/\\\/darkamazi.site\\\/#website\"},\"primaryImageOfPage\":{\"@id\":\"https:\\\/\\\/darkamazi.site\\\/archives\\\/1036624#primaryimage\"},\"image\":{\"@id\":\"https:\\\/\\\/darkamazi.site\\\/archives\\\/1036624#primaryimage\"},\"thumbnailUrl\":\"https:\\\/\\\/darkamazi.site\\\/darka-content\\\/uploads\\\/2026\\\/03\\\/Pesmerge-sehit.jpeg\",\"datePublished\":\"2026-03-04T16:59:52+00:00\",\"breadcrumb\":{\"@id\":\"https:\\\/\\\/darkamazi.site\\\/archives\\\/1036624#breadcrumb\"},\"inLanguage\":\"en-US\",\"potentialAction\":[{\"@type\":\"ReadAction\",\"target\":[\"https:\\\/\\\/darkamazi.site\\\/archives\\\/1036624\"]}]},{\"@type\":\"ImageObject\",\"inLanguage\":\"en-US\",\"@id\":\"https:\\\/\\\/darkamazi.site\\\/archives\\\/1036624#primaryimage\",\"url\":\"https:\\\/\\\/darkamazi.site\\\/darka-content\\\/uploads\\\/2026\\\/03\\\/Pesmerge-sehit.jpeg\",\"contentUrl\":\"https:\\\/\\\/darkamazi.site\\\/darka-content\\\/uploads\\\/2026\\\/03\\\/Pesmerge-sehit.jpeg\",\"width\":680,\"height\":378,\"caption\":\"\u0130ran sald\u0131r\u0131lar\u0131nda bir Pe\u015fmerge \u015fehit d\u00fc\u015ft\u00fc, 3 Pe\u015fmerge yaraland\u0131\"},{\"@type\":\"BreadcrumbList\",\"@id\":\"https:\\\/\\\/darkamazi.site\\\/archives\\\/1036624#breadcrumb\",\"itemListElement\":[{\"@type\":\"ListItem\",\"position\":1,\"name\":\"Home\",\"item\":\"https:\\\/\\\/darkamazi.site\\\/\"},{\"@type\":\"ListItem\",\"position\":2,\"name\":\"\u0130ran sald\u0131r\u0131lar\u0131nda bir Pe\u015fmerge \u015fehit d\u00fc\u015ft\u00fc, 3 Pe\u015fmerge yaraland\u0131\"}]},{\"@type\":\"WebSite\",\"@id\":\"https:\\\/\\\/darkamazi.site\\\/#website\",\"url\":\"https:\\\/\\\/darkamazi.site\\\/\",\"name\":\"Darka Mazi\",\"description\":\"Ana Sayfa\",\"publisher\":{\"@id\":\"https:\\\/\\\/darkamazi.site\\\/#organization\"},\"potentialAction\":[{\"@type\":\"SearchAction\",\"target\":{\"@type\":\"EntryPoint\",\"urlTemplate\":\"https:\\\/\\\/darkamazi.site\\\/?s={search_term_string}\"},\"query-input\":{\"@type\":\"PropertyValueSpecification\",\"valueRequired\":true,\"valueName\":\"search_term_string\"}}],\"inLanguage\":\"en-US\"},{\"@type\":\"Organization\",\"@id\":\"https:\\\/\\\/darkamazi.site\\\/#organization\",\"name\":\"Darka Mazi T\u00fcrk\u00e7e\",\"alternateName\":\"Darka Mazi\",\"url\":\"https:\\\/\\\/darkamazi.site\\\/\",\"logo\":{\"@type\":\"ImageObject\",\"inLanguage\":\"en-US\",\"@id\":\"https:\\\/\\\/darkamazi.site\\\/#\\\/schema\\\/logo\\\/image\\\/\",\"url\":\"https:\\\/\\\/darkamazi.site\\\/darka-content\\\/uploads\\\/2017\\\/12\\\/darka-mazi-logo.png\",\"contentUrl\":\"https:\\\/\\\/darkamazi.site\\\/darka-content\\\/uploads\\\/2017\\\/12\\\/darka-mazi-logo.png\",\"width\":151,\"height\":75,\"caption\":\"Darka Mazi T\u00fcrk\u00e7e\"},\"image\":{\"@id\":\"https:\\\/\\\/darkamazi.site\\\/#\\\/schema\\\/logo\\\/image\\\/\"},\"sameAs\":[\"https:\\\/\\\/www.facebook.com\\\/DarkaMaziturkce\",\"https:\\\/\\\/x.com\\\/DarkaMaziTurkce\"]},{\"@type\":\"Person\",\"@id\":\"https:\\\/\\\/darkamazi.site\\\/#\\\/schema\\\/person\\\/67986a95ac546c16760365877ef4a9d3\",\"name\":\"darka mazi\",\"sameAs\":[\"https:\\\/\\\/darkamazi.site\"],\"url\":\"https:\\\/\\\/darkamazi.site\\\/archives\\\/author\\\/turkish\"}]}<\/script>\n<!-- \/ Yoast SEO plugin. -->","seo_head_json":{"title":"\u0130ran sald\u0131r\u0131lar\u0131nda bir Pe\u015fmerge \u015fehit d\u00fc\u015ft\u00fc, 3 Pe\u015fmerge yaraland\u0131 - Darka Mazi","robots":{"index":"index","follow":"follow","max-snippet":"max-snippet:-1","max-image-preview":"max-image-preview:large","max-video-preview":"max-video-preview:-1"},"canonical":"https:\/\/darkamazi.site\/archives\/1036624","og_locale":"en_US","og_type":"article","og_title":"\u0130ran sald\u0131r\u0131lar\u0131nda bir Pe\u015fmerge \u015fehit d\u00fc\u015ft\u00fc, 3 Pe\u015fmerge yaraland\u0131 - Darka Mazi","og_description":"\u0130ran ordusuna ait sava\u015f u\u00e7aklar\u0131 ve \u0130HA\u2019lar, K\u00fcrdistan B\u00f6lgesi s\u0131n\u0131rlar\u0131 i\u00e7erisindeki Rojh\u0131latl\u0131 partilerin karargahlar\u0131n\u0131 hedef ald\u0131. Erbil yak\u0131nlar\u0131ndaki K\u00fcrdistan \u00d6zg\u00fcrl\u00fck Partisi (PAK) karargah\u0131na d\u00fczenlenen f\u00fcze sald\u0131r\u0131s\u0131nda bir Pe\u015fmerge hayat\u0131n\u0131 kaybetti, \u00fc\u00e7 Pe\u015fmerge ise yaraland\u0131. Bug\u00fcn sabah saatlerinde Erbil\u2019in D\u00eagele b\u00f6lgesi yak\u0131nlar\u0131nda bulunan PAK karargah\u0131 iki f\u00fcze ile vuruldu. Sald\u0131r\u0131ya ili\u015fkin R\u00fbdaw\u2019a a\u00e7\u0131klamalarda bulunan PAK Y\u00fcr\u00fctme [&hellip;]","og_url":"https:\/\/darkamazi.site\/archives\/1036624","og_site_name":"Darka Mazi","article_publisher":"https:\/\/www.facebook.com\/DarkaMaziturkce","article_published_time":"2026-03-04T16:59:52+00:00","og_image":[{"width":680,"height":378,"url":"https:\/\/darkamazi.site\/file\/2026\/03\/Pesmerge-sehit.jpeg","type":"image\/jpeg"}],"author":"darka mazi","twitter_card":"summary_large_image","twitter_creator":"@DarkaMaziTurkce","twitter_site":"@DarkaMaziTurkce","twitter_misc":{"Written by":"darka mazi","Est. reading time":"2 minutes"},"schema":{"@context":"https:\/\/schema.org","@graph":[{"@type":"NewsArticle","@id":"https:\/\/darkamazi.site\/archives\/1036624#article","isPartOf":{"@id":"https:\/\/darkamazi.site\/archives\/1036624"},"author":{"name":"darka mazi","@id":"https:\/\/darkamazi.site\/#\/schema\/person\/67986a95ac546c16760365877ef4a9d3"},"headline":"\u0130ran sald\u0131r\u0131lar\u0131nda bir Pe\u015fmerge \u015fehit d\u00fc\u015ft\u00fc, 3 Pe\u015fmerge yaraland\u0131","datePublished":"2026-03-04T16:59:52+00:00","mainEntityOfPage":{"@id":"https:\/\/darkamazi.site\/archives\/1036624"},"wordCount":335,"publisher":{"@id":"https:\/\/darkamazi.site\/#organization"},"image":{"@id":"https:\/\/darkamazi.site\/archives\/1036624#primaryimage"},"thumbnailUrl":"https:\/\/darkamazi.site\/file\/2026\/03\/Pesmerge-sehit.jpeg","keywords":["\u00f6nemli"],"articleSection":["Kurdistan"],"inLanguage":"en-US"},{"@type":"WebPage","@id":"https:\/\/darkamazi.site\/archives\/1036624","url":"https:\/\/darkamazi.site\/archives\/1036624","name":"\u0130ran sald\u0131r\u0131lar\u0131nda bir Pe\u015fmerge \u015fehit d\u00fc\u015ft\u00fc, 3 Pe\u015fmerge yaraland\u0131 - Darka Mazi","isPartOf":{"@id":"https:\/\/darkamazi.site\/#website"},"primaryImageOfPage":{"@id":"https:\/\/darkamazi.site\/archives\/1036624#primaryimage"},"image":{"@id":"https:\/\/darkamazi.site\/archives\/1036624#primaryimage"},"thumbnailUrl":"https:\/\/darkamazi.site\/file\/2026\/03\/Pesmerge-sehit.jpeg","datePublished":"2026-03-04T16:59:52+00:00","breadcrumb":{"@id":"https:\/\/darkamazi.site\/archives\/1036624#breadcrumb"},"inLanguage":"en-US","potentialAction":[{"@type":"ReadAction","target":["https:\/\/darkamazi.site\/archives\/1036624"]}]},{"@type":"ImageObject","inLanguage":"en-US","@id":"https:\/\/darkamazi.site\/archives\/1036624#primaryimage","url":"https:\/\/darkamazi.site\/file\/2026\/03\/Pesmerge-sehit.jpeg","contentUrl":"https:\/\/darkamazi.site\/file\/2026\/03\/Pesmerge-sehit.jpeg","width":680,"height":378,"caption":"\u0130ran sald\u0131r\u0131lar\u0131nda bir Pe\u015fmerge \u015fehit d\u00fc\u015ft\u00fc, 3 Pe\u015fmerge yaraland\u0131"},{"@type":"BreadcrumbList","@id":"https:\/\/darkamazi.site\/archives\/1036624#breadcrumb","itemListElement":[{"@type":"ListItem","position":1,"name":"Home","item":"https:\/\/darkamazi.site\/"},{"@type":"ListItem","position":2,"name":"\u0130ran sald\u0131r\u0131lar\u0131nda bir Pe\u015fmerge \u015fehit d\u00fc\u015ft\u00fc, 3 Pe\u015fmerge yaraland\u0131"}]},{"@type":"WebSite","@id":"https:\/\/darkamazi.site\/#website","url":"https:\/\/darkamazi.site\/","name":"Darka Mazi","description":"Ana Sayfa","publisher":{"@id":"https:\/\/darkamazi.site\/#organization"},"potentialAction":[{"@type":"SearchAction","target":{"@type":"EntryPoint","urlTemplate":"https:\/\/darkamazi.site\/?s={search_term_string}"},"query-input":{"@type":"PropertyValueSpecification","valueRequired":true,"valueName":"search_term_string"}}],"inLanguage":"en-US"},{"@type":"Organization","@id":"https:\/\/darkamazi.site\/#organization","name":"Darka Mazi T\u00fcrk\u00e7e","alternateName":"Darka Mazi","url":"https:\/\/darkamazi.site\/","logo":{"@type":"ImageObject","inLanguage":"en-US","@id":"https:\/\/darkamazi.site\/#\/schema\/logo\/image\/","url":"https:\/\/darkamazi.site\/file\/2017\/12\/darka-mazi-logo.png","contentUrl":"https:\/\/darkamazi.site\/file\/2017\/12\/darka-mazi-logo.png","width":151,"height":75,"caption":"Darka Mazi T\u00fcrk\u00e7e"},"image":{"@id":"https:\/\/darkamazi.site\/#\/schema\/logo\/image\/"},"sameAs":["https:\/\/www.facebook.com\/DarkaMaziturkce","https:\/\/x.com\/DarkaMaziTurkce"]},{"@type":"Person","@id":"https:\/\/darkamazi.site\/#\/schema\/person\/67986a95ac546c16760365877ef4a9d3","name":"darka mazi","sameAs":["https:\/\/darkamazi.site"],"url":"https:\/\/darkamazi.site\/archives\/author\/turkish"}]}},"_links":{"self":[{"href":"https:\/\/darkamazi.site\/funavuv\/wp\/v2\/posts\/1036624","targetHints":{"allow":["GET"]}}],"collection":[{"href":"https:\/\/darkamazi.site\/funavuv\/wp\/v2\/posts"}],"about":[{"href":"https:\/\/darkamazi.site\/funavuv\/wp\/v2\/types\/post"}],"author":[{"embeddable":true,"href":"https:\/\/darkamazi.site\/funavuv\/wp\/v2\/users\/2"}],"replies":[{"embeddable":true,"href":"https:\/\/darkamazi.site\/funavuv\/wp\/v2\/comments?post=1036624"}],"version-history":[{"count":0,"href":"https:\/\/darkamazi.site\/funavuv\/wp\/v2\/posts\/1036624\/revisions"}],"wp:featuredmedia":[{"embeddable":true,"href":"https:\/\/darkamazi.site\/funavuv\/wp\/v2\/media\/1036625"}],"wp:attachment":[{"href":"https:\/\/darkamazi.site\/funavuv\/wp\/v2\/media?parent=1036624"}],"wp:term":[{"taxonomy":"category","embeddable":true,"href":"https:\/\/darkamazi.site\/funavuv\/wp\/v2\/categories?post=1036624"},{"taxonomy":"post_tag","embeddable":true,"href":"https:\/\/darkamazi.site\/funavuv\/wp\/v2\/tags?post=1036624"}],"curies":[{"name":"wp","href":"https:\/\/api.w.org\/{rel}","templated":true}]}}