{"id":1036634,"date":"2026-03-05T11:23:47","date_gmt":"2026-03-05T08:23:47","guid":{"rendered":"https:\/\/darkamazi.site\/?p=1036634"},"modified":"2026-03-05T11:29:26","modified_gmt":"2026-03-05T08:29:26","slug":"baskan-barzaniden-raperinin-35-yil-donumu-mesaji-bu-onurlu-olay-her-kurt-icin-teslimiyete-hayir-demenin-ozgurlukcu-olmanin-mesajini-tasir","status":"publish","type":"post","link":"https:\/\/darkamazi.site\/archives\/1036634","title":{"rendered":"Ba\u015fkan Barzani&#8217;den Raperin&#8217;in 35. y\u0131l d\u00f6n\u00fcm\u00fc mesaj\u0131: Raperin onurlu ya\u015fam iradesin\u0131n mesaj\u0131d\u0131r"},"content":{"rendered":"<p style=\"text-align: justify\">Ba\u015fkan Mesud Barzani, B\u00fcy\u00fck K\u00fcrt Ayaklanmas\u0131\u2019n\u0131n (Raparin) 35. y\u0131ld\u00f6n\u00fcm\u00fc dolay\u0131s\u0131yla yay\u0131mlad\u0131\u011f\u0131 mesajda, b\u00f6lgenin i\u00e7inden ge\u00e7ti\u011fi hassas s\u00fcrece dikkat \u00e7ekerek, &#8220;K\u00fcrdistan&#8217;\u0131n sava\u015f ve felaketlerden uzak kalmas\u0131 i\u00e7in elimizden geleni yapaca\u011f\u0131z&#8221; dedi.<\/p>\n<p style=\"text-align: justify\">Ba\u015fkan Mesud Barzani, 5 Mart 1991\u2019de ba\u015flayan ve K\u00fcrt halk\u0131n\u0131n tarihinde bir d\u00f6n\u00fcm noktas\u0131 olan B\u00fcy\u00fck Ayaklanma\u2019n\u0131n (Raparin) 35. y\u0131l\u0131 vesilesiyle bir mesaj yay\u0131mlad\u0131.<\/p>\n<p style=\"text-align: justify\">Mesaj\u0131nda halk\u0131n me\u015fru haklar\u0131na ve \u00f6zg\u00fcrl\u00fck iradesine vurgu yapan Barzani, Ortado\u011fu\u2019da t\u0131rmanan gerilime kar\u015f\u0131 K\u00fcrdistan B\u00f6lgesi\u2019nin g\u00fcvenli\u011fine dair \u00f6nemli mesajlar verdi.<\/p>\n<p style=\"text-align: justify\"><strong>&#8220;Raparin, onurlu bir ya\u015fam iradesidir&#8221;<\/strong><\/p>\n<p style=\"text-align: justify\">Mesaj\u0131nda Ayaklanma\u2019n\u0131n tarihsel \u00f6nemine de\u011finen Ba\u015fkan Barzani, &#8220;Raparin; halk\u0131n ve m\u00fccadeleci g\u00fc\u00e7lerin on y\u0131llard\u0131r s\u00fcren m\u00fccadelesinin ve fedakarl\u0131\u011f\u0131n\u0131n bir sonucudur. Bu onurlu olay, her bir K\u00fcrdistanl\u0131 i\u00e7in bug\u00fcn ve gelecekte teslimiyete hay\u0131r demenin, \u00f6zg\u00fcrl\u00fck\u00e7\u00fc olman\u0131n ve onurlu bir ya\u015fam iradesinin mesaj\u0131n\u0131 ta\u015f\u0131maktad\u0131r&#8221; ifadelerini kulland\u0131.<\/p>\n<p style=\"text-align: justify\">B\u00f6lgede devam eden askeri ve siyasi geli\u015fmelere i\u015faret eden Ba\u015fkan Barzani, s\u00fcrecin ciddiyetine \u015fu s\u00f6zlerle dikkat \u00e7ekti:<\/p>\n<p style=\"text-align: justify\">&#8220;\u015eu an b\u00f6lgemiz olduk\u00e7a karma\u015f\u0131k ve hassas bir s\u00fcre\u00e7ten ge\u00e7iyor. B\u00f6lgedeki t\u00fcm sorun ve anla\u015fmazl\u0131klar\u0131n bar\u0131\u015f\u00e7\u0131l yollarla \u00e7\u00f6z\u00fcme kavu\u015fmas\u0131n\u0131 temenni ediyoruz. Bizler de K\u00fcrdistan&#8217;\u0131n sava\u015f, felaket ve her t\u00fcrl\u00fc olumsuzluktan uzak kalmas\u0131, korunmas\u0131 i\u00e7in elimizden gelen her \u015feyi yapaca\u011f\u0131z.&#8221;<\/p>\n<p style=\"text-align: justify\">Ba\u015fkan Barzani mesaj\u0131n\u0131n sonunda, ba\u015fta \u015fehit aileleri ve Pe\u015fmergeler olmak \u00fczere t\u00fcm K\u00fcrdistan halk\u0131n\u0131 ve ayaklanmada eme\u011fi ge\u00e7en yurtseverleri kutlad\u0131.<\/p>\n<p style=\"text-align: justify\">Barzani, &#8220;Bu kutsal y\u0131ld\u00f6n\u00fcm\u00fcnde, Raparin \u015fehitlerini ve K\u00fcrdistan\u2019\u0131n \u00f6zg\u00fcrl\u00fck yolunda can\u0131n\u0131 feda eden t\u00fcm \u015fehitlerimizi sayg\u0131yla an\u0131yoruz&#8221; dedi.<\/p>\n","protected":false},"excerpt":{"rendered":"<p>Ba\u015fkan Mesud Barzani, B\u00fcy\u00fck K\u00fcrt Ayaklanmas\u0131\u2019n\u0131n (Raparin) 35. y\u0131ld\u00f6n\u00fcm\u00fc dolay\u0131s\u0131yla yay\u0131mlad\u0131\u011f\u0131 mesajda, b\u00f6lgenin i\u00e7inden ge\u00e7ti\u011fi hassas s\u00fcrece dikkat \u00e7ekerek, &#8220;K\u00fcrdistan&#8217;\u0131n sava\u015f ve felaketlerden uzak kalmas\u0131 i\u00e7in elimizden geleni yapaca\u011f\u0131z&#8221; dedi. Ba\u015fkan Mesud Barzani, 5 Mart 1991\u2019de ba\u015flayan ve K\u00fcrt halk\u0131n\u0131n tarihinde bir d\u00f6n\u00fcm noktas\u0131 olan B\u00fcy\u00fck Ayaklanma\u2019n\u0131n (Raparin) 35. y\u0131l\u0131 vesilesiyle bir mesaj yay\u0131mlad\u0131. Mesaj\u0131nda [&hellip;]<\/p>\n","protected":false},"author":2,"featured_media":1036635,"comment_status":"closed","ping_status":"closed","sticky":false,"template":"","format":"standard","meta":{"footnotes":""},"categories":[3],"tags":[31],"class_list":["post-1036634","post","type-post","status-publish","format-standard","has-post-thumbnail","hentry","category-kurdistan","tag-onemli"],"blocksy_meta":[],"seo_head":"<!-- This site is optimized with the Yoast SEO plugin v27.5 - https:\/\/yoast.com\/product\/yoast-seo-wordpress\/ -->\n<title>Ba\u015fkan Barzani&#039;den Raperin&#039;in 35. y\u0131l d\u00f6n\u00fcm\u00fc mesaj\u0131: Raperin onurlu ya\u015fam iradesin\u0131n mesaj\u0131d\u0131r - Darka Mazi<\/title>\n<meta name=\"robots\" content=\"index, follow, max-snippet:-1, max-image-preview:large, max-video-preview:-1\" \/>\n<link rel=\"canonical\" href=\"https:\/\/darkamazi.site\/archives\/1036634\" \/>\n<meta property=\"og:locale\" content=\"en_US\" \/>\n<meta property=\"og:type\" content=\"article\" \/>\n<meta property=\"og:title\" content=\"Ba\u015fkan Barzani&#039;den Raperin&#039;in 35. y\u0131l d\u00f6n\u00fcm\u00fc mesaj\u0131: Raperin onurlu ya\u015fam iradesin\u0131n mesaj\u0131d\u0131r - Darka Mazi\" \/>\n<meta property=\"og:description\" content=\"Ba\u015fkan Mesud Barzani, B\u00fcy\u00fck K\u00fcrt Ayaklanmas\u0131\u2019n\u0131n (Raparin) 35. y\u0131ld\u00f6n\u00fcm\u00fc dolay\u0131s\u0131yla yay\u0131mlad\u0131\u011f\u0131 mesajda, b\u00f6lgenin i\u00e7inden ge\u00e7ti\u011fi hassas s\u00fcrece dikkat \u00e7ekerek, &#8220;K\u00fcrdistan&#8217;\u0131n sava\u015f ve felaketlerden uzak kalmas\u0131 i\u00e7in elimizden geleni yapaca\u011f\u0131z&#8221; dedi. Ba\u015fkan Mesud Barzani, 5 Mart 1991\u2019de ba\u015flayan ve K\u00fcrt halk\u0131n\u0131n tarihinde bir d\u00f6n\u00fcm noktas\u0131 olan B\u00fcy\u00fck Ayaklanma\u2019n\u0131n (Raparin) 35. y\u0131l\u0131 vesilesiyle bir mesaj yay\u0131mlad\u0131. Mesaj\u0131nda [&hellip;]\" \/>\n<meta property=\"og:url\" content=\"https:\/\/darkamazi.site\/archives\/1036634\" \/>\n<meta property=\"og:site_name\" content=\"Darka Mazi\" \/>\n<meta property=\"article:publisher\" content=\"https:\/\/www.facebook.com\/DarkaMaziturkce\" \/>\n<meta property=\"article:published_time\" content=\"2026-03-05T08:23:47+00:00\" \/>\n<meta property=\"article:modified_time\" content=\"2026-03-05T08:29:26+00:00\" \/>\n<meta property=\"og:image\" content=\"https:\/\/darkamazi.site\/file\/2026\/03\/serok-cok-guzel-photo.jpg\" \/>\n\t<meta property=\"og:image:width\" content=\"1670\" \/>\n\t<meta property=\"og:image:height\" content=\"1180\" \/>\n\t<meta property=\"og:image:type\" content=\"image\/jpeg\" \/>\n<meta name=\"author\" content=\"darka mazi\" \/>\n<meta name=\"twitter:card\" content=\"summary_large_image\" \/>\n<meta name=\"twitter:creator\" content=\"@DarkaMaziTurkce\" \/>\n<meta name=\"twitter:site\" content=\"@DarkaMaziTurkce\" \/>\n<meta name=\"twitter:label1\" content=\"Written by\" \/>\n\t<meta name=\"twitter:data1\" content=\"darka mazi\" \/>\n\t<meta name=\"twitter:label2\" content=\"Est. reading time\" \/>\n\t<meta name=\"twitter:data2\" content=\"2 minutes\" \/>\n<script type=\"application\/ld+json\" class=\"seo-schema-graph\">{\"@context\":\"https:\\\/\\\/schema.org\",\"@graph\":[{\"@type\":\"NewsArticle\",\"@id\":\"https:\\\/\\\/darkamazi.site\\\/archives\\\/1036634#article\",\"isPartOf\":{\"@id\":\"https:\\\/\\\/darkamazi.site\\\/archives\\\/1036634\"},\"author\":{\"name\":\"darka mazi\",\"@id\":\"https:\\\/\\\/darkamazi.site\\\/#\\\/schema\\\/person\\\/67986a95ac546c16760365877ef4a9d3\"},\"headline\":\"Ba\u015fkan Barzani&#8217;den Raperin&#8217;in 35. y\u0131l d\u00f6n\u00fcm\u00fc mesaj\u0131: Raperin onurlu ya\u015fam iradesin\u0131n mesaj\u0131d\u0131r\",\"datePublished\":\"2026-03-05T08:23:47+00:00\",\"dateModified\":\"2026-03-05T08:29:26+00:00\",\"mainEntityOfPage\":{\"@id\":\"https:\\\/\\\/darkamazi.site\\\/archives\\\/1036634\"},\"wordCount\":358,\"publisher\":{\"@id\":\"https:\\\/\\\/darkamazi.site\\\/#organization\"},\"image\":{\"@id\":\"https:\\\/\\\/darkamazi.site\\\/archives\\\/1036634#primaryimage\"},\"thumbnailUrl\":\"https:\\\/\\\/darkamazi.site\\\/darka-content\\\/uploads\\\/2026\\\/03\\\/serok-cok-guzel-photo.jpg\",\"keywords\":[\"\u00f6nemli\"],\"articleSection\":[\"Kurdistan\"],\"inLanguage\":\"en-US\"},{\"@type\":\"WebPage\",\"@id\":\"https:\\\/\\\/darkamazi.site\\\/archives\\\/1036634\",\"url\":\"https:\\\/\\\/darkamazi.site\\\/archives\\\/1036634\",\"name\":\"Ba\u015fkan Barzani'den Raperin'in 35. y\u0131l d\u00f6n\u00fcm\u00fc mesaj\u0131: Raperin onurlu ya\u015fam iradesin\u0131n mesaj\u0131d\u0131r - Darka Mazi\",\"isPartOf\":{\"@id\":\"https:\\\/\\\/darkamazi.site\\\/#website\"},\"primaryImageOfPage\":{\"@id\":\"https:\\\/\\\/darkamazi.site\\\/archives\\\/1036634#primaryimage\"},\"image\":{\"@id\":\"https:\\\/\\\/darkamazi.site\\\/archives\\\/1036634#primaryimage\"},\"thumbnailUrl\":\"https:\\\/\\\/darkamazi.site\\\/darka-content\\\/uploads\\\/2026\\\/03\\\/serok-cok-guzel-photo.jpg\",\"datePublished\":\"2026-03-05T08:23:47+00:00\",\"dateModified\":\"2026-03-05T08:29:26+00:00\",\"breadcrumb\":{\"@id\":\"https:\\\/\\\/darkamazi.site\\\/archives\\\/1036634#breadcrumb\"},\"inLanguage\":\"en-US\",\"potentialAction\":[{\"@type\":\"ReadAction\",\"target\":[\"https:\\\/\\\/darkamazi.site\\\/archives\\\/1036634\"]}]},{\"@type\":\"ImageObject\",\"inLanguage\":\"en-US\",\"@id\":\"https:\\\/\\\/darkamazi.site\\\/archives\\\/1036634#primaryimage\",\"url\":\"https:\\\/\\\/darkamazi.site\\\/darka-content\\\/uploads\\\/2026\\\/03\\\/serok-cok-guzel-photo.jpg\",\"contentUrl\":\"https:\\\/\\\/darkamazi.site\\\/darka-content\\\/uploads\\\/2026\\\/03\\\/serok-cok-guzel-photo.jpg\",\"width\":1670,\"height\":1180,\"caption\":\"Ba\u015fkan Barzani'den Raperin'in 35. y\u0131l d\u00f6n\u00fcm\u00fc mesaj\u0131: Bu onurlu olay her K\u00fcrt i\u00e7in teslimiyete hay\u0131r demenin, \u00f6zg\u00fcrl\u00fck\u00e7\u00fc olman\u0131n mesaj\u0131n\u0131 ta\u015f\u0131r\"},{\"@type\":\"BreadcrumbList\",\"@id\":\"https:\\\/\\\/darkamazi.site\\\/archives\\\/1036634#breadcrumb\",\"itemListElement\":[{\"@type\":\"ListItem\",\"position\":1,\"name\":\"Home\",\"item\":\"https:\\\/\\\/darkamazi.site\\\/\"},{\"@type\":\"ListItem\",\"position\":2,\"name\":\"Ba\u015fkan Barzani&#8217;den Raperin&#8217;in 35. y\u0131l d\u00f6n\u00fcm\u00fc mesaj\u0131: Raperin onurlu ya\u015fam iradesin\u0131n mesaj\u0131d\u0131r\"}]},{\"@type\":\"WebSite\",\"@id\":\"https:\\\/\\\/darkamazi.site\\\/#website\",\"url\":\"https:\\\/\\\/darkamazi.site\\\/\",\"name\":\"Darka Mazi\",\"description\":\"Ana Sayfa\",\"publisher\":{\"@id\":\"https:\\\/\\\/darkamazi.site\\\/#organization\"},\"potentialAction\":[{\"@type\":\"SearchAction\",\"target\":{\"@type\":\"EntryPoint\",\"urlTemplate\":\"https:\\\/\\\/darkamazi.site\\\/?s={search_term_string}\"},\"query-input\":{\"@type\":\"PropertyValueSpecification\",\"valueRequired\":true,\"valueName\":\"search_term_string\"}}],\"inLanguage\":\"en-US\"},{\"@type\":\"Organization\",\"@id\":\"https:\\\/\\\/darkamazi.site\\\/#organization\",\"name\":\"Darka Mazi T\u00fcrk\u00e7e\",\"alternateName\":\"Darka Mazi\",\"url\":\"https:\\\/\\\/darkamazi.site\\\/\",\"logo\":{\"@type\":\"ImageObject\",\"inLanguage\":\"en-US\",\"@id\":\"https:\\\/\\\/darkamazi.site\\\/#\\\/schema\\\/logo\\\/image\\\/\",\"url\":\"https:\\\/\\\/darkamazi.site\\\/darka-content\\\/uploads\\\/2017\\\/12\\\/darka-mazi-logo.png\",\"contentUrl\":\"https:\\\/\\\/darkamazi.site\\\/darka-content\\\/uploads\\\/2017\\\/12\\\/darka-mazi-logo.png\",\"width\":151,\"height\":75,\"caption\":\"Darka Mazi T\u00fcrk\u00e7e\"},\"image\":{\"@id\":\"https:\\\/\\\/darkamazi.site\\\/#\\\/schema\\\/logo\\\/image\\\/\"},\"sameAs\":[\"https:\\\/\\\/www.facebook.com\\\/DarkaMaziturkce\",\"https:\\\/\\\/x.com\\\/DarkaMaziTurkce\"]},{\"@type\":\"Person\",\"@id\":\"https:\\\/\\\/darkamazi.site\\\/#\\\/schema\\\/person\\\/67986a95ac546c16760365877ef4a9d3\",\"name\":\"darka mazi\",\"sameAs\":[\"https:\\\/\\\/darkamazi.site\"],\"url\":\"https:\\\/\\\/darkamazi.site\\\/archives\\\/author\\\/turkish\"}]}<\/script>\n<!-- \/ Yoast SEO plugin. -->","seo_head_json":{"title":"Ba\u015fkan Barzani'den Raperin'in 35. y\u0131l d\u00f6n\u00fcm\u00fc mesaj\u0131: Raperin onurlu ya\u015fam iradesin\u0131n mesaj\u0131d\u0131r - Darka Mazi","robots":{"index":"index","follow":"follow","max-snippet":"max-snippet:-1","max-image-preview":"max-image-preview:large","max-video-preview":"max-video-preview:-1"},"canonical":"https:\/\/darkamazi.site\/archives\/1036634","og_locale":"en_US","og_type":"article","og_title":"Ba\u015fkan Barzani'den Raperin'in 35. y\u0131l d\u00f6n\u00fcm\u00fc mesaj\u0131: Raperin onurlu ya\u015fam iradesin\u0131n mesaj\u0131d\u0131r - Darka Mazi","og_description":"Ba\u015fkan Mesud Barzani, B\u00fcy\u00fck K\u00fcrt Ayaklanmas\u0131\u2019n\u0131n (Raparin) 35. y\u0131ld\u00f6n\u00fcm\u00fc dolay\u0131s\u0131yla yay\u0131mlad\u0131\u011f\u0131 mesajda, b\u00f6lgenin i\u00e7inden ge\u00e7ti\u011fi hassas s\u00fcrece dikkat \u00e7ekerek, &#8220;K\u00fcrdistan&#8217;\u0131n sava\u015f ve felaketlerden uzak kalmas\u0131 i\u00e7in elimizden geleni yapaca\u011f\u0131z&#8221; dedi. Ba\u015fkan Mesud Barzani, 5 Mart 1991\u2019de ba\u015flayan ve K\u00fcrt halk\u0131n\u0131n tarihinde bir d\u00f6n\u00fcm noktas\u0131 olan B\u00fcy\u00fck Ayaklanma\u2019n\u0131n (Raparin) 35. y\u0131l\u0131 vesilesiyle bir mesaj yay\u0131mlad\u0131. Mesaj\u0131nda [&hellip;]","og_url":"https:\/\/darkamazi.site\/archives\/1036634","og_site_name":"Darka Mazi","article_publisher":"https:\/\/www.facebook.com\/DarkaMaziturkce","article_published_time":"2026-03-05T08:23:47+00:00","article_modified_time":"2026-03-05T08:29:26+00:00","og_image":[{"width":1670,"height":1180,"url":"https:\/\/darkamazi.site\/file\/2026\/03\/serok-cok-guzel-photo.jpg","type":"image\/jpeg"}],"author":"darka mazi","twitter_card":"summary_large_image","twitter_creator":"@DarkaMaziTurkce","twitter_site":"@DarkaMaziTurkce","twitter_misc":{"Written by":"darka mazi","Est. reading time":"2 minutes"},"schema":{"@context":"https:\/\/schema.org","@graph":[{"@type":"NewsArticle","@id":"https:\/\/darkamazi.site\/archives\/1036634#article","isPartOf":{"@id":"https:\/\/darkamazi.site\/archives\/1036634"},"author":{"name":"darka mazi","@id":"https:\/\/darkamazi.site\/#\/schema\/person\/67986a95ac546c16760365877ef4a9d3"},"headline":"Ba\u015fkan Barzani&#8217;den Raperin&#8217;in 35. y\u0131l d\u00f6n\u00fcm\u00fc mesaj\u0131: Raperin onurlu ya\u015fam iradesin\u0131n mesaj\u0131d\u0131r","datePublished":"2026-03-05T08:23:47+00:00","dateModified":"2026-03-05T08:29:26+00:00","mainEntityOfPage":{"@id":"https:\/\/darkamazi.site\/archives\/1036634"},"wordCount":358,"publisher":{"@id":"https:\/\/darkamazi.site\/#organization"},"image":{"@id":"https:\/\/darkamazi.site\/archives\/1036634#primaryimage"},"thumbnailUrl":"https:\/\/darkamazi.site\/file\/2026\/03\/serok-cok-guzel-photo.jpg","keywords":["\u00f6nemli"],"articleSection":["Kurdistan"],"inLanguage":"en-US"},{"@type":"WebPage","@id":"https:\/\/darkamazi.site\/archives\/1036634","url":"https:\/\/darkamazi.site\/archives\/1036634","name":"Ba\u015fkan Barzani'den Raperin'in 35. y\u0131l d\u00f6n\u00fcm\u00fc mesaj\u0131: Raperin onurlu ya\u015fam iradesin\u0131n mesaj\u0131d\u0131r - Darka Mazi","isPartOf":{"@id":"https:\/\/darkamazi.site\/#website"},"primaryImageOfPage":{"@id":"https:\/\/darkamazi.site\/archives\/1036634#primaryimage"},"image":{"@id":"https:\/\/darkamazi.site\/archives\/1036634#primaryimage"},"thumbnailUrl":"https:\/\/darkamazi.site\/file\/2026\/03\/serok-cok-guzel-photo.jpg","datePublished":"2026-03-05T08:23:47+00:00","dateModified":"2026-03-05T08:29:26+00:00","breadcrumb":{"@id":"https:\/\/darkamazi.site\/archives\/1036634#breadcrumb"},"inLanguage":"en-US","potentialAction":[{"@type":"ReadAction","target":["https:\/\/darkamazi.site\/archives\/1036634"]}]},{"@type":"ImageObject","inLanguage":"en-US","@id":"https:\/\/darkamazi.site\/archives\/1036634#primaryimage","url":"https:\/\/darkamazi.site\/file\/2026\/03\/serok-cok-guzel-photo.jpg","contentUrl":"https:\/\/darkamazi.site\/file\/2026\/03\/serok-cok-guzel-photo.jpg","width":1670,"height":1180,"caption":"Ba\u015fkan Barzani'den Raperin'in 35. y\u0131l d\u00f6n\u00fcm\u00fc mesaj\u0131: Bu onurlu olay her K\u00fcrt i\u00e7in teslimiyete hay\u0131r demenin, \u00f6zg\u00fcrl\u00fck\u00e7\u00fc olman\u0131n mesaj\u0131n\u0131 ta\u015f\u0131r"},{"@type":"BreadcrumbList","@id":"https:\/\/darkamazi.site\/archives\/1036634#breadcrumb","itemListElement":[{"@type":"ListItem","position":1,"name":"Home","item":"https:\/\/darkamazi.site\/"},{"@type":"ListItem","position":2,"name":"Ba\u015fkan Barzani&#8217;den Raperin&#8217;in 35. y\u0131l d\u00f6n\u00fcm\u00fc mesaj\u0131: Raperin onurlu ya\u015fam iradesin\u0131n mesaj\u0131d\u0131r"}]},{"@type":"WebSite","@id":"https:\/\/darkamazi.site\/#website","url":"https:\/\/darkamazi.site\/","name":"Darka Mazi","description":"Ana Sayfa","publisher":{"@id":"https:\/\/darkamazi.site\/#organization"},"potentialAction":[{"@type":"SearchAction","target":{"@type":"EntryPoint","urlTemplate":"https:\/\/darkamazi.site\/?s={search_term_string}"},"query-input":{"@type":"PropertyValueSpecification","valueRequired":true,"valueName":"search_term_string"}}],"inLanguage":"en-US"},{"@type":"Organization","@id":"https:\/\/darkamazi.site\/#organization","name":"Darka Mazi T\u00fcrk\u00e7e","alternateName":"Darka Mazi","url":"https:\/\/darkamazi.site\/","logo":{"@type":"ImageObject","inLanguage":"en-US","@id":"https:\/\/darkamazi.site\/#\/schema\/logo\/image\/","url":"https:\/\/darkamazi.site\/file\/2017\/12\/darka-mazi-logo.png","contentUrl":"https:\/\/darkamazi.site\/file\/2017\/12\/darka-mazi-logo.png","width":151,"height":75,"caption":"Darka Mazi T\u00fcrk\u00e7e"},"image":{"@id":"https:\/\/darkamazi.site\/#\/schema\/logo\/image\/"},"sameAs":["https:\/\/www.facebook.com\/DarkaMaziturkce","https:\/\/x.com\/DarkaMaziTurkce"]},{"@type":"Person","@id":"https:\/\/darkamazi.site\/#\/schema\/person\/67986a95ac546c16760365877ef4a9d3","name":"darka mazi","sameAs":["https:\/\/darkamazi.site"],"url":"https:\/\/darkamazi.site\/archives\/author\/turkish"}]}},"_links":{"self":[{"href":"https:\/\/darkamazi.site\/funavuv\/wp\/v2\/posts\/1036634","targetHints":{"allow":["GET"]}}],"collection":[{"href":"https:\/\/darkamazi.site\/funavuv\/wp\/v2\/posts"}],"about":[{"href":"https:\/\/darkamazi.site\/funavuv\/wp\/v2\/types\/post"}],"author":[{"embeddable":true,"href":"https:\/\/darkamazi.site\/funavuv\/wp\/v2\/users\/2"}],"replies":[{"embeddable":true,"href":"https:\/\/darkamazi.site\/funavuv\/wp\/v2\/comments?post=1036634"}],"version-history":[{"count":0,"href":"https:\/\/darkamazi.site\/funavuv\/wp\/v2\/posts\/1036634\/revisions"}],"wp:featuredmedia":[{"embeddable":true,"href":"https:\/\/darkamazi.site\/funavuv\/wp\/v2\/media\/1036635"}],"wp:attachment":[{"href":"https:\/\/darkamazi.site\/funavuv\/wp\/v2\/media?parent=1036634"}],"wp:term":[{"taxonomy":"category","embeddable":true,"href":"https:\/\/darkamazi.site\/funavuv\/wp\/v2\/categories?post=1036634"},{"taxonomy":"post_tag","embeddable":true,"href":"https:\/\/darkamazi.site\/funavuv\/wp\/v2\/tags?post=1036634"}],"curies":[{"name":"wp","href":"https:\/\/api.w.org\/{rel}","templated":true}]}}