{"id":1036645,"date":"2026-03-07T21:18:04","date_gmt":"2026-03-07T18:18:04","guid":{"rendered":"https:\/\/darkamazi.site\/?p=1036645"},"modified":"2026-03-07T21:18:04","modified_gmt":"2026-03-07T18:18:04","slug":"necirvan-barzani-ile-macron-telefonda-gorustu-uluslararasi-cabalar-yogunlasmali","status":"publish","type":"post","link":"https:\/\/darkamazi.site\/archives\/1036645","title":{"rendered":"Ne\u00e7irvan Barzani ile Macron telefonda g\u00f6r\u00fc\u015ft\u00fc: &#8216;Uluslararas\u0131 \u00e7abalar yo\u011funla\u015fmal\u0131&#8217;"},"content":{"rendered":"<p>K\u00fcrdistan B\u00f6lgesi Ba\u015fkan\u0131 Ne\u00e7irvan Barzani ile Fransa Cumhurba\u015fkan\u0131 Emmanuel Macron aras\u0131nda kritik bir telefon diplomasisi trafi\u011fi ya\u015fand\u0131.<\/p>\n<p>Bug\u00fcn ger\u00e7ekle\u015fen g\u00f6r\u00fc\u015fmede, Ortado\u011fu\u2019daki son geli\u015fmeler ve s\u00fcregelen sava\u015f\u0131n b\u00f6lge \u00fczerindeki y\u0131k\u0131c\u0131 etkileri masaya yat\u0131r\u0131ld\u0131.<\/p>\n<p><strong>\u00c7at\u0131\u015fmalar\u0131n geni\u015fleme riskine kar\u015f\u0131 &#8220;derin endi\u015fe&#8221;\u00a0\u00a0\u00a0\u00a0\u00a0\u00a0\u00a0\u00a0\u00a0\u00a0\u00a0\u00a0\u00a0\u00a0\u00a0<\/strong><\/p>\n<p>K\u00fcrdistan B\u00f6lgesi Ba\u015fkanl\u0131\u011f\u0131 taraf\u0131ndan yap\u0131lan resmi a\u00e7\u0131klamaya g\u00f6re, her iki lider de gerilimin t\u0131rmanmas\u0131ndan duyduklar\u0131 &#8220;derin endi\u015feyi&#8221; dile getirdi.<\/p>\n<p>G\u00f6r\u00fc\u015fmede, \u00e7at\u0131\u015fma \u00e7emberinin daha fazla geni\u015flemesini \u00f6nlemek amac\u0131yla uluslararas\u0131 toplumun giri\u015fimlerini s\u0131k\u0131la\u015ft\u0131rmas\u0131 gerekti\u011fi vurguland\u0131.<\/p>\n<p>Ne\u00e7irvan Barzani ve Macron, b\u00f6lge halklar\u0131n\u0131n yeniden bar\u0131\u015f ve g\u00fcvenli\u011fe kavu\u015fmas\u0131 i\u00e7in diplomatik kanallar\u0131n etkin kullan\u0131lmas\u0131 konusunda hemfikir olduklar\u0131n\u0131 belirtti.<\/p>\n<p><strong>Fransa\u2019n\u0131n Irak ve Erbil ile tarihi ba\u011flar\u0131\u00a0\u00a0\u00a0\u00a0\u00a0\u00a0\u00a0\u00a0\u00a0\u00a0\u00a0\u00a0\u00a0\u00a0\u00a0\u00a0<\/strong><\/p>\n<p>G\u00f6r\u00fc\u015fmenin bir di\u011fer \u00f6nemli ba\u015fl\u0131\u011f\u0131 ise Fransa\u2019n\u0131n Irak ve K\u00fcrdistan B\u00f6lgesi ile s\u00fcrd\u00fcrd\u00fc\u011f\u00fc stratejik ili\u015fkiler oldu.<\/p>\n<p>Taraflar, farkl\u0131 alanlarda uzun bir i\u015fbirli\u011fi ve koordinasyon ge\u00e7mi\u015fine sahip olan ikili dostane ili\u015fkilerin daha da g\u00fc\u00e7lendirilmesi gerekti\u011fini ifade etti.<\/p>\n<p>Fransa\u2019n\u0131n b\u00f6lgeye y\u00f6nelik insani ve askeri yard\u0131mlar\u0131n\u0131n s\u00fcreklili\u011fi de g\u00f6r\u00fc\u015fmede teyit edildi.<\/p>\n<p><strong>Ba\u015fkan Ne\u00e7irvan Barzani\u2019den Macron\u2019a te\u015fekk\u00fcr\u00a0\u00a0\u00a0<\/strong><\/p>\n<p>Ba\u015fkan Ne\u00e7irvan Barzani, Fransa\u2019n\u0131n b\u00f6lgedeki istikrar\u0131 koruma \u00e7abalar\u0131na dikkat \u00e7ekerek, Cumhurba\u015fkan\u0131 Macron\u2019un sergiledi\u011fi \u00f6nc\u00fc role vurgu yapt\u0131.<\/p>\n<p>Ne\u00e7irvan Barzani, \u00f6zellikle b\u00f6lgeyi sava\u015f ve kaos riskinden uzak tutmaya y\u00f6nelik y\u00fcr\u00fctt\u00fc\u011f\u00fc yo\u011fun diplomatik trafik ve K\u00fcrdistan B\u00f6lgesi ile Irak\u2019a sa\u011flad\u0131\u011f\u0131 kesintisiz destek i\u00e7in Macron\u2019a te\u015fekk\u00fcrlerini iletti.<\/p>\n","protected":false},"excerpt":{"rendered":"<p>K\u00fcrdistan B\u00f6lgesi Ba\u015fkan\u0131 Ne\u00e7irvan Barzani ile Fransa Cumhurba\u015fkan\u0131 Emmanuel Macron aras\u0131nda kritik bir telefon diplomasisi trafi\u011fi ya\u015fand\u0131. Bug\u00fcn ger\u00e7ekle\u015fen g\u00f6r\u00fc\u015fmede, Ortado\u011fu\u2019daki son geli\u015fmeler ve s\u00fcregelen sava\u015f\u0131n b\u00f6lge \u00fczerindeki y\u0131k\u0131c\u0131 etkileri masaya yat\u0131r\u0131ld\u0131. \u00c7at\u0131\u015fmalar\u0131n geni\u015fleme riskine kar\u015f\u0131 &#8220;derin endi\u015fe&#8221;\u00a0\u00a0\u00a0\u00a0\u00a0\u00a0\u00a0\u00a0\u00a0\u00a0\u00a0\u00a0\u00a0\u00a0\u00a0 K\u00fcrdistan B\u00f6lgesi Ba\u015fkanl\u0131\u011f\u0131 taraf\u0131ndan yap\u0131lan resmi a\u00e7\u0131klamaya g\u00f6re, her iki lider de gerilimin t\u0131rmanmas\u0131ndan duyduklar\u0131 &#8220;derin endi\u015feyi&#8221; [&hellip;]<\/p>\n","protected":false},"author":2,"featured_media":1036646,"comment_status":"closed","ping_status":"closed","sticky":false,"template":"","format":"standard","meta":{"footnotes":""},"categories":[3],"tags":[31],"class_list":["post-1036645","post","type-post","status-publish","format-standard","has-post-thumbnail","hentry","category-kurdistan","tag-onemli"],"blocksy_meta":[],"seo_head":"<!-- This site is optimized with the Yoast SEO plugin v27.5 - https:\/\/yoast.com\/product\/yoast-seo-wordpress\/ -->\n<title>Ne\u00e7irvan Barzani ile Macron telefonda g\u00f6r\u00fc\u015ft\u00fc: &#039;Uluslararas\u0131 \u00e7abalar yo\u011funla\u015fmal\u0131&#039; - Darka Mazi<\/title>\n<meta name=\"robots\" content=\"index, follow, max-snippet:-1, max-image-preview:large, max-video-preview:-1\" \/>\n<link rel=\"canonical\" href=\"https:\/\/darkamazi.site\/archives\/1036645\" \/>\n<meta property=\"og:locale\" content=\"en_US\" \/>\n<meta property=\"og:type\" content=\"article\" \/>\n<meta property=\"og:title\" content=\"Ne\u00e7irvan Barzani ile Macron telefonda g\u00f6r\u00fc\u015ft\u00fc: &#039;Uluslararas\u0131 \u00e7abalar yo\u011funla\u015fmal\u0131&#039; - Darka Mazi\" \/>\n<meta property=\"og:description\" content=\"K\u00fcrdistan B\u00f6lgesi Ba\u015fkan\u0131 Ne\u00e7irvan Barzani ile Fransa Cumhurba\u015fkan\u0131 Emmanuel Macron aras\u0131nda kritik bir telefon diplomasisi trafi\u011fi ya\u015fand\u0131. Bug\u00fcn ger\u00e7ekle\u015fen g\u00f6r\u00fc\u015fmede, Ortado\u011fu\u2019daki son geli\u015fmeler ve s\u00fcregelen sava\u015f\u0131n b\u00f6lge \u00fczerindeki y\u0131k\u0131c\u0131 etkileri masaya yat\u0131r\u0131ld\u0131. \u00c7at\u0131\u015fmalar\u0131n geni\u015fleme riskine kar\u015f\u0131 &#8220;derin endi\u015fe&#8221;\u00a0\u00a0\u00a0\u00a0\u00a0\u00a0\u00a0\u00a0\u00a0\u00a0\u00a0\u00a0\u00a0\u00a0\u00a0 K\u00fcrdistan B\u00f6lgesi Ba\u015fkanl\u0131\u011f\u0131 taraf\u0131ndan yap\u0131lan resmi a\u00e7\u0131klamaya g\u00f6re, her iki lider de gerilimin t\u0131rmanmas\u0131ndan duyduklar\u0131 &#8220;derin endi\u015feyi&#8221; [&hellip;]\" \/>\n<meta property=\"og:url\" content=\"https:\/\/darkamazi.site\/archives\/1036645\" \/>\n<meta property=\"og:site_name\" content=\"Darka Mazi\" \/>\n<meta property=\"article:publisher\" content=\"https:\/\/www.facebook.com\/DarkaMaziturkce\" \/>\n<meta property=\"article:published_time\" content=\"2026-03-07T18:18:04+00:00\" \/>\n<meta property=\"og:image\" content=\"https:\/\/darkamazi.site\/file\/2026\/03\/necirvan-barzani-macron.jpg\" \/>\n\t<meta property=\"og:image:width\" content=\"1562\" \/>\n\t<meta property=\"og:image:height\" content=\"878\" \/>\n\t<meta property=\"og:image:type\" content=\"image\/jpeg\" \/>\n<meta name=\"author\" content=\"darka mazi\" \/>\n<meta name=\"twitter:card\" content=\"summary_large_image\" \/>\n<meta name=\"twitter:creator\" content=\"@DarkaMaziTurkce\" \/>\n<meta name=\"twitter:site\" content=\"@DarkaMaziTurkce\" \/>\n<meta name=\"twitter:label1\" content=\"Written by\" \/>\n\t<meta name=\"twitter:data1\" content=\"darka mazi\" \/>\n\t<meta name=\"twitter:label2\" content=\"Est. reading time\" \/>\n\t<meta name=\"twitter:data2\" content=\"2 minutes\" \/>\n<script type=\"application\/ld+json\" class=\"seo-schema-graph\">{\"@context\":\"https:\\\/\\\/schema.org\",\"@graph\":[{\"@type\":\"NewsArticle\",\"@id\":\"https:\\\/\\\/darkamazi.site\\\/archives\\\/1036645#article\",\"isPartOf\":{\"@id\":\"https:\\\/\\\/darkamazi.site\\\/archives\\\/1036645\"},\"author\":{\"name\":\"darka mazi\",\"@id\":\"https:\\\/\\\/darkamazi.site\\\/#\\\/schema\\\/person\\\/67986a95ac546c16760365877ef4a9d3\"},\"headline\":\"Ne\u00e7irvan Barzani ile Macron telefonda g\u00f6r\u00fc\u015ft\u00fc: &#8216;Uluslararas\u0131 \u00e7abalar yo\u011funla\u015fmal\u0131&#8217;\",\"datePublished\":\"2026-03-07T18:18:04+00:00\",\"mainEntityOfPage\":{\"@id\":\"https:\\\/\\\/darkamazi.site\\\/archives\\\/1036645\"},\"wordCount\":329,\"publisher\":{\"@id\":\"https:\\\/\\\/darkamazi.site\\\/#organization\"},\"image\":{\"@id\":\"https:\\\/\\\/darkamazi.site\\\/archives\\\/1036645#primaryimage\"},\"thumbnailUrl\":\"https:\\\/\\\/darkamazi.site\\\/darka-content\\\/uploads\\\/2026\\\/03\\\/necirvan-barzani-macron.jpg\",\"keywords\":[\"\u00f6nemli\"],\"articleSection\":[\"Kurdistan\"],\"inLanguage\":\"en-US\"},{\"@type\":\"WebPage\",\"@id\":\"https:\\\/\\\/darkamazi.site\\\/archives\\\/1036645\",\"url\":\"https:\\\/\\\/darkamazi.site\\\/archives\\\/1036645\",\"name\":\"Ne\u00e7irvan Barzani ile Macron telefonda g\u00f6r\u00fc\u015ft\u00fc: 'Uluslararas\u0131 \u00e7abalar yo\u011funla\u015fmal\u0131' - Darka Mazi\",\"isPartOf\":{\"@id\":\"https:\\\/\\\/darkamazi.site\\\/#website\"},\"primaryImageOfPage\":{\"@id\":\"https:\\\/\\\/darkamazi.site\\\/archives\\\/1036645#primaryimage\"},\"image\":{\"@id\":\"https:\\\/\\\/darkamazi.site\\\/archives\\\/1036645#primaryimage\"},\"thumbnailUrl\":\"https:\\\/\\\/darkamazi.site\\\/darka-content\\\/uploads\\\/2026\\\/03\\\/necirvan-barzani-macron.jpg\",\"datePublished\":\"2026-03-07T18:18:04+00:00\",\"breadcrumb\":{\"@id\":\"https:\\\/\\\/darkamazi.site\\\/archives\\\/1036645#breadcrumb\"},\"inLanguage\":\"en-US\",\"potentialAction\":[{\"@type\":\"ReadAction\",\"target\":[\"https:\\\/\\\/darkamazi.site\\\/archives\\\/1036645\"]}]},{\"@type\":\"ImageObject\",\"inLanguage\":\"en-US\",\"@id\":\"https:\\\/\\\/darkamazi.site\\\/archives\\\/1036645#primaryimage\",\"url\":\"https:\\\/\\\/darkamazi.site\\\/darka-content\\\/uploads\\\/2026\\\/03\\\/necirvan-barzani-macron.jpg\",\"contentUrl\":\"https:\\\/\\\/darkamazi.site\\\/darka-content\\\/uploads\\\/2026\\\/03\\\/necirvan-barzani-macron.jpg\",\"width\":1562,\"height\":878,\"caption\":\"Ne\u00e7irvan Barzani ile Macron telefonda g\u00f6r\u00fc\u015ft\u00fc: 'Uluslararas\u0131 \u00e7abalar yo\u011funla\u015fmal\u0131'\"},{\"@type\":\"BreadcrumbList\",\"@id\":\"https:\\\/\\\/darkamazi.site\\\/archives\\\/1036645#breadcrumb\",\"itemListElement\":[{\"@type\":\"ListItem\",\"position\":1,\"name\":\"Home\",\"item\":\"https:\\\/\\\/darkamazi.site\\\/\"},{\"@type\":\"ListItem\",\"position\":2,\"name\":\"Ne\u00e7irvan Barzani ile Macron telefonda g\u00f6r\u00fc\u015ft\u00fc: &#8216;Uluslararas\u0131 \u00e7abalar yo\u011funla\u015fmal\u0131&#8217;\"}]},{\"@type\":\"WebSite\",\"@id\":\"https:\\\/\\\/darkamazi.site\\\/#website\",\"url\":\"https:\\\/\\\/darkamazi.site\\\/\",\"name\":\"Darka Mazi\",\"description\":\"Ana Sayfa\",\"publisher\":{\"@id\":\"https:\\\/\\\/darkamazi.site\\\/#organization\"},\"potentialAction\":[{\"@type\":\"SearchAction\",\"target\":{\"@type\":\"EntryPoint\",\"urlTemplate\":\"https:\\\/\\\/darkamazi.site\\\/?s={search_term_string}\"},\"query-input\":{\"@type\":\"PropertyValueSpecification\",\"valueRequired\":true,\"valueName\":\"search_term_string\"}}],\"inLanguage\":\"en-US\"},{\"@type\":\"Organization\",\"@id\":\"https:\\\/\\\/darkamazi.site\\\/#organization\",\"name\":\"Darka Mazi T\u00fcrk\u00e7e\",\"alternateName\":\"Darka Mazi\",\"url\":\"https:\\\/\\\/darkamazi.site\\\/\",\"logo\":{\"@type\":\"ImageObject\",\"inLanguage\":\"en-US\",\"@id\":\"https:\\\/\\\/darkamazi.site\\\/#\\\/schema\\\/logo\\\/image\\\/\",\"url\":\"https:\\\/\\\/darkamazi.site\\\/darka-content\\\/uploads\\\/2017\\\/12\\\/darka-mazi-logo.png\",\"contentUrl\":\"https:\\\/\\\/darkamazi.site\\\/darka-content\\\/uploads\\\/2017\\\/12\\\/darka-mazi-logo.png\",\"width\":151,\"height\":75,\"caption\":\"Darka Mazi T\u00fcrk\u00e7e\"},\"image\":{\"@id\":\"https:\\\/\\\/darkamazi.site\\\/#\\\/schema\\\/logo\\\/image\\\/\"},\"sameAs\":[\"https:\\\/\\\/www.facebook.com\\\/DarkaMaziturkce\",\"https:\\\/\\\/x.com\\\/DarkaMaziTurkce\"]},{\"@type\":\"Person\",\"@id\":\"https:\\\/\\\/darkamazi.site\\\/#\\\/schema\\\/person\\\/67986a95ac546c16760365877ef4a9d3\",\"name\":\"darka mazi\",\"sameAs\":[\"https:\\\/\\\/darkamazi.site\"],\"url\":\"https:\\\/\\\/darkamazi.site\\\/archives\\\/author\\\/turkish\"}]}<\/script>\n<!-- \/ Yoast SEO plugin. -->","seo_head_json":{"title":"Ne\u00e7irvan Barzani ile Macron telefonda g\u00f6r\u00fc\u015ft\u00fc: 'Uluslararas\u0131 \u00e7abalar yo\u011funla\u015fmal\u0131' - Darka Mazi","robots":{"index":"index","follow":"follow","max-snippet":"max-snippet:-1","max-image-preview":"max-image-preview:large","max-video-preview":"max-video-preview:-1"},"canonical":"https:\/\/darkamazi.site\/archives\/1036645","og_locale":"en_US","og_type":"article","og_title":"Ne\u00e7irvan Barzani ile Macron telefonda g\u00f6r\u00fc\u015ft\u00fc: 'Uluslararas\u0131 \u00e7abalar yo\u011funla\u015fmal\u0131' - Darka Mazi","og_description":"K\u00fcrdistan B\u00f6lgesi Ba\u015fkan\u0131 Ne\u00e7irvan Barzani ile Fransa Cumhurba\u015fkan\u0131 Emmanuel Macron aras\u0131nda kritik bir telefon diplomasisi trafi\u011fi ya\u015fand\u0131. Bug\u00fcn ger\u00e7ekle\u015fen g\u00f6r\u00fc\u015fmede, Ortado\u011fu\u2019daki son geli\u015fmeler ve s\u00fcregelen sava\u015f\u0131n b\u00f6lge \u00fczerindeki y\u0131k\u0131c\u0131 etkileri masaya yat\u0131r\u0131ld\u0131. \u00c7at\u0131\u015fmalar\u0131n geni\u015fleme riskine kar\u015f\u0131 &#8220;derin endi\u015fe&#8221;\u00a0\u00a0\u00a0\u00a0\u00a0\u00a0\u00a0\u00a0\u00a0\u00a0\u00a0\u00a0\u00a0\u00a0\u00a0 K\u00fcrdistan B\u00f6lgesi Ba\u015fkanl\u0131\u011f\u0131 taraf\u0131ndan yap\u0131lan resmi a\u00e7\u0131klamaya g\u00f6re, her iki lider de gerilimin t\u0131rmanmas\u0131ndan duyduklar\u0131 &#8220;derin endi\u015feyi&#8221; [&hellip;]","og_url":"https:\/\/darkamazi.site\/archives\/1036645","og_site_name":"Darka Mazi","article_publisher":"https:\/\/www.facebook.com\/DarkaMaziturkce","article_published_time":"2026-03-07T18:18:04+00:00","og_image":[{"width":1562,"height":878,"url":"https:\/\/darkamazi.site\/file\/2026\/03\/necirvan-barzani-macron.jpg","type":"image\/jpeg"}],"author":"darka mazi","twitter_card":"summary_large_image","twitter_creator":"@DarkaMaziTurkce","twitter_site":"@DarkaMaziTurkce","twitter_misc":{"Written by":"darka mazi","Est. reading time":"2 minutes"},"schema":{"@context":"https:\/\/schema.org","@graph":[{"@type":"NewsArticle","@id":"https:\/\/darkamazi.site\/archives\/1036645#article","isPartOf":{"@id":"https:\/\/darkamazi.site\/archives\/1036645"},"author":{"name":"darka mazi","@id":"https:\/\/darkamazi.site\/#\/schema\/person\/67986a95ac546c16760365877ef4a9d3"},"headline":"Ne\u00e7irvan Barzani ile Macron telefonda g\u00f6r\u00fc\u015ft\u00fc: &#8216;Uluslararas\u0131 \u00e7abalar yo\u011funla\u015fmal\u0131&#8217;","datePublished":"2026-03-07T18:18:04+00:00","mainEntityOfPage":{"@id":"https:\/\/darkamazi.site\/archives\/1036645"},"wordCount":329,"publisher":{"@id":"https:\/\/darkamazi.site\/#organization"},"image":{"@id":"https:\/\/darkamazi.site\/archives\/1036645#primaryimage"},"thumbnailUrl":"https:\/\/darkamazi.site\/file\/2026\/03\/necirvan-barzani-macron.jpg","keywords":["\u00f6nemli"],"articleSection":["Kurdistan"],"inLanguage":"en-US"},{"@type":"WebPage","@id":"https:\/\/darkamazi.site\/archives\/1036645","url":"https:\/\/darkamazi.site\/archives\/1036645","name":"Ne\u00e7irvan Barzani ile Macron telefonda g\u00f6r\u00fc\u015ft\u00fc: 'Uluslararas\u0131 \u00e7abalar yo\u011funla\u015fmal\u0131' - Darka Mazi","isPartOf":{"@id":"https:\/\/darkamazi.site\/#website"},"primaryImageOfPage":{"@id":"https:\/\/darkamazi.site\/archives\/1036645#primaryimage"},"image":{"@id":"https:\/\/darkamazi.site\/archives\/1036645#primaryimage"},"thumbnailUrl":"https:\/\/darkamazi.site\/file\/2026\/03\/necirvan-barzani-macron.jpg","datePublished":"2026-03-07T18:18:04+00:00","breadcrumb":{"@id":"https:\/\/darkamazi.site\/archives\/1036645#breadcrumb"},"inLanguage":"en-US","potentialAction":[{"@type":"ReadAction","target":["https:\/\/darkamazi.site\/archives\/1036645"]}]},{"@type":"ImageObject","inLanguage":"en-US","@id":"https:\/\/darkamazi.site\/archives\/1036645#primaryimage","url":"https:\/\/darkamazi.site\/file\/2026\/03\/necirvan-barzani-macron.jpg","contentUrl":"https:\/\/darkamazi.site\/file\/2026\/03\/necirvan-barzani-macron.jpg","width":1562,"height":878,"caption":"Ne\u00e7irvan Barzani ile Macron telefonda g\u00f6r\u00fc\u015ft\u00fc: 'Uluslararas\u0131 \u00e7abalar yo\u011funla\u015fmal\u0131'"},{"@type":"BreadcrumbList","@id":"https:\/\/darkamazi.site\/archives\/1036645#breadcrumb","itemListElement":[{"@type":"ListItem","position":1,"name":"Home","item":"https:\/\/darkamazi.site\/"},{"@type":"ListItem","position":2,"name":"Ne\u00e7irvan Barzani ile Macron telefonda g\u00f6r\u00fc\u015ft\u00fc: &#8216;Uluslararas\u0131 \u00e7abalar yo\u011funla\u015fmal\u0131&#8217;"}]},{"@type":"WebSite","@id":"https:\/\/darkamazi.site\/#website","url":"https:\/\/darkamazi.site\/","name":"Darka Mazi","description":"Ana Sayfa","publisher":{"@id":"https:\/\/darkamazi.site\/#organization"},"potentialAction":[{"@type":"SearchAction","target":{"@type":"EntryPoint","urlTemplate":"https:\/\/darkamazi.site\/?s={search_term_string}"},"query-input":{"@type":"PropertyValueSpecification","valueRequired":true,"valueName":"search_term_string"}}],"inLanguage":"en-US"},{"@type":"Organization","@id":"https:\/\/darkamazi.site\/#organization","name":"Darka Mazi T\u00fcrk\u00e7e","alternateName":"Darka Mazi","url":"https:\/\/darkamazi.site\/","logo":{"@type":"ImageObject","inLanguage":"en-US","@id":"https:\/\/darkamazi.site\/#\/schema\/logo\/image\/","url":"https:\/\/darkamazi.site\/file\/2017\/12\/darka-mazi-logo.png","contentUrl":"https:\/\/darkamazi.site\/file\/2017\/12\/darka-mazi-logo.png","width":151,"height":75,"caption":"Darka Mazi T\u00fcrk\u00e7e"},"image":{"@id":"https:\/\/darkamazi.site\/#\/schema\/logo\/image\/"},"sameAs":["https:\/\/www.facebook.com\/DarkaMaziturkce","https:\/\/x.com\/DarkaMaziTurkce"]},{"@type":"Person","@id":"https:\/\/darkamazi.site\/#\/schema\/person\/67986a95ac546c16760365877ef4a9d3","name":"darka mazi","sameAs":["https:\/\/darkamazi.site"],"url":"https:\/\/darkamazi.site\/archives\/author\/turkish"}]}},"_links":{"self":[{"href":"https:\/\/darkamazi.site\/funavuv\/wp\/v2\/posts\/1036645","targetHints":{"allow":["GET"]}}],"collection":[{"href":"https:\/\/darkamazi.site\/funavuv\/wp\/v2\/posts"}],"about":[{"href":"https:\/\/darkamazi.site\/funavuv\/wp\/v2\/types\/post"}],"author":[{"embeddable":true,"href":"https:\/\/darkamazi.site\/funavuv\/wp\/v2\/users\/2"}],"replies":[{"embeddable":true,"href":"https:\/\/darkamazi.site\/funavuv\/wp\/v2\/comments?post=1036645"}],"version-history":[{"count":0,"href":"https:\/\/darkamazi.site\/funavuv\/wp\/v2\/posts\/1036645\/revisions"}],"wp:featuredmedia":[{"embeddable":true,"href":"https:\/\/darkamazi.site\/funavuv\/wp\/v2\/media\/1036646"}],"wp:attachment":[{"href":"https:\/\/darkamazi.site\/funavuv\/wp\/v2\/media?parent=1036645"}],"wp:term":[{"taxonomy":"category","embeddable":true,"href":"https:\/\/darkamazi.site\/funavuv\/wp\/v2\/categories?post=1036645"},{"taxonomy":"post_tag","embeddable":true,"href":"https:\/\/darkamazi.site\/funavuv\/wp\/v2\/tags?post=1036645"}],"curies":[{"name":"wp","href":"https:\/\/api.w.org\/{rel}","templated":true}]}}