{"id":1036648,"date":"2026-03-07T21:23:46","date_gmt":"2026-03-07T18:23:46","guid":{"rendered":"https:\/\/darkamazi.site\/?p=1036648"},"modified":"2026-03-07T21:23:46","modified_gmt":"2026-03-07T18:23:46","slug":"baskan-necirvan-barzani-turkiye-cumhurbaskani-erdogan-ile-gorustu","status":"publish","type":"post","link":"https:\/\/darkamazi.site\/archives\/1036648","title":{"rendered":"Ba\u015fkan Ne\u00e7irvan Barzani, T\u00fcrkiye Cumhurba\u015fkan\u0131 Erdo\u011fan ile g\u00f6r\u00fc\u015ft\u00fc"},"content":{"rendered":"<p style=\"text-align: justify\"><strong>\u00a0<\/strong>K\u00fcrdistan B\u00f6lgesi Ba\u015fkan\u0131 Ne\u00e7irvan Barzani ve T\u00fcrkiye Cumhurba\u015fkan\u0131 Erdo\u011fan aras\u0131nda telefon g\u00f6r\u00fc\u015fmesi ger\u00e7ekle\u015ftirdi.<\/p>\n<p style=\"text-align: justify\">K\u00fcrdistan B\u00f6lgesi Ba\u015fkanl\u0131\u011f\u0131ndan yap\u0131lan a\u00e7\u0131klamaya g\u00f6re, Ba\u015fkan\u00a0\u00a0Ne\u00e7irvan Barzani, T\u00fcrkiye Cumhurba\u015fkan\u0131 Recep Tayyip Erdo\u011fan\u2019dan bir telefon ald\u0131.<\/p>\n<p style=\"text-align: justify\">G\u00f6r\u00fc\u015fmede, b\u00f6lgedeki durum ve sava\u015f sonucunda ortaya \u00e7\u0131kan tehlikeli meydan okumalar ayr\u0131nt\u0131l\u0131 bir \u015fekilde ele al\u0131nd\u0131. Her iki taraf, gerginli\u011fin t\u0131rmanmas\u0131n\u0131n istikrar\u0131n bug\u00fcn\u00fc ve gelece\u011fi \u00fczerinde ger\u00e7ek bir tehdit olu\u015fturdu\u011fu konusunda mutab\u0131k kald\u0131. Bu nedenle, \u00e7at\u0131\u015fmalar\u0131n yay\u0131lmas\u0131n\u0131 \u00f6nlemek ve uluslar\u0131 sava\u015f\u0131n y\u0131k\u0131mlar\u0131ndan korumak amac\u0131yla siyasi \u00e7\u00f6z\u00fcm yollar\u0131na ba\u015fvurulmas\u0131n\u0131n gereklili\u011fine vurgu yap\u0131ld\u0131.<\/p>\n<p style=\"text-align: justify\">\u00d6te yandan Cumhurba\u015fkan\u0131 Erdo\u011fan, i\u015f birli\u011fi\u00a0 ile T\u00fcrkiye&#8217;de bar\u0131\u015f\u0131n desteklenmesindeki belirgin ve olumlu rol\u00fcnden dolay\u0131 Ba\u015fkan Ne\u00e7irvan Barzani&#8217;ye \u00f6zel te\u015fekk\u00fcr ve takdirlerini iletti. Erdo\u011fan ayr\u0131ca, bu tutumlar\u0131n halklar aras\u0131nda uzla\u015f\u0131 ve bir arada ya\u015fama k\u00fclt\u00fcr\u00fcn\u00fcn peki\u015ftirilmesi ile b\u00f6lgedeki gerginliklerin azalt\u0131lmas\u0131 ad\u0131na temel bir fakt\u00f6r oldu\u011funa i\u015faret etti.<\/p>\n<p style=\"text-align: justify\">Ba\u015fkan Ne\u00e7irvan Barzani ise, K\u00fcrdistan B\u00f6lgesi&#8217;nin her zaman oldu\u011fu gibi b\u00f6lgede s\u00fckunetin sa\u011flanmas\u0131 i\u00e7in \u00e7al\u0131\u015ft\u0131\u011f\u0131n\u0131; b\u00f6lge halklar\u0131n\u0131n g\u00fcvenli\u011fini ve genel \u00e7\u0131karlar\u0131n\u0131 koruyacak \u015fekilde, sorunlar\u0131n \u00e7\u00f6z\u00fcm\u00fc ad\u0131na at\u0131lan her t\u00fcrl\u00fc bar\u0131\u015f\u00e7\u0131l ad\u0131m\u0131 ve diyalo\u011fu destekledi\u011fini yineledi.<\/p>\n","protected":false},"excerpt":{"rendered":"<p>\u00a0K\u00fcrdistan B\u00f6lgesi Ba\u015fkan\u0131 Ne\u00e7irvan Barzani ve T\u00fcrkiye Cumhurba\u015fkan\u0131 Erdo\u011fan aras\u0131nda telefon g\u00f6r\u00fc\u015fmesi ger\u00e7ekle\u015ftirdi. K\u00fcrdistan B\u00f6lgesi Ba\u015fkanl\u0131\u011f\u0131ndan yap\u0131lan a\u00e7\u0131klamaya g\u00f6re, Ba\u015fkan\u00a0\u00a0Ne\u00e7irvan Barzani, T\u00fcrkiye Cumhurba\u015fkan\u0131 Recep Tayyip Erdo\u011fan\u2019dan bir telefon ald\u0131. G\u00f6r\u00fc\u015fmede, b\u00f6lgedeki durum ve sava\u015f sonucunda ortaya \u00e7\u0131kan tehlikeli meydan okumalar ayr\u0131nt\u0131l\u0131 bir \u015fekilde ele al\u0131nd\u0131. Her iki taraf, gerginli\u011fin t\u0131rmanmas\u0131n\u0131n istikrar\u0131n bug\u00fcn\u00fc ve gelece\u011fi \u00fczerinde [&hellip;]<\/p>\n","protected":false},"author":2,"featured_media":1036649,"comment_status":"closed","ping_status":"closed","sticky":false,"template":"","format":"standard","meta":{"footnotes":""},"categories":[3],"tags":[31],"class_list":["post-1036648","post","type-post","status-publish","format-standard","has-post-thumbnail","hentry","category-kurdistan","tag-onemli"],"blocksy_meta":[],"seo_head":"<!-- This site is optimized with the Yoast SEO plugin v27.5 - https:\/\/yoast.com\/product\/yoast-seo-wordpress\/ -->\n<title>Ba\u015fkan Ne\u00e7irvan Barzani, T\u00fcrkiye Cumhurba\u015fkan\u0131 Erdo\u011fan ile g\u00f6r\u00fc\u015ft\u00fc - Darka Mazi<\/title>\n<meta name=\"robots\" content=\"index, follow, max-snippet:-1, max-image-preview:large, max-video-preview:-1\" \/>\n<link rel=\"canonical\" href=\"https:\/\/darkamazi.site\/archives\/1036648\" \/>\n<meta property=\"og:locale\" content=\"en_US\" \/>\n<meta property=\"og:type\" content=\"article\" \/>\n<meta property=\"og:title\" content=\"Ba\u015fkan Ne\u00e7irvan Barzani, T\u00fcrkiye Cumhurba\u015fkan\u0131 Erdo\u011fan ile g\u00f6r\u00fc\u015ft\u00fc - Darka Mazi\" \/>\n<meta property=\"og:description\" content=\"\u00a0K\u00fcrdistan B\u00f6lgesi Ba\u015fkan\u0131 Ne\u00e7irvan Barzani ve T\u00fcrkiye Cumhurba\u015fkan\u0131 Erdo\u011fan aras\u0131nda telefon g\u00f6r\u00fc\u015fmesi ger\u00e7ekle\u015ftirdi. K\u00fcrdistan B\u00f6lgesi Ba\u015fkanl\u0131\u011f\u0131ndan yap\u0131lan a\u00e7\u0131klamaya g\u00f6re, Ba\u015fkan\u00a0\u00a0Ne\u00e7irvan Barzani, T\u00fcrkiye Cumhurba\u015fkan\u0131 Recep Tayyip Erdo\u011fan\u2019dan bir telefon ald\u0131. G\u00f6r\u00fc\u015fmede, b\u00f6lgedeki durum ve sava\u015f sonucunda ortaya \u00e7\u0131kan tehlikeli meydan okumalar ayr\u0131nt\u0131l\u0131 bir \u015fekilde ele al\u0131nd\u0131. Her iki taraf, gerginli\u011fin t\u0131rmanmas\u0131n\u0131n istikrar\u0131n bug\u00fcn\u00fc ve gelece\u011fi \u00fczerinde [&hellip;]\" \/>\n<meta property=\"og:url\" content=\"https:\/\/darkamazi.site\/archives\/1036648\" \/>\n<meta property=\"og:site_name\" content=\"Darka Mazi\" \/>\n<meta property=\"article:publisher\" content=\"https:\/\/www.facebook.com\/DarkaMaziturkce\" \/>\n<meta property=\"article:published_time\" content=\"2026-03-07T18:23:46+00:00\" \/>\n<meta property=\"og:image\" content=\"https:\/\/darkamazi.site\/file\/2026\/03\/Necirvan-Barzani-and-Erdogan.jpg\" \/>\n\t<meta property=\"og:image:width\" content=\"650\" \/>\n\t<meta property=\"og:image:height\" content=\"365\" \/>\n\t<meta property=\"og:image:type\" content=\"image\/jpeg\" \/>\n<meta name=\"author\" content=\"darka mazi\" \/>\n<meta name=\"twitter:card\" content=\"summary_large_image\" \/>\n<meta name=\"twitter:creator\" content=\"@DarkaMaziTurkce\" \/>\n<meta name=\"twitter:site\" content=\"@DarkaMaziTurkce\" \/>\n<meta name=\"twitter:label1\" content=\"Written by\" \/>\n\t<meta name=\"twitter:data1\" content=\"darka mazi\" \/>\n\t<meta name=\"twitter:label2\" content=\"Est. reading time\" \/>\n\t<meta name=\"twitter:data2\" content=\"1 minute\" \/>\n<script type=\"application\/ld+json\" class=\"seo-schema-graph\">{\"@context\":\"https:\\\/\\\/schema.org\",\"@graph\":[{\"@type\":\"NewsArticle\",\"@id\":\"https:\\\/\\\/darkamazi.site\\\/archives\\\/1036648#article\",\"isPartOf\":{\"@id\":\"https:\\\/\\\/darkamazi.site\\\/archives\\\/1036648\"},\"author\":{\"name\":\"darka mazi\",\"@id\":\"https:\\\/\\\/darkamazi.site\\\/#\\\/schema\\\/person\\\/67986a95ac546c16760365877ef4a9d3\"},\"headline\":\"Ba\u015fkan Ne\u00e7irvan Barzani, T\u00fcrkiye Cumhurba\u015fkan\u0131 Erdo\u011fan ile g\u00f6r\u00fc\u015ft\u00fc\",\"datePublished\":\"2026-03-07T18:23:46+00:00\",\"mainEntityOfPage\":{\"@id\":\"https:\\\/\\\/darkamazi.site\\\/archives\\\/1036648\"},\"wordCount\":291,\"publisher\":{\"@id\":\"https:\\\/\\\/darkamazi.site\\\/#organization\"},\"image\":{\"@id\":\"https:\\\/\\\/darkamazi.site\\\/archives\\\/1036648#primaryimage\"},\"thumbnailUrl\":\"https:\\\/\\\/darkamazi.site\\\/darka-content\\\/uploads\\\/2026\\\/03\\\/Necirvan-Barzani-and-Erdogan.jpg\",\"keywords\":[\"\u00f6nemli\"],\"articleSection\":[\"Kurdistan\"],\"inLanguage\":\"en-US\"},{\"@type\":\"WebPage\",\"@id\":\"https:\\\/\\\/darkamazi.site\\\/archives\\\/1036648\",\"url\":\"https:\\\/\\\/darkamazi.site\\\/archives\\\/1036648\",\"name\":\"Ba\u015fkan Ne\u00e7irvan Barzani, T\u00fcrkiye Cumhurba\u015fkan\u0131 Erdo\u011fan ile g\u00f6r\u00fc\u015ft\u00fc - Darka Mazi\",\"isPartOf\":{\"@id\":\"https:\\\/\\\/darkamazi.site\\\/#website\"},\"primaryImageOfPage\":{\"@id\":\"https:\\\/\\\/darkamazi.site\\\/archives\\\/1036648#primaryimage\"},\"image\":{\"@id\":\"https:\\\/\\\/darkamazi.site\\\/archives\\\/1036648#primaryimage\"},\"thumbnailUrl\":\"https:\\\/\\\/darkamazi.site\\\/darka-content\\\/uploads\\\/2026\\\/03\\\/Necirvan-Barzani-and-Erdogan.jpg\",\"datePublished\":\"2026-03-07T18:23:46+00:00\",\"breadcrumb\":{\"@id\":\"https:\\\/\\\/darkamazi.site\\\/archives\\\/1036648#breadcrumb\"},\"inLanguage\":\"en-US\",\"potentialAction\":[{\"@type\":\"ReadAction\",\"target\":[\"https:\\\/\\\/darkamazi.site\\\/archives\\\/1036648\"]}]},{\"@type\":\"ImageObject\",\"inLanguage\":\"en-US\",\"@id\":\"https:\\\/\\\/darkamazi.site\\\/archives\\\/1036648#primaryimage\",\"url\":\"https:\\\/\\\/darkamazi.site\\\/darka-content\\\/uploads\\\/2026\\\/03\\\/Necirvan-Barzani-and-Erdogan.jpg\",\"contentUrl\":\"https:\\\/\\\/darkamazi.site\\\/darka-content\\\/uploads\\\/2026\\\/03\\\/Necirvan-Barzani-and-Erdogan.jpg\",\"width\":650,\"height\":365,\"caption\":\"Ba\u015fkan Ne\u00e7irvan Barzani, T\u00fcrkiye Cumhurba\u015fkan\u0131 Erdo\u011fan ile g\u00f6r\u00fc\u015ft\u00fc\"},{\"@type\":\"BreadcrumbList\",\"@id\":\"https:\\\/\\\/darkamazi.site\\\/archives\\\/1036648#breadcrumb\",\"itemListElement\":[{\"@type\":\"ListItem\",\"position\":1,\"name\":\"Home\",\"item\":\"https:\\\/\\\/darkamazi.site\\\/\"},{\"@type\":\"ListItem\",\"position\":2,\"name\":\"Ba\u015fkan Ne\u00e7irvan Barzani, T\u00fcrkiye Cumhurba\u015fkan\u0131 Erdo\u011fan ile g\u00f6r\u00fc\u015ft\u00fc\"}]},{\"@type\":\"WebSite\",\"@id\":\"https:\\\/\\\/darkamazi.site\\\/#website\",\"url\":\"https:\\\/\\\/darkamazi.site\\\/\",\"name\":\"Darka Mazi\",\"description\":\"Ana Sayfa\",\"publisher\":{\"@id\":\"https:\\\/\\\/darkamazi.site\\\/#organization\"},\"potentialAction\":[{\"@type\":\"SearchAction\",\"target\":{\"@type\":\"EntryPoint\",\"urlTemplate\":\"https:\\\/\\\/darkamazi.site\\\/?s={search_term_string}\"},\"query-input\":{\"@type\":\"PropertyValueSpecification\",\"valueRequired\":true,\"valueName\":\"search_term_string\"}}],\"inLanguage\":\"en-US\"},{\"@type\":\"Organization\",\"@id\":\"https:\\\/\\\/darkamazi.site\\\/#organization\",\"name\":\"Darka Mazi T\u00fcrk\u00e7e\",\"alternateName\":\"Darka Mazi\",\"url\":\"https:\\\/\\\/darkamazi.site\\\/\",\"logo\":{\"@type\":\"ImageObject\",\"inLanguage\":\"en-US\",\"@id\":\"https:\\\/\\\/darkamazi.site\\\/#\\\/schema\\\/logo\\\/image\\\/\",\"url\":\"https:\\\/\\\/darkamazi.site\\\/darka-content\\\/uploads\\\/2017\\\/12\\\/darka-mazi-logo.png\",\"contentUrl\":\"https:\\\/\\\/darkamazi.site\\\/darka-content\\\/uploads\\\/2017\\\/12\\\/darka-mazi-logo.png\",\"width\":151,\"height\":75,\"caption\":\"Darka Mazi T\u00fcrk\u00e7e\"},\"image\":{\"@id\":\"https:\\\/\\\/darkamazi.site\\\/#\\\/schema\\\/logo\\\/image\\\/\"},\"sameAs\":[\"https:\\\/\\\/www.facebook.com\\\/DarkaMaziturkce\",\"https:\\\/\\\/x.com\\\/DarkaMaziTurkce\"]},{\"@type\":\"Person\",\"@id\":\"https:\\\/\\\/darkamazi.site\\\/#\\\/schema\\\/person\\\/67986a95ac546c16760365877ef4a9d3\",\"name\":\"darka mazi\",\"sameAs\":[\"https:\\\/\\\/darkamazi.site\"],\"url\":\"https:\\\/\\\/darkamazi.site\\\/archives\\\/author\\\/turkish\"}]}<\/script>\n<!-- \/ Yoast SEO plugin. -->","seo_head_json":{"title":"Ba\u015fkan Ne\u00e7irvan Barzani, T\u00fcrkiye Cumhurba\u015fkan\u0131 Erdo\u011fan ile g\u00f6r\u00fc\u015ft\u00fc - Darka Mazi","robots":{"index":"index","follow":"follow","max-snippet":"max-snippet:-1","max-image-preview":"max-image-preview:large","max-video-preview":"max-video-preview:-1"},"canonical":"https:\/\/darkamazi.site\/archives\/1036648","og_locale":"en_US","og_type":"article","og_title":"Ba\u015fkan Ne\u00e7irvan Barzani, T\u00fcrkiye Cumhurba\u015fkan\u0131 Erdo\u011fan ile g\u00f6r\u00fc\u015ft\u00fc - Darka Mazi","og_description":"\u00a0K\u00fcrdistan B\u00f6lgesi Ba\u015fkan\u0131 Ne\u00e7irvan Barzani ve T\u00fcrkiye Cumhurba\u015fkan\u0131 Erdo\u011fan aras\u0131nda telefon g\u00f6r\u00fc\u015fmesi ger\u00e7ekle\u015ftirdi. K\u00fcrdistan B\u00f6lgesi Ba\u015fkanl\u0131\u011f\u0131ndan yap\u0131lan a\u00e7\u0131klamaya g\u00f6re, Ba\u015fkan\u00a0\u00a0Ne\u00e7irvan Barzani, T\u00fcrkiye Cumhurba\u015fkan\u0131 Recep Tayyip Erdo\u011fan\u2019dan bir telefon ald\u0131. G\u00f6r\u00fc\u015fmede, b\u00f6lgedeki durum ve sava\u015f sonucunda ortaya \u00e7\u0131kan tehlikeli meydan okumalar ayr\u0131nt\u0131l\u0131 bir \u015fekilde ele al\u0131nd\u0131. Her iki taraf, gerginli\u011fin t\u0131rmanmas\u0131n\u0131n istikrar\u0131n bug\u00fcn\u00fc ve gelece\u011fi \u00fczerinde [&hellip;]","og_url":"https:\/\/darkamazi.site\/archives\/1036648","og_site_name":"Darka Mazi","article_publisher":"https:\/\/www.facebook.com\/DarkaMaziturkce","article_published_time":"2026-03-07T18:23:46+00:00","og_image":[{"width":650,"height":365,"url":"https:\/\/darkamazi.site\/file\/2026\/03\/Necirvan-Barzani-and-Erdogan.jpg","type":"image\/jpeg"}],"author":"darka mazi","twitter_card":"summary_large_image","twitter_creator":"@DarkaMaziTurkce","twitter_site":"@DarkaMaziTurkce","twitter_misc":{"Written by":"darka mazi","Est. reading time":"1 minute"},"schema":{"@context":"https:\/\/schema.org","@graph":[{"@type":"NewsArticle","@id":"https:\/\/darkamazi.site\/archives\/1036648#article","isPartOf":{"@id":"https:\/\/darkamazi.site\/archives\/1036648"},"author":{"name":"darka mazi","@id":"https:\/\/darkamazi.site\/#\/schema\/person\/67986a95ac546c16760365877ef4a9d3"},"headline":"Ba\u015fkan Ne\u00e7irvan Barzani, T\u00fcrkiye Cumhurba\u015fkan\u0131 Erdo\u011fan ile g\u00f6r\u00fc\u015ft\u00fc","datePublished":"2026-03-07T18:23:46+00:00","mainEntityOfPage":{"@id":"https:\/\/darkamazi.site\/archives\/1036648"},"wordCount":291,"publisher":{"@id":"https:\/\/darkamazi.site\/#organization"},"image":{"@id":"https:\/\/darkamazi.site\/archives\/1036648#primaryimage"},"thumbnailUrl":"https:\/\/darkamazi.site\/file\/2026\/03\/Necirvan-Barzani-and-Erdogan.jpg","keywords":["\u00f6nemli"],"articleSection":["Kurdistan"],"inLanguage":"en-US"},{"@type":"WebPage","@id":"https:\/\/darkamazi.site\/archives\/1036648","url":"https:\/\/darkamazi.site\/archives\/1036648","name":"Ba\u015fkan Ne\u00e7irvan Barzani, T\u00fcrkiye Cumhurba\u015fkan\u0131 Erdo\u011fan ile g\u00f6r\u00fc\u015ft\u00fc - Darka Mazi","isPartOf":{"@id":"https:\/\/darkamazi.site\/#website"},"primaryImageOfPage":{"@id":"https:\/\/darkamazi.site\/archives\/1036648#primaryimage"},"image":{"@id":"https:\/\/darkamazi.site\/archives\/1036648#primaryimage"},"thumbnailUrl":"https:\/\/darkamazi.site\/file\/2026\/03\/Necirvan-Barzani-and-Erdogan.jpg","datePublished":"2026-03-07T18:23:46+00:00","breadcrumb":{"@id":"https:\/\/darkamazi.site\/archives\/1036648#breadcrumb"},"inLanguage":"en-US","potentialAction":[{"@type":"ReadAction","target":["https:\/\/darkamazi.site\/archives\/1036648"]}]},{"@type":"ImageObject","inLanguage":"en-US","@id":"https:\/\/darkamazi.site\/archives\/1036648#primaryimage","url":"https:\/\/darkamazi.site\/file\/2026\/03\/Necirvan-Barzani-and-Erdogan.jpg","contentUrl":"https:\/\/darkamazi.site\/file\/2026\/03\/Necirvan-Barzani-and-Erdogan.jpg","width":650,"height":365,"caption":"Ba\u015fkan Ne\u00e7irvan Barzani, T\u00fcrkiye Cumhurba\u015fkan\u0131 Erdo\u011fan ile g\u00f6r\u00fc\u015ft\u00fc"},{"@type":"BreadcrumbList","@id":"https:\/\/darkamazi.site\/archives\/1036648#breadcrumb","itemListElement":[{"@type":"ListItem","position":1,"name":"Home","item":"https:\/\/darkamazi.site\/"},{"@type":"ListItem","position":2,"name":"Ba\u015fkan Ne\u00e7irvan Barzani, T\u00fcrkiye Cumhurba\u015fkan\u0131 Erdo\u011fan ile g\u00f6r\u00fc\u015ft\u00fc"}]},{"@type":"WebSite","@id":"https:\/\/darkamazi.site\/#website","url":"https:\/\/darkamazi.site\/","name":"Darka Mazi","description":"Ana Sayfa","publisher":{"@id":"https:\/\/darkamazi.site\/#organization"},"potentialAction":[{"@type":"SearchAction","target":{"@type":"EntryPoint","urlTemplate":"https:\/\/darkamazi.site\/?s={search_term_string}"},"query-input":{"@type":"PropertyValueSpecification","valueRequired":true,"valueName":"search_term_string"}}],"inLanguage":"en-US"},{"@type":"Organization","@id":"https:\/\/darkamazi.site\/#organization","name":"Darka Mazi T\u00fcrk\u00e7e","alternateName":"Darka Mazi","url":"https:\/\/darkamazi.site\/","logo":{"@type":"ImageObject","inLanguage":"en-US","@id":"https:\/\/darkamazi.site\/#\/schema\/logo\/image\/","url":"https:\/\/darkamazi.site\/file\/2017\/12\/darka-mazi-logo.png","contentUrl":"https:\/\/darkamazi.site\/file\/2017\/12\/darka-mazi-logo.png","width":151,"height":75,"caption":"Darka Mazi T\u00fcrk\u00e7e"},"image":{"@id":"https:\/\/darkamazi.site\/#\/schema\/logo\/image\/"},"sameAs":["https:\/\/www.facebook.com\/DarkaMaziturkce","https:\/\/x.com\/DarkaMaziTurkce"]},{"@type":"Person","@id":"https:\/\/darkamazi.site\/#\/schema\/person\/67986a95ac546c16760365877ef4a9d3","name":"darka mazi","sameAs":["https:\/\/darkamazi.site"],"url":"https:\/\/darkamazi.site\/archives\/author\/turkish"}]}},"_links":{"self":[{"href":"https:\/\/darkamazi.site\/funavuv\/wp\/v2\/posts\/1036648","targetHints":{"allow":["GET"]}}],"collection":[{"href":"https:\/\/darkamazi.site\/funavuv\/wp\/v2\/posts"}],"about":[{"href":"https:\/\/darkamazi.site\/funavuv\/wp\/v2\/types\/post"}],"author":[{"embeddable":true,"href":"https:\/\/darkamazi.site\/funavuv\/wp\/v2\/users\/2"}],"replies":[{"embeddable":true,"href":"https:\/\/darkamazi.site\/funavuv\/wp\/v2\/comments?post=1036648"}],"version-history":[{"count":0,"href":"https:\/\/darkamazi.site\/funavuv\/wp\/v2\/posts\/1036648\/revisions"}],"wp:featuredmedia":[{"embeddable":true,"href":"https:\/\/darkamazi.site\/funavuv\/wp\/v2\/media\/1036649"}],"wp:attachment":[{"href":"https:\/\/darkamazi.site\/funavuv\/wp\/v2\/media?parent=1036648"}],"wp:term":[{"taxonomy":"category","embeddable":true,"href":"https:\/\/darkamazi.site\/funavuv\/wp\/v2\/categories?post=1036648"},{"taxonomy":"post_tag","embeddable":true,"href":"https:\/\/darkamazi.site\/funavuv\/wp\/v2\/tags?post=1036648"}],"curies":[{"name":"wp","href":"https:\/\/api.w.org\/{rel}","templated":true}]}}