{"id":1036651,"date":"2026-03-08T16:19:58","date_gmt":"2026-03-08T13:19:58","guid":{"rendered":"https:\/\/darkamazi.site\/?p=1036651"},"modified":"2026-03-08T16:19:58","modified_gmt":"2026-03-08T13:19:58","slug":"bu-savas-iranda-rejime-yonelik-ic-baskiyi-artirir-mi","status":"publish","type":"post","link":"https:\/\/darkamazi.site\/archives\/1036651","title":{"rendered":"Bu Sava\u015f, \u0130ran\u2019da Rejime Y\u00f6nelik \u0130\u00e7 Bask\u0131y\u0131 Art\u0131r\u0131r m\u0131?"},"content":{"rendered":"<p style=\"text-align: justify\">ABD ve \u0130srail&#8217;in \u0130ran&#8217;a kar\u015f\u0131 ba\u015flatt\u0131\u011f\u0131 ortak operasyon <strong><em>&#8220;Epic Fury&#8221;<\/em><\/strong> (veya \u0130srail taraf\u0131nda <strong><em>&#8220;Roaring Lion&#8221;<\/em><\/strong>) \u00e7er\u00e7evesinde analizimizi ele alal\u0131m. Bu analiz, mevcut haber kaynaklar\u0131, askeri raporlar ve uzman yorumlar\u0131 g\u00f6z \u00f6n\u00fcne al\u0131narak haz\u0131rlanm\u0131\u015f.<\/p>\n<p style=\"text-align: justify\">Sava\u015f\u0131n hipotetik veya spek\u00fclatif unsurlar\u0131n\u0131, somut verilere dayal\u0131 olarak, de\u011ferlendirmemiz gerekiyor.<\/p>\n<p style=\"text-align: justify\"><strong><em>Bu Sava\u015f Nereye Do\u011fru Gidiyor?<\/em><\/strong><\/p>\n<p style=\"text-align: justify\">Sava\u015f, <strong>28<\/strong> \u015eubat <strong>2026<\/strong>&#8216;da <strong>ABD<\/strong> ve <strong>\u0130srail<\/strong>&#8216;in \u0130ran&#8217;\u0131n n\u00fckleer tesisleri, f\u00fcze programlar\u0131, hava savunmalar\u0131 ve liderli\u011fini (\u00f6rne\u011fin, Dini Lider Ali Hamaney\u2019in de i\u00e7inde oldu\u011fu y\u00fczlerce kadronun \u00f6ld\u00fcr\u00fclmesi) hedef alan <strong>900<\/strong>&#8216;e yak\u0131n hava sald\u0131r\u0131s\u0131yla ba\u015flad\u0131.<\/p>\n<p style=\"text-align: justify\">\u015eu an hava \u00fcst\u00fcnl\u00fc\u011f\u00fc b\u00fcy\u00fck \u00f6l\u00e7\u00fcde <strong>ABD-\u0130srail<\/strong> koalisyonunda; <strong>\u0130ran&#8217;\u0131n f\u00fcze ve hava savunma kapasitesinin %60-80&#8217;i yok <\/strong>edildi.<\/p>\n<p style=\"text-align: justify\"><strong>\u0130ran<\/strong>&#8216;\u0131n misillemeleri (f\u00fcze ve dron sald\u0131r\u0131lar\u0131) devam ediyor, ancak yo\u011funluklar\u0131 azal\u0131yor \u2013 \u00f6rne\u011fin, <strong>Tel Aviv<\/strong> ve <strong>K\u00f6rfez <\/strong>\u00fclkelerine (<strong>Bahreyn, Katar, BAE<\/strong>) y\u00f6nelik sald\u0131r\u0131lar lokal hasarla s\u0131n\u0131rl\u0131 kald\u0131.<\/p>\n<p style=\"text-align: justify\"><strong>L\u00fcbnan<\/strong>&#8216;da <strong>Hizbullah<\/strong>&#8216;la \u00e7at\u0131\u015fmalar art\u0131yor (Beyrut\u2019ta tahliyeler ve kara harek\u00e2t\u0131 haz\u0131rl\u0131klar\u0131 var), <strong>Irak<\/strong>&#8216;ta, <strong>\u0130ran<\/strong> destekli <strong>Ha\u015fd\u00ee \u015eab\u00eei<\/strong>\u2019nin bir k\u0131s\u0131m g\u00fc\u00e7leri hedef al\u0131n\u0131yor ve <strong>K\u00f6rfez<\/strong>&#8216;de petrol tesisleri vuruluyor. Bu sald\u0131r\u0131lar, \u0131srarla Irak ve G\u00fcney Kurdistan\u2019\u0131 da dahil etmeye \u00e7al\u0131\u015f\u0131l\u0131yor!<\/p>\n<p style=\"text-align: justify\"><strong>ABD<\/strong> Ba\u015fkan\u0131 <strong>Trump<\/strong>, sava\u015f\u0131n <strong><em>&#8220;haftalar veya aylar&#8221; <\/em><\/strong>s\u00fcrebilece\u011fini, ancak <strong><em>&#8220;y\u0131llar almayaca\u011f\u0131n\u0131&#8221;<\/em><\/strong> belirtiyor; hedef rejim de\u011fi\u015fikli\u011fi ve \u0130ran&#8217;\u0131n n\u00fckleer\/missile tehditlerini kal\u0131c\u0131 olarak ortadan kald\u0131rmak.<\/p>\n<p style=\"text-align: justify\"><strong>\u0130ran<\/strong> taraf\u0131 ise <strong><em>&#8220;ko\u015fulsuz teslimiyet&#8221;<\/em><\/strong> talep eden <strong>Trump<\/strong>&#8216;a kar\u015f\u0131 direni\u015f g\u00f6steriyor, ancak liderlik bo\u015flu\u011fu ve i\u00e7 kar\u0131\u015f\u0131kl\u0131klar zay\u0131fl\u0131k yarat\u0131yor.<\/p>\n<p style=\"text-align: justify\">K\u0131sa vadede (haftalar), hava sald\u0131r\u0131lar\u0131 yo\u011funla\u015facak; uzun vadede (aylar), b\u00f6lgesel bir y\u0131pratma sava\u015f\u0131 haline gelebilir, ancak <strong>ABD-\u0130srail<\/strong>&#8216;in teknolojik \u00fcst\u00fcnl\u00fc\u011f\u00fc <strong>\u0130ran<\/strong>&#8216;\u0131 masaya zorlayabilir. De-eskalasyon i\u015fareti yok; Rusya&#8217;n\u0131n <strong>\u0130ran<\/strong>&#8216;a istihbarat deste\u011fi ve \u00c7in&#8217;in petrol ihracat\u0131n\u0131 ask\u0131ya almas\u0131 gerilimi art\u0131r\u0131yor.<\/p>\n<p style=\"text-align: justify\"><strong>Sava\u015f\u0131n Bedelleri Ne D\u00fczeyde?<\/strong><\/p>\n<p style=\"text-align: justify\"><strong>\u0130nsan Maliyeti<\/strong>:<strong> \u0130ran<\/strong>&#8216;\u0131n resmi kaynaklar\u0131 \u00f6l\u00fc say\u0131s\u0131 <strong>1.332 <\/strong>derken, <strong>ABD<\/strong> kaynaklar\u0131, 3.000 asker, bunlar\u0131n 40-50 kadar\u0131n\u0131 \u00fcst d\u00fczey komutanlar olarak veriyor. \u00d6rne\u011fin, bir okul sald\u0131r\u0131s\u0131nda <strong>168<\/strong> ki\u015fi de \u00f6ld\u00fc.<\/p>\n<p style=\"text-align: justify\"><strong>ABD<\/strong> taraf\u0131nda <strong>6-7<\/strong> asker \u00f6ld\u00fc, \u0130srail&#8217;de <strong>9<\/strong> sivil kay\u0131p var.<\/p>\n<p style=\"text-align: justify\">B\u00f6lgesel yay\u0131lma (L\u00fcbnan&#8217;da <strong>41<\/strong> \u00f6l\u00fc) ve m\u00fclteci ak\u0131nlar\u0131 art\u0131yor ve <strong>Beyrut<\/strong>\u2019tan g\u00fcneye ka\u00e7\u0131\u015flar \u00e7o\u011falarak, insani krizi derinle\u015ftiriyor.<\/p>\n<p style=\"text-align: justify\"><strong>Ekonomik Maliyet<\/strong>: <strong>ABD<\/strong> i\u00e7in g\u00fcnl\u00fck maliyet <strong>891<\/strong> milyon dolar; ilk <strong>100<\/strong> saatte <strong>3,7<\/strong> milyar dolard\u0131, bug\u00fcn itibariyle <strong>7,4<\/strong> milyar Dolar, m\u00fchimmat yenileme dahil.<\/p>\n<p style=\"text-align: justify\"><strong>\u0130srail<\/strong> i\u00e7in haftal\u0131k <strong>3<\/strong> milyar dolar (okul kapanmalar\u0131, rezerv seferberli\u011fi nedeniyle).<\/p>\n<p style=\"text-align: justify\"><strong>K\u00fcresel etki:<\/strong> Petrol fiyatlar\u0131 <strong>%10-13<\/strong> artarak <strong>80-82 <\/strong>dolar\/varile \u00e7\u0131kt\u0131; <strong>H\u00fcrm\u00fcz Bo\u011faz\u0131&#8217;<\/strong>ndaki kesintiler <strong>%20<\/strong> k\u00fcresel petrol arz\u0131n\u0131 etkiliyor, enflasyonu <strong>0,8<\/strong> puan y\u00fckseltebilir.<\/p>\n<p style=\"text-align: justify\">Havayollar\u0131 u\u00e7u\u015flar\u0131 iptal ediyor, borsa d\u00fc\u015f\u00fc\u015fleri (Dow Jones &#8211;<strong>400<\/strong> puan) ve enerji krizi (\u00c7in ihracat durdurdu) ekonomik dalgalanma yarat\u0131yor.<\/p>\n<p style=\"text-align: justify\">Uzun vadeli maliyetler (yeniden in\u015faat, gaziler bak\u0131m\u0131) trilyonlarca dolar\u0131 bulabilir, benzer <strong>Irak\/Afganistan<\/strong> sava\u015flar\u0131 gibi.<\/p>\n<p style=\"text-align: justify\"><strong>ABD<\/strong> ve <strong>\u0130srail, \u0130ran<\/strong>&#8216;a Karadan M\u00fcdahale Edecek Mi? Edecekse Nas\u0131l Edecek? Bu konuda do\u011frudan karadan m\u00fcdahale hen\u00fcz a\u00e7\u0131klanmad\u0131; odak hava ve deniz operasyonlar\u0131nda (\u00f6rne\u011fin, <strong>ABD<\/strong> denizalt\u0131s\u0131 \u0130ran sava\u015f gemisini bat\u0131rd\u0131).<\/p>\n<p style=\"text-align: justify\"><strong>Ancak spek\u00fclasyonlar var<\/strong>: Kurd gruplar (Irak&#8217;tan) ve \u0130ran muhalifleri (s\u00fcrg\u00fcnden) s\u0131n\u0131rdan girebilir, ABD deste\u011fiyle. Ama bu bilgiler, T\u00fcrkiye ve \u0130ran taraf\u0131ndan bilin\u00e7li bir \u015fekilde yayg\u0131nla\u015ft\u0131r\u0131lan spek\u00fclatif bilgilerdir. Sahada b\u00f6yle bir hareketlilik tespit edilmi\u015f de\u011fil.<\/p>\n<p style=\"text-align: justify\"><strong>Direkt kara i\u015fgali riskli<\/strong>. Bunun yerine Basra K\u00f6rfezi&#8217;nden deniz \u00e7\u0131karmas\u0131 veya Irak\/Kurd b\u00f6lgelerinden proxy destekli giri\u015f muhtemel. <strong>Trump<\/strong>, <strong><em>&#8220;istila felaket olur&#8221;<\/em><\/strong> diyen <strong>\u0130ran<\/strong>&#8216;a kar\u015f\u0131 rejim de\u011fi\u015fikli\u011fi i\u00e7in <strong><em>&#8220;i\u00e7ten m\u00fcdahaleyi&#8221;<\/em><\/strong> tercih ediyor.<\/p>\n<p style=\"text-align: justify\">D\u00fc\u015f\u00fck-orta; hava \u00fcst\u00fcnl\u00fc\u011f\u00fc sa\u011fland\u0131ktan sonra (haftalar i\u00e7inde) g\u00fcndeme gelebilir, ancak <strong>ABD<\/strong> Savunma Bakan\u0131 <strong><em>&#8220;rejim de\u011fi\u015fikli\u011fi de\u011fil, tehditleri yok etmek&#8221;<\/em><\/strong> diyor. Bu konuda spek\u00fclatif ve net olmayan bilgiler var. San\u0131r\u0131m bu sava\u015f\u0131n gere\u011fi ve sava\u015f\u0131n kaderi i\u00e7in gerekli.<\/p>\n<p style=\"text-align: justify\"><strong>Netanyahu,<\/strong> sava\u015f\u0131n <strong><em>&#8220;aylar s\u00fcrebilece\u011fini&#8221;<\/em><\/strong> belirterek <strong>ABD<\/strong> kararl\u0131l\u0131\u011f\u0131n\u0131 test ediyor.<\/p>\n<p style=\"text-align: justify\"><strong>ABD <\/strong>ve <strong>\u0130srail<\/strong>, <strong>\u0130ran<\/strong> <strong>Muhalefeti<\/strong>ni Silahland\u0131rarak Uzun S\u00fcreli Bir \u0130\u00e7 Sava\u015f\u0131 \u0130stiyor Mu? B\u00f6yle Bir Projenin Oluru Ne D\u00fczeyde? Evet, <strong>Trump<\/strong> \u0130ran halk\u0131n\u0131 <strong><em>&#8220;h\u00fck\u00fcmeti devirmeye&#8221;<\/em><\/strong> \u00e7a\u011f\u0131r\u0131yor ve yeni liderleri <strong><em>&#8220;kendisinin se\u00e7mesini&#8221;<\/em><\/strong> istiyor. <strong>ABD,<\/strong> rejim de\u011fi\u015fikli\u011fi i\u00e7in \u0130ran pers muhalifleri ve etnik gruplar\u0131 (Kurdleri, Belu\u00e7lari ve Azerileri) destekliyor; s\u00fcrg\u00fcndeki gruplar Irak&#8217;tan girmeye haz\u0131rlan\u0131yor, ama sadece haz\u0131rl\u0131k evresindedir.<\/p>\n<p style=\"text-align: justify\"><strong>Netanyahu<\/strong>, <strong><em>&#8220;varolu\u015fsal tehditleri kald\u0131rmak&#8221;<\/em><\/strong> i\u00e7in i\u00e7 kar\u0131\u015f\u0131kl\u0131\u011f\u0131 te\u015fvik ediyor. Bunu, uzun s\u00fcreli i\u00e7 sava\u015fla rejimi zay\u0131flatmay\u0131 ima ederek yap\u0131yor. Bu yol orta-y\u00fcksek, ancak riskli. \u0130ran&#8217;\u0131n Devrim Muhaf\u0131zlar\u0131 g\u00fc\u00e7l\u00fc, liderlik bo\u015flu\u011fu a\u015f\u0131r\u0131 fraksiyonlar\u0131 g\u00fc\u00e7lendiriyor. Bu da \u0130ran i\u00e7in dezavantaj.<\/p>\n<p style=\"text-align: justify\">ABD-\u0130srail, rejimin y\u00f6netim mekanizmas\u0131n\u0131 de\u011fi\u015ftirmede <strong>ba\u015far\u0131<\/strong>l\u0131 olursa, i\u015fbirlik\u00e7i bir y\u00f6netim kadrosu ile, yak\u0131n s\u00fcrede kal\u0131c\u0131 de\u011fi\u015fim olabilir; <strong>ba\u015far\u0131s\u0131z<\/strong> olursa, b\u00f6lgesel istikrars\u0131zl\u0131\u011fa yol a\u00e7ar (y\u0131llarca s\u00fcren <strong>i\u00e7 sava\u015f, m\u00fclteci krizi<\/strong>). Uzmanlar, <strong>Trump<\/strong>&#8216;\u0131n <strong><em>&#8220;plan eksikli\u011fini\u201d <\/em><\/strong>ele\u015ftiriyor; i\u00e7 sava\u015f\u0131n uzun s\u00fcrmesi,<strong> Rusya\/\u00c7in<\/strong> m\u00fcdahalesini tetikleyebilir.<\/p>\n<p style=\"text-align: justify\">Olas\u0131l\u0131k %<strong>40-60<\/strong>; hava sald\u0131r\u0131lar\u0131 muhalefeti cesaretlendirirse artar, ancak <strong>\u0130ran<\/strong>&#8216;\u0131n <strong><em>&#8220;be\u015finci kol&#8221;<\/em><\/strong> uyar\u0131s\u0131 i\u00e7 bask\u0131y\u0131 g\u00f6steriyor.<\/p>\n<p style=\"text-align: justify\">Durum ve sava\u015f\u0131n gidi\u015fat\u0131 h\u0131zla de\u011fi\u015febilir, ABD-\u0130srail yeni program hedeflerini g\u00fcndeme getirebilir. Bar\u0131\u015f\u00e7\u0131l \u00e7\u00f6z\u00fcm i\u00e7in diplomatik \u00e7abalar (\u00f6rne\u011fin, Putin&#8217;in \u0130ran&#8217;la g\u00f6r\u00fc\u015fmesi) umut verici gibi g\u00f6r\u00fcnse de sava\u015f ula\u015fmas\u0131n\u0131 istedi\u011fi hedeflere ula\u015fmadan durma ihtimali \u00e7ok zay\u0131f.<\/p>\n<p style=\"text-align: justify\">07.03.2026<\/p>\n","protected":false},"excerpt":{"rendered":"<p>ABD ve \u0130srail&#8217;in \u0130ran&#8217;a kar\u015f\u0131 ba\u015flatt\u0131\u011f\u0131 ortak operasyon &#8220;Epic Fury&#8221; (veya \u0130srail taraf\u0131nda &#8220;Roaring Lion&#8221;) \u00e7er\u00e7evesinde analizimizi ele alal\u0131m. Bu analiz, mevcut haber kaynaklar\u0131, askeri raporlar ve uzman yorumlar\u0131 g\u00f6z \u00f6n\u00fcne al\u0131narak haz\u0131rlanm\u0131\u015f. Sava\u015f\u0131n hipotetik veya spek\u00fclatif unsurlar\u0131n\u0131, somut verilere dayal\u0131 olarak, de\u011ferlendirmemiz gerekiyor. Bu Sava\u015f Nereye Do\u011fru Gidiyor? Sava\u015f, 28 \u015eubat 2026&#8216;da ABD ve [&hellip;]<\/p>\n","protected":false},"author":2,"featured_media":1036652,"comment_status":"closed","ping_status":"closed","sticky":false,"template":"","format":"standard","meta":{"footnotes":""},"categories":[26],"tags":[31],"class_list":["post-1036651","post","type-post","status-publish","format-standard","has-post-thumbnail","hentry","category-forum","tag-onemli"],"blocksy_meta":[],"seo_head":"<!-- This site is optimized with the Yoast SEO plugin v27.5 - https:\/\/yoast.com\/product\/yoast-seo-wordpress\/ -->\n<title>Bu Sava\u015f, \u0130ran\u2019da Rejime Y\u00f6nelik \u0130\u00e7 Bask\u0131y\u0131 Art\u0131r\u0131r m\u0131? - Darka Mazi<\/title>\n<meta name=\"robots\" content=\"index, follow, max-snippet:-1, max-image-preview:large, max-video-preview:-1\" \/>\n<link rel=\"canonical\" href=\"https:\/\/darkamazi.site\/archives\/1036651\" \/>\n<meta property=\"og:locale\" content=\"en_US\" \/>\n<meta property=\"og:type\" content=\"article\" \/>\n<meta property=\"og:title\" content=\"Bu Sava\u015f, \u0130ran\u2019da Rejime Y\u00f6nelik \u0130\u00e7 Bask\u0131y\u0131 Art\u0131r\u0131r m\u0131? - Darka Mazi\" \/>\n<meta property=\"og:description\" content=\"ABD ve \u0130srail&#8217;in \u0130ran&#8217;a kar\u015f\u0131 ba\u015flatt\u0131\u011f\u0131 ortak operasyon &#8220;Epic Fury&#8221; (veya \u0130srail taraf\u0131nda &#8220;Roaring Lion&#8221;) \u00e7er\u00e7evesinde analizimizi ele alal\u0131m. Bu analiz, mevcut haber kaynaklar\u0131, askeri raporlar ve uzman yorumlar\u0131 g\u00f6z \u00f6n\u00fcne al\u0131narak haz\u0131rlanm\u0131\u015f. Sava\u015f\u0131n hipotetik veya spek\u00fclatif unsurlar\u0131n\u0131, somut verilere dayal\u0131 olarak, de\u011ferlendirmemiz gerekiyor. Bu Sava\u015f Nereye Do\u011fru Gidiyor? Sava\u015f, 28 \u015eubat 2026&#8216;da ABD ve [&hellip;]\" \/>\n<meta property=\"og:url\" content=\"https:\/\/darkamazi.site\/archives\/1036651\" \/>\n<meta property=\"og:site_name\" content=\"Darka Mazi\" \/>\n<meta property=\"article:publisher\" content=\"https:\/\/www.facebook.com\/DarkaMaziturkce\" \/>\n<meta property=\"article:published_time\" content=\"2026-03-08T13:19:58+00:00\" \/>\n<meta property=\"og:image\" content=\"https:\/\/darkamazi.site\/file\/2026\/03\/sheyhmus.jpg\" \/>\n\t<meta property=\"og:image:width\" content=\"900\" \/>\n\t<meta property=\"og:image:height\" content=\"475\" \/>\n\t<meta property=\"og:image:type\" content=\"image\/jpeg\" \/>\n<meta name=\"author\" content=\"darka mazi\" \/>\n<meta name=\"twitter:card\" content=\"summary_large_image\" \/>\n<meta name=\"twitter:creator\" content=\"@DarkaMaziTurkce\" \/>\n<meta name=\"twitter:site\" content=\"@DarkaMaziTurkce\" \/>\n<meta name=\"twitter:label1\" content=\"Written by\" \/>\n\t<meta name=\"twitter:data1\" content=\"darka mazi\" \/>\n\t<meta name=\"twitter:label2\" content=\"Est. reading time\" \/>\n\t<meta name=\"twitter:data2\" content=\"4 minutes\" \/>\n<script type=\"application\/ld+json\" class=\"seo-schema-graph\">{\"@context\":\"https:\\\/\\\/schema.org\",\"@graph\":[{\"@type\":\"NewsArticle\",\"@id\":\"https:\\\/\\\/darkamazi.site\\\/archives\\\/1036651#article\",\"isPartOf\":{\"@id\":\"https:\\\/\\\/darkamazi.site\\\/archives\\\/1036651\"},\"author\":{\"name\":\"darka mazi\",\"@id\":\"https:\\\/\\\/darkamazi.site\\\/#\\\/schema\\\/person\\\/67986a95ac546c16760365877ef4a9d3\"},\"headline\":\"Bu Sava\u015f, \u0130ran\u2019da Rejime Y\u00f6nelik \u0130\u00e7 Bask\u0131y\u0131 Art\u0131r\u0131r m\u0131?\",\"datePublished\":\"2026-03-08T13:19:58+00:00\",\"mainEntityOfPage\":{\"@id\":\"https:\\\/\\\/darkamazi.site\\\/archives\\\/1036651\"},\"wordCount\":1054,\"publisher\":{\"@id\":\"https:\\\/\\\/darkamazi.site\\\/#organization\"},\"image\":{\"@id\":\"https:\\\/\\\/darkamazi.site\\\/archives\\\/1036651#primaryimage\"},\"thumbnailUrl\":\"https:\\\/\\\/darkamazi.site\\\/darka-content\\\/uploads\\\/2026\\\/03\\\/sheyhmus.jpg\",\"keywords\":[\"\u00f6nemli\"],\"articleSection\":[\"Forum\"],\"inLanguage\":\"en-US\"},{\"@type\":\"WebPage\",\"@id\":\"https:\\\/\\\/darkamazi.site\\\/archives\\\/1036651\",\"url\":\"https:\\\/\\\/darkamazi.site\\\/archives\\\/1036651\",\"name\":\"Bu Sava\u015f, \u0130ran\u2019da Rejime Y\u00f6nelik \u0130\u00e7 Bask\u0131y\u0131 Art\u0131r\u0131r m\u0131? - Darka Mazi\",\"isPartOf\":{\"@id\":\"https:\\\/\\\/darkamazi.site\\\/#website\"},\"primaryImageOfPage\":{\"@id\":\"https:\\\/\\\/darkamazi.site\\\/archives\\\/1036651#primaryimage\"},\"image\":{\"@id\":\"https:\\\/\\\/darkamazi.site\\\/archives\\\/1036651#primaryimage\"},\"thumbnailUrl\":\"https:\\\/\\\/darkamazi.site\\\/darka-content\\\/uploads\\\/2026\\\/03\\\/sheyhmus.jpg\",\"datePublished\":\"2026-03-08T13:19:58+00:00\",\"breadcrumb\":{\"@id\":\"https:\\\/\\\/darkamazi.site\\\/archives\\\/1036651#breadcrumb\"},\"inLanguage\":\"en-US\",\"potentialAction\":[{\"@type\":\"ReadAction\",\"target\":[\"https:\\\/\\\/darkamazi.site\\\/archives\\\/1036651\"]}]},{\"@type\":\"ImageObject\",\"inLanguage\":\"en-US\",\"@id\":\"https:\\\/\\\/darkamazi.site\\\/archives\\\/1036651#primaryimage\",\"url\":\"https:\\\/\\\/darkamazi.site\\\/darka-content\\\/uploads\\\/2026\\\/03\\\/sheyhmus.jpg\",\"contentUrl\":\"https:\\\/\\\/darkamazi.site\\\/darka-content\\\/uploads\\\/2026\\\/03\\\/sheyhmus.jpg\",\"width\":900,\"height\":475,\"caption\":\"B\u00f6lgedeki \u201cAte\u015f Hat\u0131\u201d Ve Olas\u0131 Sonu\u00e7lar\u0131!\"},{\"@type\":\"BreadcrumbList\",\"@id\":\"https:\\\/\\\/darkamazi.site\\\/archives\\\/1036651#breadcrumb\",\"itemListElement\":[{\"@type\":\"ListItem\",\"position\":1,\"name\":\"Home\",\"item\":\"https:\\\/\\\/darkamazi.site\\\/\"},{\"@type\":\"ListItem\",\"position\":2,\"name\":\"Bu Sava\u015f, \u0130ran\u2019da Rejime Y\u00f6nelik \u0130\u00e7 Bask\u0131y\u0131 Art\u0131r\u0131r m\u0131?\"}]},{\"@type\":\"WebSite\",\"@id\":\"https:\\\/\\\/darkamazi.site\\\/#website\",\"url\":\"https:\\\/\\\/darkamazi.site\\\/\",\"name\":\"Darka Mazi\",\"description\":\"Ana Sayfa\",\"publisher\":{\"@id\":\"https:\\\/\\\/darkamazi.site\\\/#organization\"},\"potentialAction\":[{\"@type\":\"SearchAction\",\"target\":{\"@type\":\"EntryPoint\",\"urlTemplate\":\"https:\\\/\\\/darkamazi.site\\\/?s={search_term_string}\"},\"query-input\":{\"@type\":\"PropertyValueSpecification\",\"valueRequired\":true,\"valueName\":\"search_term_string\"}}],\"inLanguage\":\"en-US\"},{\"@type\":\"Organization\",\"@id\":\"https:\\\/\\\/darkamazi.site\\\/#organization\",\"name\":\"Darka Mazi T\u00fcrk\u00e7e\",\"alternateName\":\"Darka Mazi\",\"url\":\"https:\\\/\\\/darkamazi.site\\\/\",\"logo\":{\"@type\":\"ImageObject\",\"inLanguage\":\"en-US\",\"@id\":\"https:\\\/\\\/darkamazi.site\\\/#\\\/schema\\\/logo\\\/image\\\/\",\"url\":\"https:\\\/\\\/darkamazi.site\\\/darka-content\\\/uploads\\\/2017\\\/12\\\/darka-mazi-logo.png\",\"contentUrl\":\"https:\\\/\\\/darkamazi.site\\\/darka-content\\\/uploads\\\/2017\\\/12\\\/darka-mazi-logo.png\",\"width\":151,\"height\":75,\"caption\":\"Darka Mazi T\u00fcrk\u00e7e\"},\"image\":{\"@id\":\"https:\\\/\\\/darkamazi.site\\\/#\\\/schema\\\/logo\\\/image\\\/\"},\"sameAs\":[\"https:\\\/\\\/www.facebook.com\\\/DarkaMaziturkce\",\"https:\\\/\\\/x.com\\\/DarkaMaziTurkce\"]},{\"@type\":\"Person\",\"@id\":\"https:\\\/\\\/darkamazi.site\\\/#\\\/schema\\\/person\\\/67986a95ac546c16760365877ef4a9d3\",\"name\":\"darka mazi\",\"sameAs\":[\"https:\\\/\\\/darkamazi.site\"],\"url\":\"https:\\\/\\\/darkamazi.site\\\/archives\\\/author\\\/turkish\"}]}<\/script>\n<!-- \/ Yoast SEO plugin. -->","seo_head_json":{"title":"Bu Sava\u015f, \u0130ran\u2019da Rejime Y\u00f6nelik \u0130\u00e7 Bask\u0131y\u0131 Art\u0131r\u0131r m\u0131? - Darka Mazi","robots":{"index":"index","follow":"follow","max-snippet":"max-snippet:-1","max-image-preview":"max-image-preview:large","max-video-preview":"max-video-preview:-1"},"canonical":"https:\/\/darkamazi.site\/archives\/1036651","og_locale":"en_US","og_type":"article","og_title":"Bu Sava\u015f, \u0130ran\u2019da Rejime Y\u00f6nelik \u0130\u00e7 Bask\u0131y\u0131 Art\u0131r\u0131r m\u0131? - Darka Mazi","og_description":"ABD ve \u0130srail&#8217;in \u0130ran&#8217;a kar\u015f\u0131 ba\u015flatt\u0131\u011f\u0131 ortak operasyon &#8220;Epic Fury&#8221; (veya \u0130srail taraf\u0131nda &#8220;Roaring Lion&#8221;) \u00e7er\u00e7evesinde analizimizi ele alal\u0131m. Bu analiz, mevcut haber kaynaklar\u0131, askeri raporlar ve uzman yorumlar\u0131 g\u00f6z \u00f6n\u00fcne al\u0131narak haz\u0131rlanm\u0131\u015f. Sava\u015f\u0131n hipotetik veya spek\u00fclatif unsurlar\u0131n\u0131, somut verilere dayal\u0131 olarak, de\u011ferlendirmemiz gerekiyor. Bu Sava\u015f Nereye Do\u011fru Gidiyor? Sava\u015f, 28 \u015eubat 2026&#8216;da ABD ve [&hellip;]","og_url":"https:\/\/darkamazi.site\/archives\/1036651","og_site_name":"Darka Mazi","article_publisher":"https:\/\/www.facebook.com\/DarkaMaziturkce","article_published_time":"2026-03-08T13:19:58+00:00","og_image":[{"width":900,"height":475,"url":"https:\/\/darkamazi.site\/file\/2026\/03\/sheyhmus.jpg","type":"image\/jpeg"}],"author":"darka mazi","twitter_card":"summary_large_image","twitter_creator":"@DarkaMaziTurkce","twitter_site":"@DarkaMaziTurkce","twitter_misc":{"Written by":"darka mazi","Est. reading time":"4 minutes"},"schema":{"@context":"https:\/\/schema.org","@graph":[{"@type":"NewsArticle","@id":"https:\/\/darkamazi.site\/archives\/1036651#article","isPartOf":{"@id":"https:\/\/darkamazi.site\/archives\/1036651"},"author":{"name":"darka mazi","@id":"https:\/\/darkamazi.site\/#\/schema\/person\/67986a95ac546c16760365877ef4a9d3"},"headline":"Bu Sava\u015f, \u0130ran\u2019da Rejime Y\u00f6nelik \u0130\u00e7 Bask\u0131y\u0131 Art\u0131r\u0131r m\u0131?","datePublished":"2026-03-08T13:19:58+00:00","mainEntityOfPage":{"@id":"https:\/\/darkamazi.site\/archives\/1036651"},"wordCount":1054,"publisher":{"@id":"https:\/\/darkamazi.site\/#organization"},"image":{"@id":"https:\/\/darkamazi.site\/archives\/1036651#primaryimage"},"thumbnailUrl":"https:\/\/darkamazi.site\/file\/2026\/03\/sheyhmus.jpg","keywords":["\u00f6nemli"],"articleSection":["Forum"],"inLanguage":"en-US"},{"@type":"WebPage","@id":"https:\/\/darkamazi.site\/archives\/1036651","url":"https:\/\/darkamazi.site\/archives\/1036651","name":"Bu Sava\u015f, \u0130ran\u2019da Rejime Y\u00f6nelik \u0130\u00e7 Bask\u0131y\u0131 Art\u0131r\u0131r m\u0131? - Darka Mazi","isPartOf":{"@id":"https:\/\/darkamazi.site\/#website"},"primaryImageOfPage":{"@id":"https:\/\/darkamazi.site\/archives\/1036651#primaryimage"},"image":{"@id":"https:\/\/darkamazi.site\/archives\/1036651#primaryimage"},"thumbnailUrl":"https:\/\/darkamazi.site\/file\/2026\/03\/sheyhmus.jpg","datePublished":"2026-03-08T13:19:58+00:00","breadcrumb":{"@id":"https:\/\/darkamazi.site\/archives\/1036651#breadcrumb"},"inLanguage":"en-US","potentialAction":[{"@type":"ReadAction","target":["https:\/\/darkamazi.site\/archives\/1036651"]}]},{"@type":"ImageObject","inLanguage":"en-US","@id":"https:\/\/darkamazi.site\/archives\/1036651#primaryimage","url":"https:\/\/darkamazi.site\/file\/2026\/03\/sheyhmus.jpg","contentUrl":"https:\/\/darkamazi.site\/file\/2026\/03\/sheyhmus.jpg","width":900,"height":475,"caption":"B\u00f6lgedeki \u201cAte\u015f Hat\u0131\u201d Ve Olas\u0131 Sonu\u00e7lar\u0131!"},{"@type":"BreadcrumbList","@id":"https:\/\/darkamazi.site\/archives\/1036651#breadcrumb","itemListElement":[{"@type":"ListItem","position":1,"name":"Home","item":"https:\/\/darkamazi.site\/"},{"@type":"ListItem","position":2,"name":"Bu Sava\u015f, \u0130ran\u2019da Rejime Y\u00f6nelik \u0130\u00e7 Bask\u0131y\u0131 Art\u0131r\u0131r m\u0131?"}]},{"@type":"WebSite","@id":"https:\/\/darkamazi.site\/#website","url":"https:\/\/darkamazi.site\/","name":"Darka Mazi","description":"Ana Sayfa","publisher":{"@id":"https:\/\/darkamazi.site\/#organization"},"potentialAction":[{"@type":"SearchAction","target":{"@type":"EntryPoint","urlTemplate":"https:\/\/darkamazi.site\/?s={search_term_string}"},"query-input":{"@type":"PropertyValueSpecification","valueRequired":true,"valueName":"search_term_string"}}],"inLanguage":"en-US"},{"@type":"Organization","@id":"https:\/\/darkamazi.site\/#organization","name":"Darka Mazi T\u00fcrk\u00e7e","alternateName":"Darka Mazi","url":"https:\/\/darkamazi.site\/","logo":{"@type":"ImageObject","inLanguage":"en-US","@id":"https:\/\/darkamazi.site\/#\/schema\/logo\/image\/","url":"https:\/\/darkamazi.site\/file\/2017\/12\/darka-mazi-logo.png","contentUrl":"https:\/\/darkamazi.site\/file\/2017\/12\/darka-mazi-logo.png","width":151,"height":75,"caption":"Darka Mazi T\u00fcrk\u00e7e"},"image":{"@id":"https:\/\/darkamazi.site\/#\/schema\/logo\/image\/"},"sameAs":["https:\/\/www.facebook.com\/DarkaMaziturkce","https:\/\/x.com\/DarkaMaziTurkce"]},{"@type":"Person","@id":"https:\/\/darkamazi.site\/#\/schema\/person\/67986a95ac546c16760365877ef4a9d3","name":"darka mazi","sameAs":["https:\/\/darkamazi.site"],"url":"https:\/\/darkamazi.site\/archives\/author\/turkish"}]}},"_links":{"self":[{"href":"https:\/\/darkamazi.site\/funavuv\/wp\/v2\/posts\/1036651","targetHints":{"allow":["GET"]}}],"collection":[{"href":"https:\/\/darkamazi.site\/funavuv\/wp\/v2\/posts"}],"about":[{"href":"https:\/\/darkamazi.site\/funavuv\/wp\/v2\/types\/post"}],"author":[{"embeddable":true,"href":"https:\/\/darkamazi.site\/funavuv\/wp\/v2\/users\/2"}],"replies":[{"embeddable":true,"href":"https:\/\/darkamazi.site\/funavuv\/wp\/v2\/comments?post=1036651"}],"version-history":[{"count":0,"href":"https:\/\/darkamazi.site\/funavuv\/wp\/v2\/posts\/1036651\/revisions"}],"wp:featuredmedia":[{"embeddable":true,"href":"https:\/\/darkamazi.site\/funavuv\/wp\/v2\/media\/1036652"}],"wp:attachment":[{"href":"https:\/\/darkamazi.site\/funavuv\/wp\/v2\/media?parent=1036651"}],"wp:term":[{"taxonomy":"category","embeddable":true,"href":"https:\/\/darkamazi.site\/funavuv\/wp\/v2\/categories?post=1036651"},{"taxonomy":"post_tag","embeddable":true,"href":"https:\/\/darkamazi.site\/funavuv\/wp\/v2\/tags?post=1036651"}],"curies":[{"name":"wp","href":"https:\/\/api.w.org\/{rel}","templated":true}]}}