{"id":1036654,"date":"2026-03-08T17:16:53","date_gmt":"2026-03-08T14:16:53","guid":{"rendered":"https:\/\/darkamazi.site\/?p=1036654"},"modified":"2026-03-08T17:16:53","modified_gmt":"2026-03-08T14:16:53","slug":"baskan-barzaniden-8-mart-mesaji-kurdistanli-kadinlarin-rolu-ve-fedakarliklari-buyuk-takdiri-hak-ediyor","status":"publish","type":"post","link":"https:\/\/darkamazi.site\/archives\/1036654","title":{"rendered":"Ba\u015fkan Barzani&#8217;den 8 Mart Mesaj\u0131: K\u00fcrdistanl\u0131 kad\u0131nlar\u0131n rol\u00fc ve fedak\u00e2rl\u0131klar\u0131 b\u00fcy\u00fck takdiri hak ediyor"},"content":{"rendered":"<p><strong>\u00a0<\/strong>8 Mart D\u00fcnya Kad\u0131nlar G\u00fcn\u00fc dolay\u0131s\u0131yla bir mesaj yay\u0131mlayan\u00a0\u00a0\u00a0Ba\u015fkan Mesud Barzani, \u201cKad\u0131nlar her zaman halk\u0131m\u0131z\u0131n m\u00fccadelesinin ve direni\u015finin temel bir par\u00e7as\u0131 oldu\u201d dedi.<\/p>\n<p>Ba\u015fkan Mesud Barzani, 8 Mart D\u00fcnya Kad\u0131nlar G\u00fcn\u00fc vesilesiyle yay\u0131mlad\u0131\u011f\u0131 mesajda Irak K\u00fcrdistan, Irak ve d\u00fcnyadaki t\u00fcm kad\u0131nlar\u0131n g\u00fcn\u00fcn\u00fc kutlad\u0131.<\/p>\n<p>Ba\u015fkan Barzani, mesaj\u0131nda \u00f6zellikle K\u00fcrdistanl\u0131 kad\u0131nlar\u0131n tarih boyunca verdikleri m\u00fccadeleye ve yapt\u0131klar\u0131 fedak\u00e2rl\u0131klara dikkat \u00e7ekti.<\/p>\n<p><strong>\u201cKad\u0131nlar m\u00fccadelemizin temel par\u00e7as\u0131 oldu\u201d<\/strong><\/p>\n<p>Ba\u015fkan Barzani, K\u00fcrdistanl\u0131 kad\u0131nlar\u0131n halk\u0131n \u00f6zg\u00fcrl\u00fck m\u00fccadelesinde her zaman \u00f6nemli bir rol oynad\u0131\u011f\u0131n\u0131 belirtti.<\/p>\n<p>Kad\u0131nlar\u0131n sadece toplumsal ya\u015famda de\u011fil, ayn\u0131 zamanda K\u00fcrt halk\u0131n\u0131n y\u00fcr\u00fctt\u00fc\u011f\u00fc m\u00fccadelede de \u00f6n saflarda yer ald\u0131\u011f\u0131n\u0131 vurgulayan Barzani, devrim ve direni\u015fin a\u011f\u0131r y\u00fck\u00fcn\u00fcn b\u00fcy\u00fck \u00f6l\u00e7\u00fcde kad\u0131nlar\u0131n omuzlar\u0131nda ta\u015f\u0131nd\u0131\u011f\u0131n\u0131 ifade etti.<\/p>\n<p>Barzani, mesaj\u0131nda 8 Mart vesilesiyle K\u00fcrdistanl\u0131 kad\u0131nlar ba\u015fta olmak \u00fczere t\u00fcm kad\u0131nlara mutluluk, ba\u015far\u0131 ve onurlu bir gelecek dile\u011finde bulundu.<\/p>\n<p><strong>Ba\u015fkan Mesud Barzani\u2019nin mesaj\u0131 \u015fu \u015fekilde:<\/strong><\/p>\n<p>\u201c8 Mart D\u00fcnya Kad\u0131nlar G\u00fcn\u00fc dolay\u0131s\u0131yla K\u00fcrdistan, Irak ve d\u00fcnyadaki kad\u0131nlar\u0131 kutluyorum.<\/p>\n<p>K\u00fcrdistanl\u0131 kad\u0131nlar\u0131n rol\u00fc ve fedak\u00e2rl\u0131klar\u0131 b\u00fcy\u00fck takdiri hak ediyor. Kad\u0131nlar her zaman halk\u0131m\u0131z\u0131n m\u00fccadelesinin ve direni\u015finin temel bir par\u00e7as\u0131 oldu ve devrim ile fedak\u00e2rl\u0131\u011f\u0131n a\u011f\u0131r y\u00fck\u00fc onlar\u0131n omuzlar\u0131nda ta\u015f\u0131nd\u0131.<\/p>\n<p>Bu vesileyle t\u00fcm K\u00fcrdistanl\u0131 kad\u0131nlara mutluluk, onur ve ba\u015far\u0131 diliyorum.\u201d<\/p>\n","protected":false},"excerpt":{"rendered":"<p>\u00a08 Mart D\u00fcnya Kad\u0131nlar G\u00fcn\u00fc dolay\u0131s\u0131yla bir mesaj yay\u0131mlayan\u00a0\u00a0\u00a0Ba\u015fkan Mesud Barzani, \u201cKad\u0131nlar her zaman halk\u0131m\u0131z\u0131n m\u00fccadelesinin ve direni\u015finin temel bir par\u00e7as\u0131 oldu\u201d dedi. Ba\u015fkan Mesud Barzani, 8 Mart D\u00fcnya Kad\u0131nlar G\u00fcn\u00fc vesilesiyle yay\u0131mlad\u0131\u011f\u0131 mesajda Irak K\u00fcrdistan, Irak ve d\u00fcnyadaki t\u00fcm kad\u0131nlar\u0131n g\u00fcn\u00fcn\u00fc kutlad\u0131. Ba\u015fkan Barzani, mesaj\u0131nda \u00f6zellikle K\u00fcrdistanl\u0131 kad\u0131nlar\u0131n tarih boyunca verdikleri m\u00fccadeleye ve yapt\u0131klar\u0131 [&hellip;]<\/p>\n","protected":false},"author":2,"featured_media":1036655,"comment_status":"closed","ping_status":"closed","sticky":false,"template":"","format":"standard","meta":{"footnotes":""},"categories":[3],"tags":[31],"class_list":["post-1036654","post","type-post","status-publish","format-standard","has-post-thumbnail","hentry","category-kurdistan","tag-onemli"],"blocksy_meta":[],"seo_head":"<!-- This site is optimized with the Yoast SEO plugin v27.5 - https:\/\/yoast.com\/product\/yoast-seo-wordpress\/ -->\n<title>Ba\u015fkan Barzani&#039;den 8 Mart Mesaj\u0131: K\u00fcrdistanl\u0131 kad\u0131nlar\u0131n rol\u00fc ve fedak\u00e2rl\u0131klar\u0131 b\u00fcy\u00fck takdiri hak ediyor - Darka Mazi<\/title>\n<meta name=\"robots\" content=\"index, follow, max-snippet:-1, max-image-preview:large, max-video-preview:-1\" \/>\n<link rel=\"canonical\" href=\"https:\/\/darkamazi.site\/archives\/1036654\" \/>\n<meta property=\"og:locale\" content=\"en_US\" \/>\n<meta property=\"og:type\" content=\"article\" \/>\n<meta property=\"og:title\" content=\"Ba\u015fkan Barzani&#039;den 8 Mart Mesaj\u0131: K\u00fcrdistanl\u0131 kad\u0131nlar\u0131n rol\u00fc ve fedak\u00e2rl\u0131klar\u0131 b\u00fcy\u00fck takdiri hak ediyor - Darka Mazi\" \/>\n<meta property=\"og:description\" content=\"\u00a08 Mart D\u00fcnya Kad\u0131nlar G\u00fcn\u00fc dolay\u0131s\u0131yla bir mesaj yay\u0131mlayan\u00a0\u00a0\u00a0Ba\u015fkan Mesud Barzani, \u201cKad\u0131nlar her zaman halk\u0131m\u0131z\u0131n m\u00fccadelesinin ve direni\u015finin temel bir par\u00e7as\u0131 oldu\u201d dedi. Ba\u015fkan Mesud Barzani, 8 Mart D\u00fcnya Kad\u0131nlar G\u00fcn\u00fc vesilesiyle yay\u0131mlad\u0131\u011f\u0131 mesajda Irak K\u00fcrdistan, Irak ve d\u00fcnyadaki t\u00fcm kad\u0131nlar\u0131n g\u00fcn\u00fcn\u00fc kutlad\u0131. Ba\u015fkan Barzani, mesaj\u0131nda \u00f6zellikle K\u00fcrdistanl\u0131 kad\u0131nlar\u0131n tarih boyunca verdikleri m\u00fccadeleye ve yapt\u0131klar\u0131 [&hellip;]\" \/>\n<meta property=\"og:url\" content=\"https:\/\/darkamazi.site\/archives\/1036654\" \/>\n<meta property=\"og:site_name\" content=\"Darka Mazi\" \/>\n<meta property=\"article:publisher\" content=\"https:\/\/www.facebook.com\/DarkaMaziturkce\" \/>\n<meta property=\"article:published_time\" content=\"2026-03-08T14:16:53+00:00\" \/>\n<meta property=\"og:image\" content=\"https:\/\/darkamazi.site\/file\/2026\/03\/Barzani-fotosu-kadinlar-tarafindan-kullanilan.jpg\" \/>\n\t<meta property=\"og:image:width\" content=\"1400\" \/>\n\t<meta property=\"og:image:height\" content=\"886\" \/>\n\t<meta property=\"og:image:type\" content=\"image\/jpeg\" \/>\n<meta name=\"author\" content=\"darka mazi\" \/>\n<meta name=\"twitter:card\" content=\"summary_large_image\" \/>\n<meta name=\"twitter:creator\" content=\"@DarkaMaziTurkce\" \/>\n<meta name=\"twitter:site\" content=\"@DarkaMaziTurkce\" \/>\n<meta name=\"twitter:label1\" content=\"Written by\" \/>\n\t<meta name=\"twitter:data1\" content=\"darka mazi\" \/>\n\t<meta name=\"twitter:label2\" content=\"Est. reading time\" \/>\n\t<meta name=\"twitter:data2\" content=\"2 minutes\" \/>\n<script type=\"application\/ld+json\" class=\"seo-schema-graph\">{\"@context\":\"https:\\\/\\\/schema.org\",\"@graph\":[{\"@type\":\"NewsArticle\",\"@id\":\"https:\\\/\\\/darkamazi.site\\\/archives\\\/1036654#article\",\"isPartOf\":{\"@id\":\"https:\\\/\\\/darkamazi.site\\\/archives\\\/1036654\"},\"author\":{\"name\":\"darka mazi\",\"@id\":\"https:\\\/\\\/darkamazi.site\\\/#\\\/schema\\\/person\\\/67986a95ac546c16760365877ef4a9d3\"},\"headline\":\"Ba\u015fkan Barzani&#8217;den 8 Mart Mesaj\u0131: K\u00fcrdistanl\u0131 kad\u0131nlar\u0131n rol\u00fc ve fedak\u00e2rl\u0131klar\u0131 b\u00fcy\u00fck takdiri hak ediyor\",\"datePublished\":\"2026-03-08T14:16:53+00:00\",\"mainEntityOfPage\":{\"@id\":\"https:\\\/\\\/darkamazi.site\\\/archives\\\/1036654\"},\"wordCount\":317,\"publisher\":{\"@id\":\"https:\\\/\\\/darkamazi.site\\\/#organization\"},\"image\":{\"@id\":\"https:\\\/\\\/darkamazi.site\\\/archives\\\/1036654#primaryimage\"},\"thumbnailUrl\":\"https:\\\/\\\/darkamazi.site\\\/darka-content\\\/uploads\\\/2026\\\/03\\\/Barzani-fotosu-kadinlar-tarafindan-kullanilan.jpg\",\"keywords\":[\"\u00f6nemli\"],\"articleSection\":[\"Kurdistan\"],\"inLanguage\":\"en-US\"},{\"@type\":\"WebPage\",\"@id\":\"https:\\\/\\\/darkamazi.site\\\/archives\\\/1036654\",\"url\":\"https:\\\/\\\/darkamazi.site\\\/archives\\\/1036654\",\"name\":\"Ba\u015fkan Barzani'den 8 Mart Mesaj\u0131: K\u00fcrdistanl\u0131 kad\u0131nlar\u0131n rol\u00fc ve fedak\u00e2rl\u0131klar\u0131 b\u00fcy\u00fck takdiri hak ediyor - Darka Mazi\",\"isPartOf\":{\"@id\":\"https:\\\/\\\/darkamazi.site\\\/#website\"},\"primaryImageOfPage\":{\"@id\":\"https:\\\/\\\/darkamazi.site\\\/archives\\\/1036654#primaryimage\"},\"image\":{\"@id\":\"https:\\\/\\\/darkamazi.site\\\/archives\\\/1036654#primaryimage\"},\"thumbnailUrl\":\"https:\\\/\\\/darkamazi.site\\\/darka-content\\\/uploads\\\/2026\\\/03\\\/Barzani-fotosu-kadinlar-tarafindan-kullanilan.jpg\",\"datePublished\":\"2026-03-08T14:16:53+00:00\",\"breadcrumb\":{\"@id\":\"https:\\\/\\\/darkamazi.site\\\/archives\\\/1036654#breadcrumb\"},\"inLanguage\":\"en-US\",\"potentialAction\":[{\"@type\":\"ReadAction\",\"target\":[\"https:\\\/\\\/darkamazi.site\\\/archives\\\/1036654\"]}]},{\"@type\":\"ImageObject\",\"inLanguage\":\"en-US\",\"@id\":\"https:\\\/\\\/darkamazi.site\\\/archives\\\/1036654#primaryimage\",\"url\":\"https:\\\/\\\/darkamazi.site\\\/darka-content\\\/uploads\\\/2026\\\/03\\\/Barzani-fotosu-kadinlar-tarafindan-kullanilan.jpg\",\"contentUrl\":\"https:\\\/\\\/darkamazi.site\\\/darka-content\\\/uploads\\\/2026\\\/03\\\/Barzani-fotosu-kadinlar-tarafindan-kullanilan.jpg\",\"width\":1400,\"height\":886,\"caption\":\"Ba\u015fkan Barzani'den 8 Mart Mesaj\u0131: K\u00fcrdistanl\u0131 kad\u0131nlar\u0131n rol\u00fc ve fedak\u00e2rl\u0131klar\u0131 b\u00fcy\u00fck takdiri hak ediyor\"},{\"@type\":\"BreadcrumbList\",\"@id\":\"https:\\\/\\\/darkamazi.site\\\/archives\\\/1036654#breadcrumb\",\"itemListElement\":[{\"@type\":\"ListItem\",\"position\":1,\"name\":\"Home\",\"item\":\"https:\\\/\\\/darkamazi.site\\\/\"},{\"@type\":\"ListItem\",\"position\":2,\"name\":\"Ba\u015fkan Barzani&#8217;den 8 Mart Mesaj\u0131: K\u00fcrdistanl\u0131 kad\u0131nlar\u0131n rol\u00fc ve fedak\u00e2rl\u0131klar\u0131 b\u00fcy\u00fck takdiri hak ediyor\"}]},{\"@type\":\"WebSite\",\"@id\":\"https:\\\/\\\/darkamazi.site\\\/#website\",\"url\":\"https:\\\/\\\/darkamazi.site\\\/\",\"name\":\"Darka Mazi\",\"description\":\"Ana Sayfa\",\"publisher\":{\"@id\":\"https:\\\/\\\/darkamazi.site\\\/#organization\"},\"potentialAction\":[{\"@type\":\"SearchAction\",\"target\":{\"@type\":\"EntryPoint\",\"urlTemplate\":\"https:\\\/\\\/darkamazi.site\\\/?s={search_term_string}\"},\"query-input\":{\"@type\":\"PropertyValueSpecification\",\"valueRequired\":true,\"valueName\":\"search_term_string\"}}],\"inLanguage\":\"en-US\"},{\"@type\":\"Organization\",\"@id\":\"https:\\\/\\\/darkamazi.site\\\/#organization\",\"name\":\"Darka Mazi T\u00fcrk\u00e7e\",\"alternateName\":\"Darka Mazi\",\"url\":\"https:\\\/\\\/darkamazi.site\\\/\",\"logo\":{\"@type\":\"ImageObject\",\"inLanguage\":\"en-US\",\"@id\":\"https:\\\/\\\/darkamazi.site\\\/#\\\/schema\\\/logo\\\/image\\\/\",\"url\":\"https:\\\/\\\/darkamazi.site\\\/darka-content\\\/uploads\\\/2017\\\/12\\\/darka-mazi-logo.png\",\"contentUrl\":\"https:\\\/\\\/darkamazi.site\\\/darka-content\\\/uploads\\\/2017\\\/12\\\/darka-mazi-logo.png\",\"width\":151,\"height\":75,\"caption\":\"Darka Mazi T\u00fcrk\u00e7e\"},\"image\":{\"@id\":\"https:\\\/\\\/darkamazi.site\\\/#\\\/schema\\\/logo\\\/image\\\/\"},\"sameAs\":[\"https:\\\/\\\/www.facebook.com\\\/DarkaMaziturkce\",\"https:\\\/\\\/x.com\\\/DarkaMaziTurkce\"]},{\"@type\":\"Person\",\"@id\":\"https:\\\/\\\/darkamazi.site\\\/#\\\/schema\\\/person\\\/67986a95ac546c16760365877ef4a9d3\",\"name\":\"darka mazi\",\"sameAs\":[\"https:\\\/\\\/darkamazi.site\"],\"url\":\"https:\\\/\\\/darkamazi.site\\\/archives\\\/author\\\/turkish\"}]}<\/script>\n<!-- \/ Yoast SEO plugin. -->","seo_head_json":{"title":"Ba\u015fkan Barzani'den 8 Mart Mesaj\u0131: K\u00fcrdistanl\u0131 kad\u0131nlar\u0131n rol\u00fc ve fedak\u00e2rl\u0131klar\u0131 b\u00fcy\u00fck takdiri hak ediyor - Darka Mazi","robots":{"index":"index","follow":"follow","max-snippet":"max-snippet:-1","max-image-preview":"max-image-preview:large","max-video-preview":"max-video-preview:-1"},"canonical":"https:\/\/darkamazi.site\/archives\/1036654","og_locale":"en_US","og_type":"article","og_title":"Ba\u015fkan Barzani'den 8 Mart Mesaj\u0131: K\u00fcrdistanl\u0131 kad\u0131nlar\u0131n rol\u00fc ve fedak\u00e2rl\u0131klar\u0131 b\u00fcy\u00fck takdiri hak ediyor - Darka Mazi","og_description":"\u00a08 Mart D\u00fcnya Kad\u0131nlar G\u00fcn\u00fc dolay\u0131s\u0131yla bir mesaj yay\u0131mlayan\u00a0\u00a0\u00a0Ba\u015fkan Mesud Barzani, \u201cKad\u0131nlar her zaman halk\u0131m\u0131z\u0131n m\u00fccadelesinin ve direni\u015finin temel bir par\u00e7as\u0131 oldu\u201d dedi. Ba\u015fkan Mesud Barzani, 8 Mart D\u00fcnya Kad\u0131nlar G\u00fcn\u00fc vesilesiyle yay\u0131mlad\u0131\u011f\u0131 mesajda Irak K\u00fcrdistan, Irak ve d\u00fcnyadaki t\u00fcm kad\u0131nlar\u0131n g\u00fcn\u00fcn\u00fc kutlad\u0131. Ba\u015fkan Barzani, mesaj\u0131nda \u00f6zellikle K\u00fcrdistanl\u0131 kad\u0131nlar\u0131n tarih boyunca verdikleri m\u00fccadeleye ve yapt\u0131klar\u0131 [&hellip;]","og_url":"https:\/\/darkamazi.site\/archives\/1036654","og_site_name":"Darka Mazi","article_publisher":"https:\/\/www.facebook.com\/DarkaMaziturkce","article_published_time":"2026-03-08T14:16:53+00:00","og_image":[{"width":1400,"height":886,"url":"https:\/\/darkamazi.site\/file\/2026\/03\/Barzani-fotosu-kadinlar-tarafindan-kullanilan.jpg","type":"image\/jpeg"}],"author":"darka mazi","twitter_card":"summary_large_image","twitter_creator":"@DarkaMaziTurkce","twitter_site":"@DarkaMaziTurkce","twitter_misc":{"Written by":"darka mazi","Est. reading time":"2 minutes"},"schema":{"@context":"https:\/\/schema.org","@graph":[{"@type":"NewsArticle","@id":"https:\/\/darkamazi.site\/archives\/1036654#article","isPartOf":{"@id":"https:\/\/darkamazi.site\/archives\/1036654"},"author":{"name":"darka mazi","@id":"https:\/\/darkamazi.site\/#\/schema\/person\/67986a95ac546c16760365877ef4a9d3"},"headline":"Ba\u015fkan Barzani&#8217;den 8 Mart Mesaj\u0131: K\u00fcrdistanl\u0131 kad\u0131nlar\u0131n rol\u00fc ve fedak\u00e2rl\u0131klar\u0131 b\u00fcy\u00fck takdiri hak ediyor","datePublished":"2026-03-08T14:16:53+00:00","mainEntityOfPage":{"@id":"https:\/\/darkamazi.site\/archives\/1036654"},"wordCount":317,"publisher":{"@id":"https:\/\/darkamazi.site\/#organization"},"image":{"@id":"https:\/\/darkamazi.site\/archives\/1036654#primaryimage"},"thumbnailUrl":"https:\/\/darkamazi.site\/file\/2026\/03\/Barzani-fotosu-kadinlar-tarafindan-kullanilan.jpg","keywords":["\u00f6nemli"],"articleSection":["Kurdistan"],"inLanguage":"en-US"},{"@type":"WebPage","@id":"https:\/\/darkamazi.site\/archives\/1036654","url":"https:\/\/darkamazi.site\/archives\/1036654","name":"Ba\u015fkan Barzani'den 8 Mart Mesaj\u0131: K\u00fcrdistanl\u0131 kad\u0131nlar\u0131n rol\u00fc ve fedak\u00e2rl\u0131klar\u0131 b\u00fcy\u00fck takdiri hak ediyor - Darka Mazi","isPartOf":{"@id":"https:\/\/darkamazi.site\/#website"},"primaryImageOfPage":{"@id":"https:\/\/darkamazi.site\/archives\/1036654#primaryimage"},"image":{"@id":"https:\/\/darkamazi.site\/archives\/1036654#primaryimage"},"thumbnailUrl":"https:\/\/darkamazi.site\/file\/2026\/03\/Barzani-fotosu-kadinlar-tarafindan-kullanilan.jpg","datePublished":"2026-03-08T14:16:53+00:00","breadcrumb":{"@id":"https:\/\/darkamazi.site\/archives\/1036654#breadcrumb"},"inLanguage":"en-US","potentialAction":[{"@type":"ReadAction","target":["https:\/\/darkamazi.site\/archives\/1036654"]}]},{"@type":"ImageObject","inLanguage":"en-US","@id":"https:\/\/darkamazi.site\/archives\/1036654#primaryimage","url":"https:\/\/darkamazi.site\/file\/2026\/03\/Barzani-fotosu-kadinlar-tarafindan-kullanilan.jpg","contentUrl":"https:\/\/darkamazi.site\/file\/2026\/03\/Barzani-fotosu-kadinlar-tarafindan-kullanilan.jpg","width":1400,"height":886,"caption":"Ba\u015fkan Barzani'den 8 Mart Mesaj\u0131: K\u00fcrdistanl\u0131 kad\u0131nlar\u0131n rol\u00fc ve fedak\u00e2rl\u0131klar\u0131 b\u00fcy\u00fck takdiri hak ediyor"},{"@type":"BreadcrumbList","@id":"https:\/\/darkamazi.site\/archives\/1036654#breadcrumb","itemListElement":[{"@type":"ListItem","position":1,"name":"Home","item":"https:\/\/darkamazi.site\/"},{"@type":"ListItem","position":2,"name":"Ba\u015fkan Barzani&#8217;den 8 Mart Mesaj\u0131: K\u00fcrdistanl\u0131 kad\u0131nlar\u0131n rol\u00fc ve fedak\u00e2rl\u0131klar\u0131 b\u00fcy\u00fck takdiri hak ediyor"}]},{"@type":"WebSite","@id":"https:\/\/darkamazi.site\/#website","url":"https:\/\/darkamazi.site\/","name":"Darka Mazi","description":"Ana Sayfa","publisher":{"@id":"https:\/\/darkamazi.site\/#organization"},"potentialAction":[{"@type":"SearchAction","target":{"@type":"EntryPoint","urlTemplate":"https:\/\/darkamazi.site\/?s={search_term_string}"},"query-input":{"@type":"PropertyValueSpecification","valueRequired":true,"valueName":"search_term_string"}}],"inLanguage":"en-US"},{"@type":"Organization","@id":"https:\/\/darkamazi.site\/#organization","name":"Darka Mazi T\u00fcrk\u00e7e","alternateName":"Darka Mazi","url":"https:\/\/darkamazi.site\/","logo":{"@type":"ImageObject","inLanguage":"en-US","@id":"https:\/\/darkamazi.site\/#\/schema\/logo\/image\/","url":"https:\/\/darkamazi.site\/file\/2017\/12\/darka-mazi-logo.png","contentUrl":"https:\/\/darkamazi.site\/file\/2017\/12\/darka-mazi-logo.png","width":151,"height":75,"caption":"Darka Mazi T\u00fcrk\u00e7e"},"image":{"@id":"https:\/\/darkamazi.site\/#\/schema\/logo\/image\/"},"sameAs":["https:\/\/www.facebook.com\/DarkaMaziturkce","https:\/\/x.com\/DarkaMaziTurkce"]},{"@type":"Person","@id":"https:\/\/darkamazi.site\/#\/schema\/person\/67986a95ac546c16760365877ef4a9d3","name":"darka mazi","sameAs":["https:\/\/darkamazi.site"],"url":"https:\/\/darkamazi.site\/archives\/author\/turkish"}]}},"_links":{"self":[{"href":"https:\/\/darkamazi.site\/funavuv\/wp\/v2\/posts\/1036654","targetHints":{"allow":["GET"]}}],"collection":[{"href":"https:\/\/darkamazi.site\/funavuv\/wp\/v2\/posts"}],"about":[{"href":"https:\/\/darkamazi.site\/funavuv\/wp\/v2\/types\/post"}],"author":[{"embeddable":true,"href":"https:\/\/darkamazi.site\/funavuv\/wp\/v2\/users\/2"}],"replies":[{"embeddable":true,"href":"https:\/\/darkamazi.site\/funavuv\/wp\/v2\/comments?post=1036654"}],"version-history":[{"count":0,"href":"https:\/\/darkamazi.site\/funavuv\/wp\/v2\/posts\/1036654\/revisions"}],"wp:featuredmedia":[{"embeddable":true,"href":"https:\/\/darkamazi.site\/funavuv\/wp\/v2\/media\/1036655"}],"wp:attachment":[{"href":"https:\/\/darkamazi.site\/funavuv\/wp\/v2\/media?parent=1036654"}],"wp:term":[{"taxonomy":"category","embeddable":true,"href":"https:\/\/darkamazi.site\/funavuv\/wp\/v2\/categories?post=1036654"},{"taxonomy":"post_tag","embeddable":true,"href":"https:\/\/darkamazi.site\/funavuv\/wp\/v2\/tags?post=1036654"}],"curies":[{"name":"wp","href":"https:\/\/api.w.org\/{rel}","templated":true}]}}