{"id":1036657,"date":"2026-03-08T19:49:25","date_gmt":"2026-03-08T16:49:25","guid":{"rendered":"https:\/\/darkamazi.site\/?p=1036657"},"modified":"2026-03-08T19:49:25","modified_gmt":"2026-03-08T16:49:25","slug":"baskan-barzaniden-kurdistana-yapilan-saldirila-donuk-aciklama-herkes-iyi-bilmelidir-ki-sabrin-da-bir-siniri-vardir","status":"publish","type":"post","link":"https:\/\/darkamazi.site\/archives\/1036657","title":{"rendered":"Ba\u015fkan Barzani&#8217;den K\u00fcrdistan&#8217;a yap\u0131lan sald\u0131r\u0131la d\u00f6n\u00fck a\u00e7\u0131klama: &#8220;Herkes iyi bilmelidir ki, sabr\u0131n da bir s\u0131n\u0131r\u0131 vard\u0131r\u201d"},"content":{"rendered":"<p style=\"text-align: justify\">Ba\u015fkan Mesud Barzani, K\u00fcrdistan B\u00f6lgesi&#8217;ne y\u00f6nelik son d\u00f6nemde artan sald\u0131r\u0131lara ili\u015fkin sert bir a\u00e7\u0131klama yay\u0131nlad\u0131.<\/p>\n<p style=\"text-align: justify\">K\u00fcrdistan halk\u0131n\u0131n hi\u00e7bir zaman sava\u015ftan yana olmad\u0131\u011f\u0131n\u0131, her zaman bar\u0131\u015f ve birlikte ya\u015fam\u0131 arzulad\u0131\u011f\u0131n\u0131 belirten Ba\u015fkan Barzani, sava\u015f\u0131n sadece y\u0131k\u0131m ve felaket getirdi\u011fini vurgulad\u0131.<\/p>\n<p style=\"text-align: justify\">Barzani ayr\u0131ca, &#8220;Direni\u015f&#8221; (Mukavemet) ad\u0131 alt\u0131nda sivil alanlar\u0131n hedef al\u0131nmas\u0131n\u0131n kabul edilemez oldu\u011funu ifade ederek, &#8220;Herkes iyi bilmeli ki sabr\u0131n da bir s\u0131n\u0131r\u0131 vard\u0131r. Pe\u015fmerge asla hi\u00e7bir taraftan zul\u00fcm ve zorbal\u0131\u011f\u0131 kabul etmemi\u015ftir&#8221; uyar\u0131s\u0131nda bulundu. Barzani, bu sald\u0131r\u0131lar\u0131n devam etmesinin k\u00f6t\u00fc sonu\u00e7lar do\u011furaca\u011f\u0131na dikkat \u00e7ekerek, zaferin eninde sonunda K\u00fcrdistan halk\u0131n\u0131n olaca\u011f\u0131n\u0131n alt\u0131n\u0131 \u00e7izdi.<\/p>\n<p style=\"text-align: justify\">Ba\u011fdat&#8217;a ve iktidardaki Koordinasyon \u00c7er\u00e7evesi&#8217;ne \u00e7a\u011fr\u0131<\/p>\n<p style=\"text-align: justify\">Ba\u015fkan Barzani a\u00e7\u0131klamas\u0131nda, &#8220;Bu sava\u015f k\u0131\u015fk\u0131rt\u0131c\u0131l\u0131\u011f\u0131n\u0131n, K\u00fcrdistan B\u00f6lgesi&#8217;nin istikrar\u0131n\u0131n ve vatanda\u015flar\u0131n g\u00fcvenli\u011finin bu gruplar taraf\u0131ndan bozulmaya devam edilmesi m\u00fcmk\u00fcn de\u011fildir ve olmamal\u0131d\u0131r&#8221; dedi. Barzani ayr\u0131ca, &#8220;Bu ama\u00e7la Irak H\u00fck\u00fcmeti&#8217;nden, Temsilciler Meclisi&#8217;nden ve siyasi taraflardan, \u00f6zellikle de Koordinasyon \u00c7er\u00e7evesi&#8217;nden (\u00c7er\u00e7eve \u0130ttifak\u0131) ciddiyetle devreye girmelerini ve bu sald\u0131r\u0131lara bir s\u0131n\u0131r koymalar\u0131n\u0131 talep ediyoruz&#8221; ifadelerini kulland\u0131.<\/p>\n<p style=\"text-align: justify\"><strong>\u201cTarih boyunca K\u00fcrdistan halk\u0131 hi\u00e7bir zaman sava\u015ftan yana olmam\u0131\u015ft\u0131r, sadece haklar\u0131n\u0131 korumu\u015ftur\u201d<\/strong><\/p>\n<p style=\"text-align: justify\">Ba\u015fkan Barzani\u2019nin mesaj\u0131 \u015fu \u015fekilde:<\/p>\n<p style=\"text-align: justify\">\u201cTarih boyunca K\u00fcrdistan halk\u0131 hi\u00e7bir zaman sava\u015ftan yana olmam\u0131\u015f, daima bar\u0131\u015f ve birlikte ya\u015fam\u0131 arzulam\u0131\u015ft\u0131r. E\u011fer kendisine sava\u015f dayat\u0131lm\u0131\u015fsa da, kendini ve haklar\u0131n\u0131 savunmu\u015ftur. Bu de\u011fi\u015fmez bir ilkedir ve K\u00fcrdistan halk\u0131n\u0131n sa\u011flam inanc\u0131 ile zengin bar\u0131\u015fseverlik ve birlikte ya\u015fam k\u00fclt\u00fcr\u00fcnden kaynaklanmaktad\u0131r.<\/p>\n<p style=\"text-align: justify\">B\u00f6lgemizde \u015fu anda b\u00fcy\u00fck bir sava\u015f ve gerginli\u011fin olmas\u0131 \u00e7ok \u00fcz\u00fcc\u00fcd\u00fcr. \u015eimdi ve daha \u00f6nce de her zaman umudumuz, var olan t\u00fcm sorunlar\u0131n ve s\u0131k\u0131nt\u0131lar\u0131n bar\u0131\u015f\u00e7\u0131l yollarla \u00e7\u00f6z\u00fclmesi olmu\u015ftur; \u00e7\u00fcnk\u00fc sava\u015f her zaman y\u0131k\u0131m ve felaket getirir.<\/p>\n<p style=\"text-align: justify\"><strong>\u201cBurada herkes iyi bilmelidir ki, sabr\u0131n da bir s\u0131n\u0131r\u0131 vard\u0131r\u201d<\/strong><\/p>\n<p style=\"text-align: justify\">Bu ba\u011flamda, baz\u0131 grup ve taraflar\u0131n &#8220;Direni\u015f&#8221; (Mukavemet) ad\u0131 alt\u0131nda, as\u0131ls\u0131z bahane ve sloganlarla kendilerine K\u00fcrdistan B\u00f6lgesi&#8217;ndeki sivil yerle\u015fim yerlerine, ekonomik altyap\u0131ya ve Pe\u015fmerge \u00fcslerine sald\u0131rma hakk\u0131n\u0131 g\u00f6rmeleri b\u00fcy\u00fck bir \u015fa\u015fk\u0131nl\u0131k yaratmaktad\u0131r. Bu, vatanda\u015flar\u0131n haklar\u0131na, K\u00fcrdistan B\u00f6lgesi&#8217;nin istikrar\u0131na ve g\u00fcvenli\u011fine y\u00f6nelik a\u00e7\u0131k bir sava\u015f k\u0131\u015fk\u0131rt\u0131c\u0131l\u0131\u011f\u0131 ve sald\u0131r\u0131d\u0131r.<\/p>\n<p style=\"text-align: justify\">Burada herkes iyi bilmelidir ki, sabr\u0131n da bir s\u0131n\u0131r\u0131 vard\u0131r. Pe\u015fmerge asla hi\u00e7bir taraf\u0131n zul\u00fcm ve zorbal\u0131\u011f\u0131n\u0131 kabul etmemi\u015ftir. Bu sava\u015f k\u0131\u015fk\u0131rt\u0131c\u0131l\u0131\u011f\u0131n\u0131n, K\u00fcrdistan B\u00f6lgesi&#8217;nin istikrar\u0131n\u0131n ve vatanda\u015flar\u0131n g\u00fcvenli\u011finin bu gruplar taraf\u0131ndan bozulmaya devam edilmesi m\u00fcmk\u00fcn de\u011fildir ve olmamal\u0131d\u0131r. Bu ama\u00e7la Irak H\u00fck\u00fcmeti&#8217;nden, Temsilciler Meclisi&#8217;nden ve siyasi taraflardan, \u00f6zellikle de Koordinasyon \u00c7er\u00e7evesi&#8217;nden ciddiyetle devreye girmelerini ve bu sald\u0131r\u0131lara bir s\u0131n\u0131r koymalar\u0131n\u0131 talep ediyoruz; \u00e7\u00fcnk\u00fc bu sata\u015fmalar\u0131n devam etmesi k\u00f6t\u00fc sonu\u00e7lar do\u011furacakt\u0131r.<\/p>\n<p style=\"text-align: justify\"><strong>\u201cZaferin K\u00fcrdistan halk\u0131n\u0131n olaca\u011f\u0131na dair g\u00fcvence veriyoruz\u201d<\/strong><\/p>\n<p style=\"text-align: justify\">Bu haks\u0131z sald\u0131r\u0131lar sonucunda \u015fehit d\u00fc\u015fen azizlerin ailelerine ve yak\u0131nlar\u0131na ba\u015fsa\u011fl\u0131\u011f\u0131 dileklerimi iletmekle birlikte, sevgili K\u00fcrdistan halk\u0131na da K\u00fcrdistan&#8217;\u0131n sava\u015ftan ve felaketten uzak kalmas\u0131, huzur, g\u00fcvenlik ve halk\u0131n ya\u015fam\u0131n\u0131n korunmas\u0131 i\u00e7in t\u00fcm g\u00fcc\u00fcm\u00fczle \u00e7al\u0131\u015fmaya devam edece\u011fimize ve zaferin K\u00fcrdistan halk\u0131n\u0131n olaca\u011f\u0131na dair g\u00fcvence veriyoruz.\u201d<\/p>\n<p style=\"text-align: justify\">Ge\u00e7ti\u011fimiz g\u00fcnlerde \u0130ran, Amerika ve \u0130srail aras\u0131ndaki sava\u015f\u0131n ba\u015flamas\u0131n\u0131n ard\u0131ndan, Irak&#8217;taki silahl\u0131 gruplar K\u00fcrdistan B\u00f6lgesi \u015fehirlerine y\u00f6nelik sald\u0131r\u0131lar\u0131n\u0131 yo\u011funla\u015ft\u0131rd\u0131. Sadece d\u00fcn gece yakla\u015f\u0131k 20 dron ve f\u00fcze ile Erbil ve S\u00fcleymaniye hedef al\u0131nd\u0131; bu sald\u0131r\u0131lar sonucunda Erbil&#8217;de bir Asayi\u015f g\u00f6revlisi \u015fehit oldu.<\/p>\n","protected":false},"excerpt":{"rendered":"<p>Ba\u015fkan Mesud Barzani, K\u00fcrdistan B\u00f6lgesi&#8217;ne y\u00f6nelik son d\u00f6nemde artan sald\u0131r\u0131lara ili\u015fkin sert bir a\u00e7\u0131klama yay\u0131nlad\u0131. K\u00fcrdistan halk\u0131n\u0131n hi\u00e7bir zaman sava\u015ftan yana olmad\u0131\u011f\u0131n\u0131, her zaman bar\u0131\u015f ve birlikte ya\u015fam\u0131 arzulad\u0131\u011f\u0131n\u0131 belirten Ba\u015fkan Barzani, sava\u015f\u0131n sadece y\u0131k\u0131m ve felaket getirdi\u011fini vurgulad\u0131. Barzani ayr\u0131ca, &#8220;Direni\u015f&#8221; (Mukavemet) ad\u0131 alt\u0131nda sivil alanlar\u0131n hedef al\u0131nmas\u0131n\u0131n kabul edilemez oldu\u011funu ifade ederek, &#8220;Herkes [&hellip;]<\/p>\n","protected":false},"author":2,"featured_media":1036658,"comment_status":"closed","ping_status":"closed","sticky":false,"template":"","format":"standard","meta":{"footnotes":""},"categories":[3],"tags":[31],"class_list":["post-1036657","post","type-post","status-publish","format-standard","has-post-thumbnail","hentry","category-kurdistan","tag-onemli"],"blocksy_meta":[],"seo_head":"<!-- This site is optimized with the Yoast SEO plugin v27.5 - https:\/\/yoast.com\/product\/yoast-seo-wordpress\/ -->\n<title>Ba\u015fkan Barzani&#039;den K\u00fcrdistan&#039;a yap\u0131lan sald\u0131r\u0131la d\u00f6n\u00fck a\u00e7\u0131klama: &quot;Herkes iyi bilmelidir ki, sabr\u0131n da bir s\u0131n\u0131r\u0131 vard\u0131r\u201d - Darka Mazi<\/title>\n<meta name=\"robots\" content=\"index, follow, max-snippet:-1, max-image-preview:large, max-video-preview:-1\" \/>\n<link rel=\"canonical\" href=\"https:\/\/darkamazi.site\/archives\/1036657\" \/>\n<meta property=\"og:locale\" content=\"en_US\" \/>\n<meta property=\"og:type\" content=\"article\" \/>\n<meta property=\"og:title\" content=\"Ba\u015fkan Barzani&#039;den K\u00fcrdistan&#039;a yap\u0131lan sald\u0131r\u0131la d\u00f6n\u00fck a\u00e7\u0131klama: &quot;Herkes iyi bilmelidir ki, sabr\u0131n da bir s\u0131n\u0131r\u0131 vard\u0131r\u201d - Darka Mazi\" \/>\n<meta property=\"og:description\" content=\"Ba\u015fkan Mesud Barzani, K\u00fcrdistan B\u00f6lgesi&#8217;ne y\u00f6nelik son d\u00f6nemde artan sald\u0131r\u0131lara ili\u015fkin sert bir a\u00e7\u0131klama yay\u0131nlad\u0131. K\u00fcrdistan halk\u0131n\u0131n hi\u00e7bir zaman sava\u015ftan yana olmad\u0131\u011f\u0131n\u0131, her zaman bar\u0131\u015f ve birlikte ya\u015fam\u0131 arzulad\u0131\u011f\u0131n\u0131 belirten Ba\u015fkan Barzani, sava\u015f\u0131n sadece y\u0131k\u0131m ve felaket getirdi\u011fini vurgulad\u0131. Barzani ayr\u0131ca, &#8220;Direni\u015f&#8221; (Mukavemet) ad\u0131 alt\u0131nda sivil alanlar\u0131n hedef al\u0131nmas\u0131n\u0131n kabul edilemez oldu\u011funu ifade ederek, &#8220;Herkes [&hellip;]\" \/>\n<meta property=\"og:url\" content=\"https:\/\/darkamazi.site\/archives\/1036657\" \/>\n<meta property=\"og:site_name\" content=\"Darka Mazi\" \/>\n<meta property=\"article:publisher\" content=\"https:\/\/www.facebook.com\/DarkaMaziturkce\" \/>\n<meta property=\"article:published_time\" content=\"2026-03-08T16:49:25+00:00\" \/>\n<meta property=\"og:image\" content=\"https:\/\/darkamazi.site\/file\/2026\/03\/serok-barzani-yeni-photo.jpg\" \/>\n\t<meta property=\"og:image:width\" content=\"1562\" \/>\n\t<meta property=\"og:image:height\" content=\"878\" \/>\n\t<meta property=\"og:image:type\" content=\"image\/jpeg\" \/>\n<meta name=\"author\" content=\"darka mazi\" \/>\n<meta name=\"twitter:card\" content=\"summary_large_image\" \/>\n<meta name=\"twitter:creator\" content=\"@DarkaMaziTurkce\" \/>\n<meta name=\"twitter:site\" content=\"@DarkaMaziTurkce\" \/>\n<meta name=\"twitter:label1\" content=\"Written by\" \/>\n\t<meta name=\"twitter:data1\" content=\"darka mazi\" \/>\n\t<meta name=\"twitter:label2\" content=\"Est. reading time\" \/>\n\t<meta name=\"twitter:data2\" content=\"3 minutes\" \/>\n<script type=\"application\/ld+json\" class=\"seo-schema-graph\">{\"@context\":\"https:\\\/\\\/schema.org\",\"@graph\":[{\"@type\":\"NewsArticle\",\"@id\":\"https:\\\/\\\/darkamazi.site\\\/archives\\\/1036657#article\",\"isPartOf\":{\"@id\":\"https:\\\/\\\/darkamazi.site\\\/archives\\\/1036657\"},\"author\":{\"name\":\"darka mazi\",\"@id\":\"https:\\\/\\\/darkamazi.site\\\/#\\\/schema\\\/person\\\/67986a95ac546c16760365877ef4a9d3\"},\"headline\":\"Ba\u015fkan Barzani&#8217;den K\u00fcrdistan&#8217;a yap\u0131lan sald\u0131r\u0131la d\u00f6n\u00fck a\u00e7\u0131klama: &#8220;Herkes iyi bilmelidir ki, sabr\u0131n da bir s\u0131n\u0131r\u0131 vard\u0131r\u201d\",\"datePublished\":\"2026-03-08T16:49:25+00:00\",\"mainEntityOfPage\":{\"@id\":\"https:\\\/\\\/darkamazi.site\\\/archives\\\/1036657\"},\"wordCount\":796,\"publisher\":{\"@id\":\"https:\\\/\\\/darkamazi.site\\\/#organization\"},\"image\":{\"@id\":\"https:\\\/\\\/darkamazi.site\\\/archives\\\/1036657#primaryimage\"},\"thumbnailUrl\":\"https:\\\/\\\/darkamazi.site\\\/darka-content\\\/uploads\\\/2026\\\/03\\\/serok-barzani-yeni-photo.jpg\",\"keywords\":[\"\u00f6nemli\"],\"articleSection\":[\"Kurdistan\"],\"inLanguage\":\"en-US\"},{\"@type\":\"WebPage\",\"@id\":\"https:\\\/\\\/darkamazi.site\\\/archives\\\/1036657\",\"url\":\"https:\\\/\\\/darkamazi.site\\\/archives\\\/1036657\",\"name\":\"Ba\u015fkan Barzani'den K\u00fcrdistan'a yap\u0131lan sald\u0131r\u0131la d\u00f6n\u00fck a\u00e7\u0131klama: \\\"Herkes iyi bilmelidir ki, sabr\u0131n da bir s\u0131n\u0131r\u0131 vard\u0131r\u201d - Darka Mazi\",\"isPartOf\":{\"@id\":\"https:\\\/\\\/darkamazi.site\\\/#website\"},\"primaryImageOfPage\":{\"@id\":\"https:\\\/\\\/darkamazi.site\\\/archives\\\/1036657#primaryimage\"},\"image\":{\"@id\":\"https:\\\/\\\/darkamazi.site\\\/archives\\\/1036657#primaryimage\"},\"thumbnailUrl\":\"https:\\\/\\\/darkamazi.site\\\/darka-content\\\/uploads\\\/2026\\\/03\\\/serok-barzani-yeni-photo.jpg\",\"datePublished\":\"2026-03-08T16:49:25+00:00\",\"breadcrumb\":{\"@id\":\"https:\\\/\\\/darkamazi.site\\\/archives\\\/1036657#breadcrumb\"},\"inLanguage\":\"en-US\",\"potentialAction\":[{\"@type\":\"ReadAction\",\"target\":[\"https:\\\/\\\/darkamazi.site\\\/archives\\\/1036657\"]}]},{\"@type\":\"ImageObject\",\"inLanguage\":\"en-US\",\"@id\":\"https:\\\/\\\/darkamazi.site\\\/archives\\\/1036657#primaryimage\",\"url\":\"https:\\\/\\\/darkamazi.site\\\/darka-content\\\/uploads\\\/2026\\\/03\\\/serok-barzani-yeni-photo.jpg\",\"contentUrl\":\"https:\\\/\\\/darkamazi.site\\\/darka-content\\\/uploads\\\/2026\\\/03\\\/serok-barzani-yeni-photo.jpg\",\"width\":1562,\"height\":878,\"caption\":\"Ba\u015fkan Barzani'den K\u00fcrdistan'a yap\u0131lan sald\u0131r\u0131la d\u00f6n\u00fck a\u00e7\u0131klama: \\\"Herkes iyi bilmelidir ki, sabr\u0131n da bir s\u0131n\u0131r\u0131 vard\u0131r\u201d\"},{\"@type\":\"BreadcrumbList\",\"@id\":\"https:\\\/\\\/darkamazi.site\\\/archives\\\/1036657#breadcrumb\",\"itemListElement\":[{\"@type\":\"ListItem\",\"position\":1,\"name\":\"Home\",\"item\":\"https:\\\/\\\/darkamazi.site\\\/\"},{\"@type\":\"ListItem\",\"position\":2,\"name\":\"Ba\u015fkan Barzani&#8217;den K\u00fcrdistan&#8217;a yap\u0131lan sald\u0131r\u0131la d\u00f6n\u00fck a\u00e7\u0131klama: &#8220;Herkes iyi bilmelidir ki, sabr\u0131n da bir s\u0131n\u0131r\u0131 vard\u0131r\u201d\"}]},{\"@type\":\"WebSite\",\"@id\":\"https:\\\/\\\/darkamazi.site\\\/#website\",\"url\":\"https:\\\/\\\/darkamazi.site\\\/\",\"name\":\"Darka Mazi\",\"description\":\"Ana Sayfa\",\"publisher\":{\"@id\":\"https:\\\/\\\/darkamazi.site\\\/#organization\"},\"potentialAction\":[{\"@type\":\"SearchAction\",\"target\":{\"@type\":\"EntryPoint\",\"urlTemplate\":\"https:\\\/\\\/darkamazi.site\\\/?s={search_term_string}\"},\"query-input\":{\"@type\":\"PropertyValueSpecification\",\"valueRequired\":true,\"valueName\":\"search_term_string\"}}],\"inLanguage\":\"en-US\"},{\"@type\":\"Organization\",\"@id\":\"https:\\\/\\\/darkamazi.site\\\/#organization\",\"name\":\"Darka Mazi T\u00fcrk\u00e7e\",\"alternateName\":\"Darka Mazi\",\"url\":\"https:\\\/\\\/darkamazi.site\\\/\",\"logo\":{\"@type\":\"ImageObject\",\"inLanguage\":\"en-US\",\"@id\":\"https:\\\/\\\/darkamazi.site\\\/#\\\/schema\\\/logo\\\/image\\\/\",\"url\":\"https:\\\/\\\/darkamazi.site\\\/darka-content\\\/uploads\\\/2017\\\/12\\\/darka-mazi-logo.png\",\"contentUrl\":\"https:\\\/\\\/darkamazi.site\\\/darka-content\\\/uploads\\\/2017\\\/12\\\/darka-mazi-logo.png\",\"width\":151,\"height\":75,\"caption\":\"Darka Mazi T\u00fcrk\u00e7e\"},\"image\":{\"@id\":\"https:\\\/\\\/darkamazi.site\\\/#\\\/schema\\\/logo\\\/image\\\/\"},\"sameAs\":[\"https:\\\/\\\/www.facebook.com\\\/DarkaMaziturkce\",\"https:\\\/\\\/x.com\\\/DarkaMaziTurkce\"]},{\"@type\":\"Person\",\"@id\":\"https:\\\/\\\/darkamazi.site\\\/#\\\/schema\\\/person\\\/67986a95ac546c16760365877ef4a9d3\",\"name\":\"darka mazi\",\"sameAs\":[\"https:\\\/\\\/darkamazi.site\"],\"url\":\"https:\\\/\\\/darkamazi.site\\\/archives\\\/author\\\/turkish\"}]}<\/script>\n<!-- \/ Yoast SEO plugin. -->","seo_head_json":{"title":"Ba\u015fkan Barzani'den K\u00fcrdistan'a yap\u0131lan sald\u0131r\u0131la d\u00f6n\u00fck a\u00e7\u0131klama: \"Herkes iyi bilmelidir ki, sabr\u0131n da bir s\u0131n\u0131r\u0131 vard\u0131r\u201d - Darka Mazi","robots":{"index":"index","follow":"follow","max-snippet":"max-snippet:-1","max-image-preview":"max-image-preview:large","max-video-preview":"max-video-preview:-1"},"canonical":"https:\/\/darkamazi.site\/archives\/1036657","og_locale":"en_US","og_type":"article","og_title":"Ba\u015fkan Barzani'den K\u00fcrdistan'a yap\u0131lan sald\u0131r\u0131la d\u00f6n\u00fck a\u00e7\u0131klama: \"Herkes iyi bilmelidir ki, sabr\u0131n da bir s\u0131n\u0131r\u0131 vard\u0131r\u201d - Darka Mazi","og_description":"Ba\u015fkan Mesud Barzani, K\u00fcrdistan B\u00f6lgesi&#8217;ne y\u00f6nelik son d\u00f6nemde artan sald\u0131r\u0131lara ili\u015fkin sert bir a\u00e7\u0131klama yay\u0131nlad\u0131. K\u00fcrdistan halk\u0131n\u0131n hi\u00e7bir zaman sava\u015ftan yana olmad\u0131\u011f\u0131n\u0131, her zaman bar\u0131\u015f ve birlikte ya\u015fam\u0131 arzulad\u0131\u011f\u0131n\u0131 belirten Ba\u015fkan Barzani, sava\u015f\u0131n sadece y\u0131k\u0131m ve felaket getirdi\u011fini vurgulad\u0131. Barzani ayr\u0131ca, &#8220;Direni\u015f&#8221; (Mukavemet) ad\u0131 alt\u0131nda sivil alanlar\u0131n hedef al\u0131nmas\u0131n\u0131n kabul edilemez oldu\u011funu ifade ederek, &#8220;Herkes [&hellip;]","og_url":"https:\/\/darkamazi.site\/archives\/1036657","og_site_name":"Darka Mazi","article_publisher":"https:\/\/www.facebook.com\/DarkaMaziturkce","article_published_time":"2026-03-08T16:49:25+00:00","og_image":[{"width":1562,"height":878,"url":"https:\/\/darkamazi.site\/file\/2026\/03\/serok-barzani-yeni-photo.jpg","type":"image\/jpeg"}],"author":"darka mazi","twitter_card":"summary_large_image","twitter_creator":"@DarkaMaziTurkce","twitter_site":"@DarkaMaziTurkce","twitter_misc":{"Written by":"darka mazi","Est. reading time":"3 minutes"},"schema":{"@context":"https:\/\/schema.org","@graph":[{"@type":"NewsArticle","@id":"https:\/\/darkamazi.site\/archives\/1036657#article","isPartOf":{"@id":"https:\/\/darkamazi.site\/archives\/1036657"},"author":{"name":"darka mazi","@id":"https:\/\/darkamazi.site\/#\/schema\/person\/67986a95ac546c16760365877ef4a9d3"},"headline":"Ba\u015fkan Barzani&#8217;den K\u00fcrdistan&#8217;a yap\u0131lan sald\u0131r\u0131la d\u00f6n\u00fck a\u00e7\u0131klama: &#8220;Herkes iyi bilmelidir ki, sabr\u0131n da bir s\u0131n\u0131r\u0131 vard\u0131r\u201d","datePublished":"2026-03-08T16:49:25+00:00","mainEntityOfPage":{"@id":"https:\/\/darkamazi.site\/archives\/1036657"},"wordCount":796,"publisher":{"@id":"https:\/\/darkamazi.site\/#organization"},"image":{"@id":"https:\/\/darkamazi.site\/archives\/1036657#primaryimage"},"thumbnailUrl":"https:\/\/darkamazi.site\/file\/2026\/03\/serok-barzani-yeni-photo.jpg","keywords":["\u00f6nemli"],"articleSection":["Kurdistan"],"inLanguage":"en-US"},{"@type":"WebPage","@id":"https:\/\/darkamazi.site\/archives\/1036657","url":"https:\/\/darkamazi.site\/archives\/1036657","name":"Ba\u015fkan Barzani'den K\u00fcrdistan'a yap\u0131lan sald\u0131r\u0131la d\u00f6n\u00fck a\u00e7\u0131klama: \"Herkes iyi bilmelidir ki, sabr\u0131n da bir s\u0131n\u0131r\u0131 vard\u0131r\u201d - Darka Mazi","isPartOf":{"@id":"https:\/\/darkamazi.site\/#website"},"primaryImageOfPage":{"@id":"https:\/\/darkamazi.site\/archives\/1036657#primaryimage"},"image":{"@id":"https:\/\/darkamazi.site\/archives\/1036657#primaryimage"},"thumbnailUrl":"https:\/\/darkamazi.site\/file\/2026\/03\/serok-barzani-yeni-photo.jpg","datePublished":"2026-03-08T16:49:25+00:00","breadcrumb":{"@id":"https:\/\/darkamazi.site\/archives\/1036657#breadcrumb"},"inLanguage":"en-US","potentialAction":[{"@type":"ReadAction","target":["https:\/\/darkamazi.site\/archives\/1036657"]}]},{"@type":"ImageObject","inLanguage":"en-US","@id":"https:\/\/darkamazi.site\/archives\/1036657#primaryimage","url":"https:\/\/darkamazi.site\/file\/2026\/03\/serok-barzani-yeni-photo.jpg","contentUrl":"https:\/\/darkamazi.site\/file\/2026\/03\/serok-barzani-yeni-photo.jpg","width":1562,"height":878,"caption":"Ba\u015fkan Barzani'den K\u00fcrdistan'a yap\u0131lan sald\u0131r\u0131la d\u00f6n\u00fck a\u00e7\u0131klama: \"Herkes iyi bilmelidir ki, sabr\u0131n da bir s\u0131n\u0131r\u0131 vard\u0131r\u201d"},{"@type":"BreadcrumbList","@id":"https:\/\/darkamazi.site\/archives\/1036657#breadcrumb","itemListElement":[{"@type":"ListItem","position":1,"name":"Home","item":"https:\/\/darkamazi.site\/"},{"@type":"ListItem","position":2,"name":"Ba\u015fkan Barzani&#8217;den K\u00fcrdistan&#8217;a yap\u0131lan sald\u0131r\u0131la d\u00f6n\u00fck a\u00e7\u0131klama: &#8220;Herkes iyi bilmelidir ki, sabr\u0131n da bir s\u0131n\u0131r\u0131 vard\u0131r\u201d"}]},{"@type":"WebSite","@id":"https:\/\/darkamazi.site\/#website","url":"https:\/\/darkamazi.site\/","name":"Darka Mazi","description":"Ana Sayfa","publisher":{"@id":"https:\/\/darkamazi.site\/#organization"},"potentialAction":[{"@type":"SearchAction","target":{"@type":"EntryPoint","urlTemplate":"https:\/\/darkamazi.site\/?s={search_term_string}"},"query-input":{"@type":"PropertyValueSpecification","valueRequired":true,"valueName":"search_term_string"}}],"inLanguage":"en-US"},{"@type":"Organization","@id":"https:\/\/darkamazi.site\/#organization","name":"Darka Mazi T\u00fcrk\u00e7e","alternateName":"Darka Mazi","url":"https:\/\/darkamazi.site\/","logo":{"@type":"ImageObject","inLanguage":"en-US","@id":"https:\/\/darkamazi.site\/#\/schema\/logo\/image\/","url":"https:\/\/darkamazi.site\/file\/2017\/12\/darka-mazi-logo.png","contentUrl":"https:\/\/darkamazi.site\/file\/2017\/12\/darka-mazi-logo.png","width":151,"height":75,"caption":"Darka Mazi T\u00fcrk\u00e7e"},"image":{"@id":"https:\/\/darkamazi.site\/#\/schema\/logo\/image\/"},"sameAs":["https:\/\/www.facebook.com\/DarkaMaziturkce","https:\/\/x.com\/DarkaMaziTurkce"]},{"@type":"Person","@id":"https:\/\/darkamazi.site\/#\/schema\/person\/67986a95ac546c16760365877ef4a9d3","name":"darka mazi","sameAs":["https:\/\/darkamazi.site"],"url":"https:\/\/darkamazi.site\/archives\/author\/turkish"}]}},"_links":{"self":[{"href":"https:\/\/darkamazi.site\/funavuv\/wp\/v2\/posts\/1036657","targetHints":{"allow":["GET"]}}],"collection":[{"href":"https:\/\/darkamazi.site\/funavuv\/wp\/v2\/posts"}],"about":[{"href":"https:\/\/darkamazi.site\/funavuv\/wp\/v2\/types\/post"}],"author":[{"embeddable":true,"href":"https:\/\/darkamazi.site\/funavuv\/wp\/v2\/users\/2"}],"replies":[{"embeddable":true,"href":"https:\/\/darkamazi.site\/funavuv\/wp\/v2\/comments?post=1036657"}],"version-history":[{"count":0,"href":"https:\/\/darkamazi.site\/funavuv\/wp\/v2\/posts\/1036657\/revisions"}],"wp:featuredmedia":[{"embeddable":true,"href":"https:\/\/darkamazi.site\/funavuv\/wp\/v2\/media\/1036658"}],"wp:attachment":[{"href":"https:\/\/darkamazi.site\/funavuv\/wp\/v2\/media?parent=1036657"}],"wp:term":[{"taxonomy":"category","embeddable":true,"href":"https:\/\/darkamazi.site\/funavuv\/wp\/v2\/categories?post=1036657"},{"taxonomy":"post_tag","embeddable":true,"href":"https:\/\/darkamazi.site\/funavuv\/wp\/v2\/tags?post=1036657"}],"curies":[{"name":"wp","href":"https:\/\/api.w.org\/{rel}","templated":true}]}}