{"id":1036662,"date":"2026-03-09T22:50:40","date_gmt":"2026-03-09T19:50:40","guid":{"rendered":"https:\/\/darkamazi.site\/?p=1036662"},"modified":"2026-03-09T22:50:40","modified_gmt":"2026-03-09T19:50:40","slug":"kurt-ulusal-mucadelesinin-sessiz-mimari-idris-barzani","status":"publish","type":"post","link":"https:\/\/darkamazi.site\/archives\/1036662","title":{"rendered":"K\u00fcrt Ulusal M\u00fccadelesinin Sessiz Mimar\u0131: \u0130dris Barzani"},"content":{"rendered":"<p style=\"text-align: justify\">Yeni yay\u0131mlanan bu eser, K\u00fcrt ulusal m\u00fccadelesinin \u00f6nemli fig\u00fcrlerinden biri olan \u0130dris Barzani\u2019nin ya\u015fam\u0131n\u0131 ve K\u00fcrt \u00f6zg\u00fcrl\u00fck hareketindeki rol\u00fcn\u00fc tarihsel bir perspektifle ele alan kapsaml\u0131 bir \u00e7al\u0131\u015fmad\u0131r. Kitab\u0131n yazar\u0131 Karwan Cevher Muhammed olup eser Sorani K\u00fcrt\u00e7esinden T\u00fcrk\u00e7eye Muhsin \u00d6zdemir taraf\u0131ndan \u00e7evrilmi\u015ftir. \u00c7al\u0131\u015fman\u0131n \u00f6ns\u00f6z\u00fc ise K\u00fcrt siyasi d\u00fc\u015f\u00fcncesi \u00fczerine yaz\u0131lar\u0131yla tan\u0131nan \u0130smet Y\u00fcce taraf\u0131ndan kaleme al\u0131nm\u0131\u015ft\u0131r.<\/p>\n<p style=\"text-align: justify\">Bu kitap, yaln\u0131zca bir biyografi de\u011fildir. Ayn\u0131 zamanda Irak K\u00fcrdistan\u0131\u2019nda 20. y\u00fczy\u0131l\u0131n ikinci yar\u0131s\u0131nda geli\u015fen K\u00fcrt ulusal m\u00fccadelesinin siyasal ve askeri dinamiklerini anlamak i\u00e7in \u00f6nemli bir tarihsel kaynak niteli\u011fi ta\u015f\u0131maktad\u0131r. Eserde, Barzani ailesinin m\u00fccadele gelene\u011fi, K\u00fcrt hareketinin b\u00f6lgesel ve uluslararas\u0131 dengeler i\u00e7indeki konumu ve \u00f6zellikle \u0130dris Barzani\u2019nin diplomatik ve \u00f6rg\u00fctsel rol\u00fc ayr\u0131nt\u0131l\u0131 bi\u00e7imde incelenmektedir.<\/p>\n<p style=\"text-align: justify\">\u0130dris Barzani, \u00f6zellikle 1970\u2019li ve 1980\u2019li y\u0131llarda K\u00fcrt ulusal hareketinin siyasal diplomasi alan\u0131ndaki \u00f6nemli temsilcilerinden biri olarak bilinir. Babas\u0131 olan Mustafa Barzani\u2019nin y\u00fcr\u00fctt\u00fc\u011f\u00fc K\u00fcrt \u00f6zg\u00fcrl\u00fck m\u00fccadelesinde aktif rol \u00fcstlenmi\u015f, hem askeri hem de diplomatik alanda K\u00fcrt meselesinin uluslararas\u0131 alanda g\u00f6r\u00fcn\u00fcr olmas\u0131na katk\u0131 sunmu\u015ftur. Kitapta, bu tarihsel s\u00fcre\u00e7 yaln\u0131zca ki\u015fisel an\u0131larla de\u011fil, ayn\u0131 zamanda d\u00f6nemin siyasi geli\u015fmeleri, b\u00f6lgesel ittifaklar ve K\u00fcrt hareketinin i\u00e7 dinamikleriyle birlikte ele al\u0131nmaktad\u0131r.<\/p>\n<p style=\"text-align: justify\">Eserde ayr\u0131ca \u015fu ba\u015fl\u0131klar etraf\u0131nda kapsaml\u0131 de\u011ferlendirmeler yap\u0131lmaktad\u0131r:<\/p>\n<p style=\"text-align: justify\">Irak\u2019ta K\u00fcrt hareketinin \u00f6rg\u00fctlenme s\u00fcreci<\/p>\n<p style=\"text-align: justify\">Barzani hareketinin siyasi ve askeri yap\u0131s\u0131<\/p>\n<p style=\"text-align: justify\">K\u00fcrt ulusal m\u00fccadelesinin uluslararas\u0131 boyutu<\/p>\n<p style=\"text-align: justify\">1970 otonomi s\u00fcreci ve sonras\u0131nda ya\u015fanan k\u0131r\u0131lmalar<\/p>\n<p style=\"text-align: justify\">\u0130dris Barzani\u2019nin diplomatik faaliyetleri ve siyasal vizyonu<\/p>\n<p style=\"text-align: justify\">Bu y\u00f6n\u00fcyle \u00e7al\u0131\u015fma, K\u00fcrt modern tarihine ilgi duyan ara\u015ft\u0131rmac\u0131lar, \u00f6\u011frenciler ve okuyucular i\u00e7in \u00f6nemli bir ba\u015fvuru kayna\u011f\u0131 niteli\u011findedir. \u00d6zellikle K\u00fcrt siyasi hareketinin kurumsalla\u015fma s\u00fcrecini ve Barzani hareketinin tarihsel rol\u00fcn\u00fc anlamak isteyenler i\u00e7in de\u011ferli bir belge \u00f6zelli\u011fi ta\u015f\u0131maktad\u0131r.<\/p>\n<p style=\"text-align: justify\">Eser ayn\u0131 zamanda K\u00fcrt ulusal m\u00fccadelesinin sadece silahl\u0131 direni\u015ften ibaret olmad\u0131\u011f\u0131n\u0131; diplomasi, siyasal \u00f6rg\u00fctlenme ve uluslararas\u0131 ili\u015fkiler alanlar\u0131nda y\u00fcr\u00fct\u00fclen yo\u011fun \u00e7abalar\u0131n da bu m\u00fccadelenin temel bile\u015fenleri oldu\u011funu ortaya koymaktad\u0131r.<\/p>\n<p style=\"text-align: justify\">K\u00fcrt tarihine ilgi duyan herkes i\u00e7in \u00f6nemli bir kaynak niteli\u011fi ta\u015f\u0131yan bu \u00e7al\u0131\u015fma, hem akademik hem de tarihsel a\u00e7\u0131dan dikkatle okunmas\u0131 gereken bir eser olarak \u00f6ne \u00e7\u0131kmaktad\u0131r.<\/p>\n<p style=\"text-align: justify\">\u0130steyen okuyucular kitab\u0131 temin ederek K\u00fcrt ulusal m\u00fccadelesinin \u00f6nemli bir d\u00f6nemine \u0131\u015f\u0131k tutan bu \u00e7al\u0131\u015fmay\u0131 daha yak\u0131ndan inceleyebilir.<\/p>\n","protected":false},"excerpt":{"rendered":"<p>Yeni yay\u0131mlanan bu eser, K\u00fcrt ulusal m\u00fccadelesinin \u00f6nemli fig\u00fcrlerinden biri olan \u0130dris Barzani\u2019nin ya\u015fam\u0131n\u0131 ve K\u00fcrt \u00f6zg\u00fcrl\u00fck hareketindeki rol\u00fcn\u00fc tarihsel bir perspektifle ele alan kapsaml\u0131 bir \u00e7al\u0131\u015fmad\u0131r. Kitab\u0131n yazar\u0131 Karwan Cevher Muhammed olup eser Sorani K\u00fcrt\u00e7esinden T\u00fcrk\u00e7eye Muhsin \u00d6zdemir taraf\u0131ndan \u00e7evrilmi\u015ftir. \u00c7al\u0131\u015fman\u0131n \u00f6ns\u00f6z\u00fc ise K\u00fcrt siyasi d\u00fc\u015f\u00fcncesi \u00fczerine yaz\u0131lar\u0131yla tan\u0131nan \u0130smet Y\u00fcce taraf\u0131ndan kaleme al\u0131nm\u0131\u015ft\u0131r. [&hellip;]<\/p>\n","protected":false},"author":2,"featured_media":1036664,"comment_status":"closed","ping_status":"closed","sticky":false,"template":"","format":"standard","meta":{"footnotes":""},"categories":[26],"tags":[31],"class_list":["post-1036662","post","type-post","status-publish","format-standard","has-post-thumbnail","hentry","category-forum","tag-onemli"],"blocksy_meta":[],"seo_head":"<!-- This site is optimized with the Yoast SEO plugin v27.5 - https:\/\/yoast.com\/product\/yoast-seo-wordpress\/ -->\n<title>K\u00fcrt Ulusal M\u00fccadelesinin Sessiz Mimar\u0131: \u0130dris Barzani - Darka Mazi<\/title>\n<meta name=\"robots\" content=\"index, follow, max-snippet:-1, max-image-preview:large, max-video-preview:-1\" \/>\n<link rel=\"canonical\" href=\"https:\/\/darkamazi.site\/archives\/1036662\" \/>\n<meta property=\"og:locale\" content=\"en_US\" \/>\n<meta property=\"og:type\" content=\"article\" \/>\n<meta property=\"og:title\" content=\"K\u00fcrt Ulusal M\u00fccadelesinin Sessiz Mimar\u0131: \u0130dris Barzani - Darka Mazi\" \/>\n<meta property=\"og:description\" content=\"Yeni yay\u0131mlanan bu eser, K\u00fcrt ulusal m\u00fccadelesinin \u00f6nemli fig\u00fcrlerinden biri olan \u0130dris Barzani\u2019nin ya\u015fam\u0131n\u0131 ve K\u00fcrt \u00f6zg\u00fcrl\u00fck hareketindeki rol\u00fcn\u00fc tarihsel bir perspektifle ele alan kapsaml\u0131 bir \u00e7al\u0131\u015fmad\u0131r. Kitab\u0131n yazar\u0131 Karwan Cevher Muhammed olup eser Sorani K\u00fcrt\u00e7esinden T\u00fcrk\u00e7eye Muhsin \u00d6zdemir taraf\u0131ndan \u00e7evrilmi\u015ftir. \u00c7al\u0131\u015fman\u0131n \u00f6ns\u00f6z\u00fc ise K\u00fcrt siyasi d\u00fc\u015f\u00fcncesi \u00fczerine yaz\u0131lar\u0131yla tan\u0131nan \u0130smet Y\u00fcce taraf\u0131ndan kaleme al\u0131nm\u0131\u015ft\u0131r. [&hellip;]\" \/>\n<meta property=\"og:url\" content=\"https:\/\/darkamazi.site\/archives\/1036662\" \/>\n<meta property=\"og:site_name\" content=\"Darka Mazi\" \/>\n<meta property=\"article:publisher\" content=\"https:\/\/www.facebook.com\/DarkaMaziturkce\" \/>\n<meta property=\"article:published_time\" content=\"2026-03-09T19:50:40+00:00\" \/>\n<meta property=\"og:image\" content=\"https:\/\/darkamazi.site\/file\/2026\/03\/IDRIS-BARZANI.jpg\" \/>\n\t<meta property=\"og:image:width\" content=\"960\" \/>\n\t<meta property=\"og:image:height\" content=\"661\" \/>\n\t<meta property=\"og:image:type\" content=\"image\/jpeg\" \/>\n<meta name=\"author\" content=\"darka mazi\" \/>\n<meta name=\"twitter:card\" content=\"summary_large_image\" \/>\n<meta name=\"twitter:creator\" content=\"@DarkaMaziTurkce\" \/>\n<meta name=\"twitter:site\" content=\"@DarkaMaziTurkce\" \/>\n<meta name=\"twitter:label1\" content=\"Written by\" \/>\n\t<meta name=\"twitter:data1\" content=\"darka mazi\" \/>\n\t<meta name=\"twitter:label2\" content=\"Est. reading time\" \/>\n\t<meta name=\"twitter:data2\" content=\"2 minutes\" \/>\n<script type=\"application\/ld+json\" class=\"seo-schema-graph\">{\"@context\":\"https:\\\/\\\/schema.org\",\"@graph\":[{\"@type\":\"NewsArticle\",\"@id\":\"https:\\\/\\\/darkamazi.site\\\/archives\\\/1036662#article\",\"isPartOf\":{\"@id\":\"https:\\\/\\\/darkamazi.site\\\/archives\\\/1036662\"},\"author\":{\"name\":\"darka mazi\",\"@id\":\"https:\\\/\\\/darkamazi.site\\\/#\\\/schema\\\/person\\\/67986a95ac546c16760365877ef4a9d3\"},\"headline\":\"K\u00fcrt Ulusal M\u00fccadelesinin Sessiz Mimar\u0131: \u0130dris Barzani\",\"datePublished\":\"2026-03-09T19:50:40+00:00\",\"mainEntityOfPage\":{\"@id\":\"https:\\\/\\\/darkamazi.site\\\/archives\\\/1036662\"},\"wordCount\":484,\"publisher\":{\"@id\":\"https:\\\/\\\/darkamazi.site\\\/#organization\"},\"image\":{\"@id\":\"https:\\\/\\\/darkamazi.site\\\/archives\\\/1036662#primaryimage\"},\"thumbnailUrl\":\"https:\\\/\\\/darkamazi.site\\\/darka-content\\\/uploads\\\/2026\\\/03\\\/IDRIS-BARZANI.jpg\",\"keywords\":[\"\u00f6nemli\"],\"articleSection\":[\"Forum\"],\"inLanguage\":\"en-US\"},{\"@type\":\"WebPage\",\"@id\":\"https:\\\/\\\/darkamazi.site\\\/archives\\\/1036662\",\"url\":\"https:\\\/\\\/darkamazi.site\\\/archives\\\/1036662\",\"name\":\"K\u00fcrt Ulusal M\u00fccadelesinin Sessiz Mimar\u0131: \u0130dris Barzani - Darka Mazi\",\"isPartOf\":{\"@id\":\"https:\\\/\\\/darkamazi.site\\\/#website\"},\"primaryImageOfPage\":{\"@id\":\"https:\\\/\\\/darkamazi.site\\\/archives\\\/1036662#primaryimage\"},\"image\":{\"@id\":\"https:\\\/\\\/darkamazi.site\\\/archives\\\/1036662#primaryimage\"},\"thumbnailUrl\":\"https:\\\/\\\/darkamazi.site\\\/darka-content\\\/uploads\\\/2026\\\/03\\\/IDRIS-BARZANI.jpg\",\"datePublished\":\"2026-03-09T19:50:40+00:00\",\"breadcrumb\":{\"@id\":\"https:\\\/\\\/darkamazi.site\\\/archives\\\/1036662#breadcrumb\"},\"inLanguage\":\"en-US\",\"potentialAction\":[{\"@type\":\"ReadAction\",\"target\":[\"https:\\\/\\\/darkamazi.site\\\/archives\\\/1036662\"]}]},{\"@type\":\"ImageObject\",\"inLanguage\":\"en-US\",\"@id\":\"https:\\\/\\\/darkamazi.site\\\/archives\\\/1036662#primaryimage\",\"url\":\"https:\\\/\\\/darkamazi.site\\\/darka-content\\\/uploads\\\/2026\\\/03\\\/IDRIS-BARZANI.jpg\",\"contentUrl\":\"https:\\\/\\\/darkamazi.site\\\/darka-content\\\/uploads\\\/2026\\\/03\\\/IDRIS-BARZANI.jpg\",\"width\":960,\"height\":661,\"caption\":\"K\u00fcrt Ulusal M\u00fccadelesinin Sessiz Mimar\u0131: \u0130dris Barzani\"},{\"@type\":\"BreadcrumbList\",\"@id\":\"https:\\\/\\\/darkamazi.site\\\/archives\\\/1036662#breadcrumb\",\"itemListElement\":[{\"@type\":\"ListItem\",\"position\":1,\"name\":\"Home\",\"item\":\"https:\\\/\\\/darkamazi.site\\\/\"},{\"@type\":\"ListItem\",\"position\":2,\"name\":\"K\u00fcrt Ulusal M\u00fccadelesinin Sessiz Mimar\u0131: \u0130dris Barzani\"}]},{\"@type\":\"WebSite\",\"@id\":\"https:\\\/\\\/darkamazi.site\\\/#website\",\"url\":\"https:\\\/\\\/darkamazi.site\\\/\",\"name\":\"Darka Mazi\",\"description\":\"Ana Sayfa\",\"publisher\":{\"@id\":\"https:\\\/\\\/darkamazi.site\\\/#organization\"},\"potentialAction\":[{\"@type\":\"SearchAction\",\"target\":{\"@type\":\"EntryPoint\",\"urlTemplate\":\"https:\\\/\\\/darkamazi.site\\\/?s={search_term_string}\"},\"query-input\":{\"@type\":\"PropertyValueSpecification\",\"valueRequired\":true,\"valueName\":\"search_term_string\"}}],\"inLanguage\":\"en-US\"},{\"@type\":\"Organization\",\"@id\":\"https:\\\/\\\/darkamazi.site\\\/#organization\",\"name\":\"Darka Mazi T\u00fcrk\u00e7e\",\"alternateName\":\"Darka Mazi\",\"url\":\"https:\\\/\\\/darkamazi.site\\\/\",\"logo\":{\"@type\":\"ImageObject\",\"inLanguage\":\"en-US\",\"@id\":\"https:\\\/\\\/darkamazi.site\\\/#\\\/schema\\\/logo\\\/image\\\/\",\"url\":\"https:\\\/\\\/darkamazi.site\\\/darka-content\\\/uploads\\\/2017\\\/12\\\/darka-mazi-logo.png\",\"contentUrl\":\"https:\\\/\\\/darkamazi.site\\\/darka-content\\\/uploads\\\/2017\\\/12\\\/darka-mazi-logo.png\",\"width\":151,\"height\":75,\"caption\":\"Darka Mazi T\u00fcrk\u00e7e\"},\"image\":{\"@id\":\"https:\\\/\\\/darkamazi.site\\\/#\\\/schema\\\/logo\\\/image\\\/\"},\"sameAs\":[\"https:\\\/\\\/www.facebook.com\\\/DarkaMaziturkce\",\"https:\\\/\\\/x.com\\\/DarkaMaziTurkce\"]},{\"@type\":\"Person\",\"@id\":\"https:\\\/\\\/darkamazi.site\\\/#\\\/schema\\\/person\\\/67986a95ac546c16760365877ef4a9d3\",\"name\":\"darka mazi\",\"sameAs\":[\"https:\\\/\\\/darkamazi.site\"],\"url\":\"https:\\\/\\\/darkamazi.site\\\/archives\\\/author\\\/turkish\"}]}<\/script>\n<!-- \/ Yoast SEO plugin. -->","seo_head_json":{"title":"K\u00fcrt Ulusal M\u00fccadelesinin Sessiz Mimar\u0131: \u0130dris Barzani - Darka Mazi","robots":{"index":"index","follow":"follow","max-snippet":"max-snippet:-1","max-image-preview":"max-image-preview:large","max-video-preview":"max-video-preview:-1"},"canonical":"https:\/\/darkamazi.site\/archives\/1036662","og_locale":"en_US","og_type":"article","og_title":"K\u00fcrt Ulusal M\u00fccadelesinin Sessiz Mimar\u0131: \u0130dris Barzani - Darka Mazi","og_description":"Yeni yay\u0131mlanan bu eser, K\u00fcrt ulusal m\u00fccadelesinin \u00f6nemli fig\u00fcrlerinden biri olan \u0130dris Barzani\u2019nin ya\u015fam\u0131n\u0131 ve K\u00fcrt \u00f6zg\u00fcrl\u00fck hareketindeki rol\u00fcn\u00fc tarihsel bir perspektifle ele alan kapsaml\u0131 bir \u00e7al\u0131\u015fmad\u0131r. Kitab\u0131n yazar\u0131 Karwan Cevher Muhammed olup eser Sorani K\u00fcrt\u00e7esinden T\u00fcrk\u00e7eye Muhsin \u00d6zdemir taraf\u0131ndan \u00e7evrilmi\u015ftir. \u00c7al\u0131\u015fman\u0131n \u00f6ns\u00f6z\u00fc ise K\u00fcrt siyasi d\u00fc\u015f\u00fcncesi \u00fczerine yaz\u0131lar\u0131yla tan\u0131nan \u0130smet Y\u00fcce taraf\u0131ndan kaleme al\u0131nm\u0131\u015ft\u0131r. [&hellip;]","og_url":"https:\/\/darkamazi.site\/archives\/1036662","og_site_name":"Darka Mazi","article_publisher":"https:\/\/www.facebook.com\/DarkaMaziturkce","article_published_time":"2026-03-09T19:50:40+00:00","og_image":[{"width":960,"height":661,"url":"https:\/\/darkamazi.site\/file\/2026\/03\/IDRIS-BARZANI.jpg","type":"image\/jpeg"}],"author":"darka mazi","twitter_card":"summary_large_image","twitter_creator":"@DarkaMaziTurkce","twitter_site":"@DarkaMaziTurkce","twitter_misc":{"Written by":"darka mazi","Est. reading time":"2 minutes"},"schema":{"@context":"https:\/\/schema.org","@graph":[{"@type":"NewsArticle","@id":"https:\/\/darkamazi.site\/archives\/1036662#article","isPartOf":{"@id":"https:\/\/darkamazi.site\/archives\/1036662"},"author":{"name":"darka mazi","@id":"https:\/\/darkamazi.site\/#\/schema\/person\/67986a95ac546c16760365877ef4a9d3"},"headline":"K\u00fcrt Ulusal M\u00fccadelesinin Sessiz Mimar\u0131: \u0130dris Barzani","datePublished":"2026-03-09T19:50:40+00:00","mainEntityOfPage":{"@id":"https:\/\/darkamazi.site\/archives\/1036662"},"wordCount":484,"publisher":{"@id":"https:\/\/darkamazi.site\/#organization"},"image":{"@id":"https:\/\/darkamazi.site\/archives\/1036662#primaryimage"},"thumbnailUrl":"https:\/\/darkamazi.site\/file\/2026\/03\/IDRIS-BARZANI.jpg","keywords":["\u00f6nemli"],"articleSection":["Forum"],"inLanguage":"en-US"},{"@type":"WebPage","@id":"https:\/\/darkamazi.site\/archives\/1036662","url":"https:\/\/darkamazi.site\/archives\/1036662","name":"K\u00fcrt Ulusal M\u00fccadelesinin Sessiz Mimar\u0131: \u0130dris Barzani - Darka Mazi","isPartOf":{"@id":"https:\/\/darkamazi.site\/#website"},"primaryImageOfPage":{"@id":"https:\/\/darkamazi.site\/archives\/1036662#primaryimage"},"image":{"@id":"https:\/\/darkamazi.site\/archives\/1036662#primaryimage"},"thumbnailUrl":"https:\/\/darkamazi.site\/file\/2026\/03\/IDRIS-BARZANI.jpg","datePublished":"2026-03-09T19:50:40+00:00","breadcrumb":{"@id":"https:\/\/darkamazi.site\/archives\/1036662#breadcrumb"},"inLanguage":"en-US","potentialAction":[{"@type":"ReadAction","target":["https:\/\/darkamazi.site\/archives\/1036662"]}]},{"@type":"ImageObject","inLanguage":"en-US","@id":"https:\/\/darkamazi.site\/archives\/1036662#primaryimage","url":"https:\/\/darkamazi.site\/file\/2026\/03\/IDRIS-BARZANI.jpg","contentUrl":"https:\/\/darkamazi.site\/file\/2026\/03\/IDRIS-BARZANI.jpg","width":960,"height":661,"caption":"K\u00fcrt Ulusal M\u00fccadelesinin Sessiz Mimar\u0131: \u0130dris Barzani"},{"@type":"BreadcrumbList","@id":"https:\/\/darkamazi.site\/archives\/1036662#breadcrumb","itemListElement":[{"@type":"ListItem","position":1,"name":"Home","item":"https:\/\/darkamazi.site\/"},{"@type":"ListItem","position":2,"name":"K\u00fcrt Ulusal M\u00fccadelesinin Sessiz Mimar\u0131: \u0130dris Barzani"}]},{"@type":"WebSite","@id":"https:\/\/darkamazi.site\/#website","url":"https:\/\/darkamazi.site\/","name":"Darka Mazi","description":"Ana Sayfa","publisher":{"@id":"https:\/\/darkamazi.site\/#organization"},"potentialAction":[{"@type":"SearchAction","target":{"@type":"EntryPoint","urlTemplate":"https:\/\/darkamazi.site\/?s={search_term_string}"},"query-input":{"@type":"PropertyValueSpecification","valueRequired":true,"valueName":"search_term_string"}}],"inLanguage":"en-US"},{"@type":"Organization","@id":"https:\/\/darkamazi.site\/#organization","name":"Darka Mazi T\u00fcrk\u00e7e","alternateName":"Darka Mazi","url":"https:\/\/darkamazi.site\/","logo":{"@type":"ImageObject","inLanguage":"en-US","@id":"https:\/\/darkamazi.site\/#\/schema\/logo\/image\/","url":"https:\/\/darkamazi.site\/file\/2017\/12\/darka-mazi-logo.png","contentUrl":"https:\/\/darkamazi.site\/file\/2017\/12\/darka-mazi-logo.png","width":151,"height":75,"caption":"Darka Mazi T\u00fcrk\u00e7e"},"image":{"@id":"https:\/\/darkamazi.site\/#\/schema\/logo\/image\/"},"sameAs":["https:\/\/www.facebook.com\/DarkaMaziturkce","https:\/\/x.com\/DarkaMaziTurkce"]},{"@type":"Person","@id":"https:\/\/darkamazi.site\/#\/schema\/person\/67986a95ac546c16760365877ef4a9d3","name":"darka mazi","sameAs":["https:\/\/darkamazi.site"],"url":"https:\/\/darkamazi.site\/archives\/author\/turkish"}]}},"_links":{"self":[{"href":"https:\/\/darkamazi.site\/funavuv\/wp\/v2\/posts\/1036662","targetHints":{"allow":["GET"]}}],"collection":[{"href":"https:\/\/darkamazi.site\/funavuv\/wp\/v2\/posts"}],"about":[{"href":"https:\/\/darkamazi.site\/funavuv\/wp\/v2\/types\/post"}],"author":[{"embeddable":true,"href":"https:\/\/darkamazi.site\/funavuv\/wp\/v2\/users\/2"}],"replies":[{"embeddable":true,"href":"https:\/\/darkamazi.site\/funavuv\/wp\/v2\/comments?post=1036662"}],"version-history":[{"count":0,"href":"https:\/\/darkamazi.site\/funavuv\/wp\/v2\/posts\/1036662\/revisions"}],"wp:featuredmedia":[{"embeddable":true,"href":"https:\/\/darkamazi.site\/funavuv\/wp\/v2\/media\/1036664"}],"wp:attachment":[{"href":"https:\/\/darkamazi.site\/funavuv\/wp\/v2\/media?parent=1036662"}],"wp:term":[{"taxonomy":"category","embeddable":true,"href":"https:\/\/darkamazi.site\/funavuv\/wp\/v2\/categories?post=1036662"},{"taxonomy":"post_tag","embeddable":true,"href":"https:\/\/darkamazi.site\/funavuv\/wp\/v2\/tags?post=1036662"}],"curies":[{"name":"wp","href":"https:\/\/api.w.org\/{rel}","templated":true}]}}