{"id":1036666,"date":"2026-03-10T22:14:31","date_gmt":"2026-03-10T19:14:31","guid":{"rendered":"https:\/\/darkamazi.site\/?p=1036666"},"modified":"2026-03-10T22:14:31","modified_gmt":"2026-03-10T19:14:31","slug":"enks-rojava-yonetimine-bagli-asayis-gucleri-tarafindan-iskence-katledilen-ala-emin-icin-aciklama-yapti","status":"publish","type":"post","link":"https:\/\/darkamazi.site\/archives\/1036666","title":{"rendered":"ENKS,\u00a0Rojava y\u00f6netimine ba\u011fl\u0131 Asayi\u015f G\u00fc\u00e7leri taraf\u0131ndan i\u015fkence katledilen Ala Emin i\u00e7in a\u00e7\u0131klama yapt\u0131"},"content":{"rendered":"<p style=\"text-align: justify\">Rojava Asayi\u015fi taraf\u0131ndang g\u00f6zalt\u0131na al\u0131nd\u0131ktan 6 ay sonra i\u015fkence ile katledilen Ala Emin olay\u0131 i\u00e7in ENKS\u2019den a\u00e7\u0131klama geldi. ENKS \u201cGen\u00e7 bir insan\u0131n \u00f6ld\u00fcr\u00fclmesini \u015fiddetle k\u0131n\u0131yoruz\u201d dedi.<\/p>\n<p style=\"text-align: justify\">ENKS a\u00e7\u0131klamas\u0131nda \u201cBu gen\u00e7 adam \u0130sve\u00e7&#8217;ten d\u00f6nd\u00fckten sonra tutuklanm\u0131\u015f ve be\u015f ay boyunca kay\u0131p kalm\u0131\u015ft\u0131r. 8 Mart&#8217;ta cesedi ailesine teslim edilmeden \u00f6nce, hapishanede ba\u015f\u0131na gelenleri gizlemek amac\u0131yla, K\u00fcrt toplumumuzun de\u011ferlerinden ve t\u00fcm insan haklar\u0131ndan uzak bir \u015fekilde t\u0131bbi raporlar\u0131 da yan\u0131nda g\u00f6nderilmi\u015ftir.\u201d Dendi.<\/p>\n<p style=\"text-align: justify\">ENKS a\u00e7\u0131klamada \u00a0su\u00e7un cezas\u0131z kalmamas\u0131 gerekti\u011fini belirterek \u015funlar\u0131 tale petti: \u201cDi\u011fer su\u00e7lara eklenen bu su\u00e7, halk\u0131m\u0131zda di\u011fer mahkumlar\u0131n ve zorla kaybettirilenlerin durumu hakk\u0131nda me\u015fru endi\u015feler uyand\u0131rmaktad\u0131r. Bu nedenle, Konsey Genel Sekreterli\u011fi \u015funlar\u0131 talep etmektedir:<\/p>\n<p style=\"text-align: justify\">Bu su\u00e7un t\u00fcm ayr\u0131nt\u0131lar\u0131n\u0131 ortaya \u00e7\u0131karmak ve sorumlular\u0131 ayr\u0131nt\u0131l\u0131 olarak belirlemek i\u00e7in, g\u00fcvenilir insan haklar\u0131 \u00f6rg\u00fctlerinin g\u00f6zetiminde \u015feffaf ve ba\u011f\u0131ms\u0131z bir soru\u015fturma ba\u015flat\u0131lmas\u0131.<\/p>\n<p style=\"text-align: justify\">Bu su\u00e7a kar\u0131\u015fan herkesin adalete teslim edilmesi ve ma\u011fdurun haklar\u0131n\u0131 korumak ve bu t\u00fcr su\u00e7lar\u0131 i\u015fleyebilecek herkese \u00f6rnek te\u015fkil etmesi i\u00e7in en a\u011f\u0131r yasal cezalar\u0131n uygulanmas\u0131 gerekmektedir.<\/p>\n<p style=\"text-align: justify\">Ayr\u0131ca, bu ac\u0131 olaylar\u0131n tekrar\u0131n\u0131 \u00f6nlemek i\u00e7in gerekli \u00f6nlemlerin al\u0131nmas\u0131n\u0131 ve toplumun g\u00fcvenli\u011fini ve yap\u0131s\u0131n\u0131n korunmas\u0131n\u0131 sa\u011flayacak \u015fekilde t\u00fcm hapishanelerin ve g\u00f6zalt\u0131 merkezlerinin bo\u015falt\u0131lmas\u0131n\u0131 vurguluyoruz.<\/p>\n<p style=\"text-align: justify\"><strong>Ala Emin olay\u0131 nedir? <\/strong><\/p>\n<p style=\"text-align: justify\">7 Eyl\u00fcl 2025 tarihinde P\u00ea\u015fab\u00fbr-Semalka S\u0131n\u0131r Kap\u0131s\u0131\u2019ndan ge\u00e7erek Kam\u0131\u015flo\u2019ya gelen Ala Emin, buraada evlilik haz\u0131rl\u0131klar\u0131na ba\u015flam\u0131\u015ft\u0131.<\/p>\n<p style=\"text-align: justify\">Ancak 20 Ekim 2025 tarihinde Kam\u0131\u015flo \u0130\u00e7 G\u00fcvenlik G\u00fc\u00e7leri (Asayi\u015f) taraf\u0131ndan g\u00f6zalt\u0131na al\u0131nd\u0131.<\/p>\n<p style=\"text-align: justify\">Ailesinin verdi\u011fi bilgilere g\u00f6re; g\u00f6zalt\u0131 s\u00fcrecinden sonra 8 Mart 2026 tarihinde Asayi\u015f\u2019ten yetkililer aileyi arayarak, Ala\u2019n\u0131n hayat\u0131n\u0131 kaybetti\u011fini ve cenazesini almalar\u0131 gerekti\u011fini bildirdi.<\/p>\n<p style=\"text-align: justify\"><strong>Annesinin feryad\u0131<\/strong><\/p>\n<p style=\"text-align: justify\">Cenazeyi teslim alan aile \u00fcyeleri, Ala Emin\u2019in cans\u0131z bedeninde, \u00f6zellikle y\u00fcz ve kafa b\u00f6lgesinde a\u011f\u0131r darp ve i\u015fkence izlerine rastlad\u0131klar\u0131n\u0131 iddia etti.<\/p>\n<p style=\"text-align: justify\">TV Program\u0131na kat\u0131lan Zeynep Muhammed, o\u011flunun hi\u00e7bir su\u00e7u olmayan, d\u00fcr\u00fcst bir gen\u00e7 oldu\u011funu belirterek g\u00f6zya\u015flar\u0131 i\u00e7inde adalet \u00e7a\u011fr\u0131s\u0131nda bulundu.<\/p>\n<p style=\"text-align: justify\">Otopsi raporlar\u0131nda \u00f6l\u00fcm tarihine ili\u015fkin \u00e7eli\u015fkili ifadeler oldu\u011fu belirtilirken, aile, g\u00f6zalt\u0131 s\u0131ras\u0131nda ya\u015fananlar\u0131n gizlendi\u011fini savunuyor.<\/p>\n<p style=\"text-align: justify\"><strong>&#8220;K\u00fcrt K\u00fcrd\u00fc \u00f6ld\u00fcr\u00fcr m\u00fc?&#8221;<\/strong><\/p>\n<p style=\"text-align: justify\">Ac\u0131l\u0131 anne Zeynep Mihemed, \u015fu ifadeleri kulland\u0131:<\/p>\n<p style=\"text-align: justify\">&#8220;O\u011flumun kan\u0131n\u0131n hesab\u0131n\u0131 sormak istiyorum. 13 y\u0131l \u0130sve\u00e7\u2019te ya\u015fad\u0131, buraya geldi ve kendi i\u015fine bak\u0131yordu. Kimsesi yoktu, tek ba\u015f\u0131nayd\u0131. Onu bir ter\u00f6ristmi\u015f gibi yakalay\u0131p g\u00f6t\u00fcrd\u00fcler. Mahkeme istiyorum, adalet istiyorum! Benim o\u011flum su\u00e7suzdu. K\u00fcrt, K\u00fcrd\u00fc \u00f6ld\u00fcr\u00fcr m\u00fc? Alaaddin\u2019i nas\u0131l \u00f6ld\u00fcrd\u00fcn\u00fcz? Onun kan\u0131n\u0131n yerde kalmas\u0131n\u0131 istemiyorum.&#8221;<\/p>\n","protected":false},"excerpt":{"rendered":"<p>Rojava Asayi\u015fi taraf\u0131ndang g\u00f6zalt\u0131na al\u0131nd\u0131ktan 6 ay sonra i\u015fkence ile katledilen Ala Emin olay\u0131 i\u00e7in ENKS\u2019den a\u00e7\u0131klama geldi. ENKS \u201cGen\u00e7 bir insan\u0131n \u00f6ld\u00fcr\u00fclmesini \u015fiddetle k\u0131n\u0131yoruz\u201d dedi. ENKS a\u00e7\u0131klamas\u0131nda \u201cBu gen\u00e7 adam \u0130sve\u00e7&#8217;ten d\u00f6nd\u00fckten sonra tutuklanm\u0131\u015f ve be\u015f ay boyunca kay\u0131p kalm\u0131\u015ft\u0131r. 8 Mart&#8217;ta cesedi ailesine teslim edilmeden \u00f6nce, hapishanede ba\u015f\u0131na gelenleri gizlemek amac\u0131yla, K\u00fcrt toplumumuzun [&hellip;]<\/p>\n","protected":false},"author":2,"featured_media":1036667,"comment_status":"closed","ping_status":"closed","sticky":false,"template":"","format":"standard","meta":{"footnotes":""},"categories":[3],"tags":[31],"class_list":["post-1036666","post","type-post","status-publish","format-standard","has-post-thumbnail","hentry","category-kurdistan","tag-onemli"],"blocksy_meta":[],"seo_head":"<!-- This site is optimized with the Yoast SEO plugin v27.5 - https:\/\/yoast.com\/product\/yoast-seo-wordpress\/ -->\n<title>ENKS,\u00a0Rojava y\u00f6netimine ba\u011fl\u0131 Asayi\u015f G\u00fc\u00e7leri taraf\u0131ndan i\u015fkence katledilen Ala Emin i\u00e7in a\u00e7\u0131klama yapt\u0131 - Darka Mazi<\/title>\n<meta name=\"robots\" content=\"index, follow, max-snippet:-1, max-image-preview:large, max-video-preview:-1\" \/>\n<link rel=\"canonical\" href=\"https:\/\/darkamazi.site\/archives\/1036666\" \/>\n<meta property=\"og:locale\" content=\"en_US\" \/>\n<meta property=\"og:type\" content=\"article\" \/>\n<meta property=\"og:title\" content=\"ENKS,\u00a0Rojava y\u00f6netimine ba\u011fl\u0131 Asayi\u015f G\u00fc\u00e7leri taraf\u0131ndan i\u015fkence katledilen Ala Emin i\u00e7in a\u00e7\u0131klama yapt\u0131 - Darka Mazi\" \/>\n<meta property=\"og:description\" content=\"Rojava Asayi\u015fi taraf\u0131ndang g\u00f6zalt\u0131na al\u0131nd\u0131ktan 6 ay sonra i\u015fkence ile katledilen Ala Emin olay\u0131 i\u00e7in ENKS\u2019den a\u00e7\u0131klama geldi. ENKS \u201cGen\u00e7 bir insan\u0131n \u00f6ld\u00fcr\u00fclmesini \u015fiddetle k\u0131n\u0131yoruz\u201d dedi. ENKS a\u00e7\u0131klamas\u0131nda \u201cBu gen\u00e7 adam \u0130sve\u00e7&#8217;ten d\u00f6nd\u00fckten sonra tutuklanm\u0131\u015f ve be\u015f ay boyunca kay\u0131p kalm\u0131\u015ft\u0131r. 8 Mart&#8217;ta cesedi ailesine teslim edilmeden \u00f6nce, hapishanede ba\u015f\u0131na gelenleri gizlemek amac\u0131yla, K\u00fcrt toplumumuzun [&hellip;]\" \/>\n<meta property=\"og:url\" content=\"https:\/\/darkamazi.site\/archives\/1036666\" \/>\n<meta property=\"og:site_name\" content=\"Darka Mazi\" \/>\n<meta property=\"article:publisher\" content=\"https:\/\/www.facebook.com\/DarkaMaziturkce\" \/>\n<meta property=\"article:published_time\" content=\"2026-03-10T19:14:31+00:00\" \/>\n<meta property=\"og:image\" content=\"https:\/\/darkamazi.site\/file\/2026\/03\/ENKS.jpg\" \/>\n\t<meta property=\"og:image:width\" content=\"1536\" \/>\n\t<meta property=\"og:image:height\" content=\"922\" \/>\n\t<meta property=\"og:image:type\" content=\"image\/jpeg\" \/>\n<meta name=\"author\" content=\"darka mazi\" \/>\n<meta name=\"twitter:card\" content=\"summary_large_image\" \/>\n<meta name=\"twitter:creator\" content=\"@DarkaMaziTurkce\" \/>\n<meta name=\"twitter:site\" content=\"@DarkaMaziTurkce\" \/>\n<meta name=\"twitter:label1\" content=\"Written by\" \/>\n\t<meta name=\"twitter:data1\" content=\"darka mazi\" \/>\n\t<meta name=\"twitter:label2\" content=\"Est. reading time\" \/>\n\t<meta name=\"twitter:data2\" content=\"2 minutes\" \/>\n<script type=\"application\/ld+json\" class=\"seo-schema-graph\">{\"@context\":\"https:\\\/\\\/schema.org\",\"@graph\":[{\"@type\":\"NewsArticle\",\"@id\":\"https:\\\/\\\/darkamazi.site\\\/archives\\\/1036666#article\",\"isPartOf\":{\"@id\":\"https:\\\/\\\/darkamazi.site\\\/archives\\\/1036666\"},\"author\":{\"name\":\"darka mazi\",\"@id\":\"https:\\\/\\\/darkamazi.site\\\/#\\\/schema\\\/person\\\/67986a95ac546c16760365877ef4a9d3\"},\"headline\":\"ENKS,\u00a0Rojava y\u00f6netimine ba\u011fl\u0131 Asayi\u015f G\u00fc\u00e7leri taraf\u0131ndan i\u015fkence katledilen Ala Emin i\u00e7in a\u00e7\u0131klama yapt\u0131\",\"datePublished\":\"2026-03-10T19:14:31+00:00\",\"mainEntityOfPage\":{\"@id\":\"https:\\\/\\\/darkamazi.site\\\/archives\\\/1036666\"},\"wordCount\":552,\"publisher\":{\"@id\":\"https:\\\/\\\/darkamazi.site\\\/#organization\"},\"image\":{\"@id\":\"https:\\\/\\\/darkamazi.site\\\/archives\\\/1036666#primaryimage\"},\"thumbnailUrl\":\"https:\\\/\\\/darkamazi.site\\\/darka-content\\\/uploads\\\/2026\\\/03\\\/ENKS.jpg\",\"keywords\":[\"\u00f6nemli\"],\"articleSection\":[\"Kurdistan\"],\"inLanguage\":\"en-US\"},{\"@type\":\"WebPage\",\"@id\":\"https:\\\/\\\/darkamazi.site\\\/archives\\\/1036666\",\"url\":\"https:\\\/\\\/darkamazi.site\\\/archives\\\/1036666\",\"name\":\"ENKS,\u00a0Rojava y\u00f6netimine ba\u011fl\u0131 Asayi\u015f G\u00fc\u00e7leri taraf\u0131ndan i\u015fkence katledilen Ala Emin i\u00e7in a\u00e7\u0131klama yapt\u0131 - Darka Mazi\",\"isPartOf\":{\"@id\":\"https:\\\/\\\/darkamazi.site\\\/#website\"},\"primaryImageOfPage\":{\"@id\":\"https:\\\/\\\/darkamazi.site\\\/archives\\\/1036666#primaryimage\"},\"image\":{\"@id\":\"https:\\\/\\\/darkamazi.site\\\/archives\\\/1036666#primaryimage\"},\"thumbnailUrl\":\"https:\\\/\\\/darkamazi.site\\\/darka-content\\\/uploads\\\/2026\\\/03\\\/ENKS.jpg\",\"datePublished\":\"2026-03-10T19:14:31+00:00\",\"breadcrumb\":{\"@id\":\"https:\\\/\\\/darkamazi.site\\\/archives\\\/1036666#breadcrumb\"},\"inLanguage\":\"en-US\",\"potentialAction\":[{\"@type\":\"ReadAction\",\"target\":[\"https:\\\/\\\/darkamazi.site\\\/archives\\\/1036666\"]}]},{\"@type\":\"ImageObject\",\"inLanguage\":\"en-US\",\"@id\":\"https:\\\/\\\/darkamazi.site\\\/archives\\\/1036666#primaryimage\",\"url\":\"https:\\\/\\\/darkamazi.site\\\/darka-content\\\/uploads\\\/2026\\\/03\\\/ENKS.jpg\",\"contentUrl\":\"https:\\\/\\\/darkamazi.site\\\/darka-content\\\/uploads\\\/2026\\\/03\\\/ENKS.jpg\",\"width\":1536,\"height\":922,\"caption\":\"ENKS,\u00a0 \u00a0Rojava y\u00f6netimine ba\u011fl\u0131 Asayi\u015f G\u00fc\u00e7leri taraf\u0131ndan i\u015fkence katledilen Ala Emin i\u00e7in a\u00e7\u0131klama yapt\u0131\"},{\"@type\":\"BreadcrumbList\",\"@id\":\"https:\\\/\\\/darkamazi.site\\\/archives\\\/1036666#breadcrumb\",\"itemListElement\":[{\"@type\":\"ListItem\",\"position\":1,\"name\":\"Home\",\"item\":\"https:\\\/\\\/darkamazi.site\\\/\"},{\"@type\":\"ListItem\",\"position\":2,\"name\":\"ENKS,\u00a0Rojava y\u00f6netimine ba\u011fl\u0131 Asayi\u015f G\u00fc\u00e7leri taraf\u0131ndan i\u015fkence katledilen Ala Emin i\u00e7in a\u00e7\u0131klama yapt\u0131\"}]},{\"@type\":\"WebSite\",\"@id\":\"https:\\\/\\\/darkamazi.site\\\/#website\",\"url\":\"https:\\\/\\\/darkamazi.site\\\/\",\"name\":\"Darka Mazi\",\"description\":\"Ana Sayfa\",\"publisher\":{\"@id\":\"https:\\\/\\\/darkamazi.site\\\/#organization\"},\"potentialAction\":[{\"@type\":\"SearchAction\",\"target\":{\"@type\":\"EntryPoint\",\"urlTemplate\":\"https:\\\/\\\/darkamazi.site\\\/?s={search_term_string}\"},\"query-input\":{\"@type\":\"PropertyValueSpecification\",\"valueRequired\":true,\"valueName\":\"search_term_string\"}}],\"inLanguage\":\"en-US\"},{\"@type\":\"Organization\",\"@id\":\"https:\\\/\\\/darkamazi.site\\\/#organization\",\"name\":\"Darka Mazi T\u00fcrk\u00e7e\",\"alternateName\":\"Darka Mazi\",\"url\":\"https:\\\/\\\/darkamazi.site\\\/\",\"logo\":{\"@type\":\"ImageObject\",\"inLanguage\":\"en-US\",\"@id\":\"https:\\\/\\\/darkamazi.site\\\/#\\\/schema\\\/logo\\\/image\\\/\",\"url\":\"https:\\\/\\\/darkamazi.site\\\/darka-content\\\/uploads\\\/2017\\\/12\\\/darka-mazi-logo.png\",\"contentUrl\":\"https:\\\/\\\/darkamazi.site\\\/darka-content\\\/uploads\\\/2017\\\/12\\\/darka-mazi-logo.png\",\"width\":151,\"height\":75,\"caption\":\"Darka Mazi T\u00fcrk\u00e7e\"},\"image\":{\"@id\":\"https:\\\/\\\/darkamazi.site\\\/#\\\/schema\\\/logo\\\/image\\\/\"},\"sameAs\":[\"https:\\\/\\\/www.facebook.com\\\/DarkaMaziturkce\",\"https:\\\/\\\/x.com\\\/DarkaMaziTurkce\"]},{\"@type\":\"Person\",\"@id\":\"https:\\\/\\\/darkamazi.site\\\/#\\\/schema\\\/person\\\/67986a95ac546c16760365877ef4a9d3\",\"name\":\"darka mazi\",\"sameAs\":[\"https:\\\/\\\/darkamazi.site\"],\"url\":\"https:\\\/\\\/darkamazi.site\\\/archives\\\/author\\\/turkish\"}]}<\/script>\n<!-- \/ Yoast SEO plugin. -->","seo_head_json":{"title":"ENKS,\u00a0Rojava y\u00f6netimine ba\u011fl\u0131 Asayi\u015f G\u00fc\u00e7leri taraf\u0131ndan i\u015fkence katledilen Ala Emin i\u00e7in a\u00e7\u0131klama yapt\u0131 - Darka Mazi","robots":{"index":"index","follow":"follow","max-snippet":"max-snippet:-1","max-image-preview":"max-image-preview:large","max-video-preview":"max-video-preview:-1"},"canonical":"https:\/\/darkamazi.site\/archives\/1036666","og_locale":"en_US","og_type":"article","og_title":"ENKS,\u00a0Rojava y\u00f6netimine ba\u011fl\u0131 Asayi\u015f G\u00fc\u00e7leri taraf\u0131ndan i\u015fkence katledilen Ala Emin i\u00e7in a\u00e7\u0131klama yapt\u0131 - Darka Mazi","og_description":"Rojava Asayi\u015fi taraf\u0131ndang g\u00f6zalt\u0131na al\u0131nd\u0131ktan 6 ay sonra i\u015fkence ile katledilen Ala Emin olay\u0131 i\u00e7in ENKS\u2019den a\u00e7\u0131klama geldi. ENKS \u201cGen\u00e7 bir insan\u0131n \u00f6ld\u00fcr\u00fclmesini \u015fiddetle k\u0131n\u0131yoruz\u201d dedi. ENKS a\u00e7\u0131klamas\u0131nda \u201cBu gen\u00e7 adam \u0130sve\u00e7&#8217;ten d\u00f6nd\u00fckten sonra tutuklanm\u0131\u015f ve be\u015f ay boyunca kay\u0131p kalm\u0131\u015ft\u0131r. 8 Mart&#8217;ta cesedi ailesine teslim edilmeden \u00f6nce, hapishanede ba\u015f\u0131na gelenleri gizlemek amac\u0131yla, K\u00fcrt toplumumuzun [&hellip;]","og_url":"https:\/\/darkamazi.site\/archives\/1036666","og_site_name":"Darka Mazi","article_publisher":"https:\/\/www.facebook.com\/DarkaMaziturkce","article_published_time":"2026-03-10T19:14:31+00:00","og_image":[{"width":1536,"height":922,"url":"https:\/\/darkamazi.site\/file\/2026\/03\/ENKS.jpg","type":"image\/jpeg"}],"author":"darka mazi","twitter_card":"summary_large_image","twitter_creator":"@DarkaMaziTurkce","twitter_site":"@DarkaMaziTurkce","twitter_misc":{"Written by":"darka mazi","Est. reading time":"2 minutes"},"schema":{"@context":"https:\/\/schema.org","@graph":[{"@type":"NewsArticle","@id":"https:\/\/darkamazi.site\/archives\/1036666#article","isPartOf":{"@id":"https:\/\/darkamazi.site\/archives\/1036666"},"author":{"name":"darka mazi","@id":"https:\/\/darkamazi.site\/#\/schema\/person\/67986a95ac546c16760365877ef4a9d3"},"headline":"ENKS,\u00a0Rojava y\u00f6netimine ba\u011fl\u0131 Asayi\u015f G\u00fc\u00e7leri taraf\u0131ndan i\u015fkence katledilen Ala Emin i\u00e7in a\u00e7\u0131klama yapt\u0131","datePublished":"2026-03-10T19:14:31+00:00","mainEntityOfPage":{"@id":"https:\/\/darkamazi.site\/archives\/1036666"},"wordCount":552,"publisher":{"@id":"https:\/\/darkamazi.site\/#organization"},"image":{"@id":"https:\/\/darkamazi.site\/archives\/1036666#primaryimage"},"thumbnailUrl":"https:\/\/darkamazi.site\/file\/2026\/03\/ENKS.jpg","keywords":["\u00f6nemli"],"articleSection":["Kurdistan"],"inLanguage":"en-US"},{"@type":"WebPage","@id":"https:\/\/darkamazi.site\/archives\/1036666","url":"https:\/\/darkamazi.site\/archives\/1036666","name":"ENKS,\u00a0Rojava y\u00f6netimine ba\u011fl\u0131 Asayi\u015f G\u00fc\u00e7leri taraf\u0131ndan i\u015fkence katledilen Ala Emin i\u00e7in a\u00e7\u0131klama yapt\u0131 - Darka Mazi","isPartOf":{"@id":"https:\/\/darkamazi.site\/#website"},"primaryImageOfPage":{"@id":"https:\/\/darkamazi.site\/archives\/1036666#primaryimage"},"image":{"@id":"https:\/\/darkamazi.site\/archives\/1036666#primaryimage"},"thumbnailUrl":"https:\/\/darkamazi.site\/file\/2026\/03\/ENKS.jpg","datePublished":"2026-03-10T19:14:31+00:00","breadcrumb":{"@id":"https:\/\/darkamazi.site\/archives\/1036666#breadcrumb"},"inLanguage":"en-US","potentialAction":[{"@type":"ReadAction","target":["https:\/\/darkamazi.site\/archives\/1036666"]}]},{"@type":"ImageObject","inLanguage":"en-US","@id":"https:\/\/darkamazi.site\/archives\/1036666#primaryimage","url":"https:\/\/darkamazi.site\/file\/2026\/03\/ENKS.jpg","contentUrl":"https:\/\/darkamazi.site\/file\/2026\/03\/ENKS.jpg","width":1536,"height":922,"caption":"ENKS,\u00a0 \u00a0Rojava y\u00f6netimine ba\u011fl\u0131 Asayi\u015f G\u00fc\u00e7leri taraf\u0131ndan i\u015fkence katledilen Ala Emin i\u00e7in a\u00e7\u0131klama yapt\u0131"},{"@type":"BreadcrumbList","@id":"https:\/\/darkamazi.site\/archives\/1036666#breadcrumb","itemListElement":[{"@type":"ListItem","position":1,"name":"Home","item":"https:\/\/darkamazi.site\/"},{"@type":"ListItem","position":2,"name":"ENKS,\u00a0Rojava y\u00f6netimine ba\u011fl\u0131 Asayi\u015f G\u00fc\u00e7leri taraf\u0131ndan i\u015fkence katledilen Ala Emin i\u00e7in a\u00e7\u0131klama yapt\u0131"}]},{"@type":"WebSite","@id":"https:\/\/darkamazi.site\/#website","url":"https:\/\/darkamazi.site\/","name":"Darka Mazi","description":"Ana Sayfa","publisher":{"@id":"https:\/\/darkamazi.site\/#organization"},"potentialAction":[{"@type":"SearchAction","target":{"@type":"EntryPoint","urlTemplate":"https:\/\/darkamazi.site\/?s={search_term_string}"},"query-input":{"@type":"PropertyValueSpecification","valueRequired":true,"valueName":"search_term_string"}}],"inLanguage":"en-US"},{"@type":"Organization","@id":"https:\/\/darkamazi.site\/#organization","name":"Darka Mazi T\u00fcrk\u00e7e","alternateName":"Darka Mazi","url":"https:\/\/darkamazi.site\/","logo":{"@type":"ImageObject","inLanguage":"en-US","@id":"https:\/\/darkamazi.site\/#\/schema\/logo\/image\/","url":"https:\/\/darkamazi.site\/file\/2017\/12\/darka-mazi-logo.png","contentUrl":"https:\/\/darkamazi.site\/file\/2017\/12\/darka-mazi-logo.png","width":151,"height":75,"caption":"Darka Mazi T\u00fcrk\u00e7e"},"image":{"@id":"https:\/\/darkamazi.site\/#\/schema\/logo\/image\/"},"sameAs":["https:\/\/www.facebook.com\/DarkaMaziturkce","https:\/\/x.com\/DarkaMaziTurkce"]},{"@type":"Person","@id":"https:\/\/darkamazi.site\/#\/schema\/person\/67986a95ac546c16760365877ef4a9d3","name":"darka mazi","sameAs":["https:\/\/darkamazi.site"],"url":"https:\/\/darkamazi.site\/archives\/author\/turkish"}]}},"_links":{"self":[{"href":"https:\/\/darkamazi.site\/funavuv\/wp\/v2\/posts\/1036666","targetHints":{"allow":["GET"]}}],"collection":[{"href":"https:\/\/darkamazi.site\/funavuv\/wp\/v2\/posts"}],"about":[{"href":"https:\/\/darkamazi.site\/funavuv\/wp\/v2\/types\/post"}],"author":[{"embeddable":true,"href":"https:\/\/darkamazi.site\/funavuv\/wp\/v2\/users\/2"}],"replies":[{"embeddable":true,"href":"https:\/\/darkamazi.site\/funavuv\/wp\/v2\/comments?post=1036666"}],"version-history":[{"count":0,"href":"https:\/\/darkamazi.site\/funavuv\/wp\/v2\/posts\/1036666\/revisions"}],"wp:featuredmedia":[{"embeddable":true,"href":"https:\/\/darkamazi.site\/funavuv\/wp\/v2\/media\/1036667"}],"wp:attachment":[{"href":"https:\/\/darkamazi.site\/funavuv\/wp\/v2\/media?parent=1036666"}],"wp:term":[{"taxonomy":"category","embeddable":true,"href":"https:\/\/darkamazi.site\/funavuv\/wp\/v2\/categories?post=1036666"},{"taxonomy":"post_tag","embeddable":true,"href":"https:\/\/darkamazi.site\/funavuv\/wp\/v2\/tags?post=1036666"}],"curies":[{"name":"wp","href":"https:\/\/api.w.org\/{rel}","templated":true}]}}