{"id":1036669,"date":"2026-03-10T22:21:24","date_gmt":"2026-03-10T19:21:24","guid":{"rendered":"https:\/\/darkamazi.site\/?p=1036669"},"modified":"2026-03-10T22:21:24","modified_gmt":"2026-03-10T19:21:24","slug":"rojava-33-yasindaki-ala-emin-asayis-gucleri-tarafindan-iskence-ile-katledildi","status":"publish","type":"post","link":"https:\/\/darkamazi.site\/archives\/1036669","title":{"rendered":"Rojava: 33 ya\u015f\u0131ndaki Ala Emin Asayi\u015f g\u00fc\u00e7leri taraf\u0131ndan i\u015fkence ile katledildi"},"content":{"rendered":"<p style=\"text-align: justify\">Suriye K\u00fcrt k\u00f6kenli 33 ya\u015f\u0131ndaki \u0130sve\u00e7 vatanda\u015f\u0131 Ala Adnan Emin&#8217;in ailesi, o\u011fullar\u0131n\u0131n Suriye K\u00fcrdistan B\u00f6lgesi&#8217;ndeki Kam\u0131\u015fl\u0131 \u015fehrinde aylarca g\u00f6zalt\u0131nda tutulduktan sonra \u00f6ld\u00fc\u011f\u00fcn\u00fc a\u00e7\u0131klad\u0131. Aile, Demokratik Birlik Partisi&#8217;ni (PYD) i\u015fkence alt\u0131nda \u00f6l\u00fcm\u00fcne neden olmakla su\u00e7lad\u0131.<\/p>\n<p style=\"text-align: justify\">K\u0131z karde\u015finin ifadesine g\u00f6re, 18 Eyl\u00fcl g\u00fcn\u00fc saat 01:00&#8217;te birka\u00e7 \u00fcyeden olu\u015fan bir g\u00fcvenlik g\u00fcc\u00fc evlerine bask\u0131n d\u00fczenledi. Maskeli silahl\u0131 ki\u015filer balkon ve pencerelerden eve girerek Ala&#8217;y\u0131 kelep\u00e7eledi ve aileye tutuklanma nedenini a\u00e7\u0131klamad\u0131.<\/p>\n<p style=\"text-align: justify\">Ayr\u0131ca, olaydan sonra ailenin \u00e7e\u015fitli g\u00fcvenlik merkezlerinden ak\u0131beti hakk\u0131nda bilgi almaya \u00e7al\u0131\u015ft\u0131\u011f\u0131n\u0131, ancak ilgili taraflar\u0131n ba\u015flang\u0131\u00e7ta varl\u0131\u011f\u0131n\u0131 reddetti\u011fini s\u00f6yledi. Tutuklanmas\u0131nda kullan\u0131lan ara\u00e7lar\u0131n video kayd\u0131 g\u00f6sterildikten sonra, aileye daha sonra sorgulanmak \u00fczere g\u00f6zalt\u0131na al\u0131nd\u0131\u011f\u0131 bilgisi verildi, ancak durumu hakk\u0131nda daha fazla bilgi verilmedi.<\/p>\n<p style=\"text-align: justify\">K\u0131z karde\u015finin ifadesine g\u00f6re, aile davay\u0131 takip etmesi i\u00e7in avukat tutmaya \u00e7al\u0131\u015ft\u0131, ancak t\u00fcm \u00e7abalar sonu\u00e7suz kald\u0131. Avukatlar, davan\u0131n istihbarat te\u015fkilatlar\u0131yla ilgili olmas\u0131 nedeniyle davay\u0131 \u00fcstlenmeyi reddetti. Ayr\u0131ca, davayla ilgili soru sormaya \u00e7al\u0131\u015fan baz\u0131 ki\u015filerin tutuklanmakla tehdit edildi\u011fini belirtti.<\/p>\n<p style=\"text-align: justify\">Bu y\u0131l\u0131n 8 Mart&#8217;\u0131nda Ala&#8217;n\u0131n babas\u0131 uluslararas\u0131 bir numaradan arand\u0131 ve o\u011flunu almak i\u00e7in Haseke \u015fehrine, ard\u0131ndan da oradaki Ulusal Hastaneye gitmesi istendi. Aile hastaneye vard\u0131\u011f\u0131nda, o\u011fullar\u0131n\u0131n cesedini bir odada buldu.<\/p>\n<p style=\"text-align: justify\">Aile, kendilerine verilen t\u0131bbi raporda 16 Ocak&#8217;ta kalp krizi nedeniyle \u00f6ld\u00fc\u011f\u00fcn\u00fcn belirtildi\u011fini, ancak aile \u00fcyelerinin v\u00fccudunda a\u00e7\u0131k\u00e7a dayak ve i\u015fkence izleri oldu\u011funu vurgulad\u0131\u011f\u0131n\u0131 belirtti. Bu durum, kesin \u00f6l\u00fcm nedenini ve tarihini ayr\u0131nt\u0131l\u0131 olarak belirlemek i\u00e7in cesedin Qam\u0131\u015fl\u0131&#8217;daki \u00f6zel bir hastaneye otopsi i\u00e7in nakledilmesine yol a\u00e7t\u0131.<\/p>\n<p style=\"text-align: justify\">Alaeddin yakla\u015f\u0131k 15 y\u0131l \u00f6nce Suriye&#8217;den \u0130sve\u00e7&#8217;e gitmi\u015f, ge\u00e7en y\u0131l Qam\u0131\u015fl\u0131&#8217;ya d\u00f6nm\u00fc\u015f ve \u015eubat 2025&#8217;te evlenmi\u015fti. Aile, \u0130sve\u00e7 yetkililerinden \u00f6l\u00fcm\u00fcn\u00fcn ko\u015fullar\u0131 hakk\u0131nda resmi bir soru\u015fturma ba\u015flatmalar\u0131n\u0131 ve sorumlular\u0131 cezaland\u0131rmalar\u0131n\u0131 istedi.<\/p>\n<p style=\"text-align: justify\">\u00d6te yandan, Asayi\u015f g\u00fc\u00e7leri veya \u0130sve\u00e7 D\u0131\u015fi\u015fleri Bakanl\u0131\u011f\u0131 taraf\u0131ndan bu olayla ilgili herhangi bir resmi a\u00e7\u0131klama yap\u0131lmad\u0131.<\/p>\n","protected":false},"excerpt":{"rendered":"<p>Suriye K\u00fcrt k\u00f6kenli 33 ya\u015f\u0131ndaki \u0130sve\u00e7 vatanda\u015f\u0131 Ala Adnan Emin&#8217;in ailesi, o\u011fullar\u0131n\u0131n Suriye K\u00fcrdistan B\u00f6lgesi&#8217;ndeki Kam\u0131\u015fl\u0131 \u015fehrinde aylarca g\u00f6zalt\u0131nda tutulduktan sonra \u00f6ld\u00fc\u011f\u00fcn\u00fc a\u00e7\u0131klad\u0131. Aile, Demokratik Birlik Partisi&#8217;ni (PYD) i\u015fkence alt\u0131nda \u00f6l\u00fcm\u00fcne neden olmakla su\u00e7lad\u0131. K\u0131z karde\u015finin ifadesine g\u00f6re, 18 Eyl\u00fcl g\u00fcn\u00fc saat 01:00&#8217;te birka\u00e7 \u00fcyeden olu\u015fan bir g\u00fcvenlik g\u00fcc\u00fc evlerine bask\u0131n d\u00fczenledi. Maskeli silahl\u0131 ki\u015filer [&hellip;]<\/p>\n","protected":false},"author":2,"featured_media":1036670,"comment_status":"closed","ping_status":"closed","sticky":false,"template":"","format":"standard","meta":{"footnotes":""},"categories":[3],"tags":[31],"class_list":["post-1036669","post","type-post","status-publish","format-standard","has-post-thumbnail","hentry","category-kurdistan","tag-onemli"],"blocksy_meta":[],"seo_head":"<!-- This site is optimized with the Yoast SEO plugin v27.5 - https:\/\/yoast.com\/product\/yoast-seo-wordpress\/ -->\n<title>Rojava: 33 ya\u015f\u0131ndaki Ala Emin Asayi\u015f g\u00fc\u00e7leri taraf\u0131ndan i\u015fkence ile katledildi - Darka Mazi<\/title>\n<meta name=\"robots\" content=\"index, follow, max-snippet:-1, max-image-preview:large, max-video-preview:-1\" \/>\n<link rel=\"canonical\" href=\"https:\/\/darkamazi.site\/archives\/1036669\" \/>\n<meta property=\"og:locale\" content=\"en_US\" \/>\n<meta property=\"og:type\" content=\"article\" \/>\n<meta property=\"og:title\" content=\"Rojava: 33 ya\u015f\u0131ndaki Ala Emin Asayi\u015f g\u00fc\u00e7leri taraf\u0131ndan i\u015fkence ile katledildi - Darka Mazi\" \/>\n<meta property=\"og:description\" content=\"Suriye K\u00fcrt k\u00f6kenli 33 ya\u015f\u0131ndaki \u0130sve\u00e7 vatanda\u015f\u0131 Ala Adnan Emin&#8217;in ailesi, o\u011fullar\u0131n\u0131n Suriye K\u00fcrdistan B\u00f6lgesi&#8217;ndeki Kam\u0131\u015fl\u0131 \u015fehrinde aylarca g\u00f6zalt\u0131nda tutulduktan sonra \u00f6ld\u00fc\u011f\u00fcn\u00fc a\u00e7\u0131klad\u0131. Aile, Demokratik Birlik Partisi&#8217;ni (PYD) i\u015fkence alt\u0131nda \u00f6l\u00fcm\u00fcne neden olmakla su\u00e7lad\u0131. K\u0131z karde\u015finin ifadesine g\u00f6re, 18 Eyl\u00fcl g\u00fcn\u00fc saat 01:00&#8217;te birka\u00e7 \u00fcyeden olu\u015fan bir g\u00fcvenlik g\u00fcc\u00fc evlerine bask\u0131n d\u00fczenledi. Maskeli silahl\u0131 ki\u015filer [&hellip;]\" \/>\n<meta property=\"og:url\" content=\"https:\/\/darkamazi.site\/archives\/1036669\" \/>\n<meta property=\"og:site_name\" content=\"Darka Mazi\" \/>\n<meta property=\"article:publisher\" content=\"https:\/\/www.facebook.com\/DarkaMaziturkce\" \/>\n<meta property=\"article:published_time\" content=\"2026-03-10T19:21:24+00:00\" \/>\n<meta property=\"og:image\" content=\"https:\/\/darkamazi.site\/file\/2026\/03\/Ala-Emin.jpg\" \/>\n\t<meta property=\"og:image:width\" content=\"900\" \/>\n\t<meta property=\"og:image:height\" content=\"497\" \/>\n\t<meta property=\"og:image:type\" content=\"image\/jpeg\" \/>\n<meta name=\"author\" content=\"darka mazi\" \/>\n<meta name=\"twitter:card\" content=\"summary_large_image\" \/>\n<meta name=\"twitter:creator\" content=\"@DarkaMaziTurkce\" \/>\n<meta name=\"twitter:site\" content=\"@DarkaMaziTurkce\" \/>\n<meta name=\"twitter:label1\" content=\"Written by\" \/>\n\t<meta name=\"twitter:data1\" content=\"darka mazi\" \/>\n\t<meta name=\"twitter:label2\" content=\"Est. reading time\" \/>\n\t<meta name=\"twitter:data2\" content=\"2 minutes\" \/>\n<script type=\"application\/ld+json\" class=\"seo-schema-graph\">{\"@context\":\"https:\\\/\\\/schema.org\",\"@graph\":[{\"@type\":\"NewsArticle\",\"@id\":\"https:\\\/\\\/darkamazi.site\\\/archives\\\/1036669#article\",\"isPartOf\":{\"@id\":\"https:\\\/\\\/darkamazi.site\\\/archives\\\/1036669\"},\"author\":{\"name\":\"darka mazi\",\"@id\":\"https:\\\/\\\/darkamazi.site\\\/#\\\/schema\\\/person\\\/67986a95ac546c16760365877ef4a9d3\"},\"headline\":\"Rojava: 33 ya\u015f\u0131ndaki Ala Emin Asayi\u015f g\u00fc\u00e7leri taraf\u0131ndan i\u015fkence ile katledildi\",\"datePublished\":\"2026-03-10T19:21:24+00:00\",\"mainEntityOfPage\":{\"@id\":\"https:\\\/\\\/darkamazi.site\\\/archives\\\/1036669\"},\"wordCount\":408,\"publisher\":{\"@id\":\"https:\\\/\\\/darkamazi.site\\\/#organization\"},\"image\":{\"@id\":\"https:\\\/\\\/darkamazi.site\\\/archives\\\/1036669#primaryimage\"},\"thumbnailUrl\":\"https:\\\/\\\/darkamazi.site\\\/darka-content\\\/uploads\\\/2026\\\/03\\\/Ala-Emin.jpg\",\"keywords\":[\"\u00f6nemli\"],\"articleSection\":[\"Kurdistan\"],\"inLanguage\":\"en-US\"},{\"@type\":\"WebPage\",\"@id\":\"https:\\\/\\\/darkamazi.site\\\/archives\\\/1036669\",\"url\":\"https:\\\/\\\/darkamazi.site\\\/archives\\\/1036669\",\"name\":\"Rojava: 33 ya\u015f\u0131ndaki Ala Emin Asayi\u015f g\u00fc\u00e7leri taraf\u0131ndan i\u015fkence ile katledildi - Darka Mazi\",\"isPartOf\":{\"@id\":\"https:\\\/\\\/darkamazi.site\\\/#website\"},\"primaryImageOfPage\":{\"@id\":\"https:\\\/\\\/darkamazi.site\\\/archives\\\/1036669#primaryimage\"},\"image\":{\"@id\":\"https:\\\/\\\/darkamazi.site\\\/archives\\\/1036669#primaryimage\"},\"thumbnailUrl\":\"https:\\\/\\\/darkamazi.site\\\/darka-content\\\/uploads\\\/2026\\\/03\\\/Ala-Emin.jpg\",\"datePublished\":\"2026-03-10T19:21:24+00:00\",\"breadcrumb\":{\"@id\":\"https:\\\/\\\/darkamazi.site\\\/archives\\\/1036669#breadcrumb\"},\"inLanguage\":\"en-US\",\"potentialAction\":[{\"@type\":\"ReadAction\",\"target\":[\"https:\\\/\\\/darkamazi.site\\\/archives\\\/1036669\"]}]},{\"@type\":\"ImageObject\",\"inLanguage\":\"en-US\",\"@id\":\"https:\\\/\\\/darkamazi.site\\\/archives\\\/1036669#primaryimage\",\"url\":\"https:\\\/\\\/darkamazi.site\\\/darka-content\\\/uploads\\\/2026\\\/03\\\/Ala-Emin.jpg\",\"contentUrl\":\"https:\\\/\\\/darkamazi.site\\\/darka-content\\\/uploads\\\/2026\\\/03\\\/Ala-Emin.jpg\",\"width\":900,\"height\":497,\"caption\":\"Rojava: 33 ya\u015f\u0131ndaki Ala Emin Asayi\u015f g\u00fc\u00e7leri taraf\u0131ndan i\u015fkence ile katledildi\"},{\"@type\":\"BreadcrumbList\",\"@id\":\"https:\\\/\\\/darkamazi.site\\\/archives\\\/1036669#breadcrumb\",\"itemListElement\":[{\"@type\":\"ListItem\",\"position\":1,\"name\":\"Home\",\"item\":\"https:\\\/\\\/darkamazi.site\\\/\"},{\"@type\":\"ListItem\",\"position\":2,\"name\":\"Rojava: 33 ya\u015f\u0131ndaki Ala Emin Asayi\u015f g\u00fc\u00e7leri taraf\u0131ndan i\u015fkence ile katledildi\"}]},{\"@type\":\"WebSite\",\"@id\":\"https:\\\/\\\/darkamazi.site\\\/#website\",\"url\":\"https:\\\/\\\/darkamazi.site\\\/\",\"name\":\"Darka Mazi\",\"description\":\"Ana Sayfa\",\"publisher\":{\"@id\":\"https:\\\/\\\/darkamazi.site\\\/#organization\"},\"potentialAction\":[{\"@type\":\"SearchAction\",\"target\":{\"@type\":\"EntryPoint\",\"urlTemplate\":\"https:\\\/\\\/darkamazi.site\\\/?s={search_term_string}\"},\"query-input\":{\"@type\":\"PropertyValueSpecification\",\"valueRequired\":true,\"valueName\":\"search_term_string\"}}],\"inLanguage\":\"en-US\"},{\"@type\":\"Organization\",\"@id\":\"https:\\\/\\\/darkamazi.site\\\/#organization\",\"name\":\"Darka Mazi T\u00fcrk\u00e7e\",\"alternateName\":\"Darka Mazi\",\"url\":\"https:\\\/\\\/darkamazi.site\\\/\",\"logo\":{\"@type\":\"ImageObject\",\"inLanguage\":\"en-US\",\"@id\":\"https:\\\/\\\/darkamazi.site\\\/#\\\/schema\\\/logo\\\/image\\\/\",\"url\":\"https:\\\/\\\/darkamazi.site\\\/darka-content\\\/uploads\\\/2017\\\/12\\\/darka-mazi-logo.png\",\"contentUrl\":\"https:\\\/\\\/darkamazi.site\\\/darka-content\\\/uploads\\\/2017\\\/12\\\/darka-mazi-logo.png\",\"width\":151,\"height\":75,\"caption\":\"Darka Mazi T\u00fcrk\u00e7e\"},\"image\":{\"@id\":\"https:\\\/\\\/darkamazi.site\\\/#\\\/schema\\\/logo\\\/image\\\/\"},\"sameAs\":[\"https:\\\/\\\/www.facebook.com\\\/DarkaMaziturkce\",\"https:\\\/\\\/x.com\\\/DarkaMaziTurkce\"]},{\"@type\":\"Person\",\"@id\":\"https:\\\/\\\/darkamazi.site\\\/#\\\/schema\\\/person\\\/67986a95ac546c16760365877ef4a9d3\",\"name\":\"darka mazi\",\"sameAs\":[\"https:\\\/\\\/darkamazi.site\"],\"url\":\"https:\\\/\\\/darkamazi.site\\\/archives\\\/author\\\/turkish\"}]}<\/script>\n<!-- \/ Yoast SEO plugin. -->","seo_head_json":{"title":"Rojava: 33 ya\u015f\u0131ndaki Ala Emin Asayi\u015f g\u00fc\u00e7leri taraf\u0131ndan i\u015fkence ile katledildi - Darka Mazi","robots":{"index":"index","follow":"follow","max-snippet":"max-snippet:-1","max-image-preview":"max-image-preview:large","max-video-preview":"max-video-preview:-1"},"canonical":"https:\/\/darkamazi.site\/archives\/1036669","og_locale":"en_US","og_type":"article","og_title":"Rojava: 33 ya\u015f\u0131ndaki Ala Emin Asayi\u015f g\u00fc\u00e7leri taraf\u0131ndan i\u015fkence ile katledildi - Darka Mazi","og_description":"Suriye K\u00fcrt k\u00f6kenli 33 ya\u015f\u0131ndaki \u0130sve\u00e7 vatanda\u015f\u0131 Ala Adnan Emin&#8217;in ailesi, o\u011fullar\u0131n\u0131n Suriye K\u00fcrdistan B\u00f6lgesi&#8217;ndeki Kam\u0131\u015fl\u0131 \u015fehrinde aylarca g\u00f6zalt\u0131nda tutulduktan sonra \u00f6ld\u00fc\u011f\u00fcn\u00fc a\u00e7\u0131klad\u0131. Aile, Demokratik Birlik Partisi&#8217;ni (PYD) i\u015fkence alt\u0131nda \u00f6l\u00fcm\u00fcne neden olmakla su\u00e7lad\u0131. K\u0131z karde\u015finin ifadesine g\u00f6re, 18 Eyl\u00fcl g\u00fcn\u00fc saat 01:00&#8217;te birka\u00e7 \u00fcyeden olu\u015fan bir g\u00fcvenlik g\u00fcc\u00fc evlerine bask\u0131n d\u00fczenledi. Maskeli silahl\u0131 ki\u015filer [&hellip;]","og_url":"https:\/\/darkamazi.site\/archives\/1036669","og_site_name":"Darka Mazi","article_publisher":"https:\/\/www.facebook.com\/DarkaMaziturkce","article_published_time":"2026-03-10T19:21:24+00:00","og_image":[{"width":900,"height":497,"url":"https:\/\/darkamazi.site\/file\/2026\/03\/Ala-Emin.jpg","type":"image\/jpeg"}],"author":"darka mazi","twitter_card":"summary_large_image","twitter_creator":"@DarkaMaziTurkce","twitter_site":"@DarkaMaziTurkce","twitter_misc":{"Written by":"darka mazi","Est. reading time":"2 minutes"},"schema":{"@context":"https:\/\/schema.org","@graph":[{"@type":"NewsArticle","@id":"https:\/\/darkamazi.site\/archives\/1036669#article","isPartOf":{"@id":"https:\/\/darkamazi.site\/archives\/1036669"},"author":{"name":"darka mazi","@id":"https:\/\/darkamazi.site\/#\/schema\/person\/67986a95ac546c16760365877ef4a9d3"},"headline":"Rojava: 33 ya\u015f\u0131ndaki Ala Emin Asayi\u015f g\u00fc\u00e7leri taraf\u0131ndan i\u015fkence ile katledildi","datePublished":"2026-03-10T19:21:24+00:00","mainEntityOfPage":{"@id":"https:\/\/darkamazi.site\/archives\/1036669"},"wordCount":408,"publisher":{"@id":"https:\/\/darkamazi.site\/#organization"},"image":{"@id":"https:\/\/darkamazi.site\/archives\/1036669#primaryimage"},"thumbnailUrl":"https:\/\/darkamazi.site\/file\/2026\/03\/Ala-Emin.jpg","keywords":["\u00f6nemli"],"articleSection":["Kurdistan"],"inLanguage":"en-US"},{"@type":"WebPage","@id":"https:\/\/darkamazi.site\/archives\/1036669","url":"https:\/\/darkamazi.site\/archives\/1036669","name":"Rojava: 33 ya\u015f\u0131ndaki Ala Emin Asayi\u015f g\u00fc\u00e7leri taraf\u0131ndan i\u015fkence ile katledildi - Darka Mazi","isPartOf":{"@id":"https:\/\/darkamazi.site\/#website"},"primaryImageOfPage":{"@id":"https:\/\/darkamazi.site\/archives\/1036669#primaryimage"},"image":{"@id":"https:\/\/darkamazi.site\/archives\/1036669#primaryimage"},"thumbnailUrl":"https:\/\/darkamazi.site\/file\/2026\/03\/Ala-Emin.jpg","datePublished":"2026-03-10T19:21:24+00:00","breadcrumb":{"@id":"https:\/\/darkamazi.site\/archives\/1036669#breadcrumb"},"inLanguage":"en-US","potentialAction":[{"@type":"ReadAction","target":["https:\/\/darkamazi.site\/archives\/1036669"]}]},{"@type":"ImageObject","inLanguage":"en-US","@id":"https:\/\/darkamazi.site\/archives\/1036669#primaryimage","url":"https:\/\/darkamazi.site\/file\/2026\/03\/Ala-Emin.jpg","contentUrl":"https:\/\/darkamazi.site\/file\/2026\/03\/Ala-Emin.jpg","width":900,"height":497,"caption":"Rojava: 33 ya\u015f\u0131ndaki Ala Emin Asayi\u015f g\u00fc\u00e7leri taraf\u0131ndan i\u015fkence ile katledildi"},{"@type":"BreadcrumbList","@id":"https:\/\/darkamazi.site\/archives\/1036669#breadcrumb","itemListElement":[{"@type":"ListItem","position":1,"name":"Home","item":"https:\/\/darkamazi.site\/"},{"@type":"ListItem","position":2,"name":"Rojava: 33 ya\u015f\u0131ndaki Ala Emin Asayi\u015f g\u00fc\u00e7leri taraf\u0131ndan i\u015fkence ile katledildi"}]},{"@type":"WebSite","@id":"https:\/\/darkamazi.site\/#website","url":"https:\/\/darkamazi.site\/","name":"Darka Mazi","description":"Ana Sayfa","publisher":{"@id":"https:\/\/darkamazi.site\/#organization"},"potentialAction":[{"@type":"SearchAction","target":{"@type":"EntryPoint","urlTemplate":"https:\/\/darkamazi.site\/?s={search_term_string}"},"query-input":{"@type":"PropertyValueSpecification","valueRequired":true,"valueName":"search_term_string"}}],"inLanguage":"en-US"},{"@type":"Organization","@id":"https:\/\/darkamazi.site\/#organization","name":"Darka Mazi T\u00fcrk\u00e7e","alternateName":"Darka Mazi","url":"https:\/\/darkamazi.site\/","logo":{"@type":"ImageObject","inLanguage":"en-US","@id":"https:\/\/darkamazi.site\/#\/schema\/logo\/image\/","url":"https:\/\/darkamazi.site\/file\/2017\/12\/darka-mazi-logo.png","contentUrl":"https:\/\/darkamazi.site\/file\/2017\/12\/darka-mazi-logo.png","width":151,"height":75,"caption":"Darka Mazi T\u00fcrk\u00e7e"},"image":{"@id":"https:\/\/darkamazi.site\/#\/schema\/logo\/image\/"},"sameAs":["https:\/\/www.facebook.com\/DarkaMaziturkce","https:\/\/x.com\/DarkaMaziTurkce"]},{"@type":"Person","@id":"https:\/\/darkamazi.site\/#\/schema\/person\/67986a95ac546c16760365877ef4a9d3","name":"darka mazi","sameAs":["https:\/\/darkamazi.site"],"url":"https:\/\/darkamazi.site\/archives\/author\/turkish"}]}},"_links":{"self":[{"href":"https:\/\/darkamazi.site\/funavuv\/wp\/v2\/posts\/1036669","targetHints":{"allow":["GET"]}}],"collection":[{"href":"https:\/\/darkamazi.site\/funavuv\/wp\/v2\/posts"}],"about":[{"href":"https:\/\/darkamazi.site\/funavuv\/wp\/v2\/types\/post"}],"author":[{"embeddable":true,"href":"https:\/\/darkamazi.site\/funavuv\/wp\/v2\/users\/2"}],"replies":[{"embeddable":true,"href":"https:\/\/darkamazi.site\/funavuv\/wp\/v2\/comments?post=1036669"}],"version-history":[{"count":0,"href":"https:\/\/darkamazi.site\/funavuv\/wp\/v2\/posts\/1036669\/revisions"}],"wp:featuredmedia":[{"embeddable":true,"href":"https:\/\/darkamazi.site\/funavuv\/wp\/v2\/media\/1036670"}],"wp:attachment":[{"href":"https:\/\/darkamazi.site\/funavuv\/wp\/v2\/media?parent=1036669"}],"wp:term":[{"taxonomy":"category","embeddable":true,"href":"https:\/\/darkamazi.site\/funavuv\/wp\/v2\/categories?post=1036669"},{"taxonomy":"post_tag","embeddable":true,"href":"https:\/\/darkamazi.site\/funavuv\/wp\/v2\/tags?post=1036669"}],"curies":[{"name":"wp","href":"https:\/\/api.w.org\/{rel}","templated":true}]}}