{"id":1036674,"date":"2026-03-11T18:24:34","date_gmt":"2026-03-11T15:24:34","guid":{"rendered":"https:\/\/darkamazi.site\/?p=1036674"},"modified":"2026-03-11T18:24:34","modified_gmt":"2026-03-11T15:24:34","slug":"akillilarin-tasfiyesi-ve-pkkde-diktatorluk","status":"publish","type":"post","link":"https:\/\/darkamazi.site\/archives\/1036674","title":{"rendered":"Ak\u0131ll\u0131lar\u0131n Tasfiyesi ve PKK&#8217;de Diktat\u00f6rl\u00fck"},"content":{"rendered":"<p style=\"text-align: justify\">Diktat\u00f6rler; kendi saltanatlar\u0131n\u0131 kurmak ve s\u00fcrd\u00fcrmek i\u00e7in ak\u0131ll\u0131 insanlara gereksinim duyarlar. \u00c7\u00fcnk\u00fc ak\u0131ll\u0131 insanlar vas\u0131tas\u0131yla kitleleri etkileyebileceklerinin, inand\u0131rabileceklerinin fark\u0131ndad\u0131rlar. Bu ak\u0131ll\u0131lar\u0131n yard\u0131m\u0131yla, yalanlar\u0131n\u0131 ger\u00e7ek, ihanetlerini kahramanl\u0131k diye pazarlarlar.<\/p>\n<p style=\"text-align: justify\">Her diktat\u00f6rl\u00fck; &#8220;yanl\u0131\u015f\u0131 do\u011fru, haks\u0131zl\u0131\u011f\u0131 hakl\u0131 ve k\u00f6t\u00fcy\u00fc iyi&#8221; g\u00f6stererek varl\u0131k kazan\u0131r. Bu nedenle de ak\u0131ll\u0131 insanlardan tedirgin olurlar. \u00c7\u00fcnk\u00fc ya\u015fanan\/ya\u015fat\u0131lan yan\u0131lsamay\u0131 ilk fark edecek olan ak\u0131ll\u0131 insanlard\u0131r. Onlar, diktat\u00f6r\u00fcn maskesini d\u00fc\u015f\u00fcrebilecek, kitleleri uyand\u0131rabilecek tehlikeli unsurlard\u0131r. Hem ak\u0131ll\u0131 insanlara ihtiya\u00e7 duyan, hem de onlardan tedirgin olan diktat\u00f6rler; ak\u0131ll\u0131lar\u0131 ki\u015filiksizle\u015ftirerek\/duyars\u0131zla\u015ft\u0131rarak ve sindirip boyun e\u011fdirerek ama\u00e7lar\u0131na ula\u015fmaya \u00e7al\u0131\u015f\u0131rlar\u2026<\/p>\n<p style=\"text-align: justify\">Bu y\u00f6ntemle, ak\u0131ll\u0131lar\u0131n zek\u00e2s\u0131n\u0131 kendi hizmetlerine sokar, ama ki\u015filiklerini ezerler ki, itiraz edemesinler. Her ak\u0131ll\u0131n\u0131n cesur ve ki\u015filikli olmad\u0131\u011f\u0131n\u0131 bilen diktat\u00f6rler; hem ak\u0131ll\u0131, hem de ki\u015filikli insanlar\u0131 ba\u015f d\u00fc\u015fman ilan edip \u00f6ncelikle onlardan kurtulmaya \u00e7al\u0131\u015f\u0131rlar. \u00c7\u00fcnk\u00fc bu t\u00fcr insanlar, diktat\u00f6rl\u00fc\u011f\u00fcn temelini sarsar, yan\u0131lsamay\u0131 bozar. Abdullah \u00d6calan ve PKK tarihine bak\u0131ld\u0131\u011f\u0131nda, bu mekanizman\u0131n en belirgin \u00f6rneklerinden birinin g\u00f6r\u00fcld\u00fc\u011f\u00fc s\u00f6ylenebilir.<\/p>\n<p style=\"text-align: justify\">\u00d6calan, 1970&#8217;lerin ba\u015f\u0131nda PKK&#8217;nin \u00e7ekirdek kadrosunu olu\u015ftururken, ak\u0131ll\u0131 ve yetenekli insanlar\u0131 \u2013\u00f6zellikle inisiyatif sahibi, sorgulay\u0131c\u0131 ki\u015filikleri\u2013 etraf\u0131na toplad\u0131; \u00e7\u00fcnk\u00fc K\u00fcrd halk\u0131n\u0131n \u00f6zg\u00fcrl\u00fck m\u00fccadelesini kendine mal etmek, kitleleri kand\u0131rmak i\u00e7in onlar\u0131n zek\u00e2s\u0131na ve enerjisine ihtiya\u00e7 duyuyordu. Ama ayn\u0131 zamanda, bu kadrolar\u0131n bir g\u00fcn kendi saltanat\u0131na meydan okuyabilece\u011fini, kendi otoritesini sorgulayabilece\u011fini \u00e7ok iyi biliyordu. \u0130\u015fte bu y\u00fczden, PKK&#8217;nin tarihi, sorgulay\u0131c\u0131 ve potansiyel rakip g\u00f6r\u00fclen insanlar\u0131n sistematik tasfiyesiyle doludur. Ve bu tasfiyenin en ba\u015f\u0131ndaki, en sembolik \u00f6rne\u011fi, 1977&#8217;de Gaziantep&#8217;te \u00f6ld\u00fcr\u00fclen Haki Karer&#8217;dir.<\/p>\n<p style=\"text-align: justify\">Haki Karer, PKK&#8217;nin kurulu\u015f s\u00fcrecindeki en \u00f6nemli isimlerden biriydi; \u00d6calan&#8217;\u0131n &#8220;gizli ruhum&#8221; dedi\u011fi, &#8220;PKK, Haki Karer&#8217;e yemin olarak kuruldu&#8221; diye and\u0131\u011f\u0131, \u00f6rg\u00fct i\u00e7inde ikinci adam konumuna getirilen, inisiyatif sahibi, sorgulay\u0131c\u0131 bir devrimciydi. Karadenizli bir T\u00fcrk olarak K\u00fcrd davas\u0131na g\u00f6n\u00fcl vermi\u015f, &#8220;K\u00fcrdistan s\u00f6m\u00fcrgedir&#8221; tezini erken benimseyen, \u00f6rg\u00fctlenmede kritik rol oynam\u0131\u015f biriydi. Ama tam da bu nitelikleri \u2013zek\u00e2s\u0131, ki\u015fili\u011fi ve ba\u011f\u0131ms\u0131z d\u00fc\u015f\u00fcnme yetene\u011fi\u2013 onu \u00d6calan i\u00e7in tehlike haline getirdi.<\/p>\n<p style=\"text-align: justify\">1977 May\u0131s&#8217;\u0131nda, Haki Karer \u00d6calan&#8217;\u0131n getirdi\u011fi baz\u0131 \u015faibeli unsurlar\u0131 (Pilot Necati ve Kesire gibi) sorgulamaya, mektuplarla arkada\u015flar\u0131na aktarmaya ba\u015flad\u0131. Bu sorgulama, \u00d6calan&#8217;\u0131n otoritesine do\u011frudan meydan okumayd\u0131. Ve hemen ard\u0131ndan, 18 May\u0131s 1977&#8217;de Gaziantep&#8217;te bir kahvehanede &#8220;St\u00earka Sor&#8221; adl\u0131 rakip gruptan Alaattin Kapan taraf\u0131ndan vuruldu. Resmi PKK anlat\u0131s\u0131nda &#8220;ilk b\u00fcy\u00fck \u015fehit&#8221; olarak kutsanan Haki Karer&#8217;in \u00f6l\u00fcm\u00fc, bir\u00e7ok kaynakta ve eski kadrolar\u0131n itiraflar\u0131nda \u00f6rg\u00fct i\u00e7i ilk infaz\/tasfiye olarak kabul edilir; hafif yaral\u0131 halde hastaneye kald\u0131r\u0131ld\u0131ktan sonra bile, \u00d6calan&#8217;\u0131n talimat\u0131yla tamamen ortadan kald\u0131r\u0131ld\u0131\u011f\u0131 iddialar\u0131 g\u00fc\u00e7l\u00fcd\u00fcr.<\/p>\n<p style=\"text-align: justify\">Bu cinayet, PKK&#8217;nin daha kurulu\u015f a\u015famas\u0131nda inisiyatif sahibi, potansiyel lider adaylar\u0131n\u0131 yok etme politikas\u0131n\u0131n ba\u015flang\u0131c\u0131 oldu. Haki Karer&#8217;in \u00f6l\u00fcm\u00fcyle birlikte grup daha s\u0131k\u0131, daha merkezi ve daha \u015fiddetli bir yap\u0131ya evrildi; \u00e7\u00fcnk\u00fc art\u0131k sorgulayanlara yer yoktu. \u0130lk vurulan kadrolar en ak\u0131ll\u0131lar\u0131 olmasalar da, ak\u0131l ve ki\u015filik birlikte de\u011ferlendirildi\u011finde, ilk s\u0131ralarda yer ald\u0131klar\u0131 rahatl\u0131kla g\u00f6r\u00fclebilir.<\/p>\n<p style=\"text-align: justify\">1980&#8217;lerde Bekaa Vadisi&#8217;nde kurulan kamplarda, Abdullah \u00d6calan&#8217;\u0131n talimat\u0131yla ba\u015flayan i\u00e7 infaz dalgas\u0131, onlarca yetkin ve potansiyel rakibi ortadan kald\u0131rd\u0131. \u00d6calan, \u0130mral\u0131&#8217;daki yarg\u0131lamas\u0131nda \u00f6rg\u00fct i\u00e7inde 15 bin militan\u0131n infaz edildi\u011fini itiraf etti; bu a\u00e7\u0131klama, TBMM komisyon raporlar\u0131nda ve ara\u015ft\u0131rmac\u0131 yazarlar\u0131n aktar\u0131mlar\u0131nda da yer ald\u0131. Michael Gunter&#8217;\u0131n da belirtti\u011fi gibi, \u00d6calan daha erken d\u00f6nemde rakiplerini i\u015fkenceyle &#8220;hain&#8221; itiraf\u0131 yapt\u0131r\u0131p infaz ettirdi. Resul Alt\u0131nok, Saime A\u015fk\u0131n ve Ayten Y\u0131ld\u0131r\u0131m gibi isimler, bu purge&#8217;lerin kurbanlar\u0131 aras\u0131ndayd\u0131; hepsi de zek\u00e2lar\u0131yla \u00f6ne \u00e7\u0131kan, ama \u00d6calan&#8217;\u0131n otoritesine boyun e\u011fmeyen ki\u015filikli militanlard\u0131.<\/p>\n<p style=\"text-align: justify\">Mahsum Korkmaz, PKK&#8217;nin ilk askeri komutan\u0131 ve silahl\u0131 m\u00fccadelenin fiilen ba\u015flat\u0131c\u0131s\u0131 olarak kabul edilir. 15 A\u011fustos 1984&#8217;te Abdullah \u00d6calan&#8217;\u0131n talimat\u0131yla ger\u00e7ekle\u015ftirilen ilk b\u00fcy\u00fck eylemlerde (Siirt&#8217;in Eruh ve Hakk\u00e2ri&#8217;nin \u015eemdinli il\u00e7elerine y\u00f6nelik e\u015f zamanl\u0131 bask\u0131nlar) Eruh grubunun liderli\u011fini \u00fcstlenmi\u015f, bu sald\u0131r\u0131larla T\u00fcrkiye-PKK \u00e7at\u0131\u015fmas\u0131n\u0131n silahl\u0131 a\u015famas\u0131 resmen ba\u015flam\u0131\u015ft\u0131r. Korkmaz, 1986&#8217;da (muhtemelen 28 Mart&#8217;ta Gabar Da\u011f\u0131&#8217;nda) i\u00e7 \u00e7at\u0131\u015fma veya pusuda \u00f6ld\u00fcr\u00fcld\u00fc; \u00d6calan sonradan bunu &#8220;\u00e7ete&#8221; veya pusuya d\u00fc\u015fme olarak nitelendirip \u00f6rg\u00fcte yaslanan gruplar\u0131 su\u00e7lasa da, \u00e7ok say\u0131da tan\u0131k ifadesi, eski \u00f6rg\u00fct \u00fcyelerinin anlat\u0131mlar\u0131 ve raporlar onun \u00d6calan&#8217;\u0131n emriyle tasfiye edildi\u011fini g\u00f6stermektedir. Engin Sincer gibi (kod ad\u0131 Erdal) ba\u015fka y\u00fcksek r\u00fctbeli isimler de benzer tasfiye s\u00fcre\u00e7lerine maruz kalm\u0131\u015f, \u00f6rg\u00fct i\u00e7i infazlar ve &#8220;ajan&#8221; su\u00e7lamalar\u0131yla ortadan kald\u0131r\u0131lm\u0131\u015ft\u0131r.<\/p>\n<p style=\"text-align: justify\">Bu tasfiye furyas\u0131, 1980&#8217;lerin ortalar\u0131nda Avrupa&#8217;ya s\u0131\u00e7rad\u0131 ve \u00d6calan&#8217;\u0131n mutlak hakimiyetini peki\u015ftirmek i\u00e7in en ac\u0131mas\u0131z \u00f6rneklerden biri, PKK kurucular\u0131ndan ve Merkez Komite \u00fcyesi \u00c7etin G\u00fcng\u00f6r (kod ad\u0131 Semir)&#8217;in infaz\u0131d\u0131r.<\/p>\n<p style=\"text-align: justify\">Semir, PKK&#8217;nin kurulu\u015f d\u00f6neminden beri \u00f6rg\u00fctte kritik roller \u00fcstlenmi\u015f, 1982&#8217;de Suriye&#8217;den ayr\u0131larak iki y\u0131l Avrupa&#8217;da PKK&#8217;n\u0131n sorumlulu\u011funu y\u00fcr\u00fctm\u00fc\u015f, ak\u0131ll\u0131, sorgulay\u0131c\u0131 ve ba\u011f\u0131ms\u0131z d\u00fc\u015f\u00fcnen bir kadroydu. \u00d6calan&#8217;\u0131n emir ve talimatlar\u0131na uymad\u0131\u011f\u0131, \u00f6rg\u00fct i\u00e7i otoriteyi sorgulad\u0131\u011f\u0131 gerek\u00e7esiyle \u00f6nce G\u00fcney K\u00fcrdistan&#8217;a d\u00f6nmesi istendi; uymay\u0131nca Almanya&#8217;da g\u00f6zalt\u0131na al\u0131nd\u0131, ancak ka\u00e7may\u0131 ba\u015fard\u0131. Ancak ka\u00e7\u0131\u015f onu kurtaramad\u0131: 2 Kas\u0131m 1985&#8217;te \u0130sve\u00e7&#8217;in ba\u015fkenti Stockholm&#8217;da, PKK infaz timlerinden olan \u2013Nuri Candemir\u2013 taraf\u0131ndan \u00f6ld\u00fcr\u00fcld\u00fc. Cinayet, y\u00fczlerce K\u00fcrd\u00fcn g\u00f6z\u00fc \u00f6n\u00fcnde ger\u00e7ekle\u015fti; katil olay yerinde yakaland\u0131 ve mahkemede \u00d6calan&#8217;\u0131n talimat\u0131n\u0131 yerine getirmekten &#8220;mutlu&#8221; oldu\u011funu ifade etti.<\/p>\n<p style=\"text-align: justify\">Bu infaz, PKK&#8217;nin Avrupa&#8217;daki muhaliflerini susturma politikas\u0131n\u0131n en \u00e7arp\u0131c\u0131 ve somut g\u00f6stergelerinden biri oldu; Semir gibi merkez komite d\u00fczeyinde bir ismin bile sorgulamas\u0131n\u0131n bedelinin \u00f6l\u00fcm oldu\u011fu mesaj\u0131n\u0131 net bi\u00e7imde verdi ve \u00d6calan&#8217;\u0131n \u00f6n\u00fcndeki engelleri temizledi. 1980-1990 aras\u0131, PKK i\u00e7inde tam bir ter\u00f6r d\u00f6nemiydi: 60&#8217;a yak\u0131n kadro infaz edildi, defector&#8217;lar Avrupa&#8217;da (\u0130sve\u00e7, Hollanda, Almanya, Danimarka) suikastlarla susturuldu.<\/p>\n<p style=\"text-align: justify\">Bu tasfiye zincirinin 1990&#8217;lar\u0131n ba\u015f\u0131ndaki en \u00e7arp\u0131c\u0131 \u00f6rneklerinden biri de, PKK&#8217;nin kurulu\u015fundan beri yer alan ve Merkez Komite \u00fcyesi Mehmet Cahit \u015eener&#8217;in infaz\u0131d\u0131r. \u015eener, 1978 Fis Kongresi&#8217;nde en gen\u00e7 delege olarak kat\u0131lm\u0131\u015f, Diyarbak\u0131r Cezaevi direni\u015finde \u00f6nemli rol oynam\u0131\u015f, \u00f6rg\u00fct i\u00e7inde h\u0131zla y\u00fckselerek PKK Merkez Komitesi \u00fcyesi olmu\u015f,\u00a0 sorgulay\u0131c\u0131 zek\u00e2s\u0131 ve ba\u011f\u0131ms\u0131z ki\u015fili\u011fiyle tan\u0131nan bir kadroydu. Sakine Cans\u0131z&#8217;\u0131n eski ni\u015fanl\u0131s\u0131 olan \u015eener, \u00d6calan&#8217;\u0131n otoritesini ve \u00e7izgisini (\u00f6zellikle Suriye istihbarat\u0131yla ili\u015fkileri, diktat\u00f6rl\u00fck e\u011filimleri) a\u00e7\u0131k\u00e7a sorgulamaya ba\u015flam\u0131\u015ft\u0131.<\/p>\n<p style=\"text-align: justify\">1990&#8217;daki Haftanin Kongresi&#8217;nde (4. kongre) \u00d6calan&#8217;a sert ele\u015ftiriler y\u00f6neltti; bu, \u00d6calan i\u00e7in do\u011frudan tehdit anlam\u0131na geliyordu. Tutuklat\u0131ld\u0131, ka\u00e7may\u0131 ba\u015fard\u0131 ancak 1 Kas\u0131m 1991&#8217;de Rojava&#8217;n\u0131n Kam\u0131\u015flo kentinde, \u00d6calan&#8217;\u0131n talimat\u0131yla ve Suriye istihbarat\u0131n\u0131n (El Muhabarat) deste\u011fiyle iki tetik\u00e7i taraf\u0131ndan kald\u0131\u011f\u0131 evde kur\u015funlanarak infaz edildi. Cesedi Suriye devleti taraf\u0131ndan al\u0131nd\u0131 ve ortadan kald\u0131r\u0131ld\u0131.<\/p>\n<p style=\"text-align: justify\">Bu cinayet, PKK&#8217;nin kendi i\u00e7indeki muhalifleri nas\u0131l ac\u0131mas\u0131zca temizledi\u011finin somut bir g\u00f6stergesidir; \u015eener gibi zek\u00e2 ve ki\u015filik sahibi bir ismin yok edilmesiyle, \u00f6rg\u00fct daha da merkezile\u015fti ve sorgulama tamamen ortadan kalkt\u0131.<\/p>\n<p style=\"text-align: justify\">Abdullah \u00d6calan ba\u015f\u0131ndan beri T\u00fcrk devletinin adam\u0131 olarak hareket etti; PKK&#8217;yi de devletin (M\u0130T ve GLAD\u0130O gibi derin yap\u0131lar eliyle) kurdu\u011fu veya y\u00f6nlendirdi\u011fi ger\u00e7e\u011fi ortadad\u0131r. 1978&#8217;deki kurulu\u015fundan itibaren di\u011fer rakip K\u00fcrd gruplar\u0131n\u0131 ve \u00f6rg\u00fctlerini sistematik olarak bertaraf etti; \u00e7at\u0131\u015fmalar, infazlar, suikastlar ve ideolojik ter\u00f6rle rakipleri ortadan kald\u0131rarak K\u00fcrd m\u00fccadelesini tekeline ald\u0131. Devlet(ler)in kendisine sa\u011flad\u0131\u011f\u0131 alan ve lojistik destek sayesinde rakipsiz kald\u0131 ve PKK&#8217;y\u0131 K\u00fcrd hareketinin tart\u0131\u015fmas\u0131z h\u00e2kimi haline getirdi. \u00d6calan rakiplerini etkisiz k\u0131lma s\u00fcrecinde Marxist-Leninist ideolojiyi kendine kalkan yapt\u0131; ama as\u0131l amac\u0131, K\u00fcrd m\u00fccadelesini monopolize etmekti.<\/p>\n<p style=\"text-align: justify\">2000&#8217;lerde PKK, reformist ve muhalif sesleri de d\u0131\u015flad\u0131: Nizamettin Ta\u015f, Faysal Dunlay\u0131c\u0131 (Kani Y\u0131lmaz) ve Osman \u00d6calan gibi isimler ele\u015ftirileri nedeniyle \u00f6rg\u00fctten at\u0131ld\u0131 veya ka\u00e7mak zorunda kald\u0131. Faysal Dunlay\u0131c\u0131, PKK&#8217;n\u0131n kurulu\u015f d\u00f6neminden beri \u00fcst d\u00fczey kadrolar\u0131ndand\u0131: 1970&#8217;lerin ortalar\u0131nda kat\u0131ld\u0131, 12 Eyl\u00fcl Darbesi&#8217;nde tutuklan\u0131p 12 y\u0131l Diyarbak\u0131r Cezaevi&#8217;nde kald\u0131, tahliye sonras\u0131 ERNK&#8217;nin 7 y\u0131l Avrupa temsilcili\u011fini yapt\u0131 ve Merkez Komite \u00fcyesi d\u00fczeyinde kritik roller \u00fcstlendi. Zek\u00e2s\u0131, diplomasi yetene\u011fi ve ba\u011f\u0131ms\u0131z tutumuyla \u00f6ne \u00e7\u0131kt\u0131; ancak Abdullah \u00d6calan&#8217;\u0131n otoritesini sorgulayan yakla\u015f\u0131mlar\u0131 nedeniyle hedef haline geldi.<\/p>\n<p style=\"text-align: justify\">2004&#8217;te Osman \u00d6calan, Nizamettin Ta\u015f ve Faysal Dunlay\u0131c\u0131 PKK&#8217;den ayr\u0131larak Yurtsever Demokrat Parti&#8217;yi (PWD) kurdular. Bu ayr\u0131l\u0131k, \u00d6calan&#8217;\u0131n mutlak otoritesine meydan okuma olarak g\u00f6r\u00fcld\u00fc. PKK y\u00f6netimi ayr\u0131lanlar\u0131 &#8220;hainlik&#8221; ve &#8220;likidasyonculuk&#8221; su\u00e7lamalar\u0131yla hedef ald\u0131. Gerilim, 11 \u015eubat 2006&#8217;da G\u00fcney K\u00fcrdistan\u2019\u0131n S\u00fcleymaniye kentinde patlad\u0131: Kani Y\u0131lmaz&#8217;\u0131n arac\u0131na benzin al\u0131rken uzaktan kumandal\u0131 bomba yerle\u015ftirildi. Patlamada Kani Y\u0131lmaz ile yan\u0131ndaki PWD \u00fcyesi Sabri Tori (Serdar Kaya) yanarak \u00f6ld\u00fc. Suikast\u0131 PKK infaz timlerinin (ajan s\u0131zd\u0131rma y\u00f6ntemiyle) PKK&#8217;den s\u0131zan Veli \u00c7at (Numan kod adl\u0131) oldu\u011fu biliniyor art\u0131k. Bu olay, PKK i\u00e7indeki muhalif ayr\u0131l\u0131klar\u0131n \u00f6l\u00fcmc\u00fcl sonu\u00e7lar\u0131n\u0131 g\u00f6steren \u00e7arp\u0131c\u0131 bir \u00f6rnek olarak kabul edilir.<\/p>\n<p style=\"text-align: justify\">Bu infaz, Hikmet Fidan&#8217;\u0131n Diyarbak\u0131r&#8217;da g\u00fcnd\u00fcz vakti kafas\u0131na tek kur\u015funla \u00f6ld\u00fcr\u00fclmesi gibi, \u00f6rg\u00fct\u00fcn ayr\u0131lan eski \u00fcst d\u00fczey kadrolar\u0131n\u0131 bile affetmedi\u011finin, Avrupa&#8217;dan Rojava&#8217;ya uzanan tasfiye politikas\u0131n\u0131n ac\u0131mas\u0131z bir devam\u0131 oldu\u011funun somut kan\u0131t\u0131d\u0131r. Bu suikast, ak\u0131ll\u0131 ve ki\u015filikli bir ismin (Kani Y\u0131lmaz&#8217;\u0131n) daha ortadan kald\u0131r\u0131lmas\u0131yla PKK i\u00e7indeki sorgulama mekanizmas\u0131n\u0131 tamamen yok etti; geriye kalanlar ya korkudan susanlar ya da yan\u0131lsamaya kap\u0131lanlar oldu. Bu tasfiye furyas\u0131, \u00f6rg\u00fct\u00fc \u00d6calan&#8217;\u0131n mutlak hakimiyetine d\u00f6n\u00fc\u015ft\u00fcrd\u00fc; ama K\u00fcrd halk\u0131na b\u00fcy\u00fck zarar verdi.<\/p>\n<p style=\"text-align: justify\">Bu s\u00fcre\u00e7te, \u00f6rg\u00fcte 40 y\u0131l\u0131 a\u015fk\u0131n hizmet etmi\u015f, ancak g\u00f6r\u00fc\u015f ayr\u0131l\u0131\u011f\u0131 nedeniyle hedef al\u0131nan bir ba\u015fka \u00e7arp\u0131c\u0131 \u00f6rnek de Hikmet Fidan\u2019d\u0131r.<\/p>\n<p style=\"text-align: justify\">Eski HADEP Genel Ba\u015fkan Yard\u0131mc\u0131s\u0131 olan Fidan, PKK \u00e7izgisinden ayr\u0131larak -Nizamettin Ta\u015f, Faysal Dunlay\u0131c\u0131 ve Osman \u00d6calan gibilerinin kurdu\u011fu- Yurtsever Demokrat Parti (PWD-Partiya Welatpar\u00eaz\u00ean Demokrat) olu\u015fumuna kat\u0131lm\u0131\u015ft\u0131. 6 Temmuz 2005&#8217;te Diyarbak\u0131r&#8217;\u0131n Ba\u011flar il\u00e7esinde, g\u00fcnd\u00fcz vakti kafas\u0131na tek kur\u015fun s\u0131k\u0131larak infaz edildi. Mahkeme kay\u0131tlar\u0131nda ve iddianamede, katilin PKK talimat\u0131yla hareket eden tetik\u00e7i Serkan \u015eitilay (kod ad\u0131 Deniz Ula\u015f) oldu\u011fu belirtilmi\u015f; infaz emrinin \u00f6rg\u00fct \u00fcst y\u00f6netiminden geldi\u011fi vurgulanm\u0131\u015ft\u0131r. Cenazesini kald\u0131rmak i\u00e7in ambulans dahi verilmedi; belediye &#8220;arac\u0131n deposu delik&#8221; gibi bahanelerle talebi reddetti.<\/p>\n<p style=\"text-align: justify\">Bu olay, PKK&#8217;nin sadece erken d\u00f6nem kadrolar\u0131n\u0131 de\u011fil, y\u0131llarca hizmet etmi\u015f, sonradan ayr\u0131lan veya ele\u015ftiren ki\u015fileri bile affetmedi\u011fini, hatta kamuoyu \u00f6n\u00fcnde a\u015fa\u011f\u0131lay\u0131c\u0131 bi\u00e7imde cezaland\u0131rd\u0131\u011f\u0131n\u0131 g\u00f6steren utan\u00e7 verici bir \u00f6rnektir. Ak\u0131ll\u0131 ve ki\u015filikli kadrolar yok edilince, geriye kalanlar ya korkudan susanlar ya da yan\u0131lsamaya kap\u0131lanlar oldu.<\/p>\n<p style=\"text-align: justify\">Sonu\u00e7ta, PKK varolu\u015f misyonuna uygun bir yap\u0131ya evrildi: S\u00f6m\u00fcrgeci devletlerin (Suriye, \u0130ran, Irak, T\u00fcrkiye) oyunlar\u0131nda kullan\u0131ld\u0131, K\u00fcrd kazan\u0131mlar\u0131n\u0131 engelledi. 2025&#8217;te \u00d6calan&#8217;\u0131n \u00e7a\u011fr\u0131s\u0131yla bi\u00e7im de\u011fi\u015ftirecek olmas\u0131, bu diktat\u00f6rl\u00fc\u011f\u00fcn son perdesi olabilir ama K\u00fcrd halk\u0131, y\u0131llarca s\u00fcren yan\u0131lsaman\u0131n faturas\u0131n\u0131 \u00f6demeye devam ediyor. Hi\u00e7bir d\u0131\u015f d\u00fc\u015fman, \u00d6calan ve PKK&#8217;nin K\u00fcrdlere yapt\u0131\u011f\u0131 kadar zarar veremedi; t\u0131pk\u0131 Rojava&#8217;da ya\u015fanan ihanet gibi&#8230;<\/p>\n","protected":false},"excerpt":{"rendered":"<p>Diktat\u00f6rler; kendi saltanatlar\u0131n\u0131 kurmak ve s\u00fcrd\u00fcrmek i\u00e7in ak\u0131ll\u0131 insanlara gereksinim duyarlar. \u00c7\u00fcnk\u00fc ak\u0131ll\u0131 insanlar vas\u0131tas\u0131yla kitleleri etkileyebileceklerinin, inand\u0131rabileceklerinin fark\u0131ndad\u0131rlar. Bu ak\u0131ll\u0131lar\u0131n yard\u0131m\u0131yla, yalanlar\u0131n\u0131 ger\u00e7ek, ihanetlerini kahramanl\u0131k diye pazarlarlar. Her diktat\u00f6rl\u00fck; &#8220;yanl\u0131\u015f\u0131 do\u011fru, haks\u0131zl\u0131\u011f\u0131 hakl\u0131 ve k\u00f6t\u00fcy\u00fc iyi&#8221; g\u00f6stererek varl\u0131k kazan\u0131r. Bu nedenle de ak\u0131ll\u0131 insanlardan tedirgin olurlar. \u00c7\u00fcnk\u00fc ya\u015fanan\/ya\u015fat\u0131lan yan\u0131lsamay\u0131 ilk fark edecek olan ak\u0131ll\u0131 [&hellip;]<\/p>\n","protected":false},"author":2,"featured_media":1036675,"comment_status":"closed","ping_status":"closed","sticky":false,"template":"","format":"standard","meta":{"footnotes":""},"categories":[26],"tags":[31],"class_list":["post-1036674","post","type-post","status-publish","format-standard","has-post-thumbnail","hentry","category-forum","tag-onemli"],"blocksy_meta":[],"seo_head":"<!-- This site is optimized with the Yoast SEO plugin v27.5 - https:\/\/yoast.com\/product\/yoast-seo-wordpress\/ -->\n<title>Ak\u0131ll\u0131lar\u0131n Tasfiyesi ve PKK&#039;de Diktat\u00f6rl\u00fck - Darka Mazi<\/title>\n<meta name=\"robots\" content=\"index, follow, max-snippet:-1, max-image-preview:large, max-video-preview:-1\" \/>\n<link rel=\"canonical\" href=\"https:\/\/darkamazi.site\/archives\/1036674\" \/>\n<meta property=\"og:locale\" content=\"en_US\" \/>\n<meta property=\"og:type\" content=\"article\" \/>\n<meta property=\"og:title\" content=\"Ak\u0131ll\u0131lar\u0131n Tasfiyesi ve PKK&#039;de Diktat\u00f6rl\u00fck - Darka Mazi\" \/>\n<meta property=\"og:description\" content=\"Diktat\u00f6rler; kendi saltanatlar\u0131n\u0131 kurmak ve s\u00fcrd\u00fcrmek i\u00e7in ak\u0131ll\u0131 insanlara gereksinim duyarlar. \u00c7\u00fcnk\u00fc ak\u0131ll\u0131 insanlar vas\u0131tas\u0131yla kitleleri etkileyebileceklerinin, inand\u0131rabileceklerinin fark\u0131ndad\u0131rlar. Bu ak\u0131ll\u0131lar\u0131n yard\u0131m\u0131yla, yalanlar\u0131n\u0131 ger\u00e7ek, ihanetlerini kahramanl\u0131k diye pazarlarlar. Her diktat\u00f6rl\u00fck; &#8220;yanl\u0131\u015f\u0131 do\u011fru, haks\u0131zl\u0131\u011f\u0131 hakl\u0131 ve k\u00f6t\u00fcy\u00fc iyi&#8221; g\u00f6stererek varl\u0131k kazan\u0131r. Bu nedenle de ak\u0131ll\u0131 insanlardan tedirgin olurlar. \u00c7\u00fcnk\u00fc ya\u015fanan\/ya\u015fat\u0131lan yan\u0131lsamay\u0131 ilk fark edecek olan ak\u0131ll\u0131 [&hellip;]\" \/>\n<meta property=\"og:url\" content=\"https:\/\/darkamazi.site\/archives\/1036674\" \/>\n<meta property=\"og:site_name\" content=\"Darka Mazi\" \/>\n<meta property=\"article:publisher\" content=\"https:\/\/www.facebook.com\/DarkaMaziturkce\" \/>\n<meta property=\"article:published_time\" content=\"2026-03-11T15:24:34+00:00\" \/>\n<meta property=\"og:image\" content=\"https:\/\/darkamazi.site\/file\/2026\/03\/Suleyman-Akkoyun.jpg\" \/>\n\t<meta property=\"og:image:width\" content=\"900\" \/>\n\t<meta property=\"og:image:height\" content=\"497\" \/>\n\t<meta property=\"og:image:type\" content=\"image\/jpeg\" \/>\n<meta name=\"author\" content=\"darka mazi\" \/>\n<meta name=\"twitter:card\" content=\"summary_large_image\" \/>\n<meta name=\"twitter:creator\" content=\"@DarkaMaziTurkce\" \/>\n<meta name=\"twitter:site\" content=\"@DarkaMaziTurkce\" \/>\n<meta name=\"twitter:label1\" content=\"Written by\" \/>\n\t<meta name=\"twitter:data1\" content=\"darka mazi\" \/>\n\t<meta name=\"twitter:label2\" content=\"Est. reading time\" \/>\n\t<meta name=\"twitter:data2\" content=\"7 minutes\" \/>\n<script type=\"application\/ld+json\" class=\"seo-schema-graph\">{\"@context\":\"https:\\\/\\\/schema.org\",\"@graph\":[{\"@type\":\"NewsArticle\",\"@id\":\"https:\\\/\\\/darkamazi.site\\\/archives\\\/1036674#article\",\"isPartOf\":{\"@id\":\"https:\\\/\\\/darkamazi.site\\\/archives\\\/1036674\"},\"author\":{\"name\":\"darka mazi\",\"@id\":\"https:\\\/\\\/darkamazi.site\\\/#\\\/schema\\\/person\\\/67986a95ac546c16760365877ef4a9d3\"},\"headline\":\"Ak\u0131ll\u0131lar\u0131n Tasfiyesi ve PKK&#8217;de Diktat\u00f6rl\u00fck\",\"datePublished\":\"2026-03-11T15:24:34+00:00\",\"mainEntityOfPage\":{\"@id\":\"https:\\\/\\\/darkamazi.site\\\/archives\\\/1036674\"},\"wordCount\":2191,\"publisher\":{\"@id\":\"https:\\\/\\\/darkamazi.site\\\/#organization\"},\"image\":{\"@id\":\"https:\\\/\\\/darkamazi.site\\\/archives\\\/1036674#primaryimage\"},\"thumbnailUrl\":\"https:\\\/\\\/darkamazi.site\\\/darka-content\\\/uploads\\\/2026\\\/03\\\/Suleyman-Akkoyun.jpg\",\"keywords\":[\"\u00f6nemli\"],\"articleSection\":[\"Forum\"],\"inLanguage\":\"en-US\"},{\"@type\":\"WebPage\",\"@id\":\"https:\\\/\\\/darkamazi.site\\\/archives\\\/1036674\",\"url\":\"https:\\\/\\\/darkamazi.site\\\/archives\\\/1036674\",\"name\":\"Ak\u0131ll\u0131lar\u0131n Tasfiyesi ve PKK'de Diktat\u00f6rl\u00fck - Darka Mazi\",\"isPartOf\":{\"@id\":\"https:\\\/\\\/darkamazi.site\\\/#website\"},\"primaryImageOfPage\":{\"@id\":\"https:\\\/\\\/darkamazi.site\\\/archives\\\/1036674#primaryimage\"},\"image\":{\"@id\":\"https:\\\/\\\/darkamazi.site\\\/archives\\\/1036674#primaryimage\"},\"thumbnailUrl\":\"https:\\\/\\\/darkamazi.site\\\/darka-content\\\/uploads\\\/2026\\\/03\\\/Suleyman-Akkoyun.jpg\",\"datePublished\":\"2026-03-11T15:24:34+00:00\",\"breadcrumb\":{\"@id\":\"https:\\\/\\\/darkamazi.site\\\/archives\\\/1036674#breadcrumb\"},\"inLanguage\":\"en-US\",\"potentialAction\":[{\"@type\":\"ReadAction\",\"target\":[\"https:\\\/\\\/darkamazi.site\\\/archives\\\/1036674\"]}]},{\"@type\":\"ImageObject\",\"inLanguage\":\"en-US\",\"@id\":\"https:\\\/\\\/darkamazi.site\\\/archives\\\/1036674#primaryimage\",\"url\":\"https:\\\/\\\/darkamazi.site\\\/darka-content\\\/uploads\\\/2026\\\/03\\\/Suleyman-Akkoyun.jpg\",\"contentUrl\":\"https:\\\/\\\/darkamazi.site\\\/darka-content\\\/uploads\\\/2026\\\/03\\\/Suleyman-Akkoyun.jpg\",\"width\":900,\"height\":497,\"caption\":\"2. Lozan'a Hay\u0131r Diyemeyenler Ulusal Birlikten S\u00f6z Edemez!\"},{\"@type\":\"BreadcrumbList\",\"@id\":\"https:\\\/\\\/darkamazi.site\\\/archives\\\/1036674#breadcrumb\",\"itemListElement\":[{\"@type\":\"ListItem\",\"position\":1,\"name\":\"Home\",\"item\":\"https:\\\/\\\/darkamazi.site\\\/\"},{\"@type\":\"ListItem\",\"position\":2,\"name\":\"Ak\u0131ll\u0131lar\u0131n Tasfiyesi ve PKK&#8217;de Diktat\u00f6rl\u00fck\"}]},{\"@type\":\"WebSite\",\"@id\":\"https:\\\/\\\/darkamazi.site\\\/#website\",\"url\":\"https:\\\/\\\/darkamazi.site\\\/\",\"name\":\"Darka Mazi\",\"description\":\"Ana Sayfa\",\"publisher\":{\"@id\":\"https:\\\/\\\/darkamazi.site\\\/#organization\"},\"potentialAction\":[{\"@type\":\"SearchAction\",\"target\":{\"@type\":\"EntryPoint\",\"urlTemplate\":\"https:\\\/\\\/darkamazi.site\\\/?s={search_term_string}\"},\"query-input\":{\"@type\":\"PropertyValueSpecification\",\"valueRequired\":true,\"valueName\":\"search_term_string\"}}],\"inLanguage\":\"en-US\"},{\"@type\":\"Organization\",\"@id\":\"https:\\\/\\\/darkamazi.site\\\/#organization\",\"name\":\"Darka Mazi T\u00fcrk\u00e7e\",\"alternateName\":\"Darka Mazi\",\"url\":\"https:\\\/\\\/darkamazi.site\\\/\",\"logo\":{\"@type\":\"ImageObject\",\"inLanguage\":\"en-US\",\"@id\":\"https:\\\/\\\/darkamazi.site\\\/#\\\/schema\\\/logo\\\/image\\\/\",\"url\":\"https:\\\/\\\/darkamazi.site\\\/darka-content\\\/uploads\\\/2017\\\/12\\\/darka-mazi-logo.png\",\"contentUrl\":\"https:\\\/\\\/darkamazi.site\\\/darka-content\\\/uploads\\\/2017\\\/12\\\/darka-mazi-logo.png\",\"width\":151,\"height\":75,\"caption\":\"Darka Mazi T\u00fcrk\u00e7e\"},\"image\":{\"@id\":\"https:\\\/\\\/darkamazi.site\\\/#\\\/schema\\\/logo\\\/image\\\/\"},\"sameAs\":[\"https:\\\/\\\/www.facebook.com\\\/DarkaMaziturkce\",\"https:\\\/\\\/x.com\\\/DarkaMaziTurkce\"]},{\"@type\":\"Person\",\"@id\":\"https:\\\/\\\/darkamazi.site\\\/#\\\/schema\\\/person\\\/67986a95ac546c16760365877ef4a9d3\",\"name\":\"darka mazi\",\"sameAs\":[\"https:\\\/\\\/darkamazi.site\"],\"url\":\"https:\\\/\\\/darkamazi.site\\\/archives\\\/author\\\/turkish\"}]}<\/script>\n<!-- \/ Yoast SEO plugin. -->","seo_head_json":{"title":"Ak\u0131ll\u0131lar\u0131n Tasfiyesi ve PKK'de Diktat\u00f6rl\u00fck - Darka Mazi","robots":{"index":"index","follow":"follow","max-snippet":"max-snippet:-1","max-image-preview":"max-image-preview:large","max-video-preview":"max-video-preview:-1"},"canonical":"https:\/\/darkamazi.site\/archives\/1036674","og_locale":"en_US","og_type":"article","og_title":"Ak\u0131ll\u0131lar\u0131n Tasfiyesi ve PKK'de Diktat\u00f6rl\u00fck - Darka Mazi","og_description":"Diktat\u00f6rler; kendi saltanatlar\u0131n\u0131 kurmak ve s\u00fcrd\u00fcrmek i\u00e7in ak\u0131ll\u0131 insanlara gereksinim duyarlar. \u00c7\u00fcnk\u00fc ak\u0131ll\u0131 insanlar vas\u0131tas\u0131yla kitleleri etkileyebileceklerinin, inand\u0131rabileceklerinin fark\u0131ndad\u0131rlar. Bu ak\u0131ll\u0131lar\u0131n yard\u0131m\u0131yla, yalanlar\u0131n\u0131 ger\u00e7ek, ihanetlerini kahramanl\u0131k diye pazarlarlar. Her diktat\u00f6rl\u00fck; &#8220;yanl\u0131\u015f\u0131 do\u011fru, haks\u0131zl\u0131\u011f\u0131 hakl\u0131 ve k\u00f6t\u00fcy\u00fc iyi&#8221; g\u00f6stererek varl\u0131k kazan\u0131r. Bu nedenle de ak\u0131ll\u0131 insanlardan tedirgin olurlar. \u00c7\u00fcnk\u00fc ya\u015fanan\/ya\u015fat\u0131lan yan\u0131lsamay\u0131 ilk fark edecek olan ak\u0131ll\u0131 [&hellip;]","og_url":"https:\/\/darkamazi.site\/archives\/1036674","og_site_name":"Darka Mazi","article_publisher":"https:\/\/www.facebook.com\/DarkaMaziturkce","article_published_time":"2026-03-11T15:24:34+00:00","og_image":[{"width":900,"height":497,"url":"https:\/\/darkamazi.site\/file\/2026\/03\/Suleyman-Akkoyun.jpg","type":"image\/jpeg"}],"author":"darka mazi","twitter_card":"summary_large_image","twitter_creator":"@DarkaMaziTurkce","twitter_site":"@DarkaMaziTurkce","twitter_misc":{"Written by":"darka mazi","Est. reading time":"7 minutes"},"schema":{"@context":"https:\/\/schema.org","@graph":[{"@type":"NewsArticle","@id":"https:\/\/darkamazi.site\/archives\/1036674#article","isPartOf":{"@id":"https:\/\/darkamazi.site\/archives\/1036674"},"author":{"name":"darka mazi","@id":"https:\/\/darkamazi.site\/#\/schema\/person\/67986a95ac546c16760365877ef4a9d3"},"headline":"Ak\u0131ll\u0131lar\u0131n Tasfiyesi ve PKK&#8217;de Diktat\u00f6rl\u00fck","datePublished":"2026-03-11T15:24:34+00:00","mainEntityOfPage":{"@id":"https:\/\/darkamazi.site\/archives\/1036674"},"wordCount":2191,"publisher":{"@id":"https:\/\/darkamazi.site\/#organization"},"image":{"@id":"https:\/\/darkamazi.site\/archives\/1036674#primaryimage"},"thumbnailUrl":"https:\/\/darkamazi.site\/file\/2026\/03\/Suleyman-Akkoyun.jpg","keywords":["\u00f6nemli"],"articleSection":["Forum"],"inLanguage":"en-US"},{"@type":"WebPage","@id":"https:\/\/darkamazi.site\/archives\/1036674","url":"https:\/\/darkamazi.site\/archives\/1036674","name":"Ak\u0131ll\u0131lar\u0131n Tasfiyesi ve PKK'de Diktat\u00f6rl\u00fck - Darka Mazi","isPartOf":{"@id":"https:\/\/darkamazi.site\/#website"},"primaryImageOfPage":{"@id":"https:\/\/darkamazi.site\/archives\/1036674#primaryimage"},"image":{"@id":"https:\/\/darkamazi.site\/archives\/1036674#primaryimage"},"thumbnailUrl":"https:\/\/darkamazi.site\/file\/2026\/03\/Suleyman-Akkoyun.jpg","datePublished":"2026-03-11T15:24:34+00:00","breadcrumb":{"@id":"https:\/\/darkamazi.site\/archives\/1036674#breadcrumb"},"inLanguage":"en-US","potentialAction":[{"@type":"ReadAction","target":["https:\/\/darkamazi.site\/archives\/1036674"]}]},{"@type":"ImageObject","inLanguage":"en-US","@id":"https:\/\/darkamazi.site\/archives\/1036674#primaryimage","url":"https:\/\/darkamazi.site\/file\/2026\/03\/Suleyman-Akkoyun.jpg","contentUrl":"https:\/\/darkamazi.site\/file\/2026\/03\/Suleyman-Akkoyun.jpg","width":900,"height":497,"caption":"2. Lozan'a Hay\u0131r Diyemeyenler Ulusal Birlikten S\u00f6z Edemez!"},{"@type":"BreadcrumbList","@id":"https:\/\/darkamazi.site\/archives\/1036674#breadcrumb","itemListElement":[{"@type":"ListItem","position":1,"name":"Home","item":"https:\/\/darkamazi.site\/"},{"@type":"ListItem","position":2,"name":"Ak\u0131ll\u0131lar\u0131n Tasfiyesi ve PKK&#8217;de Diktat\u00f6rl\u00fck"}]},{"@type":"WebSite","@id":"https:\/\/darkamazi.site\/#website","url":"https:\/\/darkamazi.site\/","name":"Darka Mazi","description":"Ana Sayfa","publisher":{"@id":"https:\/\/darkamazi.site\/#organization"},"potentialAction":[{"@type":"SearchAction","target":{"@type":"EntryPoint","urlTemplate":"https:\/\/darkamazi.site\/?s={search_term_string}"},"query-input":{"@type":"PropertyValueSpecification","valueRequired":true,"valueName":"search_term_string"}}],"inLanguage":"en-US"},{"@type":"Organization","@id":"https:\/\/darkamazi.site\/#organization","name":"Darka Mazi T\u00fcrk\u00e7e","alternateName":"Darka Mazi","url":"https:\/\/darkamazi.site\/","logo":{"@type":"ImageObject","inLanguage":"en-US","@id":"https:\/\/darkamazi.site\/#\/schema\/logo\/image\/","url":"https:\/\/darkamazi.site\/file\/2017\/12\/darka-mazi-logo.png","contentUrl":"https:\/\/darkamazi.site\/file\/2017\/12\/darka-mazi-logo.png","width":151,"height":75,"caption":"Darka Mazi T\u00fcrk\u00e7e"},"image":{"@id":"https:\/\/darkamazi.site\/#\/schema\/logo\/image\/"},"sameAs":["https:\/\/www.facebook.com\/DarkaMaziturkce","https:\/\/x.com\/DarkaMaziTurkce"]},{"@type":"Person","@id":"https:\/\/darkamazi.site\/#\/schema\/person\/67986a95ac546c16760365877ef4a9d3","name":"darka mazi","sameAs":["https:\/\/darkamazi.site"],"url":"https:\/\/darkamazi.site\/archives\/author\/turkish"}]}},"_links":{"self":[{"href":"https:\/\/darkamazi.site\/funavuv\/wp\/v2\/posts\/1036674","targetHints":{"allow":["GET"]}}],"collection":[{"href":"https:\/\/darkamazi.site\/funavuv\/wp\/v2\/posts"}],"about":[{"href":"https:\/\/darkamazi.site\/funavuv\/wp\/v2\/types\/post"}],"author":[{"embeddable":true,"href":"https:\/\/darkamazi.site\/funavuv\/wp\/v2\/users\/2"}],"replies":[{"embeddable":true,"href":"https:\/\/darkamazi.site\/funavuv\/wp\/v2\/comments?post=1036674"}],"version-history":[{"count":0,"href":"https:\/\/darkamazi.site\/funavuv\/wp\/v2\/posts\/1036674\/revisions"}],"wp:featuredmedia":[{"embeddable":true,"href":"https:\/\/darkamazi.site\/funavuv\/wp\/v2\/media\/1036675"}],"wp:attachment":[{"href":"https:\/\/darkamazi.site\/funavuv\/wp\/v2\/media?parent=1036674"}],"wp:term":[{"taxonomy":"category","embeddable":true,"href":"https:\/\/darkamazi.site\/funavuv\/wp\/v2\/categories?post=1036674"},{"taxonomy":"post_tag","embeddable":true,"href":"https:\/\/darkamazi.site\/funavuv\/wp\/v2\/tags?post=1036674"}],"curies":[{"name":"wp","href":"https:\/\/api.w.org\/{rel}","templated":true}]}}