{"id":1036678,"date":"2026-03-11T19:36:26","date_gmt":"2026-03-11T16:36:26","guid":{"rendered":"https:\/\/darkamazi.site\/?p=1036678"},"modified":"2026-04-07T18:25:06","modified_gmt":"2026-04-07T15:25:06","slug":"pkknin-dogu-kurdistan-orgutu-pjak-kimdir-ne-zaman-kuruldu-2","status":"publish","type":"post","link":"https:\/\/darkamazi.site\/archives\/1036678","title":{"rendered":"PKK\u2019nin Do\u011fu K\u00fcrdistan \u00f6rg\u00fct\u00fc PJAK kimdir? Ne zaman kuruldu?"},"content":{"rendered":"<div class=\"wpb-content-wrapper\"><p>[darkamazi_row][darkamazi_column][darkamazi_video link=&#8221;https:\/\/www.youtube.com\/watch?v=Aeuawo5q3jo&#8221; css=&#8221;&#8221;][darkamazi_column_text]<\/p>\n<p style=\"text-align: justify;\">Do\u011fu K\u00fcrdistan ve \u0130ran\u2019daki halk\u0131n devrimsel \u00e7\u0131k\u0131\u015f\u0131 ba\u015flad\u0131\u011f\u0131 tarihten itibaren PKK\u2019nin Do\u011fu K\u00fcrdistan \u00f6rg\u00fctlerinin ismini ve kadrolar\u0131n\u0131n y\u00fczleri daha g\u00f6r\u00fcn\u00fcr oldu. 2011 y\u0131l\u0131 Kandil sava\u015f\u0131ndan bu yana hi\u00e7 g\u00f6r\u00fcnmeyen PKK\u2019nin Do\u011fu K\u00fcrdistan i\u00e7in kurdu\u011fu \u00f6rg\u00fctler birdenbire medyada g\u00f6r\u00fcn\u00fcr olmaya ba\u015flad\u0131lar. PJAK, KODAR, YRK ve KJAR ve KCR isimli bu yap\u0131lar\u0131n a\u00e7\u0131klamalar\u0131n\u0131, y\u00f6neticilerini medyada daha g\u00f6r\u00fcr olduk.<\/p>\n<p style=\"text-align: justify;\"><strong>\u00d6calan\u2019\u0131n \u201cS\u00f6m\u00fcrgeci \u00fclkeleri demokratikle\u015ftirecek partiler\u201d stratejisi<\/strong><\/p>\n<p style=\"text-align: justify;\">PKK\u2019nin \u0130ran ile uzun y\u0131llara dayanan bir ge\u00e7mi\u015fi vard\u0131r. 2000\u2019lerin ba\u015f\u0131nda PKK Do\u011fu K\u00fcrdistan\u2019da bir iki kat\u0131l\u0131m olunca s\u0131n\u0131r k\u00f6ylerinde faaliyet y\u00fcr\u00fcten \u201cC\u00fcmb\u00fc\u015fe gel\u201d isimli bir \u00f6rg\u00fct kurdu. Fakat \u0130ran\u2019\u0131n direk m\u00fcdahalesi ile bu \u00f6rg\u00fct aniden yok oldu.<\/p>\n<p style=\"text-align: justify;\">2002 y\u0131l\u0131nda Abdullah \u00d6calan\u2019\u0131n tutukluyken g\u00f6nderdi\u011fi talimat ile beraber PKK K\u00fcrdistan\u2019\u0131n d\u00f6rt par\u00e7as\u0131nda PYD, PJAK, P\u00c7DK gibi partiler kurmaya ba\u015flad\u0131. T\u00fcrkiye\u2019deki legal siyasi partide revize edildi.<\/p>\n<p style=\"text-align: justify;\">Bu d\u00f6rt partinin amac\u0131 \u201cili\u015fkili olduklar\u0131 \u00fclkeleri demokratikle\u015ftirmekti\u201d yani T\u00fcrkiye, \u0130ran, Suriye ve Irak\u2019ta K\u00fcrtlerin\u00a0 hedef b\u00f6yle belirlendi. K\u00fcrtler kendi haklar\u0131n\u0131 aramak i\u00e7in ba\u015fka \u00fclkeleri demokratikle\u015ftirmek i\u00e7in yol d\u00fc\u015fecekti. \u00d6calan\u2019\u0131n tart\u0131\u015fmal\u0131k stratejisi uygulanmaya ba\u015flad\u0131.<\/p>\n<p style=\"text-align: justify;\">Do\u011fu K\u00fcrdistan\u2019\u0131n pay\u0131na da \u00d6calan\u2019\u0131n bu talimat\u0131ndan PJAK d\u00fc\u015ft\u00fc.<\/p>\n<p style=\"text-align: justify;\"><strong>PKK\u2019ye Rojh\u0131latl\u0131 gen\u00e7lerin kat\u0131l\u0131m\u0131<\/strong><\/p>\n<p style=\"text-align: justify;\">2000\u2019li y\u0131llar Do\u011fu K\u00fcrdistan\u2019da halk yeni aray\u0131\u015flar i\u00e7indeydi. \u00d6zellikle G\u00fcney K\u00fcrdistan\u2019daki siyasi geli\u015fmeler Do\u011fu K\u00fcrdistan\u2019\u0131 etkiliyordu. \u00d6zellikle \u00fcniversiteden gen\u00e7ler hareket ge\u00e7mek istiyordu. \u0130ran\u2019\u0131n izni ile de s\u0131n\u0131r \u00fczerinde \u00f6rg\u00fctlenmi\u015f olan PKK gidilebilecek ilk yerlerden biriydi.<\/p>\n<p style=\"text-align: justify;\">PKK, 1990\u2019l\u0131 y\u0131llar\u0131n ba\u015f\u0131nda \u0130ran ile \u00fc\u00e7 temel noktada uzla\u015fm\u0131\u015ft\u0131 ve bunlardan biri de \u201cPKK\u2019nin saflar\u0131na Do\u011fu K\u00fcrdistanl\u0131 gen\u00e7leri katmamas\u0131yd\u0131\u201d. \u00a0Bu nedenle PKK 2000\u2019li y\u0131llar\u0131n ba\u015f\u0131na de\u011fin Do\u011fu K\u00fcrdistanl\u0131 gen\u00e7leri saflar\u0131na almad\u0131. Abdullah \u00d6calan\u2019\u0131n 1999 y\u0131l\u0131nda yakalanmas\u0131ndan sonra PKK T\u00fcrkiye aras\u0131ndaki sava\u015f durunca \u0130ran bu durumdan rahats\u0131z oldu. PKK\u2019nin Urmiye ve Tahran\u2019daki hastanelerini ve y\u00f6netim evlerini kapatt\u0131. PKK\u2019ye bask\u0131 yapmaya ba\u015flad\u0131. PKK\u2019de Do\u011fu K\u00fcrdistanl\u0131 gen\u00e7lerin s\u0131n\u0131rl\u0131 say\u0131da baz\u0131 K\u00fcrt gen\u00e7lerini kat\u0131l\u0131m\u0131na yol a\u00e7t\u0131. Cemil Bay\u0131k daha sonra bu kat\u0131l\u0131mlar i\u00e7in \u201cBunlar\u0131n baz\u0131lar\u0131n\u0131 i\u00e7imize \u0130ran ajan olarak g\u00f6nderdi\u201d diyecekti. Genelde yetenekli, birka\u00e7 dil bilen \u00fcniversite \u00f6\u011frencisi bu gen\u00e7lerin say\u0131s\u0131 art\u0131yordu. \u00d6calan\u2019\u0131n par\u00e7a partileri kurma talimat\u0131 ile bu gen\u00e7ler bir araya getirildi.<\/p>\n<p style=\"text-align: justify;\"><strong>Osman \u00d6calan\u2019\u0131n b\u00fcy\u00fck Rojh\u0131lat a\u015fk\u0131<\/strong><\/p>\n<p style=\"text-align: justify;\">Abdullah \u00d6calan\u2019\u0131n karde\u015fi Osman \u00d6calan de\u011fi\u015fik bir ki\u015filikti. Kandil da\u011f\u0131n\u0131n \u00c7arkurnaya bakan yamac\u0131ndaki derin bir vadide Do\u011fu K\u00fcrdistanl\u0131 gen\u00e7lerden bir parti kurmak i\u00e7in \u00e7al\u0131\u015fmalara ba\u015flad\u0131. Sadece PKK i\u00e7indeki kadrolar de\u011fil ge\u00e7mi\u015fte di\u011fer Rojhilat partilerinde yer alm\u0131\u015f, bilinen ve say\u0131l\u0131p sevilen baz\u0131 isimlerde yeni bir parti \u00e7al\u0131\u015fmas\u0131na sempati g\u00f6sterdi.<\/p>\n<p style=\"text-align: justify;\">Art\u0131k yeni parti kurma d\u00f6nemi ba\u015flam\u0131\u015ft\u0131. Kandil\u2019in \u015eehit Harun denen R\u0131zg\u00ea vadisinde 2003 y\u0131l\u0131n\u0131n yaz ay\u0131ndan ba\u015flayan haz\u0131rl\u0131k \u00e7al\u0131\u015fmalar\u0131 15 Eyl\u00fcl 2003 y\u0131l\u0131nda sonu\u00e7lan\u0131r ve parti kurulur.<\/p>\n<p style=\"text-align: justify;\">PJAK kendisi kurulu\u015f tarihini bile gizleyen bir \u00f6rg\u00fctt\u00fcr. 2004 y\u0131l\u0131 4 Nisan\u2019\u0131nda kuruldu\u011funu s\u00f6yler. 4 Nisan Abdullah \u00d6calan\u2019\u0131n do\u011fum g\u00fcn\u00fcne atfen s\u00f6ylenmi\u015ftir. Yani kurulu\u015f tarihi bile yanl\u0131\u015f a\u00e7\u0131klan\u0131yor.<\/p>\n<p style=\"text-align: justify;\">Ayr\u0131ca PJAK yani Partiya Jiyana Azad a Kurdistan (K\u00fcrdistan \u00d6zg\u00fcr Ya\u015fam Partisi) isminin de anlam\u0131 vard\u0131. Birincisi \u00d6calan normalde par\u00e7alar i\u00e7in kurulacak partilerde K\u00fcrdistan isminin olmas\u0131n\u0131 istemiyordu. Bu konuda talimat verilmi\u015fti. Bu nedenle o d\u00f6nem kurulan PYD\u2019nin ad\u0131nda K\u00fcrdistan yok. Fakat Kongre haz\u0131rl\u0131k komitesi ve Kongre delegasyonu K\u00fcrdistan ismini kullanmaman\u0131n yanl\u0131\u015f oldu\u011funu s\u00f6yledi. Hatta bir delege \u201cad\u0131m\u0131zda K\u00fcrdistan olmayacaksa ne i\u00e7in m\u00fccadele ediyoruz, hangi gezegen i\u00e7in\u201d dedi ve K\u00fcrdistan ismi kullan\u0131ld\u0131.<\/p>\n<p style=\"text-align: justify;\">\u0130kinci husus ise PKK literat\u00fcr\u00fcnde olmayan \u201cjiyan\u201d kelimesinin kullan\u0131m\u0131yd\u0131. O da Osman \u00d6calan\u2019\u0131n bir hediyesi oldu. Osman \u00d6calan o d\u00f6nem ili\u015fkisi oldu\u011fu ve daha sonra evlendi\u011fi Kewe S o d\u00f6nem Jiyan ismini kullan\u0131yordu. Osman \u00d6calan\u2019\u0131n Jiyan\u2019a a\u015fk\u0131n\u0131 ilan etmek i\u00e7in partinin ad\u0131n\u0131 herkesin itiraz\u0131na ra\u011fmen Partiya Jiyana Azad a K\u00fcrdistan olarak koydu\u011fu biliniyor. Bu nedenle PKK i\u00e7inde uzun y\u0131llar bu ismin espiri konusu oldu\u011fu biliniyor.<\/p>\n<p style=\"text-align: justify;\">PJAK\u2019\u0131n ba\u015flang\u0131\u00e7 hikayesi b\u00f6yle. Fakat daha sonra h\u0131zl\u0131 geli\u015fen s\u00fcre\u00e7ler ya\u015fan\u0131r ve PJAK\u2019\u0131n bu canl\u0131 \u00e7\u0131k\u0131\u015f\u0131 bir esarete d\u00f6n\u00fc\u015f\u00fcr.<\/p>\n<p style=\"text-align: justify;\"><strong>PJAK\u2019\u0131n kurulu\u015f kadrolar\u0131 ve \u015eapur Bodi\u015fava<\/strong><\/p>\n<p style=\"text-align: justify;\">PKK\u2019nin ama\u00e7lar\u0131ndan ba\u011f\u0131ms\u0131z olarak PJAK i\u00e7inde idealist ve vatansever K\u00fcrt gen\u00e7leri vard\u0131. Ayr\u0131ca Avrupa\u2019dan gelen sivil insanlar vard\u0131. PJAK kurulu\u015funda K\u00fcrdistaniydi. Kendi kamp\u0131na ve kongresine \u015fimdi kullanm\u0131yoruz dedikleri K\u00fcrdistan bayra\u011f\u0131n\u0131 asm\u0131\u015ft\u0131lar. Di\u011fer Rojhilat partileri ile g\u00f6r\u00fc\u015fmeler yap\u0131yordular. Ayr\u0131ca ABD\u2019den destek almak i\u00e7in ekipler kuruyordular. \u00d6zellikle de PJAK i\u00e7inde \u00f6nc\u00fcl\u00fck yapan Sipan Rojhilat isimli biri vard\u0131. Ger\u00e7ek ad\u0131 \u015eapur Bodi\u015fava olan bu gen\u00e7 Do\u011fu K\u00fcrdistanl\u0131 serhildan \u00f6nderi Simko \u015eikak\u2019\u0131n kuzeni oluyordu. ABD\u2019de e\u011fitim g\u00f6rm\u00fc\u015f 7 dil bilen biriydi. Do\u011fu K\u00fcrdistan i\u00e7in gelecek vaad eden bir diplomat ve eylem adam\u0131yd\u0131. \u0130ran \u00f6zellikle Sipan Rojhilat olarak tan\u0131nan bu ki\u015fiden \u00e7ekiniyordu.<\/p>\n<p style=\"text-align: justify;\"><strong>Cemil Bay\u0131k\u2019\u0131n Itlaatla g\u00f6r\u00fc\u015fmesi<\/strong><\/p>\n<p style=\"text-align: justify;\">2003 -2004 k\u0131\u015f\u0131 PKK i\u00e7inde siyasi b\u00f6l\u00fcnme ba\u015flad\u0131. Ba\u015f\u0131n\u0131 Nizamettin Ta\u015f ve Osman \u00d6calan\u2019\u0131n \u00e7ekti\u011fi kanat ve Cemil Bay\u0131k\u2019\u0131n ba\u015f\u0131n\u0131 \u00e7ekti\u011fi kanat aras\u0131nda gerginlik vard\u0131. \u0130ran tarihsel dostlu\u011fu nedeni ile bu guruplar i\u00e7inden Cemil Bay\u0131k\u2019a destek verdi.<\/p>\n<p style=\"text-align: justify;\">2004 y\u0131l\u0131 \u015eubat ay\u0131nda Kandil\u2019in S\u00fcrede Vadisi denen b\u00f6lgesinde Cemil Bay\u0131k ve \u0130ran istihbarat g\u00fc\u00e7leri itaat\u2019\u0131n \u00fcst d\u00fczey isimleri aras\u0131nda bir toplant\u0131 yap\u0131ld\u0131. Cemil Bay\u0131k\u2019\u0131n tek ba\u015f\u0131na kat\u0131ld\u0131\u011f\u0131 toplant\u0131 d\u00f6rt g\u00fcn s\u00fcrd\u00fc.<\/p>\n<p style=\"text-align: justify;\">O toplant\u0131n\u0131n a\u00e7\u0131klanmayan maddeleri bug\u00fcn bile PKK-\u0130ran ili\u015fkilerinin temelini olu\u015fturmaktad\u0131r.\u00a0 O toplant\u0131 maddelerden konumuzla ilgili olanlardan baz\u0131lar\u0131 \u015funlard\u0131:<\/p>\n<ul style=\"text-align: justify;\">\n<li><em>PKK, ABD emperyalizmine ve onun b\u00f6lgedeki etkilerine kar\u015f\u0131 duracakt\u0131r<\/em><\/li>\n<li><em>PJAK\u2019\u0131n varl\u0131\u011f\u0131 devam edecek fesh edilmeyecek, radikal ki\u015filer tasfiye edilecek. Do\u011fu K\u00fcrdistan halk\u0131nda var olan kendi devletini kurma istemi ve radikal milliyet\u00e7i d\u00fc\u015f\u00fcncelere kar\u015f\u0131 m\u00fccadele edecektir.<\/em><\/li>\n<li><em>G\u00fcney K\u00fcrdistan\u2019da ya\u015fanan siyasi geli\u015fmelerden etkilenerek aray\u0131\u015f i\u00e7inde ki gen\u00e7lerin radikal unsurlar yerine PJAK\u2019ta tutulmas\u0131 sa\u011flanacakt\u0131r.<\/em><\/li>\n<li><em>Do\u011fu K\u00fcrdistan i\u00e7in kurulan askeri yap\u0131 Hezen Azadiya Kurdistan HAK isimli yap\u0131 k\u00fc\u00e7\u00fclt\u00fclecek, i\u00e7erdeki faaliyetleri engellenecektir.<\/em><\/li>\n<\/ul>\n<p style=\"text-align: justify;\">Bu toplant\u0131dan sonra PJAK\u2019\u0131n ba\u015f a\u015fa\u011f\u0131 gidi\u015fi ba\u015flad\u0131.<\/p>\n<p style=\"text-align: justify;\"><strong>Radikal unsurlar\u0131n tasfiyesi ve evcille\u015ftirilmi\u015f PJAK<\/strong><\/p>\n<p style=\"text-align: justify;\">PJAK i\u00e7indeki Do\u011fu K\u00fcrdistanl\u0131 kadrolar PKK ger\u00e7e\u011finin ve tarihinin bilincinde de\u011fildi. Ger\u00e7ekten kendilerine destek verilece\u011fini ve ba\u011f\u0131ms\u0131z olmalar\u0131na izin verilece\u011fini san\u0131yordu. Fakat \u00f6yle olmad\u0131. Avrupa\u2019dan gelerek PJAK\u2019a kat\u0131lan sivillerin ajan oldu\u011fu, bilin\u00e7li g\u00f6nderildikleri s\u00f6ylenmeye ba\u015fland\u0131. Bu ki\u015filer Avrupa\u2019ya geri g\u00f6nderildi. Askeri g\u00fc\u00e7 HAK\u2019nin ad\u0131 de\u011fi\u015fte YRK yap\u0131ld\u0131 ve tekrar HPG\u2019ye ba\u011fland\u0131.<\/p>\n<p style=\"text-align: justify;\">PJAK i\u00e7indeki g\u00fc\u00e7l\u00fc kadrolara d\u00f6n\u00fck bask\u0131lar ba\u015flad\u0131. Diplomatik g\u00f6r\u00fc\u015fmeleri s\u0131n\u0131rland\u0131r\u0131ld\u0131, PJAK\u2019\u0131n mali \u00e7al\u0131\u015fmalar\u0131na el kondu.<\/p>\n<p style=\"text-align: justify;\">En \u00f6nemlisi de PJAK\u2019\u0131n i\u00e7inde veya d\u0131\u015f\u0131nda \u00f6nemli i\u015fler yapa bilecek olan Sipan Rojhilat isimli ki\u015fi 2004 y\u0131l\u0131nda Mahmur Kamp\u0131 yak\u0131nlar\u0131nda PKK\u2019liler taraf\u0131nda ka\u00e7\u0131r\u0131larak \u00f6ld\u00fcr\u00fcld\u00fc. Bu b\u00fcy\u00fck bir g\u00f6z da\u011f\u0131yd\u0131. PJAK\u2019\u0131n idealist milliyet\u00e7i kadrolar\u0131 ka\u00e7\u0131rt\u0131larak veya etkisizle\u015ftirilerek tasfiye edildi. Geriye \u015fimdiki PJAK ve kad\u0131n \u00f6rg\u00fct\u00fc KJAR, gen\u00e7lik \u00f6rg\u00fct\u00fc KCR ve hepsinin \u00e7at\u0131 \u00f6rg\u00fct\u00fc olarak KODAR kald\u0131.<\/p>\n<p style=\"text-align: justify;\">B\u00f6ylelikle \u0130ran ve Bay\u0131k aras\u0131nda kar\u015f\u0131l\u0131kl\u0131 s\u00f6zler verilerek yap\u0131lan anla\u015fma yerine getirildi.<\/p>\n<p style=\"text-align: justify;\"><strong>PJAK \u0130ran ile PKK taraf\u0131ndan beraber dizayn edilmi\u015ftir; K\u00fcrdistani de\u011fil \u0130rani bir \u00f6rg\u00fctt\u00fcr<\/strong><\/p>\n<p style=\"text-align: justify;\">\u00d6zet olarak anlatt\u0131\u011f\u0131m\u0131z bu tarihi s\u00fcre\u00e7, PJAK\u2019\u0131n ger\u00e7ek kimli\u011fini ortaya koymaktad\u0131r. PJAK \u0130ran devleti ile ortak dizayn edilmi\u015f bir \u00f6rg\u00fctt\u00fcr. 2004 y\u0131l\u0131ndan bu yana Do\u011fu K\u00fcrdistan halk\u0131 i\u00e7in tek bir ad\u0131m atmam\u0131\u015ft\u0131r. \u0130ran ve PKK aras\u0131ndaki pazarl\u0131klara g\u00f6re ileri geri g\u00f6t\u00fcr\u00fclm\u00fc\u015ft\u00fcr. Bu nedenle PJAK bir Do\u011fu K\u00fcrdistan \u00f6rg\u00fct\u00fc de\u011fildir. Do\u011fu K\u00fcrdistan halk\u0131n\u0131n \u00e7\u0131karlar\u0131na g\u00f6re de\u011fil PKK ve \u0130ran\u2019\u0131n anla\u015fmalar\u0131na g\u00f6re hareket etmektedir.<\/p>\n<p style=\"text-align: justify;\">\u00a0PJAK 2004 y\u0131l\u0131ndan sonra \u0130ran devletinin s\u0131n\u0131rlar\u0131n\u0131n korunmas\u0131 ve devlet b\u00fct\u00fcnl\u00fc\u011f\u00fcn\u00fcn sa\u011flanmas\u0131 i\u00e7in kullan\u0131lm\u0131\u015ft\u0131r. PJAK K\u00fcrdistani de\u011fil \u0130rani bir \u00f6rg\u00fctt\u00fcr. \u0130ran ad\u0131na K\u00fcrdistan devriminin i\u00e7ine s\u0131zd\u0131r\u0131lmak ve Qazi Muhammed ile Qas\u0131mlolar\u0131n miras\u0131 i\u00e7ten \u00e7\u00fcr\u00fct\u00fclmesinde kullan\u0131lmaktad\u0131r. \u0130\u00e7inde birka\u00e7 d\u00fcr\u00fcst \u00f6\u011fenin var olmas\u0131 PJAK\u2019\u0131n ger\u00e7e\u011fini de\u011fi\u015ftirmez.<\/p>\n<p style=\"text-align: justify;\">Unutmamak gerekir ki \u0130ran devleti bir\u00e7ok hareketi i\u00e7ten fethetmi\u015f ve yozla\u015ft\u0131rm\u0131\u015ft\u0131r. K\u00fcrdistan devrimcileri Rojhilat devrimini korumak i\u00e7in PJAK\u2019\u0131n bu ger\u00e7e\u011fini de\u015fifre etmek zorundad\u0131rlar.<\/p>\n<p style=\"text-align: justify;\">Bu video 3 Nisan 2025 tarihinde youtube kanal\u0131nda yay\u0131nlanm\u0131\u015ft\u0131r.<\/p>\n<p>[\/darkamazi_column_text][\/darkamazi_column][\/darkamazi_row]<\/p>\n<\/div>","protected":false},"excerpt":{"rendered":"<p>[darkamazi_row][darkamazi_column][darkamazi_video link=&#8221;https:\/\/www.youtube.com\/watch?v=Aeuawo5q3jo&#8221; css=&#8221;&#8221;][darkamazi_column_text] Do\u011fu K\u00fcrdistan ve \u0130ran\u2019daki halk\u0131n devrimsel \u00e7\u0131k\u0131\u015f\u0131 ba\u015flad\u0131\u011f\u0131 tarihten itibaren PKK\u2019nin Do\u011fu K\u00fcrdistan \u00f6rg\u00fctlerinin ismini ve kadrolar\u0131n\u0131n y\u00fczleri daha g\u00f6r\u00fcn\u00fcr oldu. 2011 y\u0131l\u0131 Kandil sava\u015f\u0131ndan bu yana hi\u00e7 g\u00f6r\u00fcnmeyen PKK\u2019nin Do\u011fu K\u00fcrdistan i\u00e7in kurdu\u011fu \u00f6rg\u00fctler birdenbire medyada g\u00f6r\u00fcn\u00fcr olmaya ba\u015flad\u0131lar. PJAK, KODAR, YRK ve KJAR ve KCR isimli bu yap\u0131lar\u0131n a\u00e7\u0131klamalar\u0131n\u0131, y\u00f6neticilerini [&hellip;]<\/p>\n","protected":false},"author":2,"featured_media":1036711,"comment_status":"closed","ping_status":"closed","sticky":false,"template":"epic_custom_post_template-1006382","format":"standard","meta":{"footnotes":""},"categories":[59],"tags":[31],"class_list":["post-1036678","post","type-post","status-publish","format-standard","has-post-thumbnail","hentry","category-video","tag-onemli"],"blocksy_meta":[],"seo_head":"<!-- This site is optimized with the Yoast SEO plugin v27.4 - https:\/\/yoast.com\/product\/yoast-seo-wordpress\/ -->\n<title>PKK\u2019nin Do\u011fu K\u00fcrdistan \u00f6rg\u00fct\u00fc PJAK kimdir? Ne zaman kuruldu? - Darka Mazi<\/title>\n<meta name=\"robots\" content=\"index, follow, max-snippet:-1, max-image-preview:large, max-video-preview:-1\" \/>\n<link rel=\"canonical\" href=\"https:\/\/darkamazi.site\/archives\/1036678\" \/>\n<meta property=\"og:locale\" content=\"en_US\" \/>\n<meta property=\"og:type\" content=\"article\" \/>\n<meta property=\"og:title\" content=\"PKK\u2019nin Do\u011fu K\u00fcrdistan \u00f6rg\u00fct\u00fc PJAK kimdir? Ne zaman kuruldu? - Darka Mazi\" \/>\n<meta property=\"og:description\" content=\"[darkamazi_row][darkamazi_column][darkamazi_video link=&#8221;https:\/\/www.youtube.com\/watch?v=Aeuawo5q3jo&#8221; css=&#8221;&#8221;][darkamazi_column_text] Do\u011fu K\u00fcrdistan ve \u0130ran\u2019daki halk\u0131n devrimsel \u00e7\u0131k\u0131\u015f\u0131 ba\u015flad\u0131\u011f\u0131 tarihten itibaren PKK\u2019nin Do\u011fu K\u00fcrdistan \u00f6rg\u00fctlerinin ismini ve kadrolar\u0131n\u0131n y\u00fczleri daha g\u00f6r\u00fcn\u00fcr oldu. 2011 y\u0131l\u0131 Kandil sava\u015f\u0131ndan bu yana hi\u00e7 g\u00f6r\u00fcnmeyen PKK\u2019nin Do\u011fu K\u00fcrdistan i\u00e7in kurdu\u011fu \u00f6rg\u00fctler birdenbire medyada g\u00f6r\u00fcn\u00fcr olmaya ba\u015flad\u0131lar. PJAK, KODAR, YRK ve KJAR ve KCR isimli bu yap\u0131lar\u0131n a\u00e7\u0131klamalar\u0131n\u0131, y\u00f6neticilerini [&hellip;]\" \/>\n<meta property=\"og:url\" content=\"https:\/\/darkamazi.site\/archives\/1036678\" \/>\n<meta property=\"og:site_name\" content=\"Darka Mazi\" \/>\n<meta property=\"article:publisher\" content=\"https:\/\/www.facebook.com\/DarkaMaziturkce\" \/>\n<meta property=\"article:published_time\" content=\"2026-03-11T16:36:26+00:00\" \/>\n<meta property=\"article:modified_time\" content=\"2026-04-07T15:25:06+00:00\" \/>\n<meta property=\"og:image\" content=\"https:\/\/darkamazi.site\/file\/2026\/03\/pkk-pjak-iran.jpg\" \/>\n\t<meta property=\"og:image:width\" content=\"900\" \/>\n\t<meta property=\"og:image:height\" content=\"497\" \/>\n\t<meta property=\"og:image:type\" content=\"image\/jpeg\" \/>\n<meta name=\"author\" content=\"darka mazi\" \/>\n<meta name=\"twitter:card\" content=\"summary_large_image\" \/>\n<meta name=\"twitter:creator\" content=\"@DarkaMaziTurkce\" \/>\n<meta name=\"twitter:site\" content=\"@DarkaMaziTurkce\" \/>\n<meta name=\"twitter:label1\" content=\"Written by\" \/>\n\t<meta name=\"twitter:data1\" content=\"darka mazi\" \/>\n\t<meta name=\"twitter:label2\" content=\"Est. reading time\" \/>\n\t<meta name=\"twitter:data2\" content=\"6 minutes\" \/>\n<script type=\"application\/ld+json\" class=\"seo-schema-graph\">{\"@context\":\"https:\\\/\\\/schema.org\",\"@graph\":[{\"@type\":\"NewsArticle\",\"@id\":\"https:\\\/\\\/darkamazi.site\\\/archives\\\/1036678#article\",\"isPartOf\":{\"@id\":\"https:\\\/\\\/darkamazi.site\\\/archives\\\/1036678\"},\"author\":{\"name\":\"darka mazi\",\"@id\":\"https:\\\/\\\/darkamazi.site\\\/#\\\/schema\\\/person\\\/67986a95ac546c16760365877ef4a9d3\"},\"headline\":\"PKK\u2019nin Do\u011fu K\u00fcrdistan \u00f6rg\u00fct\u00fc PJAK kimdir? Ne zaman kuruldu?\",\"datePublished\":\"2026-03-11T16:36:26+00:00\",\"dateModified\":\"2026-04-07T15:25:06+00:00\",\"mainEntityOfPage\":{\"@id\":\"https:\\\/\\\/darkamazi.site\\\/archives\\\/1036678\"},\"wordCount\":1780,\"publisher\":{\"@id\":\"https:\\\/\\\/darkamazi.site\\\/#organization\"},\"image\":{\"@id\":\"https:\\\/\\\/darkamazi.site\\\/archives\\\/1036678#primaryimage\"},\"thumbnailUrl\":\"https:\\\/\\\/darkamazi.site\\\/darka-content\\\/uploads\\\/2026\\\/03\\\/pkk-pjak-iran.jpg\",\"keywords\":[\"\u00f6nemli\"],\"articleSection\":[\"Video\"],\"inLanguage\":\"en-US\"},{\"@type\":\"WebPage\",\"@id\":\"https:\\\/\\\/darkamazi.site\\\/archives\\\/1036678\",\"url\":\"https:\\\/\\\/darkamazi.site\\\/archives\\\/1036678\",\"name\":\"PKK\u2019nin Do\u011fu K\u00fcrdistan \u00f6rg\u00fct\u00fc PJAK kimdir? Ne zaman kuruldu? - Darka Mazi\",\"isPartOf\":{\"@id\":\"https:\\\/\\\/darkamazi.site\\\/#website\"},\"primaryImageOfPage\":{\"@id\":\"https:\\\/\\\/darkamazi.site\\\/archives\\\/1036678#primaryimage\"},\"image\":{\"@id\":\"https:\\\/\\\/darkamazi.site\\\/archives\\\/1036678#primaryimage\"},\"thumbnailUrl\":\"https:\\\/\\\/darkamazi.site\\\/darka-content\\\/uploads\\\/2026\\\/03\\\/pkk-pjak-iran.jpg\",\"datePublished\":\"2026-03-11T16:36:26+00:00\",\"dateModified\":\"2026-04-07T15:25:06+00:00\",\"breadcrumb\":{\"@id\":\"https:\\\/\\\/darkamazi.site\\\/archives\\\/1036678#breadcrumb\"},\"inLanguage\":\"en-US\",\"potentialAction\":[{\"@type\":\"ReadAction\",\"target\":[\"https:\\\/\\\/darkamazi.site\\\/archives\\\/1036678\"]}]},{\"@type\":\"ImageObject\",\"inLanguage\":\"en-US\",\"@id\":\"https:\\\/\\\/darkamazi.site\\\/archives\\\/1036678#primaryimage\",\"url\":\"https:\\\/\\\/darkamazi.site\\\/darka-content\\\/uploads\\\/2026\\\/03\\\/pkk-pjak-iran.jpg\",\"contentUrl\":\"https:\\\/\\\/darkamazi.site\\\/darka-content\\\/uploads\\\/2026\\\/03\\\/pkk-pjak-iran.jpg\",\"width\":900,\"height\":497,\"caption\":\"PKK\u2019nin Do\u011fu K\u00fcrdistan \u00f6rg\u00fct\u00fc PJAK kimdir? Ne zaman kuruldu?\"},{\"@type\":\"BreadcrumbList\",\"@id\":\"https:\\\/\\\/darkamazi.site\\\/archives\\\/1036678#breadcrumb\",\"itemListElement\":[{\"@type\":\"ListItem\",\"position\":1,\"name\":\"Home\",\"item\":\"https:\\\/\\\/darkamazi.site\\\/\"},{\"@type\":\"ListItem\",\"position\":2,\"name\":\"PKK\u2019nin Do\u011fu K\u00fcrdistan \u00f6rg\u00fct\u00fc PJAK kimdir? Ne zaman kuruldu?\"}]},{\"@type\":\"WebSite\",\"@id\":\"https:\\\/\\\/darkamazi.site\\\/#website\",\"url\":\"https:\\\/\\\/darkamazi.site\\\/\",\"name\":\"Darka Mazi\",\"description\":\"Ana Sayfa\",\"publisher\":{\"@id\":\"https:\\\/\\\/darkamazi.site\\\/#organization\"},\"potentialAction\":[{\"@type\":\"SearchAction\",\"target\":{\"@type\":\"EntryPoint\",\"urlTemplate\":\"https:\\\/\\\/darkamazi.site\\\/?s={search_term_string}\"},\"query-input\":{\"@type\":\"PropertyValueSpecification\",\"valueRequired\":true,\"valueName\":\"search_term_string\"}}],\"inLanguage\":\"en-US\"},{\"@type\":\"Organization\",\"@id\":\"https:\\\/\\\/darkamazi.site\\\/#organization\",\"name\":\"Darka Mazi T\u00fcrk\u00e7e\",\"alternateName\":\"Darka Mazi\",\"url\":\"https:\\\/\\\/darkamazi.site\\\/\",\"logo\":{\"@type\":\"ImageObject\",\"inLanguage\":\"en-US\",\"@id\":\"https:\\\/\\\/darkamazi.site\\\/#\\\/schema\\\/logo\\\/image\\\/\",\"url\":\"https:\\\/\\\/darkamazi.site\\\/darka-content\\\/uploads\\\/2017\\\/12\\\/darka-mazi-logo.png\",\"contentUrl\":\"https:\\\/\\\/darkamazi.site\\\/darka-content\\\/uploads\\\/2017\\\/12\\\/darka-mazi-logo.png\",\"width\":151,\"height\":75,\"caption\":\"Darka Mazi T\u00fcrk\u00e7e\"},\"image\":{\"@id\":\"https:\\\/\\\/darkamazi.site\\\/#\\\/schema\\\/logo\\\/image\\\/\"},\"sameAs\":[\"https:\\\/\\\/www.facebook.com\\\/DarkaMaziturkce\",\"https:\\\/\\\/x.com\\\/DarkaMaziTurkce\"]},{\"@type\":\"Person\",\"@id\":\"https:\\\/\\\/darkamazi.site\\\/#\\\/schema\\\/person\\\/67986a95ac546c16760365877ef4a9d3\",\"name\":\"darka mazi\",\"sameAs\":[\"https:\\\/\\\/darkamazi.site\"],\"url\":\"https:\\\/\\\/darkamazi.site\\\/archives\\\/author\\\/turkish\"}]}<\/script>\n<!-- \/ Yoast SEO plugin. -->","seo_head_json":{"title":"PKK\u2019nin Do\u011fu K\u00fcrdistan \u00f6rg\u00fct\u00fc PJAK kimdir? Ne zaman kuruldu? - Darka Mazi","robots":{"index":"index","follow":"follow","max-snippet":"max-snippet:-1","max-image-preview":"max-image-preview:large","max-video-preview":"max-video-preview:-1"},"canonical":"https:\/\/darkamazi.site\/archives\/1036678","og_locale":"en_US","og_type":"article","og_title":"PKK\u2019nin Do\u011fu K\u00fcrdistan \u00f6rg\u00fct\u00fc PJAK kimdir? Ne zaman kuruldu? - Darka Mazi","og_description":"[darkamazi_row][darkamazi_column][darkamazi_video link=&#8221;https:\/\/www.youtube.com\/watch?v=Aeuawo5q3jo&#8221; css=&#8221;&#8221;][darkamazi_column_text] Do\u011fu K\u00fcrdistan ve \u0130ran\u2019daki halk\u0131n devrimsel \u00e7\u0131k\u0131\u015f\u0131 ba\u015flad\u0131\u011f\u0131 tarihten itibaren PKK\u2019nin Do\u011fu K\u00fcrdistan \u00f6rg\u00fctlerinin ismini ve kadrolar\u0131n\u0131n y\u00fczleri daha g\u00f6r\u00fcn\u00fcr oldu. 2011 y\u0131l\u0131 Kandil sava\u015f\u0131ndan bu yana hi\u00e7 g\u00f6r\u00fcnmeyen PKK\u2019nin Do\u011fu K\u00fcrdistan i\u00e7in kurdu\u011fu \u00f6rg\u00fctler birdenbire medyada g\u00f6r\u00fcn\u00fcr olmaya ba\u015flad\u0131lar. PJAK, KODAR, YRK ve KJAR ve KCR isimli bu yap\u0131lar\u0131n a\u00e7\u0131klamalar\u0131n\u0131, y\u00f6neticilerini [&hellip;]","og_url":"https:\/\/darkamazi.site\/archives\/1036678","og_site_name":"Darka Mazi","article_publisher":"https:\/\/www.facebook.com\/DarkaMaziturkce","article_published_time":"2026-03-11T16:36:26+00:00","article_modified_time":"2026-04-07T15:25:06+00:00","og_image":[{"width":900,"height":497,"url":"https:\/\/darkamazi.site\/file\/2026\/03\/pkk-pjak-iran.jpg","type":"image\/jpeg"}],"author":"darka mazi","twitter_card":"summary_large_image","twitter_creator":"@DarkaMaziTurkce","twitter_site":"@DarkaMaziTurkce","twitter_misc":{"Written by":"darka mazi","Est. reading time":"6 minutes"},"schema":{"@context":"https:\/\/schema.org","@graph":[{"@type":"NewsArticle","@id":"https:\/\/darkamazi.site\/archives\/1036678#article","isPartOf":{"@id":"https:\/\/darkamazi.site\/archives\/1036678"},"author":{"name":"darka mazi","@id":"https:\/\/darkamazi.site\/#\/schema\/person\/67986a95ac546c16760365877ef4a9d3"},"headline":"PKK\u2019nin Do\u011fu K\u00fcrdistan \u00f6rg\u00fct\u00fc PJAK kimdir? Ne zaman kuruldu?","datePublished":"2026-03-11T16:36:26+00:00","dateModified":"2026-04-07T15:25:06+00:00","mainEntityOfPage":{"@id":"https:\/\/darkamazi.site\/archives\/1036678"},"wordCount":1780,"publisher":{"@id":"https:\/\/darkamazi.site\/#organization"},"image":{"@id":"https:\/\/darkamazi.site\/archives\/1036678#primaryimage"},"thumbnailUrl":"https:\/\/darkamazi.site\/file\/2026\/03\/pkk-pjak-iran.jpg","keywords":["\u00f6nemli"],"articleSection":["Video"],"inLanguage":"en-US"},{"@type":"WebPage","@id":"https:\/\/darkamazi.site\/archives\/1036678","url":"https:\/\/darkamazi.site\/archives\/1036678","name":"PKK\u2019nin Do\u011fu K\u00fcrdistan \u00f6rg\u00fct\u00fc PJAK kimdir? Ne zaman kuruldu? - Darka Mazi","isPartOf":{"@id":"https:\/\/darkamazi.site\/#website"},"primaryImageOfPage":{"@id":"https:\/\/darkamazi.site\/archives\/1036678#primaryimage"},"image":{"@id":"https:\/\/darkamazi.site\/archives\/1036678#primaryimage"},"thumbnailUrl":"https:\/\/darkamazi.site\/file\/2026\/03\/pkk-pjak-iran.jpg","datePublished":"2026-03-11T16:36:26+00:00","dateModified":"2026-04-07T15:25:06+00:00","breadcrumb":{"@id":"https:\/\/darkamazi.site\/archives\/1036678#breadcrumb"},"inLanguage":"en-US","potentialAction":[{"@type":"ReadAction","target":["https:\/\/darkamazi.site\/archives\/1036678"]}]},{"@type":"ImageObject","inLanguage":"en-US","@id":"https:\/\/darkamazi.site\/archives\/1036678#primaryimage","url":"https:\/\/darkamazi.site\/file\/2026\/03\/pkk-pjak-iran.jpg","contentUrl":"https:\/\/darkamazi.site\/file\/2026\/03\/pkk-pjak-iran.jpg","width":900,"height":497,"caption":"PKK\u2019nin Do\u011fu K\u00fcrdistan \u00f6rg\u00fct\u00fc PJAK kimdir? Ne zaman kuruldu?"},{"@type":"BreadcrumbList","@id":"https:\/\/darkamazi.site\/archives\/1036678#breadcrumb","itemListElement":[{"@type":"ListItem","position":1,"name":"Home","item":"https:\/\/darkamazi.site\/"},{"@type":"ListItem","position":2,"name":"PKK\u2019nin Do\u011fu K\u00fcrdistan \u00f6rg\u00fct\u00fc PJAK kimdir? Ne zaman kuruldu?"}]},{"@type":"WebSite","@id":"https:\/\/darkamazi.site\/#website","url":"https:\/\/darkamazi.site\/","name":"Darka Mazi","description":"Ana Sayfa","publisher":{"@id":"https:\/\/darkamazi.site\/#organization"},"potentialAction":[{"@type":"SearchAction","target":{"@type":"EntryPoint","urlTemplate":"https:\/\/darkamazi.site\/?s={search_term_string}"},"query-input":{"@type":"PropertyValueSpecification","valueRequired":true,"valueName":"search_term_string"}}],"inLanguage":"en-US"},{"@type":"Organization","@id":"https:\/\/darkamazi.site\/#organization","name":"Darka Mazi T\u00fcrk\u00e7e","alternateName":"Darka Mazi","url":"https:\/\/darkamazi.site\/","logo":{"@type":"ImageObject","inLanguage":"en-US","@id":"https:\/\/darkamazi.site\/#\/schema\/logo\/image\/","url":"https:\/\/darkamazi.site\/file\/2017\/12\/darka-mazi-logo.png","contentUrl":"https:\/\/darkamazi.site\/file\/2017\/12\/darka-mazi-logo.png","width":151,"height":75,"caption":"Darka Mazi T\u00fcrk\u00e7e"},"image":{"@id":"https:\/\/darkamazi.site\/#\/schema\/logo\/image\/"},"sameAs":["https:\/\/www.facebook.com\/DarkaMaziturkce","https:\/\/x.com\/DarkaMaziTurkce"]},{"@type":"Person","@id":"https:\/\/darkamazi.site\/#\/schema\/person\/67986a95ac546c16760365877ef4a9d3","name":"darka mazi","sameAs":["https:\/\/darkamazi.site"],"url":"https:\/\/darkamazi.site\/archives\/author\/turkish"}]}},"_links":{"self":[{"href":"https:\/\/darkamazi.site\/funavuv\/wp\/v2\/posts\/1036678","targetHints":{"allow":["GET"]}}],"collection":[{"href":"https:\/\/darkamazi.site\/funavuv\/wp\/v2\/posts"}],"about":[{"href":"https:\/\/darkamazi.site\/funavuv\/wp\/v2\/types\/post"}],"author":[{"embeddable":true,"href":"https:\/\/darkamazi.site\/funavuv\/wp\/v2\/users\/2"}],"replies":[{"embeddable":true,"href":"https:\/\/darkamazi.site\/funavuv\/wp\/v2\/comments?post=1036678"}],"version-history":[{"count":0,"href":"https:\/\/darkamazi.site\/funavuv\/wp\/v2\/posts\/1036678\/revisions"}],"wp:featuredmedia":[{"embeddable":true,"href":"https:\/\/darkamazi.site\/funavuv\/wp\/v2\/media\/1036711"}],"wp:attachment":[{"href":"https:\/\/darkamazi.site\/funavuv\/wp\/v2\/media?parent=1036678"}],"wp:term":[{"taxonomy":"category","embeddable":true,"href":"https:\/\/darkamazi.site\/funavuv\/wp\/v2\/categories?post=1036678"},{"taxonomy":"post_tag","embeddable":true,"href":"https:\/\/darkamazi.site\/funavuv\/wp\/v2\/tags?post=1036678"}],"curies":[{"name":"wp","href":"https:\/\/api.w.org\/{rel}","templated":true}]}}