{"id":1036683,"date":"2026-03-12T10:44:08","date_gmt":"2026-03-12T07:44:08","guid":{"rendered":"https:\/\/darkamazi.site\/?p=1036683"},"modified":"2026-03-12T10:44:08","modified_gmt":"2026-03-12T07:44:08","slug":"duran-kalkan-turkiyenin-guvenligini-baskan-apo-sagliyor","status":"publish","type":"post","link":"https:\/\/darkamazi.site\/archives\/1036683","title":{"rendered":"Duran Kalkan: T\u00fcrkiye\u2019nin g\u00fcvenli\u011fini Ba\u015fkan Apo sa\u011fl\u0131yor"},"content":{"rendered":"<p style=\"text-align: justify\">PKK\u2019nin Avrupa\u2019da yay\u0131n yapan Medya Haber\u2019e kat\u0131lan Duran Kalkan\u2019dan dikkat \u00e7ekici a\u00e7\u0131klamalar geldi. Kalkan g\u00fcndemdeki konular hakk\u0131nda de\u011ferlendirmeler yapt\u0131.<\/p>\n<p style=\"text-align: justify\">\u00a0PKK kurucular\u0131nda Kalkan konu\u015fmas\u0131nda Abdullah \u00d6calan Sosyal Bilimler Akademisi \u00dcyesi unvan\u0131n\u0131 kulland\u0131. \u00d6calan\u2019\u0131n ba\u015flatt\u0131\u011f\u0131 s\u00fcre\u00e7 ve PKK\u2019nin feshi sonras\u0131 PKK Y\u00f6neticilerinin TV konu\u015fmalar\u0131nda i\u00e7erik ve bi\u00e7im olarak b\u00fcy\u00fck de\u011fi\u015fiklik oldu. Art\u0131k siyasi yorum yapmak yerine daha \u00e7ok \u00d6calan\u2019\u0131n rol\u00fcn\u00fc \u00f6ven ve onun yapt\u0131\u011f\u0131 de\u011ferlendirmelere at\u0131fta bulunan konu\u015fmalar yap\u0131yorlar.<\/p>\n<p style=\"text-align: justify\">Kalkan\u2019da konu\u015fmas\u0131nda bu tutumu devam ettirdi. Konu\u015fmas\u0131 boyunca T\u00fcrkiye\u2019ye \u00e7a\u011fr\u0131lar yapt\u0131, Bah\u00e7eli\u2019yi ince bi\u00e7imde \u00f6vd\u00fc ve \u00d6calan\u2019\u0131 ele\u015ftirenleri de ince bi\u00e7imde tehdit etti. Ayr\u0131ca T\u00fcrk devletinden de \u00d6calan\u2019\u0131 ele\u015ftirenlere kar\u015f\u0131 tutum olmas\u0131n\u0131 istedi.<\/p>\n<p style=\"text-align: justify\">Kalkan, \u0130srail ve ABD\u2019nin \u0130ran sald\u0131r\u0131s\u0131n\u0131 da de\u011ferlendirdi ve \u201cSava\u015fa kar\u015f\u0131\u201d olduklar\u0131n\u0131 s\u00f6ylese de ince bi\u00e7imde \u0130ran\u2019\u0131 savundu ve \u0130ran\u2019\u0131n toprak b\u00fct\u00fcnl\u00fc\u011f\u00fcne at\u0131fta bulundu.<\/p>\n<p style=\"text-align: justify\">Konu\u015fmas\u0131nda hi\u00e7bir \u00e7evreyi \u00d6calan\u2019\u0131 ele\u015ftiren \u00e7evreleri tehdit etti ve \u00d6calan\u2019\u0131n ba\u015flatt\u0131\u011f\u0131 s\u00fcrecin T\u00fcrkiye\u2019yi ayakta tuttu\u011funu s\u00f6yledi.<\/p>\n<p style=\"text-align: justify\">Kalkan\u2019\u0131n a\u00e7\u0131klamas\u0131nda \u00f6ne \u00e7\u0131kan ba\u015fl\u0131klarda \u015funlar yer ald\u0131.<\/p>\n<p style=\"text-align: justify\"><strong>Kalkan: \u00f6nder Apo\u2019nun geli\u015ftirdi\u011fi s\u00fcre\u00e7 T\u00fcrkiye\u2019nin g\u00fcvenli\u011fini sa\u011fl\u0131yor<\/strong><\/p>\n<p style=\"text-align: justify\">Kalkan konu\u015fmas\u0131nda \u0130ran\u2019daki ve Ortado\u011fu\u2019daki \u00e7at\u0131\u015fmal\u0131 s\u00fcrece de de\u011findi ve \u00d6calan\u2019\u0131n T\u00fcrkiye\u2019yi gerginliklerden korudu\u011funu bir ve ayakta tuttu\u011funu s\u00f6yledi. Kalkan konu\u015fmas\u0131nda T\u00fcrkiye\u2019yi f\u00fczelerin ve NATO\u2019nun de\u011fil \u00d6calan\u2019\u0131n korudu\u011funu s\u00f6yleyerek :<\/p>\n<p style=\"text-align: justify\">\u201c T\u00fcrkiye\u2019nin g\u00fcvenli\u011fini bar\u0131\u015f ve demokratik toplum s\u00fcreci sa\u011fl\u0131yor. \u00d6nder Apo sa\u011fl\u0131yor. Bu \u00e7ok daha net ortaya \u00e7\u0131kt\u0131. Tehlikelerin b\u00fcy\u00fckl\u00fc\u011f\u00fc, ciddiyeti, yak\u0131nl\u0131\u011f\u0131 ortada. T\u00fcrkiye\u2019de herkes bunu kabul ediyor. Orta Do\u011fu\u2019nun durumu da ortada. Mesela T\u00fcrkiye, evet baz\u0131 tehditler var ama yine de Orta Do\u011fu\u2019da ya\u015fanan ortama g\u00f6re en sakin, kendine g\u00fcvenli durumunu ya\u015f\u0131yor. Neyin sayesinde? \u00d6nder Apo\u2019nun geli\u015ftirdi\u011fi bar\u0131\u015f ve demokratik toplum s\u00fcreci sayesinde. \u201c dedi.<\/p>\n<p style=\"text-align: justify\"><strong>Duran Kalkan Devleti \u00d6calan\u2019\u0131 korumaya \u00e7a\u011f\u0131rd\u0131 <\/strong><\/p>\n<p style=\"text-align: justify\">Kalkan Konu\u015fmas\u0131nda \u00d6calan\u2019\u0131n T\u00fcrkiye\u2019yi ayakta tutmas\u0131na ra\u011fmen hala T\u00fcrkiye i\u00e7inde \u00d6calan\u2019\u0131 ele\u015ftirenler oldu\u011funu s\u00f6yledi ve \u201cGer\u00e7ek buyken hala baz\u0131lar\u0131 mesela \u00d6nder Apo\u2019ya dil uzat\u0131yorlar, s\u00fcrece dil uzat\u0131yorlar, hakaretler yap\u0131yorlar. Ger\u00e7ekten olumsuz, s\u0131k\u0131c\u0131. Bunlar i\u00e7in denebilir, bilmeyen, anlamayan ki\u015filer, \u00e7evreler.\u201d \u0130fadelerini kulland\u0131.<\/p>\n<p style=\"text-align: justify\">Kalkan AKP ve MHP\u2019ye seslenerek \u00d6calan\u2019\u0131 ele\u015ftirenlere kar\u015f\u0131 m\u00fccadele edilmesini istedi. Bu konuda ise \u015funlar\u0131 s\u00f6yledi: \u201cbunlara kar\u015f\u0131 m\u00fccadele az. \u00d6rne\u011fin baz\u0131 \u00e7evreler, iktidar \u00e7evrelerinde \u00f6zellikle kendilerine dokunan bir \u015fey oldu mu k\u0131yamet kopar\u0131yorlar. En derin bi\u00e7imde ortaya koyuyorlar, analiz ediyorlar, \u00e7\u00f6z\u00fcm ortaya koyuyorlar. Ama bu kadar T\u00fcrkiye\u2019nin gelece\u011fi, g\u00fcvenli\u011fi a\u00e7\u0131s\u0131ndan \u00f6nemli ad\u0131mlar atm\u0131\u015f, s\u00fcre\u00e7ler geli\u015ftirmi\u015f bir ki\u015fili\u011fe hakaret kar\u015f\u0131s\u0131nda sessizler. Bu sessizlik, bu \u0131rk\u00e7\u0131, \u015foven, fa\u015fist \u00e7evrelere umut veriyor, g\u00fcven veriyor.\u201d<\/p>\n<p style=\"text-align: justify\"><strong>\u00a0Kalkan: \u00d6calan\u2019\u0131n T\u00fcrkiye\u2019yi korumas\u0131 i\u00e7in b\u0131rak\u0131lmas\u0131 laz\u0131m <\/strong><\/p>\n<p style=\"text-align: justify\">Kalkan\u2019\u0131n konu\u015fmas\u0131nda \u00f6zellikle K\u00fcrt soruna ili\u015fkin ilgin\u00e7 ifadeler vard\u0131. Devletin K\u00fcrtlere y\u0131llard\u0131r yapt\u0131\u011f\u0131 uygulamalar\u0131 s\u00f6m\u00fcrgecilik ve hak gasp\u0131 olarak de\u011fil \u00a0sadece \u201cyanl\u0131\u015f\u201d kelimesi ile ifade etti.<\/p>\n<p style=\"text-align: justify\">Kalkan konu\u015fmas\u0131n\u0131n \u00f6nemli b\u00f6l\u00fcm\u00fcn\u00fc \u00d6calan\u2019\u0131n serbest b\u0131rak\u0131lmas\u0131n\u0131 istedi ve \u201c\u00d6nder Apo\u2019nun \u00f6zg\u00fcr ya\u015far ve \u00e7al\u0131\u015f\u0131r ko\u015fullara kavu\u015fmas\u0131 y\u00f6n\u00fcnde ger\u00e7ekten de kararl\u0131 ad\u0131mlar olabilmeliydi. T\u00fcrkiye\u2019nin gelece\u011fi, g\u00fcvenli\u011fi, her \u015feyi \u00d6nder Apo\u2019nun geli\u015ftirdi\u011fi bar\u0131\u015f ve demokratik toplum s\u00fcrecindeyken\u201d s\u00f6zleri ile \u00d6calan\u2019\u0131n ko\u015fullar\u0131 olu\u015fursa T\u00fcrkiye\u2019yi korumaya daha fazla hizmet edebilece\u011fini s\u00f6yledi.<\/p>\n<p style=\"text-align: justify\"><strong>Kalkan: Eve d\u00f6n\u00fc\u015f ko\u015fullar\u0131 olu\u015fsun <\/strong><\/p>\n<p style=\"text-align: justify\">Kalkan gerillan\u0131n nas\u0131l da\u011fdan inece\u011fi konusunda da yorumlarda bulundu. Kalkan somut olarak ne istediklerini s\u00f6ylemedi genel olarak \u00d6zg\u00fcrl\u00fck Yasalar\u0131\u201d dedi ve \u015fu ifadeleri kulland\u0131: \u00d6zg\u00fcrl\u00fck yasalar\u0131 \u00e7\u0131kart\u0131ls\u0131n. Hukuki zemin olu\u015fsun, haz\u0131r\u0131z. Ama hi\u00e7bir hukuki zemin olu\u015fmadan gelin intihar edin demeye de haz\u0131r de\u011filiz.\u201d<\/p>\n<p style=\"text-align: justify\">PKK\u2019liler i\u00e7in \u201cTopluma Kazand\u0131rma\u201d tart\u0131\u015fmalar\u0131na da tepki g\u00f6stererek halktan uzak olmad\u0131klar\u0131n\u0131, topluma kazand\u0131r\u0131lmak gibi bir sorunlar\u0131 olmad\u0131\u011f\u0131 ve \u201ceve gitmek i\u00e7in yan\u0131p tutu\u015fmad\u0131klar\u0131n\u0131\u201d s\u00f6yledi.<\/p>\n<p style=\"text-align: justify\"><strong>Kalkan: T\u00fcrkiye \u0130ran\u2019da K\u00fcrtlerin s\u00f6zc\u00fcs\u00fc olmal\u0131 <\/strong><\/p>\n<p style=\"text-align: justify\">Kalkan\u2019\u0131n konu\u015fmas\u0131n\u0131n bir di\u011fer b\u00f6l\u00fcm\u00fc de \u0130ran\u2019daki operasyonlara d\u00f6n\u00fckt\u00fc \u201c\u0130ran\u2019daki sava\u015fa kar\u015f\u0131y\u0131z\u201d diyen Kalkan operasyonun \u0130ran ve T\u00fcrkiye\u2019nin hegemonyas\u0131n\u0131 y\u0131kmaya d\u00f6n\u00fck oldu\u011funu s\u00f6yledi. Ve \u201c\u0130srail ve ABD kazansa ne olacak\u201d dedi.<\/p>\n<p style=\"text-align: justify\">Kalkan ayr\u0131ca Azeri ve K\u00fcrtlerin \u0130ran\u2019da aralar\u0131nda sorun bulunmad\u0131\u011f\u0131n\u0131 iddia etti ve \u201c\u0130ran\u2019\u0131n demokratik g\u00fc\u00e7leri, K\u00fcrdistan\u2019\u0131n \u00f6zg\u00fcrl\u00fck\u00e7\u00fc yurtsever g\u00fc\u00e7leri daha \u00e7ok ili\u015fki ve ittifak i\u00e7inde olabilmeli. Bizce do\u011fru olan o. \u00c7\u00fcnk\u00fc \u0130ran\u2019\u0131n demokratikle\u015fmesiyle \u00e7\u00f6z\u00fcmlenmeli. Bunun i\u00e7in \u0130ran\u2019\u0131n, K\u00fcrdistan\u2019\u0131n \u00f6zg\u00fcrl\u00fck\u00e7\u00fc demokratik g\u00fc\u00e7leri, siyasi g\u00fc\u00e7leri \u00e7al\u0131\u015f\u0131yorlar, ittifak halindeler. Onlara tavsiyemiz bu olabilir. B\u00f6yle ulus devlet\u00e7i milliyet\u00e7i yakla\u015f\u0131mlardan uzak durmak laz\u0131m. \u015eu bu taraf zorlamalar\u0131ndan uzak durulmal\u0131. Halktan yana olunmal\u0131. Birlikten yana, demokrasiden yana olunmal\u0131. Dedi.<\/p>\n<p style=\"text-align: justify\">Kalkan ayr\u0131ca T\u00fcrkiye\u2019nin \u0130ran\u2019daki K\u00fcrtleri savunmas\u0131 ve s\u00f6zc\u00fcs\u00fc olmas\u0131 gerekti\u011fini s\u00f6yledi. Ay\u0131rca K\u00fcrtlerin ba\u015fka aray\u0131\u015flar\u0131 olmayaca\u011f\u0131n\u0131 s\u00f6yleyerek \u201cK\u00fcrtler \u0130ran\u2019da k\u00f6t\u00fcl\u00fck yapmayacak\u201d dedi.<\/p>\n","protected":false},"excerpt":{"rendered":"<p>PKK\u2019nin Avrupa\u2019da yay\u0131n yapan Medya Haber\u2019e kat\u0131lan Duran Kalkan\u2019dan dikkat \u00e7ekici a\u00e7\u0131klamalar geldi. Kalkan g\u00fcndemdeki konular hakk\u0131nda de\u011ferlendirmeler yapt\u0131. \u00a0PKK kurucular\u0131nda Kalkan konu\u015fmas\u0131nda Abdullah \u00d6calan Sosyal Bilimler Akademisi \u00dcyesi unvan\u0131n\u0131 kulland\u0131. \u00d6calan\u2019\u0131n ba\u015flatt\u0131\u011f\u0131 s\u00fcre\u00e7 ve PKK\u2019nin feshi sonras\u0131 PKK Y\u00f6neticilerinin TV konu\u015fmalar\u0131nda i\u00e7erik ve bi\u00e7im olarak b\u00fcy\u00fck de\u011fi\u015fiklik oldu. Art\u0131k siyasi yorum yapmak yerine daha [&hellip;]<\/p>\n","protected":false},"author":2,"featured_media":1036684,"comment_status":"closed","ping_status":"closed","sticky":false,"template":"","format":"standard","meta":{"footnotes":""},"categories":[3],"tags":[],"class_list":["post-1036683","post","type-post","status-publish","format-standard","has-post-thumbnail","hentry","category-kurdistan"],"blocksy_meta":[],"seo_head":"<!-- This site is optimized with the Yoast SEO plugin v27.5 - https:\/\/yoast.com\/product\/yoast-seo-wordpress\/ -->\n<title>Duran Kalkan: T\u00fcrkiye\u2019nin g\u00fcvenli\u011fini Ba\u015fkan Apo sa\u011fl\u0131yor - Darka Mazi<\/title>\n<meta name=\"robots\" content=\"index, follow, max-snippet:-1, max-image-preview:large, max-video-preview:-1\" \/>\n<link rel=\"canonical\" href=\"https:\/\/darkamazi.site\/archives\/1036683\" \/>\n<meta property=\"og:locale\" content=\"en_US\" \/>\n<meta property=\"og:type\" content=\"article\" \/>\n<meta property=\"og:title\" content=\"Duran Kalkan: T\u00fcrkiye\u2019nin g\u00fcvenli\u011fini Ba\u015fkan Apo sa\u011fl\u0131yor - Darka Mazi\" \/>\n<meta property=\"og:description\" content=\"PKK\u2019nin Avrupa\u2019da yay\u0131n yapan Medya Haber\u2019e kat\u0131lan Duran Kalkan\u2019dan dikkat \u00e7ekici a\u00e7\u0131klamalar geldi. Kalkan g\u00fcndemdeki konular hakk\u0131nda de\u011ferlendirmeler yapt\u0131. \u00a0PKK kurucular\u0131nda Kalkan konu\u015fmas\u0131nda Abdullah \u00d6calan Sosyal Bilimler Akademisi \u00dcyesi unvan\u0131n\u0131 kulland\u0131. \u00d6calan\u2019\u0131n ba\u015flatt\u0131\u011f\u0131 s\u00fcre\u00e7 ve PKK\u2019nin feshi sonras\u0131 PKK Y\u00f6neticilerinin TV konu\u015fmalar\u0131nda i\u00e7erik ve bi\u00e7im olarak b\u00fcy\u00fck de\u011fi\u015fiklik oldu. Art\u0131k siyasi yorum yapmak yerine daha [&hellip;]\" \/>\n<meta property=\"og:url\" content=\"https:\/\/darkamazi.site\/archives\/1036683\" \/>\n<meta property=\"og:site_name\" content=\"Darka Mazi\" \/>\n<meta property=\"article:publisher\" content=\"https:\/\/www.facebook.com\/DarkaMaziturkce\" \/>\n<meta property=\"article:published_time\" content=\"2026-03-12T07:44:08+00:00\" \/>\n<meta property=\"og:image\" content=\"https:\/\/darkamazi.site\/file\/2026\/03\/Kalkan.jpg\" \/>\n\t<meta property=\"og:image:width\" content=\"900\" \/>\n\t<meta property=\"og:image:height\" content=\"507\" \/>\n\t<meta property=\"og:image:type\" content=\"image\/jpeg\" \/>\n<meta name=\"author\" content=\"darka mazi\" \/>\n<meta name=\"twitter:card\" content=\"summary_large_image\" \/>\n<meta name=\"twitter:creator\" content=\"@DarkaMaziTurkce\" \/>\n<meta name=\"twitter:site\" content=\"@DarkaMaziTurkce\" \/>\n<meta name=\"twitter:label1\" content=\"Written by\" \/>\n\t<meta name=\"twitter:data1\" content=\"darka mazi\" \/>\n\t<meta name=\"twitter:label2\" content=\"Est. reading time\" \/>\n\t<meta name=\"twitter:data2\" content=\"4 minutes\" \/>\n<script type=\"application\/ld+json\" class=\"seo-schema-graph\">{\"@context\":\"https:\\\/\\\/schema.org\",\"@graph\":[{\"@type\":\"NewsArticle\",\"@id\":\"https:\\\/\\\/darkamazi.site\\\/archives\\\/1036683#article\",\"isPartOf\":{\"@id\":\"https:\\\/\\\/darkamazi.site\\\/archives\\\/1036683\"},\"author\":{\"name\":\"darka mazi\",\"@id\":\"https:\\\/\\\/darkamazi.site\\\/#\\\/schema\\\/person\\\/67986a95ac546c16760365877ef4a9d3\"},\"headline\":\"Duran Kalkan: T\u00fcrkiye\u2019nin g\u00fcvenli\u011fini Ba\u015fkan Apo sa\u011fl\u0131yor\",\"datePublished\":\"2026-03-12T07:44:08+00:00\",\"mainEntityOfPage\":{\"@id\":\"https:\\\/\\\/darkamazi.site\\\/archives\\\/1036683\"},\"wordCount\":1033,\"publisher\":{\"@id\":\"https:\\\/\\\/darkamazi.site\\\/#organization\"},\"image\":{\"@id\":\"https:\\\/\\\/darkamazi.site\\\/archives\\\/1036683#primaryimage\"},\"thumbnailUrl\":\"https:\\\/\\\/darkamazi.site\\\/darka-content\\\/uploads\\\/2026\\\/03\\\/Kalkan.jpg\",\"articleSection\":[\"Kurdistan\"],\"inLanguage\":\"en-US\"},{\"@type\":\"WebPage\",\"@id\":\"https:\\\/\\\/darkamazi.site\\\/archives\\\/1036683\",\"url\":\"https:\\\/\\\/darkamazi.site\\\/archives\\\/1036683\",\"name\":\"Duran Kalkan: T\u00fcrkiye\u2019nin g\u00fcvenli\u011fini Ba\u015fkan Apo sa\u011fl\u0131yor - Darka Mazi\",\"isPartOf\":{\"@id\":\"https:\\\/\\\/darkamazi.site\\\/#website\"},\"primaryImageOfPage\":{\"@id\":\"https:\\\/\\\/darkamazi.site\\\/archives\\\/1036683#primaryimage\"},\"image\":{\"@id\":\"https:\\\/\\\/darkamazi.site\\\/archives\\\/1036683#primaryimage\"},\"thumbnailUrl\":\"https:\\\/\\\/darkamazi.site\\\/darka-content\\\/uploads\\\/2026\\\/03\\\/Kalkan.jpg\",\"datePublished\":\"2026-03-12T07:44:08+00:00\",\"breadcrumb\":{\"@id\":\"https:\\\/\\\/darkamazi.site\\\/archives\\\/1036683#breadcrumb\"},\"inLanguage\":\"en-US\",\"potentialAction\":[{\"@type\":\"ReadAction\",\"target\":[\"https:\\\/\\\/darkamazi.site\\\/archives\\\/1036683\"]}]},{\"@type\":\"ImageObject\",\"inLanguage\":\"en-US\",\"@id\":\"https:\\\/\\\/darkamazi.site\\\/archives\\\/1036683#primaryimage\",\"url\":\"https:\\\/\\\/darkamazi.site\\\/darka-content\\\/uploads\\\/2026\\\/03\\\/Kalkan.jpg\",\"contentUrl\":\"https:\\\/\\\/darkamazi.site\\\/darka-content\\\/uploads\\\/2026\\\/03\\\/Kalkan.jpg\",\"width\":900,\"height\":507,\"caption\":\"Duran Kalkan: T\u00fcrkiye\u2019nin g\u00fcvenli\u011fini Ba\u015fkan Apo sa\u011fl\u0131yor\"},{\"@type\":\"BreadcrumbList\",\"@id\":\"https:\\\/\\\/darkamazi.site\\\/archives\\\/1036683#breadcrumb\",\"itemListElement\":[{\"@type\":\"ListItem\",\"position\":1,\"name\":\"Home\",\"item\":\"https:\\\/\\\/darkamazi.site\\\/\"},{\"@type\":\"ListItem\",\"position\":2,\"name\":\"Duran Kalkan: T\u00fcrkiye\u2019nin g\u00fcvenli\u011fini Ba\u015fkan Apo sa\u011fl\u0131yor\"}]},{\"@type\":\"WebSite\",\"@id\":\"https:\\\/\\\/darkamazi.site\\\/#website\",\"url\":\"https:\\\/\\\/darkamazi.site\\\/\",\"name\":\"Darka Mazi\",\"description\":\"Ana Sayfa\",\"publisher\":{\"@id\":\"https:\\\/\\\/darkamazi.site\\\/#organization\"},\"potentialAction\":[{\"@type\":\"SearchAction\",\"target\":{\"@type\":\"EntryPoint\",\"urlTemplate\":\"https:\\\/\\\/darkamazi.site\\\/?s={search_term_string}\"},\"query-input\":{\"@type\":\"PropertyValueSpecification\",\"valueRequired\":true,\"valueName\":\"search_term_string\"}}],\"inLanguage\":\"en-US\"},{\"@type\":\"Organization\",\"@id\":\"https:\\\/\\\/darkamazi.site\\\/#organization\",\"name\":\"Darka Mazi T\u00fcrk\u00e7e\",\"alternateName\":\"Darka Mazi\",\"url\":\"https:\\\/\\\/darkamazi.site\\\/\",\"logo\":{\"@type\":\"ImageObject\",\"inLanguage\":\"en-US\",\"@id\":\"https:\\\/\\\/darkamazi.site\\\/#\\\/schema\\\/logo\\\/image\\\/\",\"url\":\"https:\\\/\\\/darkamazi.site\\\/darka-content\\\/uploads\\\/2017\\\/12\\\/darka-mazi-logo.png\",\"contentUrl\":\"https:\\\/\\\/darkamazi.site\\\/darka-content\\\/uploads\\\/2017\\\/12\\\/darka-mazi-logo.png\",\"width\":151,\"height\":75,\"caption\":\"Darka Mazi T\u00fcrk\u00e7e\"},\"image\":{\"@id\":\"https:\\\/\\\/darkamazi.site\\\/#\\\/schema\\\/logo\\\/image\\\/\"},\"sameAs\":[\"https:\\\/\\\/www.facebook.com\\\/DarkaMaziturkce\",\"https:\\\/\\\/x.com\\\/DarkaMaziTurkce\"]},{\"@type\":\"Person\",\"@id\":\"https:\\\/\\\/darkamazi.site\\\/#\\\/schema\\\/person\\\/67986a95ac546c16760365877ef4a9d3\",\"name\":\"darka mazi\",\"sameAs\":[\"https:\\\/\\\/darkamazi.site\"],\"url\":\"https:\\\/\\\/darkamazi.site\\\/archives\\\/author\\\/turkish\"}]}<\/script>\n<!-- \/ Yoast SEO plugin. -->","seo_head_json":{"title":"Duran Kalkan: T\u00fcrkiye\u2019nin g\u00fcvenli\u011fini Ba\u015fkan Apo sa\u011fl\u0131yor - Darka Mazi","robots":{"index":"index","follow":"follow","max-snippet":"max-snippet:-1","max-image-preview":"max-image-preview:large","max-video-preview":"max-video-preview:-1"},"canonical":"https:\/\/darkamazi.site\/archives\/1036683","og_locale":"en_US","og_type":"article","og_title":"Duran Kalkan: T\u00fcrkiye\u2019nin g\u00fcvenli\u011fini Ba\u015fkan Apo sa\u011fl\u0131yor - Darka Mazi","og_description":"PKK\u2019nin Avrupa\u2019da yay\u0131n yapan Medya Haber\u2019e kat\u0131lan Duran Kalkan\u2019dan dikkat \u00e7ekici a\u00e7\u0131klamalar geldi. Kalkan g\u00fcndemdeki konular hakk\u0131nda de\u011ferlendirmeler yapt\u0131. \u00a0PKK kurucular\u0131nda Kalkan konu\u015fmas\u0131nda Abdullah \u00d6calan Sosyal Bilimler Akademisi \u00dcyesi unvan\u0131n\u0131 kulland\u0131. \u00d6calan\u2019\u0131n ba\u015flatt\u0131\u011f\u0131 s\u00fcre\u00e7 ve PKK\u2019nin feshi sonras\u0131 PKK Y\u00f6neticilerinin TV konu\u015fmalar\u0131nda i\u00e7erik ve bi\u00e7im olarak b\u00fcy\u00fck de\u011fi\u015fiklik oldu. Art\u0131k siyasi yorum yapmak yerine daha [&hellip;]","og_url":"https:\/\/darkamazi.site\/archives\/1036683","og_site_name":"Darka Mazi","article_publisher":"https:\/\/www.facebook.com\/DarkaMaziturkce","article_published_time":"2026-03-12T07:44:08+00:00","og_image":[{"width":900,"height":507,"url":"https:\/\/darkamazi.site\/file\/2026\/03\/Kalkan.jpg","type":"image\/jpeg"}],"author":"darka mazi","twitter_card":"summary_large_image","twitter_creator":"@DarkaMaziTurkce","twitter_site":"@DarkaMaziTurkce","twitter_misc":{"Written by":"darka mazi","Est. reading time":"4 minutes"},"schema":{"@context":"https:\/\/schema.org","@graph":[{"@type":"NewsArticle","@id":"https:\/\/darkamazi.site\/archives\/1036683#article","isPartOf":{"@id":"https:\/\/darkamazi.site\/archives\/1036683"},"author":{"name":"darka mazi","@id":"https:\/\/darkamazi.site\/#\/schema\/person\/67986a95ac546c16760365877ef4a9d3"},"headline":"Duran Kalkan: T\u00fcrkiye\u2019nin g\u00fcvenli\u011fini Ba\u015fkan Apo sa\u011fl\u0131yor","datePublished":"2026-03-12T07:44:08+00:00","mainEntityOfPage":{"@id":"https:\/\/darkamazi.site\/archives\/1036683"},"wordCount":1033,"publisher":{"@id":"https:\/\/darkamazi.site\/#organization"},"image":{"@id":"https:\/\/darkamazi.site\/archives\/1036683#primaryimage"},"thumbnailUrl":"https:\/\/darkamazi.site\/file\/2026\/03\/Kalkan.jpg","articleSection":["Kurdistan"],"inLanguage":"en-US"},{"@type":"WebPage","@id":"https:\/\/darkamazi.site\/archives\/1036683","url":"https:\/\/darkamazi.site\/archives\/1036683","name":"Duran Kalkan: T\u00fcrkiye\u2019nin g\u00fcvenli\u011fini Ba\u015fkan Apo sa\u011fl\u0131yor - Darka Mazi","isPartOf":{"@id":"https:\/\/darkamazi.site\/#website"},"primaryImageOfPage":{"@id":"https:\/\/darkamazi.site\/archives\/1036683#primaryimage"},"image":{"@id":"https:\/\/darkamazi.site\/archives\/1036683#primaryimage"},"thumbnailUrl":"https:\/\/darkamazi.site\/file\/2026\/03\/Kalkan.jpg","datePublished":"2026-03-12T07:44:08+00:00","breadcrumb":{"@id":"https:\/\/darkamazi.site\/archives\/1036683#breadcrumb"},"inLanguage":"en-US","potentialAction":[{"@type":"ReadAction","target":["https:\/\/darkamazi.site\/archives\/1036683"]}]},{"@type":"ImageObject","inLanguage":"en-US","@id":"https:\/\/darkamazi.site\/archives\/1036683#primaryimage","url":"https:\/\/darkamazi.site\/file\/2026\/03\/Kalkan.jpg","contentUrl":"https:\/\/darkamazi.site\/file\/2026\/03\/Kalkan.jpg","width":900,"height":507,"caption":"Duran Kalkan: T\u00fcrkiye\u2019nin g\u00fcvenli\u011fini Ba\u015fkan Apo sa\u011fl\u0131yor"},{"@type":"BreadcrumbList","@id":"https:\/\/darkamazi.site\/archives\/1036683#breadcrumb","itemListElement":[{"@type":"ListItem","position":1,"name":"Home","item":"https:\/\/darkamazi.site\/"},{"@type":"ListItem","position":2,"name":"Duran Kalkan: T\u00fcrkiye\u2019nin g\u00fcvenli\u011fini Ba\u015fkan Apo sa\u011fl\u0131yor"}]},{"@type":"WebSite","@id":"https:\/\/darkamazi.site\/#website","url":"https:\/\/darkamazi.site\/","name":"Darka Mazi","description":"Ana Sayfa","publisher":{"@id":"https:\/\/darkamazi.site\/#organization"},"potentialAction":[{"@type":"SearchAction","target":{"@type":"EntryPoint","urlTemplate":"https:\/\/darkamazi.site\/?s={search_term_string}"},"query-input":{"@type":"PropertyValueSpecification","valueRequired":true,"valueName":"search_term_string"}}],"inLanguage":"en-US"},{"@type":"Organization","@id":"https:\/\/darkamazi.site\/#organization","name":"Darka Mazi T\u00fcrk\u00e7e","alternateName":"Darka Mazi","url":"https:\/\/darkamazi.site\/","logo":{"@type":"ImageObject","inLanguage":"en-US","@id":"https:\/\/darkamazi.site\/#\/schema\/logo\/image\/","url":"https:\/\/darkamazi.site\/file\/2017\/12\/darka-mazi-logo.png","contentUrl":"https:\/\/darkamazi.site\/file\/2017\/12\/darka-mazi-logo.png","width":151,"height":75,"caption":"Darka Mazi T\u00fcrk\u00e7e"},"image":{"@id":"https:\/\/darkamazi.site\/#\/schema\/logo\/image\/"},"sameAs":["https:\/\/www.facebook.com\/DarkaMaziturkce","https:\/\/x.com\/DarkaMaziTurkce"]},{"@type":"Person","@id":"https:\/\/darkamazi.site\/#\/schema\/person\/67986a95ac546c16760365877ef4a9d3","name":"darka mazi","sameAs":["https:\/\/darkamazi.site"],"url":"https:\/\/darkamazi.site\/archives\/author\/turkish"}]}},"_links":{"self":[{"href":"https:\/\/darkamazi.site\/funavuv\/wp\/v2\/posts\/1036683","targetHints":{"allow":["GET"]}}],"collection":[{"href":"https:\/\/darkamazi.site\/funavuv\/wp\/v2\/posts"}],"about":[{"href":"https:\/\/darkamazi.site\/funavuv\/wp\/v2\/types\/post"}],"author":[{"embeddable":true,"href":"https:\/\/darkamazi.site\/funavuv\/wp\/v2\/users\/2"}],"replies":[{"embeddable":true,"href":"https:\/\/darkamazi.site\/funavuv\/wp\/v2\/comments?post=1036683"}],"version-history":[{"count":0,"href":"https:\/\/darkamazi.site\/funavuv\/wp\/v2\/posts\/1036683\/revisions"}],"wp:featuredmedia":[{"embeddable":true,"href":"https:\/\/darkamazi.site\/funavuv\/wp\/v2\/media\/1036684"}],"wp:attachment":[{"href":"https:\/\/darkamazi.site\/funavuv\/wp\/v2\/media?parent=1036683"}],"wp:term":[{"taxonomy":"category","embeddable":true,"href":"https:\/\/darkamazi.site\/funavuv\/wp\/v2\/categories?post=1036683"},{"taxonomy":"post_tag","embeddable":true,"href":"https:\/\/darkamazi.site\/funavuv\/wp\/v2\/tags?post=1036683"}],"curies":[{"name":"wp","href":"https:\/\/api.w.org\/{rel}","templated":true}]}}