{"id":1036686,"date":"2026-03-12T17:23:13","date_gmt":"2026-03-12T14:23:13","guid":{"rendered":"https:\/\/darkamazi.site\/?p=1036686"},"modified":"2026-03-12T17:23:13","modified_gmt":"2026-03-12T14:23:13","slug":"duran-kalkanin-yeni-meddahlik-performansi-ocalan-devlet-arasindaki-son-anlasmayi-suslemek","status":"publish","type":"post","link":"https:\/\/darkamazi.site\/archives\/1036686","title":{"rendered":"Duran Kalkan\u2019\u0131n yeni meddahl\u0131k performans\u0131: \u00a0\u00d6calan-Devlet aras\u0131ndaki son anla\u015fmay\u0131 s\u00fcslemek"},"content":{"rendered":"<p style=\"text-align: justify\">PKK\u2019nin kurucu \u00fcyesi Duran Kalkan\u2019\u0131n 11 Mart g\u00fcn\u00fc PKK\u2019nin Avrupa\u2019da yay\u0131n yapan Medya Haber kanal\u0131nda bir r\u00f6portaj\u0131 yay\u0131nland\u0131.<\/p>\n<p style=\"text-align: justify\">\u0130ran sava\u015f\u0131 vb kritik g\u00fcndemler nedeni ile herkes r\u00f6portajda acaba ne var diye de merak etti. Oysa ki, \u00d6calan\u2019\u0131n 2026 y\u0131l\u0131nda devreye girmesi ile beraber PKK y\u00f6neticisi Bay\u0131k ve Kalkan gibi isimlerin a\u00e7\u0131klamalar\u0131n\u0131n pek bir \u00f6nemi kalmad\u0131. \u00c7\u00fcnk\u00fc onlar ancak \u00d6calan\u2019\u0131n s\u00f6zlerini \u015ferh ediyorlar. Asl\u0131nda meddahl\u0131k yap\u0131yorlar.<\/p>\n<p style=\"text-align: justify\">Meddahl\u0131k asl\u0131nda bir T\u00fcrk tiyatro gelene\u011fidir. Tek ki\u015filik bir oyundur, genelde bir taklit yap\u0131l\u0131r veya bir hik\u00e2ye masal anlat\u0131l\u0131r. Kalkan\u2019da PKK\u2019nin 50 y\u0131ll\u0131k hikayesini, evirmi\u015f \u00e7evirmi\u015f ve<\/p>\n<p style=\"text-align: justify\">PKK-\u0130mral\u0131-Devlet hatt\u0131nda d\u00f6nen \u201c\u0130ran-PJAK\u201d tart\u0131\u015fmas\u0131n\u0131 kabul edilir s\u0131n\u0131rlara getirerek anlatmaya \u00e7al\u0131\u015fm\u0131\u015f.<\/p>\n<p style=\"text-align: justify\">Elimizde bilgiler var \u00d6calan T\u00fcrk devletinden izin istemi\u015f ve \u201cPJAK yolu ile Do\u011fu K\u00fcrdistan \u00fczerinden T\u00fcrkiye\u2019nin \u0130ran etkisini artt\u0131ra biliriz\u201d diye T\u00fcrk devletine teklifte bulunmu\u015f.<\/p>\n<p style=\"text-align: justify\">\u00d6calan a\u00e7\u0131k a\u00e7\u0131k PJAK\u2019\u0131n T\u00fcrkiye taraf\u0131ndan desteklenmesini, T\u00fcrkiye\u2019nin Rojhelattan m\u00fclteci al\u0131p kamplar kurmas\u0131n\u0131 ve etkili oldu\u011fu Azeriler ile PJAK\u2019\u0131n bar\u0131\u015ft\u0131r\u0131lmas\u0131n\u0131 istemi\u015f. \u00d6calan devlete \u201cSuriye\u2019de Arap m\u00fclteci siyasetini \u0130ran\u2019da da uygulay\u0131n. Ama Fransa\u2019n\u0131n SDG i\u00e7in yapt\u0131\u011f\u0131n\u0131 siz yap\u0131n.\u00a0 Bu bi\u00e7imde \u0130srail\u2019in s\u0131n\u0131rlar\u0131 de\u011fi\u015ftirme, K\u00fcrdistan kurma siyaseti bloke edebiliriz\u201d demi\u015f.<\/p>\n<p style=\"text-align: justify\">Ayr\u0131nt\u0131lar\u0131n\u0131 burada anlatmayaca\u011f\u0131z ama sonu\u00e7 olarak T\u00fcrk devleti \u015fimdilik bu \u00f6neri yerine ba\u015fka bir politika belirlemi\u015f. T\u00fcrkiye \u00a0ise \u00d6calan\u2019dan \u015fimdilik \u015funu istemi\u015f, \u201cK\u00fcrtlerin ba\u015fka g\u00fc\u00e7lerle ili\u015fkilenmesini engel olun , \u0130ran rejimini y\u0131kmaktan geri durulmas\u0131 telkin edin, d\u0131\u015f g\u00fc\u00e7lerden gelen teklifleri ku\u015fkulu hale getirin\u201d ( Baz\u0131lar\u0131 bize diyecek ki ya siz nereden biliyorsunuz b\u00f6yle s\u00f6ylemi\u015f. Biz arkada\u015flar 7 y\u0131ld\u0131r Darka Mazi\u2019de yaz\u0131yoruz. S\u00f6yledi\u011fimiz tek bir bilgi yanl\u0131\u015f \u00e7\u0131kmam\u0131\u015ft\u0131r. )<\/p>\n<p style=\"text-align: justify\">Duran Kalkan\u2019\u0131n konu\u015fmas\u0131 i\u015fte bu g\u00f6r\u00fc\u015fmelerin ideolojik- insani g\u00fczellemesini yapmak \u00fczerine kurulu bir meddah oyunudur.<\/p>\n<p style=\"text-align: justify\">D\u00fc\u015f\u00fcn\u00fcn ki Kalkan PKK\u2019nin kurucu \u00fcyesi ve \u00e7\u0131k\u0131p T\u00fcrk devletinin K\u00fcrtlere uygulamalar\u0131n s\u00f6m\u00fcrgeci uygulamalar, ink\u00e2rc\u0131 uygulamalar demiyor \u201ck\u00f6t\u00fc \u015feyler\u201d diyor. \u00a0\u00a0Kalkan \u201csava\u015f olmas\u0131n insanlar \u00f6l\u00fcyor\u201d diyor. Ne kadar h\u00fcmanist biri gibi g\u00f6r\u00fcn\u00fcyor ama o zaman neden \u00a02015\u2019te Cizre\u2019de, Sur\u2019da, Nusaybin\u2019de hendek kaz\u0131p insanlar\u0131n evlerini y\u0131kt\u0131n\u0131z. Bu insani, sosyalist, idealist s\u00f6zlerin hepsi yukarda s\u00f6z\u00fcn\u00fc etti\u011fimiz T\u00fcrk devletinin \u0130ran siyasetini K\u00fcrtlere kabul ettirmek i\u00e7indir.<br \/>\n\u00d6calan ve T\u00fcrk devleti aras\u0131ndaki a\u00e7\u0131klamadan bihaber olunsa bile Kalkan\u2019\u0131n a\u00e7\u0131klamalar\u0131nda hem a\u00e7\u0131k hem de \u00f6rt\u00fcl\u00fc \u00f6yle ifadeler var ki tek kelime ile \u201cihanet\u201d i\u015faretidirler.<\/p>\n<p style=\"text-align: justify\">\u00d6rnek, Kalkan konu\u015fmas\u0131nda kalk\u0131p \u201cT\u00fcrkiye rejimini Ba\u015fkan Apo ayakta tutuyor\u201d diyor. \u00a0Niye T\u00fcrkiye\u2019yi ayakta tutuyorsunuz? Ger\u00e7ek \u015fudur; Ortado\u011fu\u2019da K\u00fcrtlerin yok say\u0131ld\u0131\u011f\u0131 s\u00f6m\u00fcrgeci d\u00fczene\u011fin iki temel aya\u011f\u0131 vard\u0131r. \u0130ran ve T\u00fcrkiye, bunlardan biri y\u0131k\u0131l\u0131rsa K\u00fcrdistan \u00fczerindeki s\u00f6m\u00fcrgeci sistem yerle bir olur. \u00c7\u00fcnk\u00fc bunlar sistemi sadece devam ettirmiyorlar, \u00fcretiyorlar. \u00a0Yani s\u00f6m\u00fcrgeci sistemin bir aya\u011f\u0131na \u00d6calan siper olmu\u015f.<\/p>\n<p style=\"text-align: justify\">Ve asl\u0131nda kalkan konu\u015fmas\u0131nda K\u00fcrt s\u00f6m\u00fcrgeci sisteminin di\u011fer aya\u011f\u0131na \u0130ran\u2019a siper oluyor.<\/p>\n<p style=\"text-align: justify\">Duran Kalkan ABD ve \u0130srail\u2019in \u0130ran\u2019a kar\u015f\u0131 yapt\u0131\u011f\u0131 operasyona kar\u015f\u0131 \u00e7\u0131karak \u201cKazansalar ne olacak\u201d diyor. Hatta \u015f\u00f6yle s\u00f6yl\u00fcyor \u201cBu sava\u015f 10 g\u00fcn \u00f6nce ba\u015flamad\u0131, 11 g\u00fcn \u00f6nce ba\u015flamad\u0131. 36 y\u0131ld\u0131r s\u00fcren bir sava\u015f. Ger\u00e7ek\u00e7i olal\u0131m. Nerede, ne zaman ba\u015flad\u0131\u011f\u0131n\u0131 iyi biliyoruz. ABD \u015fimdi sald\u0131r\u0131lar yap\u0131yor, Orta Do\u011fu\u2019ya. \u015eimdi yapm\u0131yor. 1990\u2019\u0131n g\u00fcz\u00fcnde bir ayda 150 bin asker Orta Do\u011fu\u2019ya indirdi. Suudi\u2019den Kuveyt\u2019e kadar, K\u00f6rfez\u2019in her taraf\u0131na. B\u00fct\u00fcn u\u00e7aklar\u0131n\u0131, gemilerini getirdi. 36 y\u0131ll\u0131k bir sava\u015f. Bu sava\u015f\u0131 y\u00fcr\u00fcten g\u00fc\u00e7ler, k\u00fcresel kapitalist modernite sistemi diyoruz biz.\u201d<\/p>\n<p style=\"text-align: justify\">Kalkan\u2019\u0131n s\u00f6z\u00fcn\u00fc etti\u011fi ABD\u2019nin 36 y\u0131l \u00f6nce ba\u015flad\u0131\u011f\u0131 dedi\u011fi operasyon 1990 Irak\u2019ta Saddam rejimine kar\u015f\u0131 yap\u0131lan m\u00fcdahaledir. \u00a0Ve ger\u00e7ek \u015fudur ki o m\u00fcdahale K\u00fcrtlerin yok say\u0131ld\u0131\u011f\u0131 Lozan Anla\u015fmas\u0131nda bir delik a\u00e7t\u0131. Saddam rejiminin y\u0131k\u0131lmas\u0131 ile K\u00fcrtler g\u00f6r\u00fcn\u00fcr oldu, y\u00fczy\u0131ld\u0131 devam G\u00fcney\u2019deki Pe\u015fmerge m\u00fccadelesinin de etkisi ile K\u00fcrtler ilk kez uluslararas\u0131 d\u00fczlemde bir yer sahibi oldu.<\/p>\n<p style=\"text-align: justify\">\u00a0Yani Kalkan asl\u0131nda sadece \u0130ran y\u0131k\u0131lmas\u0131n demiyor ke\u015fke Saddam\u2019da y\u0131k\u0131lmasayd\u0131 diyor. Saddam\u2019\u0131n y\u0131k\u0131lmas\u0131n\u0131 k\u00f6t\u00fc bir \u015fey olarak g\u00f6steriyor. E\u011fer Saddam y\u0131k\u0131lmasayd\u0131 ba\u015fka Halep\u00e7eler yapacakt\u0131. Saddam y\u0131k\u0131lmasayd\u0131 \u015fimdi her K\u00fcrd\u00fcn s\u0131k\u0131\u015f\u0131nca ba\u015f\u0131n\u0131 koydu\u011fu K\u00fcrdistan B\u00f6lgesel y\u00f6netimi olmayacakt\u0131.<\/p>\n<p style=\"text-align: justify\">Kalkan diyor ki \u201cABD kazansa ne olacak?\u201d, daha g\u00fczel \u015feyler olur. K\u00f6kl\u00fc bir devlet y\u0131k\u0131l\u0131r ve yerine K\u00fcrtlerin pazarl\u0131k yapabilme \u015fans\u0131 olan bir sistem yerine ge\u00e7er.<\/p>\n<p style=\"text-align: justify\">Fakat Kalkan K\u00fcrtlere \u201cKapitalist Modernite sistemine\u201d kar\u015f\u0131 \u00e7\u0131kmak ad\u0131na s\u00f6m\u00fcrgecileri korumas\u0131n\u0131 istiyor. O s\u00f6m\u00fcrgeci devletlerde o sistem taraf\u0131ndan kuruldu. Tam tersine onlar\u0131 y\u0131kmak kapitalist sisteme darbe vurmakt\u0131r.<\/p>\n<p style=\"text-align: justify\">Kalkan, \u00a0Rojhelet K\u00fcrtlerine de \u201cRojhelat partilerine tavsiyemiz, ulus devlet\u00e7i ve milliyet\u00e7i yakla\u015f\u0131mlardan uzak durmalar\u0131d\u0131r\u201d diye \u00f6\u011f\u00fct veriyor. \u00a0\u00a0A\u00e7\u0131k\u00e7as\u0131 ha Bah\u00e7eli konu\u015fmu\u015f ha Kalkan pek fark\u0131 yoktur. Zaten dikkat ederseniz art\u0131k b\u00f6yle olmu\u015f Bah\u00e7eli \u00d6calan\u2019\u0131 tasdikliyor. Bah\u00e7eli \u00d6calan\u2019\u0131 tasdikliyor. Duran Kalkan hem \u00d6calan hem Bah\u00e7eli\u2019yi tasdikliyor. Yani hep beraber bir olmu\u015flar kol kola girmi\u015fler K\u00fcrtler bu ko\u015fullardan nas\u0131l bir \u015fey elde etmeden \u00e7\u0131kar hesab\u0131 yap\u0131yorlar. Ha bire K\u00fcrtlere \u00f6\u011f\u00fct veriyorlar.<\/p>\n<p style=\"text-align: justify\">Bah\u00e7eli \u201cK\u00fcrtler kimsenin askeri olmaz\u201d diyor. \u00d6calan \u201cDevlet\u00e7i \u00e7\u00f6z\u00fcm tehlikelidir\u201d diyor. Kalkan\u2019da \u201c Ulus devlet\u00e7i yakla\u015f\u0131mlardan uzak durun\u201d diyor. Hepsi ayn\u0131 kap\u0131ya \u00e7\u0131k\u0131yor. Hepsi s\u00f6m\u00fcrgeci sistemi korumak, Ortado\u011fu\u2019da s\u00f6m\u00fcrgeci haritalar\u0131n de\u011fi\u015fmesini engellemek i\u00e7in kol kola girmi\u015fler. Bu K\u00fcrtlere ihanet projesine de \u201cKarde\u015flik projesi ve \u00dc\u00e7\u00fcnc\u00fc Yol \u00e7\u00f6z\u00fcm\u00fc\u201d gibi isimler vermi\u015fler.<\/p>\n<p style=\"text-align: justify\">Kalkan\u2019\u0131n bu defaki meddah oyununun alt\u0131nda yatan ger\u00e7ek i\u015fte bu yukarda s\u00f6ylediklerimizdir. K\u00fcrtler PKK\u2019nin bu gizli sakl\u0131 oyununu ve s\u00f6m\u00fcrgesi sisteme payanda oldu\u011funu art\u0131k g\u00f6rmek zorundad\u0131r. Bu g\u00f6r\u00fclmeyip PKK\u2019yi ufak tefek umutlar ba\u011fland\u0131k\u00e7a maalesef ki bu s\u00f6m\u00fcrgeci a\u011f daha fazla aya\u011f\u0131m\u0131za ve beynimize dolanacakt\u0131r.<\/p>\n","protected":false},"excerpt":{"rendered":"<p>PKK\u2019nin kurucu \u00fcyesi Duran Kalkan\u2019\u0131n 11 Mart g\u00fcn\u00fc PKK\u2019nin Avrupa\u2019da yay\u0131n yapan Medya Haber kanal\u0131nda bir r\u00f6portaj\u0131 yay\u0131nland\u0131. \u0130ran sava\u015f\u0131 vb kritik g\u00fcndemler nedeni ile herkes r\u00f6portajda acaba ne var diye de merak etti. Oysa ki, \u00d6calan\u2019\u0131n 2026 y\u0131l\u0131nda devreye girmesi ile beraber PKK y\u00f6neticisi Bay\u0131k ve Kalkan gibi isimlerin a\u00e7\u0131klamalar\u0131n\u0131n pek bir \u00f6nemi kalmad\u0131. [&hellip;]<\/p>\n","protected":false},"author":2,"featured_media":1036687,"comment_status":"closed","ping_status":"closed","sticky":false,"template":"","format":"standard","meta":{"footnotes":""},"categories":[7],"tags":[31],"class_list":["post-1036686","post","type-post","status-publish","format-standard","has-post-thumbnail","hentry","category-editorden","tag-onemli"],"blocksy_meta":[],"seo_head":"<!-- This site is optimized with the Yoast SEO plugin v27.5 - https:\/\/yoast.com\/product\/yoast-seo-wordpress\/ -->\n<title>Duran Kalkan\u2019\u0131n yeni meddahl\u0131k performans\u0131: \u00a0\u00d6calan-Devlet aras\u0131ndaki son anla\u015fmay\u0131 s\u00fcslemek - Darka Mazi<\/title>\n<meta name=\"robots\" content=\"index, follow, max-snippet:-1, max-image-preview:large, max-video-preview:-1\" \/>\n<link rel=\"canonical\" href=\"https:\/\/darkamazi.site\/archives\/1036686\" \/>\n<meta property=\"og:locale\" content=\"en_US\" \/>\n<meta property=\"og:type\" content=\"article\" \/>\n<meta property=\"og:title\" content=\"Duran Kalkan\u2019\u0131n yeni meddahl\u0131k performans\u0131: \u00a0\u00d6calan-Devlet aras\u0131ndaki son anla\u015fmay\u0131 s\u00fcslemek - Darka Mazi\" \/>\n<meta property=\"og:description\" content=\"PKK\u2019nin kurucu \u00fcyesi Duran Kalkan\u2019\u0131n 11 Mart g\u00fcn\u00fc PKK\u2019nin Avrupa\u2019da yay\u0131n yapan Medya Haber kanal\u0131nda bir r\u00f6portaj\u0131 yay\u0131nland\u0131. \u0130ran sava\u015f\u0131 vb kritik g\u00fcndemler nedeni ile herkes r\u00f6portajda acaba ne var diye de merak etti. Oysa ki, \u00d6calan\u2019\u0131n 2026 y\u0131l\u0131nda devreye girmesi ile beraber PKK y\u00f6neticisi Bay\u0131k ve Kalkan gibi isimlerin a\u00e7\u0131klamalar\u0131n\u0131n pek bir \u00f6nemi kalmad\u0131. [&hellip;]\" \/>\n<meta property=\"og:url\" content=\"https:\/\/darkamazi.site\/archives\/1036686\" \/>\n<meta property=\"og:site_name\" content=\"Darka Mazi\" \/>\n<meta property=\"article:publisher\" content=\"https:\/\/www.facebook.com\/DarkaMaziturkce\" \/>\n<meta property=\"article:published_time\" content=\"2026-03-12T14:23:13+00:00\" \/>\n<meta property=\"og:image\" content=\"https:\/\/darkamazi.site\/file\/2026\/03\/apo-bahceli-kalkan.jpg\" \/>\n\t<meta property=\"og:image:width\" content=\"900\" \/>\n\t<meta property=\"og:image:height\" content=\"500\" \/>\n\t<meta property=\"og:image:type\" content=\"image\/jpeg\" \/>\n<meta name=\"author\" content=\"darka mazi\" \/>\n<meta name=\"twitter:card\" content=\"summary_large_image\" \/>\n<meta name=\"twitter:creator\" content=\"@DarkaMaziTurkce\" \/>\n<meta name=\"twitter:site\" content=\"@DarkaMaziTurkce\" \/>\n<meta name=\"twitter:label1\" content=\"Written by\" \/>\n\t<meta name=\"twitter:data1\" content=\"darka mazi\" \/>\n\t<meta name=\"twitter:label2\" content=\"Est. reading time\" \/>\n\t<meta name=\"twitter:data2\" content=\"4 minutes\" \/>\n<script type=\"application\/ld+json\" class=\"seo-schema-graph\">{\"@context\":\"https:\\\/\\\/schema.org\",\"@graph\":[{\"@type\":\"NewsArticle\",\"@id\":\"https:\\\/\\\/darkamazi.site\\\/archives\\\/1036686#article\",\"isPartOf\":{\"@id\":\"https:\\\/\\\/darkamazi.site\\\/archives\\\/1036686\"},\"author\":{\"name\":\"darka mazi\",\"@id\":\"https:\\\/\\\/darkamazi.site\\\/#\\\/schema\\\/person\\\/67986a95ac546c16760365877ef4a9d3\"},\"headline\":\"Duran Kalkan\u2019\u0131n yeni meddahl\u0131k performans\u0131: \u00a0\u00d6calan-Devlet aras\u0131ndaki son anla\u015fmay\u0131 s\u00fcslemek\",\"datePublished\":\"2026-03-12T14:23:13+00:00\",\"mainEntityOfPage\":{\"@id\":\"https:\\\/\\\/darkamazi.site\\\/archives\\\/1036686\"},\"wordCount\":1191,\"publisher\":{\"@id\":\"https:\\\/\\\/darkamazi.site\\\/#organization\"},\"image\":{\"@id\":\"https:\\\/\\\/darkamazi.site\\\/archives\\\/1036686#primaryimage\"},\"thumbnailUrl\":\"https:\\\/\\\/darkamazi.site\\\/darka-content\\\/uploads\\\/2026\\\/03\\\/apo-bahceli-kalkan.jpg\",\"keywords\":[\"\u00f6nemli\"],\"articleSection\":[\"Edit\u00f6rden\"],\"inLanguage\":\"en-US\"},{\"@type\":\"WebPage\",\"@id\":\"https:\\\/\\\/darkamazi.site\\\/archives\\\/1036686\",\"url\":\"https:\\\/\\\/darkamazi.site\\\/archives\\\/1036686\",\"name\":\"Duran Kalkan\u2019\u0131n yeni meddahl\u0131k performans\u0131: \u00a0\u00d6calan-Devlet aras\u0131ndaki son anla\u015fmay\u0131 s\u00fcslemek - Darka Mazi\",\"isPartOf\":{\"@id\":\"https:\\\/\\\/darkamazi.site\\\/#website\"},\"primaryImageOfPage\":{\"@id\":\"https:\\\/\\\/darkamazi.site\\\/archives\\\/1036686#primaryimage\"},\"image\":{\"@id\":\"https:\\\/\\\/darkamazi.site\\\/archives\\\/1036686#primaryimage\"},\"thumbnailUrl\":\"https:\\\/\\\/darkamazi.site\\\/darka-content\\\/uploads\\\/2026\\\/03\\\/apo-bahceli-kalkan.jpg\",\"datePublished\":\"2026-03-12T14:23:13+00:00\",\"breadcrumb\":{\"@id\":\"https:\\\/\\\/darkamazi.site\\\/archives\\\/1036686#breadcrumb\"},\"inLanguage\":\"en-US\",\"potentialAction\":[{\"@type\":\"ReadAction\",\"target\":[\"https:\\\/\\\/darkamazi.site\\\/archives\\\/1036686\"]}]},{\"@type\":\"ImageObject\",\"inLanguage\":\"en-US\",\"@id\":\"https:\\\/\\\/darkamazi.site\\\/archives\\\/1036686#primaryimage\",\"url\":\"https:\\\/\\\/darkamazi.site\\\/darka-content\\\/uploads\\\/2026\\\/03\\\/apo-bahceli-kalkan.jpg\",\"contentUrl\":\"https:\\\/\\\/darkamazi.site\\\/darka-content\\\/uploads\\\/2026\\\/03\\\/apo-bahceli-kalkan.jpg\",\"width\":900,\"height\":500,\"caption\":\"Duran Kalkan\u2019\u0131n yeni meddahl\u0131k performans\u0131: \u00a0\u00d6calan-Devlet aras\u0131ndaki son anla\u015fmay\u0131 s\u00fcslemek\"},{\"@type\":\"BreadcrumbList\",\"@id\":\"https:\\\/\\\/darkamazi.site\\\/archives\\\/1036686#breadcrumb\",\"itemListElement\":[{\"@type\":\"ListItem\",\"position\":1,\"name\":\"Home\",\"item\":\"https:\\\/\\\/darkamazi.site\\\/\"},{\"@type\":\"ListItem\",\"position\":2,\"name\":\"Duran Kalkan\u2019\u0131n yeni meddahl\u0131k performans\u0131: \u00a0\u00d6calan-Devlet aras\u0131ndaki son anla\u015fmay\u0131 s\u00fcslemek\"}]},{\"@type\":\"WebSite\",\"@id\":\"https:\\\/\\\/darkamazi.site\\\/#website\",\"url\":\"https:\\\/\\\/darkamazi.site\\\/\",\"name\":\"Darka Mazi\",\"description\":\"Ana Sayfa\",\"publisher\":{\"@id\":\"https:\\\/\\\/darkamazi.site\\\/#organization\"},\"potentialAction\":[{\"@type\":\"SearchAction\",\"target\":{\"@type\":\"EntryPoint\",\"urlTemplate\":\"https:\\\/\\\/darkamazi.site\\\/?s={search_term_string}\"},\"query-input\":{\"@type\":\"PropertyValueSpecification\",\"valueRequired\":true,\"valueName\":\"search_term_string\"}}],\"inLanguage\":\"en-US\"},{\"@type\":\"Organization\",\"@id\":\"https:\\\/\\\/darkamazi.site\\\/#organization\",\"name\":\"Darka Mazi T\u00fcrk\u00e7e\",\"alternateName\":\"Darka Mazi\",\"url\":\"https:\\\/\\\/darkamazi.site\\\/\",\"logo\":{\"@type\":\"ImageObject\",\"inLanguage\":\"en-US\",\"@id\":\"https:\\\/\\\/darkamazi.site\\\/#\\\/schema\\\/logo\\\/image\\\/\",\"url\":\"https:\\\/\\\/darkamazi.site\\\/darka-content\\\/uploads\\\/2017\\\/12\\\/darka-mazi-logo.png\",\"contentUrl\":\"https:\\\/\\\/darkamazi.site\\\/darka-content\\\/uploads\\\/2017\\\/12\\\/darka-mazi-logo.png\",\"width\":151,\"height\":75,\"caption\":\"Darka Mazi T\u00fcrk\u00e7e\"},\"image\":{\"@id\":\"https:\\\/\\\/darkamazi.site\\\/#\\\/schema\\\/logo\\\/image\\\/\"},\"sameAs\":[\"https:\\\/\\\/www.facebook.com\\\/DarkaMaziturkce\",\"https:\\\/\\\/x.com\\\/DarkaMaziTurkce\"]},{\"@type\":\"Person\",\"@id\":\"https:\\\/\\\/darkamazi.site\\\/#\\\/schema\\\/person\\\/67986a95ac546c16760365877ef4a9d3\",\"name\":\"darka mazi\",\"sameAs\":[\"https:\\\/\\\/darkamazi.site\"],\"url\":\"https:\\\/\\\/darkamazi.site\\\/archives\\\/author\\\/turkish\"}]}<\/script>\n<!-- \/ Yoast SEO plugin. -->","seo_head_json":{"title":"Duran Kalkan\u2019\u0131n yeni meddahl\u0131k performans\u0131: \u00a0\u00d6calan-Devlet aras\u0131ndaki son anla\u015fmay\u0131 s\u00fcslemek - Darka Mazi","robots":{"index":"index","follow":"follow","max-snippet":"max-snippet:-1","max-image-preview":"max-image-preview:large","max-video-preview":"max-video-preview:-1"},"canonical":"https:\/\/darkamazi.site\/archives\/1036686","og_locale":"en_US","og_type":"article","og_title":"Duran Kalkan\u2019\u0131n yeni meddahl\u0131k performans\u0131: \u00a0\u00d6calan-Devlet aras\u0131ndaki son anla\u015fmay\u0131 s\u00fcslemek - Darka Mazi","og_description":"PKK\u2019nin kurucu \u00fcyesi Duran Kalkan\u2019\u0131n 11 Mart g\u00fcn\u00fc PKK\u2019nin Avrupa\u2019da yay\u0131n yapan Medya Haber kanal\u0131nda bir r\u00f6portaj\u0131 yay\u0131nland\u0131. \u0130ran sava\u015f\u0131 vb kritik g\u00fcndemler nedeni ile herkes r\u00f6portajda acaba ne var diye de merak etti. Oysa ki, \u00d6calan\u2019\u0131n 2026 y\u0131l\u0131nda devreye girmesi ile beraber PKK y\u00f6neticisi Bay\u0131k ve Kalkan gibi isimlerin a\u00e7\u0131klamalar\u0131n\u0131n pek bir \u00f6nemi kalmad\u0131. [&hellip;]","og_url":"https:\/\/darkamazi.site\/archives\/1036686","og_site_name":"Darka Mazi","article_publisher":"https:\/\/www.facebook.com\/DarkaMaziturkce","article_published_time":"2026-03-12T14:23:13+00:00","og_image":[{"width":900,"height":500,"url":"https:\/\/darkamazi.site\/file\/2026\/03\/apo-bahceli-kalkan.jpg","type":"image\/jpeg"}],"author":"darka mazi","twitter_card":"summary_large_image","twitter_creator":"@DarkaMaziTurkce","twitter_site":"@DarkaMaziTurkce","twitter_misc":{"Written by":"darka mazi","Est. reading time":"4 minutes"},"schema":{"@context":"https:\/\/schema.org","@graph":[{"@type":"NewsArticle","@id":"https:\/\/darkamazi.site\/archives\/1036686#article","isPartOf":{"@id":"https:\/\/darkamazi.site\/archives\/1036686"},"author":{"name":"darka mazi","@id":"https:\/\/darkamazi.site\/#\/schema\/person\/67986a95ac546c16760365877ef4a9d3"},"headline":"Duran Kalkan\u2019\u0131n yeni meddahl\u0131k performans\u0131: \u00a0\u00d6calan-Devlet aras\u0131ndaki son anla\u015fmay\u0131 s\u00fcslemek","datePublished":"2026-03-12T14:23:13+00:00","mainEntityOfPage":{"@id":"https:\/\/darkamazi.site\/archives\/1036686"},"wordCount":1191,"publisher":{"@id":"https:\/\/darkamazi.site\/#organization"},"image":{"@id":"https:\/\/darkamazi.site\/archives\/1036686#primaryimage"},"thumbnailUrl":"https:\/\/darkamazi.site\/file\/2026\/03\/apo-bahceli-kalkan.jpg","keywords":["\u00f6nemli"],"articleSection":["Edit\u00f6rden"],"inLanguage":"en-US"},{"@type":"WebPage","@id":"https:\/\/darkamazi.site\/archives\/1036686","url":"https:\/\/darkamazi.site\/archives\/1036686","name":"Duran Kalkan\u2019\u0131n yeni meddahl\u0131k performans\u0131: \u00a0\u00d6calan-Devlet aras\u0131ndaki son anla\u015fmay\u0131 s\u00fcslemek - Darka Mazi","isPartOf":{"@id":"https:\/\/darkamazi.site\/#website"},"primaryImageOfPage":{"@id":"https:\/\/darkamazi.site\/archives\/1036686#primaryimage"},"image":{"@id":"https:\/\/darkamazi.site\/archives\/1036686#primaryimage"},"thumbnailUrl":"https:\/\/darkamazi.site\/file\/2026\/03\/apo-bahceli-kalkan.jpg","datePublished":"2026-03-12T14:23:13+00:00","breadcrumb":{"@id":"https:\/\/darkamazi.site\/archives\/1036686#breadcrumb"},"inLanguage":"en-US","potentialAction":[{"@type":"ReadAction","target":["https:\/\/darkamazi.site\/archives\/1036686"]}]},{"@type":"ImageObject","inLanguage":"en-US","@id":"https:\/\/darkamazi.site\/archives\/1036686#primaryimage","url":"https:\/\/darkamazi.site\/file\/2026\/03\/apo-bahceli-kalkan.jpg","contentUrl":"https:\/\/darkamazi.site\/file\/2026\/03\/apo-bahceli-kalkan.jpg","width":900,"height":500,"caption":"Duran Kalkan\u2019\u0131n yeni meddahl\u0131k performans\u0131: \u00a0\u00d6calan-Devlet aras\u0131ndaki son anla\u015fmay\u0131 s\u00fcslemek"},{"@type":"BreadcrumbList","@id":"https:\/\/darkamazi.site\/archives\/1036686#breadcrumb","itemListElement":[{"@type":"ListItem","position":1,"name":"Home","item":"https:\/\/darkamazi.site\/"},{"@type":"ListItem","position":2,"name":"Duran Kalkan\u2019\u0131n yeni meddahl\u0131k performans\u0131: \u00a0\u00d6calan-Devlet aras\u0131ndaki son anla\u015fmay\u0131 s\u00fcslemek"}]},{"@type":"WebSite","@id":"https:\/\/darkamazi.site\/#website","url":"https:\/\/darkamazi.site\/","name":"Darka Mazi","description":"Ana Sayfa","publisher":{"@id":"https:\/\/darkamazi.site\/#organization"},"potentialAction":[{"@type":"SearchAction","target":{"@type":"EntryPoint","urlTemplate":"https:\/\/darkamazi.site\/?s={search_term_string}"},"query-input":{"@type":"PropertyValueSpecification","valueRequired":true,"valueName":"search_term_string"}}],"inLanguage":"en-US"},{"@type":"Organization","@id":"https:\/\/darkamazi.site\/#organization","name":"Darka Mazi T\u00fcrk\u00e7e","alternateName":"Darka Mazi","url":"https:\/\/darkamazi.site\/","logo":{"@type":"ImageObject","inLanguage":"en-US","@id":"https:\/\/darkamazi.site\/#\/schema\/logo\/image\/","url":"https:\/\/darkamazi.site\/file\/2017\/12\/darka-mazi-logo.png","contentUrl":"https:\/\/darkamazi.site\/file\/2017\/12\/darka-mazi-logo.png","width":151,"height":75,"caption":"Darka Mazi T\u00fcrk\u00e7e"},"image":{"@id":"https:\/\/darkamazi.site\/#\/schema\/logo\/image\/"},"sameAs":["https:\/\/www.facebook.com\/DarkaMaziturkce","https:\/\/x.com\/DarkaMaziTurkce"]},{"@type":"Person","@id":"https:\/\/darkamazi.site\/#\/schema\/person\/67986a95ac546c16760365877ef4a9d3","name":"darka mazi","sameAs":["https:\/\/darkamazi.site"],"url":"https:\/\/darkamazi.site\/archives\/author\/turkish"}]}},"_links":{"self":[{"href":"https:\/\/darkamazi.site\/funavuv\/wp\/v2\/posts\/1036686","targetHints":{"allow":["GET"]}}],"collection":[{"href":"https:\/\/darkamazi.site\/funavuv\/wp\/v2\/posts"}],"about":[{"href":"https:\/\/darkamazi.site\/funavuv\/wp\/v2\/types\/post"}],"author":[{"embeddable":true,"href":"https:\/\/darkamazi.site\/funavuv\/wp\/v2\/users\/2"}],"replies":[{"embeddable":true,"href":"https:\/\/darkamazi.site\/funavuv\/wp\/v2\/comments?post=1036686"}],"version-history":[{"count":0,"href":"https:\/\/darkamazi.site\/funavuv\/wp\/v2\/posts\/1036686\/revisions"}],"wp:featuredmedia":[{"embeddable":true,"href":"https:\/\/darkamazi.site\/funavuv\/wp\/v2\/media\/1036687"}],"wp:attachment":[{"href":"https:\/\/darkamazi.site\/funavuv\/wp\/v2\/media?parent=1036686"}],"wp:term":[{"taxonomy":"category","embeddable":true,"href":"https:\/\/darkamazi.site\/funavuv\/wp\/v2\/categories?post=1036686"},{"taxonomy":"post_tag","embeddable":true,"href":"https:\/\/darkamazi.site\/funavuv\/wp\/v2\/tags?post=1036686"}],"curies":[{"name":"wp","href":"https:\/\/api.w.org\/{rel}","templated":true}]}}