{"id":1036693,"date":"2026-03-13T17:15:04","date_gmt":"2026-03-13T14:15:04","guid":{"rendered":"https:\/\/darkamazi.site\/?p=1036693"},"modified":"2026-03-13T18:14:12","modified_gmt":"2026-03-13T15:14:12","slug":"abd-israil-ve-iran-arasindaki-catismanin-mevcut-durumu","status":"publish","type":"post","link":"https:\/\/darkamazi.site\/archives\/1036693","title":{"rendered":"ABD-\u0130srail ve \u0130ran Aras\u0131ndaki \u00c7at\u0131\u015fman\u0131n Mevcut Durumu!"},"content":{"rendered":"<p style=\"text-align: justify\"><strong>11<\/strong> Mart <strong>2026<\/strong> itibar\u0131yla, <strong>ABD<\/strong> ve <strong>\u0130srail<\/strong>&#8216;in <strong>\u0130ran<\/strong>&#8216;a y\u00f6nelik askeri operasyonu (Operation Epic Fury) <strong>11.<\/strong> g\u00fcn\u00fcne girmi\u015f durumda. \u00c7at\u0131\u015fma, <strong>28<\/strong> \u015eubat <strong>2026&#8242;<\/strong>da <strong>\u0130srail<\/strong> ve <strong>ABD<\/strong>&#8216;nin <strong>\u0130ran&#8217;\u0131n<\/strong> n\u00fckleer tesisleri, balistik f\u00fcze programlar\u0131 ve \u00fcst d\u00fczey liderli\u011fine y\u00f6nelik s\u00fcrpriz hava sald\u0131r\u0131lar\u0131yla ba\u015flad\u0131. Bu sald\u0131r\u0131larda <strong>\u0130ran<\/strong>&#8216;\u0131n dini lideri Ayatullah Ali Hameney&#8217;le birlikte onlarca askeri, istihbarat ve siyasi kadrolar\u0131n \u00f6ld\u00fcr\u00fclmesiyle rejimde \u00f6nemli bir bo\u015fluk olu\u015ftu, ancak <strong>\u0130ran <\/strong>h\u0131zl\u0131 bir \u015fekilde ge\u00e7ici bir <strong>liderlik konseyi<\/strong> kurdu ve o\u011flu Mojtaba Hameney&#8217;i yeni lider olarak atad\u0131.<\/p>\n<p style=\"text-align: justify\">\u00c7at\u0131\u015fma, <strong>ABD-\u0130srail&#8217;<\/strong>in hava \u00fcst\u00fcnl\u00fc\u011f\u00fcyle devam ederken, <strong>\u0130ran<\/strong> misilleme sald\u0131r\u0131lar\u0131yla yan\u0131t veriyor. Analizde, kafam\u0131zda bir\u00e7ok sorunun her bir cevab\u0131n\u0131 g\u00fcncel verilere dayanarak analiz etmeye \u00e7al\u0131\u015faca\u011f\u0131m. Bu analiz, g\u00fcvenilir haber kaynaklar\u0131na, askeri raporlara ve uzman de\u011ferlendirmelerine dayanarak yap\u0131lacakt\u0131r.<\/p>\n<p style=\"text-align: justify\"><strong>Sava\u015f\u0131n Gidi\u015fat\u0131:<\/strong><\/p>\n<p style=\"text-align: justify\"><strong>ABD<\/strong> ve <strong>\u0130srail, \u0130ran<\/strong>&#8216;\u0131n hava savunmas\u0131n\u0131 b\u00fcy\u00fck \u00f6l\u00e7\u00fcde etkisiz hale getirdi ve <strong>Tahran<\/strong> \u00fczerinde hava \u00fcst\u00fcnl\u00fc\u011f\u00fc sa\u011flad\u0131. <strong>3.000<\/strong>&#8216;den fazla hedef vuruldu, bunlar aras\u0131nda<strong> f\u00fcze rampalar\u0131, drone \u00fcsleri, n\u00fckleer tesisler (\u00f6rne\u011fin Esfahan ve \u015eahroud) ve Devrim Muhaf\u0131zlar\u0131 (IRGC) komuta merkezleri<\/strong> yer al\u0131yor.<\/p>\n<p style=\"text-align: justify\"><strong>ABD<\/strong>, <strong>B-1<\/strong> bombard\u0131man u\u00e7aklar\u0131 ve destroyerlerle <strong>\u0130ran<\/strong>&#8216;\u0131n yeralt\u0131 f\u00fcze tesislerini hedef al\u0131yor. <strong>\u0130srail<\/strong>, i<strong>\u00e7 g\u00fcvenlik kurumlar\u0131<\/strong>n\u0131 (IRGC ve Basij) vurarak, rejimin i\u00e7 kontrol\u00fcn\u00fc zay\u0131flatmay\u0131 ama\u00e7l\u0131yor.<\/p>\n<p style=\"text-align: justify\"><strong>ABD<\/strong> Savunma Bakan\u0131<strong> Pete Hegseth<\/strong>, <strong>10<\/strong> Mart&#8217;ta <strong><em>&#8220;en yo\u011fun g\u00fcn&#8221;<\/em><\/strong> olarak nitelendirdi\u011fi sald\u0131r\u0131larda <strong>\u0130ran<\/strong>&#8216;\u0131n donanmas\u0131n\u0131n (16 may\u0131n gemisi dahil) b\u00fcy\u00fck k\u0131sm\u0131n\u0131 yok ettiklerini a\u00e7\u0131klad\u0131.<\/p>\n<p style=\"text-align: justify\"><strong>\u0130ran<\/strong>, \u00e7at\u0131\u015fman\u0131n ba\u015f\u0131ndan beri <strong>500<\/strong>&#8216;den fazla balistik f\u00fcze ve <strong>2.000<\/strong>&#8216;den fazla dron f\u0131rlatt\u0131, ancak tempo d\u00fc\u015ft\u00fc (ilk g\u00fcnde <strong>20 <\/strong>salvo,<strong> 3<\/strong> Mart&#8217;ta <strong>6<\/strong> salvo).<\/p>\n<p style=\"text-align: justify\">Hedefler aras\u0131nda <strong>\u0130srail<\/strong> (Tel Aviv&#8217;de hasar), <strong>ABD<\/strong> \u00fcsleri (Kuveyt, Bahreyn) ve K\u00f6rfez \u00fclkelerindeki enerji altyap\u0131lar\u0131 (Suudi Arabistan&#8217;da petrol tesisleri, Bahreyn&#8217;de rafineri) yer al\u0131yor.<\/p>\n<p style=\"text-align: justify\"><strong>\u0130ran, H\u00fcrm\u00fcz Bo\u011faz\u0131<\/strong>&#8216;n\u0131 kapatt\u0131 ve deniz trafi\u011fini tehdit ediyor, bu da k\u00fcresel petrol ak\u0131\u015f\u0131n\u0131 bozuyor.<\/p>\n<p style=\"text-align: justify\"><strong>Hizbullah<\/strong> ve Irakl\u0131 Ha\u015fdi \u015eab\u00ee milisleri s\u0131n\u0131rl\u0131 destek veriyor. \u00d6zellikle Ha\u015fdi \u015eab\u00ee Do\u011fu Kurdistanl\u0131 Kurd \u00f6rg\u00fctlerin kamplar\u0131n\u0131, G\u00fcney Kurdistan\u2019daki ABD \u00fcslerini ve Havaalanlar\u0131, enerji merkezleri hedef al\u0131yor. \u015eimdiye kadar Kurdlerden \u00f6l\u00fc ve yaral\u0131lar var. Ancak <strong><em>&#8220;Direni\u015f Ekseni&#8221;<\/em><\/strong> tam olarak aktive olmad\u0131.<\/p>\n<p style=\"text-align: justify\"><strong>ABD-\u0130srail<\/strong>&#8216;in teknolojik \u00fcst\u00fcnl\u00fc\u011f\u00fcyle <strong>\u0130ran<\/strong>&#8216;\u0131 k\u00f6\u015feye s\u0131k\u0131\u015ft\u0131rd\u0131\u011f\u0131 y\u00f6n\u00fcnde, ancak <strong>\u0130ran<\/strong>&#8216;\u0131n d\u00fc\u015f\u00fck maliyetli dron ve f\u00fcze salvosuyla <strong><em>&#8220;y\u0131pratma&#8221;<\/em><\/strong> stratejisi (attrition) devam ediyor. Uzmanlar, <strong>\u0130ran<\/strong>&#8216;\u0131n kapasitesinin <strong>%60-80<\/strong> azald\u0131\u011f\u0131n\u0131, ancak stoklar\u0131n\u0131n t\u00fckenmedi\u011fini belirtiyor.<\/p>\n<p style=\"text-align: justify\"><strong>\u0130ran&#8217;\u0131n Direnme G\u00fcc\u00fc Ne d\u00fczeyde?<\/strong><\/p>\n<p style=\"text-align: justify\"><strong>\u0130ran<\/strong>&#8216;\u0131n askeri direnci, y\u0131llarca s\u00fcren yapt\u0131r\u0131mlara ve <strong>2025<\/strong>&#8216;teki <strong>12<\/strong> G\u00fcnl\u00fck Sava\u015f&#8217;a ra\u011fmen beklenenden g\u00fc\u00e7l\u00fc \u00e7\u0131kt\u0131. Yeralt\u0131 <strong><em>&#8220;f\u00fcze \u015fehirleri&#8221; <\/em><\/strong>ve yerli \u00fcretim (\u00f6rne\u011fin Horram\u015fahir f\u00fczeleri) sayesinde,<strong> ABD-\u0130srail<\/strong>&#8216;in hava sald\u0131r\u0131lar\u0131 ra\u011fmen misilleme yapabiliyor.<\/p>\n<p style=\"text-align: justify\">Ancak, hava savunmas\u0131 b\u00fcy\u00fck \u00f6l\u00e7\u00fcde \u00e7\u00f6kt\u00fc ve donanmas\u0131 <strong><em>&#8220;sava\u015f d\u0131\u015f\u0131&#8221;<\/em><\/strong> kald\u0131.<\/p>\n<p style=\"text-align: justify\"><strong>Ekonomik diren\u00e7 d\u00fc\u015f\u00fck:<\/strong> Enflasyon <strong>%40+<\/strong>, petrol ihracat\u0131 kesildi, ancak <strong>Rusya<\/strong> ve <strong>\u00c7in<\/strong>&#8216;den destek (dron teknolojisi) al\u0131yor.<\/p>\n<p style=\"text-align: justify\">Halk\u0131n bir k\u0131sm\u0131 rejime kar\u015f\u0131 (<strong>2026<\/strong> Ocak protestolar\u0131), ancak d\u0131\u015f sald\u0131r\u0131 milliyet\u00e7ili\u011fi art\u0131rd\u0131.<\/p>\n<p style=\"text-align: justify\">Devrim Muhaf\u0131zlar\u0131 <strong>60-90 <\/strong>g\u00fcn dayanabilece\u011fini iddia ediyor.<\/p>\n<p style=\"text-align: justify\"><strong>Sava\u015f\u0131n Ba\u015f\u0131ndan 11 G\u00fcne Kadar \u0130ran&#8217;\u0131n G\u00fc\u00e7 Kay\u0131plar\u0131<\/strong><\/p>\n<p style=\"text-align: justify\"><strong>Askeri Kay\u0131plar: <\/strong>F\u00fcze rampalar\u0131n\u0131n <strong>%70&#8242;<\/strong>i yok edildi (<strong>300<\/strong>&#8216;den fazla), dron kapasitesi <strong>%50-60<\/strong> azald\u0131, donanma (<strong>43 <\/strong>gemi) b\u00fcy\u00fck \u00f6l\u00e7\u00fcde imha edildi.<\/p>\n<p style=\"text-align: justify\"><strong>N\u00fckleer tesisler <\/strong>(Natanz, Fordow) hasar ald\u0131, \u00fcretim <strong>4-5<\/strong> y\u0131l geriledi.<\/p>\n<p style=\"text-align: justify\">Toplam \u00f6l\u00fc: 1.255 (\u00e7o\u011fu sivil), 4.000+ yaral\u0131 oldu\u011fu iddia ediliyor, ancak rejimin, kar\u015f\u0131tlar\u0131na kar\u015f\u0131 y\u00fcr\u00fctt\u00fc\u011f\u00fc bask\u0131 ve infazlar konusunda bir bilgi yok.<\/p>\n<p style=\"text-align: justify\"><strong>Ekonomik ve Altyap\u0131 Kay\u0131plar\u0131:<\/strong><\/p>\n<p style=\"text-align: justify\">Petrol rafinerileri vuruldu, <strong>H\u00fcrm\u00fcz<\/strong> kapanmas\u0131 nedeniyle k\u00fcresel petrol <strong>%20<\/strong>+ y\u00fckseldi.<\/p>\n<p style=\"text-align: justify\">Elektrik ve ileti\u015fim kesintileri, i\u00e7 istikrars\u0131zl\u0131\u011f\u0131 art\u0131rd\u0131.<\/p>\n<p style=\"text-align: justify\">Genel De\u011ferlendirme: <strong>\u0130ran<\/strong>&#8216;\u0131n sald\u0131r\u0131 kapasitesi <strong>%60-80<\/strong> azald\u0131, ancak d\u00fc\u015f\u00fck maliyetli dronelarla devam ediyor.<\/p>\n<p style=\"text-align: justify\"><strong>Sava\u015f\u0131n Uzamas\u0131 ABD ve \u0130srail \u0130\u00e7in Riskler:<\/strong><\/p>\n<p style=\"text-align: justify\">Sava\u015f\u0131n uzamas\u0131 durumunda, <strong>ABD<\/strong> ve<strong> \u0130srail<\/strong> i\u00e7in ekonomik, askeri ve siyasi riskler ta\u015f\u0131yor. Ekonomik olarak; <strong>H\u00fcrm\u00fcz <\/strong>Bo\u011faz\u0131\u2019n\u0131n kapanmas\u0131, petrol fiyatlar\u0131n\u0131 <strong>$100+<\/strong>\/varile \u00e7\u0131karabilir, k\u00fcresel resesyon tetikleyebilir (IEA, 400 milyon varil stok a\u00e7t\u0131). ABD&#8217;de enflasyon art\u0131\u015f\u0131, <strong>2026<\/strong> orta d\u00f6nem se\u00e7imlerini etkileyebilir.<\/p>\n<p style=\"text-align: justify\"><strong>Askeri:<\/strong>F\u00fcze stoklar\u0131 t\u00fckenirse (\u0130ran&#8217;\u0131n y\u0131pratma stratejisi), kay\u0131plar artar \u015eimdiye kadar <strong>ABD, 150<\/strong> yaral\u0131, <strong>8<\/strong> \u00f6l\u00fc; <strong>\u0130srail<\/strong>: 13 \u00f6l\u00fc vermi\u015f durumda.<\/p>\n<p style=\"text-align: justify\">Hizbullah ve Irak Ha\u015fdi \u015eabi milisleri tam aktive olursa b\u00f6lgesel yay\u0131lma riski ortaya \u00e7\u0131kabilir.<\/p>\n<p style=\"text-align: justify\"><strong>Siyasi olarak, ABD<\/strong>&#8216;de Kongre&#8217;de sava\u015f yetkisi tart\u0131\u015fmalar\u0131, i\u00e7 muhalefet art\u0131\u015f\u0131n\u0131 tetikleyebilir.<\/p>\n<p style=\"text-align: justify\"><strong>\u0130srail<\/strong>&#8216;de sava\u015f yorgunlu\u011fu, Netanyahu&#8217;nun <strong><em>&#8220;\u00f6zel sava\u015f b\u00fct\u00e7esi&#8221; <\/em><\/strong>i\u00e7 muhalefeti harekete ge\u00e7irip<strong><em>, <\/em><\/strong>bask\u0131y\u0131 art\u0131rabilir.<\/p>\n<p style=\"text-align: justify\"><strong>\u00c7in <\/strong>ve<strong> Rusya<\/strong>&#8216;n\u0131n dolayl\u0131 deste\u011fi (silah, istihbarat) sava\u015f\u0131 uzatabilir.<\/p>\n<p style=\"text-align: justify\"><strong>Sava\u015f\u0131n Amac\u0131 nedir?<\/strong><\/p>\n<p style=\"text-align: justify\">Net Ama\u00e7 Var m\u0131?Evet, ancak de\u011fi\u015fken: <strong>ABD<\/strong>, <strong>n\u00fckleer program\u0131 yok etmek, f\u00fcze ve donanmay\u0131 imha etmek, rejimi de\u011fi\u015ftirmek istiyor.<\/strong> Bu konuda <strong>Trump, <em>&#8220;ko\u015fulsuz teslimiyet&#8221;<\/em><\/strong>) diyor.<\/p>\n<p style=\"text-align: justify\"><strong>\u0130srail<\/strong>, varolu\u015fsal tehditleri, <strong>n\u00fckleer, Direni\u015f Eksenini ortadan kald\u0131rmak ve rejim de\u011fi\u015fikli\u011fi hedefliyor.<\/strong><\/p>\n<p style=\"text-align: justify\">Sadece <strong><em>&#8220;etkisiz hale getirmek&#8221;<\/em><\/strong> de\u011fil, rejim de\u011fi\u015fikli\u011fi ana odak g\u00f6r\u00fcn\u00fcyor. <strong>Trump<\/strong>, <strong><em>&#8220;rejim de\u011fi\u015fikli\u011fi de\u011fil&#8221;<\/em><\/strong> dese de eylemler aksini g\u00f6steriyor.<\/p>\n<p style=\"text-align: justify\"><strong>Rejim De\u011fi\u015fikli\u011fi \u0130htimali ve Nas\u0131l Olaca\u011f\u0131<\/strong><\/p>\n<p style=\"text-align: justify\">Olas\u0131l\u0131k: Orta-d\u00fc\u015f\u00fck (%30-50). Hameney&#8217;in \u00f6l\u00fcm\u00fc bo\u015fluk yaratt\u0131, ancak Mojtaba Hameney h\u0131zl\u0131 atand\u0131 ve Devrim Muhaf\u0131zlar\u0131 kontrol\u00fc korudu.<\/p>\n<p style=\"text-align: justify\">\u0130\u00e7 protestolar var, ancak rejim bask\u0131y\u0131 art\u0131rd\u0131 y\u00fczlerce \u00f6l\u00fc ve tutuklamalar var. Rejimin son, <strong><em>\u201cprotestolara kat\u0131lanlar d\u00fc\u015fman kabul edilecek ve d\u00fc\u015fman muamelesine tabi olacak\u201d<\/em><\/strong> \u015feklindeki a\u00e7\u0131klamas\u0131, protestolar\u0131 ciddi \u015fekilde etkileyecek.<\/p>\n<p style=\"text-align: justify\">Uzmanlar,<strong><em> &#8220;rejim de\u011fi\u015fikli\u011fi&#8221;<\/em><\/strong> yerine, zay\u0131flam\u0131\u015f bir \u0130ran \u0130slam Cumhuriyeti, n\u00fckleer program\u0131n\u0131 terk etmi\u015f bir \u0130ran\u2019a d\u00f6n\u00fc\u015febilir.<\/p>\n<p style=\"text-align: justify\"><strong>Nas\u0131l Olur Bu?<\/strong><\/p>\n<p style=\"text-align: justify\">Hava bombard\u0131man\u0131 i\u00e7 g\u00fcvenli\u011fi zay\u0131flat\u0131rsa (\u00f6rne\u011fin Devrim Muhaf\u0131zlar\u0131 hedefleri), halk ayaklanmas\u0131 veya Devrim Muhaf\u0131zlar\u0131 darbesiyle bu m\u00fcmk\u00fcn olabilir. Ancak Rejim de\u011fi\u015fikli\u011fi, kara i\u015fgali olmadan \u00e7ok zor g\u00f6r\u00fcn\u00fcyor. <strong>Trump<\/strong>, kara g\u00fcc\u00fc ihtimalini a\u00e7\u0131k tuttu ama bu ihtimal hala zaif g\u00f6r\u00fcn\u00fcyor.<\/p>\n<p style=\"text-align: justify\"><strong>Etnik isyanlar!<\/strong><\/p>\n<p style=\"text-align: justify\"><strong>Kurd, Belu\u00e7, Azeri <\/strong>ve<strong> Araplar<\/strong>\u0131n aktif muhalefetini tetiklenebilir, ancak rejim hayatta kalma durumunda, daha sert tedbirlerle, b\u00fcy\u00fck etnik katliamlar\u0131 yapabilir.<\/p>\n<p style=\"text-align: justify\"><strong>\u0130\u00e7 G\u00f6stericilere <em>&#8220;D\u00fc\u015fman \u0130lan\u0131&#8221;<\/em> A\u00e7\u0131klamas\u0131n\u0131n Etkisi<\/strong><\/p>\n<p style=\"text-align: justify\">\u0130ran h\u00fck\u00fcmeti, protestocular\u0131 <strong><em>&#8220;d\u00fc\u015fman&#8221;<\/em><\/strong> ilan ederek (\u00f6rne\u011fin D\u0131\u015fi\u015fleri Bakan\u0131: <strong><em>&#8220;D\u00fc\u015fmanla uyumlu eylemler d\u00fc\u015fmanl\u0131kt\u0131r&#8221; <\/em><\/strong>\u015feklindeki a\u00e7\u0131klama, i\u00e7 dinamiklerin eylemlerini zorla\u015ft\u0131rabilir.<\/p>\n<p style=\"text-align: justify\">Bu, rejimin me\u015fruiyetini sorgulayanlar\u0131 bast\u0131rmay\u0131 ama\u00e7l\u0131yor, ancak bu T\u00fcrk tehditvari a\u00e7\u0131klamalar, Baz\u0131 kesimleri ters etkiye de itebilir. \u00c7\u00fcnk\u00fc bu t\u00fcr tehditvari a\u00e7\u0131klamalar, halk\u0131 daha da rejime yabanc\u0131la\u015ft\u0131r\u0131yor ve protestolar\u0131 art\u0131r\u0131yor. (\u00d6rne\u011fin, <strong>Tahran<\/strong>&#8216;da kutlamalar oldu).<\/p>\n<p style=\"text-align: justify\">\u0130\u00e7 muhalefeti, <strong><em>&#8220;d\u0131\u015f d\u00fc\u015fman i\u015fbirlik\u00e7isi&#8221;<\/em><\/strong> olarak damgalamak, rejimi k\u0131sa vadede g\u00fc\u00e7lendiriyor ama uzun vadede zay\u0131flat\u0131yor. \u00d6rne\u011fin, ekonomik kriz ve sava\u015f kay\u0131plar\u0131 \u00f6fkeyi b\u00fcy\u00fct\u00fcyor.<\/p>\n<p style=\"text-align: justify\">Uzmanlar, bu retorikle rejimin <strong><em>&#8220;hayatta kalma moduna\u201d <\/em><\/strong>\u00a0ge\u00e7ti\u011fini, ancak i\u00e7 b\u00f6l\u00fcnmeleri derinle\u015ftirdi\u011fini belirtiyor.<\/p>\n<p style=\"text-align: justify\"><strong>Sonu\u00e7<\/strong> <strong>ve Tahminler<\/strong><\/p>\n<p style=\"text-align: justify\"><strong>Bu \u00e7at\u0131\u015fma, Orta Do\u011fu&#8217;yu yeniden \u015fekillendirebilir. \u0130ran ve ABD-\u0130srail Sava\u015f\u0131, Ortado\u011fu\u2019nun Yeniden Dizayn stratejisinin ana ekseni olabilir.<\/strong> \u0130ran zay\u0131flarsa <strong><em>&#8220;Direni\u015f Ekseni&#8221;<\/em><\/strong> \u00e7\u00f6ker, ancak uzarsa k\u00fcresel ekonomi sars\u0131l\u0131r. <strong>ABD-\u0130srail<\/strong> zaferi muhtemel, ancak, rejim de\u011fi\u015fikli\u011fi garanti de\u011fil. Uzmanlar, bu sava\u015f, <strong>&#8220;zay\u0131f bir \u0130ran&#8221;<\/strong> ile sonu\u00e7lanabilir ihtimalini g\u00f6zden uzak tutmuyor. \u0130\u00e7 dinamikler, rejimin bask\u0131s\u0131na ra\u011fmen de\u011fi\u015fim potansiyeli ta\u015f\u0131yor, ama savunma ve \u00f6rg\u00fctl\u00fcl\u00fckten yoksun g\u00f6r\u00fcn\u00fcyorlar. \u00a0Bu konuda durum h\u0131zl\u0131 de\u011fi\u015febilir.<\/p>\n","protected":false},"excerpt":{"rendered":"<p>11 Mart 2026 itibar\u0131yla, ABD ve \u0130srail&#8216;in \u0130ran&#8216;a y\u00f6nelik askeri operasyonu (Operation Epic Fury) 11. g\u00fcn\u00fcne girmi\u015f durumda. \u00c7at\u0131\u015fma, 28 \u015eubat 2026&#8242;da \u0130srail ve ABD&#8216;nin \u0130ran&#8217;\u0131n n\u00fckleer tesisleri, balistik f\u00fcze programlar\u0131 ve \u00fcst d\u00fczey liderli\u011fine y\u00f6nelik s\u00fcrpriz hava sald\u0131r\u0131lar\u0131yla ba\u015flad\u0131. Bu sald\u0131r\u0131larda \u0130ran&#8216;\u0131n dini lideri Ayatullah Ali Hameney&#8217;le birlikte onlarca askeri, istihbarat ve siyasi kadrolar\u0131n [&hellip;]<\/p>\n","protected":false},"author":2,"featured_media":1036652,"comment_status":"closed","ping_status":"closed","sticky":false,"template":"","format":"standard","meta":{"footnotes":""},"categories":[26],"tags":[31],"class_list":["post-1036693","post","type-post","status-publish","format-standard","has-post-thumbnail","hentry","category-forum","tag-onemli"],"blocksy_meta":[],"seo_head":"<!-- This site is optimized with the Yoast SEO plugin v27.5 - https:\/\/yoast.com\/product\/yoast-seo-wordpress\/ -->\n<title>ABD-\u0130srail ve \u0130ran Aras\u0131ndaki \u00c7at\u0131\u015fman\u0131n Mevcut Durumu! - Darka Mazi<\/title>\n<meta name=\"robots\" content=\"index, follow, max-snippet:-1, max-image-preview:large, max-video-preview:-1\" \/>\n<link rel=\"canonical\" href=\"https:\/\/darkamazi.site\/archives\/1036693\" \/>\n<meta property=\"og:locale\" content=\"en_US\" \/>\n<meta property=\"og:type\" content=\"article\" \/>\n<meta property=\"og:title\" content=\"ABD-\u0130srail ve \u0130ran Aras\u0131ndaki \u00c7at\u0131\u015fman\u0131n Mevcut Durumu! - Darka Mazi\" \/>\n<meta property=\"og:description\" content=\"11 Mart 2026 itibar\u0131yla, ABD ve \u0130srail&#8216;in \u0130ran&#8216;a y\u00f6nelik askeri operasyonu (Operation Epic Fury) 11. g\u00fcn\u00fcne girmi\u015f durumda. \u00c7at\u0131\u015fma, 28 \u015eubat 2026&#8242;da \u0130srail ve ABD&#8216;nin \u0130ran&#8217;\u0131n n\u00fckleer tesisleri, balistik f\u00fcze programlar\u0131 ve \u00fcst d\u00fczey liderli\u011fine y\u00f6nelik s\u00fcrpriz hava sald\u0131r\u0131lar\u0131yla ba\u015flad\u0131. Bu sald\u0131r\u0131larda \u0130ran&#8216;\u0131n dini lideri Ayatullah Ali Hameney&#8217;le birlikte onlarca askeri, istihbarat ve siyasi kadrolar\u0131n [&hellip;]\" \/>\n<meta property=\"og:url\" content=\"https:\/\/darkamazi.site\/archives\/1036693\" \/>\n<meta property=\"og:site_name\" content=\"Darka Mazi\" \/>\n<meta property=\"article:publisher\" content=\"https:\/\/www.facebook.com\/DarkaMaziturkce\" \/>\n<meta property=\"article:published_time\" content=\"2026-03-13T14:15:04+00:00\" \/>\n<meta property=\"article:modified_time\" content=\"2026-03-13T15:14:12+00:00\" \/>\n<meta property=\"og:image\" content=\"https:\/\/darkamazi.site\/file\/2026\/03\/sheyhmus.jpg\" \/>\n\t<meta property=\"og:image:width\" content=\"900\" \/>\n\t<meta property=\"og:image:height\" content=\"475\" \/>\n\t<meta property=\"og:image:type\" content=\"image\/jpeg\" \/>\n<meta name=\"author\" content=\"darka mazi\" \/>\n<meta name=\"twitter:card\" content=\"summary_large_image\" \/>\n<meta name=\"twitter:creator\" content=\"@DarkaMaziTurkce\" \/>\n<meta name=\"twitter:site\" content=\"@DarkaMaziTurkce\" \/>\n<meta name=\"twitter:label1\" content=\"Written by\" \/>\n\t<meta name=\"twitter:data1\" content=\"darka mazi\" \/>\n\t<meta name=\"twitter:label2\" content=\"Est. reading time\" \/>\n\t<meta name=\"twitter:data2\" content=\"5 minutes\" \/>\n<script type=\"application\/ld+json\" class=\"seo-schema-graph\">{\"@context\":\"https:\\\/\\\/schema.org\",\"@graph\":[{\"@type\":\"NewsArticle\",\"@id\":\"https:\\\/\\\/darkamazi.site\\\/archives\\\/1036693#article\",\"isPartOf\":{\"@id\":\"https:\\\/\\\/darkamazi.site\\\/archives\\\/1036693\"},\"author\":{\"name\":\"darka mazi\",\"@id\":\"https:\\\/\\\/darkamazi.site\\\/#\\\/schema\\\/person\\\/67986a95ac546c16760365877ef4a9d3\"},\"headline\":\"ABD-\u0130srail ve \u0130ran Aras\u0131ndaki \u00c7at\u0131\u015fman\u0131n Mevcut Durumu!\",\"datePublished\":\"2026-03-13T14:15:04+00:00\",\"dateModified\":\"2026-03-13T15:14:12+00:00\",\"mainEntityOfPage\":{\"@id\":\"https:\\\/\\\/darkamazi.site\\\/archives\\\/1036693\"},\"wordCount\":1390,\"publisher\":{\"@id\":\"https:\\\/\\\/darkamazi.site\\\/#organization\"},\"image\":{\"@id\":\"https:\\\/\\\/darkamazi.site\\\/archives\\\/1036693#primaryimage\"},\"thumbnailUrl\":\"https:\\\/\\\/darkamazi.site\\\/darka-content\\\/uploads\\\/2026\\\/03\\\/sheyhmus.jpg\",\"keywords\":[\"\u00f6nemli\"],\"articleSection\":[\"Forum\"],\"inLanguage\":\"en-US\"},{\"@type\":\"WebPage\",\"@id\":\"https:\\\/\\\/darkamazi.site\\\/archives\\\/1036693\",\"url\":\"https:\\\/\\\/darkamazi.site\\\/archives\\\/1036693\",\"name\":\"ABD-\u0130srail ve \u0130ran Aras\u0131ndaki \u00c7at\u0131\u015fman\u0131n Mevcut Durumu! - Darka Mazi\",\"isPartOf\":{\"@id\":\"https:\\\/\\\/darkamazi.site\\\/#website\"},\"primaryImageOfPage\":{\"@id\":\"https:\\\/\\\/darkamazi.site\\\/archives\\\/1036693#primaryimage\"},\"image\":{\"@id\":\"https:\\\/\\\/darkamazi.site\\\/archives\\\/1036693#primaryimage\"},\"thumbnailUrl\":\"https:\\\/\\\/darkamazi.site\\\/darka-content\\\/uploads\\\/2026\\\/03\\\/sheyhmus.jpg\",\"datePublished\":\"2026-03-13T14:15:04+00:00\",\"dateModified\":\"2026-03-13T15:14:12+00:00\",\"breadcrumb\":{\"@id\":\"https:\\\/\\\/darkamazi.site\\\/archives\\\/1036693#breadcrumb\"},\"inLanguage\":\"en-US\",\"potentialAction\":[{\"@type\":\"ReadAction\",\"target\":[\"https:\\\/\\\/darkamazi.site\\\/archives\\\/1036693\"]}]},{\"@type\":\"ImageObject\",\"inLanguage\":\"en-US\",\"@id\":\"https:\\\/\\\/darkamazi.site\\\/archives\\\/1036693#primaryimage\",\"url\":\"https:\\\/\\\/darkamazi.site\\\/darka-content\\\/uploads\\\/2026\\\/03\\\/sheyhmus.jpg\",\"contentUrl\":\"https:\\\/\\\/darkamazi.site\\\/darka-content\\\/uploads\\\/2026\\\/03\\\/sheyhmus.jpg\",\"width\":900,\"height\":475,\"caption\":\"B\u00f6lgedeki \u201cAte\u015f Hat\u0131\u201d Ve Olas\u0131 Sonu\u00e7lar\u0131!\"},{\"@type\":\"BreadcrumbList\",\"@id\":\"https:\\\/\\\/darkamazi.site\\\/archives\\\/1036693#breadcrumb\",\"itemListElement\":[{\"@type\":\"ListItem\",\"position\":1,\"name\":\"Home\",\"item\":\"https:\\\/\\\/darkamazi.site\\\/\"},{\"@type\":\"ListItem\",\"position\":2,\"name\":\"ABD-\u0130srail ve \u0130ran Aras\u0131ndaki \u00c7at\u0131\u015fman\u0131n Mevcut Durumu!\"}]},{\"@type\":\"WebSite\",\"@id\":\"https:\\\/\\\/darkamazi.site\\\/#website\",\"url\":\"https:\\\/\\\/darkamazi.site\\\/\",\"name\":\"Darka Mazi\",\"description\":\"Ana Sayfa\",\"publisher\":{\"@id\":\"https:\\\/\\\/darkamazi.site\\\/#organization\"},\"potentialAction\":[{\"@type\":\"SearchAction\",\"target\":{\"@type\":\"EntryPoint\",\"urlTemplate\":\"https:\\\/\\\/darkamazi.site\\\/?s={search_term_string}\"},\"query-input\":{\"@type\":\"PropertyValueSpecification\",\"valueRequired\":true,\"valueName\":\"search_term_string\"}}],\"inLanguage\":\"en-US\"},{\"@type\":\"Organization\",\"@id\":\"https:\\\/\\\/darkamazi.site\\\/#organization\",\"name\":\"Darka Mazi T\u00fcrk\u00e7e\",\"alternateName\":\"Darka Mazi\",\"url\":\"https:\\\/\\\/darkamazi.site\\\/\",\"logo\":{\"@type\":\"ImageObject\",\"inLanguage\":\"en-US\",\"@id\":\"https:\\\/\\\/darkamazi.site\\\/#\\\/schema\\\/logo\\\/image\\\/\",\"url\":\"https:\\\/\\\/darkamazi.site\\\/darka-content\\\/uploads\\\/2017\\\/12\\\/darka-mazi-logo.png\",\"contentUrl\":\"https:\\\/\\\/darkamazi.site\\\/darka-content\\\/uploads\\\/2017\\\/12\\\/darka-mazi-logo.png\",\"width\":151,\"height\":75,\"caption\":\"Darka Mazi T\u00fcrk\u00e7e\"},\"image\":{\"@id\":\"https:\\\/\\\/darkamazi.site\\\/#\\\/schema\\\/logo\\\/image\\\/\"},\"sameAs\":[\"https:\\\/\\\/www.facebook.com\\\/DarkaMaziturkce\",\"https:\\\/\\\/x.com\\\/DarkaMaziTurkce\"]},{\"@type\":\"Person\",\"@id\":\"https:\\\/\\\/darkamazi.site\\\/#\\\/schema\\\/person\\\/67986a95ac546c16760365877ef4a9d3\",\"name\":\"darka mazi\",\"sameAs\":[\"https:\\\/\\\/darkamazi.site\"],\"url\":\"https:\\\/\\\/darkamazi.site\\\/archives\\\/author\\\/turkish\"}]}<\/script>\n<!-- \/ Yoast SEO plugin. -->","seo_head_json":{"title":"ABD-\u0130srail ve \u0130ran Aras\u0131ndaki \u00c7at\u0131\u015fman\u0131n Mevcut Durumu! - Darka Mazi","robots":{"index":"index","follow":"follow","max-snippet":"max-snippet:-1","max-image-preview":"max-image-preview:large","max-video-preview":"max-video-preview:-1"},"canonical":"https:\/\/darkamazi.site\/archives\/1036693","og_locale":"en_US","og_type":"article","og_title":"ABD-\u0130srail ve \u0130ran Aras\u0131ndaki \u00c7at\u0131\u015fman\u0131n Mevcut Durumu! - Darka Mazi","og_description":"11 Mart 2026 itibar\u0131yla, ABD ve \u0130srail&#8216;in \u0130ran&#8216;a y\u00f6nelik askeri operasyonu (Operation Epic Fury) 11. g\u00fcn\u00fcne girmi\u015f durumda. \u00c7at\u0131\u015fma, 28 \u015eubat 2026&#8242;da \u0130srail ve ABD&#8216;nin \u0130ran&#8217;\u0131n n\u00fckleer tesisleri, balistik f\u00fcze programlar\u0131 ve \u00fcst d\u00fczey liderli\u011fine y\u00f6nelik s\u00fcrpriz hava sald\u0131r\u0131lar\u0131yla ba\u015flad\u0131. Bu sald\u0131r\u0131larda \u0130ran&#8216;\u0131n dini lideri Ayatullah Ali Hameney&#8217;le birlikte onlarca askeri, istihbarat ve siyasi kadrolar\u0131n [&hellip;]","og_url":"https:\/\/darkamazi.site\/archives\/1036693","og_site_name":"Darka Mazi","article_publisher":"https:\/\/www.facebook.com\/DarkaMaziturkce","article_published_time":"2026-03-13T14:15:04+00:00","article_modified_time":"2026-03-13T15:14:12+00:00","og_image":[{"width":900,"height":475,"url":"https:\/\/darkamazi.site\/file\/2026\/03\/sheyhmus.jpg","type":"image\/jpeg"}],"author":"darka mazi","twitter_card":"summary_large_image","twitter_creator":"@DarkaMaziTurkce","twitter_site":"@DarkaMaziTurkce","twitter_misc":{"Written by":"darka mazi","Est. reading time":"5 minutes"},"schema":{"@context":"https:\/\/schema.org","@graph":[{"@type":"NewsArticle","@id":"https:\/\/darkamazi.site\/archives\/1036693#article","isPartOf":{"@id":"https:\/\/darkamazi.site\/archives\/1036693"},"author":{"name":"darka mazi","@id":"https:\/\/darkamazi.site\/#\/schema\/person\/67986a95ac546c16760365877ef4a9d3"},"headline":"ABD-\u0130srail ve \u0130ran Aras\u0131ndaki \u00c7at\u0131\u015fman\u0131n Mevcut Durumu!","datePublished":"2026-03-13T14:15:04+00:00","dateModified":"2026-03-13T15:14:12+00:00","mainEntityOfPage":{"@id":"https:\/\/darkamazi.site\/archives\/1036693"},"wordCount":1390,"publisher":{"@id":"https:\/\/darkamazi.site\/#organization"},"image":{"@id":"https:\/\/darkamazi.site\/archives\/1036693#primaryimage"},"thumbnailUrl":"https:\/\/darkamazi.site\/file\/2026\/03\/sheyhmus.jpg","keywords":["\u00f6nemli"],"articleSection":["Forum"],"inLanguage":"en-US"},{"@type":"WebPage","@id":"https:\/\/darkamazi.site\/archives\/1036693","url":"https:\/\/darkamazi.site\/archives\/1036693","name":"ABD-\u0130srail ve \u0130ran Aras\u0131ndaki \u00c7at\u0131\u015fman\u0131n Mevcut Durumu! - Darka Mazi","isPartOf":{"@id":"https:\/\/darkamazi.site\/#website"},"primaryImageOfPage":{"@id":"https:\/\/darkamazi.site\/archives\/1036693#primaryimage"},"image":{"@id":"https:\/\/darkamazi.site\/archives\/1036693#primaryimage"},"thumbnailUrl":"https:\/\/darkamazi.site\/file\/2026\/03\/sheyhmus.jpg","datePublished":"2026-03-13T14:15:04+00:00","dateModified":"2026-03-13T15:14:12+00:00","breadcrumb":{"@id":"https:\/\/darkamazi.site\/archives\/1036693#breadcrumb"},"inLanguage":"en-US","potentialAction":[{"@type":"ReadAction","target":["https:\/\/darkamazi.site\/archives\/1036693"]}]},{"@type":"ImageObject","inLanguage":"en-US","@id":"https:\/\/darkamazi.site\/archives\/1036693#primaryimage","url":"https:\/\/darkamazi.site\/file\/2026\/03\/sheyhmus.jpg","contentUrl":"https:\/\/darkamazi.site\/file\/2026\/03\/sheyhmus.jpg","width":900,"height":475,"caption":"B\u00f6lgedeki \u201cAte\u015f Hat\u0131\u201d Ve Olas\u0131 Sonu\u00e7lar\u0131!"},{"@type":"BreadcrumbList","@id":"https:\/\/darkamazi.site\/archives\/1036693#breadcrumb","itemListElement":[{"@type":"ListItem","position":1,"name":"Home","item":"https:\/\/darkamazi.site\/"},{"@type":"ListItem","position":2,"name":"ABD-\u0130srail ve \u0130ran Aras\u0131ndaki \u00c7at\u0131\u015fman\u0131n Mevcut Durumu!"}]},{"@type":"WebSite","@id":"https:\/\/darkamazi.site\/#website","url":"https:\/\/darkamazi.site\/","name":"Darka Mazi","description":"Ana Sayfa","publisher":{"@id":"https:\/\/darkamazi.site\/#organization"},"potentialAction":[{"@type":"SearchAction","target":{"@type":"EntryPoint","urlTemplate":"https:\/\/darkamazi.site\/?s={search_term_string}"},"query-input":{"@type":"PropertyValueSpecification","valueRequired":true,"valueName":"search_term_string"}}],"inLanguage":"en-US"},{"@type":"Organization","@id":"https:\/\/darkamazi.site\/#organization","name":"Darka Mazi T\u00fcrk\u00e7e","alternateName":"Darka Mazi","url":"https:\/\/darkamazi.site\/","logo":{"@type":"ImageObject","inLanguage":"en-US","@id":"https:\/\/darkamazi.site\/#\/schema\/logo\/image\/","url":"https:\/\/darkamazi.site\/file\/2017\/12\/darka-mazi-logo.png","contentUrl":"https:\/\/darkamazi.site\/file\/2017\/12\/darka-mazi-logo.png","width":151,"height":75,"caption":"Darka Mazi T\u00fcrk\u00e7e"},"image":{"@id":"https:\/\/darkamazi.site\/#\/schema\/logo\/image\/"},"sameAs":["https:\/\/www.facebook.com\/DarkaMaziturkce","https:\/\/x.com\/DarkaMaziTurkce"]},{"@type":"Person","@id":"https:\/\/darkamazi.site\/#\/schema\/person\/67986a95ac546c16760365877ef4a9d3","name":"darka mazi","sameAs":["https:\/\/darkamazi.site"],"url":"https:\/\/darkamazi.site\/archives\/author\/turkish"}]}},"_links":{"self":[{"href":"https:\/\/darkamazi.site\/funavuv\/wp\/v2\/posts\/1036693","targetHints":{"allow":["GET"]}}],"collection":[{"href":"https:\/\/darkamazi.site\/funavuv\/wp\/v2\/posts"}],"about":[{"href":"https:\/\/darkamazi.site\/funavuv\/wp\/v2\/types\/post"}],"author":[{"embeddable":true,"href":"https:\/\/darkamazi.site\/funavuv\/wp\/v2\/users\/2"}],"replies":[{"embeddable":true,"href":"https:\/\/darkamazi.site\/funavuv\/wp\/v2\/comments?post=1036693"}],"version-history":[{"count":0,"href":"https:\/\/darkamazi.site\/funavuv\/wp\/v2\/posts\/1036693\/revisions"}],"wp:featuredmedia":[{"embeddable":true,"href":"https:\/\/darkamazi.site\/funavuv\/wp\/v2\/media\/1036652"}],"wp:attachment":[{"href":"https:\/\/darkamazi.site\/funavuv\/wp\/v2\/media?parent=1036693"}],"wp:term":[{"taxonomy":"category","embeddable":true,"href":"https:\/\/darkamazi.site\/funavuv\/wp\/v2\/categories?post=1036693"},{"taxonomy":"post_tag","embeddable":true,"href":"https:\/\/darkamazi.site\/funavuv\/wp\/v2\/tags?post=1036693"}],"curies":[{"name":"wp","href":"https:\/\/api.w.org\/{rel}","templated":true}]}}