{"id":1036702,"date":"2026-03-13T18:42:09","date_gmt":"2026-03-13T15:42:09","guid":{"rendered":"https:\/\/darkamazi.site\/?p=1036702"},"modified":"2026-03-13T18:42:09","modified_gmt":"2026-03-13T15:42:09","slug":"dogu-kurdistan-ittifakinda-tartisma-pjak-guvenilir-bir-ortak-mi","status":"publish","type":"post","link":"https:\/\/darkamazi.site\/archives\/1036702","title":{"rendered":"Do\u011fu K\u00fcrdistan \u0130ttifak\u0131nda Tart\u0131\u015fma: PJAK G\u00fcvenilir Bir Ortak m\u0131?"},"content":{"rendered":"<p style=\"text-align: justify\">Rojhilat\u2019\u0131n \u00f6nde gelen 5 K\u00fcrt partisi, 24 \u015eubat g\u00fcn\u00fc kurduklar\u0131 &#8220;\u0130ran K\u00fcrdistan\u0131 Siyasi G\u00fc\u00e7leri \u0130ttifak\u0131\u2019n\u0131n deklarasyonunu kamuoyuna duyurdu. Bu ittifak\u0131n en tart\u0131\u015fmal\u0131 ismi ise PJAK.<\/p>\n<p style=\"text-align: justify\">K\u00fcrtler ge\u00e7mi\u015fi \u015feffaf olmayan, karanl\u0131k operasyonlarda kullan\u0131lan PJAK\u2019\u0131n K\u00fcrtlerin gelece\u011fi i\u00e7in bu kadar \u00f6nemli bir ittifakta olmas\u0131 konusunda kayg\u0131lar ya\u015f\u0131yorlar.<\/p>\n<p style=\"text-align: justify\">PJAK neden karanl\u0131kt\u0131r?<\/p>\n<p style=\"text-align: justify\">PJAK Do\u011fu K\u00fcrdistanl\u0131 bir hareket de\u011fildir. \u00d6calan\u2019\u0131n \u0130mral\u0131\u2019dan verdi\u011fi talimatla karde\u015fi Osman \u00d6calan taraf\u0131ndan kurdu daha sonra ise Cemil Bay\u0131k\u2019a devretti.\u00a0\u00a0 Kurulu\u015f kongresinde Rojhilatl\u0131 gen\u00e7ler az\u0131nl\u0131kt\u0131. T\u00fcm kadrolar kuzeyliydi. Hala da b\u00f6yledir.\u00a0 Vitrinde Viyan Peyman vb isimler olsa da onlar hepsi PKK kadrosudur ve PKK ideolojisi d\u0131\u015f\u0131nda hi\u00e7bir d\u00fcnya ve siyaset bilgileri yoktur. \u00a0\u00d6rne\u011fin PJAK\u2019\u0131n lider kadrosu diye servis edilen Mazlum Heften y\u0131llarca Cemil Bay\u0131k\u2019\u0131n \u00f6zel doktorlu\u011funu yapan biriydi.<\/p>\n<p style=\"text-align: justify\">Yani PJAK y\u00f6neticileri denilen ki\u015filer Cemil Bay\u0131k\u2019\u0131n g\u00fcvenli\u011fi ve emir komutas\u0131 alt\u0131ndaki ki\u015filerdir. PKK\u2019nin izni olmadan tek bir ayakkab\u0131n\u0131n yerini bile de\u011fi\u015ftiremezler. Bu kritik a\u015famada elbette halk\u0131n de\u011fil PKK\u2019nin \u00e7\u0131karlar\u0131n\u0131 savunacaklar.<\/p>\n<p style=\"text-align: justify\">Herkes Cemil Bay\u0131k\u2019\u0131n PKK\u2019nin \u0130ran kolunu temsil etti\u011fini biliyor. \u00a0Bay\u0131k, 2004 y\u0131l\u0131nda \u0130ran ile stratejik bir anla\u015fma yapt\u0131. 2013 y\u0131l\u0131nda ise PKK, \u0130ran\u2019\u0131n B\u00f6lge projesine kat\u0131ld\u0131. Bay\u0131k \u0130ran\u2019\u0131n \u00fcnl\u00fc komutan\u0131 Kas\u0131m S\u00fcleymani ile iki kez g\u00f6r\u00fc\u015ft\u00fc. Cemil Bay\u0131k 2019 y\u0131l\u0131nda bir r\u00f6portaj\u0131nda a\u00e7\u0131k a\u00e7\u0131k \u201cPKK \u0130ran kar\u015f\u0131t\u0131 koalisyona engel\u201d diyecek kadar \u0130ran\u2019a siper oldu.<\/p>\n<p style=\"text-align: justify\">Ve i\u015fte \u0130ran\u2019\u0131n bu stratejik orta\u011f\u0131 Cemil Bay\u0131k, PJAK\u2019\u0131 y\u00f6netiyor.<\/p>\n<p style=\"text-align: justify\">PJAK, Cemil Bay\u0131k\u2019\u0131n ve PKK\u2019nin g\u00f6lgesidir.<\/p>\n<p style=\"text-align: justify\">\u0130ran y\u0131llard\u0131r PDK\u0130, PAK ve Komela gibi K\u00fcrt \u00f6rg\u00fctlerine kar\u015f\u0131 PJAK\u2019\u0131 do\u011fu K\u00fcrdistan\u2019a yerle\u015ftirip bu bi\u00e7imde K\u00fcrtleri kontrol etmek istiyor.<\/p>\n<p style=\"text-align: justify\">\u0130ran Hewler, S\u00fcleymaniye, Koye\u2019deki di\u011fer K\u00fcrt \u00f6rg\u00fctlerinin kararg\u00e2hlar\u0131n\u0131 f\u00fczelerle vuruyor.<\/p>\n<p style=\"text-align: justify\">Oysa, ki PJAK y\u0131llard\u0131r \u0130ran\u2019\u0131n paygahlar\u0131n\u0131n 2-3 km uza\u011f\u0131nda s\u0131n\u0131r \u00fcst\u00fcndeki \u00a0Dola Ay\u015fe\u2019de, Zel\u00ea\u2019de, Mave\u2019te, H\u0131rpape\u2019de, Pencvin\u2019de, Asos\u2019ta onlarca kamp kuruyor.\u00a0 G\u00fcmr\u00fck kurup vergi topluyor. S\u0131n\u0131r\u0131n di\u011fer taraf\u0131nda Mil Gever\u2019de, Dambatta, Kela Re\u015f\u2019te arabalarla geziyor.\u00a0 \u00a0Tek bir g\u00fcn vuruldu mu? Hay\u0131r. Neden?<\/p>\n<p style=\"text-align: justify\">Neden \u00e7\u00fcnk\u00fc \u0130ran, PKK\u2019ye dolay\u0131s\u0131yla PJAK\u2019a s\u0131n\u0131rlar\u0131n\u0131 korumak g\u00f6revi verdi. PJAK, \u0130ran\u2019\u0131n s\u0131n\u0131r muhaf\u0131z g\u00fcc\u00fc PDK\u0130, PAK ve Komela g\u00fc\u00e7lerini s\u0131n\u0131ra yakla\u015ft\u0131rmad\u0131. 24 May\u0131s 2014 y\u0131l\u0131nda \u0130ran\u2019a kar\u015f\u0131 Rasan ad\u0131nda yeni bir hareket ba\u015flatan PDKI ile \u00e7at\u0131\u015f\u0131p 2 pe\u015fmergeyi \u015fehit etti.<\/p>\n<p style=\"text-align: justify\">B\u00f6ylesi bir ge\u00e7mi\u015fi olan PJAK\u2019\u0131n bug\u00fcn pozisyonu ne olabilir ki? Ancak yine PKK\u2019nin \u00f6mr\u00fcn\u00fc uzatmak i\u00e7in kulland\u0131\u011f\u0131 bir g\u00fc\u00e7 olur.<\/p>\n<p style=\"text-align: justify\">PKK bug\u00fcn Rojava\u2019dan \u00e7ekti\u011fi t\u00fcm kuzeyli kadrolar\u0131n\u0131 PJAK \u00e7at\u0131s\u0131 alt\u0131na sokmu\u015f, medyas\u0131n\u0131 PJAK\u2019\u0131n propagandas\u0131 ile g\u00f6revlendirmi\u015ftir. \u00a0Yani PKK bana bu karma\u015fadan ne d\u00fc\u015fer diye bekliyor.<\/p>\n<p style=\"text-align: justify\">PJAK\u2019\u0131n K\u00fcrt \u00f6rg\u00fctleri i\u00e7indeki ittifaka girmesi hatta onlardan daha fazla bu ittifak\u0131 savunmas\u0131 PJAK\u2019\u0131n misyonunu ve yap\u0131s\u0131n\u0131 de\u011fi\u015ftirmez.<\/p>\n<p style=\"text-align: justify\">As\u0131l mesele PJAK\u2019\u0131n kurulu\u015f ger\u00e7ekli\u011fi ve kime hizmet etti\u011fi sorusudur. Bu soru yan\u0131tlanmadan hi\u00e7bir ittifak ger\u00e7ek bir g\u00fcven in\u015fa edemez.\u00a0 Ve PJAK \u00fczerindeki ku\u015fkular giderilemez.<\/p>\n","protected":false},"excerpt":{"rendered":"<p>Rojhilat\u2019\u0131n \u00f6nde gelen 5 K\u00fcrt partisi, 24 \u015eubat g\u00fcn\u00fc kurduklar\u0131 &#8220;\u0130ran K\u00fcrdistan\u0131 Siyasi G\u00fc\u00e7leri \u0130ttifak\u0131\u2019n\u0131n deklarasyonunu kamuoyuna duyurdu. Bu ittifak\u0131n en tart\u0131\u015fmal\u0131 ismi ise PJAK. K\u00fcrtler ge\u00e7mi\u015fi \u015feffaf olmayan, karanl\u0131k operasyonlarda kullan\u0131lan PJAK\u2019\u0131n K\u00fcrtlerin gelece\u011fi i\u00e7in bu kadar \u00f6nemli bir ittifakta olmas\u0131 konusunda kayg\u0131lar ya\u015f\u0131yorlar. PJAK neden karanl\u0131kt\u0131r? PJAK Do\u011fu K\u00fcrdistanl\u0131 bir hareket de\u011fildir. \u00d6calan\u2019\u0131n [&hellip;]<\/p>\n","protected":false},"author":2,"featured_media":1036703,"comment_status":"closed","ping_status":"closed","sticky":false,"template":"","format":"standard","meta":{"footnotes":""},"categories":[26],"tags":[31],"class_list":["post-1036702","post","type-post","status-publish","format-standard","has-post-thumbnail","hentry","category-forum","tag-onemli"],"blocksy_meta":[],"seo_head":"<!-- This site is optimized with the Yoast SEO plugin v27.5 - https:\/\/yoast.com\/product\/yoast-seo-wordpress\/ -->\n<title>Do\u011fu K\u00fcrdistan \u0130ttifak\u0131nda Tart\u0131\u015fma: PJAK G\u00fcvenilir Bir Ortak m\u0131? - Darka Mazi<\/title>\n<meta name=\"robots\" content=\"index, follow, max-snippet:-1, max-image-preview:large, max-video-preview:-1\" \/>\n<link rel=\"canonical\" href=\"https:\/\/darkamazi.site\/archives\/1036702\" \/>\n<meta property=\"og:locale\" content=\"en_US\" \/>\n<meta property=\"og:type\" content=\"article\" \/>\n<meta property=\"og:title\" content=\"Do\u011fu K\u00fcrdistan \u0130ttifak\u0131nda Tart\u0131\u015fma: PJAK G\u00fcvenilir Bir Ortak m\u0131? - Darka Mazi\" \/>\n<meta property=\"og:description\" content=\"Rojhilat\u2019\u0131n \u00f6nde gelen 5 K\u00fcrt partisi, 24 \u015eubat g\u00fcn\u00fc kurduklar\u0131 &#8220;\u0130ran K\u00fcrdistan\u0131 Siyasi G\u00fc\u00e7leri \u0130ttifak\u0131\u2019n\u0131n deklarasyonunu kamuoyuna duyurdu. Bu ittifak\u0131n en tart\u0131\u015fmal\u0131 ismi ise PJAK. K\u00fcrtler ge\u00e7mi\u015fi \u015feffaf olmayan, karanl\u0131k operasyonlarda kullan\u0131lan PJAK\u2019\u0131n K\u00fcrtlerin gelece\u011fi i\u00e7in bu kadar \u00f6nemli bir ittifakta olmas\u0131 konusunda kayg\u0131lar ya\u015f\u0131yorlar. PJAK neden karanl\u0131kt\u0131r? PJAK Do\u011fu K\u00fcrdistanl\u0131 bir hareket de\u011fildir. \u00d6calan\u2019\u0131n [&hellip;]\" \/>\n<meta property=\"og:url\" content=\"https:\/\/darkamazi.site\/archives\/1036702\" \/>\n<meta property=\"og:site_name\" content=\"Darka Mazi\" \/>\n<meta property=\"article:publisher\" content=\"https:\/\/www.facebook.com\/DarkaMaziturkce\" \/>\n<meta property=\"article:published_time\" content=\"2026-03-13T15:42:09+00:00\" \/>\n<meta property=\"og:image\" content=\"https:\/\/darkamazi.site\/file\/2026\/03\/Rojhilat-Pjak-Info.jpg\" \/>\n\t<meta property=\"og:image:width\" content=\"900\" \/>\n\t<meta property=\"og:image:height\" content=\"475\" \/>\n\t<meta property=\"og:image:type\" content=\"image\/jpeg\" \/>\n<meta name=\"author\" content=\"darka mazi\" \/>\n<meta name=\"twitter:card\" content=\"summary_large_image\" \/>\n<meta name=\"twitter:creator\" content=\"@DarkaMaziTurkce\" \/>\n<meta name=\"twitter:site\" content=\"@DarkaMaziTurkce\" \/>\n<meta name=\"twitter:label1\" content=\"Written by\" \/>\n\t<meta name=\"twitter:data1\" content=\"darka mazi\" \/>\n\t<meta name=\"twitter:label2\" content=\"Est. reading time\" \/>\n\t<meta name=\"twitter:data2\" content=\"3 minutes\" \/>\n<script type=\"application\/ld+json\" class=\"seo-schema-graph\">{\"@context\":\"https:\\\/\\\/schema.org\",\"@graph\":[{\"@type\":\"NewsArticle\",\"@id\":\"https:\\\/\\\/darkamazi.site\\\/archives\\\/1036702#article\",\"isPartOf\":{\"@id\":\"https:\\\/\\\/darkamazi.site\\\/archives\\\/1036702\"},\"author\":{\"name\":\"darka mazi\",\"@id\":\"https:\\\/\\\/darkamazi.site\\\/#\\\/schema\\\/person\\\/67986a95ac546c16760365877ef4a9d3\"},\"headline\":\"Do\u011fu K\u00fcrdistan \u0130ttifak\u0131nda Tart\u0131\u015fma: PJAK G\u00fcvenilir Bir Ortak m\u0131?\",\"datePublished\":\"2026-03-13T15:42:09+00:00\",\"mainEntityOfPage\":{\"@id\":\"https:\\\/\\\/darkamazi.site\\\/archives\\\/1036702\"},\"wordCount\":638,\"publisher\":{\"@id\":\"https:\\\/\\\/darkamazi.site\\\/#organization\"},\"image\":{\"@id\":\"https:\\\/\\\/darkamazi.site\\\/archives\\\/1036702#primaryimage\"},\"thumbnailUrl\":\"https:\\\/\\\/darkamazi.site\\\/darka-content\\\/uploads\\\/2026\\\/03\\\/Rojhilat-Pjak-Info.jpg\",\"keywords\":[\"\u00f6nemli\"],\"articleSection\":[\"Forum\"],\"inLanguage\":\"en-US\"},{\"@type\":\"WebPage\",\"@id\":\"https:\\\/\\\/darkamazi.site\\\/archives\\\/1036702\",\"url\":\"https:\\\/\\\/darkamazi.site\\\/archives\\\/1036702\",\"name\":\"Do\u011fu K\u00fcrdistan \u0130ttifak\u0131nda Tart\u0131\u015fma: PJAK G\u00fcvenilir Bir Ortak m\u0131? - Darka Mazi\",\"isPartOf\":{\"@id\":\"https:\\\/\\\/darkamazi.site\\\/#website\"},\"primaryImageOfPage\":{\"@id\":\"https:\\\/\\\/darkamazi.site\\\/archives\\\/1036702#primaryimage\"},\"image\":{\"@id\":\"https:\\\/\\\/darkamazi.site\\\/archives\\\/1036702#primaryimage\"},\"thumbnailUrl\":\"https:\\\/\\\/darkamazi.site\\\/darka-content\\\/uploads\\\/2026\\\/03\\\/Rojhilat-Pjak-Info.jpg\",\"datePublished\":\"2026-03-13T15:42:09+00:00\",\"breadcrumb\":{\"@id\":\"https:\\\/\\\/darkamazi.site\\\/archives\\\/1036702#breadcrumb\"},\"inLanguage\":\"en-US\",\"potentialAction\":[{\"@type\":\"ReadAction\",\"target\":[\"https:\\\/\\\/darkamazi.site\\\/archives\\\/1036702\"]}]},{\"@type\":\"ImageObject\",\"inLanguage\":\"en-US\",\"@id\":\"https:\\\/\\\/darkamazi.site\\\/archives\\\/1036702#primaryimage\",\"url\":\"https:\\\/\\\/darkamazi.site\\\/darka-content\\\/uploads\\\/2026\\\/03\\\/Rojhilat-Pjak-Info.jpg\",\"contentUrl\":\"https:\\\/\\\/darkamazi.site\\\/darka-content\\\/uploads\\\/2026\\\/03\\\/Rojhilat-Pjak-Info.jpg\",\"width\":900,\"height\":475,\"caption\":\"Do\u011fu K\u00fcrdistan \u0130ttifak\u0131nda Tart\u0131\u015fma: PJAK G\u00fcvenilir Bir Ortak m\u0131?\"},{\"@type\":\"BreadcrumbList\",\"@id\":\"https:\\\/\\\/darkamazi.site\\\/archives\\\/1036702#breadcrumb\",\"itemListElement\":[{\"@type\":\"ListItem\",\"position\":1,\"name\":\"Home\",\"item\":\"https:\\\/\\\/darkamazi.site\\\/\"},{\"@type\":\"ListItem\",\"position\":2,\"name\":\"Do\u011fu K\u00fcrdistan \u0130ttifak\u0131nda Tart\u0131\u015fma: PJAK G\u00fcvenilir Bir Ortak m\u0131?\"}]},{\"@type\":\"WebSite\",\"@id\":\"https:\\\/\\\/darkamazi.site\\\/#website\",\"url\":\"https:\\\/\\\/darkamazi.site\\\/\",\"name\":\"Darka Mazi\",\"description\":\"Ana Sayfa\",\"publisher\":{\"@id\":\"https:\\\/\\\/darkamazi.site\\\/#organization\"},\"potentialAction\":[{\"@type\":\"SearchAction\",\"target\":{\"@type\":\"EntryPoint\",\"urlTemplate\":\"https:\\\/\\\/darkamazi.site\\\/?s={search_term_string}\"},\"query-input\":{\"@type\":\"PropertyValueSpecification\",\"valueRequired\":true,\"valueName\":\"search_term_string\"}}],\"inLanguage\":\"en-US\"},{\"@type\":\"Organization\",\"@id\":\"https:\\\/\\\/darkamazi.site\\\/#organization\",\"name\":\"Darka Mazi T\u00fcrk\u00e7e\",\"alternateName\":\"Darka Mazi\",\"url\":\"https:\\\/\\\/darkamazi.site\\\/\",\"logo\":{\"@type\":\"ImageObject\",\"inLanguage\":\"en-US\",\"@id\":\"https:\\\/\\\/darkamazi.site\\\/#\\\/schema\\\/logo\\\/image\\\/\",\"url\":\"https:\\\/\\\/darkamazi.site\\\/darka-content\\\/uploads\\\/2017\\\/12\\\/darka-mazi-logo.png\",\"contentUrl\":\"https:\\\/\\\/darkamazi.site\\\/darka-content\\\/uploads\\\/2017\\\/12\\\/darka-mazi-logo.png\",\"width\":151,\"height\":75,\"caption\":\"Darka Mazi T\u00fcrk\u00e7e\"},\"image\":{\"@id\":\"https:\\\/\\\/darkamazi.site\\\/#\\\/schema\\\/logo\\\/image\\\/\"},\"sameAs\":[\"https:\\\/\\\/www.facebook.com\\\/DarkaMaziturkce\",\"https:\\\/\\\/x.com\\\/DarkaMaziTurkce\"]},{\"@type\":\"Person\",\"@id\":\"https:\\\/\\\/darkamazi.site\\\/#\\\/schema\\\/person\\\/67986a95ac546c16760365877ef4a9d3\",\"name\":\"darka mazi\",\"sameAs\":[\"https:\\\/\\\/darkamazi.site\"],\"url\":\"https:\\\/\\\/darkamazi.site\\\/archives\\\/author\\\/turkish\"}]}<\/script>\n<!-- \/ Yoast SEO plugin. -->","seo_head_json":{"title":"Do\u011fu K\u00fcrdistan \u0130ttifak\u0131nda Tart\u0131\u015fma: PJAK G\u00fcvenilir Bir Ortak m\u0131? - Darka Mazi","robots":{"index":"index","follow":"follow","max-snippet":"max-snippet:-1","max-image-preview":"max-image-preview:large","max-video-preview":"max-video-preview:-1"},"canonical":"https:\/\/darkamazi.site\/archives\/1036702","og_locale":"en_US","og_type":"article","og_title":"Do\u011fu K\u00fcrdistan \u0130ttifak\u0131nda Tart\u0131\u015fma: PJAK G\u00fcvenilir Bir Ortak m\u0131? - Darka Mazi","og_description":"Rojhilat\u2019\u0131n \u00f6nde gelen 5 K\u00fcrt partisi, 24 \u015eubat g\u00fcn\u00fc kurduklar\u0131 &#8220;\u0130ran K\u00fcrdistan\u0131 Siyasi G\u00fc\u00e7leri \u0130ttifak\u0131\u2019n\u0131n deklarasyonunu kamuoyuna duyurdu. Bu ittifak\u0131n en tart\u0131\u015fmal\u0131 ismi ise PJAK. K\u00fcrtler ge\u00e7mi\u015fi \u015feffaf olmayan, karanl\u0131k operasyonlarda kullan\u0131lan PJAK\u2019\u0131n K\u00fcrtlerin gelece\u011fi i\u00e7in bu kadar \u00f6nemli bir ittifakta olmas\u0131 konusunda kayg\u0131lar ya\u015f\u0131yorlar. PJAK neden karanl\u0131kt\u0131r? PJAK Do\u011fu K\u00fcrdistanl\u0131 bir hareket de\u011fildir. \u00d6calan\u2019\u0131n [&hellip;]","og_url":"https:\/\/darkamazi.site\/archives\/1036702","og_site_name":"Darka Mazi","article_publisher":"https:\/\/www.facebook.com\/DarkaMaziturkce","article_published_time":"2026-03-13T15:42:09+00:00","og_image":[{"width":900,"height":475,"url":"https:\/\/darkamazi.site\/file\/2026\/03\/Rojhilat-Pjak-Info.jpg","type":"image\/jpeg"}],"author":"darka mazi","twitter_card":"summary_large_image","twitter_creator":"@DarkaMaziTurkce","twitter_site":"@DarkaMaziTurkce","twitter_misc":{"Written by":"darka mazi","Est. reading time":"3 minutes"},"schema":{"@context":"https:\/\/schema.org","@graph":[{"@type":"NewsArticle","@id":"https:\/\/darkamazi.site\/archives\/1036702#article","isPartOf":{"@id":"https:\/\/darkamazi.site\/archives\/1036702"},"author":{"name":"darka mazi","@id":"https:\/\/darkamazi.site\/#\/schema\/person\/67986a95ac546c16760365877ef4a9d3"},"headline":"Do\u011fu K\u00fcrdistan \u0130ttifak\u0131nda Tart\u0131\u015fma: PJAK G\u00fcvenilir Bir Ortak m\u0131?","datePublished":"2026-03-13T15:42:09+00:00","mainEntityOfPage":{"@id":"https:\/\/darkamazi.site\/archives\/1036702"},"wordCount":638,"publisher":{"@id":"https:\/\/darkamazi.site\/#organization"},"image":{"@id":"https:\/\/darkamazi.site\/archives\/1036702#primaryimage"},"thumbnailUrl":"https:\/\/darkamazi.site\/file\/2026\/03\/Rojhilat-Pjak-Info.jpg","keywords":["\u00f6nemli"],"articleSection":["Forum"],"inLanguage":"en-US"},{"@type":"WebPage","@id":"https:\/\/darkamazi.site\/archives\/1036702","url":"https:\/\/darkamazi.site\/archives\/1036702","name":"Do\u011fu K\u00fcrdistan \u0130ttifak\u0131nda Tart\u0131\u015fma: PJAK G\u00fcvenilir Bir Ortak m\u0131? - Darka Mazi","isPartOf":{"@id":"https:\/\/darkamazi.site\/#website"},"primaryImageOfPage":{"@id":"https:\/\/darkamazi.site\/archives\/1036702#primaryimage"},"image":{"@id":"https:\/\/darkamazi.site\/archives\/1036702#primaryimage"},"thumbnailUrl":"https:\/\/darkamazi.site\/file\/2026\/03\/Rojhilat-Pjak-Info.jpg","datePublished":"2026-03-13T15:42:09+00:00","breadcrumb":{"@id":"https:\/\/darkamazi.site\/archives\/1036702#breadcrumb"},"inLanguage":"en-US","potentialAction":[{"@type":"ReadAction","target":["https:\/\/darkamazi.site\/archives\/1036702"]}]},{"@type":"ImageObject","inLanguage":"en-US","@id":"https:\/\/darkamazi.site\/archives\/1036702#primaryimage","url":"https:\/\/darkamazi.site\/file\/2026\/03\/Rojhilat-Pjak-Info.jpg","contentUrl":"https:\/\/darkamazi.site\/file\/2026\/03\/Rojhilat-Pjak-Info.jpg","width":900,"height":475,"caption":"Do\u011fu K\u00fcrdistan \u0130ttifak\u0131nda Tart\u0131\u015fma: PJAK G\u00fcvenilir Bir Ortak m\u0131?"},{"@type":"BreadcrumbList","@id":"https:\/\/darkamazi.site\/archives\/1036702#breadcrumb","itemListElement":[{"@type":"ListItem","position":1,"name":"Home","item":"https:\/\/darkamazi.site\/"},{"@type":"ListItem","position":2,"name":"Do\u011fu K\u00fcrdistan \u0130ttifak\u0131nda Tart\u0131\u015fma: PJAK G\u00fcvenilir Bir Ortak m\u0131?"}]},{"@type":"WebSite","@id":"https:\/\/darkamazi.site\/#website","url":"https:\/\/darkamazi.site\/","name":"Darka Mazi","description":"Ana Sayfa","publisher":{"@id":"https:\/\/darkamazi.site\/#organization"},"potentialAction":[{"@type":"SearchAction","target":{"@type":"EntryPoint","urlTemplate":"https:\/\/darkamazi.site\/?s={search_term_string}"},"query-input":{"@type":"PropertyValueSpecification","valueRequired":true,"valueName":"search_term_string"}}],"inLanguage":"en-US"},{"@type":"Organization","@id":"https:\/\/darkamazi.site\/#organization","name":"Darka Mazi T\u00fcrk\u00e7e","alternateName":"Darka Mazi","url":"https:\/\/darkamazi.site\/","logo":{"@type":"ImageObject","inLanguage":"en-US","@id":"https:\/\/darkamazi.site\/#\/schema\/logo\/image\/","url":"https:\/\/darkamazi.site\/file\/2017\/12\/darka-mazi-logo.png","contentUrl":"https:\/\/darkamazi.site\/file\/2017\/12\/darka-mazi-logo.png","width":151,"height":75,"caption":"Darka Mazi T\u00fcrk\u00e7e"},"image":{"@id":"https:\/\/darkamazi.site\/#\/schema\/logo\/image\/"},"sameAs":["https:\/\/www.facebook.com\/DarkaMaziturkce","https:\/\/x.com\/DarkaMaziTurkce"]},{"@type":"Person","@id":"https:\/\/darkamazi.site\/#\/schema\/person\/67986a95ac546c16760365877ef4a9d3","name":"darka mazi","sameAs":["https:\/\/darkamazi.site"],"url":"https:\/\/darkamazi.site\/archives\/author\/turkish"}]}},"_links":{"self":[{"href":"https:\/\/darkamazi.site\/funavuv\/wp\/v2\/posts\/1036702","targetHints":{"allow":["GET"]}}],"collection":[{"href":"https:\/\/darkamazi.site\/funavuv\/wp\/v2\/posts"}],"about":[{"href":"https:\/\/darkamazi.site\/funavuv\/wp\/v2\/types\/post"}],"author":[{"embeddable":true,"href":"https:\/\/darkamazi.site\/funavuv\/wp\/v2\/users\/2"}],"replies":[{"embeddable":true,"href":"https:\/\/darkamazi.site\/funavuv\/wp\/v2\/comments?post=1036702"}],"version-history":[{"count":0,"href":"https:\/\/darkamazi.site\/funavuv\/wp\/v2\/posts\/1036702\/revisions"}],"wp:featuredmedia":[{"embeddable":true,"href":"https:\/\/darkamazi.site\/funavuv\/wp\/v2\/media\/1036703"}],"wp:attachment":[{"href":"https:\/\/darkamazi.site\/funavuv\/wp\/v2\/media?parent=1036702"}],"wp:term":[{"taxonomy":"category","embeddable":true,"href":"https:\/\/darkamazi.site\/funavuv\/wp\/v2\/categories?post=1036702"},{"taxonomy":"post_tag","embeddable":true,"href":"https:\/\/darkamazi.site\/funavuv\/wp\/v2\/tags?post=1036702"}],"curies":[{"name":"wp","href":"https:\/\/api.w.org\/{rel}","templated":true}]}}