{"id":1036705,"date":"2026-03-14T13:16:59","date_gmt":"2026-03-14T10:16:59","guid":{"rendered":"https:\/\/darkamazi.site\/?p=1036705"},"modified":"2026-03-14T13:18:11","modified_gmt":"2026-03-14T10:18:11","slug":"kurt-mucadelesinin-olumsuz-lideri-123-yasinda-bugun-mele-mustafa-barzaninin-dogum-gunu","status":"publish","type":"post","link":"https:\/\/darkamazi.site\/archives\/1036705","title":{"rendered":"K\u00fcrt M\u00fccadelesinin \u00f6l\u00fcms\u00fcz lideri  123 ya\u015f\u0131nda: Bug\u00fcn Mele Mustafa Barzani&#8217;nin do\u011fum g\u00fcn\u00fc"},"content":{"rendered":"<p style=\"text-align: justify\">Bug\u00fcn (14 Mart) K\u00fcrt ulusal \u00f6zg\u00fcrl\u00fck m\u00fccadelesinin sembol isimlerinden Mele Mustafa Barzani\u2019nin do\u011fum g\u00fcn\u00fc.<\/p>\n<p style=\"text-align: justify\">Efsanevi K\u00fcrt lider Mele Mustafa Barzani, 14 Mart 1903 y\u0131l\u0131nda Barzan k\u00f6y\u00fcnde d\u00fcnyaya geldi.<\/p>\n<p style=\"text-align: justify\">\u015eeyh Muhammed Barzani\u2019nin en k\u00fc\u00e7\u00fck o\u011flu olan Mele Mustafa Barzani, Osmanl\u0131 \u0130mparatorlu\u011fu d\u00f6neminde Hamidiye Alaylar\u0131 taraf\u0131ndan ailesiyle birlikte al\u0131konularak 9 ay Diyarbak\u0131r zindanlar\u0131nda kald\u0131.<\/p>\n<p style=\"text-align: justify\">16 ya\u015f\u0131nda Berzenci \u0130syan\u0131na kat\u0131ld\u0131, Pe\u015fmerge komutan\u0131 oldu.<\/p>\n<p style=\"text-align: justify\">A\u011fabeyi \u015eeyh Abdulselam Barzani, 1914\u2019te Musul\u2019da Osmanl\u0131 y\u00f6netimi taraf\u0131ndan idam edildi\u011finde hen\u00fcz 11 ya\u015f\u0131nda olan Mele Mustafa, 16 ya\u015f\u0131nda \u015eeyh Mahmud Berzenci \u00f6nc\u00fcl\u00fc\u011f\u00fcnde 1919\u2032da ba\u015flat\u0131lan isyana kat\u0131ld\u0131.<\/p>\n<p style=\"text-align: justify\">Bu ba\u015fkald\u0131r\u0131da Pe\u015fmerge komutan\u0131 olarak yer alan Barzani, 1931-32 y\u0131llar\u0131 aras\u0131nda \u0130ngilizlere kar\u015f\u0131 \u015eeyh Ahmed\u2019in ba\u015flatt\u0131\u011f\u0131 direni\u015fe Mergesor ve \u015eerwan Cephesi Komutan\u0131 s\u0131fat\u0131yla kat\u0131ld\u0131.<\/p>\n<p style=\"text-align: justify\">Irak h\u00fck\u00fcmeti ile birlikte a\u011f\u0131r bir sald\u0131r\u0131 ba\u015flatan \u0130ngilizler, yo\u011fun hava bombard\u0131man\u0131yla direni\u015fi k\u0131rd\u0131. Barzani \u00f6nce Basra, ard\u0131ndan da S\u00fcleymaniye\u2019ye s\u00fcrg\u00fcne g\u00f6nderildi.<\/p>\n<p style=\"text-align: justify\">10 y\u0131l s\u00fcren s\u00fcrg\u00fcn\u00fcn ard\u0131ndan S\u00fcleymaniye\u2019de H\u00eavi \u00f6rg\u00fct\u00fc ile ili\u015fki kuran Mele Mustafa, 1943 y\u0131l\u0131nda s\u00fcrg\u00fcnden firar ederek \u0130ran\u2019a (Rojh\u0131lat\u2019a) ge\u00e7ti.<\/p>\n<p style=\"text-align: justify\"><strong>K\u00fcrdistan Cumhuriyeti\u2019nin kurulu\u015funda yer ald\u0131<\/strong><\/p>\n<p style=\"text-align: justify\">1945\u2032te direni\u015fin kanl\u0131 bir \u015fekilde bast\u0131r\u0131lmas\u0131 \u00fczerine sa\u011f kalan Pe\u015fmergeleriyle birlikte Do\u011fu (Rojh\u0131lat) K\u00fcrdistan\u2019a ge\u00e7erek, 13 Ocak 1946\u2032da ilan edilen Mahabad merkezli K\u00fcrdistan Cumhuriyeti\u2019nin kurulu\u015funda yer ald\u0131. Barzani, K\u00fcrdistan Cumhuriyeti\u2019nde t\u00fcmgeneral r\u00fctbesiyle ba\u015fkomutanl\u0131\u011fa getirildi.<\/p>\n<p style=\"text-align: justify\">Mele Mustafa Barzani, 16 A\u011fustos 1946\u2019da K\u00fcrdistan Demokrat Partisi\u2019ni (PDK) kurdu.<\/p>\n<p style=\"text-align: justify\">Aral\u0131k 1946\u2019da Sovyet ordusunun \u0130ran&#8217;dan \u00e7ekilmesinin ard\u0131ndan \u0130ran g\u00fc\u00e7lerinin sald\u0131r\u0131s\u0131 \u00fczerine K\u00fcrdistan Cumhuriyeti da\u011f\u0131ld\u0131.<\/p>\n<p style=\"text-align: justify\">K\u00fcrdistan Cumhuriyeti\u2019nin y\u0131k\u0131lmas\u0131n\u0131n ard\u0131ndan 500 Pe\u015fmergesiyle birlikte Haziran 1947\u2032de Sovyetler Birli\u011fi\u2019ne ge\u00e7ti.<\/p>\n<p style=\"text-align: justify\">Sovyetler Birli\u011fi\u2019nde kald\u0131\u011f\u0131 d\u00f6nemde Moskova Dil Enstit\u00fcs\u00fc\u2019nde \u00f6\u011frenim g\u00f6ren Barzani, 1958\u2032de Irak\u2019ta Abd\u00fclkerim Kas\u0131m\u2019\u0131n krall\u0131k y\u00f6netimine kar\u015f\u0131 darbe yapmas\u0131 \u00fczerine G\u00fcney K\u00fcrdistan\u2019a d\u00f6nd\u00fc ve burada yasal olarak tan\u0131nan KDP\u2019nin ba\u015f\u0131na ge\u00e7ti.<\/p>\n<p style=\"text-align: justify\"><strong>Eyl\u00fcl Devrimi\u2019ni ba\u015flatt\u0131<\/strong><\/p>\n<p style=\"text-align: justify\">Yeni h\u00fck\u00fcmetin K\u00fcrt halk\u0131n\u0131n haklar\u0131yla ilgili oyalay\u0131c\u0131 tavr\u0131n\u0131n s\u00fcrmesi \u00fczerine Mele Mustafa Barzani, 11 Eyl\u00fcl 1961\u2032de K\u00fcrdistan tarihine \u201cEyl\u00fcl Devrimi\u201d\u00a0 olarak ge\u00e7en yeni bir devrime \u00f6nc\u00fcl\u00fck etti. Musul ve Kerk\u00fck dahil bir\u00e7ok K\u00fcrt \u015fehrini kurtar\u0131lm\u0131\u015f K\u00fcrt b\u00f6lgesi ilan etti.<\/p>\n<p style=\"text-align: justify\">1966\u2032da Irak yetkilileriyle ba\u015flayan m\u00fczakereler sonucu, 1970 y\u0131l\u0131nda Irak h\u00fck\u00fcmeti ile K\u00fcrt halk\u0131 ad\u0131na PDK Ba\u015fkan\u0131 s\u0131fat\u0131yla Otonomi Anla\u015fmas\u0131\u2019n\u0131 imzalad\u0131. Ancak Ba\u011fdat y\u00f6netimi anla\u015fman\u0131n hi\u00e7bir maddesine uymad\u0131. Bunun \u00fczerine Mele Mustafa Barzani \u00f6nc\u00fcl\u00fc\u011f\u00fcndeki K\u00fcrtler 12 Mart 1974\u2032te tekrar direni\u015fe ba\u015flad\u0131.<\/p>\n<p style=\"text-align: justify\">1975\u2032e kadar K\u00fcrt taraf\u0131n\u0131n \u00fcst\u00fcnl\u00fc\u011f\u00fcyle s\u00fcren direni\u015f, 6 Mart 1975&#8217;te imzalanan Cezayir Anla\u015fmas\u0131&#8217;yla, baz\u0131 tavizler kar\u015f\u0131l\u0131\u011f\u0131nda Irak ile anla\u015fmaya varan \u0130ran \u015fah\u0131 Muhammed R\u0131za Pehlevi&#8217;nin K\u00fcrtlerle yapt\u0131\u011f\u0131 ittifak s\u00f6zle\u015fmesine ihanet etmesiyle tam tersine d\u00f6nd\u00fc ve Barzani\u2019nin t\u00fcm giri\u015fimleri sonu\u00e7suz kald\u0131.<\/p>\n<p style=\"text-align: justify\"><strong>1 Mart 1979\u2019da vefat etti<\/strong><\/p>\n<p style=\"text-align: justify\">Barzani bu y\u0131llarda rahats\u0131zland\u0131\u011f\u0131 i\u00e7in \u00f6nce \u0130ran\u2019a ard\u0131ndan da 1976\u2032da tedavi amac\u0131yla Amerika\u2019ya gitti.<\/p>\n<p style=\"text-align: justify\">1 Mart 1979\u2032da Washington\u2019daki George Town Hastanesi\u2019nde hayata g\u00f6zlerini yumdu.<\/p>\n<p style=\"text-align: justify\">Naa\u015f\u0131 Do\u011fu K\u00fcrdistan\u2019\u0131n \u015eino kentinde defnedildi.<\/p>\n<p style=\"text-align: justify\">1991 y\u0131l\u0131nda G\u00fcney K\u00fcrdistan\u2019da B\u00fcy\u00fck Ayaklanma\u2019n\u0131n (Raperin) ba\u015far\u0131ya ula\u015fmas\u0131yla birlikte naa\u015f\u0131 Barzan\u2019a getirildi.<\/p>\n<p style=\"text-align: justify\">Efsanevi K\u00fcrt lider Mele Mustefa Barzani, her y\u0131l oldu\u011fu gibi bu y\u0131l da do\u011fum y\u0131l d\u00f6n\u00fcm\u00fcnde K\u00fcrdistan B\u00f6lgesi\u2019nde ve di\u011fer merkezlerde de\u011fi\u015fik etkinliklerle an\u0131l\u0131yor.<\/p>\n","protected":false},"excerpt":{"rendered":"<p>Bug\u00fcn (14 Mart) K\u00fcrt ulusal \u00f6zg\u00fcrl\u00fck m\u00fccadelesinin sembol isimlerinden Mele Mustafa Barzani\u2019nin do\u011fum g\u00fcn\u00fc. Efsanevi K\u00fcrt lider Mele Mustafa Barzani, 14 Mart 1903 y\u0131l\u0131nda Barzan k\u00f6y\u00fcnde d\u00fcnyaya geldi. \u015eeyh Muhammed Barzani\u2019nin en k\u00fc\u00e7\u00fck o\u011flu olan Mele Mustafa Barzani, Osmanl\u0131 \u0130mparatorlu\u011fu d\u00f6neminde Hamidiye Alaylar\u0131 taraf\u0131ndan ailesiyle birlikte al\u0131konularak 9 ay Diyarbak\u0131r zindanlar\u0131nda kald\u0131. 16 ya\u015f\u0131nda Berzenci [&hellip;]<\/p>\n","protected":false},"author":2,"featured_media":1036707,"comment_status":"closed","ping_status":"closed","sticky":false,"template":"","format":"standard","meta":{"footnotes":""},"categories":[3],"tags":[31],"class_list":["post-1036705","post","type-post","status-publish","format-standard","has-post-thumbnail","hentry","category-kurdistan","tag-onemli"],"blocksy_meta":[],"seo_head":"<!-- This site is optimized with the Yoast SEO plugin v27.5 - https:\/\/yoast.com\/product\/yoast-seo-wordpress\/ -->\n<title>K\u00fcrt M\u00fccadelesinin \u00f6l\u00fcms\u00fcz lideri 123 ya\u015f\u0131nda: Bug\u00fcn Mele Mustafa Barzani&#039;nin do\u011fum g\u00fcn\u00fc - Darka Mazi<\/title>\n<meta name=\"robots\" content=\"index, follow, max-snippet:-1, max-image-preview:large, max-video-preview:-1\" \/>\n<link rel=\"canonical\" href=\"https:\/\/darkamazi.site\/archives\/1036705\" \/>\n<meta property=\"og:locale\" content=\"en_US\" \/>\n<meta property=\"og:type\" content=\"article\" \/>\n<meta property=\"og:title\" content=\"K\u00fcrt M\u00fccadelesinin \u00f6l\u00fcms\u00fcz lideri 123 ya\u015f\u0131nda: Bug\u00fcn Mele Mustafa Barzani&#039;nin do\u011fum g\u00fcn\u00fc - Darka Mazi\" \/>\n<meta property=\"og:description\" content=\"Bug\u00fcn (14 Mart) K\u00fcrt ulusal \u00f6zg\u00fcrl\u00fck m\u00fccadelesinin sembol isimlerinden Mele Mustafa Barzani\u2019nin do\u011fum g\u00fcn\u00fc. Efsanevi K\u00fcrt lider Mele Mustafa Barzani, 14 Mart 1903 y\u0131l\u0131nda Barzan k\u00f6y\u00fcnde d\u00fcnyaya geldi. \u015eeyh Muhammed Barzani\u2019nin en k\u00fc\u00e7\u00fck o\u011flu olan Mele Mustafa Barzani, Osmanl\u0131 \u0130mparatorlu\u011fu d\u00f6neminde Hamidiye Alaylar\u0131 taraf\u0131ndan ailesiyle birlikte al\u0131konularak 9 ay Diyarbak\u0131r zindanlar\u0131nda kald\u0131. 16 ya\u015f\u0131nda Berzenci [&hellip;]\" \/>\n<meta property=\"og:url\" content=\"https:\/\/darkamazi.site\/archives\/1036705\" \/>\n<meta property=\"og:site_name\" content=\"Darka Mazi\" \/>\n<meta property=\"article:publisher\" content=\"https:\/\/www.facebook.com\/DarkaMaziturkce\" \/>\n<meta property=\"article:published_time\" content=\"2026-03-14T10:16:59+00:00\" \/>\n<meta property=\"article:modified_time\" content=\"2026-03-14T10:18:11+00:00\" \/>\n<meta property=\"og:image\" content=\"https:\/\/darkamazi.site\/file\/2026\/03\/Mele-Mistefa-Barzani-1-1.jpg\" \/>\n\t<meta property=\"og:image:width\" content=\"900\" \/>\n\t<meta property=\"og:image:height\" content=\"497\" \/>\n\t<meta property=\"og:image:type\" content=\"image\/jpeg\" \/>\n<meta name=\"author\" content=\"darka mazi\" \/>\n<meta name=\"twitter:card\" content=\"summary_large_image\" \/>\n<meta name=\"twitter:creator\" content=\"@DarkaMaziTurkce\" \/>\n<meta name=\"twitter:site\" content=\"@DarkaMaziTurkce\" \/>\n<meta name=\"twitter:label1\" content=\"Written by\" \/>\n\t<meta name=\"twitter:data1\" content=\"darka mazi\" \/>\n\t<meta name=\"twitter:label2\" content=\"Est. reading time\" \/>\n\t<meta name=\"twitter:data2\" content=\"3 minutes\" \/>\n<script type=\"application\/ld+json\" class=\"seo-schema-graph\">{\"@context\":\"https:\\\/\\\/schema.org\",\"@graph\":[{\"@type\":\"NewsArticle\",\"@id\":\"https:\\\/\\\/darkamazi.site\\\/archives\\\/1036705#article\",\"isPartOf\":{\"@id\":\"https:\\\/\\\/darkamazi.site\\\/archives\\\/1036705\"},\"author\":{\"name\":\"darka mazi\",\"@id\":\"https:\\\/\\\/darkamazi.site\\\/#\\\/schema\\\/person\\\/67986a95ac546c16760365877ef4a9d3\"},\"headline\":\"K\u00fcrt M\u00fccadelesinin \u00f6l\u00fcms\u00fcz lideri 123 ya\u015f\u0131nda: Bug\u00fcn Mele Mustafa Barzani&#8217;nin do\u011fum g\u00fcn\u00fc\",\"datePublished\":\"2026-03-14T10:16:59+00:00\",\"dateModified\":\"2026-03-14T10:18:11+00:00\",\"mainEntityOfPage\":{\"@id\":\"https:\\\/\\\/darkamazi.site\\\/archives\\\/1036705\"},\"wordCount\":719,\"publisher\":{\"@id\":\"https:\\\/\\\/darkamazi.site\\\/#organization\"},\"image\":{\"@id\":\"https:\\\/\\\/darkamazi.site\\\/archives\\\/1036705#primaryimage\"},\"thumbnailUrl\":\"https:\\\/\\\/darkamazi.site\\\/darka-content\\\/uploads\\\/2026\\\/03\\\/Mele-Mistefa-Barzani-1-1.jpg\",\"keywords\":[\"\u00f6nemli\"],\"articleSection\":[\"Kurdistan\"],\"inLanguage\":\"en-US\"},{\"@type\":\"WebPage\",\"@id\":\"https:\\\/\\\/darkamazi.site\\\/archives\\\/1036705\",\"url\":\"https:\\\/\\\/darkamazi.site\\\/archives\\\/1036705\",\"name\":\"K\u00fcrt M\u00fccadelesinin \u00f6l\u00fcms\u00fcz lideri 123 ya\u015f\u0131nda: Bug\u00fcn Mele Mustafa Barzani'nin do\u011fum g\u00fcn\u00fc - Darka Mazi\",\"isPartOf\":{\"@id\":\"https:\\\/\\\/darkamazi.site\\\/#website\"},\"primaryImageOfPage\":{\"@id\":\"https:\\\/\\\/darkamazi.site\\\/archives\\\/1036705#primaryimage\"},\"image\":{\"@id\":\"https:\\\/\\\/darkamazi.site\\\/archives\\\/1036705#primaryimage\"},\"thumbnailUrl\":\"https:\\\/\\\/darkamazi.site\\\/darka-content\\\/uploads\\\/2026\\\/03\\\/Mele-Mistefa-Barzani-1-1.jpg\",\"datePublished\":\"2026-03-14T10:16:59+00:00\",\"dateModified\":\"2026-03-14T10:18:11+00:00\",\"breadcrumb\":{\"@id\":\"https:\\\/\\\/darkamazi.site\\\/archives\\\/1036705#breadcrumb\"},\"inLanguage\":\"en-US\",\"potentialAction\":[{\"@type\":\"ReadAction\",\"target\":[\"https:\\\/\\\/darkamazi.site\\\/archives\\\/1036705\"]}]},{\"@type\":\"ImageObject\",\"inLanguage\":\"en-US\",\"@id\":\"https:\\\/\\\/darkamazi.site\\\/archives\\\/1036705#primaryimage\",\"url\":\"https:\\\/\\\/darkamazi.site\\\/darka-content\\\/uploads\\\/2026\\\/03\\\/Mele-Mistefa-Barzani-1-1.jpg\",\"contentUrl\":\"https:\\\/\\\/darkamazi.site\\\/darka-content\\\/uploads\\\/2026\\\/03\\\/Mele-Mistefa-Barzani-1-1.jpg\",\"width\":900,\"height\":497,\"caption\":\"K\u00fcrt M\u00fccadelesinin \u00f6l\u00fcms\u00fcz lideri 123 ya\u015f\u0131nda: Bug\u00fcn Mele Mustafa Barzani'nin do\u011fum g\u00fcn\u00fc\"},{\"@type\":\"BreadcrumbList\",\"@id\":\"https:\\\/\\\/darkamazi.site\\\/archives\\\/1036705#breadcrumb\",\"itemListElement\":[{\"@type\":\"ListItem\",\"position\":1,\"name\":\"Home\",\"item\":\"https:\\\/\\\/darkamazi.site\\\/\"},{\"@type\":\"ListItem\",\"position\":2,\"name\":\"K\u00fcrt M\u00fccadelesinin \u00f6l\u00fcms\u00fcz lideri 123 ya\u015f\u0131nda: Bug\u00fcn Mele Mustafa Barzani&#8217;nin do\u011fum g\u00fcn\u00fc\"}]},{\"@type\":\"WebSite\",\"@id\":\"https:\\\/\\\/darkamazi.site\\\/#website\",\"url\":\"https:\\\/\\\/darkamazi.site\\\/\",\"name\":\"Darka Mazi\",\"description\":\"Ana Sayfa\",\"publisher\":{\"@id\":\"https:\\\/\\\/darkamazi.site\\\/#organization\"},\"potentialAction\":[{\"@type\":\"SearchAction\",\"target\":{\"@type\":\"EntryPoint\",\"urlTemplate\":\"https:\\\/\\\/darkamazi.site\\\/?s={search_term_string}\"},\"query-input\":{\"@type\":\"PropertyValueSpecification\",\"valueRequired\":true,\"valueName\":\"search_term_string\"}}],\"inLanguage\":\"en-US\"},{\"@type\":\"Organization\",\"@id\":\"https:\\\/\\\/darkamazi.site\\\/#organization\",\"name\":\"Darka Mazi T\u00fcrk\u00e7e\",\"alternateName\":\"Darka Mazi\",\"url\":\"https:\\\/\\\/darkamazi.site\\\/\",\"logo\":{\"@type\":\"ImageObject\",\"inLanguage\":\"en-US\",\"@id\":\"https:\\\/\\\/darkamazi.site\\\/#\\\/schema\\\/logo\\\/image\\\/\",\"url\":\"https:\\\/\\\/darkamazi.site\\\/darka-content\\\/uploads\\\/2017\\\/12\\\/darka-mazi-logo.png\",\"contentUrl\":\"https:\\\/\\\/darkamazi.site\\\/darka-content\\\/uploads\\\/2017\\\/12\\\/darka-mazi-logo.png\",\"width\":151,\"height\":75,\"caption\":\"Darka Mazi T\u00fcrk\u00e7e\"},\"image\":{\"@id\":\"https:\\\/\\\/darkamazi.site\\\/#\\\/schema\\\/logo\\\/image\\\/\"},\"sameAs\":[\"https:\\\/\\\/www.facebook.com\\\/DarkaMaziturkce\",\"https:\\\/\\\/x.com\\\/DarkaMaziTurkce\"]},{\"@type\":\"Person\",\"@id\":\"https:\\\/\\\/darkamazi.site\\\/#\\\/schema\\\/person\\\/67986a95ac546c16760365877ef4a9d3\",\"name\":\"darka mazi\",\"sameAs\":[\"https:\\\/\\\/darkamazi.site\"],\"url\":\"https:\\\/\\\/darkamazi.site\\\/archives\\\/author\\\/turkish\"}]}<\/script>\n<!-- \/ Yoast SEO plugin. -->","seo_head_json":{"title":"K\u00fcrt M\u00fccadelesinin \u00f6l\u00fcms\u00fcz lideri 123 ya\u015f\u0131nda: Bug\u00fcn Mele Mustafa Barzani'nin do\u011fum g\u00fcn\u00fc - Darka Mazi","robots":{"index":"index","follow":"follow","max-snippet":"max-snippet:-1","max-image-preview":"max-image-preview:large","max-video-preview":"max-video-preview:-1"},"canonical":"https:\/\/darkamazi.site\/archives\/1036705","og_locale":"en_US","og_type":"article","og_title":"K\u00fcrt M\u00fccadelesinin \u00f6l\u00fcms\u00fcz lideri 123 ya\u015f\u0131nda: Bug\u00fcn Mele Mustafa Barzani'nin do\u011fum g\u00fcn\u00fc - Darka Mazi","og_description":"Bug\u00fcn (14 Mart) K\u00fcrt ulusal \u00f6zg\u00fcrl\u00fck m\u00fccadelesinin sembol isimlerinden Mele Mustafa Barzani\u2019nin do\u011fum g\u00fcn\u00fc. Efsanevi K\u00fcrt lider Mele Mustafa Barzani, 14 Mart 1903 y\u0131l\u0131nda Barzan k\u00f6y\u00fcnde d\u00fcnyaya geldi. \u015eeyh Muhammed Barzani\u2019nin en k\u00fc\u00e7\u00fck o\u011flu olan Mele Mustafa Barzani, Osmanl\u0131 \u0130mparatorlu\u011fu d\u00f6neminde Hamidiye Alaylar\u0131 taraf\u0131ndan ailesiyle birlikte al\u0131konularak 9 ay Diyarbak\u0131r zindanlar\u0131nda kald\u0131. 16 ya\u015f\u0131nda Berzenci [&hellip;]","og_url":"https:\/\/darkamazi.site\/archives\/1036705","og_site_name":"Darka Mazi","article_publisher":"https:\/\/www.facebook.com\/DarkaMaziturkce","article_published_time":"2026-03-14T10:16:59+00:00","article_modified_time":"2026-03-14T10:18:11+00:00","og_image":[{"width":900,"height":497,"url":"https:\/\/darkamazi.site\/file\/2026\/03\/Mele-Mistefa-Barzani-1-1.jpg","type":"image\/jpeg"}],"author":"darka mazi","twitter_card":"summary_large_image","twitter_creator":"@DarkaMaziTurkce","twitter_site":"@DarkaMaziTurkce","twitter_misc":{"Written by":"darka mazi","Est. reading time":"3 minutes"},"schema":{"@context":"https:\/\/schema.org","@graph":[{"@type":"NewsArticle","@id":"https:\/\/darkamazi.site\/archives\/1036705#article","isPartOf":{"@id":"https:\/\/darkamazi.site\/archives\/1036705"},"author":{"name":"darka mazi","@id":"https:\/\/darkamazi.site\/#\/schema\/person\/67986a95ac546c16760365877ef4a9d3"},"headline":"K\u00fcrt M\u00fccadelesinin \u00f6l\u00fcms\u00fcz lideri 123 ya\u015f\u0131nda: Bug\u00fcn Mele Mustafa Barzani&#8217;nin do\u011fum g\u00fcn\u00fc","datePublished":"2026-03-14T10:16:59+00:00","dateModified":"2026-03-14T10:18:11+00:00","mainEntityOfPage":{"@id":"https:\/\/darkamazi.site\/archives\/1036705"},"wordCount":719,"publisher":{"@id":"https:\/\/darkamazi.site\/#organization"},"image":{"@id":"https:\/\/darkamazi.site\/archives\/1036705#primaryimage"},"thumbnailUrl":"https:\/\/darkamazi.site\/file\/2026\/03\/Mele-Mistefa-Barzani-1-1.jpg","keywords":["\u00f6nemli"],"articleSection":["Kurdistan"],"inLanguage":"en-US"},{"@type":"WebPage","@id":"https:\/\/darkamazi.site\/archives\/1036705","url":"https:\/\/darkamazi.site\/archives\/1036705","name":"K\u00fcrt M\u00fccadelesinin \u00f6l\u00fcms\u00fcz lideri 123 ya\u015f\u0131nda: Bug\u00fcn Mele Mustafa Barzani'nin do\u011fum g\u00fcn\u00fc - Darka Mazi","isPartOf":{"@id":"https:\/\/darkamazi.site\/#website"},"primaryImageOfPage":{"@id":"https:\/\/darkamazi.site\/archives\/1036705#primaryimage"},"image":{"@id":"https:\/\/darkamazi.site\/archives\/1036705#primaryimage"},"thumbnailUrl":"https:\/\/darkamazi.site\/file\/2026\/03\/Mele-Mistefa-Barzani-1-1.jpg","datePublished":"2026-03-14T10:16:59+00:00","dateModified":"2026-03-14T10:18:11+00:00","breadcrumb":{"@id":"https:\/\/darkamazi.site\/archives\/1036705#breadcrumb"},"inLanguage":"en-US","potentialAction":[{"@type":"ReadAction","target":["https:\/\/darkamazi.site\/archives\/1036705"]}]},{"@type":"ImageObject","inLanguage":"en-US","@id":"https:\/\/darkamazi.site\/archives\/1036705#primaryimage","url":"https:\/\/darkamazi.site\/file\/2026\/03\/Mele-Mistefa-Barzani-1-1.jpg","contentUrl":"https:\/\/darkamazi.site\/file\/2026\/03\/Mele-Mistefa-Barzani-1-1.jpg","width":900,"height":497,"caption":"K\u00fcrt M\u00fccadelesinin \u00f6l\u00fcms\u00fcz lideri 123 ya\u015f\u0131nda: Bug\u00fcn Mele Mustafa Barzani'nin do\u011fum g\u00fcn\u00fc"},{"@type":"BreadcrumbList","@id":"https:\/\/darkamazi.site\/archives\/1036705#breadcrumb","itemListElement":[{"@type":"ListItem","position":1,"name":"Home","item":"https:\/\/darkamazi.site\/"},{"@type":"ListItem","position":2,"name":"K\u00fcrt M\u00fccadelesinin \u00f6l\u00fcms\u00fcz lideri 123 ya\u015f\u0131nda: Bug\u00fcn Mele Mustafa Barzani&#8217;nin do\u011fum g\u00fcn\u00fc"}]},{"@type":"WebSite","@id":"https:\/\/darkamazi.site\/#website","url":"https:\/\/darkamazi.site\/","name":"Darka Mazi","description":"Ana Sayfa","publisher":{"@id":"https:\/\/darkamazi.site\/#organization"},"potentialAction":[{"@type":"SearchAction","target":{"@type":"EntryPoint","urlTemplate":"https:\/\/darkamazi.site\/?s={search_term_string}"},"query-input":{"@type":"PropertyValueSpecification","valueRequired":true,"valueName":"search_term_string"}}],"inLanguage":"en-US"},{"@type":"Organization","@id":"https:\/\/darkamazi.site\/#organization","name":"Darka Mazi T\u00fcrk\u00e7e","alternateName":"Darka Mazi","url":"https:\/\/darkamazi.site\/","logo":{"@type":"ImageObject","inLanguage":"en-US","@id":"https:\/\/darkamazi.site\/#\/schema\/logo\/image\/","url":"https:\/\/darkamazi.site\/file\/2017\/12\/darka-mazi-logo.png","contentUrl":"https:\/\/darkamazi.site\/file\/2017\/12\/darka-mazi-logo.png","width":151,"height":75,"caption":"Darka Mazi T\u00fcrk\u00e7e"},"image":{"@id":"https:\/\/darkamazi.site\/#\/schema\/logo\/image\/"},"sameAs":["https:\/\/www.facebook.com\/DarkaMaziturkce","https:\/\/x.com\/DarkaMaziTurkce"]},{"@type":"Person","@id":"https:\/\/darkamazi.site\/#\/schema\/person\/67986a95ac546c16760365877ef4a9d3","name":"darka mazi","sameAs":["https:\/\/darkamazi.site"],"url":"https:\/\/darkamazi.site\/archives\/author\/turkish"}]}},"_links":{"self":[{"href":"https:\/\/darkamazi.site\/funavuv\/wp\/v2\/posts\/1036705","targetHints":{"allow":["GET"]}}],"collection":[{"href":"https:\/\/darkamazi.site\/funavuv\/wp\/v2\/posts"}],"about":[{"href":"https:\/\/darkamazi.site\/funavuv\/wp\/v2\/types\/post"}],"author":[{"embeddable":true,"href":"https:\/\/darkamazi.site\/funavuv\/wp\/v2\/users\/2"}],"replies":[{"embeddable":true,"href":"https:\/\/darkamazi.site\/funavuv\/wp\/v2\/comments?post=1036705"}],"version-history":[{"count":0,"href":"https:\/\/darkamazi.site\/funavuv\/wp\/v2\/posts\/1036705\/revisions"}],"wp:featuredmedia":[{"embeddable":true,"href":"https:\/\/darkamazi.site\/funavuv\/wp\/v2\/media\/1036707"}],"wp:attachment":[{"href":"https:\/\/darkamazi.site\/funavuv\/wp\/v2\/media?parent=1036705"}],"wp:term":[{"taxonomy":"category","embeddable":true,"href":"https:\/\/darkamazi.site\/funavuv\/wp\/v2\/categories?post=1036705"},{"taxonomy":"post_tag","embeddable":true,"href":"https:\/\/darkamazi.site\/funavuv\/wp\/v2\/tags?post=1036705"}],"curies":[{"name":"wp","href":"https:\/\/api.w.org\/{rel}","templated":true}]}}