{"id":1036718,"date":"2026-03-14T19:29:57","date_gmt":"2026-03-14T16:29:57","guid":{"rendered":"https:\/\/darkamazi.site\/?p=1036718"},"modified":"2026-03-14T19:29:57","modified_gmt":"2026-03-14T16:29:57","slug":"kurdistan-bolgesinden-erbildeki-bae-baskonsolosluguna-yonelik-saldiriya-sert-kinama","status":"publish","type":"post","link":"https:\/\/darkamazi.site\/archives\/1036718","title":{"rendered":"K\u00fcrdistan B\u00f6lgesi&#8217;nden Erbil\u2019deki BAE Ba\u015fkonsoloslu\u011fu&#8217;na y\u00f6nelik sald\u0131r\u0131ya sert k\u0131nama"},"content":{"rendered":"<p style=\"text-align: justify\">K\u00fcrdistan B\u00f6lgesi Ba\u015fkanl\u0131\u011f\u0131, Birle\u015fik Arap Emirlikleri\u2019nin(BAE) Erbil Ba\u015fkonsoloslu\u011fu&#8217;na y\u00f6nelik ger\u00e7ekle\u015ftirilen sald\u0131r\u0131y\u0131 sert bir dille k\u0131nad\u0131.<\/p>\n<p style=\"text-align: justify\">BAE&#8217;nin Erbil Ba\u015fkonsoloslu\u011fu&#8217;nu hedef alan \u0130HA sald\u0131r\u0131s\u0131nda iki g\u00fcvenlik g\u00f6revlisinin yaraland\u0131\u011f\u0131 ve konsolosluk binas\u0131nda maddi hasar meydana geldi\u011fi bildirildi.<\/p>\n<p style=\"text-align: justify\">Olay\u0131n ard\u0131ndan K\u00fcrdistan B\u00f6lgesi Ba\u015fkanl\u0131\u011f\u0131 resmi bir a\u00e7\u0131klama yay\u0131mlad\u0131. Sald\u0131r\u0131n\u0131n \u015fiddetle k\u0131nand\u0131\u011f\u0131 a\u00e7\u0131klamada, yaralanan korumalara acil \u015fifalar dilendi.<\/p>\n<p style=\"text-align: justify\"><strong>Ba\u011fdat H\u00fck\u00fcmetine &#8220;diplomatik misyonlar\u0131 koruyun&#8221; \u00e7a\u011fr\u0131s\u0131<\/strong><\/p>\n<p style=\"text-align: justify\">K\u00fcrdistan B\u00f6lgesi Ba\u015fkanl\u0131\u011f\u0131, ya\u015fanan olay\u0131n ard\u0131ndan Irak Federal H\u00fck\u00fcmeti&#8217;ne de \u00f6nemli bir \u00e7a\u011fr\u0131da bulundu. Diplomatik misyonlar\u0131n g\u00fcvenli\u011finin sa\u011flanmas\u0131n\u0131n Ba\u011fdat y\u00f6netiminin sorumlulu\u011funda oldu\u011funa dikkat \u00e7ekilen a\u00e7\u0131klamada \u015fu ifadelere yer verildi:<\/p>\n<p style=\"text-align: justify\">&#8220;Irak h\u00fck\u00fcmetinin diplomatik misyonlar\u0131 koruma g\u00f6revini yerine getirmesi, bu t\u00fcr sald\u0131r\u0131lar\u0131n tekrarlanmas\u0131n\u0131 \u00f6nlemesi ve \u00fclkenin g\u00fcvenlik ile \u00e7\u0131karlar\u0131n\u0131n bir daha tehlikeye at\u0131lmamas\u0131 i\u00e7in failleri bulup cezaland\u0131rmas\u0131 gerekti\u011fini bir kez daha vurguluyoruz.&#8221;<\/p>\n<p style=\"text-align: justify\">Yetkililer, sald\u0131r\u0131n\u0131n faillerinin yakalanmas\u0131 i\u00e7in soru\u015fturman\u0131n s\u00fcrd\u00fc\u011f\u00fcn\u00fc belirtiyor.<\/p>\n<p style=\"text-align: justify\">K\u00fcrdistan B\u00f6lgesi Ba\u015fkanl\u0131\u011f\u0131n\u0131n a\u00e7\u0131klamas\u0131 \u015fu \u015fekilde:<\/p>\n<p style=\"text-align: justify\">&#8220;K\u00fcrdistan B\u00f6lgesi Ba\u015fkanl\u0131\u011f\u0131, bug\u00fcn (14 Mart 2026 Cumartesi) Erbil&#8217;deki Birle\u015fik Arap Emirlikleri (BAE) Ba\u015fkonsoloslu\u011fu&#8217;na d\u00fczenlenen; iki koruman\u0131n yaralanmas\u0131na ve konsolosluk binas\u0131nda hasara yol a\u00e7an sald\u0131r\u0131y\u0131 \u015fiddetle k\u0131namaktad\u0131r.<\/p>\n<p style=\"text-align: justify\">Yaral\u0131lara acil \u015fifalar dilerken, Irak h\u00fck\u00fcmetinin diplomatik misyonlar\u0131 koruma g\u00f6revini yerine getirmesi, bu t\u00fcr sald\u0131r\u0131lar\u0131n tekrarlanmas\u0131n\u0131 \u00f6nlemesi ve \u00fclkenin g\u00fcvenlik ile \u00e7\u0131karlar\u0131n\u0131n bir daha tehlikeye at\u0131lmamas\u0131 i\u00e7in failleri bulup cezaland\u0131rmas\u0131 gerekti\u011fini bir kez daha vurguluyoruz.\u201d<\/p>\n<p style=\"text-align: justify\"><strong>H\u00fck\u00fcmet: Y\u0131k\u0131c\u0131 ve ter\u00f6rist sald\u0131r\u0131lar a\u00e7\u0131k bir ihlaldir<\/strong><\/p>\n<p style=\"text-align: justify\">\u00d6te yandan \u00a0K\u00fcrdistan B\u00f6lgesi H\u00fck\u00fcmeti Erbil&#8217;deki BAE Ba\u015fkonsoloslu\u011funa yap\u0131lan sald\u0131r\u0131y\u0131 \u015fiddetle k\u0131nayarak, federal h\u00fck\u00fcmetin sorumluluk almas\u0131 ve bu yasad\u0131\u015f\u0131 milislere bir s\u0131n\u0131r koymas\u0131 gerekti\u011fini belirtti.<\/p>\n<p style=\"text-align: justify\">K\u00fcrdistan B\u00f6lgesi H\u00fck\u00fcmeti (KRG), Erbil&#8217;deki BAE Konsoloslu\u011funa ve t\u00fcm toprak, kurum ve diplomatik temsilcilere y\u00f6nelik sald\u0131r\u0131lar\u0131 &#8220;ter\u00f6rist ve y\u0131k\u0131c\u0131&#8221; bir sald\u0131r\u0131 olarak nitelendiren bir a\u00e7\u0131klama yay\u0131nlad\u0131.<\/p>\n<p style=\"text-align: justify\">Cumartesi g\u00fcn\u00fc Erbil&#8217;deki BAE konsoloslu\u011funa d\u00fczenlenen insans\u0131z hava arac\u0131 sald\u0131r\u0131s\u0131nda iki g\u00fcvenlik g\u00f6revlisi yaraland\u0131.<\/p>\n<p style=\"text-align: justify\">H\u00fck\u00fcmet, yapt\u0131\u011f\u0131 a\u00e7\u0131klamada, K\u00fcrdistan B\u00f6lgesi&#8217;ne y\u00f6nelik sald\u0131r\u0131lar\u0131n uluslararas\u0131 hukukun ve Irak ile K\u00fcrdistan B\u00f6lgesi&#8217;nin egemenli\u011finin a\u00e7\u0131k bir ihlali oldu\u011funu ve hi\u00e7bir gerek\u00e7esi olmad\u0131\u011f\u0131n\u0131 s\u00f6yledi.<\/p>\n<p style=\"text-align: justify\">Bu arada, K\u00fcrdistan B\u00f6lgesi h\u00fck\u00fcmeti, federal h\u00fck\u00fcmete yasal sorumlulu\u011funu \u00fcstlenmesi \u00e7a\u011fr\u0131s\u0131nda bulunarak \u015funlar\u0131 s\u00f6yledi:<\/p>\n<p style=\"text-align: justify\">&#8220;K\u00fcrdistan B\u00f6lgesi ve genel olarak Irak halk\u0131 i\u00e7in ger\u00e7ek bir tehdit haline gelen yasad\u0131\u015f\u0131 g\u00fc\u00e7lere, gruplara ve milislere bir s\u0131n\u0131r koymal\u0131d\u0131r.&#8221;<\/p>\n<p style=\"text-align: justify\">Kaynak: Rudaw<\/p>\n","protected":false},"excerpt":{"rendered":"<p>K\u00fcrdistan B\u00f6lgesi Ba\u015fkanl\u0131\u011f\u0131, Birle\u015fik Arap Emirlikleri\u2019nin(BAE) Erbil Ba\u015fkonsoloslu\u011fu&#8217;na y\u00f6nelik ger\u00e7ekle\u015ftirilen sald\u0131r\u0131y\u0131 sert bir dille k\u0131nad\u0131. BAE&#8217;nin Erbil Ba\u015fkonsoloslu\u011fu&#8217;nu hedef alan \u0130HA sald\u0131r\u0131s\u0131nda iki g\u00fcvenlik g\u00f6revlisinin yaraland\u0131\u011f\u0131 ve konsolosluk binas\u0131nda maddi hasar meydana geldi\u011fi bildirildi. Olay\u0131n ard\u0131ndan K\u00fcrdistan B\u00f6lgesi Ba\u015fkanl\u0131\u011f\u0131 resmi bir a\u00e7\u0131klama yay\u0131mlad\u0131. Sald\u0131r\u0131n\u0131n \u015fiddetle k\u0131nand\u0131\u011f\u0131 a\u00e7\u0131klamada, yaralanan korumalara acil \u015fifalar dilendi. Ba\u011fdat H\u00fck\u00fcmetine &#8220;diplomatik [&hellip;]<\/p>\n","protected":false},"author":2,"featured_media":1036719,"comment_status":"closed","ping_status":"closed","sticky":false,"template":"","format":"standard","meta":{"footnotes":""},"categories":[3],"tags":[31],"class_list":["post-1036718","post","type-post","status-publish","format-standard","has-post-thumbnail","hentry","category-kurdistan","tag-onemli"],"blocksy_meta":[],"seo_head":"<!-- This site is optimized with the Yoast SEO plugin v27.5 - https:\/\/yoast.com\/product\/yoast-seo-wordpress\/ -->\n<title>K\u00fcrdistan B\u00f6lgesi&#039;nden Erbil\u2019deki BAE Ba\u015fkonsoloslu\u011fu&#039;na y\u00f6nelik sald\u0131r\u0131ya sert k\u0131nama - Darka Mazi<\/title>\n<meta name=\"robots\" content=\"index, follow, max-snippet:-1, max-image-preview:large, max-video-preview:-1\" \/>\n<link rel=\"canonical\" href=\"https:\/\/darkamazi.site\/archives\/1036718\" \/>\n<meta property=\"og:locale\" content=\"en_US\" \/>\n<meta property=\"og:type\" content=\"article\" \/>\n<meta property=\"og:title\" content=\"K\u00fcrdistan B\u00f6lgesi&#039;nden Erbil\u2019deki BAE Ba\u015fkonsoloslu\u011fu&#039;na y\u00f6nelik sald\u0131r\u0131ya sert k\u0131nama - Darka Mazi\" \/>\n<meta property=\"og:description\" content=\"K\u00fcrdistan B\u00f6lgesi Ba\u015fkanl\u0131\u011f\u0131, Birle\u015fik Arap Emirlikleri\u2019nin(BAE) Erbil Ba\u015fkonsoloslu\u011fu&#8217;na y\u00f6nelik ger\u00e7ekle\u015ftirilen sald\u0131r\u0131y\u0131 sert bir dille k\u0131nad\u0131. BAE&#8217;nin Erbil Ba\u015fkonsoloslu\u011fu&#8217;nu hedef alan \u0130HA sald\u0131r\u0131s\u0131nda iki g\u00fcvenlik g\u00f6revlisinin yaraland\u0131\u011f\u0131 ve konsolosluk binas\u0131nda maddi hasar meydana geldi\u011fi bildirildi. Olay\u0131n ard\u0131ndan K\u00fcrdistan B\u00f6lgesi Ba\u015fkanl\u0131\u011f\u0131 resmi bir a\u00e7\u0131klama yay\u0131mlad\u0131. Sald\u0131r\u0131n\u0131n \u015fiddetle k\u0131nand\u0131\u011f\u0131 a\u00e7\u0131klamada, yaralanan korumalara acil \u015fifalar dilendi. Ba\u011fdat H\u00fck\u00fcmetine &#8220;diplomatik [&hellip;]\" \/>\n<meta property=\"og:url\" content=\"https:\/\/darkamazi.site\/archives\/1036718\" \/>\n<meta property=\"og:site_name\" content=\"Darka Mazi\" \/>\n<meta property=\"article:publisher\" content=\"https:\/\/www.facebook.com\/DarkaMaziturkce\" \/>\n<meta property=\"article:published_time\" content=\"2026-03-14T16:29:57+00:00\" \/>\n<meta property=\"og:image\" content=\"https:\/\/darkamazi.site\/file\/2026\/03\/Kurristan-Bolgesel-yonetimi.jpg\" \/>\n\t<meta property=\"og:image:width\" content=\"1366\" \/>\n\t<meta property=\"og:image:height\" content=\"910\" \/>\n\t<meta property=\"og:image:type\" content=\"image\/jpeg\" \/>\n<meta name=\"author\" content=\"darka mazi\" \/>\n<meta name=\"twitter:card\" content=\"summary_large_image\" \/>\n<meta name=\"twitter:creator\" content=\"@DarkaMaziTurkce\" \/>\n<meta name=\"twitter:site\" content=\"@DarkaMaziTurkce\" \/>\n<meta name=\"twitter:label1\" content=\"Written by\" \/>\n\t<meta name=\"twitter:data1\" content=\"darka mazi\" \/>\n\t<meta name=\"twitter:label2\" content=\"Est. reading time\" \/>\n\t<meta name=\"twitter:data2\" content=\"2 minutes\" \/>\n<script type=\"application\/ld+json\" class=\"seo-schema-graph\">{\"@context\":\"https:\\\/\\\/schema.org\",\"@graph\":[{\"@type\":\"NewsArticle\",\"@id\":\"https:\\\/\\\/darkamazi.site\\\/archives\\\/1036718#article\",\"isPartOf\":{\"@id\":\"https:\\\/\\\/darkamazi.site\\\/archives\\\/1036718\"},\"author\":{\"name\":\"darka mazi\",\"@id\":\"https:\\\/\\\/darkamazi.site\\\/#\\\/schema\\\/person\\\/67986a95ac546c16760365877ef4a9d3\"},\"headline\":\"K\u00fcrdistan B\u00f6lgesi&#8217;nden Erbil\u2019deki BAE Ba\u015fkonsoloslu\u011fu&#8217;na y\u00f6nelik sald\u0131r\u0131ya sert k\u0131nama\",\"datePublished\":\"2026-03-14T16:29:57+00:00\",\"mainEntityOfPage\":{\"@id\":\"https:\\\/\\\/darkamazi.site\\\/archives\\\/1036718\"},\"wordCount\":564,\"publisher\":{\"@id\":\"https:\\\/\\\/darkamazi.site\\\/#organization\"},\"image\":{\"@id\":\"https:\\\/\\\/darkamazi.site\\\/archives\\\/1036718#primaryimage\"},\"thumbnailUrl\":\"https:\\\/\\\/darkamazi.site\\\/darka-content\\\/uploads\\\/2026\\\/03\\\/Kurristan-Bolgesel-yonetimi.jpg\",\"keywords\":[\"\u00f6nemli\"],\"articleSection\":[\"Kurdistan\"],\"inLanguage\":\"en-US\"},{\"@type\":\"WebPage\",\"@id\":\"https:\\\/\\\/darkamazi.site\\\/archives\\\/1036718\",\"url\":\"https:\\\/\\\/darkamazi.site\\\/archives\\\/1036718\",\"name\":\"K\u00fcrdistan B\u00f6lgesi'nden Erbil\u2019deki BAE Ba\u015fkonsoloslu\u011fu'na y\u00f6nelik sald\u0131r\u0131ya sert k\u0131nama - Darka Mazi\",\"isPartOf\":{\"@id\":\"https:\\\/\\\/darkamazi.site\\\/#website\"},\"primaryImageOfPage\":{\"@id\":\"https:\\\/\\\/darkamazi.site\\\/archives\\\/1036718#primaryimage\"},\"image\":{\"@id\":\"https:\\\/\\\/darkamazi.site\\\/archives\\\/1036718#primaryimage\"},\"thumbnailUrl\":\"https:\\\/\\\/darkamazi.site\\\/darka-content\\\/uploads\\\/2026\\\/03\\\/Kurristan-Bolgesel-yonetimi.jpg\",\"datePublished\":\"2026-03-14T16:29:57+00:00\",\"breadcrumb\":{\"@id\":\"https:\\\/\\\/darkamazi.site\\\/archives\\\/1036718#breadcrumb\"},\"inLanguage\":\"en-US\",\"potentialAction\":[{\"@type\":\"ReadAction\",\"target\":[\"https:\\\/\\\/darkamazi.site\\\/archives\\\/1036718\"]}]},{\"@type\":\"ImageObject\",\"inLanguage\":\"en-US\",\"@id\":\"https:\\\/\\\/darkamazi.site\\\/archives\\\/1036718#primaryimage\",\"url\":\"https:\\\/\\\/darkamazi.site\\\/darka-content\\\/uploads\\\/2026\\\/03\\\/Kurristan-Bolgesel-yonetimi.jpg\",\"contentUrl\":\"https:\\\/\\\/darkamazi.site\\\/darka-content\\\/uploads\\\/2026\\\/03\\\/Kurristan-Bolgesel-yonetimi.jpg\",\"width\":1366,\"height\":910,\"caption\":\"K\u00fcrdistan B\u00f6lgesi'nden Erbil\u2019deki BAE Ba\u015fkonsoloslu\u011fu'na y\u00f6nelik sald\u0131r\u0131ya sert k\u0131nama\"},{\"@type\":\"BreadcrumbList\",\"@id\":\"https:\\\/\\\/darkamazi.site\\\/archives\\\/1036718#breadcrumb\",\"itemListElement\":[{\"@type\":\"ListItem\",\"position\":1,\"name\":\"Home\",\"item\":\"https:\\\/\\\/darkamazi.site\\\/\"},{\"@type\":\"ListItem\",\"position\":2,\"name\":\"K\u00fcrdistan B\u00f6lgesi&#8217;nden Erbil\u2019deki BAE Ba\u015fkonsoloslu\u011fu&#8217;na y\u00f6nelik sald\u0131r\u0131ya sert k\u0131nama\"}]},{\"@type\":\"WebSite\",\"@id\":\"https:\\\/\\\/darkamazi.site\\\/#website\",\"url\":\"https:\\\/\\\/darkamazi.site\\\/\",\"name\":\"Darka Mazi\",\"description\":\"Ana Sayfa\",\"publisher\":{\"@id\":\"https:\\\/\\\/darkamazi.site\\\/#organization\"},\"potentialAction\":[{\"@type\":\"SearchAction\",\"target\":{\"@type\":\"EntryPoint\",\"urlTemplate\":\"https:\\\/\\\/darkamazi.site\\\/?s={search_term_string}\"},\"query-input\":{\"@type\":\"PropertyValueSpecification\",\"valueRequired\":true,\"valueName\":\"search_term_string\"}}],\"inLanguage\":\"en-US\"},{\"@type\":\"Organization\",\"@id\":\"https:\\\/\\\/darkamazi.site\\\/#organization\",\"name\":\"Darka Mazi T\u00fcrk\u00e7e\",\"alternateName\":\"Darka Mazi\",\"url\":\"https:\\\/\\\/darkamazi.site\\\/\",\"logo\":{\"@type\":\"ImageObject\",\"inLanguage\":\"en-US\",\"@id\":\"https:\\\/\\\/darkamazi.site\\\/#\\\/schema\\\/logo\\\/image\\\/\",\"url\":\"https:\\\/\\\/darkamazi.site\\\/darka-content\\\/uploads\\\/2017\\\/12\\\/darka-mazi-logo.png\",\"contentUrl\":\"https:\\\/\\\/darkamazi.site\\\/darka-content\\\/uploads\\\/2017\\\/12\\\/darka-mazi-logo.png\",\"width\":151,\"height\":75,\"caption\":\"Darka Mazi T\u00fcrk\u00e7e\"},\"image\":{\"@id\":\"https:\\\/\\\/darkamazi.site\\\/#\\\/schema\\\/logo\\\/image\\\/\"},\"sameAs\":[\"https:\\\/\\\/www.facebook.com\\\/DarkaMaziturkce\",\"https:\\\/\\\/x.com\\\/DarkaMaziTurkce\"]},{\"@type\":\"Person\",\"@id\":\"https:\\\/\\\/darkamazi.site\\\/#\\\/schema\\\/person\\\/67986a95ac546c16760365877ef4a9d3\",\"name\":\"darka mazi\",\"sameAs\":[\"https:\\\/\\\/darkamazi.site\"],\"url\":\"https:\\\/\\\/darkamazi.site\\\/archives\\\/author\\\/turkish\"}]}<\/script>\n<!-- \/ Yoast SEO plugin. -->","seo_head_json":{"title":"K\u00fcrdistan B\u00f6lgesi'nden Erbil\u2019deki BAE Ba\u015fkonsoloslu\u011fu'na y\u00f6nelik sald\u0131r\u0131ya sert k\u0131nama - Darka Mazi","robots":{"index":"index","follow":"follow","max-snippet":"max-snippet:-1","max-image-preview":"max-image-preview:large","max-video-preview":"max-video-preview:-1"},"canonical":"https:\/\/darkamazi.site\/archives\/1036718","og_locale":"en_US","og_type":"article","og_title":"K\u00fcrdistan B\u00f6lgesi'nden Erbil\u2019deki BAE Ba\u015fkonsoloslu\u011fu'na y\u00f6nelik sald\u0131r\u0131ya sert k\u0131nama - Darka Mazi","og_description":"K\u00fcrdistan B\u00f6lgesi Ba\u015fkanl\u0131\u011f\u0131, Birle\u015fik Arap Emirlikleri\u2019nin(BAE) Erbil Ba\u015fkonsoloslu\u011fu&#8217;na y\u00f6nelik ger\u00e7ekle\u015ftirilen sald\u0131r\u0131y\u0131 sert bir dille k\u0131nad\u0131. BAE&#8217;nin Erbil Ba\u015fkonsoloslu\u011fu&#8217;nu hedef alan \u0130HA sald\u0131r\u0131s\u0131nda iki g\u00fcvenlik g\u00f6revlisinin yaraland\u0131\u011f\u0131 ve konsolosluk binas\u0131nda maddi hasar meydana geldi\u011fi bildirildi. Olay\u0131n ard\u0131ndan K\u00fcrdistan B\u00f6lgesi Ba\u015fkanl\u0131\u011f\u0131 resmi bir a\u00e7\u0131klama yay\u0131mlad\u0131. Sald\u0131r\u0131n\u0131n \u015fiddetle k\u0131nand\u0131\u011f\u0131 a\u00e7\u0131klamada, yaralanan korumalara acil \u015fifalar dilendi. Ba\u011fdat H\u00fck\u00fcmetine &#8220;diplomatik [&hellip;]","og_url":"https:\/\/darkamazi.site\/archives\/1036718","og_site_name":"Darka Mazi","article_publisher":"https:\/\/www.facebook.com\/DarkaMaziturkce","article_published_time":"2026-03-14T16:29:57+00:00","og_image":[{"width":1366,"height":910,"url":"https:\/\/darkamazi.site\/file\/2026\/03\/Kurristan-Bolgesel-yonetimi.jpg","type":"image\/jpeg"}],"author":"darka mazi","twitter_card":"summary_large_image","twitter_creator":"@DarkaMaziTurkce","twitter_site":"@DarkaMaziTurkce","twitter_misc":{"Written by":"darka mazi","Est. reading time":"2 minutes"},"schema":{"@context":"https:\/\/schema.org","@graph":[{"@type":"NewsArticle","@id":"https:\/\/darkamazi.site\/archives\/1036718#article","isPartOf":{"@id":"https:\/\/darkamazi.site\/archives\/1036718"},"author":{"name":"darka mazi","@id":"https:\/\/darkamazi.site\/#\/schema\/person\/67986a95ac546c16760365877ef4a9d3"},"headline":"K\u00fcrdistan B\u00f6lgesi&#8217;nden Erbil\u2019deki BAE Ba\u015fkonsoloslu\u011fu&#8217;na y\u00f6nelik sald\u0131r\u0131ya sert k\u0131nama","datePublished":"2026-03-14T16:29:57+00:00","mainEntityOfPage":{"@id":"https:\/\/darkamazi.site\/archives\/1036718"},"wordCount":564,"publisher":{"@id":"https:\/\/darkamazi.site\/#organization"},"image":{"@id":"https:\/\/darkamazi.site\/archives\/1036718#primaryimage"},"thumbnailUrl":"https:\/\/darkamazi.site\/file\/2026\/03\/Kurristan-Bolgesel-yonetimi.jpg","keywords":["\u00f6nemli"],"articleSection":["Kurdistan"],"inLanguage":"en-US"},{"@type":"WebPage","@id":"https:\/\/darkamazi.site\/archives\/1036718","url":"https:\/\/darkamazi.site\/archives\/1036718","name":"K\u00fcrdistan B\u00f6lgesi'nden Erbil\u2019deki BAE Ba\u015fkonsoloslu\u011fu'na y\u00f6nelik sald\u0131r\u0131ya sert k\u0131nama - Darka Mazi","isPartOf":{"@id":"https:\/\/darkamazi.site\/#website"},"primaryImageOfPage":{"@id":"https:\/\/darkamazi.site\/archives\/1036718#primaryimage"},"image":{"@id":"https:\/\/darkamazi.site\/archives\/1036718#primaryimage"},"thumbnailUrl":"https:\/\/darkamazi.site\/file\/2026\/03\/Kurristan-Bolgesel-yonetimi.jpg","datePublished":"2026-03-14T16:29:57+00:00","breadcrumb":{"@id":"https:\/\/darkamazi.site\/archives\/1036718#breadcrumb"},"inLanguage":"en-US","potentialAction":[{"@type":"ReadAction","target":["https:\/\/darkamazi.site\/archives\/1036718"]}]},{"@type":"ImageObject","inLanguage":"en-US","@id":"https:\/\/darkamazi.site\/archives\/1036718#primaryimage","url":"https:\/\/darkamazi.site\/file\/2026\/03\/Kurristan-Bolgesel-yonetimi.jpg","contentUrl":"https:\/\/darkamazi.site\/file\/2026\/03\/Kurristan-Bolgesel-yonetimi.jpg","width":1366,"height":910,"caption":"K\u00fcrdistan B\u00f6lgesi'nden Erbil\u2019deki BAE Ba\u015fkonsoloslu\u011fu'na y\u00f6nelik sald\u0131r\u0131ya sert k\u0131nama"},{"@type":"BreadcrumbList","@id":"https:\/\/darkamazi.site\/archives\/1036718#breadcrumb","itemListElement":[{"@type":"ListItem","position":1,"name":"Home","item":"https:\/\/darkamazi.site\/"},{"@type":"ListItem","position":2,"name":"K\u00fcrdistan B\u00f6lgesi&#8217;nden Erbil\u2019deki BAE Ba\u015fkonsoloslu\u011fu&#8217;na y\u00f6nelik sald\u0131r\u0131ya sert k\u0131nama"}]},{"@type":"WebSite","@id":"https:\/\/darkamazi.site\/#website","url":"https:\/\/darkamazi.site\/","name":"Darka Mazi","description":"Ana Sayfa","publisher":{"@id":"https:\/\/darkamazi.site\/#organization"},"potentialAction":[{"@type":"SearchAction","target":{"@type":"EntryPoint","urlTemplate":"https:\/\/darkamazi.site\/?s={search_term_string}"},"query-input":{"@type":"PropertyValueSpecification","valueRequired":true,"valueName":"search_term_string"}}],"inLanguage":"en-US"},{"@type":"Organization","@id":"https:\/\/darkamazi.site\/#organization","name":"Darka Mazi T\u00fcrk\u00e7e","alternateName":"Darka Mazi","url":"https:\/\/darkamazi.site\/","logo":{"@type":"ImageObject","inLanguage":"en-US","@id":"https:\/\/darkamazi.site\/#\/schema\/logo\/image\/","url":"https:\/\/darkamazi.site\/file\/2017\/12\/darka-mazi-logo.png","contentUrl":"https:\/\/darkamazi.site\/file\/2017\/12\/darka-mazi-logo.png","width":151,"height":75,"caption":"Darka Mazi T\u00fcrk\u00e7e"},"image":{"@id":"https:\/\/darkamazi.site\/#\/schema\/logo\/image\/"},"sameAs":["https:\/\/www.facebook.com\/DarkaMaziturkce","https:\/\/x.com\/DarkaMaziTurkce"]},{"@type":"Person","@id":"https:\/\/darkamazi.site\/#\/schema\/person\/67986a95ac546c16760365877ef4a9d3","name":"darka mazi","sameAs":["https:\/\/darkamazi.site"],"url":"https:\/\/darkamazi.site\/archives\/author\/turkish"}]}},"_links":{"self":[{"href":"https:\/\/darkamazi.site\/funavuv\/wp\/v2\/posts\/1036718","targetHints":{"allow":["GET"]}}],"collection":[{"href":"https:\/\/darkamazi.site\/funavuv\/wp\/v2\/posts"}],"about":[{"href":"https:\/\/darkamazi.site\/funavuv\/wp\/v2\/types\/post"}],"author":[{"embeddable":true,"href":"https:\/\/darkamazi.site\/funavuv\/wp\/v2\/users\/2"}],"replies":[{"embeddable":true,"href":"https:\/\/darkamazi.site\/funavuv\/wp\/v2\/comments?post=1036718"}],"version-history":[{"count":0,"href":"https:\/\/darkamazi.site\/funavuv\/wp\/v2\/posts\/1036718\/revisions"}],"wp:featuredmedia":[{"embeddable":true,"href":"https:\/\/darkamazi.site\/funavuv\/wp\/v2\/media\/1036719"}],"wp:attachment":[{"href":"https:\/\/darkamazi.site\/funavuv\/wp\/v2\/media?parent=1036718"}],"wp:term":[{"taxonomy":"category","embeddable":true,"href":"https:\/\/darkamazi.site\/funavuv\/wp\/v2\/categories?post=1036718"},{"taxonomy":"post_tag","embeddable":true,"href":"https:\/\/darkamazi.site\/funavuv\/wp\/v2\/tags?post=1036718"}],"curies":[{"name":"wp","href":"https:\/\/api.w.org\/{rel}","templated":true}]}}