{"id":1036722,"date":"2026-03-14T19:38:20","date_gmt":"2026-03-14T16:38:20","guid":{"rendered":"https:\/\/darkamazi.site\/?p=1036722"},"modified":"2026-03-14T19:38:20","modified_gmt":"2026-03-14T16:38:20","slug":"duhokun-somurgecilige-karsi-raperinin-ustunden-35-yil-gecti","status":"publish","type":"post","link":"https:\/\/darkamazi.site\/archives\/1036722","title":{"rendered":"Duhok&#8217;un s\u00f6m\u00fcrgecili\u011fe kar\u015f\u0131 Raperin&#8217;in \u00fcst\u00fcnden 35 y\u0131l ge\u00e7ti"},"content":{"rendered":"<p style=\"text-align: justify\">Bug\u00fcn 14 Mart; Duhok halk\u0131n\u0131n, Pe\u015fmerge g\u00fc\u00e7leriyle omuz omuza vererek Baas rejiminin bask\u0131c\u0131 iktidar\u0131na son verdi\u011fi ve \u015fehri \u00f6zg\u00fcrle\u015ftirdi\u011fi \u015fanl\u0131 &#8220;Raperin&#8221;in \u00fczerinden tam 35 y\u0131l ge\u00e7ti.<\/p>\n<p style=\"text-align: justify\">Duhok Ayaklanmas\u0131\u2019n\u0131n k\u0131v\u0131lc\u0131m\u0131, 13 Mart 1991 ak\u015fam\u0131 halk ve Pe\u015fmerge\u2019nin \u015fehri kontrol alt\u0131na almak i\u00e7in titizlikle haz\u0131rlad\u0131\u011f\u0131 planla \u00e7ak\u0131ld\u0131. Duhok\u2019un do\u011fu b\u00f6lgeleri, \u015e\u0131nduxa ve Geli Duhok ba\u015flang\u0131\u00e7 noktalar\u0131 olarak belirlendi. Sald\u0131r\u0131 i\u00e7in &#8220;s\u0131f\u0131r saati&#8221; ise 14 Mart sabah\u0131 saat 04:00 olarak se\u00e7ildi.<\/p>\n<p style=\"text-align: justify\">14 Mart sabah\u0131 ba\u015flayan halk hareketi, ayn\u0131 zamanda K\u00fcrt milli lideri Mele Mustafa Barzani&#8217;nin do\u011fum g\u00fcn\u00fcne denk geliyordu. Bu tesad\u00fcf, Duhok halk\u0131na \u2014kad\u0131n, erkek, gen\u00e7 ve ya\u015fl\u0131\u2014 b\u00fcy\u00fck bir manevi g\u00fc\u00e7 ve enerji verdi. Rejimin g\u00fcvenlik kurumlar\u0131na kar\u015f\u0131 tek ses olan halk, bir g\u00fcnden k\u0131sa bir s\u00fcrede \u015fehrin t\u00fcm stratejik noktalar\u0131n\u0131 ve karargahlar\u0131n\u0131 ele ge\u00e7irdi.<\/p>\n<p style=\"text-align: justify\">Baz\u0131 kamu binalar\u0131nda rejim g\u00fc\u00e7lerinin direnmesi sonucu Pe\u015fmerge ve sivillerden \u015fehitler verilse de halk\u0131n iradesi galip geldi. Ak\u015fama do\u011fru Duhok\u2019ta tam zafer ilan edildi. Bu ba\u015far\u0131, psikolojik bir k\u0131r\u0131lma yaratarak \u00e7evre il\u00e7e ve nahiyelerdeki rejim askerlerinin moralini tamamen \u00e7\u00f6kertti ve bir\u00e7ok b\u00f6lgenin \u00e7at\u0131\u015fmas\u0131z teslim olmas\u0131n\u0131 sa\u011flad\u0131.<\/p>\n<p style=\"text-align: justify\">5 Mart 1991\u2019de Raniye\u2019de (&#8220;Raperin\u2019in Kap\u0131s\u0131&#8221;) ba\u015flayan b\u00fcy\u00fck ayaklanma zincirinin en \u00f6nemli halkalar\u0131ndan biri Duhok\u2019tu. Bu tarihi kazan\u0131m, \u00f6zg\u00fcrl\u00fck y\u00fcr\u00fcy\u00fc\u015f\u00fcn\u00fcn \u00f6n\u00fcn\u00fc a\u00e7arak 21 Mart\u2019ta Kerk\u00fck\u2019\u00fcn kurtulu\u015fu ve t\u00fcm K\u00fcrdistan\u2019da Newroz me\u015falesinin zaferle yak\u0131lmas\u0131yla zirveye ula\u015ft\u0131.<\/p>\n<p style=\"text-align: justify\">Bug\u00fcn Duhok ve t\u00fcm K\u00fcrdistan halk\u0131, halk\u0131n iradesinin diktat\u00f6rl\u00fc\u011f\u00fcn silah\u0131na ve zulm\u00fcne kar\u015f\u0131 zafer \u00e7ald\u0131\u011f\u0131 o g\u00fcn\u00fc b\u00fcy\u00fck bir gururla an\u0131yor.<\/p>\n","protected":false},"excerpt":{"rendered":"<p>Bug\u00fcn 14 Mart; Duhok halk\u0131n\u0131n, Pe\u015fmerge g\u00fc\u00e7leriyle omuz omuza vererek Baas rejiminin bask\u0131c\u0131 iktidar\u0131na son verdi\u011fi ve \u015fehri \u00f6zg\u00fcrle\u015ftirdi\u011fi \u015fanl\u0131 &#8220;Raperin&#8221;in \u00fczerinden tam 35 y\u0131l ge\u00e7ti. Duhok Ayaklanmas\u0131\u2019n\u0131n k\u0131v\u0131lc\u0131m\u0131, 13 Mart 1991 ak\u015fam\u0131 halk ve Pe\u015fmerge\u2019nin \u015fehri kontrol alt\u0131na almak i\u00e7in titizlikle haz\u0131rlad\u0131\u011f\u0131 planla \u00e7ak\u0131ld\u0131. Duhok\u2019un do\u011fu b\u00f6lgeleri, \u015e\u0131nduxa ve Geli Duhok ba\u015flang\u0131\u00e7 noktalar\u0131 olarak [&hellip;]<\/p>\n","protected":false},"author":2,"featured_media":1036723,"comment_status":"closed","ping_status":"closed","sticky":false,"template":"","format":"standard","meta":{"footnotes":""},"categories":[3],"tags":[31],"class_list":["post-1036722","post","type-post","status-publish","format-standard","has-post-thumbnail","hentry","category-kurdistan","tag-onemli"],"blocksy_meta":[],"seo_head":"<!-- This site is optimized with the Yoast SEO plugin v27.5 - https:\/\/yoast.com\/product\/yoast-seo-wordpress\/ -->\n<title>Duhok&#039;un s\u00f6m\u00fcrgecili\u011fe kar\u015f\u0131 Raperin&#039;in \u00fcst\u00fcnden 35 y\u0131l ge\u00e7ti - Darka Mazi<\/title>\n<meta name=\"robots\" content=\"index, follow, max-snippet:-1, max-image-preview:large, max-video-preview:-1\" \/>\n<link rel=\"canonical\" href=\"https:\/\/darkamazi.site\/archives\/1036722\" \/>\n<meta property=\"og:locale\" content=\"en_US\" \/>\n<meta property=\"og:type\" content=\"article\" \/>\n<meta property=\"og:title\" content=\"Duhok&#039;un s\u00f6m\u00fcrgecili\u011fe kar\u015f\u0131 Raperin&#039;in \u00fcst\u00fcnden 35 y\u0131l ge\u00e7ti - Darka Mazi\" \/>\n<meta property=\"og:description\" content=\"Bug\u00fcn 14 Mart; Duhok halk\u0131n\u0131n, Pe\u015fmerge g\u00fc\u00e7leriyle omuz omuza vererek Baas rejiminin bask\u0131c\u0131 iktidar\u0131na son verdi\u011fi ve \u015fehri \u00f6zg\u00fcrle\u015ftirdi\u011fi \u015fanl\u0131 &#8220;Raperin&#8221;in \u00fczerinden tam 35 y\u0131l ge\u00e7ti. Duhok Ayaklanmas\u0131\u2019n\u0131n k\u0131v\u0131lc\u0131m\u0131, 13 Mart 1991 ak\u015fam\u0131 halk ve Pe\u015fmerge\u2019nin \u015fehri kontrol alt\u0131na almak i\u00e7in titizlikle haz\u0131rlad\u0131\u011f\u0131 planla \u00e7ak\u0131ld\u0131. Duhok\u2019un do\u011fu b\u00f6lgeleri, \u015e\u0131nduxa ve Geli Duhok ba\u015flang\u0131\u00e7 noktalar\u0131 olarak [&hellip;]\" \/>\n<meta property=\"og:url\" content=\"https:\/\/darkamazi.site\/archives\/1036722\" \/>\n<meta property=\"og:site_name\" content=\"Darka Mazi\" \/>\n<meta property=\"article:publisher\" content=\"https:\/\/www.facebook.com\/DarkaMaziturkce\" \/>\n<meta property=\"article:published_time\" content=\"2026-03-14T16:38:20+00:00\" \/>\n<meta property=\"og:image\" content=\"https:\/\/darkamazi.site\/file\/2026\/03\/Raperin-1.jpg\" \/>\n\t<meta property=\"og:image:width\" content=\"1013\" \/>\n\t<meta property=\"og:image:height\" content=\"744\" \/>\n\t<meta property=\"og:image:type\" content=\"image\/jpeg\" \/>\n<meta name=\"author\" content=\"darka mazi\" \/>\n<meta name=\"twitter:card\" content=\"summary_large_image\" \/>\n<meta name=\"twitter:creator\" content=\"@DarkaMaziTurkce\" \/>\n<meta name=\"twitter:site\" content=\"@DarkaMaziTurkce\" \/>\n<meta name=\"twitter:label1\" content=\"Written by\" \/>\n\t<meta name=\"twitter:data1\" content=\"darka mazi\" \/>\n\t<meta name=\"twitter:label2\" content=\"Est. reading time\" \/>\n\t<meta name=\"twitter:data2\" content=\"2 minutes\" \/>\n<script type=\"application\/ld+json\" class=\"seo-schema-graph\">{\"@context\":\"https:\\\/\\\/schema.org\",\"@graph\":[{\"@type\":\"NewsArticle\",\"@id\":\"https:\\\/\\\/darkamazi.site\\\/archives\\\/1036722#article\",\"isPartOf\":{\"@id\":\"https:\\\/\\\/darkamazi.site\\\/archives\\\/1036722\"},\"author\":{\"name\":\"darka mazi\",\"@id\":\"https:\\\/\\\/darkamazi.site\\\/#\\\/schema\\\/person\\\/67986a95ac546c16760365877ef4a9d3\"},\"headline\":\"Duhok&#8217;un s\u00f6m\u00fcrgecili\u011fe kar\u015f\u0131 Raperin&#8217;in \u00fcst\u00fcnden 35 y\u0131l ge\u00e7ti\",\"datePublished\":\"2026-03-14T16:38:20+00:00\",\"mainEntityOfPage\":{\"@id\":\"https:\\\/\\\/darkamazi.site\\\/archives\\\/1036722\"},\"wordCount\":344,\"publisher\":{\"@id\":\"https:\\\/\\\/darkamazi.site\\\/#organization\"},\"image\":{\"@id\":\"https:\\\/\\\/darkamazi.site\\\/archives\\\/1036722#primaryimage\"},\"thumbnailUrl\":\"https:\\\/\\\/darkamazi.site\\\/darka-content\\\/uploads\\\/2026\\\/03\\\/Raperin-1.jpg\",\"keywords\":[\"\u00f6nemli\"],\"articleSection\":[\"Kurdistan\"],\"inLanguage\":\"en-US\"},{\"@type\":\"WebPage\",\"@id\":\"https:\\\/\\\/darkamazi.site\\\/archives\\\/1036722\",\"url\":\"https:\\\/\\\/darkamazi.site\\\/archives\\\/1036722\",\"name\":\"Duhok'un s\u00f6m\u00fcrgecili\u011fe kar\u015f\u0131 Raperin'in \u00fcst\u00fcnden 35 y\u0131l ge\u00e7ti - Darka Mazi\",\"isPartOf\":{\"@id\":\"https:\\\/\\\/darkamazi.site\\\/#website\"},\"primaryImageOfPage\":{\"@id\":\"https:\\\/\\\/darkamazi.site\\\/archives\\\/1036722#primaryimage\"},\"image\":{\"@id\":\"https:\\\/\\\/darkamazi.site\\\/archives\\\/1036722#primaryimage\"},\"thumbnailUrl\":\"https:\\\/\\\/darkamazi.site\\\/darka-content\\\/uploads\\\/2026\\\/03\\\/Raperin-1.jpg\",\"datePublished\":\"2026-03-14T16:38:20+00:00\",\"breadcrumb\":{\"@id\":\"https:\\\/\\\/darkamazi.site\\\/archives\\\/1036722#breadcrumb\"},\"inLanguage\":\"en-US\",\"potentialAction\":[{\"@type\":\"ReadAction\",\"target\":[\"https:\\\/\\\/darkamazi.site\\\/archives\\\/1036722\"]}]},{\"@type\":\"ImageObject\",\"inLanguage\":\"en-US\",\"@id\":\"https:\\\/\\\/darkamazi.site\\\/archives\\\/1036722#primaryimage\",\"url\":\"https:\\\/\\\/darkamazi.site\\\/darka-content\\\/uploads\\\/2026\\\/03\\\/Raperin-1.jpg\",\"contentUrl\":\"https:\\\/\\\/darkamazi.site\\\/darka-content\\\/uploads\\\/2026\\\/03\\\/Raperin-1.jpg\",\"width\":1013,\"height\":744,\"caption\":\"Duhok'un s\u00f6m\u00fcrgecili\u011fe kar\u015f\u0131 Raperin'in \u00fcst\u00fcnden 35 y\u0131l ge\u00e7ti\"},{\"@type\":\"BreadcrumbList\",\"@id\":\"https:\\\/\\\/darkamazi.site\\\/archives\\\/1036722#breadcrumb\",\"itemListElement\":[{\"@type\":\"ListItem\",\"position\":1,\"name\":\"Home\",\"item\":\"https:\\\/\\\/darkamazi.site\\\/\"},{\"@type\":\"ListItem\",\"position\":2,\"name\":\"Duhok&#8217;un s\u00f6m\u00fcrgecili\u011fe kar\u015f\u0131 Raperin&#8217;in \u00fcst\u00fcnden 35 y\u0131l ge\u00e7ti\"}]},{\"@type\":\"WebSite\",\"@id\":\"https:\\\/\\\/darkamazi.site\\\/#website\",\"url\":\"https:\\\/\\\/darkamazi.site\\\/\",\"name\":\"Darka Mazi\",\"description\":\"Ana Sayfa\",\"publisher\":{\"@id\":\"https:\\\/\\\/darkamazi.site\\\/#organization\"},\"potentialAction\":[{\"@type\":\"SearchAction\",\"target\":{\"@type\":\"EntryPoint\",\"urlTemplate\":\"https:\\\/\\\/darkamazi.site\\\/?s={search_term_string}\"},\"query-input\":{\"@type\":\"PropertyValueSpecification\",\"valueRequired\":true,\"valueName\":\"search_term_string\"}}],\"inLanguage\":\"en-US\"},{\"@type\":\"Organization\",\"@id\":\"https:\\\/\\\/darkamazi.site\\\/#organization\",\"name\":\"Darka Mazi T\u00fcrk\u00e7e\",\"alternateName\":\"Darka Mazi\",\"url\":\"https:\\\/\\\/darkamazi.site\\\/\",\"logo\":{\"@type\":\"ImageObject\",\"inLanguage\":\"en-US\",\"@id\":\"https:\\\/\\\/darkamazi.site\\\/#\\\/schema\\\/logo\\\/image\\\/\",\"url\":\"https:\\\/\\\/darkamazi.site\\\/darka-content\\\/uploads\\\/2017\\\/12\\\/darka-mazi-logo.png\",\"contentUrl\":\"https:\\\/\\\/darkamazi.site\\\/darka-content\\\/uploads\\\/2017\\\/12\\\/darka-mazi-logo.png\",\"width\":151,\"height\":75,\"caption\":\"Darka Mazi T\u00fcrk\u00e7e\"},\"image\":{\"@id\":\"https:\\\/\\\/darkamazi.site\\\/#\\\/schema\\\/logo\\\/image\\\/\"},\"sameAs\":[\"https:\\\/\\\/www.facebook.com\\\/DarkaMaziturkce\",\"https:\\\/\\\/x.com\\\/DarkaMaziTurkce\"]},{\"@type\":\"Person\",\"@id\":\"https:\\\/\\\/darkamazi.site\\\/#\\\/schema\\\/person\\\/67986a95ac546c16760365877ef4a9d3\",\"name\":\"darka mazi\",\"sameAs\":[\"https:\\\/\\\/darkamazi.site\"],\"url\":\"https:\\\/\\\/darkamazi.site\\\/archives\\\/author\\\/turkish\"}]}<\/script>\n<!-- \/ Yoast SEO plugin. -->","seo_head_json":{"title":"Duhok'un s\u00f6m\u00fcrgecili\u011fe kar\u015f\u0131 Raperin'in \u00fcst\u00fcnden 35 y\u0131l ge\u00e7ti - Darka Mazi","robots":{"index":"index","follow":"follow","max-snippet":"max-snippet:-1","max-image-preview":"max-image-preview:large","max-video-preview":"max-video-preview:-1"},"canonical":"https:\/\/darkamazi.site\/archives\/1036722","og_locale":"en_US","og_type":"article","og_title":"Duhok'un s\u00f6m\u00fcrgecili\u011fe kar\u015f\u0131 Raperin'in \u00fcst\u00fcnden 35 y\u0131l ge\u00e7ti - Darka Mazi","og_description":"Bug\u00fcn 14 Mart; Duhok halk\u0131n\u0131n, Pe\u015fmerge g\u00fc\u00e7leriyle omuz omuza vererek Baas rejiminin bask\u0131c\u0131 iktidar\u0131na son verdi\u011fi ve \u015fehri \u00f6zg\u00fcrle\u015ftirdi\u011fi \u015fanl\u0131 &#8220;Raperin&#8221;in \u00fczerinden tam 35 y\u0131l ge\u00e7ti. Duhok Ayaklanmas\u0131\u2019n\u0131n k\u0131v\u0131lc\u0131m\u0131, 13 Mart 1991 ak\u015fam\u0131 halk ve Pe\u015fmerge\u2019nin \u015fehri kontrol alt\u0131na almak i\u00e7in titizlikle haz\u0131rlad\u0131\u011f\u0131 planla \u00e7ak\u0131ld\u0131. Duhok\u2019un do\u011fu b\u00f6lgeleri, \u015e\u0131nduxa ve Geli Duhok ba\u015flang\u0131\u00e7 noktalar\u0131 olarak [&hellip;]","og_url":"https:\/\/darkamazi.site\/archives\/1036722","og_site_name":"Darka Mazi","article_publisher":"https:\/\/www.facebook.com\/DarkaMaziturkce","article_published_time":"2026-03-14T16:38:20+00:00","og_image":[{"width":1013,"height":744,"url":"https:\/\/darkamazi.site\/file\/2026\/03\/Raperin-1.jpg","type":"image\/jpeg"}],"author":"darka mazi","twitter_card":"summary_large_image","twitter_creator":"@DarkaMaziTurkce","twitter_site":"@DarkaMaziTurkce","twitter_misc":{"Written by":"darka mazi","Est. reading time":"2 minutes"},"schema":{"@context":"https:\/\/schema.org","@graph":[{"@type":"NewsArticle","@id":"https:\/\/darkamazi.site\/archives\/1036722#article","isPartOf":{"@id":"https:\/\/darkamazi.site\/archives\/1036722"},"author":{"name":"darka mazi","@id":"https:\/\/darkamazi.site\/#\/schema\/person\/67986a95ac546c16760365877ef4a9d3"},"headline":"Duhok&#8217;un s\u00f6m\u00fcrgecili\u011fe kar\u015f\u0131 Raperin&#8217;in \u00fcst\u00fcnden 35 y\u0131l ge\u00e7ti","datePublished":"2026-03-14T16:38:20+00:00","mainEntityOfPage":{"@id":"https:\/\/darkamazi.site\/archives\/1036722"},"wordCount":344,"publisher":{"@id":"https:\/\/darkamazi.site\/#organization"},"image":{"@id":"https:\/\/darkamazi.site\/archives\/1036722#primaryimage"},"thumbnailUrl":"https:\/\/darkamazi.site\/file\/2026\/03\/Raperin-1.jpg","keywords":["\u00f6nemli"],"articleSection":["Kurdistan"],"inLanguage":"en-US"},{"@type":"WebPage","@id":"https:\/\/darkamazi.site\/archives\/1036722","url":"https:\/\/darkamazi.site\/archives\/1036722","name":"Duhok'un s\u00f6m\u00fcrgecili\u011fe kar\u015f\u0131 Raperin'in \u00fcst\u00fcnden 35 y\u0131l ge\u00e7ti - Darka Mazi","isPartOf":{"@id":"https:\/\/darkamazi.site\/#website"},"primaryImageOfPage":{"@id":"https:\/\/darkamazi.site\/archives\/1036722#primaryimage"},"image":{"@id":"https:\/\/darkamazi.site\/archives\/1036722#primaryimage"},"thumbnailUrl":"https:\/\/darkamazi.site\/file\/2026\/03\/Raperin-1.jpg","datePublished":"2026-03-14T16:38:20+00:00","breadcrumb":{"@id":"https:\/\/darkamazi.site\/archives\/1036722#breadcrumb"},"inLanguage":"en-US","potentialAction":[{"@type":"ReadAction","target":["https:\/\/darkamazi.site\/archives\/1036722"]}]},{"@type":"ImageObject","inLanguage":"en-US","@id":"https:\/\/darkamazi.site\/archives\/1036722#primaryimage","url":"https:\/\/darkamazi.site\/file\/2026\/03\/Raperin-1.jpg","contentUrl":"https:\/\/darkamazi.site\/file\/2026\/03\/Raperin-1.jpg","width":1013,"height":744,"caption":"Duhok'un s\u00f6m\u00fcrgecili\u011fe kar\u015f\u0131 Raperin'in \u00fcst\u00fcnden 35 y\u0131l ge\u00e7ti"},{"@type":"BreadcrumbList","@id":"https:\/\/darkamazi.site\/archives\/1036722#breadcrumb","itemListElement":[{"@type":"ListItem","position":1,"name":"Home","item":"https:\/\/darkamazi.site\/"},{"@type":"ListItem","position":2,"name":"Duhok&#8217;un s\u00f6m\u00fcrgecili\u011fe kar\u015f\u0131 Raperin&#8217;in \u00fcst\u00fcnden 35 y\u0131l ge\u00e7ti"}]},{"@type":"WebSite","@id":"https:\/\/darkamazi.site\/#website","url":"https:\/\/darkamazi.site\/","name":"Darka Mazi","description":"Ana Sayfa","publisher":{"@id":"https:\/\/darkamazi.site\/#organization"},"potentialAction":[{"@type":"SearchAction","target":{"@type":"EntryPoint","urlTemplate":"https:\/\/darkamazi.site\/?s={search_term_string}"},"query-input":{"@type":"PropertyValueSpecification","valueRequired":true,"valueName":"search_term_string"}}],"inLanguage":"en-US"},{"@type":"Organization","@id":"https:\/\/darkamazi.site\/#organization","name":"Darka Mazi T\u00fcrk\u00e7e","alternateName":"Darka Mazi","url":"https:\/\/darkamazi.site\/","logo":{"@type":"ImageObject","inLanguage":"en-US","@id":"https:\/\/darkamazi.site\/#\/schema\/logo\/image\/","url":"https:\/\/darkamazi.site\/file\/2017\/12\/darka-mazi-logo.png","contentUrl":"https:\/\/darkamazi.site\/file\/2017\/12\/darka-mazi-logo.png","width":151,"height":75,"caption":"Darka Mazi T\u00fcrk\u00e7e"},"image":{"@id":"https:\/\/darkamazi.site\/#\/schema\/logo\/image\/"},"sameAs":["https:\/\/www.facebook.com\/DarkaMaziturkce","https:\/\/x.com\/DarkaMaziTurkce"]},{"@type":"Person","@id":"https:\/\/darkamazi.site\/#\/schema\/person\/67986a95ac546c16760365877ef4a9d3","name":"darka mazi","sameAs":["https:\/\/darkamazi.site"],"url":"https:\/\/darkamazi.site\/archives\/author\/turkish"}]}},"_links":{"self":[{"href":"https:\/\/darkamazi.site\/funavuv\/wp\/v2\/posts\/1036722","targetHints":{"allow":["GET"]}}],"collection":[{"href":"https:\/\/darkamazi.site\/funavuv\/wp\/v2\/posts"}],"about":[{"href":"https:\/\/darkamazi.site\/funavuv\/wp\/v2\/types\/post"}],"author":[{"embeddable":true,"href":"https:\/\/darkamazi.site\/funavuv\/wp\/v2\/users\/2"}],"replies":[{"embeddable":true,"href":"https:\/\/darkamazi.site\/funavuv\/wp\/v2\/comments?post=1036722"}],"version-history":[{"count":0,"href":"https:\/\/darkamazi.site\/funavuv\/wp\/v2\/posts\/1036722\/revisions"}],"wp:featuredmedia":[{"embeddable":true,"href":"https:\/\/darkamazi.site\/funavuv\/wp\/v2\/media\/1036723"}],"wp:attachment":[{"href":"https:\/\/darkamazi.site\/funavuv\/wp\/v2\/media?parent=1036722"}],"wp:term":[{"taxonomy":"category","embeddable":true,"href":"https:\/\/darkamazi.site\/funavuv\/wp\/v2\/categories?post=1036722"},{"taxonomy":"post_tag","embeddable":true,"href":"https:\/\/darkamazi.site\/funavuv\/wp\/v2\/tags?post=1036722"}],"curies":[{"name":"wp","href":"https:\/\/api.w.org\/{rel}","templated":true}]}}