{"id":1036725,"date":"2026-03-15T14:33:06","date_gmt":"2026-03-15T11:33:06","guid":{"rendered":"https:\/\/darkamazi.site\/?p=1036725"},"modified":"2026-03-15T14:33:06","modified_gmt":"2026-03-15T11:33:06","slug":"irakta-dusen-abd-ucaginda-olen-6-askerin-kimligi-aciklandi","status":"publish","type":"post","link":"https:\/\/darkamazi.site\/archives\/1036725","title":{"rendered":"Irak\u2019ta d\u00fc\u015fen ABD u\u00e7a\u011f\u0131nda \u00f6len 6 askerin kimli\u011fi a\u00e7\u0131kland\u0131"},"content":{"rendered":"<p style=\"text-align: justify\">\u00a0ABD Savunma Bakanl\u0131\u011f\u0131 (Pentagon), ge\u00e7ti\u011fimiz per\u015fembe g\u00fcn\u00fc Irak\u2019\u0131n bat\u0131s\u0131nda askeri bir u\u00e7a\u011f\u0131n d\u00fc\u015fmesi sonucu hayat\u0131n\u0131 kaybeden 6 askerin kimlik bilgilerini resmen a\u00e7\u0131klad\u0131.<\/p>\n<p style=\"text-align: justify\">Pentagon\u2019dan yap\u0131lan a\u00e7\u0131klamaya g\u00f6re, hayat\u0131n\u0131 kaybeden 6 asker de havada yak\u0131t ikmali yapan KC-135 tipi u\u00e7a\u011f\u0131n m\u00fcrettebat\u0131yd\u0131. Kazada ya\u015fam\u0131n\u0131 yitiren askerlerin isimleri ve memleketleri \u015f\u00f6yle a\u00e7\u0131kland\u0131:<\/p>\n<p style=\"text-align: justify\">John Kleiner (33): Auburn, Alabama (Hava Kuvvetleri).<\/p>\n<p style=\"text-align: justify\">Ariana Savino (31): Covington, Washington (Hava Kuvvetleri).<\/p>\n<p style=\"text-align: justify\">Ashley Pruitt (34): Bardstown, Kentucky (Hava Kuvvetleri).<\/p>\n<p style=\"text-align: justify\">Seth Koval (38): Morrisville, Indiana (Hava Ulusal Muhaf\u0131zlar\u0131).<\/p>\n<p style=\"text-align: justify\">Curtis Angst (30): Wilmington, Ohio (Hava Ulusal Muhaf\u0131zlar\u0131).<\/p>\n<p style=\"text-align: justify\">Tyler Simmons (28): Columbus, Ohio (Hava Ulusal Muhaf\u0131zlar\u0131).<\/p>\n<p style=\"text-align: justify\"><strong>CENTCOM: D\u00fc\u015fman ate\u015fi de\u011fil<\/strong><\/p>\n<p style=\"text-align: justify\">Olaya ili\u015fkin soru\u015fturma devam ederken, ABD Merkez Kuvvetleri (CENTCOM) daha \u00f6nce yapt\u0131\u011f\u0131 a\u00e7\u0131klamada u\u00e7a\u011f\u0131n d\u00fc\u015fmesinin &#8220;d\u00fc\u015fman ate\u015fi&#8221; veya &#8220;dost ate\u015fi&#8221; kaynakl\u0131 olmad\u0131\u011f\u0131n\u0131 vurgulam\u0131\u015ft\u0131.<\/p>\n<p style=\"text-align: justify\">Bu a\u00e7\u0131klama, u\u00e7a\u011f\u0131n herhangi bir Irak g\u00fcc\u00fc, d\u0131\u015f g\u00fc\u00e7 veya ABD kar\u015f\u0131t\u0131 bir grup taraf\u0131ndan d\u00fc\u015f\u00fcr\u00fclmedi\u011fi anlam\u0131na geliyor.<\/p>\n<p style=\"text-align: justify\">Ancak \u0130ran\u2019a yak\u0131nl\u0131\u011f\u0131yla bilinen milis gruplar\u0131n \u00e7at\u0131 yap\u0131lanmas\u0131 olan &#8220;Irak \u0130slami Direni\u015fi&#8221;, u\u00e7a\u011f\u0131 kendilerinin d\u00fc\u015f\u00fcrd\u00fc\u011f\u00fcn\u00fc, bir ba\u015fka ABD u\u00e7a\u011f\u0131n\u0131n ise ellerinden ka\u00e7t\u0131\u011f\u0131n\u0131 iddia etmi\u015fti.<\/p>\n<p style=\"text-align: justify\"><strong>Sava\u015f\u0131n ba\u015f\u0131ndan beri kaybedilen 4. u\u00e7ak<\/strong><\/p>\n<p style=\"text-align: justify\">KC-135, ABD ile \u0130ran aras\u0131nda 28 \u015eubat\u2019ta ba\u015flayan sava\u015ftan bu yana kaybedilen d\u00f6rd\u00fcnc\u00fc askeri u\u00e7ak oldu. Daha \u00f6nce \u00fc\u00e7 adet F-15 sava\u015f u\u00e7a\u011f\u0131, Kuveyt g\u00fc\u00e7leri taraf\u0131ndan &#8220;yanl\u0131\u015fl\u0131kla&#8221; havada vurularak d\u00fc\u015f\u00fcr\u00fclm\u00fc\u015ft\u00fc.<\/p>\n<p style=\"text-align: justify\">ABD ordusunda 60 y\u0131l\u0131 a\u015fk\u0131n s\u00fcredir hizmet veren KC-135 u\u00e7aklar\u0131 normalde \u00fc\u00e7 ki\u015filik m\u00fcrettebatla u\u00e7uyor, ancak \u00f6zel g\u00f6revlerde personel say\u0131s\u0131 artabiliyor. Bu devasa u\u00e7aklar ayn\u0131 zamanda 37 yolcu ta\u015f\u0131ma kapasitesine sahip.<\/p>\n<p style=\"text-align: justify\">Bu kaza ile birlikte, 28 \u015eubat&#8217;ta ba\u015flayan &#8220;Destans\u0131 \u00d6fke Operasyonu&#8221; kapsam\u0131nda hayat\u0131n\u0131 kaybeden ABD askerlerinin say\u0131s\u0131 en az 13\u2019e y\u00fckseldi.<\/p>\n","protected":false},"excerpt":{"rendered":"<p>\u00a0ABD Savunma Bakanl\u0131\u011f\u0131 (Pentagon), ge\u00e7ti\u011fimiz per\u015fembe g\u00fcn\u00fc Irak\u2019\u0131n bat\u0131s\u0131nda askeri bir u\u00e7a\u011f\u0131n d\u00fc\u015fmesi sonucu hayat\u0131n\u0131 kaybeden 6 askerin kimlik bilgilerini resmen a\u00e7\u0131klad\u0131. Pentagon\u2019dan yap\u0131lan a\u00e7\u0131klamaya g\u00f6re, hayat\u0131n\u0131 kaybeden 6 asker de havada yak\u0131t ikmali yapan KC-135 tipi u\u00e7a\u011f\u0131n m\u00fcrettebat\u0131yd\u0131. Kazada ya\u015fam\u0131n\u0131 yitiren askerlerin isimleri ve memleketleri \u015f\u00f6yle a\u00e7\u0131kland\u0131: John Kleiner (33): Auburn, Alabama (Hava Kuvvetleri). [&hellip;]<\/p>\n","protected":false},"author":2,"featured_media":1036726,"comment_status":"closed","ping_status":"closed","sticky":false,"template":"","format":"standard","meta":{"footnotes":""},"categories":[29],"tags":[],"class_list":["post-1036725","post","type-post","status-publish","format-standard","has-post-thumbnail","hentry","category-ortadogu"],"blocksy_meta":[],"seo_head":"<!-- This site is optimized with the Yoast SEO plugin v27.5 - https:\/\/yoast.com\/product\/yoast-seo-wordpress\/ -->\n<title>Irak\u2019ta d\u00fc\u015fen ABD u\u00e7a\u011f\u0131nda \u00f6len 6 askerin kimli\u011fi a\u00e7\u0131kland\u0131 - Darka Mazi<\/title>\n<meta name=\"robots\" content=\"index, follow, max-snippet:-1, max-image-preview:large, max-video-preview:-1\" \/>\n<link rel=\"canonical\" href=\"https:\/\/darkamazi.site\/archives\/1036725\" \/>\n<meta property=\"og:locale\" content=\"en_US\" \/>\n<meta property=\"og:type\" content=\"article\" \/>\n<meta property=\"og:title\" content=\"Irak\u2019ta d\u00fc\u015fen ABD u\u00e7a\u011f\u0131nda \u00f6len 6 askerin kimli\u011fi a\u00e7\u0131kland\u0131 - Darka Mazi\" \/>\n<meta property=\"og:description\" content=\"\u00a0ABD Savunma Bakanl\u0131\u011f\u0131 (Pentagon), ge\u00e7ti\u011fimiz per\u015fembe g\u00fcn\u00fc Irak\u2019\u0131n bat\u0131s\u0131nda askeri bir u\u00e7a\u011f\u0131n d\u00fc\u015fmesi sonucu hayat\u0131n\u0131 kaybeden 6 askerin kimlik bilgilerini resmen a\u00e7\u0131klad\u0131. Pentagon\u2019dan yap\u0131lan a\u00e7\u0131klamaya g\u00f6re, hayat\u0131n\u0131 kaybeden 6 asker de havada yak\u0131t ikmali yapan KC-135 tipi u\u00e7a\u011f\u0131n m\u00fcrettebat\u0131yd\u0131. Kazada ya\u015fam\u0131n\u0131 yitiren askerlerin isimleri ve memleketleri \u015f\u00f6yle a\u00e7\u0131kland\u0131: John Kleiner (33): Auburn, Alabama (Hava Kuvvetleri). [&hellip;]\" \/>\n<meta property=\"og:url\" content=\"https:\/\/darkamazi.site\/archives\/1036725\" \/>\n<meta property=\"og:site_name\" content=\"Darka Mazi\" \/>\n<meta property=\"article:publisher\" content=\"https:\/\/www.facebook.com\/DarkaMaziturkce\" \/>\n<meta property=\"article:published_time\" content=\"2026-03-15T11:33:06+00:00\" \/>\n<meta property=\"og:image\" content=\"https:\/\/darkamazi.site\/file\/2026\/03\/ABD-Acikladi.jpg\" \/>\n\t<meta property=\"og:image:width\" content=\"860\" \/>\n\t<meta property=\"og:image:height\" content=\"484\" \/>\n\t<meta property=\"og:image:type\" content=\"image\/jpeg\" \/>\n<meta name=\"author\" content=\"darka mazi\" \/>\n<meta name=\"twitter:card\" content=\"summary_large_image\" \/>\n<meta name=\"twitter:creator\" content=\"@DarkaMaziTurkce\" \/>\n<meta name=\"twitter:site\" content=\"@DarkaMaziTurkce\" \/>\n<meta name=\"twitter:label1\" content=\"Written by\" \/>\n\t<meta name=\"twitter:data1\" content=\"darka mazi\" \/>\n\t<meta name=\"twitter:label2\" content=\"Est. reading time\" \/>\n\t<meta name=\"twitter:data2\" content=\"2 minutes\" \/>\n<script type=\"application\/ld+json\" class=\"seo-schema-graph\">{\"@context\":\"https:\\\/\\\/schema.org\",\"@graph\":[{\"@type\":\"NewsArticle\",\"@id\":\"https:\\\/\\\/darkamazi.site\\\/archives\\\/1036725#article\",\"isPartOf\":{\"@id\":\"https:\\\/\\\/darkamazi.site\\\/archives\\\/1036725\"},\"author\":{\"name\":\"darka mazi\",\"@id\":\"https:\\\/\\\/darkamazi.site\\\/#\\\/schema\\\/person\\\/67986a95ac546c16760365877ef4a9d3\"},\"headline\":\"Irak\u2019ta d\u00fc\u015fen ABD u\u00e7a\u011f\u0131nda \u00f6len 6 askerin kimli\u011fi a\u00e7\u0131kland\u0131\",\"datePublished\":\"2026-03-15T11:33:06+00:00\",\"mainEntityOfPage\":{\"@id\":\"https:\\\/\\\/darkamazi.site\\\/archives\\\/1036725\"},\"wordCount\":352,\"publisher\":{\"@id\":\"https:\\\/\\\/darkamazi.site\\\/#organization\"},\"image\":{\"@id\":\"https:\\\/\\\/darkamazi.site\\\/archives\\\/1036725#primaryimage\"},\"thumbnailUrl\":\"https:\\\/\\\/darkamazi.site\\\/darka-content\\\/uploads\\\/2026\\\/03\\\/ABD-Acikladi.jpg\",\"articleSection\":[\"Ortado\u011fu\"],\"inLanguage\":\"en-US\"},{\"@type\":\"WebPage\",\"@id\":\"https:\\\/\\\/darkamazi.site\\\/archives\\\/1036725\",\"url\":\"https:\\\/\\\/darkamazi.site\\\/archives\\\/1036725\",\"name\":\"Irak\u2019ta d\u00fc\u015fen ABD u\u00e7a\u011f\u0131nda \u00f6len 6 askerin kimli\u011fi a\u00e7\u0131kland\u0131 - Darka Mazi\",\"isPartOf\":{\"@id\":\"https:\\\/\\\/darkamazi.site\\\/#website\"},\"primaryImageOfPage\":{\"@id\":\"https:\\\/\\\/darkamazi.site\\\/archives\\\/1036725#primaryimage\"},\"image\":{\"@id\":\"https:\\\/\\\/darkamazi.site\\\/archives\\\/1036725#primaryimage\"},\"thumbnailUrl\":\"https:\\\/\\\/darkamazi.site\\\/darka-content\\\/uploads\\\/2026\\\/03\\\/ABD-Acikladi.jpg\",\"datePublished\":\"2026-03-15T11:33:06+00:00\",\"breadcrumb\":{\"@id\":\"https:\\\/\\\/darkamazi.site\\\/archives\\\/1036725#breadcrumb\"},\"inLanguage\":\"en-US\",\"potentialAction\":[{\"@type\":\"ReadAction\",\"target\":[\"https:\\\/\\\/darkamazi.site\\\/archives\\\/1036725\"]}]},{\"@type\":\"ImageObject\",\"inLanguage\":\"en-US\",\"@id\":\"https:\\\/\\\/darkamazi.site\\\/archives\\\/1036725#primaryimage\",\"url\":\"https:\\\/\\\/darkamazi.site\\\/darka-content\\\/uploads\\\/2026\\\/03\\\/ABD-Acikladi.jpg\",\"contentUrl\":\"https:\\\/\\\/darkamazi.site\\\/darka-content\\\/uploads\\\/2026\\\/03\\\/ABD-Acikladi.jpg\",\"width\":860,\"height\":484,\"caption\":\"Irak\u2019ta d\u00fc\u015fen ABD u\u00e7a\u011f\u0131nda \u00f6len 6 askerin kimli\u011fi a\u00e7\u0131kland\u0131\"},{\"@type\":\"BreadcrumbList\",\"@id\":\"https:\\\/\\\/darkamazi.site\\\/archives\\\/1036725#breadcrumb\",\"itemListElement\":[{\"@type\":\"ListItem\",\"position\":1,\"name\":\"Home\",\"item\":\"https:\\\/\\\/darkamazi.site\\\/\"},{\"@type\":\"ListItem\",\"position\":2,\"name\":\"Irak\u2019ta d\u00fc\u015fen ABD u\u00e7a\u011f\u0131nda \u00f6len 6 askerin kimli\u011fi a\u00e7\u0131kland\u0131\"}]},{\"@type\":\"WebSite\",\"@id\":\"https:\\\/\\\/darkamazi.site\\\/#website\",\"url\":\"https:\\\/\\\/darkamazi.site\\\/\",\"name\":\"Darka Mazi\",\"description\":\"Ana Sayfa\",\"publisher\":{\"@id\":\"https:\\\/\\\/darkamazi.site\\\/#organization\"},\"potentialAction\":[{\"@type\":\"SearchAction\",\"target\":{\"@type\":\"EntryPoint\",\"urlTemplate\":\"https:\\\/\\\/darkamazi.site\\\/?s={search_term_string}\"},\"query-input\":{\"@type\":\"PropertyValueSpecification\",\"valueRequired\":true,\"valueName\":\"search_term_string\"}}],\"inLanguage\":\"en-US\"},{\"@type\":\"Organization\",\"@id\":\"https:\\\/\\\/darkamazi.site\\\/#organization\",\"name\":\"Darka Mazi T\u00fcrk\u00e7e\",\"alternateName\":\"Darka Mazi\",\"url\":\"https:\\\/\\\/darkamazi.site\\\/\",\"logo\":{\"@type\":\"ImageObject\",\"inLanguage\":\"en-US\",\"@id\":\"https:\\\/\\\/darkamazi.site\\\/#\\\/schema\\\/logo\\\/image\\\/\",\"url\":\"https:\\\/\\\/darkamazi.site\\\/darka-content\\\/uploads\\\/2017\\\/12\\\/darka-mazi-logo.png\",\"contentUrl\":\"https:\\\/\\\/darkamazi.site\\\/darka-content\\\/uploads\\\/2017\\\/12\\\/darka-mazi-logo.png\",\"width\":151,\"height\":75,\"caption\":\"Darka Mazi T\u00fcrk\u00e7e\"},\"image\":{\"@id\":\"https:\\\/\\\/darkamazi.site\\\/#\\\/schema\\\/logo\\\/image\\\/\"},\"sameAs\":[\"https:\\\/\\\/www.facebook.com\\\/DarkaMaziturkce\",\"https:\\\/\\\/x.com\\\/DarkaMaziTurkce\"]},{\"@type\":\"Person\",\"@id\":\"https:\\\/\\\/darkamazi.site\\\/#\\\/schema\\\/person\\\/67986a95ac546c16760365877ef4a9d3\",\"name\":\"darka mazi\",\"sameAs\":[\"https:\\\/\\\/darkamazi.site\"],\"url\":\"https:\\\/\\\/darkamazi.site\\\/archives\\\/author\\\/turkish\"}]}<\/script>\n<!-- \/ Yoast SEO plugin. -->","seo_head_json":{"title":"Irak\u2019ta d\u00fc\u015fen ABD u\u00e7a\u011f\u0131nda \u00f6len 6 askerin kimli\u011fi a\u00e7\u0131kland\u0131 - Darka Mazi","robots":{"index":"index","follow":"follow","max-snippet":"max-snippet:-1","max-image-preview":"max-image-preview:large","max-video-preview":"max-video-preview:-1"},"canonical":"https:\/\/darkamazi.site\/archives\/1036725","og_locale":"en_US","og_type":"article","og_title":"Irak\u2019ta d\u00fc\u015fen ABD u\u00e7a\u011f\u0131nda \u00f6len 6 askerin kimli\u011fi a\u00e7\u0131kland\u0131 - Darka Mazi","og_description":"\u00a0ABD Savunma Bakanl\u0131\u011f\u0131 (Pentagon), ge\u00e7ti\u011fimiz per\u015fembe g\u00fcn\u00fc Irak\u2019\u0131n bat\u0131s\u0131nda askeri bir u\u00e7a\u011f\u0131n d\u00fc\u015fmesi sonucu hayat\u0131n\u0131 kaybeden 6 askerin kimlik bilgilerini resmen a\u00e7\u0131klad\u0131. Pentagon\u2019dan yap\u0131lan a\u00e7\u0131klamaya g\u00f6re, hayat\u0131n\u0131 kaybeden 6 asker de havada yak\u0131t ikmali yapan KC-135 tipi u\u00e7a\u011f\u0131n m\u00fcrettebat\u0131yd\u0131. Kazada ya\u015fam\u0131n\u0131 yitiren askerlerin isimleri ve memleketleri \u015f\u00f6yle a\u00e7\u0131kland\u0131: John Kleiner (33): Auburn, Alabama (Hava Kuvvetleri). [&hellip;]","og_url":"https:\/\/darkamazi.site\/archives\/1036725","og_site_name":"Darka Mazi","article_publisher":"https:\/\/www.facebook.com\/DarkaMaziturkce","article_published_time":"2026-03-15T11:33:06+00:00","og_image":[{"width":860,"height":484,"url":"https:\/\/darkamazi.site\/file\/2026\/03\/ABD-Acikladi.jpg","type":"image\/jpeg"}],"author":"darka mazi","twitter_card":"summary_large_image","twitter_creator":"@DarkaMaziTurkce","twitter_site":"@DarkaMaziTurkce","twitter_misc":{"Written by":"darka mazi","Est. reading time":"2 minutes"},"schema":{"@context":"https:\/\/schema.org","@graph":[{"@type":"NewsArticle","@id":"https:\/\/darkamazi.site\/archives\/1036725#article","isPartOf":{"@id":"https:\/\/darkamazi.site\/archives\/1036725"},"author":{"name":"darka mazi","@id":"https:\/\/darkamazi.site\/#\/schema\/person\/67986a95ac546c16760365877ef4a9d3"},"headline":"Irak\u2019ta d\u00fc\u015fen ABD u\u00e7a\u011f\u0131nda \u00f6len 6 askerin kimli\u011fi a\u00e7\u0131kland\u0131","datePublished":"2026-03-15T11:33:06+00:00","mainEntityOfPage":{"@id":"https:\/\/darkamazi.site\/archives\/1036725"},"wordCount":352,"publisher":{"@id":"https:\/\/darkamazi.site\/#organization"},"image":{"@id":"https:\/\/darkamazi.site\/archives\/1036725#primaryimage"},"thumbnailUrl":"https:\/\/darkamazi.site\/file\/2026\/03\/ABD-Acikladi.jpg","articleSection":["Ortado\u011fu"],"inLanguage":"en-US"},{"@type":"WebPage","@id":"https:\/\/darkamazi.site\/archives\/1036725","url":"https:\/\/darkamazi.site\/archives\/1036725","name":"Irak\u2019ta d\u00fc\u015fen ABD u\u00e7a\u011f\u0131nda \u00f6len 6 askerin kimli\u011fi a\u00e7\u0131kland\u0131 - Darka Mazi","isPartOf":{"@id":"https:\/\/darkamazi.site\/#website"},"primaryImageOfPage":{"@id":"https:\/\/darkamazi.site\/archives\/1036725#primaryimage"},"image":{"@id":"https:\/\/darkamazi.site\/archives\/1036725#primaryimage"},"thumbnailUrl":"https:\/\/darkamazi.site\/file\/2026\/03\/ABD-Acikladi.jpg","datePublished":"2026-03-15T11:33:06+00:00","breadcrumb":{"@id":"https:\/\/darkamazi.site\/archives\/1036725#breadcrumb"},"inLanguage":"en-US","potentialAction":[{"@type":"ReadAction","target":["https:\/\/darkamazi.site\/archives\/1036725"]}]},{"@type":"ImageObject","inLanguage":"en-US","@id":"https:\/\/darkamazi.site\/archives\/1036725#primaryimage","url":"https:\/\/darkamazi.site\/file\/2026\/03\/ABD-Acikladi.jpg","contentUrl":"https:\/\/darkamazi.site\/file\/2026\/03\/ABD-Acikladi.jpg","width":860,"height":484,"caption":"Irak\u2019ta d\u00fc\u015fen ABD u\u00e7a\u011f\u0131nda \u00f6len 6 askerin kimli\u011fi a\u00e7\u0131kland\u0131"},{"@type":"BreadcrumbList","@id":"https:\/\/darkamazi.site\/archives\/1036725#breadcrumb","itemListElement":[{"@type":"ListItem","position":1,"name":"Home","item":"https:\/\/darkamazi.site\/"},{"@type":"ListItem","position":2,"name":"Irak\u2019ta d\u00fc\u015fen ABD u\u00e7a\u011f\u0131nda \u00f6len 6 askerin kimli\u011fi a\u00e7\u0131kland\u0131"}]},{"@type":"WebSite","@id":"https:\/\/darkamazi.site\/#website","url":"https:\/\/darkamazi.site\/","name":"Darka Mazi","description":"Ana Sayfa","publisher":{"@id":"https:\/\/darkamazi.site\/#organization"},"potentialAction":[{"@type":"SearchAction","target":{"@type":"EntryPoint","urlTemplate":"https:\/\/darkamazi.site\/?s={search_term_string}"},"query-input":{"@type":"PropertyValueSpecification","valueRequired":true,"valueName":"search_term_string"}}],"inLanguage":"en-US"},{"@type":"Organization","@id":"https:\/\/darkamazi.site\/#organization","name":"Darka Mazi T\u00fcrk\u00e7e","alternateName":"Darka Mazi","url":"https:\/\/darkamazi.site\/","logo":{"@type":"ImageObject","inLanguage":"en-US","@id":"https:\/\/darkamazi.site\/#\/schema\/logo\/image\/","url":"https:\/\/darkamazi.site\/file\/2017\/12\/darka-mazi-logo.png","contentUrl":"https:\/\/darkamazi.site\/file\/2017\/12\/darka-mazi-logo.png","width":151,"height":75,"caption":"Darka Mazi T\u00fcrk\u00e7e"},"image":{"@id":"https:\/\/darkamazi.site\/#\/schema\/logo\/image\/"},"sameAs":["https:\/\/www.facebook.com\/DarkaMaziturkce","https:\/\/x.com\/DarkaMaziTurkce"]},{"@type":"Person","@id":"https:\/\/darkamazi.site\/#\/schema\/person\/67986a95ac546c16760365877ef4a9d3","name":"darka mazi","sameAs":["https:\/\/darkamazi.site"],"url":"https:\/\/darkamazi.site\/archives\/author\/turkish"}]}},"_links":{"self":[{"href":"https:\/\/darkamazi.site\/funavuv\/wp\/v2\/posts\/1036725","targetHints":{"allow":["GET"]}}],"collection":[{"href":"https:\/\/darkamazi.site\/funavuv\/wp\/v2\/posts"}],"about":[{"href":"https:\/\/darkamazi.site\/funavuv\/wp\/v2\/types\/post"}],"author":[{"embeddable":true,"href":"https:\/\/darkamazi.site\/funavuv\/wp\/v2\/users\/2"}],"replies":[{"embeddable":true,"href":"https:\/\/darkamazi.site\/funavuv\/wp\/v2\/comments?post=1036725"}],"version-history":[{"count":0,"href":"https:\/\/darkamazi.site\/funavuv\/wp\/v2\/posts\/1036725\/revisions"}],"wp:featuredmedia":[{"embeddable":true,"href":"https:\/\/darkamazi.site\/funavuv\/wp\/v2\/media\/1036726"}],"wp:attachment":[{"href":"https:\/\/darkamazi.site\/funavuv\/wp\/v2\/media?parent=1036725"}],"wp:term":[{"taxonomy":"category","embeddable":true,"href":"https:\/\/darkamazi.site\/funavuv\/wp\/v2\/categories?post=1036725"},{"taxonomy":"post_tag","embeddable":true,"href":"https:\/\/darkamazi.site\/funavuv\/wp\/v2\/tags?post=1036725"}],"curies":[{"name":"wp","href":"https:\/\/api.w.org\/{rel}","templated":true}]}}