{"id":1036728,"date":"2026-03-15T15:30:54","date_gmt":"2026-03-15T12:30:54","guid":{"rendered":"https:\/\/darkamazi.site\/?p=1036728"},"modified":"2026-03-15T15:30:54","modified_gmt":"2026-03-15T12:30:54","slug":"irak-petrolunu-kurdistan-uzerinden-gondermek-istiyor-kurdistanin-sartlari-var","status":"publish","type":"post","link":"https:\/\/darkamazi.site\/archives\/1036728","title":{"rendered":"Irak, Petrol\u00fcn\u00fc K\u00fcrdistan \u00fczerinden g\u00f6ndermek istiyor, K\u00fcrdistan&#8217;\u0131n \u015fartlar\u0131 var"},"content":{"rendered":"<p style=\"text-align: justify\">\u00a0Irak Petrol Bakanl\u0131\u011f\u0131, K\u00fcrdistan B\u00f6lgesi\u2019nden ge\u00e7en boru hatt\u0131 \u00fczerinden g\u00fcnl\u00fck 300 bin varil petrol\u00fcn Ceyhan Liman\u0131\u2019na g\u00f6nderilmesine haz\u0131r oldu\u011funu a\u00e7\u0131klad\u0131. Bakanl\u0131k, ancak K\u00fcrdistan B\u00f6lgesi h\u00fck\u00fcmetinin ihracat\u0131n ba\u015flamas\u0131 i\u00e7in baz\u0131 \u015fartlar ileri s\u00fcrd\u00fc\u011f\u00fcn\u00fc kaydetti.<\/p>\n<p style=\"text-align: justify\">Irak Petrol Bakanl\u0131\u011f\u0131, b\u00f6lgede ya\u015fanan gerilimin ba\u015flang\u0131c\u0131ndan bu yana K\u00fcrdistan B\u00f6lgesi Do\u011fal Kaynaklar Bakanl\u0131\u011f\u0131 ile s\u00fcrd\u00fcr\u00fclen temaslar kapsam\u0131nda, K\u00fcrdistan B\u00f6lgesi\u2019nden ge\u00e7en boru hatt\u0131 \u00fczerinden g\u00fcnl\u00fck 300 bin varil petrol ihracat\u0131n\u0131n yeniden ba\u015flat\u0131lmas\u0131na haz\u0131r olduklar\u0131n\u0131 bildirdi.<\/p>\n<p style=\"text-align: justify\">Bakanl\u0131k a\u00e7\u0131klamas\u0131nda, s\u00f6z konusu miktar\u0131n, daha \u00f6nce K\u00fcrdistan B\u00f6lgesi\u2019ndeki petrol sahalar\u0131ndan ihra\u00e7 edilen ve g\u00fcnl\u00fck en az 200 bin varil olan petrol\u00fcn d\u0131\u015f\u0131nda oldu\u011fu belirtildi.<\/p>\n<p style=\"text-align: justify\">Irak Petrol Bakanl\u0131\u011f\u0131\u2019na g\u00f6re, boru hatt\u0131n\u0131n ta\u015f\u0131ma kapasitesi g\u00fcnl\u00fck yakla\u015f\u0131k 900 bin varile kadar ula\u015f\u0131yor.<\/p>\n<p style=\"text-align: justify\"><strong>Irak Petrol Bakanl\u0131\u011f\u0131: K\u00fcrdistan B\u00f6lgesi&#8217;nin \u015fartlar\u0131n\u0131 g\u00f6r\u00fc\u015febiliriz<\/strong><\/p>\n<p style=\"text-align: justify\">Irak Petrol Bakanl\u0131\u011f\u0131, T\u00fcrkiye\u2019deki\u00a0Ceyhan Liman\u0131\u00a0\u00fczerinden petrol ihracat\u0131n\u0131n yeniden ba\u015flat\u0131lmas\u0131yla e\u015f zamanl\u0131 olarak\u00a0K\u00fcrdistan B\u00f6lgesi\u2019nin \u00f6ne s\u00fcrd\u00fc\u011f\u00fc \u015fartlar\u0131n da g\u00f6r\u00fc\u015f\u00fclebilece\u011fini\u00a0a\u00e7\u0131klad\u0131.<\/p>\n<p style=\"text-align: justify\">Bakanl\u0131k, K\u00fcrdistan B\u00f6lgesi\u2019nden ge\u00e7en petrol boru hatt\u0131 \u00fczerinden\u00a0g\u00fcnl\u00fck 300 bin varil petrol ihra\u00e7 etmeye haz\u0131r olduklar\u0131n\u0131\u00a0bildirdi.<\/p>\n<p style=\"text-align: justify\"><strong>Sava\u015f sonras\u0131 ihracat durduruldu<\/strong><\/p>\n<p style=\"text-align: justify\">ABD ve \u0130srail\u2019in \u0130ran\u2019la sava\u015f\u0131n\u0131n ba\u015flamas\u0131n\u0131n ard\u0131ndan K\u00fcrdistan B\u00f6lgesi y\u00f6netimi, T\u00fcrkiye\u2019nin Ceyhan Liman\u0131 \u00fczerinden\u00a0petrol ihracat\u0131n\u0131\u00a0 durdurmu\u015ftu.<\/p>\n<p style=\"text-align: justify\">K\u00fcrdistan B\u00f6lgesi y\u00f6netimi, Irak h\u00fck\u00fcmetinin kendilerine y\u00f6nelik uygulad\u0131\u011f\u0131 politika ve muameleden dolay\u0131 endi\u015fe duyduklar\u0131n\u0131 ifade ediyor.<\/p>\n<p style=\"text-align: justify\"><strong>Maa\u015flar g\u00f6nderilmedi, petrol sahalar\u0131 sald\u0131r\u0131ya u\u011frad\u0131<\/strong><\/p>\n<p style=\"text-align: justify\">Irak h\u00fck\u00fcmeti, K\u00fcrdistan B\u00f6lgesi\u2019ne\u00a0iki ayd\u0131r maa\u015f \u00f6demesi g\u00f6ndermedi. Bu y\u0131l\u0131n \u015eubat ay\u0131na ait maa\u015f ise\u00a0\u00fc\u00e7 par\u00e7a halinde\u00a0g\u00f6nderildi.<\/p>\n<p style=\"text-align: justify\">\u00d6te yandan son d\u00f6nemde K\u00fcrdistan B\u00f6lgesi\u2019ndeki petrol sahalar\u0131\u00a0silahl\u0131 gruplar\u0131n sald\u0131r\u0131lar\u0131na\u00a0maruz kald\u0131. Bu sald\u0131r\u0131lar nedeniyle petrol \u015firketlerinin b\u00fcy\u00fck b\u00f6l\u00fcm\u00fc \u00e7al\u0131\u015fmalar\u0131n\u0131 durdurdu.<\/p>\n<p style=\"text-align: justify\"><strong>ASYCUDA sistemi de anla\u015fmazl\u0131k konusu<\/strong><\/p>\n<p style=\"text-align: justify\">K\u00fcrdistan B\u00f6lgesi ile Irak aras\u0131nda bir di\u011fer anla\u015fmazl\u0131k konusu da ticaret alan\u0131nda uygulanmak istenen\u00a0ASYCUDA sistemi. K\u00fcrdistan B\u00f6lgesi y\u00f6netimi bu sistemi kabul etmiyor.<\/p>\n<p style=\"text-align: justify\">Ayr\u0131ca K\u00fcrdistan B\u00f6lgesi\u2019ndeki t\u00fcccarlara\u00a0resmi kur \u00fczerinden dolar verilmemesi\u00a0de taraflar aras\u0131nda sorun yaratan ba\u015fl\u0131klardan biri olarak \u00f6ne \u00e7\u0131k\u0131yor.<\/p>\n<p style=\"text-align: justify\"><strong>Irak: \u00d6nce ihracat ba\u015flas\u0131n, \u015fartlar sonra g\u00f6r\u00fc\u015f\u00fcl\u00fcr<\/strong><\/p>\n<p style=\"text-align: justify\">Irak Petrol Bakanl\u0131\u011f\u0131, K\u00fcrdistan B\u00f6lgesi\u2019nden petrol ihracat\u0131n\u0131n yeniden ba\u015flat\u0131lmas\u0131n\u0131 isterken, \u00f6ne s\u00fcr\u00fclen \u015fartlar\u0131n daha sonra m\u00fczakere edilebilece\u011fini belirtiyor.<\/p>\n<p style=\"text-align: justify\">Bakanl\u0131k, bug\u00fcn (15 Mart 2026 Pazar) yapt\u0131\u011f\u0131 a\u00e7\u0131klamada, sava\u015f\u0131n ba\u015flad\u0131\u011f\u0131 g\u00fcnden bu yana\u00a0K\u00fcrdistan B\u00f6lgesi Do\u011fal Kaynaklar Bakanl\u0131\u011f\u0131 ile s\u00fcrekli temas halinde olduklar\u0131n\u0131\u00a0ve g\u00fcnl\u00fck\u00a0300 bin varil petrol\u00fcn K\u00fcrdistan B\u00f6lgesi boru hatt\u0131 \u00fczerinden Ceyhan Liman\u0131\u2019na g\u00f6nderilmesi i\u00e7in haz\u0131r olduklar\u0131n\u0131\u00a0bildirdi.<\/p>\n<p style=\"text-align: justify\"><strong>300 bin varil mevcut \u00fcretimden ayr\u0131<\/strong><\/p>\n<p style=\"text-align: justify\">Bakanl\u0131\u011fa g\u00f6re s\u00f6z konusu\u00a0300 bin varil, K\u00fcrdistan B\u00f6lgesi\u2019ndeki petrol sahalar\u0131nda \u00fcretilen ve sava\u015f \u00f6ncesinde g\u00fcnl\u00fck\u00a0en az 200 bin varil olarak ihra\u00e7 edilen petrol miktar\u0131ndan ayr\u0131.<\/p>\n<p style=\"text-align: justify\">Ayr\u0131ca petrol boru hatt\u0131n\u0131n ta\u015f\u0131ma kapasitesinin\u00a0g\u00fcnl\u00fck yakla\u015f\u0131k 900 bin varile\u00a0ula\u015ft\u0131\u011f\u0131 belirtildi.<\/p>\n<p style=\"text-align: justify\"><strong>K\u00fcrdistan B\u00f6lgesi baz\u0131 \u015fartlar \u00f6ne s\u00fcrd\u00fc<\/strong><\/p>\n<p style=\"text-align: justify\">Irak Petrol Bakanl\u0131\u011f\u0131, K\u00fcrdistan B\u00f6lgesi Do\u011fal Kaynaklar Bakanl\u0131\u011f\u0131\u2019n\u0131n ihracat\u0131n hemen ba\u015flamas\u0131n\u0131 reddetti\u011fini ve\u00a0ham petrol ihracat\u0131yla do\u011frudan &#8220;ilgisi olmayan&#8221; baz\u0131 \u015fartlar \u00f6ne s\u00fcrd\u00fc\u011f\u00fcn\u00fc\u00a0savundu.<\/p>\n<p style=\"text-align: justify\">Bakanl\u0131k a\u00e7\u0131klamas\u0131nda, \u201cBiz kendi taraf\u0131m\u0131zdan, petrol ihracat\u0131 yeniden ba\u015flad\u0131ktan sonra bu \u015fartlar\u0131n da g\u00f6r\u00fc\u015f\u00fclebilece\u011fini a\u00e7\u0131k\u00e7a belirttik. \u00c7\u00fcnk\u00fc ihracat\u0131n gecikmesi Irak\u2019\u0131n mali gelirlerinin bir k\u0131sm\u0131ndan mahrum kalmas\u0131na neden oluyor ve bu durum g\u00fcney kap\u0131lar\u0131ndaki ihracat\u0131n durmas\u0131 nedeniyle olu\u015fan kay\u0131plar\u0131n telafisi olarak de\u011ferlendiriliyor\u201d denildi.<\/p>\n<p style=\"text-align: justify\"><strong>\u201c\u0130hracat derhal ba\u015flat\u0131lmal\u0131\u201d<\/strong><\/p>\n<p style=\"text-align: justify\">Irak Petrol Bakanl\u0131\u011f\u0131 a\u00e7\u0131klamas\u0131n\u0131n sonunda\u00a0petrol ihracat\u0131n\u0131n derhal yeniden ba\u015flat\u0131lmas\u0131\u00a0\u00e7a\u011fr\u0131s\u0131n\u0131 yineledi.<\/p>\n<p style=\"text-align: justify\">Bakanl\u0131k, bunun\u00a0ulusal \u00e7\u0131karlar do\u011frultusunda ve anayasa ile b\u00fct\u00e7e yasas\u0131na uygun \u015fekilde\u00a0yap\u0131lmas\u0131 gerekti\u011fini vurgulad\u0131.<\/p>\n","protected":false},"excerpt":{"rendered":"<p>\u00a0Irak Petrol Bakanl\u0131\u011f\u0131, K\u00fcrdistan B\u00f6lgesi\u2019nden ge\u00e7en boru hatt\u0131 \u00fczerinden g\u00fcnl\u00fck 300 bin varil petrol\u00fcn Ceyhan Liman\u0131\u2019na g\u00f6nderilmesine haz\u0131r oldu\u011funu a\u00e7\u0131klad\u0131. Bakanl\u0131k, ancak K\u00fcrdistan B\u00f6lgesi h\u00fck\u00fcmetinin ihracat\u0131n ba\u015flamas\u0131 i\u00e7in baz\u0131 \u015fartlar ileri s\u00fcrd\u00fc\u011f\u00fcn\u00fc kaydetti. Irak Petrol Bakanl\u0131\u011f\u0131, b\u00f6lgede ya\u015fanan gerilimin ba\u015flang\u0131c\u0131ndan bu yana K\u00fcrdistan B\u00f6lgesi Do\u011fal Kaynaklar Bakanl\u0131\u011f\u0131 ile s\u00fcrd\u00fcr\u00fclen temaslar kapsam\u0131nda, K\u00fcrdistan B\u00f6lgesi\u2019nden ge\u00e7en boru [&hellip;]<\/p>\n","protected":false},"author":2,"featured_media":1036729,"comment_status":"closed","ping_status":"closed","sticky":false,"template":"","format":"standard","meta":{"footnotes":""},"categories":[3],"tags":[31],"class_list":["post-1036728","post","type-post","status-publish","format-standard","has-post-thumbnail","hentry","category-kurdistan","tag-onemli"],"blocksy_meta":[],"seo_head":"<!-- This site is optimized with the Yoast SEO plugin v27.5 - https:\/\/yoast.com\/product\/yoast-seo-wordpress\/ -->\n<title>Irak, Petrol\u00fcn\u00fc K\u00fcrdistan \u00fczerinden g\u00f6ndermek istiyor, K\u00fcrdistan&#039;\u0131n \u015fartlar\u0131 var - Darka Mazi<\/title>\n<meta name=\"robots\" content=\"index, follow, max-snippet:-1, max-image-preview:large, max-video-preview:-1\" \/>\n<link rel=\"canonical\" href=\"https:\/\/darkamazi.site\/archives\/1036728\" \/>\n<meta property=\"og:locale\" content=\"en_US\" \/>\n<meta property=\"og:type\" content=\"article\" \/>\n<meta property=\"og:title\" content=\"Irak, Petrol\u00fcn\u00fc K\u00fcrdistan \u00fczerinden g\u00f6ndermek istiyor, K\u00fcrdistan&#039;\u0131n \u015fartlar\u0131 var - Darka Mazi\" \/>\n<meta property=\"og:description\" content=\"\u00a0Irak Petrol Bakanl\u0131\u011f\u0131, K\u00fcrdistan B\u00f6lgesi\u2019nden ge\u00e7en boru hatt\u0131 \u00fczerinden g\u00fcnl\u00fck 300 bin varil petrol\u00fcn Ceyhan Liman\u0131\u2019na g\u00f6nderilmesine haz\u0131r oldu\u011funu a\u00e7\u0131klad\u0131. Bakanl\u0131k, ancak K\u00fcrdistan B\u00f6lgesi h\u00fck\u00fcmetinin ihracat\u0131n ba\u015flamas\u0131 i\u00e7in baz\u0131 \u015fartlar ileri s\u00fcrd\u00fc\u011f\u00fcn\u00fc kaydetti. Irak Petrol Bakanl\u0131\u011f\u0131, b\u00f6lgede ya\u015fanan gerilimin ba\u015flang\u0131c\u0131ndan bu yana K\u00fcrdistan B\u00f6lgesi Do\u011fal Kaynaklar Bakanl\u0131\u011f\u0131 ile s\u00fcrd\u00fcr\u00fclen temaslar kapsam\u0131nda, K\u00fcrdistan B\u00f6lgesi\u2019nden ge\u00e7en boru [&hellip;]\" \/>\n<meta property=\"og:url\" content=\"https:\/\/darkamazi.site\/archives\/1036728\" \/>\n<meta property=\"og:site_name\" content=\"Darka Mazi\" \/>\n<meta property=\"article:publisher\" content=\"https:\/\/www.facebook.com\/DarkaMaziturkce\" \/>\n<meta property=\"article:published_time\" content=\"2026-03-15T12:30:54+00:00\" \/>\n<meta property=\"og:image\" content=\"https:\/\/darkamazi.site\/file\/2026\/03\/FsoxZi5WwAAneQx.jpg\" \/>\n\t<meta property=\"og:image:width\" content=\"900\" \/>\n\t<meta property=\"og:image:height\" content=\"497\" \/>\n\t<meta property=\"og:image:type\" content=\"image\/jpeg\" \/>\n<meta name=\"author\" content=\"darka mazi\" \/>\n<meta name=\"twitter:card\" content=\"summary_large_image\" \/>\n<meta name=\"twitter:creator\" content=\"@DarkaMaziTurkce\" \/>\n<meta name=\"twitter:site\" content=\"@DarkaMaziTurkce\" \/>\n<meta name=\"twitter:label1\" content=\"Written by\" \/>\n\t<meta name=\"twitter:data1\" content=\"darka mazi\" \/>\n\t<meta name=\"twitter:label2\" content=\"Est. reading time\" \/>\n\t<meta name=\"twitter:data2\" content=\"3 minutes\" \/>\n<script type=\"application\/ld+json\" class=\"seo-schema-graph\">{\"@context\":\"https:\\\/\\\/schema.org\",\"@graph\":[{\"@type\":\"NewsArticle\",\"@id\":\"https:\\\/\\\/darkamazi.site\\\/archives\\\/1036728#article\",\"isPartOf\":{\"@id\":\"https:\\\/\\\/darkamazi.site\\\/archives\\\/1036728\"},\"author\":{\"name\":\"darka mazi\",\"@id\":\"https:\\\/\\\/darkamazi.site\\\/#\\\/schema\\\/person\\\/67986a95ac546c16760365877ef4a9d3\"},\"headline\":\"Irak, Petrol\u00fcn\u00fc K\u00fcrdistan \u00fczerinden g\u00f6ndermek istiyor, K\u00fcrdistan&#8217;\u0131n \u015fartlar\u0131 var\",\"datePublished\":\"2026-03-15T12:30:54+00:00\",\"mainEntityOfPage\":{\"@id\":\"https:\\\/\\\/darkamazi.site\\\/archives\\\/1036728\"},\"wordCount\":798,\"publisher\":{\"@id\":\"https:\\\/\\\/darkamazi.site\\\/#organization\"},\"image\":{\"@id\":\"https:\\\/\\\/darkamazi.site\\\/archives\\\/1036728#primaryimage\"},\"thumbnailUrl\":\"https:\\\/\\\/darkamazi.site\\\/darka-content\\\/uploads\\\/2026\\\/03\\\/FsoxZi5WwAAneQx.jpg\",\"keywords\":[\"\u00f6nemli\"],\"articleSection\":[\"Kurdistan\"],\"inLanguage\":\"en-US\"},{\"@type\":\"WebPage\",\"@id\":\"https:\\\/\\\/darkamazi.site\\\/archives\\\/1036728\",\"url\":\"https:\\\/\\\/darkamazi.site\\\/archives\\\/1036728\",\"name\":\"Irak, Petrol\u00fcn\u00fc K\u00fcrdistan \u00fczerinden g\u00f6ndermek istiyor, K\u00fcrdistan'\u0131n \u015fartlar\u0131 var - Darka Mazi\",\"isPartOf\":{\"@id\":\"https:\\\/\\\/darkamazi.site\\\/#website\"},\"primaryImageOfPage\":{\"@id\":\"https:\\\/\\\/darkamazi.site\\\/archives\\\/1036728#primaryimage\"},\"image\":{\"@id\":\"https:\\\/\\\/darkamazi.site\\\/archives\\\/1036728#primaryimage\"},\"thumbnailUrl\":\"https:\\\/\\\/darkamazi.site\\\/darka-content\\\/uploads\\\/2026\\\/03\\\/FsoxZi5WwAAneQx.jpg\",\"datePublished\":\"2026-03-15T12:30:54+00:00\",\"breadcrumb\":{\"@id\":\"https:\\\/\\\/darkamazi.site\\\/archives\\\/1036728#breadcrumb\"},\"inLanguage\":\"en-US\",\"potentialAction\":[{\"@type\":\"ReadAction\",\"target\":[\"https:\\\/\\\/darkamazi.site\\\/archives\\\/1036728\"]}]},{\"@type\":\"ImageObject\",\"inLanguage\":\"en-US\",\"@id\":\"https:\\\/\\\/darkamazi.site\\\/archives\\\/1036728#primaryimage\",\"url\":\"https:\\\/\\\/darkamazi.site\\\/darka-content\\\/uploads\\\/2026\\\/03\\\/FsoxZi5WwAAneQx.jpg\",\"contentUrl\":\"https:\\\/\\\/darkamazi.site\\\/darka-content\\\/uploads\\\/2026\\\/03\\\/FsoxZi5WwAAneQx.jpg\",\"width\":900,\"height\":497,\"caption\":\"Irak, Petrol\u00fcn\u00fc K\u00fcrdistan \u00fczerinden g\u00f6ndermek istiyor, K\u00fcrdistan'\u0131n \u015fartlar\u0131 var\"},{\"@type\":\"BreadcrumbList\",\"@id\":\"https:\\\/\\\/darkamazi.site\\\/archives\\\/1036728#breadcrumb\",\"itemListElement\":[{\"@type\":\"ListItem\",\"position\":1,\"name\":\"Home\",\"item\":\"https:\\\/\\\/darkamazi.site\\\/\"},{\"@type\":\"ListItem\",\"position\":2,\"name\":\"Irak, Petrol\u00fcn\u00fc K\u00fcrdistan \u00fczerinden g\u00f6ndermek istiyor, K\u00fcrdistan&#8217;\u0131n \u015fartlar\u0131 var\"}]},{\"@type\":\"WebSite\",\"@id\":\"https:\\\/\\\/darkamazi.site\\\/#website\",\"url\":\"https:\\\/\\\/darkamazi.site\\\/\",\"name\":\"Darka Mazi\",\"description\":\"Ana Sayfa\",\"publisher\":{\"@id\":\"https:\\\/\\\/darkamazi.site\\\/#organization\"},\"potentialAction\":[{\"@type\":\"SearchAction\",\"target\":{\"@type\":\"EntryPoint\",\"urlTemplate\":\"https:\\\/\\\/darkamazi.site\\\/?s={search_term_string}\"},\"query-input\":{\"@type\":\"PropertyValueSpecification\",\"valueRequired\":true,\"valueName\":\"search_term_string\"}}],\"inLanguage\":\"en-US\"},{\"@type\":\"Organization\",\"@id\":\"https:\\\/\\\/darkamazi.site\\\/#organization\",\"name\":\"Darka Mazi T\u00fcrk\u00e7e\",\"alternateName\":\"Darka Mazi\",\"url\":\"https:\\\/\\\/darkamazi.site\\\/\",\"logo\":{\"@type\":\"ImageObject\",\"inLanguage\":\"en-US\",\"@id\":\"https:\\\/\\\/darkamazi.site\\\/#\\\/schema\\\/logo\\\/image\\\/\",\"url\":\"https:\\\/\\\/darkamazi.site\\\/darka-content\\\/uploads\\\/2017\\\/12\\\/darka-mazi-logo.png\",\"contentUrl\":\"https:\\\/\\\/darkamazi.site\\\/darka-content\\\/uploads\\\/2017\\\/12\\\/darka-mazi-logo.png\",\"width\":151,\"height\":75,\"caption\":\"Darka Mazi T\u00fcrk\u00e7e\"},\"image\":{\"@id\":\"https:\\\/\\\/darkamazi.site\\\/#\\\/schema\\\/logo\\\/image\\\/\"},\"sameAs\":[\"https:\\\/\\\/www.facebook.com\\\/DarkaMaziturkce\",\"https:\\\/\\\/x.com\\\/DarkaMaziTurkce\"]},{\"@type\":\"Person\",\"@id\":\"https:\\\/\\\/darkamazi.site\\\/#\\\/schema\\\/person\\\/67986a95ac546c16760365877ef4a9d3\",\"name\":\"darka mazi\",\"sameAs\":[\"https:\\\/\\\/darkamazi.site\"],\"url\":\"https:\\\/\\\/darkamazi.site\\\/archives\\\/author\\\/turkish\"}]}<\/script>\n<!-- \/ Yoast SEO plugin. -->","seo_head_json":{"title":"Irak, Petrol\u00fcn\u00fc K\u00fcrdistan \u00fczerinden g\u00f6ndermek istiyor, K\u00fcrdistan'\u0131n \u015fartlar\u0131 var - Darka Mazi","robots":{"index":"index","follow":"follow","max-snippet":"max-snippet:-1","max-image-preview":"max-image-preview:large","max-video-preview":"max-video-preview:-1"},"canonical":"https:\/\/darkamazi.site\/archives\/1036728","og_locale":"en_US","og_type":"article","og_title":"Irak, Petrol\u00fcn\u00fc K\u00fcrdistan \u00fczerinden g\u00f6ndermek istiyor, K\u00fcrdistan'\u0131n \u015fartlar\u0131 var - Darka Mazi","og_description":"\u00a0Irak Petrol Bakanl\u0131\u011f\u0131, K\u00fcrdistan B\u00f6lgesi\u2019nden ge\u00e7en boru hatt\u0131 \u00fczerinden g\u00fcnl\u00fck 300 bin varil petrol\u00fcn Ceyhan Liman\u0131\u2019na g\u00f6nderilmesine haz\u0131r oldu\u011funu a\u00e7\u0131klad\u0131. Bakanl\u0131k, ancak K\u00fcrdistan B\u00f6lgesi h\u00fck\u00fcmetinin ihracat\u0131n ba\u015flamas\u0131 i\u00e7in baz\u0131 \u015fartlar ileri s\u00fcrd\u00fc\u011f\u00fcn\u00fc kaydetti. Irak Petrol Bakanl\u0131\u011f\u0131, b\u00f6lgede ya\u015fanan gerilimin ba\u015flang\u0131c\u0131ndan bu yana K\u00fcrdistan B\u00f6lgesi Do\u011fal Kaynaklar Bakanl\u0131\u011f\u0131 ile s\u00fcrd\u00fcr\u00fclen temaslar kapsam\u0131nda, K\u00fcrdistan B\u00f6lgesi\u2019nden ge\u00e7en boru [&hellip;]","og_url":"https:\/\/darkamazi.site\/archives\/1036728","og_site_name":"Darka Mazi","article_publisher":"https:\/\/www.facebook.com\/DarkaMaziturkce","article_published_time":"2026-03-15T12:30:54+00:00","og_image":[{"width":900,"height":497,"url":"https:\/\/darkamazi.site\/file\/2026\/03\/FsoxZi5WwAAneQx.jpg","type":"image\/jpeg"}],"author":"darka mazi","twitter_card":"summary_large_image","twitter_creator":"@DarkaMaziTurkce","twitter_site":"@DarkaMaziTurkce","twitter_misc":{"Written by":"darka mazi","Est. reading time":"3 minutes"},"schema":{"@context":"https:\/\/schema.org","@graph":[{"@type":"NewsArticle","@id":"https:\/\/darkamazi.site\/archives\/1036728#article","isPartOf":{"@id":"https:\/\/darkamazi.site\/archives\/1036728"},"author":{"name":"darka mazi","@id":"https:\/\/darkamazi.site\/#\/schema\/person\/67986a95ac546c16760365877ef4a9d3"},"headline":"Irak, Petrol\u00fcn\u00fc K\u00fcrdistan \u00fczerinden g\u00f6ndermek istiyor, K\u00fcrdistan&#8217;\u0131n \u015fartlar\u0131 var","datePublished":"2026-03-15T12:30:54+00:00","mainEntityOfPage":{"@id":"https:\/\/darkamazi.site\/archives\/1036728"},"wordCount":798,"publisher":{"@id":"https:\/\/darkamazi.site\/#organization"},"image":{"@id":"https:\/\/darkamazi.site\/archives\/1036728#primaryimage"},"thumbnailUrl":"https:\/\/darkamazi.site\/file\/2026\/03\/FsoxZi5WwAAneQx.jpg","keywords":["\u00f6nemli"],"articleSection":["Kurdistan"],"inLanguage":"en-US"},{"@type":"WebPage","@id":"https:\/\/darkamazi.site\/archives\/1036728","url":"https:\/\/darkamazi.site\/archives\/1036728","name":"Irak, Petrol\u00fcn\u00fc K\u00fcrdistan \u00fczerinden g\u00f6ndermek istiyor, K\u00fcrdistan'\u0131n \u015fartlar\u0131 var - Darka Mazi","isPartOf":{"@id":"https:\/\/darkamazi.site\/#website"},"primaryImageOfPage":{"@id":"https:\/\/darkamazi.site\/archives\/1036728#primaryimage"},"image":{"@id":"https:\/\/darkamazi.site\/archives\/1036728#primaryimage"},"thumbnailUrl":"https:\/\/darkamazi.site\/file\/2026\/03\/FsoxZi5WwAAneQx.jpg","datePublished":"2026-03-15T12:30:54+00:00","breadcrumb":{"@id":"https:\/\/darkamazi.site\/archives\/1036728#breadcrumb"},"inLanguage":"en-US","potentialAction":[{"@type":"ReadAction","target":["https:\/\/darkamazi.site\/archives\/1036728"]}]},{"@type":"ImageObject","inLanguage":"en-US","@id":"https:\/\/darkamazi.site\/archives\/1036728#primaryimage","url":"https:\/\/darkamazi.site\/file\/2026\/03\/FsoxZi5WwAAneQx.jpg","contentUrl":"https:\/\/darkamazi.site\/file\/2026\/03\/FsoxZi5WwAAneQx.jpg","width":900,"height":497,"caption":"Irak, Petrol\u00fcn\u00fc K\u00fcrdistan \u00fczerinden g\u00f6ndermek istiyor, K\u00fcrdistan'\u0131n \u015fartlar\u0131 var"},{"@type":"BreadcrumbList","@id":"https:\/\/darkamazi.site\/archives\/1036728#breadcrumb","itemListElement":[{"@type":"ListItem","position":1,"name":"Home","item":"https:\/\/darkamazi.site\/"},{"@type":"ListItem","position":2,"name":"Irak, Petrol\u00fcn\u00fc K\u00fcrdistan \u00fczerinden g\u00f6ndermek istiyor, K\u00fcrdistan&#8217;\u0131n \u015fartlar\u0131 var"}]},{"@type":"WebSite","@id":"https:\/\/darkamazi.site\/#website","url":"https:\/\/darkamazi.site\/","name":"Darka Mazi","description":"Ana Sayfa","publisher":{"@id":"https:\/\/darkamazi.site\/#organization"},"potentialAction":[{"@type":"SearchAction","target":{"@type":"EntryPoint","urlTemplate":"https:\/\/darkamazi.site\/?s={search_term_string}"},"query-input":{"@type":"PropertyValueSpecification","valueRequired":true,"valueName":"search_term_string"}}],"inLanguage":"en-US"},{"@type":"Organization","@id":"https:\/\/darkamazi.site\/#organization","name":"Darka Mazi T\u00fcrk\u00e7e","alternateName":"Darka Mazi","url":"https:\/\/darkamazi.site\/","logo":{"@type":"ImageObject","inLanguage":"en-US","@id":"https:\/\/darkamazi.site\/#\/schema\/logo\/image\/","url":"https:\/\/darkamazi.site\/file\/2017\/12\/darka-mazi-logo.png","contentUrl":"https:\/\/darkamazi.site\/file\/2017\/12\/darka-mazi-logo.png","width":151,"height":75,"caption":"Darka Mazi T\u00fcrk\u00e7e"},"image":{"@id":"https:\/\/darkamazi.site\/#\/schema\/logo\/image\/"},"sameAs":["https:\/\/www.facebook.com\/DarkaMaziturkce","https:\/\/x.com\/DarkaMaziTurkce"]},{"@type":"Person","@id":"https:\/\/darkamazi.site\/#\/schema\/person\/67986a95ac546c16760365877ef4a9d3","name":"darka mazi","sameAs":["https:\/\/darkamazi.site"],"url":"https:\/\/darkamazi.site\/archives\/author\/turkish"}]}},"_links":{"self":[{"href":"https:\/\/darkamazi.site\/funavuv\/wp\/v2\/posts\/1036728","targetHints":{"allow":["GET"]}}],"collection":[{"href":"https:\/\/darkamazi.site\/funavuv\/wp\/v2\/posts"}],"about":[{"href":"https:\/\/darkamazi.site\/funavuv\/wp\/v2\/types\/post"}],"author":[{"embeddable":true,"href":"https:\/\/darkamazi.site\/funavuv\/wp\/v2\/users\/2"}],"replies":[{"embeddable":true,"href":"https:\/\/darkamazi.site\/funavuv\/wp\/v2\/comments?post=1036728"}],"version-history":[{"count":0,"href":"https:\/\/darkamazi.site\/funavuv\/wp\/v2\/posts\/1036728\/revisions"}],"wp:featuredmedia":[{"embeddable":true,"href":"https:\/\/darkamazi.site\/funavuv\/wp\/v2\/media\/1036729"}],"wp:attachment":[{"href":"https:\/\/darkamazi.site\/funavuv\/wp\/v2\/media?parent=1036728"}],"wp:term":[{"taxonomy":"category","embeddable":true,"href":"https:\/\/darkamazi.site\/funavuv\/wp\/v2\/categories?post=1036728"},{"taxonomy":"post_tag","embeddable":true,"href":"https:\/\/darkamazi.site\/funavuv\/wp\/v2\/tags?post=1036728"}],"curies":[{"name":"wp","href":"https:\/\/api.w.org\/{rel}","templated":true}]}}