{"id":1037676,"date":"2026-04-04T00:38:58","date_gmt":"2026-04-03T21:38:58","guid":{"rendered":"https:\/\/darkamazi.site\/?p=1037676"},"modified":"2026-04-04T00:38:58","modified_gmt":"2026-04-03T21:38:58","slug":"samdan-rojava-aciklamasi-ozerk-yonetim-kantonlar-ve-asayis-kalmayacak","status":"publish","type":"post","link":"https:\/\/darkamazi.site\/archives\/1037676","title":{"rendered":"\u015eam&#8217;dan Rojava a\u00e7\u0131klamas\u0131: \u00d6zerk Y\u00f6netim, kantonlar ve Asayi\u015f kalmayacak"},"content":{"rendered":"<p style=\"text-align: justify;\">Suriye Devlet Ba\u015fkanl\u0131\u011f\u0131 Ekibi S\u00f6zc\u00fcs\u00fc Ahmed Hilali, DSG ile \u015eam aras\u0131nda var\u0131lan anla\u015fman\u0131n uygulanmas\u0131yla birlikte b\u00f6lgedeki kantonlar\u0131n, \u00d6zerk Y\u00f6netim yap\u0131s\u0131n\u0131n ve Asayi\u015f g\u00fc\u00e7lerinin tamamen la\u011fvedilece\u011fini s\u00f6yledi.<\/p>\n<p style=\"text-align: justify;\">Demokratik Suriye G\u00fc\u00e7leri (DSG) ile Suriye ordusu aras\u0131ndaki entegrasyon s\u00fcrecini \u015eam y\u00f6netimi ad\u0131na y\u00fcr\u00fcten heyetten Rojava&#8217;n\u0131n idari ve g\u00fcvenlik stat\u00fcs\u00fcne ili\u015fkin \u00e7arp\u0131c\u0131 a\u00e7\u0131klamalar geldi.<\/p>\n<p style=\"text-align: justify;\">Suriye resmi televizyonuna konu\u015fan Devlet Ba\u015fkanl\u0131\u011f\u0131 Ekibi S\u00f6zc\u00fcs\u00fc Ahmed Hilali, ABD&#8217;nin arabuluculu\u011funda 29-30 Ocak tarihlerinde \u015eam ile DSG aras\u0131nda var\u0131lan anla\u015fman\u0131n uygulanmas\u0131nda \u00f6nemli a\u015famalar kaydedildi\u011fini belirtti.<\/p>\n<p style=\"text-align: justify;\">S\u00fcrecin temel hedefinin &#8220;devlet otoritesi alt\u0131nda tam bir birle\u015fme&#8221; oldu\u011funu vurgulayan Hilali, &#8220;Hi\u00e7bir \u00f6zerk y\u00f6netim, kanton, Asayi\u015f veya buna benzer bir yap\u0131 kalmayacak. Uygulama tamamland\u0131\u011f\u0131nda DSG ve Asayi\u015f g\u00fc\u00e7leri ile \u015eam&#8217;a ba\u011fl\u0131 birlikler aras\u0131ndaki t\u00fcm engeller ortadan kalkm\u0131\u015f olacak&#8221; dedi.<\/p>\n<p style=\"text-align: justify;\"><strong>Asayi\u015f tutuklama yapmayacak, yetki \u0130\u00e7i\u015fleri Bakanl\u0131\u011f\u0131&#8217;nda<\/strong><\/p>\n<p style=\"text-align: justify;\">Anla\u015fma kapsam\u0131nda g\u00fcvenlik alan\u0131nda radikal de\u011fi\u015fikliklere gidildi\u011fine dikkat \u00e7eken Hilali, devlet g\u00fcvenlik g\u00fc\u00e7leri ile Asayi\u015f aras\u0131ndaki ortak kontrol noktalar\u0131n\u0131n kald\u0131r\u0131laca\u011f\u0131n\u0131 ifade etti. G\u00fcvenlik meselelerinin art\u0131k tamamen Suriye \u0130\u00e7i\u015fleri Bakanl\u0131\u011f\u0131na ba\u011fl\u0131 i\u00e7 g\u00fcvenlik g\u00fc\u00e7lerinin sorumlulu\u011funda oldu\u011funu kaydeden Hilali, bu kapsamda Asayi\u015f g\u00fc\u00e7lerine &#8220;hi\u00e7bir tutuklama yapmamalar\u0131&#8221; y\u00f6n\u00fcnde kesin talimat verildi\u011fini aktard\u0131.<\/p>\n<p style=\"text-align: justify;\">Haseke ve Kam\u0131\u015flo&#8217;da Suriye \u0130\u00e7i\u015fleri Bakanl\u0131\u011f\u0131 g\u00fc\u00e7leri konu\u015flan\u0131rken, b\u00f6lgedeki g\u00fcvenlik a\u00e7\u0131\u011f\u0131n\u0131 yerelden kapatmak i\u00e7in Haseke vilayetinde yak\u0131nda yeni i\u00e7 g\u00fcvenlik personeli kadrolar\u0131 a\u00e7\u0131lacak. \u00d6te yandan h\u00fck\u00fcmetin daha \u00f6nce DSG taraf\u0131ndan y\u00f6netilen be\u015f cezaevini devralarak kapatt\u0131\u011f\u0131, b\u00f6lgedeki di\u011fer cezaevlerinin de yak\u0131nda tamamen \u015eam&#8217;\u0131n kontrol\u00fcne ge\u00e7ece\u011fi bildirildi.<\/p>\n<p style=\"text-align: justify;\"><strong>4 bin 500 sava\u015f\u00e7\u0131 Suriye ordusuna kat\u0131l\u0131yor<\/strong><\/p>\n<p style=\"text-align: justify;\">Askeri entegrasyonun sivil kurumlara k\u0131yasla \u00e7ok daha h\u0131zl\u0131 ilerledi\u011fini belirten Hilali&#8217;nin payla\u015ft\u0131\u011f\u0131 bilgilere g\u00f6re, yakla\u015f\u0131k 4 bin 500 DSG sava\u015f\u00e7\u0131s\u0131n\u0131n Suriye ordusu b\u00fcnyesindeki 60. T\u00fcmen&#8217;e kat\u0131lmas\u0131 bekleniyor.<\/p>\n<p style=\"text-align: justify;\">Sivil kurumlar\u0131n birle\u015fmesinde ise ciddi gecikmeler ya\u015fan\u0131yor. Hilali, ge\u00e7mi\u015fte Be\u015far Esad y\u00f6netiminden ayr\u0131larak b\u00f6lgedeki kurumlarda g\u00f6rev alan hakimlerin dosyalar\u0131n\u0131n da incelendi\u011fini ve Adalet Bakanl\u0131\u011f\u0131 \u00e7at\u0131s\u0131 alt\u0131nda yeniden de\u011ferlendirileceklerini duyurdu.<\/p>\n<p style=\"text-align: justify;\"><strong>Efrinli ailelerin d\u00f6n\u00fc\u015f\u00fc s\u00fcr\u00fcyor<\/strong><\/p>\n<p style=\"text-align: justify;\">Anla\u015fman\u0131n insani boyutu da \u015eam y\u00f6netiminin g\u00fcndeminde. Suriye medyas\u0131nda yer alan haberlere g\u00f6re, Hilali&#8217;nin ekibinin g\u00f6zetiminde, daha \u00f6nce g\u00f6\u00e7 etmek zorunda kalan 200 Efrinli aile Kam\u0131\u015flo\u2019dan evlerine geri d\u00f6nd\u00fc. Bu d\u00f6n\u00fc\u015flerin, yeni e\u011fitim-\u00f6\u011fretim y\u0131l\u0131 ba\u015flamadan \u00f6nce g\u00f6\u00e7menlerin bar\u0131nd\u0131\u011f\u0131 okullar\u0131n bo\u015falt\u0131l\u0131p onar\u0131lmas\u0131na da yard\u0131mc\u0131 olaca\u011f\u0131 belirtiliyor.<\/p>\n<p style=\"text-align: justify;\">2026&#8217;n\u0131n ba\u015flar\u0131nda Suriye ordusunun ilerleyi\u015fi sonras\u0131 imzalanan anla\u015fma; s\u0131n\u0131r kap\u0131lar\u0131n\u0131n, petrol sahalar\u0131n\u0131n ve I\u015e\u0130D&#8217;lilerin tutuldu\u011fu hapishanelerin \u015eam&#8217;a devredilmesini de \u00f6ng\u00f6r\u00fcyor. ABD ba\u015fta olmak \u00fczere uluslararas\u0131 toplumun da &#8220;Suriye&#8217;nin toprak b\u00fct\u00fcnl\u00fc\u011f\u00fcne y\u00f6nelik bir ad\u0131m&#8221; olarak destekledi\u011fi s\u00fcrece paralel olarak, \u015eam y\u00f6netimi yak\u0131n zamanda K\u00fcrt kimli\u011fini ve haklar\u0131n\u0131 tan\u0131maya y\u00f6nelik \u00e7e\u015fitli ba\u015fkanl\u0131k kararnameleri de yay\u0131mlam\u0131\u015ft\u0131.<\/p>\n","protected":false},"excerpt":{"rendered":"<p>Suriye Devlet Ba\u015fkanl\u0131\u011f\u0131 Ekibi S\u00f6zc\u00fcs\u00fc Ahmed Hilali, DSG ile \u015eam aras\u0131nda var\u0131lan anla\u015fman\u0131n uygulanmas\u0131yla birlikte b\u00f6lgedeki kantonlar\u0131n, \u00d6zerk Y\u00f6netim yap\u0131s\u0131n\u0131n ve Asayi\u015f g\u00fc\u00e7lerinin tamamen la\u011fvedilece\u011fini s\u00f6yledi. Demokratik Suriye G\u00fc\u00e7leri (DSG) ile Suriye ordusu aras\u0131ndaki entegrasyon s\u00fcrecini \u015eam y\u00f6netimi ad\u0131na y\u00fcr\u00fcten heyetten Rojava&#8217;n\u0131n idari ve g\u00fcvenlik stat\u00fcs\u00fcne ili\u015fkin \u00e7arp\u0131c\u0131 a\u00e7\u0131klamalar geldi. Suriye resmi televizyonuna konu\u015fan Devlet [&hellip;]<\/p>\n","protected":false},"author":2,"featured_media":1037677,"comment_status":"closed","ping_status":"closed","sticky":false,"template":"","format":"standard","meta":{"footnotes":""},"categories":[29],"tags":[31],"class_list":["post-1037676","post","type-post","status-publish","format-standard","has-post-thumbnail","hentry","category-ortadogu","tag-onemli"],"blocksy_meta":[],"seo_head":"<!-- This site is optimized with the Yoast SEO plugin v27.5 - https:\/\/yoast.com\/product\/yoast-seo-wordpress\/ -->\n<title>\u015eam&#039;dan Rojava a\u00e7\u0131klamas\u0131: \u00d6zerk Y\u00f6netim, kantonlar ve Asayi\u015f kalmayacak - Darka Mazi<\/title>\n<meta name=\"robots\" content=\"index, follow, max-snippet:-1, max-image-preview:large, max-video-preview:-1\" \/>\n<link rel=\"canonical\" href=\"https:\/\/darkamazi.site\/archives\/1037676\" \/>\n<meta property=\"og:locale\" content=\"en_US\" \/>\n<meta property=\"og:type\" content=\"article\" \/>\n<meta property=\"og:title\" content=\"\u015eam&#039;dan Rojava a\u00e7\u0131klamas\u0131: \u00d6zerk Y\u00f6netim, kantonlar ve Asayi\u015f kalmayacak - Darka Mazi\" \/>\n<meta property=\"og:description\" content=\"Suriye Devlet Ba\u015fkanl\u0131\u011f\u0131 Ekibi S\u00f6zc\u00fcs\u00fc Ahmed Hilali, DSG ile \u015eam aras\u0131nda var\u0131lan anla\u015fman\u0131n uygulanmas\u0131yla birlikte b\u00f6lgedeki kantonlar\u0131n, \u00d6zerk Y\u00f6netim yap\u0131s\u0131n\u0131n ve Asayi\u015f g\u00fc\u00e7lerinin tamamen la\u011fvedilece\u011fini s\u00f6yledi. Demokratik Suriye G\u00fc\u00e7leri (DSG) ile Suriye ordusu aras\u0131ndaki entegrasyon s\u00fcrecini \u015eam y\u00f6netimi ad\u0131na y\u00fcr\u00fcten heyetten Rojava&#8217;n\u0131n idari ve g\u00fcvenlik stat\u00fcs\u00fcne ili\u015fkin \u00e7arp\u0131c\u0131 a\u00e7\u0131klamalar geldi. Suriye resmi televizyonuna konu\u015fan Devlet [&hellip;]\" \/>\n<meta property=\"og:url\" content=\"https:\/\/darkamazi.site\/archives\/1037676\" \/>\n<meta property=\"og:site_name\" content=\"Darka Mazi\" \/>\n<meta property=\"article:publisher\" content=\"https:\/\/www.facebook.com\/DarkaMaziturkce\" \/>\n<meta property=\"article:published_time\" content=\"2026-04-03T21:38:58+00:00\" \/>\n<meta property=\"og:image\" content=\"https:\/\/darkamazi.site\/file\/2026\/04\/Welat-MEdya.jpg\" \/>\n\t<meta property=\"og:image:width\" content=\"1920\" \/>\n\t<meta property=\"og:image:height\" content=\"1080\" \/>\n\t<meta property=\"og:image:type\" content=\"image\/jpeg\" \/>\n<meta name=\"author\" content=\"darka mazi\" \/>\n<meta name=\"twitter:card\" content=\"summary_large_image\" \/>\n<meta name=\"twitter:creator\" content=\"@DarkaMaziTurkce\" \/>\n<meta name=\"twitter:site\" content=\"@DarkaMaziTurkce\" \/>\n<meta name=\"twitter:label1\" content=\"Written by\" \/>\n\t<meta name=\"twitter:data1\" content=\"darka mazi\" \/>\n\t<meta name=\"twitter:label2\" content=\"Est. reading time\" \/>\n\t<meta name=\"twitter:data2\" content=\"2 minutes\" \/>\n<script type=\"application\/ld+json\" class=\"seo-schema-graph\">{\"@context\":\"https:\\\/\\\/schema.org\",\"@graph\":[{\"@type\":\"NewsArticle\",\"@id\":\"https:\\\/\\\/darkamazi.site\\\/archives\\\/1037676#article\",\"isPartOf\":{\"@id\":\"https:\\\/\\\/darkamazi.site\\\/archives\\\/1037676\"},\"author\":{\"name\":\"darka mazi\",\"@id\":\"https:\\\/\\\/darkamazi.site\\\/#\\\/schema\\\/person\\\/67986a95ac546c16760365877ef4a9d3\"},\"headline\":\"\u015eam&#8217;dan Rojava a\u00e7\u0131klamas\u0131: \u00d6zerk Y\u00f6netim, kantonlar ve Asayi\u015f kalmayacak\",\"datePublished\":\"2026-04-03T21:38:58+00:00\",\"mainEntityOfPage\":{\"@id\":\"https:\\\/\\\/darkamazi.site\\\/archives\\\/1037676\"},\"wordCount\":601,\"publisher\":{\"@id\":\"https:\\\/\\\/darkamazi.site\\\/#organization\"},\"image\":{\"@id\":\"https:\\\/\\\/darkamazi.site\\\/archives\\\/1037676#primaryimage\"},\"thumbnailUrl\":\"https:\\\/\\\/darkamazi.site\\\/darka-content\\\/uploads\\\/2026\\\/04\\\/Welat-MEdya.jpg\",\"keywords\":[\"\u00f6nemli\"],\"articleSection\":[\"Ortado\u011fu\"],\"inLanguage\":\"en-US\"},{\"@type\":\"WebPage\",\"@id\":\"https:\\\/\\\/darkamazi.site\\\/archives\\\/1037676\",\"url\":\"https:\\\/\\\/darkamazi.site\\\/archives\\\/1037676\",\"name\":\"\u015eam'dan Rojava a\u00e7\u0131klamas\u0131: \u00d6zerk Y\u00f6netim, kantonlar ve Asayi\u015f kalmayacak - Darka Mazi\",\"isPartOf\":{\"@id\":\"https:\\\/\\\/darkamazi.site\\\/#website\"},\"primaryImageOfPage\":{\"@id\":\"https:\\\/\\\/darkamazi.site\\\/archives\\\/1037676#primaryimage\"},\"image\":{\"@id\":\"https:\\\/\\\/darkamazi.site\\\/archives\\\/1037676#primaryimage\"},\"thumbnailUrl\":\"https:\\\/\\\/darkamazi.site\\\/darka-content\\\/uploads\\\/2026\\\/04\\\/Welat-MEdya.jpg\",\"datePublished\":\"2026-04-03T21:38:58+00:00\",\"breadcrumb\":{\"@id\":\"https:\\\/\\\/darkamazi.site\\\/archives\\\/1037676#breadcrumb\"},\"inLanguage\":\"en-US\",\"potentialAction\":[{\"@type\":\"ReadAction\",\"target\":[\"https:\\\/\\\/darkamazi.site\\\/archives\\\/1037676\"]}]},{\"@type\":\"ImageObject\",\"inLanguage\":\"en-US\",\"@id\":\"https:\\\/\\\/darkamazi.site\\\/archives\\\/1037676#primaryimage\",\"url\":\"https:\\\/\\\/darkamazi.site\\\/darka-content\\\/uploads\\\/2026\\\/04\\\/Welat-MEdya.jpg\",\"contentUrl\":\"https:\\\/\\\/darkamazi.site\\\/darka-content\\\/uploads\\\/2026\\\/04\\\/Welat-MEdya.jpg\",\"width\":1920,\"height\":1080,\"caption\":\"\u015eam'dan Rojava a\u00e7\u0131klamas\u0131: \u00d6zerk Y\u00f6netim, kantonlar ve Asayi\u015f kalmayacak\"},{\"@type\":\"BreadcrumbList\",\"@id\":\"https:\\\/\\\/darkamazi.site\\\/archives\\\/1037676#breadcrumb\",\"itemListElement\":[{\"@type\":\"ListItem\",\"position\":1,\"name\":\"Home\",\"item\":\"https:\\\/\\\/darkamazi.site\\\/\"},{\"@type\":\"ListItem\",\"position\":2,\"name\":\"\u015eam&#8217;dan Rojava a\u00e7\u0131klamas\u0131: \u00d6zerk Y\u00f6netim, kantonlar ve Asayi\u015f kalmayacak\"}]},{\"@type\":\"WebSite\",\"@id\":\"https:\\\/\\\/darkamazi.site\\\/#website\",\"url\":\"https:\\\/\\\/darkamazi.site\\\/\",\"name\":\"Darka Mazi\",\"description\":\"Ana Sayfa\",\"publisher\":{\"@id\":\"https:\\\/\\\/darkamazi.site\\\/#organization\"},\"potentialAction\":[{\"@type\":\"SearchAction\",\"target\":{\"@type\":\"EntryPoint\",\"urlTemplate\":\"https:\\\/\\\/darkamazi.site\\\/?s={search_term_string}\"},\"query-input\":{\"@type\":\"PropertyValueSpecification\",\"valueRequired\":true,\"valueName\":\"search_term_string\"}}],\"inLanguage\":\"en-US\"},{\"@type\":\"Organization\",\"@id\":\"https:\\\/\\\/darkamazi.site\\\/#organization\",\"name\":\"Darka Mazi T\u00fcrk\u00e7e\",\"alternateName\":\"Darka Mazi\",\"url\":\"https:\\\/\\\/darkamazi.site\\\/\",\"logo\":{\"@type\":\"ImageObject\",\"inLanguage\":\"en-US\",\"@id\":\"https:\\\/\\\/darkamazi.site\\\/#\\\/schema\\\/logo\\\/image\\\/\",\"url\":\"https:\\\/\\\/darkamazi.site\\\/darka-content\\\/uploads\\\/2017\\\/12\\\/darka-mazi-logo.png\",\"contentUrl\":\"https:\\\/\\\/darkamazi.site\\\/darka-content\\\/uploads\\\/2017\\\/12\\\/darka-mazi-logo.png\",\"width\":151,\"height\":75,\"caption\":\"Darka Mazi T\u00fcrk\u00e7e\"},\"image\":{\"@id\":\"https:\\\/\\\/darkamazi.site\\\/#\\\/schema\\\/logo\\\/image\\\/\"},\"sameAs\":[\"https:\\\/\\\/www.facebook.com\\\/DarkaMaziturkce\",\"https:\\\/\\\/x.com\\\/DarkaMaziTurkce\"]},{\"@type\":\"Person\",\"@id\":\"https:\\\/\\\/darkamazi.site\\\/#\\\/schema\\\/person\\\/67986a95ac546c16760365877ef4a9d3\",\"name\":\"darka mazi\",\"sameAs\":[\"https:\\\/\\\/darkamazi.site\"],\"url\":\"https:\\\/\\\/darkamazi.site\\\/archives\\\/author\\\/turkish\"}]}<\/script>\n<!-- \/ Yoast SEO plugin. -->","seo_head_json":{"title":"\u015eam'dan Rojava a\u00e7\u0131klamas\u0131: \u00d6zerk Y\u00f6netim, kantonlar ve Asayi\u015f kalmayacak - Darka Mazi","robots":{"index":"index","follow":"follow","max-snippet":"max-snippet:-1","max-image-preview":"max-image-preview:large","max-video-preview":"max-video-preview:-1"},"canonical":"https:\/\/darkamazi.site\/archives\/1037676","og_locale":"en_US","og_type":"article","og_title":"\u015eam'dan Rojava a\u00e7\u0131klamas\u0131: \u00d6zerk Y\u00f6netim, kantonlar ve Asayi\u015f kalmayacak - Darka Mazi","og_description":"Suriye Devlet Ba\u015fkanl\u0131\u011f\u0131 Ekibi S\u00f6zc\u00fcs\u00fc Ahmed Hilali, DSG ile \u015eam aras\u0131nda var\u0131lan anla\u015fman\u0131n uygulanmas\u0131yla birlikte b\u00f6lgedeki kantonlar\u0131n, \u00d6zerk Y\u00f6netim yap\u0131s\u0131n\u0131n ve Asayi\u015f g\u00fc\u00e7lerinin tamamen la\u011fvedilece\u011fini s\u00f6yledi. Demokratik Suriye G\u00fc\u00e7leri (DSG) ile Suriye ordusu aras\u0131ndaki entegrasyon s\u00fcrecini \u015eam y\u00f6netimi ad\u0131na y\u00fcr\u00fcten heyetten Rojava&#8217;n\u0131n idari ve g\u00fcvenlik stat\u00fcs\u00fcne ili\u015fkin \u00e7arp\u0131c\u0131 a\u00e7\u0131klamalar geldi. Suriye resmi televizyonuna konu\u015fan Devlet [&hellip;]","og_url":"https:\/\/darkamazi.site\/archives\/1037676","og_site_name":"Darka Mazi","article_publisher":"https:\/\/www.facebook.com\/DarkaMaziturkce","article_published_time":"2026-04-03T21:38:58+00:00","og_image":[{"width":1920,"height":1080,"url":"https:\/\/darkamazi.site\/file\/2026\/04\/Welat-MEdya.jpg","type":"image\/jpeg"}],"author":"darka mazi","twitter_card":"summary_large_image","twitter_creator":"@DarkaMaziTurkce","twitter_site":"@DarkaMaziTurkce","twitter_misc":{"Written by":"darka mazi","Est. reading time":"2 minutes"},"schema":{"@context":"https:\/\/schema.org","@graph":[{"@type":"NewsArticle","@id":"https:\/\/darkamazi.site\/archives\/1037676#article","isPartOf":{"@id":"https:\/\/darkamazi.site\/archives\/1037676"},"author":{"name":"darka mazi","@id":"https:\/\/darkamazi.site\/#\/schema\/person\/67986a95ac546c16760365877ef4a9d3"},"headline":"\u015eam&#8217;dan Rojava a\u00e7\u0131klamas\u0131: \u00d6zerk Y\u00f6netim, kantonlar ve Asayi\u015f kalmayacak","datePublished":"2026-04-03T21:38:58+00:00","mainEntityOfPage":{"@id":"https:\/\/darkamazi.site\/archives\/1037676"},"wordCount":601,"publisher":{"@id":"https:\/\/darkamazi.site\/#organization"},"image":{"@id":"https:\/\/darkamazi.site\/archives\/1037676#primaryimage"},"thumbnailUrl":"https:\/\/darkamazi.site\/file\/2026\/04\/Welat-MEdya.jpg","keywords":["\u00f6nemli"],"articleSection":["Ortado\u011fu"],"inLanguage":"en-US"},{"@type":"WebPage","@id":"https:\/\/darkamazi.site\/archives\/1037676","url":"https:\/\/darkamazi.site\/archives\/1037676","name":"\u015eam'dan Rojava a\u00e7\u0131klamas\u0131: \u00d6zerk Y\u00f6netim, kantonlar ve Asayi\u015f kalmayacak - Darka Mazi","isPartOf":{"@id":"https:\/\/darkamazi.site\/#website"},"primaryImageOfPage":{"@id":"https:\/\/darkamazi.site\/archives\/1037676#primaryimage"},"image":{"@id":"https:\/\/darkamazi.site\/archives\/1037676#primaryimage"},"thumbnailUrl":"https:\/\/darkamazi.site\/file\/2026\/04\/Welat-MEdya.jpg","datePublished":"2026-04-03T21:38:58+00:00","breadcrumb":{"@id":"https:\/\/darkamazi.site\/archives\/1037676#breadcrumb"},"inLanguage":"en-US","potentialAction":[{"@type":"ReadAction","target":["https:\/\/darkamazi.site\/archives\/1037676"]}]},{"@type":"ImageObject","inLanguage":"en-US","@id":"https:\/\/darkamazi.site\/archives\/1037676#primaryimage","url":"https:\/\/darkamazi.site\/file\/2026\/04\/Welat-MEdya.jpg","contentUrl":"https:\/\/darkamazi.site\/file\/2026\/04\/Welat-MEdya.jpg","width":1920,"height":1080,"caption":"\u015eam'dan Rojava a\u00e7\u0131klamas\u0131: \u00d6zerk Y\u00f6netim, kantonlar ve Asayi\u015f kalmayacak"},{"@type":"BreadcrumbList","@id":"https:\/\/darkamazi.site\/archives\/1037676#breadcrumb","itemListElement":[{"@type":"ListItem","position":1,"name":"Home","item":"https:\/\/darkamazi.site\/"},{"@type":"ListItem","position":2,"name":"\u015eam&#8217;dan Rojava a\u00e7\u0131klamas\u0131: \u00d6zerk Y\u00f6netim, kantonlar ve Asayi\u015f kalmayacak"}]},{"@type":"WebSite","@id":"https:\/\/darkamazi.site\/#website","url":"https:\/\/darkamazi.site\/","name":"Darka Mazi","description":"Ana Sayfa","publisher":{"@id":"https:\/\/darkamazi.site\/#organization"},"potentialAction":[{"@type":"SearchAction","target":{"@type":"EntryPoint","urlTemplate":"https:\/\/darkamazi.site\/?s={search_term_string}"},"query-input":{"@type":"PropertyValueSpecification","valueRequired":true,"valueName":"search_term_string"}}],"inLanguage":"en-US"},{"@type":"Organization","@id":"https:\/\/darkamazi.site\/#organization","name":"Darka Mazi T\u00fcrk\u00e7e","alternateName":"Darka Mazi","url":"https:\/\/darkamazi.site\/","logo":{"@type":"ImageObject","inLanguage":"en-US","@id":"https:\/\/darkamazi.site\/#\/schema\/logo\/image\/","url":"https:\/\/darkamazi.site\/file\/2017\/12\/darka-mazi-logo.png","contentUrl":"https:\/\/darkamazi.site\/file\/2017\/12\/darka-mazi-logo.png","width":151,"height":75,"caption":"Darka Mazi T\u00fcrk\u00e7e"},"image":{"@id":"https:\/\/darkamazi.site\/#\/schema\/logo\/image\/"},"sameAs":["https:\/\/www.facebook.com\/DarkaMaziturkce","https:\/\/x.com\/DarkaMaziTurkce"]},{"@type":"Person","@id":"https:\/\/darkamazi.site\/#\/schema\/person\/67986a95ac546c16760365877ef4a9d3","name":"darka mazi","sameAs":["https:\/\/darkamazi.site"],"url":"https:\/\/darkamazi.site\/archives\/author\/turkish"}]}},"_links":{"self":[{"href":"https:\/\/darkamazi.site\/funavuv\/wp\/v2\/posts\/1037676","targetHints":{"allow":["GET"]}}],"collection":[{"href":"https:\/\/darkamazi.site\/funavuv\/wp\/v2\/posts"}],"about":[{"href":"https:\/\/darkamazi.site\/funavuv\/wp\/v2\/types\/post"}],"author":[{"embeddable":true,"href":"https:\/\/darkamazi.site\/funavuv\/wp\/v2\/users\/2"}],"replies":[{"embeddable":true,"href":"https:\/\/darkamazi.site\/funavuv\/wp\/v2\/comments?post=1037676"}],"version-history":[{"count":0,"href":"https:\/\/darkamazi.site\/funavuv\/wp\/v2\/posts\/1037676\/revisions"}],"wp:featuredmedia":[{"embeddable":true,"href":"https:\/\/darkamazi.site\/funavuv\/wp\/v2\/media\/1037677"}],"wp:attachment":[{"href":"https:\/\/darkamazi.site\/funavuv\/wp\/v2\/media?parent=1037676"}],"wp:term":[{"taxonomy":"category","embeddable":true,"href":"https:\/\/darkamazi.site\/funavuv\/wp\/v2\/categories?post=1037676"},{"taxonomy":"post_tag","embeddable":true,"href":"https:\/\/darkamazi.site\/funavuv\/wp\/v2\/tags?post=1037676"}],"curies":[{"name":"wp","href":"https:\/\/api.w.org\/{rel}","templated":true}]}}