{"id":1037963,"date":"2026-04-27T15:56:08","date_gmt":"2026-04-27T12:56:08","guid":{"rendered":"https:\/\/darkamazi.site\/?p=1037963"},"modified":"2026-04-27T16:08:39","modified_gmt":"2026-04-27T13:08:39","slug":"cehslik-ya-da-anti-kurd-nizam","status":"publish","type":"post","link":"https:\/\/darkamazi.site\/archives\/1037963","title":{"rendered":"Ceh\u015flik ya da Anti-K\u00fcrd Nizam"},"content":{"rendered":"<p style=\"text-align: justify;\">K\u00fcrdistan politik literat\u00fcr\u00fcnde &#8220;ceh\u015flik&#8221;, ulusal kurtulu\u015f m\u00fccadelesine ve ulusal haklara kar\u015f\u0131 bilin\u00e7li bir duru\u015fu ifade eder. Bu kavram, i\u015fgalci devletleri veya d\u0131\u015f g\u00fc\u00e7leri de\u011fil; K\u00fcrd k\u00f6kenli olup K\u00fcrdlerin ulusal davas\u0131na, devletle\u015fme perspektifine ve ba\u011f\u0131ms\u0131zl\u0131k iradesine kar\u015f\u0131 \u00e7\u0131kanlar\u0131 niteler. \u00d6zellikle PKK \u00e7izgisi ve benzeri yap\u0131lar, bu nitelemeyle tan\u0131mlan\u0131r.<\/p>\n<p style=\"text-align: justify;\">Kuzey K\u00fcrdistan\u2019daki baz\u0131 &#8220;K\u00fcrdistani&#8221; \u00e7evreler, &#8220;ceh\u015f&#8221; tan\u0131m\u0131n\u0131 sert, y\u0131k\u0131c\u0131 ve K\u00fcrd birli\u011fine zarar veren bir ifade olarak g\u00f6r\u00fcr. Oysa ayn\u0131 \u00e7evreler, 16 Ekim 2017 Kerk\u00fck ihanetinin ard\u0131ndan YNK&#8217;nin i\u015fbirlik\u00e7i kanad\u0131na ve Talabani ailesine kar\u015f\u0131 &#8220;ceh\u015f&#8221; kavram\u0131n\u0131 s\u0131k\u00e7a kullanm\u0131\u015f, hatta \u00e7ok daha a\u011f\u0131r hakaret ve k\u00fcf\u00fcrlere ba\u015fvurmu\u015ftur. Ayn\u0131 ki\u015filer, PKK \u00e7izgisine &#8220;ceh\u015f&#8221; denmesine ise b\u00fcy\u00fck tepki g\u00f6sterir. Bu \u00e7ifte standart, tart\u0131\u015fman\u0131n temel \u00e7eli\u015fkisidir.<\/p>\n<p style=\"text-align: justify;\">Bu tart\u0131\u015fman\u0131n \u00f6nemli bir kilometre ta\u015f\u0131, \u0130smail Be\u015fik\u00e7i&#8217;nin 2017&#8217;de Diyarbak\u0131r&#8217;da d\u00fczenlenen &#8220;K\u00fcrdler ve Gelece\u011fini Belirleme Hakk\u0131&#8221; kitab\u0131 imza g\u00fcn\u00fcd\u00fcr. Be\u015fik\u00e7i, konu\u015fmas\u0131nda &#8220;ceh\u015flik&#8221; kavram\u0131 yerine &#8220;Anti-K\u00fcrd Nizam&#8221; tan\u0131m\u0131n\u0131 tercih etti\u011fini a\u00e7\u0131k\u00e7a belirtmi\u015ftir: Son d\u00f6nemde uluslararas\u0131 Anti-K\u00fcrd Nizam&#8217;a baz\u0131 K\u00fcrd partileri de d\u00e2hil oldu. YNK&#8217;nin bir k\u0131sm\u0131, Goran Hareketi ve PKK, Anti-K\u00fcrd Nizam&#8217;\u0131n K\u00fcrd aya\u011f\u0131n\u0131 olu\u015fturuyorlar. Bunlar \u0131srarla &#8216;ulus devlet istemiyoruz&#8217; diyerek K\u00fcrdlerin kar\u015f\u0131s\u0131nda Anti-K\u00fcrd cephesini g\u00fc\u00e7lendiriyorlar. Be\u015fik\u00e7i\u2019ye g\u00f6re Anti-K\u00fcrd Nizam, yakla\u015f\u0131k bir as\u0131rl\u0131k ge\u00e7mi\u015fe sahip sistematik bir yap\u0131d\u0131r. Emperyalist g\u00fc\u00e7ler, s\u00f6m\u00fcrgeci devletler ve farkl\u0131 ideolojik g\u00f6r\u00fcn\u00fcml\u00fc (dinci, solcu, \u0131rk\u00e7\u0131) akt\u00f6rlerden olu\u015fur.<\/p>\n<p style=\"text-align: justify;\">Anti-K\u00fcrd bir tutum, basit bir ceh\u015flikten \u00e7ok daha a\u011f\u0131r, bilin\u00e7li ve \u00f6rg\u00fctl\u00fcd\u00fcr. Bu, ulusal varl\u0131\u011f\u0131 hedef alan, d\u00fc\u015fman saflar\u0131nda yer alan sistematik bir tercihtir. Be\u015fik\u00e7i&#8217;nin \u00f6zellikle alt\u0131n\u0131 \u00e7izdi\u011fi nokta \u015fudur: Anti-K\u00fcrd olman\u0131n temel kriterlerinden biri, K\u00fcrd ulus devletine kar\u015f\u0131tl\u0131kt\u0131r.<\/p>\n<p style=\"text-align: justify;\">Be\u015fik\u00e7i&#8217;nin tespitini b\u00fcy\u00fck \u00f6l\u00e7\u00fcde do\u011fru bulmakla birlikte, bir noktada eksiklik g\u00f6r\u00fcyoruz. Be\u015fik\u00e7i &#8220;son d\u00f6nemde&#8221; derken, biz PKK&#8217;nin daha kurulu\u015f a\u015famas\u0131ndan itibaren bu nizam taraf\u0131ndan \u015fekillendirildi\u011fini ve K\u00fcrdistan&#8217;daki ulusal dinamikleri zay\u0131flatma misyonunu \u00fcstlendi\u011fini d\u00fc\u015f\u00fcn\u00fcyoruz. PKK, kurulu\u015f y\u0131llar\u0131nda &#8220;ulus devlete kar\u015f\u0131y\u0131z&#8221; dememi\u015f olsa da, pratikte K\u00fcrdistan&#8217;\u0131 ve ulusal birli\u011fi zay\u0131flatacak bir \u00e7izgi izlemi\u015ftir. &#8220;Ulus devlete kar\u015f\u0131y\u0131z&#8221; s\u00f6ylemi ise 1999&#8217;dan (\u00d6calan&#8217;\u0131n \u0130mral\u0131&#8217;ya ta\u015f\u0131nmas\u0131ndan) itibaren belirginle\u015fmi\u015f ve sonraki y\u0131llarda sistematik hale gelmi\u015ftir.<\/p>\n<p style=\"text-align: justify;\">Be\u015fik\u00e7i&#8217;nin daha \u00f6nceki bir yaz\u0131s\u0131nda da belirtti\u011fi gibi, ulusal talebi olmayan bir yap\u0131n\u0131n &#8220;ulusal birlik&#8221; ya da &#8220;ulusal kongre&#8221; istemesi samimi de\u011fildir. Bu temel tutars\u0131zl\u0131k bug\u00fcn de ge\u00e7erlili\u011fini korumaktad\u0131r. \u015eimdi, &#8220;ceh\u015flik&#8221; tan\u0131m\u0131na tepki g\u00f6steren Kuzey K\u00fcrdistanl\u0131 politik \u00e7evrelere sormak gerekiyor:<\/p>\n<p style=\"text-align: justify;\">Be\u015fik\u00e7i&#8217;nin &#8220;Anti-K\u00fcrd Nizam&#8221; tan\u0131m\u0131, &#8220;ceh\u015flik&#8221;ten daha a\u011f\u0131r de\u011fil midir?<\/p>\n<p style=\"text-align: justify;\">Bu do\u011fru ve derin tespiti &#8220;y\u0131k\u0131c\u0131 ve K\u00fcrd birli\u011fini bozan&#8221; bir tan\u0131m olarak m\u0131 g\u00f6r\u00fcyorsunuz?<\/p>\n<p style=\"text-align: justify;\">Be\u015fik\u00e7i&#8217;nin bu tespitine kar\u015f\u0131 herhangi bir ele\u015ftiri veya a\u00e7\u0131klama yapt\u0131n\u0131z m\u0131?<\/p>\n<p style=\"text-align: justify;\">Tespit yanl\u0131\u015fsa neden tepki g\u00f6stermediniz; do\u011fruysa neden sahip \u00e7\u0131kmad\u0131n\u0131z?<\/p>\n<p style=\"text-align: justify;\">\u0130smail Be\u015fik\u00e7i, uzun y\u0131llar Kuzey K\u00fcrdistan\u2019daki K\u00fcrdistani partiler, kurumlar ve ki\u015filer i\u00e7in en \u00f6nemli referans ve en sayg\u0131n d\u00fc\u015f\u00fcn\u00fcrd\u00fc. Diyarbak\u0131r&#8217;a her geli\u015finde etraf\u0131 bu kesimlerle dolard\u0131. Ancak Be\u015fik\u00e7i, PKK \u00e7izgisinin ulusal davaya ve ba\u011f\u0131ms\u0131zl\u0131k perspektifine verdi\u011fi zarar\u0131 net \u015fekilde dile getirmeye ba\u015flad\u0131k\u00e7a, bu \u00e7evreler kendisinden h\u0131zla uzakla\u015ft\u0131. 2017 imza g\u00fcn\u00fcnde Be\u015fik\u00e7i\u2019yi dinlemeye sadece 15-20 ki\u015finin gitmesi, &#8220;K\u00fcrdistani&#8221; ge\u00e7inen kesimin entelekt\u00fcel ve siyasi iflas\u0131n\u0131n a\u00e7\u0131k bir kan\u0131t\u0131yd\u0131.<\/p>\n<p style=\"text-align: justify;\">Hem K\u00fcrdistani g\u00f6r\u00fcnmek hem de ceh\u015flerle &#8220;K\u00fcrd birli\u011fi&#8221; ad\u0131na ittifak aray\u0131\u015f\u0131na girmek, Meclis&#8217;e girmek i\u00e7in her yolu denemek; a\u00e7\u0131k ve net konu\u015fan Be\u015fik\u00e7i&#8217;den uzak durmay\u0131 &#8220;ak\u0131ll\u0131l\u0131k&#8221; san\u0131yordu. O yaln\u0131zl\u0131k, asl\u0131nda ba\u011f\u0131ms\u0131z K\u00fcrdistan d\u00fc\u015f\u00fcncesinin Kuzey&#8217;deki yaln\u0131zl\u0131\u011f\u0131n\u0131 g\u00f6steriyordu. Ceh\u015fe &#8220;ceh\u015f&#8221; demek, ba\u011f\u0131ms\u0131zl\u0131k\u00e7\u0131 olman\u0131n \u00f6n ko\u015fullar\u0131ndan biridir. Bunu yapmak samimiyet, cesaret ve hesaps\u0131z bir K\u00fcrdistani duru\u015f gerektirir. Ne yaz\u0131k ki PKK \u00e7izgisi, Kuzey\u2019de bu \u00f6zellikleri b\u00fcy\u00fck \u00f6l\u00e7\u00fcde erozyona u\u011fratm\u0131\u015ft\u0131r.<\/p>\n<p style=\"text-align: justify;\">Be\u015fik\u00e7i&#8217;nin yaln\u0131zla\u015fmas\u0131 onun de\u011ferini art\u0131rm\u0131\u015f; K\u00fcrdistani de\u011ferleri pazarlayarak kirli ittifaklara bula\u015fanlar\u0131 ise daha da de\u011fersizle\u015ftirmi\u015ftir.<\/p>\n<p style=\"text-align: justify;\">Aradan ge\u00e7en dokuz y\u0131la yak\u0131n s\u00fcrede (2017-2026) saflar daha da netle\u015fmi\u015ftir. PKK, 2025 May\u0131s&#8217;\u0131nda ger\u00e7ekle\u015ftirdi\u011fi 12. Ola\u011fan\u00fcst\u00fc Kongre&#8217;de \u00f6rg\u00fctsel yap\u0131s\u0131n\u0131 feshetme ve silahl\u0131 m\u00fccadeleyi sonland\u0131rma karar\u0131 ald\u0131. \u00d6calan&#8217;\u0131n &#8220;pozitif in\u015fa&#8221;, &#8220;demokratik b\u00fct\u00fcnle\u015fme&#8221; ve &#8220;Ter\u00f6rs\u00fcz T\u00fcrkiye\/Bar\u0131\u015f ve Demokratik Toplum S\u00fcreci&#8221; s\u00f6ylemiyle Devlet-PKK hatt\u0131 ilerliyor. &#8220;Ulus devlete kar\u015f\u0131y\u0131z&#8221; paradigmas\u0131, yerini &#8220;Cumhuriyet&#8217;le sorunumuz yok&#8221;, &#8220;T\u00fcrkiye art\u0131k benim de devletim&#8221; s\u00f6ylemine b\u0131rakm\u0131\u015ft\u0131r.<\/p>\n<p style=\"text-align: justify;\">Ancak Anti-K\u00fcrd Nizam tart\u0131\u015fmas\u0131 bitmi\u015f de\u011fildir.<\/p>\n<p style=\"text-align: justify;\">2026 y\u0131l\u0131 i\u00e7inde Diyarbak\u0131r&#8217;da kurulan &#8220;K\u00fcrd Milli Platformu&#8221; gibi giri\u015fimler, Devlet-\u0130mral\u0131 g\u00f6r\u00fc\u015fmelerinin yo\u011funla\u015ft\u0131\u011f\u0131 d\u00f6nemin yan \u00fcr\u00fcnleri olarak ortaya \u00e7\u0131km\u0131\u015ft\u0131r. Bu t\u00fcr platformlar ve \u201cmilli kongre\u201d benzeri te\u015febb\u00fcsler, 40 y\u0131l\u0131 a\u015fk\u0131n s\u00fcredir benzer giri\u015fimlerde oldu\u011fu gibi, PKK paradigmas\u0131n\u0131n g\u00f6lgesinde hareket etmekte; ger\u00e7ek bir ulusal alternatif olu\u015fturamamakta ve mevcut sistemle uyumlu, kontroll\u00fc bir konuma yerle\u015fme e\u011filimi g\u00f6stermektedir.<\/p>\n<p style=\"text-align: justify;\">DarkaMazi&#8217;nin 25 Nisan 2026 tarihli analizi ve g\u00f6rseli, (g\u00f6rsele linkten ve yaz\u0131n\u0131n sonunda ula\u015fbilirsiniz. \u00a0(<a href=\"https:\/\/darkamazi.site\/archives\/1037938\">https:\/\/darkamazi.site\/archives\/1037938<\/a>) \u00a0bu tart\u0131\u015fmay\u0131 yeni bir somutluk d\u00fczeyine ta\u015f\u0131m\u0131\u015ft\u0131r.<\/p>\n<p style=\"text-align: justify;\">Bafil Talabani&#8217;nin misyonu, K\u00fcrdistan&#8217;\u0131 140. madde b\u00f6lgelerinden \u00e7\u0131karmak ve 2014&#8217;ten beri s\u00fcren PKK-YNK ittifak\u0131n\u0131 peki\u015ftirmektir. Kerk\u00fck&#8217;teki vali de\u011fi\u015fikli\u011fi (Rebwar Taha&#8217;n\u0131n g\u00f6revden al\u0131n\u0131p valili\u011fin T\u00fcrkmen Muhammed Seman&#8217;a verilmesi), 140. madde haklar\u0131n\u0131n fiilen tasfiyesi giri\u015fimi olarak de\u011ferlendirilmekte; olaylar YNK-KDP \u00e7at\u0131\u015fmas\u0131 gibi sunulsa da asl\u0131nda b\u00f6lgesel bir plan\u0131n par\u00e7as\u0131d\u0131r. Grafikteki \u0130ran bayra\u011f\u0131 ve sembolleri, Anti-K\u00fcrd Nizam&#8217;\u0131n YNK-PKK eksenindeki \u0130ran etkisini a\u00e7\u0131k\u00e7a g\u00f6stermektedir. Bu ittifak, &#8220;k\u00f6pr\u00fc&#8221; s\u00f6ylemiyle maskelense de pratikte ulusal talepleri erozyona u\u011fratmakta, Kerk\u00fck gibi sembol kentleri T\u00fcrkmen ve Ba\u011fdat&#8217;a teslim etmektedir.<\/p>\n<p style=\"text-align: justify;\">Uluslararas\u0131 ve b\u00f6lgesel Anti-K\u00fcrd Nizam devam etmektedir.<\/p>\n<p style=\"text-align: justify;\">Kuzey&#8217;de h\u00e2l\u00e2 ulusal ba\u011f\u0131ms\u0131zl\u0131k perspektifini a\u00e7\u0131k\u00e7a savunan ba\u011f\u0131ms\u0131z sesler marjinalle\u015ftirilmektedir.<\/p>\n<p style=\"text-align: justify;\">&#8220;K\u00fcrdistani&#8221; ge\u00e7inen baz\u0131 kesimler, yeni s\u00fcre\u00e7te de icazetli ve kontroll\u00fc siyaset i\u00e7inde erime riskiyle kar\u015f\u0131 kar\u015f\u0131yad\u0131r.<\/p>\n<p style=\"text-align: justify;\">G\u00fcney&#8217;de oldu\u011fu gibi Kuzey&#8217;de de saflar netle\u015fiyor. Ceh\u015fe &#8220;ceh\u015f&#8221; diyemeyen, Anti-K\u00fcrd Nizam&#8217;\u0131n herhangi bir aya\u011f\u0131na (uluslararas\u0131 veya yerel) hizmet eden hi\u00e7bir ki\u015fi ya da kurum, K\u00fcrdistani olma iddias\u0131nda samimi olamaz. Ceh\u015flerle ittifak yapanlar veya ittifak yolu arayanlar, ister eski ister yeni isimlerle olsun, Be\u015fik\u00e7i&#8217;nin deyimiyle Anti-K\u00fcrd Nizam&#8217;\u0131n hizmet\u00e7ileri konumuna d\u00fc\u015fer.<\/p>\n<p style=\"text-align: justify;\">Yanl\u0131\u015f\u0131n neresinden d\u00f6n\u00fcl\u00fcrse k\u00e2rd\u0131r. Bu tarihi d\u00f6neme\u00e7te h\u00e2l\u00e2 y\u00fcz\u00fcn\u00fcz\u00fc ve zihninizi ba\u011f\u0131ms\u0131z K\u00fcrdistan&#8217;a \u00e7evirmiyorsan\u0131z, bir daha d\u00f6nme \u015fans\u0131n\u0131z olmayabilir. Biraz samimiyet, biraz cesaret ve ki\u015fisel hesaplardan uzakla\u015fmak, ger\u00e7ek bir K\u00fcrdistanile\u015fme i\u00e7in yeterlidir. Bunu yapam\u0131yorsan\u0131z, en az\u0131ndan ger\u00e7ek ulusal iradenin \u00f6n\u00fcn\u00fc a\u00e7\u0131n ki K\u00fcrdistan kervan\u0131 ilerleyebilsin.<\/p>\n<p style=\"text-align: justify;\">S\u00fcleyman Akkoyun<\/p>\n<p style=\"text-align: justify;\"><img loading=\"lazy\" decoding=\"async\" class=\"alignnone size-medium darka-image-1037939\" src=\"https:\/\/darkamazi.site\/file\/2026\/04\/Com-300x167.jpg\" alt=\"Bafil Talabani\u2019nin son misyonu, \u00a0K\u00fcrdistan\u0131 140 madde b\u00f6lgelerinden \u00e7\u0131karma ve PKK-YNK\u00a0 2014 ittifak\u0131\u2026\" width=\"300\" height=\"167\" \/><\/p>\n","protected":false},"excerpt":{"rendered":"<p>K\u00fcrdistan politik literat\u00fcr\u00fcnde &#8220;ceh\u015flik&#8221;, ulusal kurtulu\u015f m\u00fccadelesine ve ulusal haklara kar\u015f\u0131 bilin\u00e7li bir duru\u015fu ifade eder. Bu kavram, i\u015fgalci devletleri veya d\u0131\u015f g\u00fc\u00e7leri de\u011fil; K\u00fcrd k\u00f6kenli olup K\u00fcrdlerin ulusal davas\u0131na, devletle\u015fme perspektifine ve ba\u011f\u0131ms\u0131zl\u0131k iradesine kar\u015f\u0131 \u00e7\u0131kanlar\u0131 niteler. \u00d6zellikle PKK \u00e7izgisi ve benzeri yap\u0131lar, bu nitelemeyle tan\u0131mlan\u0131r. Kuzey K\u00fcrdistan\u2019daki baz\u0131 &#8220;K\u00fcrdistani&#8221; \u00e7evreler, &#8220;ceh\u015f&#8221; tan\u0131m\u0131n\u0131 sert, [&hellip;]<\/p>\n","protected":false},"author":2,"featured_media":1037902,"comment_status":"closed","ping_status":"closed","sticky":false,"template":"","format":"standard","meta":{"footnotes":""},"categories":[26],"tags":[31],"class_list":["post-1037963","post","type-post","status-publish","format-standard","has-post-thumbnail","hentry","category-forum","tag-onemli"],"blocksy_meta":[],"seo_head":"<!-- This site is optimized with the Yoast SEO plugin v27.4 - https:\/\/yoast.com\/product\/yoast-seo-wordpress\/ -->\n<title>Ceh\u015flik ya da Anti-K\u00fcrd Nizam - Darka Mazi<\/title>\n<meta name=\"robots\" content=\"index, follow, max-snippet:-1, max-image-preview:large, max-video-preview:-1\" \/>\n<link rel=\"canonical\" href=\"https:\/\/darkamazi.site\/archives\/1037963\" \/>\n<meta property=\"og:locale\" content=\"en_US\" \/>\n<meta property=\"og:type\" content=\"article\" \/>\n<meta property=\"og:title\" content=\"Ceh\u015flik ya da Anti-K\u00fcrd Nizam - Darka Mazi\" \/>\n<meta property=\"og:description\" content=\"K\u00fcrdistan politik literat\u00fcr\u00fcnde &#8220;ceh\u015flik&#8221;, ulusal kurtulu\u015f m\u00fccadelesine ve ulusal haklara kar\u015f\u0131 bilin\u00e7li bir duru\u015fu ifade eder. Bu kavram, i\u015fgalci devletleri veya d\u0131\u015f g\u00fc\u00e7leri de\u011fil; K\u00fcrd k\u00f6kenli olup K\u00fcrdlerin ulusal davas\u0131na, devletle\u015fme perspektifine ve ba\u011f\u0131ms\u0131zl\u0131k iradesine kar\u015f\u0131 \u00e7\u0131kanlar\u0131 niteler. \u00d6zellikle PKK \u00e7izgisi ve benzeri yap\u0131lar, bu nitelemeyle tan\u0131mlan\u0131r. Kuzey K\u00fcrdistan\u2019daki baz\u0131 &#8220;K\u00fcrdistani&#8221; \u00e7evreler, &#8220;ceh\u015f&#8221; tan\u0131m\u0131n\u0131 sert, [&hellip;]\" \/>\n<meta property=\"og:url\" content=\"https:\/\/darkamazi.site\/archives\/1037963\" \/>\n<meta property=\"og:site_name\" content=\"Darka Mazi\" \/>\n<meta property=\"article:publisher\" content=\"https:\/\/www.facebook.com\/DarkaMaziturkce\" \/>\n<meta property=\"article:published_time\" content=\"2026-04-27T12:56:08+00:00\" \/>\n<meta property=\"article:modified_time\" content=\"2026-04-27T13:08:39+00:00\" \/>\n<meta property=\"og:image\" content=\"https:\/\/darkamazi.site\/file\/2026\/04\/Suleyman-Akkoyun-1.jpg\" \/>\n\t<meta property=\"og:image:width\" content=\"900\" \/>\n\t<meta property=\"og:image:height\" content=\"497\" \/>\n\t<meta property=\"og:image:type\" content=\"image\/jpeg\" \/>\n<meta name=\"author\" content=\"darka mazi\" \/>\n<meta name=\"twitter:card\" content=\"summary_large_image\" \/>\n<meta name=\"twitter:creator\" content=\"@DarkaMaziTurkce\" \/>\n<meta name=\"twitter:site\" content=\"@DarkaMaziTurkce\" \/>\n<meta name=\"twitter:label1\" content=\"Written by\" \/>\n\t<meta name=\"twitter:data1\" content=\"darka mazi\" \/>\n\t<meta name=\"twitter:label2\" content=\"Est. reading time\" \/>\n\t<meta name=\"twitter:data2\" content=\"5 minutes\" \/>\n<script type=\"application\/ld+json\" class=\"seo-schema-graph\">{\"@context\":\"https:\\\/\\\/schema.org\",\"@graph\":[{\"@type\":\"NewsArticle\",\"@id\":\"https:\\\/\\\/darkamazi.site\\\/archives\\\/1037963#article\",\"isPartOf\":{\"@id\":\"https:\\\/\\\/darkamazi.site\\\/archives\\\/1037963\"},\"author\":{\"name\":\"darka mazi\",\"@id\":\"https:\\\/\\\/darkamazi.site\\\/#\\\/schema\\\/person\\\/67986a95ac546c16760365877ef4a9d3\"},\"headline\":\"Ceh\u015flik ya da Anti-K\u00fcrd Nizam\",\"datePublished\":\"2026-04-27T12:56:08+00:00\",\"dateModified\":\"2026-04-27T13:08:39+00:00\",\"mainEntityOfPage\":{\"@id\":\"https:\\\/\\\/darkamazi.site\\\/archives\\\/1037963\"},\"wordCount\":1411,\"publisher\":{\"@id\":\"https:\\\/\\\/darkamazi.site\\\/#organization\"},\"image\":{\"@id\":\"https:\\\/\\\/darkamazi.site\\\/archives\\\/1037963#primaryimage\"},\"thumbnailUrl\":\"https:\\\/\\\/darkamazi.site\\\/darka-content\\\/uploads\\\/2026\\\/04\\\/Suleyman-Akkoyun-1.jpg\",\"keywords\":[\"\u00f6nemli\"],\"articleSection\":[\"Forum\"],\"inLanguage\":\"en-US\"},{\"@type\":\"WebPage\",\"@id\":\"https:\\\/\\\/darkamazi.site\\\/archives\\\/1037963\",\"url\":\"https:\\\/\\\/darkamazi.site\\\/archives\\\/1037963\",\"name\":\"Ceh\u015flik ya da Anti-K\u00fcrd Nizam - Darka Mazi\",\"isPartOf\":{\"@id\":\"https:\\\/\\\/darkamazi.site\\\/#website\"},\"primaryImageOfPage\":{\"@id\":\"https:\\\/\\\/darkamazi.site\\\/archives\\\/1037963#primaryimage\"},\"image\":{\"@id\":\"https:\\\/\\\/darkamazi.site\\\/archives\\\/1037963#primaryimage\"},\"thumbnailUrl\":\"https:\\\/\\\/darkamazi.site\\\/darka-content\\\/uploads\\\/2026\\\/04\\\/Suleyman-Akkoyun-1.jpg\",\"datePublished\":\"2026-04-27T12:56:08+00:00\",\"dateModified\":\"2026-04-27T13:08:39+00:00\",\"breadcrumb\":{\"@id\":\"https:\\\/\\\/darkamazi.site\\\/archives\\\/1037963#breadcrumb\"},\"inLanguage\":\"en-US\",\"potentialAction\":[{\"@type\":\"ReadAction\",\"target\":[\"https:\\\/\\\/darkamazi.site\\\/archives\\\/1037963\"]}]},{\"@type\":\"ImageObject\",\"inLanguage\":\"en-US\",\"@id\":\"https:\\\/\\\/darkamazi.site\\\/archives\\\/1037963#primaryimage\",\"url\":\"https:\\\/\\\/darkamazi.site\\\/darka-content\\\/uploads\\\/2026\\\/04\\\/Suleyman-Akkoyun-1.jpg\",\"contentUrl\":\"https:\\\/\\\/darkamazi.site\\\/darka-content\\\/uploads\\\/2026\\\/04\\\/Suleyman-Akkoyun-1.jpg\",\"width\":900,\"height\":497,\"caption\":\"Ceh\u015flik ya da Anti-K\u00fcrd Nizam\"},{\"@type\":\"BreadcrumbList\",\"@id\":\"https:\\\/\\\/darkamazi.site\\\/archives\\\/1037963#breadcrumb\",\"itemListElement\":[{\"@type\":\"ListItem\",\"position\":1,\"name\":\"Home\",\"item\":\"https:\\\/\\\/darkamazi.site\\\/\"},{\"@type\":\"ListItem\",\"position\":2,\"name\":\"Ceh\u015flik ya da Anti-K\u00fcrd Nizam\"}]},{\"@type\":\"WebSite\",\"@id\":\"https:\\\/\\\/darkamazi.site\\\/#website\",\"url\":\"https:\\\/\\\/darkamazi.site\\\/\",\"name\":\"Darka Mazi\",\"description\":\"Ana Sayfa\",\"publisher\":{\"@id\":\"https:\\\/\\\/darkamazi.site\\\/#organization\"},\"potentialAction\":[{\"@type\":\"SearchAction\",\"target\":{\"@type\":\"EntryPoint\",\"urlTemplate\":\"https:\\\/\\\/darkamazi.site\\\/?s={search_term_string}\"},\"query-input\":{\"@type\":\"PropertyValueSpecification\",\"valueRequired\":true,\"valueName\":\"search_term_string\"}}],\"inLanguage\":\"en-US\"},{\"@type\":\"Organization\",\"@id\":\"https:\\\/\\\/darkamazi.site\\\/#organization\",\"name\":\"Darka Mazi T\u00fcrk\u00e7e\",\"alternateName\":\"Darka Mazi\",\"url\":\"https:\\\/\\\/darkamazi.site\\\/\",\"logo\":{\"@type\":\"ImageObject\",\"inLanguage\":\"en-US\",\"@id\":\"https:\\\/\\\/darkamazi.site\\\/#\\\/schema\\\/logo\\\/image\\\/\",\"url\":\"https:\\\/\\\/darkamazi.site\\\/darka-content\\\/uploads\\\/2017\\\/12\\\/darka-mazi-logo.png\",\"contentUrl\":\"https:\\\/\\\/darkamazi.site\\\/darka-content\\\/uploads\\\/2017\\\/12\\\/darka-mazi-logo.png\",\"width\":151,\"height\":75,\"caption\":\"Darka Mazi T\u00fcrk\u00e7e\"},\"image\":{\"@id\":\"https:\\\/\\\/darkamazi.site\\\/#\\\/schema\\\/logo\\\/image\\\/\"},\"sameAs\":[\"https:\\\/\\\/www.facebook.com\\\/DarkaMaziturkce\",\"https:\\\/\\\/x.com\\\/DarkaMaziTurkce\"]},{\"@type\":\"Person\",\"@id\":\"https:\\\/\\\/darkamazi.site\\\/#\\\/schema\\\/person\\\/67986a95ac546c16760365877ef4a9d3\",\"name\":\"darka mazi\",\"sameAs\":[\"https:\\\/\\\/darkamazi.site\"],\"url\":\"https:\\\/\\\/darkamazi.site\\\/archives\\\/author\\\/turkish\"}]}<\/script>\n<!-- \/ Yoast SEO plugin. -->","seo_head_json":{"title":"Ceh\u015flik ya da Anti-K\u00fcrd Nizam - Darka Mazi","robots":{"index":"index","follow":"follow","max-snippet":"max-snippet:-1","max-image-preview":"max-image-preview:large","max-video-preview":"max-video-preview:-1"},"canonical":"https:\/\/darkamazi.site\/archives\/1037963","og_locale":"en_US","og_type":"article","og_title":"Ceh\u015flik ya da Anti-K\u00fcrd Nizam - Darka Mazi","og_description":"K\u00fcrdistan politik literat\u00fcr\u00fcnde &#8220;ceh\u015flik&#8221;, ulusal kurtulu\u015f m\u00fccadelesine ve ulusal haklara kar\u015f\u0131 bilin\u00e7li bir duru\u015fu ifade eder. Bu kavram, i\u015fgalci devletleri veya d\u0131\u015f g\u00fc\u00e7leri de\u011fil; K\u00fcrd k\u00f6kenli olup K\u00fcrdlerin ulusal davas\u0131na, devletle\u015fme perspektifine ve ba\u011f\u0131ms\u0131zl\u0131k iradesine kar\u015f\u0131 \u00e7\u0131kanlar\u0131 niteler. \u00d6zellikle PKK \u00e7izgisi ve benzeri yap\u0131lar, bu nitelemeyle tan\u0131mlan\u0131r. Kuzey K\u00fcrdistan\u2019daki baz\u0131 &#8220;K\u00fcrdistani&#8221; \u00e7evreler, &#8220;ceh\u015f&#8221; tan\u0131m\u0131n\u0131 sert, [&hellip;]","og_url":"https:\/\/darkamazi.site\/archives\/1037963","og_site_name":"Darka Mazi","article_publisher":"https:\/\/www.facebook.com\/DarkaMaziturkce","article_published_time":"2026-04-27T12:56:08+00:00","article_modified_time":"2026-04-27T13:08:39+00:00","og_image":[{"width":900,"height":497,"url":"https:\/\/darkamazi.site\/file\/2026\/04\/Suleyman-Akkoyun-1.jpg","type":"image\/jpeg"}],"author":"darka mazi","twitter_card":"summary_large_image","twitter_creator":"@DarkaMaziTurkce","twitter_site":"@DarkaMaziTurkce","twitter_misc":{"Written by":"darka mazi","Est. reading time":"5 minutes"},"schema":{"@context":"https:\/\/schema.org","@graph":[{"@type":"NewsArticle","@id":"https:\/\/darkamazi.site\/archives\/1037963#article","isPartOf":{"@id":"https:\/\/darkamazi.site\/archives\/1037963"},"author":{"name":"darka mazi","@id":"https:\/\/darkamazi.site\/#\/schema\/person\/67986a95ac546c16760365877ef4a9d3"},"headline":"Ceh\u015flik ya da Anti-K\u00fcrd Nizam","datePublished":"2026-04-27T12:56:08+00:00","dateModified":"2026-04-27T13:08:39+00:00","mainEntityOfPage":{"@id":"https:\/\/darkamazi.site\/archives\/1037963"},"wordCount":1411,"publisher":{"@id":"https:\/\/darkamazi.site\/#organization"},"image":{"@id":"https:\/\/darkamazi.site\/archives\/1037963#primaryimage"},"thumbnailUrl":"https:\/\/darkamazi.site\/file\/2026\/04\/Suleyman-Akkoyun-1.jpg","keywords":["\u00f6nemli"],"articleSection":["Forum"],"inLanguage":"en-US"},{"@type":"WebPage","@id":"https:\/\/darkamazi.site\/archives\/1037963","url":"https:\/\/darkamazi.site\/archives\/1037963","name":"Ceh\u015flik ya da Anti-K\u00fcrd Nizam - Darka Mazi","isPartOf":{"@id":"https:\/\/darkamazi.site\/#website"},"primaryImageOfPage":{"@id":"https:\/\/darkamazi.site\/archives\/1037963#primaryimage"},"image":{"@id":"https:\/\/darkamazi.site\/archives\/1037963#primaryimage"},"thumbnailUrl":"https:\/\/darkamazi.site\/file\/2026\/04\/Suleyman-Akkoyun-1.jpg","datePublished":"2026-04-27T12:56:08+00:00","dateModified":"2026-04-27T13:08:39+00:00","breadcrumb":{"@id":"https:\/\/darkamazi.site\/archives\/1037963#breadcrumb"},"inLanguage":"en-US","potentialAction":[{"@type":"ReadAction","target":["https:\/\/darkamazi.site\/archives\/1037963"]}]},{"@type":"ImageObject","inLanguage":"en-US","@id":"https:\/\/darkamazi.site\/archives\/1037963#primaryimage","url":"https:\/\/darkamazi.site\/file\/2026\/04\/Suleyman-Akkoyun-1.jpg","contentUrl":"https:\/\/darkamazi.site\/file\/2026\/04\/Suleyman-Akkoyun-1.jpg","width":900,"height":497,"caption":"Ceh\u015flik ya da Anti-K\u00fcrd Nizam"},{"@type":"BreadcrumbList","@id":"https:\/\/darkamazi.site\/archives\/1037963#breadcrumb","itemListElement":[{"@type":"ListItem","position":1,"name":"Home","item":"https:\/\/darkamazi.site\/"},{"@type":"ListItem","position":2,"name":"Ceh\u015flik ya da Anti-K\u00fcrd Nizam"}]},{"@type":"WebSite","@id":"https:\/\/darkamazi.site\/#website","url":"https:\/\/darkamazi.site\/","name":"Darka Mazi","description":"Ana Sayfa","publisher":{"@id":"https:\/\/darkamazi.site\/#organization"},"potentialAction":[{"@type":"SearchAction","target":{"@type":"EntryPoint","urlTemplate":"https:\/\/darkamazi.site\/?s={search_term_string}"},"query-input":{"@type":"PropertyValueSpecification","valueRequired":true,"valueName":"search_term_string"}}],"inLanguage":"en-US"},{"@type":"Organization","@id":"https:\/\/darkamazi.site\/#organization","name":"Darka Mazi T\u00fcrk\u00e7e","alternateName":"Darka Mazi","url":"https:\/\/darkamazi.site\/","logo":{"@type":"ImageObject","inLanguage":"en-US","@id":"https:\/\/darkamazi.site\/#\/schema\/logo\/image\/","url":"https:\/\/darkamazi.site\/file\/2017\/12\/darka-mazi-logo.png","contentUrl":"https:\/\/darkamazi.site\/file\/2017\/12\/darka-mazi-logo.png","width":151,"height":75,"caption":"Darka Mazi T\u00fcrk\u00e7e"},"image":{"@id":"https:\/\/darkamazi.site\/#\/schema\/logo\/image\/"},"sameAs":["https:\/\/www.facebook.com\/DarkaMaziturkce","https:\/\/x.com\/DarkaMaziTurkce"]},{"@type":"Person","@id":"https:\/\/darkamazi.site\/#\/schema\/person\/67986a95ac546c16760365877ef4a9d3","name":"darka mazi","sameAs":["https:\/\/darkamazi.site"],"url":"https:\/\/darkamazi.site\/archives\/author\/turkish"}]}},"_links":{"self":[{"href":"https:\/\/darkamazi.site\/funavuv\/wp\/v2\/posts\/1037963","targetHints":{"allow":["GET"]}}],"collection":[{"href":"https:\/\/darkamazi.site\/funavuv\/wp\/v2\/posts"}],"about":[{"href":"https:\/\/darkamazi.site\/funavuv\/wp\/v2\/types\/post"}],"author":[{"embeddable":true,"href":"https:\/\/darkamazi.site\/funavuv\/wp\/v2\/users\/2"}],"replies":[{"embeddable":true,"href":"https:\/\/darkamazi.site\/funavuv\/wp\/v2\/comments?post=1037963"}],"version-history":[{"count":2,"href":"https:\/\/darkamazi.site\/funavuv\/wp\/v2\/posts\/1037963\/revisions"}],"predecessor-version":[{"id":1037965,"href":"https:\/\/darkamazi.site\/funavuv\/wp\/v2\/posts\/1037963\/revisions\/1037965"}],"wp:featuredmedia":[{"embeddable":true,"href":"https:\/\/darkamazi.site\/funavuv\/wp\/v2\/media\/1037902"}],"wp:attachment":[{"href":"https:\/\/darkamazi.site\/funavuv\/wp\/v2\/media?parent=1037963"}],"wp:term":[{"taxonomy":"category","embeddable":true,"href":"https:\/\/darkamazi.site\/funavuv\/wp\/v2\/categories?post=1037963"},{"taxonomy":"post_tag","embeddable":true,"href":"https:\/\/darkamazi.site\/funavuv\/wp\/v2\/tags?post=1037963"}],"curies":[{"name":"wp","href":"https:\/\/api.w.org\/{rel}","templated":true}]}}