{"id":1037966,"date":"2026-04-27T20:26:35","date_gmt":"2026-04-27T17:26:35","guid":{"rendered":"https:\/\/darkamazi.site\/?p=1037966"},"modified":"2026-04-27T20:26:35","modified_gmt":"2026-04-27T17:26:35","slug":"ynknin-turkmenlere-devrettigi-kerkuk-valisinin-ilk-icraati-kurt-yardimcilarin-yetkileri-sinirlandirildi","status":"publish","type":"post","link":"https:\/\/darkamazi.site\/archives\/1037966","title":{"rendered":"YNK&#8217;nin T\u00fcrkmenlere devretti\u011fi Kerk\u00fck Valisinin ilk icraat\u0131: K\u00fcrt yard\u0131mc\u0131lar\u0131n yetkileri s\u0131n\u0131rland\u0131r\u0131ld\u0131"},"content":{"rendered":"<div class=\"sol\">\n<article id=\"articleBody\">\n<p style=\"text-align: justify;\">K\u00fcrdistan Yurtseverler Birli\u011fi\u2019nin (KYB) valili\u011fi T\u00fcrkmenlere devretti\u011fi Kerk\u00fck\u2019te, yeni Vali Muhammed Saman A\u011fa, g\u00f6reve ba\u015flamas\u0131ndan sadece birka\u00e7 g\u00fcn sonra, yard\u0131mc\u0131s\u0131n\u0131n iki temel yetkisini geri \u00e7eken bir kararname yay\u0131mlad\u0131.<\/p>\n<p style=\"text-align: justify;\">Karar; emlak ve vatanda\u015fl\u0131k i\u015fleri dairesi ile g\u00fcvenlik izinleri dairesini valilik makam\u0131na yeniden ba\u011fl\u0131yor. Daha \u00f6nce vali yard\u0131mc\u0131s\u0131n\u0131n yetkisi alt\u0131nda olan her iki daire, derhal ge\u00e7erli olmak \u00fczere art\u0131k do\u011frudan yeni valiye rapor verecek.<\/p>\n<p style=\"text-align: justify;\">R\u00fbdaw\u2019\u0131n ula\u015ft\u0131\u011f\u0131 23 Nisan tarihli resmi belgeye g\u00f6re, talimat vali yard\u0131mc\u0131l\u0131\u011f\u0131 makam\u0131 da dahil olmak \u00fczere \u00e7e\u015fitli devlet kurumlar\u0131na iletildi. Irak \u0130l Meclisleri Kanunu uyar\u0131nca valiler, idari yetkileri yard\u0131mc\u0131lar\u0131na devretme veya onlardan geri alma yetkisine sahip bulunuyor.<\/p>\n<p style=\"text-align: justify;\">Kerk\u00fck yerel y\u00f6netiminden iki yetkili d\u00fcn R\u00fbdaw\u2019a isimlerinin a\u00e7\u0131klanmamas\u0131 ko\u015fuluyla verdi\u011fi deme\u00e7te, Saman A\u011fa\u2019n\u0131n 16 Nisan\u2019da g\u00f6reve ba\u015flamas\u0131ndan \u00f6nce bu dairelerin vali yard\u0131mc\u0131s\u0131 taraf\u0131ndan y\u00f6netildi\u011fini belirtti.<\/p>\n<p style=\"text-align: justify;\">Irak T\u00fcrkmen Cephesi lideri olan yeni Vali Muhammed Saman A\u011fa, \u015fu anda vali yard\u0131mc\u0131s\u0131 olarak g\u00f6rev yapan eski K\u00fcrt vali Rebvar Taha\u2019n\u0131n yerine ge\u00e7mi\u015fti.<\/p>\n<p style=\"text-align: justify;\"><strong>Ba\u015flarken farkl\u0131 konu\u015fmu\u015ftu<\/strong><\/p>\n<p style=\"text-align: justify;\">Bu hamle, Muhammed Saman A\u011fa\u2019n\u0131n daha \u00f6nce kapsay\u0131c\u0131 y\u00f6netimi vurgulayan a\u00e7\u0131klamalar\u0131yla \u00e7eli\u015fiyor. Muhammed Saman A\u011fa se\u00e7ilmesinin ard\u0131ndan, \u201cKerk\u00fck\u2019te yard\u0131mc\u0131lara ve asistanlara dan\u0131\u015f\u0131lmadan hi\u00e7bir karar al\u0131nmayacak\u201d demi\u015f ve \u201cSadece tek bir etnik k\u00f6ken veya parti i\u00e7in \u00e7al\u0131\u015fmayaca\u011f\u0131z\u201d diye eklemi\u015fti.<\/p>\n<p style=\"text-align: justify;\">Kerk\u00fck sakinlerine birden fazla dilde hitap eden vali, il y\u00f6netimindeki birli\u011fi de \u015fu s\u00f6zlerle vurgulam\u0131\u015ft\u0131: \u201cSay\u0131n Rebvar Taha, Say\u0131n \u0130brahim Temim ve ben -t\u00fcm Kerk\u00fck y\u00f6netimiyle birlikte- hepimiz Kerk\u00fckl\u00fcy\u00fcz. Aram\u0131zda bir fark yok. Kerk\u00fck\u2019e birlikte hizmet edece\u011fiz.\u201d<\/p>\n<p style=\"text-align: justify;\">Muhammed Saman A\u011fa\u2019n\u0131n atanmas\u0131, bir as\u0131rdan fazla bir s\u00fcrenin ard\u0131ndan Kerk\u00fck\u2019\u00fcn ilk T\u00fcrkmen valisi olmas\u0131 bak\u0131m\u0131ndan \u00f6nem ta\u015f\u0131yor.<\/p>\n<p style=\"text-align: justify;\">K\u00fcrdistan Demokrat Partisi (KDP), KYB taraf\u0131ndan, Irak cumhurba\u015fkanl\u0131\u011f\u0131 se\u00e7imi s\u00fcrecinde kapal\u0131 kap\u0131lar ard\u0131nda yap\u0131lan pazarl\u0131klar\u0131n ard\u0131ndan, K\u00fcrtlerin se\u00e7imle kazand\u0131\u011f\u0131 Kerk\u00fck Valili\u011fi\u2019nin, \u0130l Meclis\u2019nde sadece 2 sandalyesi olan T\u00fcrkmenlere devredilmesini protesto etmi\u015f ve karar\u0131 tan\u0131mam\u0131\u015ft\u0131.<\/p>\n<p style=\"text-align: justify;\">Kaynak: R\u00fbdaw<\/p>\n<\/article>\n<\/div>\n","protected":false},"excerpt":{"rendered":"<p>K\u00fcrdistan Yurtseverler Birli\u011fi\u2019nin (KYB) valili\u011fi T\u00fcrkmenlere devretti\u011fi Kerk\u00fck\u2019te, yeni Vali Muhammed Saman A\u011fa, g\u00f6reve ba\u015flamas\u0131ndan sadece birka\u00e7 g\u00fcn sonra, yard\u0131mc\u0131s\u0131n\u0131n iki temel yetkisini geri \u00e7eken bir kararname yay\u0131mlad\u0131. Karar; emlak ve vatanda\u015fl\u0131k i\u015fleri dairesi ile g\u00fcvenlik izinleri dairesini valilik makam\u0131na yeniden ba\u011fl\u0131yor. Daha \u00f6nce vali yard\u0131mc\u0131s\u0131n\u0131n yetkisi alt\u0131nda olan her iki daire, derhal ge\u00e7erli olmak [&hellip;]<\/p>\n","protected":false},"author":2,"featured_media":1037967,"comment_status":"closed","ping_status":"closed","sticky":false,"template":"","format":"standard","meta":{"footnotes":""},"categories":[3],"tags":[31],"class_list":["post-1037966","post","type-post","status-publish","format-standard","has-post-thumbnail","hentry","category-kurdistan","tag-onemli"],"blocksy_meta":[],"seo_head":"<!-- This site is optimized with the Yoast SEO plugin v27.5 - https:\/\/yoast.com\/product\/yoast-seo-wordpress\/ -->\n<title>YNK&#039;nin T\u00fcrkmenlere devretti\u011fi Kerk\u00fck Valisinin ilk icraat\u0131: K\u00fcrt yard\u0131mc\u0131lar\u0131n yetkileri s\u0131n\u0131rland\u0131r\u0131ld\u0131 - Darka Mazi<\/title>\n<meta name=\"robots\" content=\"index, follow, max-snippet:-1, max-image-preview:large, max-video-preview:-1\" \/>\n<link rel=\"canonical\" href=\"https:\/\/darkamazi.site\/archives\/1037966\" \/>\n<meta property=\"og:locale\" content=\"en_US\" \/>\n<meta property=\"og:type\" content=\"article\" \/>\n<meta property=\"og:title\" content=\"YNK&#039;nin T\u00fcrkmenlere devretti\u011fi Kerk\u00fck Valisinin ilk icraat\u0131: K\u00fcrt yard\u0131mc\u0131lar\u0131n yetkileri s\u0131n\u0131rland\u0131r\u0131ld\u0131 - Darka Mazi\" \/>\n<meta property=\"og:description\" content=\"K\u00fcrdistan Yurtseverler Birli\u011fi\u2019nin (KYB) valili\u011fi T\u00fcrkmenlere devretti\u011fi Kerk\u00fck\u2019te, yeni Vali Muhammed Saman A\u011fa, g\u00f6reve ba\u015flamas\u0131ndan sadece birka\u00e7 g\u00fcn sonra, yard\u0131mc\u0131s\u0131n\u0131n iki temel yetkisini geri \u00e7eken bir kararname yay\u0131mlad\u0131. Karar; emlak ve vatanda\u015fl\u0131k i\u015fleri dairesi ile g\u00fcvenlik izinleri dairesini valilik makam\u0131na yeniden ba\u011fl\u0131yor. Daha \u00f6nce vali yard\u0131mc\u0131s\u0131n\u0131n yetkisi alt\u0131nda olan her iki daire, derhal ge\u00e7erli olmak [&hellip;]\" \/>\n<meta property=\"og:url\" content=\"https:\/\/darkamazi.site\/archives\/1037966\" \/>\n<meta property=\"og:site_name\" content=\"Darka Mazi\" \/>\n<meta property=\"article:publisher\" content=\"https:\/\/www.facebook.com\/DarkaMaziturkce\" \/>\n<meta property=\"article:published_time\" content=\"2026-04-27T17:26:35+00:00\" \/>\n<meta property=\"og:image\" content=\"https:\/\/darkamazi.site\/file\/2026\/04\/Kerkuk-2.jpg\" \/>\n\t<meta property=\"og:image:width\" content=\"800\" \/>\n\t<meta property=\"og:image:height\" content=\"450\" \/>\n\t<meta property=\"og:image:type\" content=\"image\/jpeg\" \/>\n<meta name=\"author\" content=\"darka mazi\" \/>\n<meta name=\"twitter:card\" content=\"summary_large_image\" \/>\n<meta name=\"twitter:creator\" content=\"@DarkaMaziTurkce\" \/>\n<meta name=\"twitter:site\" content=\"@DarkaMaziTurkce\" \/>\n<meta name=\"twitter:label1\" content=\"Written by\" \/>\n\t<meta name=\"twitter:data1\" content=\"darka mazi\" \/>\n\t<meta name=\"twitter:label2\" content=\"Est. reading time\" \/>\n\t<meta name=\"twitter:data2\" content=\"2 minutes\" \/>\n<script type=\"application\/ld+json\" class=\"seo-schema-graph\">{\"@context\":\"https:\\\/\\\/schema.org\",\"@graph\":[{\"@type\":\"NewsArticle\",\"@id\":\"https:\\\/\\\/darkamazi.site\\\/archives\\\/1037966#article\",\"isPartOf\":{\"@id\":\"https:\\\/\\\/darkamazi.site\\\/archives\\\/1037966\"},\"author\":{\"name\":\"darka mazi\",\"@id\":\"https:\\\/\\\/darkamazi.site\\\/#\\\/schema\\\/person\\\/67986a95ac546c16760365877ef4a9d3\"},\"headline\":\"YNK&#8217;nin T\u00fcrkmenlere devretti\u011fi Kerk\u00fck Valisinin ilk icraat\u0131: K\u00fcrt yard\u0131mc\u0131lar\u0131n yetkileri s\u0131n\u0131rland\u0131r\u0131ld\u0131\",\"datePublished\":\"2026-04-27T17:26:35+00:00\",\"mainEntityOfPage\":{\"@id\":\"https:\\\/\\\/darkamazi.site\\\/archives\\\/1037966\"},\"wordCount\":453,\"publisher\":{\"@id\":\"https:\\\/\\\/darkamazi.site\\\/#organization\"},\"image\":{\"@id\":\"https:\\\/\\\/darkamazi.site\\\/archives\\\/1037966#primaryimage\"},\"thumbnailUrl\":\"https:\\\/\\\/darkamazi.site\\\/darka-content\\\/uploads\\\/2026\\\/04\\\/Kerkuk-2.jpg\",\"keywords\":[\"\u00f6nemli\"],\"articleSection\":[\"Kurdistan\"],\"inLanguage\":\"en-US\"},{\"@type\":\"WebPage\",\"@id\":\"https:\\\/\\\/darkamazi.site\\\/archives\\\/1037966\",\"url\":\"https:\\\/\\\/darkamazi.site\\\/archives\\\/1037966\",\"name\":\"YNK'nin T\u00fcrkmenlere devretti\u011fi Kerk\u00fck Valisinin ilk icraat\u0131: K\u00fcrt yard\u0131mc\u0131lar\u0131n yetkileri s\u0131n\u0131rland\u0131r\u0131ld\u0131 - Darka Mazi\",\"isPartOf\":{\"@id\":\"https:\\\/\\\/darkamazi.site\\\/#website\"},\"primaryImageOfPage\":{\"@id\":\"https:\\\/\\\/darkamazi.site\\\/archives\\\/1037966#primaryimage\"},\"image\":{\"@id\":\"https:\\\/\\\/darkamazi.site\\\/archives\\\/1037966#primaryimage\"},\"thumbnailUrl\":\"https:\\\/\\\/darkamazi.site\\\/darka-content\\\/uploads\\\/2026\\\/04\\\/Kerkuk-2.jpg\",\"datePublished\":\"2026-04-27T17:26:35+00:00\",\"breadcrumb\":{\"@id\":\"https:\\\/\\\/darkamazi.site\\\/archives\\\/1037966#breadcrumb\"},\"inLanguage\":\"en-US\",\"potentialAction\":[{\"@type\":\"ReadAction\",\"target\":[\"https:\\\/\\\/darkamazi.site\\\/archives\\\/1037966\"]}]},{\"@type\":\"ImageObject\",\"inLanguage\":\"en-US\",\"@id\":\"https:\\\/\\\/darkamazi.site\\\/archives\\\/1037966#primaryimage\",\"url\":\"https:\\\/\\\/darkamazi.site\\\/darka-content\\\/uploads\\\/2026\\\/04\\\/Kerkuk-2.jpg\",\"contentUrl\":\"https:\\\/\\\/darkamazi.site\\\/darka-content\\\/uploads\\\/2026\\\/04\\\/Kerkuk-2.jpg\",\"width\":800,\"height\":450,\"caption\":\"YNK'nin T\u00fcrkmenlere devretti\u011fi Kerk\u00fck Valisinin ilk icraat\u0131: K\u00fcrt yard\u0131mc\u0131lar\u0131n yetkileri s\u0131n\u0131rland\u0131r\u0131ld\u0131\"},{\"@type\":\"BreadcrumbList\",\"@id\":\"https:\\\/\\\/darkamazi.site\\\/archives\\\/1037966#breadcrumb\",\"itemListElement\":[{\"@type\":\"ListItem\",\"position\":1,\"name\":\"Home\",\"item\":\"https:\\\/\\\/darkamazi.site\\\/\"},{\"@type\":\"ListItem\",\"position\":2,\"name\":\"YNK&#8217;nin T\u00fcrkmenlere devretti\u011fi Kerk\u00fck Valisinin ilk icraat\u0131: K\u00fcrt yard\u0131mc\u0131lar\u0131n yetkileri s\u0131n\u0131rland\u0131r\u0131ld\u0131\"}]},{\"@type\":\"WebSite\",\"@id\":\"https:\\\/\\\/darkamazi.site\\\/#website\",\"url\":\"https:\\\/\\\/darkamazi.site\\\/\",\"name\":\"Darka Mazi\",\"description\":\"Ana Sayfa\",\"publisher\":{\"@id\":\"https:\\\/\\\/darkamazi.site\\\/#organization\"},\"potentialAction\":[{\"@type\":\"SearchAction\",\"target\":{\"@type\":\"EntryPoint\",\"urlTemplate\":\"https:\\\/\\\/darkamazi.site\\\/?s={search_term_string}\"},\"query-input\":{\"@type\":\"PropertyValueSpecification\",\"valueRequired\":true,\"valueName\":\"search_term_string\"}}],\"inLanguage\":\"en-US\"},{\"@type\":\"Organization\",\"@id\":\"https:\\\/\\\/darkamazi.site\\\/#organization\",\"name\":\"Darka Mazi T\u00fcrk\u00e7e\",\"alternateName\":\"Darka Mazi\",\"url\":\"https:\\\/\\\/darkamazi.site\\\/\",\"logo\":{\"@type\":\"ImageObject\",\"inLanguage\":\"en-US\",\"@id\":\"https:\\\/\\\/darkamazi.site\\\/#\\\/schema\\\/logo\\\/image\\\/\",\"url\":\"https:\\\/\\\/darkamazi.site\\\/darka-content\\\/uploads\\\/2017\\\/12\\\/darka-mazi-logo.png\",\"contentUrl\":\"https:\\\/\\\/darkamazi.site\\\/darka-content\\\/uploads\\\/2017\\\/12\\\/darka-mazi-logo.png\",\"width\":151,\"height\":75,\"caption\":\"Darka Mazi T\u00fcrk\u00e7e\"},\"image\":{\"@id\":\"https:\\\/\\\/darkamazi.site\\\/#\\\/schema\\\/logo\\\/image\\\/\"},\"sameAs\":[\"https:\\\/\\\/www.facebook.com\\\/DarkaMaziturkce\",\"https:\\\/\\\/x.com\\\/DarkaMaziTurkce\"]},{\"@type\":\"Person\",\"@id\":\"https:\\\/\\\/darkamazi.site\\\/#\\\/schema\\\/person\\\/67986a95ac546c16760365877ef4a9d3\",\"name\":\"darka mazi\",\"sameAs\":[\"https:\\\/\\\/darkamazi.site\"],\"url\":\"https:\\\/\\\/darkamazi.site\\\/archives\\\/author\\\/turkish\"}]}<\/script>\n<!-- \/ Yoast SEO plugin. -->","seo_head_json":{"title":"YNK'nin T\u00fcrkmenlere devretti\u011fi Kerk\u00fck Valisinin ilk icraat\u0131: K\u00fcrt yard\u0131mc\u0131lar\u0131n yetkileri s\u0131n\u0131rland\u0131r\u0131ld\u0131 - Darka Mazi","robots":{"index":"index","follow":"follow","max-snippet":"max-snippet:-1","max-image-preview":"max-image-preview:large","max-video-preview":"max-video-preview:-1"},"canonical":"https:\/\/darkamazi.site\/archives\/1037966","og_locale":"en_US","og_type":"article","og_title":"YNK'nin T\u00fcrkmenlere devretti\u011fi Kerk\u00fck Valisinin ilk icraat\u0131: K\u00fcrt yard\u0131mc\u0131lar\u0131n yetkileri s\u0131n\u0131rland\u0131r\u0131ld\u0131 - Darka Mazi","og_description":"K\u00fcrdistan Yurtseverler Birli\u011fi\u2019nin (KYB) valili\u011fi T\u00fcrkmenlere devretti\u011fi Kerk\u00fck\u2019te, yeni Vali Muhammed Saman A\u011fa, g\u00f6reve ba\u015flamas\u0131ndan sadece birka\u00e7 g\u00fcn sonra, yard\u0131mc\u0131s\u0131n\u0131n iki temel yetkisini geri \u00e7eken bir kararname yay\u0131mlad\u0131. Karar; emlak ve vatanda\u015fl\u0131k i\u015fleri dairesi ile g\u00fcvenlik izinleri dairesini valilik makam\u0131na yeniden ba\u011fl\u0131yor. Daha \u00f6nce vali yard\u0131mc\u0131s\u0131n\u0131n yetkisi alt\u0131nda olan her iki daire, derhal ge\u00e7erli olmak [&hellip;]","og_url":"https:\/\/darkamazi.site\/archives\/1037966","og_site_name":"Darka Mazi","article_publisher":"https:\/\/www.facebook.com\/DarkaMaziturkce","article_published_time":"2026-04-27T17:26:35+00:00","og_image":[{"width":800,"height":450,"url":"https:\/\/darkamazi.site\/file\/2026\/04\/Kerkuk-2.jpg","type":"image\/jpeg"}],"author":"darka mazi","twitter_card":"summary_large_image","twitter_creator":"@DarkaMaziTurkce","twitter_site":"@DarkaMaziTurkce","twitter_misc":{"Written by":"darka mazi","Est. reading time":"2 minutes"},"schema":{"@context":"https:\/\/schema.org","@graph":[{"@type":"NewsArticle","@id":"https:\/\/darkamazi.site\/archives\/1037966#article","isPartOf":{"@id":"https:\/\/darkamazi.site\/archives\/1037966"},"author":{"name":"darka mazi","@id":"https:\/\/darkamazi.site\/#\/schema\/person\/67986a95ac546c16760365877ef4a9d3"},"headline":"YNK&#8217;nin T\u00fcrkmenlere devretti\u011fi Kerk\u00fck Valisinin ilk icraat\u0131: K\u00fcrt yard\u0131mc\u0131lar\u0131n yetkileri s\u0131n\u0131rland\u0131r\u0131ld\u0131","datePublished":"2026-04-27T17:26:35+00:00","mainEntityOfPage":{"@id":"https:\/\/darkamazi.site\/archives\/1037966"},"wordCount":453,"publisher":{"@id":"https:\/\/darkamazi.site\/#organization"},"image":{"@id":"https:\/\/darkamazi.site\/archives\/1037966#primaryimage"},"thumbnailUrl":"https:\/\/darkamazi.site\/file\/2026\/04\/Kerkuk-2.jpg","keywords":["\u00f6nemli"],"articleSection":["Kurdistan"],"inLanguage":"en-US"},{"@type":"WebPage","@id":"https:\/\/darkamazi.site\/archives\/1037966","url":"https:\/\/darkamazi.site\/archives\/1037966","name":"YNK'nin T\u00fcrkmenlere devretti\u011fi Kerk\u00fck Valisinin ilk icraat\u0131: K\u00fcrt yard\u0131mc\u0131lar\u0131n yetkileri s\u0131n\u0131rland\u0131r\u0131ld\u0131 - Darka Mazi","isPartOf":{"@id":"https:\/\/darkamazi.site\/#website"},"primaryImageOfPage":{"@id":"https:\/\/darkamazi.site\/archives\/1037966#primaryimage"},"image":{"@id":"https:\/\/darkamazi.site\/archives\/1037966#primaryimage"},"thumbnailUrl":"https:\/\/darkamazi.site\/file\/2026\/04\/Kerkuk-2.jpg","datePublished":"2026-04-27T17:26:35+00:00","breadcrumb":{"@id":"https:\/\/darkamazi.site\/archives\/1037966#breadcrumb"},"inLanguage":"en-US","potentialAction":[{"@type":"ReadAction","target":["https:\/\/darkamazi.site\/archives\/1037966"]}]},{"@type":"ImageObject","inLanguage":"en-US","@id":"https:\/\/darkamazi.site\/archives\/1037966#primaryimage","url":"https:\/\/darkamazi.site\/file\/2026\/04\/Kerkuk-2.jpg","contentUrl":"https:\/\/darkamazi.site\/file\/2026\/04\/Kerkuk-2.jpg","width":800,"height":450,"caption":"YNK'nin T\u00fcrkmenlere devretti\u011fi Kerk\u00fck Valisinin ilk icraat\u0131: K\u00fcrt yard\u0131mc\u0131lar\u0131n yetkileri s\u0131n\u0131rland\u0131r\u0131ld\u0131"},{"@type":"BreadcrumbList","@id":"https:\/\/darkamazi.site\/archives\/1037966#breadcrumb","itemListElement":[{"@type":"ListItem","position":1,"name":"Home","item":"https:\/\/darkamazi.site\/"},{"@type":"ListItem","position":2,"name":"YNK&#8217;nin T\u00fcrkmenlere devretti\u011fi Kerk\u00fck Valisinin ilk icraat\u0131: K\u00fcrt yard\u0131mc\u0131lar\u0131n yetkileri s\u0131n\u0131rland\u0131r\u0131ld\u0131"}]},{"@type":"WebSite","@id":"https:\/\/darkamazi.site\/#website","url":"https:\/\/darkamazi.site\/","name":"Darka Mazi","description":"Ana Sayfa","publisher":{"@id":"https:\/\/darkamazi.site\/#organization"},"potentialAction":[{"@type":"SearchAction","target":{"@type":"EntryPoint","urlTemplate":"https:\/\/darkamazi.site\/?s={search_term_string}"},"query-input":{"@type":"PropertyValueSpecification","valueRequired":true,"valueName":"search_term_string"}}],"inLanguage":"en-US"},{"@type":"Organization","@id":"https:\/\/darkamazi.site\/#organization","name":"Darka Mazi T\u00fcrk\u00e7e","alternateName":"Darka Mazi","url":"https:\/\/darkamazi.site\/","logo":{"@type":"ImageObject","inLanguage":"en-US","@id":"https:\/\/darkamazi.site\/#\/schema\/logo\/image\/","url":"https:\/\/darkamazi.site\/file\/2017\/12\/darka-mazi-logo.png","contentUrl":"https:\/\/darkamazi.site\/file\/2017\/12\/darka-mazi-logo.png","width":151,"height":75,"caption":"Darka Mazi T\u00fcrk\u00e7e"},"image":{"@id":"https:\/\/darkamazi.site\/#\/schema\/logo\/image\/"},"sameAs":["https:\/\/www.facebook.com\/DarkaMaziturkce","https:\/\/x.com\/DarkaMaziTurkce"]},{"@type":"Person","@id":"https:\/\/darkamazi.site\/#\/schema\/person\/67986a95ac546c16760365877ef4a9d3","name":"darka mazi","sameAs":["https:\/\/darkamazi.site"],"url":"https:\/\/darkamazi.site\/archives\/author\/turkish"}]}},"_links":{"self":[{"href":"https:\/\/darkamazi.site\/funavuv\/wp\/v2\/posts\/1037966","targetHints":{"allow":["GET"]}}],"collection":[{"href":"https:\/\/darkamazi.site\/funavuv\/wp\/v2\/posts"}],"about":[{"href":"https:\/\/darkamazi.site\/funavuv\/wp\/v2\/types\/post"}],"author":[{"embeddable":true,"href":"https:\/\/darkamazi.site\/funavuv\/wp\/v2\/users\/2"}],"replies":[{"embeddable":true,"href":"https:\/\/darkamazi.site\/funavuv\/wp\/v2\/comments?post=1037966"}],"version-history":[{"count":0,"href":"https:\/\/darkamazi.site\/funavuv\/wp\/v2\/posts\/1037966\/revisions"}],"wp:featuredmedia":[{"embeddable":true,"href":"https:\/\/darkamazi.site\/funavuv\/wp\/v2\/media\/1037967"}],"wp:attachment":[{"href":"https:\/\/darkamazi.site\/funavuv\/wp\/v2\/media?parent=1037966"}],"wp:term":[{"taxonomy":"category","embeddable":true,"href":"https:\/\/darkamazi.site\/funavuv\/wp\/v2\/categories?post=1037966"},{"taxonomy":"post_tag","embeddable":true,"href":"https:\/\/darkamazi.site\/funavuv\/wp\/v2\/tags?post=1037966"}],"curies":[{"name":"wp","href":"https:\/\/api.w.org\/{rel}","templated":true}]}}