{"id":1037970,"date":"2026-04-28T17:03:54","date_gmt":"2026-04-28T14:03:54","guid":{"rendered":"https:\/\/darkamazi.site\/?p=1037970"},"modified":"2026-04-28T17:03:54","modified_gmt":"2026-04-28T14:03:54","slug":"ynknin-kerkukteki-valilik-ihanetinin-sonuclarini-devlet-bahceli-itiraf-etti-kerkukte-yeni-bir-duzen-kuruluyor","status":"publish","type":"post","link":"https:\/\/darkamazi.site\/archives\/1037970","title":{"rendered":"YNK\u2019nin Kerk\u00fck\u2019teki valilik ihanetinin sonu\u00e7lar\u0131n\u0131 Devlet Bah\u00e7eli itiraf etti: Kerk\u00fck\u2019te yeni bir d\u00fczen kuruluyor"},"content":{"rendered":"<p style=\"text-align: justify;\">17 Nisan g\u00fcn\u00fc Kerk\u00fck\u2019te ger\u00e7ekle\u015fen valili\u011fin T\u00fcrkmen bir valiye b\u0131rak\u0131lmas\u0131 olay\u0131n\u0131n K\u00fcrtler a\u00e7\u0131s\u0131ndan yarataca\u011f\u0131 olumsuz sonu\u00e7lar yava\u015f yava\u015f ortaya \u00e7\u0131k\u0131yor.<\/p>\n<p style=\"text-align: justify;\">YNK lideri Bafil Talabani Irak Cumhurba\u015fkanl\u0131\u011f\u0131 ve Kerk\u00fck Valili\u011fi i\u00e7in yapt\u0131\u011f\u0131 gizli ittifaklar K\u00fcrtlerin co\u011frafik s\u0131n\u0131rlar\u0131n\u0131 tehlikeye atan bir d\u00f6nemi ba\u015flatt\u0131. \u00d6zellikle Kerk\u00fck valili\u011finin T\u00fcrkmenlere teslim edilmesi \u201c86 y\u0131l sonra T\u00fcrkmen Vali\u201d s\u00f6ylemine yol a\u00e7t\u0131.\u00a0 Valinin ilk icraat\u0131 ise 26 Nisan g\u00fcn\u00fc K\u00fcrt yard\u0131mc\u0131lar\u0131n yetkilerini s\u0131n\u0131rland\u0131rmas\u0131yd\u0131. Kerk\u00fck\u2019te d\u00f6nen oyunlara bir di\u011fer \u00f6nemli i\u015faret ise Devlet Bah\u00e7eli\u2019nin Kerk\u00fck konusunda yapt\u0131\u011f\u0131 a\u00e7\u0131klamalar oldu.<\/p>\n<p style=\"text-align: justify;\">\n<p style=\"text-align: justify;\">MHP Genel Ba\u015fkan\u0131 Devlet Bah\u00e7eli bug\u00fcn TBMM\u2019deki gurup toplant\u0131s\u0131nda konu\u015ftu. A\u00e7\u0131klamas\u0131nda Kerk\u00fck\u2019e \u00f6nemli bir yer veren Bah\u00e7eli \u015fu ifadeleri kulland\u0131:<\/p>\n<p style=\"text-align: justify;\">Bah\u00e7eli konu\u015fmas\u0131nda &#8220;Kerk\u00fck T\u00fcrkmenlerinin uzun s\u00fcredir maruz b\u0131rak\u0131ld\u0131\u011f\u0131 zul\u00fcm, T\u00fcrk milletinin vicdan\u0131na kaz\u0131nm\u0131\u015f, kahredici bir imtihand\u0131r. Nice T\u00fcrkmen oca\u011f\u0131 s\u00f6nd\u00fcr\u00fclm\u00fc\u015f, nice aile yurdundan edilmek istenmi\u015f, nice analar g\u00f6zya\u015f\u0131 d\u00f6km\u00fc\u015f, nice \u00e7ocuk korkuyla titremi\u015f, nice yi\u011fit bask\u0131 ve mahrumiyetle s\u0131nanm\u0131\u015ft\u0131r. T\u00fcrkmen elinde T\u00fcrkiye&#8217;nin sesini k\u0131smaya, tarihi mevcudiyeti buland\u0131rmaya, mill\u00ee kimli\u011fi zay\u0131flatmaya, kadim T\u00fcrk yurdunu siyasi oyunlar ve demografik tertiplerle \u00f6z\u00fcnden koparmaya yeltenenler olmu\u015ftur.&#8221; dedi.<\/p>\n<p style=\"text-align: justify;\">\n&#8220;Irak T\u00fcrkmen Cephesi Ba\u015fkan\u0131 Muhammed Seman A\u011fa&#8217;n\u0131n vali se\u00e7ilmesi tarihi ac\u0131lara bir nebze merhem olmu\u015f, T\u00fcrkmen iradesinin Kerk\u00fck&#8217;te yeniden g\u00f6r\u00fcn\u00fcr hale geli\u015fi bak\u0131m\u0131ndan tarihi bir d\u00f6n\u00fcm noktas\u0131d\u0131r. Kerk\u00fck, T\u00fcrkmen varl\u0131\u011f\u0131n\u0131n kadim bir par\u00e7as\u0131d\u0131r.&#8221; diyen Bah\u00e7eli, T\u00fcrk asr\u0131 vurgusunda bulundu:<\/p>\n<p style=\"text-align: justify;\">&#8220;T\u00fcrkiye ter\u00f6r belas\u0131ndan kurtulduk\u00e7a, Kerk\u00fck&#8217;te kurulan yeni d\u00fczen b\u00f6lgeye nefes ald\u0131racak. Bizim murad\u0131m\u0131z ter\u00f6rden ar\u0131nm\u0131\u015f bir T\u00fcrkiye ile huzurun ve karde\u015fli\u011fin k\u00f6k sald\u0131\u011f\u0131 bir b\u00f6lge iklimi. Biz ne Kerk\u00fck&#8217;\u00fc unuturuz ne Musul&#8217;u zihnimizden \u00e7\u0131kar\u0131r\u0131z ne de soyda\u015flar\u0131m\u0131z\u0131 sahipsiz b\u0131rak\u0131r\u0131z. Devran d\u00f6nm\u00fc\u015ft\u00fcr, as\u0131r T\u00fcrk asr\u0131d\u0131r. Kerk\u00fck&#8217;ten Do\u011fu T\u00fcrkistan&#8217;a, Karaba\u011f&#8217;dan K\u0131br\u0131s&#8217;a kadar b\u00fct\u00fcn karde\u015flerimizin yan\u0131nday\u0131z.<\/p>\n<p style=\"text-align: justify;\"><strong>Bah\u00e7eli-\u00d6calan, YNK- PKK ittifak\u0131n\u0131n sonu\u00e7lar\u0131 <\/strong><\/p>\n<p style=\"text-align: justify;\">Bafil Talabani\u2019nin Kerk\u00fck\u2019\u00fc T\u00fcrkmenlere teslim etmesinin sadece g\u00fcncel bir siyasi ittifak olmad\u0131\u011f\u0131 konusunda K\u00fcrt \u00e7evreleri neredeyse hem fikir. Mesele sadece Cumhurba\u015fkanl\u0131\u011f\u0131 deste\u011fi ile de\u011fildir. Devlet Bah\u00e7eli\u2019nin \u201cB\u00f6lgede yeni denge\u201d dedi\u011fi durum tam olarak buna i\u015faret etmektedir. Kerk\u00fck yeni bir b\u00f6lgesel duruma yol a\u00e7m\u0131\u015ft\u0131r. Ve ilerde bu durumun olumsuz etkileri daha fazla g\u00f6r\u00fclecektir.<\/p>\n<p style=\"text-align: justify;\">Burada \u00fczerinde en \u00e7ok durulmas\u0131 gereken konu Kerk\u00fck meselesinde Bah\u00e7eli ve \u00d6calan ittifak\u0131n\u0131n etkisi olup olmad\u0131\u011f\u0131d\u0131r. \u00d6calan\u2019\u0131n son bir y\u0131l i\u00e7inde PKK\u2019ye g\u00f6nderdi\u011fi mektuplarda PKK\u2019ye \u201cYNK\u2019ye daha fazla yak\u0131nla\u015f\u0131n\u201d y\u00f6n\u00fcnde g\u00f6nderdi\u011fi talimatlar bilinmektedir. PKK\u2019ye yak\u0131n \u00e7evreler \u00d6calan\u2019\u0131n YNK ile T\u00fcrk devleti aras\u0131nda bir ili\u015fki kurulmas\u0131 i\u00e7in \u00d6calan\u2019\u0131n \u00e7aba i\u00e7inde oldu\u011funu belirtiyor. PKK, \u00e7evrelerine g\u00f6re \u00d6calan T\u00fcrk devletine \u201cErbil\u2019in b\u00fcy\u00fcy\u00fcp K\u00fcrt kimli\u011fi \u00f6ne \u00e7\u0131kan bir yap\u0131 olmas\u0131n\u0131 engellemek i\u00e7in YNK\u2019nin desteklenmesi\u201d y\u00f6n\u00fcnde g\u00f6r\u00fc\u015f belirtti.<\/p>\n<p style=\"text-align: justify;\">\u00d6calan\u2019\u0131n 1999 y\u0131l\u0131nda \u0130mral\u0131\u2019ya ilk gitti\u011fi zamanlar T\u00fcrk devletine \u201cErbil Plan\u0131\u201d ba\u015fl\u0131kl\u0131 bir proje sundu\u011fu biliniyor. Bu projede \u00d6calan \u201cT\u00fcrk devletinin gizli deste\u011fi ile Erbil\u2019i Talabani ve Barzanilerin elinden almay\u0131 \u00f6nerdi\u011fi, bu konuda da Erbil\u2019deki T\u00fcrkmenlerinde kendilerine destek olabilece\u011fini\u201d s\u00f6ylemi\u015fti. \u015eimdi ise Erbil plan\u0131n\u0131n yerine \u201cKerk\u00fck Plan\u0131\u2019n\u0131\u201d devreye kondu\u011fu y\u00f6n\u00fcnde \u00f6nemli kan\u0131tlar var. \u00d6calan\u2019\u0131n Rojava\u2019da T\u00fcrk etkinli\u011fini sa\u011flad\u0131\u011f\u0131 gibi bu kez de Kerk\u00fck\u2019tde T\u00fcrk devletinin etkinli\u011fini g\u00fc\u00e7lendirmek i\u00e7in PKK ile ortak hareket etti\u011fi ve bu ittifaka YNK\u2019nin de dahil edildi\u011fi g\u00f6r\u00fcl\u00fcyor.<\/p>\n<p style=\"text-align: justify;\">Kerk\u00fck\u2019teki durumun arkas\u0131nda YNK\u2019nin sadece \u015eii Irak rejimi ve \u0130ran ile yapt\u0131\u011f\u0131 bir ittifak yoktur. Asl\u0131nda Kerk\u00fck\u2019te \u015eiiler-T\u00fcrk miliye\u00e7ileri- \u00d6calan-PKK-YNK gibir bir \u015fer be\u015flisinin ortak olarak K\u00fcrtleri bloke etme karar\u0131 vard\u0131r. Bu durumun yaratt\u0131\u011f\u0131 sonu\u00e7lar \u00f6n\u00fcm\u00fczdeki d\u00f6nemde \u00e7ok daha net g\u00f6r\u00fclecektir.<\/p>\n","protected":false},"excerpt":{"rendered":"<p>17 Nisan g\u00fcn\u00fc Kerk\u00fck\u2019te ger\u00e7ekle\u015fen valili\u011fin T\u00fcrkmen bir valiye b\u0131rak\u0131lmas\u0131 olay\u0131n\u0131n K\u00fcrtler a\u00e7\u0131s\u0131ndan yarataca\u011f\u0131 olumsuz sonu\u00e7lar yava\u015f yava\u015f ortaya \u00e7\u0131k\u0131yor. YNK lideri Bafil Talabani Irak Cumhurba\u015fkanl\u0131\u011f\u0131 ve Kerk\u00fck Valili\u011fi i\u00e7in yapt\u0131\u011f\u0131 gizli ittifaklar K\u00fcrtlerin co\u011frafik s\u0131n\u0131rlar\u0131n\u0131 tehlikeye atan bir d\u00f6nemi ba\u015flatt\u0131. \u00d6zellikle Kerk\u00fck valili\u011finin T\u00fcrkmenlere teslim edilmesi \u201c86 y\u0131l sonra T\u00fcrkmen Vali\u201d s\u00f6ylemine yol a\u00e7t\u0131.\u00a0 [&hellip;]<\/p>\n","protected":false},"author":2,"featured_media":1037971,"comment_status":"closed","ping_status":"closed","sticky":false,"template":"","format":"standard","meta":{"footnotes":""},"categories":[3],"tags":[31],"class_list":["post-1037970","post","type-post","status-publish","format-standard","has-post-thumbnail","hentry","category-kurdistan","tag-onemli"],"blocksy_meta":[],"seo_head":"<!-- This site is optimized with the Yoast SEO plugin v27.5 - https:\/\/yoast.com\/product\/yoast-seo-wordpress\/ -->\n<title>YNK\u2019nin Kerk\u00fck\u2019teki valilik ihanetinin sonu\u00e7lar\u0131n\u0131 Devlet Bah\u00e7eli itiraf etti: Kerk\u00fck\u2019te yeni bir d\u00fczen kuruluyor - Darka Mazi<\/title>\n<meta name=\"robots\" content=\"index, follow, max-snippet:-1, max-image-preview:large, max-video-preview:-1\" \/>\n<link rel=\"canonical\" href=\"https:\/\/darkamazi.site\/archives\/1037970\" \/>\n<meta property=\"og:locale\" content=\"en_US\" \/>\n<meta property=\"og:type\" content=\"article\" \/>\n<meta property=\"og:title\" content=\"YNK\u2019nin Kerk\u00fck\u2019teki valilik ihanetinin sonu\u00e7lar\u0131n\u0131 Devlet Bah\u00e7eli itiraf etti: Kerk\u00fck\u2019te yeni bir d\u00fczen kuruluyor - Darka Mazi\" \/>\n<meta property=\"og:description\" content=\"17 Nisan g\u00fcn\u00fc Kerk\u00fck\u2019te ger\u00e7ekle\u015fen valili\u011fin T\u00fcrkmen bir valiye b\u0131rak\u0131lmas\u0131 olay\u0131n\u0131n K\u00fcrtler a\u00e7\u0131s\u0131ndan yarataca\u011f\u0131 olumsuz sonu\u00e7lar yava\u015f yava\u015f ortaya \u00e7\u0131k\u0131yor. YNK lideri Bafil Talabani Irak Cumhurba\u015fkanl\u0131\u011f\u0131 ve Kerk\u00fck Valili\u011fi i\u00e7in yapt\u0131\u011f\u0131 gizli ittifaklar K\u00fcrtlerin co\u011frafik s\u0131n\u0131rlar\u0131n\u0131 tehlikeye atan bir d\u00f6nemi ba\u015flatt\u0131. \u00d6zellikle Kerk\u00fck valili\u011finin T\u00fcrkmenlere teslim edilmesi \u201c86 y\u0131l sonra T\u00fcrkmen Vali\u201d s\u00f6ylemine yol a\u00e7t\u0131.\u00a0 [&hellip;]\" \/>\n<meta property=\"og:url\" content=\"https:\/\/darkamazi.site\/archives\/1037970\" \/>\n<meta property=\"og:site_name\" content=\"Darka Mazi\" \/>\n<meta property=\"article:publisher\" content=\"https:\/\/www.facebook.com\/DarkaMaziturkce\" \/>\n<meta property=\"article:published_time\" content=\"2026-04-28T14:03:54+00:00\" \/>\n<meta property=\"og:image\" content=\"https:\/\/darkamazi.site\/file\/2026\/04\/bahceli.jpg\" \/>\n\t<meta property=\"og:image:width\" content=\"900\" \/>\n\t<meta property=\"og:image:height\" content=\"497\" \/>\n\t<meta property=\"og:image:type\" content=\"image\/jpeg\" \/>\n<meta name=\"author\" content=\"darka mazi\" \/>\n<meta name=\"twitter:card\" content=\"summary_large_image\" \/>\n<meta name=\"twitter:creator\" content=\"@DarkaMaziTurkce\" \/>\n<meta name=\"twitter:site\" content=\"@DarkaMaziTurkce\" \/>\n<meta name=\"twitter:label1\" content=\"Written by\" \/>\n\t<meta name=\"twitter:data1\" content=\"darka mazi\" \/>\n\t<meta name=\"twitter:label2\" content=\"Est. reading time\" \/>\n\t<meta name=\"twitter:data2\" content=\"3 minutes\" \/>\n<script type=\"application\/ld+json\" class=\"seo-schema-graph\">{\"@context\":\"https:\\\/\\\/schema.org\",\"@graph\":[{\"@type\":\"NewsArticle\",\"@id\":\"https:\\\/\\\/darkamazi.site\\\/archives\\\/1037970#article\",\"isPartOf\":{\"@id\":\"https:\\\/\\\/darkamazi.site\\\/archives\\\/1037970\"},\"author\":{\"name\":\"darka mazi\",\"@id\":\"https:\\\/\\\/darkamazi.site\\\/#\\\/schema\\\/person\\\/67986a95ac546c16760365877ef4a9d3\"},\"headline\":\"YNK\u2019nin Kerk\u00fck\u2019teki valilik ihanetinin sonu\u00e7lar\u0131n\u0131 Devlet Bah\u00e7eli itiraf etti: Kerk\u00fck\u2019te yeni bir d\u00fczen kuruluyor\",\"datePublished\":\"2026-04-28T14:03:54+00:00\",\"mainEntityOfPage\":{\"@id\":\"https:\\\/\\\/darkamazi.site\\\/archives\\\/1037970\"},\"wordCount\":832,\"publisher\":{\"@id\":\"https:\\\/\\\/darkamazi.site\\\/#organization\"},\"image\":{\"@id\":\"https:\\\/\\\/darkamazi.site\\\/archives\\\/1037970#primaryimage\"},\"thumbnailUrl\":\"https:\\\/\\\/darkamazi.site\\\/darka-content\\\/uploads\\\/2026\\\/04\\\/bahceli.jpg\",\"keywords\":[\"\u00f6nemli\"],\"articleSection\":[\"Kurdistan\"],\"inLanguage\":\"en-US\"},{\"@type\":\"WebPage\",\"@id\":\"https:\\\/\\\/darkamazi.site\\\/archives\\\/1037970\",\"url\":\"https:\\\/\\\/darkamazi.site\\\/archives\\\/1037970\",\"name\":\"YNK\u2019nin Kerk\u00fck\u2019teki valilik ihanetinin sonu\u00e7lar\u0131n\u0131 Devlet Bah\u00e7eli itiraf etti: Kerk\u00fck\u2019te yeni bir d\u00fczen kuruluyor - Darka Mazi\",\"isPartOf\":{\"@id\":\"https:\\\/\\\/darkamazi.site\\\/#website\"},\"primaryImageOfPage\":{\"@id\":\"https:\\\/\\\/darkamazi.site\\\/archives\\\/1037970#primaryimage\"},\"image\":{\"@id\":\"https:\\\/\\\/darkamazi.site\\\/archives\\\/1037970#primaryimage\"},\"thumbnailUrl\":\"https:\\\/\\\/darkamazi.site\\\/darka-content\\\/uploads\\\/2026\\\/04\\\/bahceli.jpg\",\"datePublished\":\"2026-04-28T14:03:54+00:00\",\"breadcrumb\":{\"@id\":\"https:\\\/\\\/darkamazi.site\\\/archives\\\/1037970#breadcrumb\"},\"inLanguage\":\"en-US\",\"potentialAction\":[{\"@type\":\"ReadAction\",\"target\":[\"https:\\\/\\\/darkamazi.site\\\/archives\\\/1037970\"]}]},{\"@type\":\"ImageObject\",\"inLanguage\":\"en-US\",\"@id\":\"https:\\\/\\\/darkamazi.site\\\/archives\\\/1037970#primaryimage\",\"url\":\"https:\\\/\\\/darkamazi.site\\\/darka-content\\\/uploads\\\/2026\\\/04\\\/bahceli.jpg\",\"contentUrl\":\"https:\\\/\\\/darkamazi.site\\\/darka-content\\\/uploads\\\/2026\\\/04\\\/bahceli.jpg\",\"width\":900,\"height\":497,\"caption\":\"YNK\u2019nin Kerk\u00fck\u2019teki valilik ihanetinin sonu\u00e7lar\u0131n\u0131 Devlet Bah\u00e7eli itiraf etti: Kerk\u00fck\u2019te yeni bir d\u00fczen kuruluyor\"},{\"@type\":\"BreadcrumbList\",\"@id\":\"https:\\\/\\\/darkamazi.site\\\/archives\\\/1037970#breadcrumb\",\"itemListElement\":[{\"@type\":\"ListItem\",\"position\":1,\"name\":\"Home\",\"item\":\"https:\\\/\\\/darkamazi.site\\\/\"},{\"@type\":\"ListItem\",\"position\":2,\"name\":\"YNK\u2019nin Kerk\u00fck\u2019teki valilik ihanetinin sonu\u00e7lar\u0131n\u0131 Devlet Bah\u00e7eli itiraf etti: Kerk\u00fck\u2019te yeni bir d\u00fczen kuruluyor\"}]},{\"@type\":\"WebSite\",\"@id\":\"https:\\\/\\\/darkamazi.site\\\/#website\",\"url\":\"https:\\\/\\\/darkamazi.site\\\/\",\"name\":\"Darka Mazi\",\"description\":\"Ana Sayfa\",\"publisher\":{\"@id\":\"https:\\\/\\\/darkamazi.site\\\/#organization\"},\"potentialAction\":[{\"@type\":\"SearchAction\",\"target\":{\"@type\":\"EntryPoint\",\"urlTemplate\":\"https:\\\/\\\/darkamazi.site\\\/?s={search_term_string}\"},\"query-input\":{\"@type\":\"PropertyValueSpecification\",\"valueRequired\":true,\"valueName\":\"search_term_string\"}}],\"inLanguage\":\"en-US\"},{\"@type\":\"Organization\",\"@id\":\"https:\\\/\\\/darkamazi.site\\\/#organization\",\"name\":\"Darka Mazi T\u00fcrk\u00e7e\",\"alternateName\":\"Darka Mazi\",\"url\":\"https:\\\/\\\/darkamazi.site\\\/\",\"logo\":{\"@type\":\"ImageObject\",\"inLanguage\":\"en-US\",\"@id\":\"https:\\\/\\\/darkamazi.site\\\/#\\\/schema\\\/logo\\\/image\\\/\",\"url\":\"https:\\\/\\\/darkamazi.site\\\/darka-content\\\/uploads\\\/2017\\\/12\\\/darka-mazi-logo.png\",\"contentUrl\":\"https:\\\/\\\/darkamazi.site\\\/darka-content\\\/uploads\\\/2017\\\/12\\\/darka-mazi-logo.png\",\"width\":151,\"height\":75,\"caption\":\"Darka Mazi T\u00fcrk\u00e7e\"},\"image\":{\"@id\":\"https:\\\/\\\/darkamazi.site\\\/#\\\/schema\\\/logo\\\/image\\\/\"},\"sameAs\":[\"https:\\\/\\\/www.facebook.com\\\/DarkaMaziturkce\",\"https:\\\/\\\/x.com\\\/DarkaMaziTurkce\"]},{\"@type\":\"Person\",\"@id\":\"https:\\\/\\\/darkamazi.site\\\/#\\\/schema\\\/person\\\/67986a95ac546c16760365877ef4a9d3\",\"name\":\"darka mazi\",\"sameAs\":[\"https:\\\/\\\/darkamazi.site\"],\"url\":\"https:\\\/\\\/darkamazi.site\\\/archives\\\/author\\\/turkish\"}]}<\/script>\n<!-- \/ Yoast SEO plugin. -->","seo_head_json":{"title":"YNK\u2019nin Kerk\u00fck\u2019teki valilik ihanetinin sonu\u00e7lar\u0131n\u0131 Devlet Bah\u00e7eli itiraf etti: Kerk\u00fck\u2019te yeni bir d\u00fczen kuruluyor - Darka Mazi","robots":{"index":"index","follow":"follow","max-snippet":"max-snippet:-1","max-image-preview":"max-image-preview:large","max-video-preview":"max-video-preview:-1"},"canonical":"https:\/\/darkamazi.site\/archives\/1037970","og_locale":"en_US","og_type":"article","og_title":"YNK\u2019nin Kerk\u00fck\u2019teki valilik ihanetinin sonu\u00e7lar\u0131n\u0131 Devlet Bah\u00e7eli itiraf etti: Kerk\u00fck\u2019te yeni bir d\u00fczen kuruluyor - Darka Mazi","og_description":"17 Nisan g\u00fcn\u00fc Kerk\u00fck\u2019te ger\u00e7ekle\u015fen valili\u011fin T\u00fcrkmen bir valiye b\u0131rak\u0131lmas\u0131 olay\u0131n\u0131n K\u00fcrtler a\u00e7\u0131s\u0131ndan yarataca\u011f\u0131 olumsuz sonu\u00e7lar yava\u015f yava\u015f ortaya \u00e7\u0131k\u0131yor. YNK lideri Bafil Talabani Irak Cumhurba\u015fkanl\u0131\u011f\u0131 ve Kerk\u00fck Valili\u011fi i\u00e7in yapt\u0131\u011f\u0131 gizli ittifaklar K\u00fcrtlerin co\u011frafik s\u0131n\u0131rlar\u0131n\u0131 tehlikeye atan bir d\u00f6nemi ba\u015flatt\u0131. \u00d6zellikle Kerk\u00fck valili\u011finin T\u00fcrkmenlere teslim edilmesi \u201c86 y\u0131l sonra T\u00fcrkmen Vali\u201d s\u00f6ylemine yol a\u00e7t\u0131.\u00a0 [&hellip;]","og_url":"https:\/\/darkamazi.site\/archives\/1037970","og_site_name":"Darka Mazi","article_publisher":"https:\/\/www.facebook.com\/DarkaMaziturkce","article_published_time":"2026-04-28T14:03:54+00:00","og_image":[{"width":900,"height":497,"url":"https:\/\/darkamazi.site\/file\/2026\/04\/bahceli.jpg","type":"image\/jpeg"}],"author":"darka mazi","twitter_card":"summary_large_image","twitter_creator":"@DarkaMaziTurkce","twitter_site":"@DarkaMaziTurkce","twitter_misc":{"Written by":"darka mazi","Est. reading time":"3 minutes"},"schema":{"@context":"https:\/\/schema.org","@graph":[{"@type":"NewsArticle","@id":"https:\/\/darkamazi.site\/archives\/1037970#article","isPartOf":{"@id":"https:\/\/darkamazi.site\/archives\/1037970"},"author":{"name":"darka mazi","@id":"https:\/\/darkamazi.site\/#\/schema\/person\/67986a95ac546c16760365877ef4a9d3"},"headline":"YNK\u2019nin Kerk\u00fck\u2019teki valilik ihanetinin sonu\u00e7lar\u0131n\u0131 Devlet Bah\u00e7eli itiraf etti: Kerk\u00fck\u2019te yeni bir d\u00fczen kuruluyor","datePublished":"2026-04-28T14:03:54+00:00","mainEntityOfPage":{"@id":"https:\/\/darkamazi.site\/archives\/1037970"},"wordCount":832,"publisher":{"@id":"https:\/\/darkamazi.site\/#organization"},"image":{"@id":"https:\/\/darkamazi.site\/archives\/1037970#primaryimage"},"thumbnailUrl":"https:\/\/darkamazi.site\/file\/2026\/04\/bahceli.jpg","keywords":["\u00f6nemli"],"articleSection":["Kurdistan"],"inLanguage":"en-US"},{"@type":"WebPage","@id":"https:\/\/darkamazi.site\/archives\/1037970","url":"https:\/\/darkamazi.site\/archives\/1037970","name":"YNK\u2019nin Kerk\u00fck\u2019teki valilik ihanetinin sonu\u00e7lar\u0131n\u0131 Devlet Bah\u00e7eli itiraf etti: Kerk\u00fck\u2019te yeni bir d\u00fczen kuruluyor - Darka Mazi","isPartOf":{"@id":"https:\/\/darkamazi.site\/#website"},"primaryImageOfPage":{"@id":"https:\/\/darkamazi.site\/archives\/1037970#primaryimage"},"image":{"@id":"https:\/\/darkamazi.site\/archives\/1037970#primaryimage"},"thumbnailUrl":"https:\/\/darkamazi.site\/file\/2026\/04\/bahceli.jpg","datePublished":"2026-04-28T14:03:54+00:00","breadcrumb":{"@id":"https:\/\/darkamazi.site\/archives\/1037970#breadcrumb"},"inLanguage":"en-US","potentialAction":[{"@type":"ReadAction","target":["https:\/\/darkamazi.site\/archives\/1037970"]}]},{"@type":"ImageObject","inLanguage":"en-US","@id":"https:\/\/darkamazi.site\/archives\/1037970#primaryimage","url":"https:\/\/darkamazi.site\/file\/2026\/04\/bahceli.jpg","contentUrl":"https:\/\/darkamazi.site\/file\/2026\/04\/bahceli.jpg","width":900,"height":497,"caption":"YNK\u2019nin Kerk\u00fck\u2019teki valilik ihanetinin sonu\u00e7lar\u0131n\u0131 Devlet Bah\u00e7eli itiraf etti: Kerk\u00fck\u2019te yeni bir d\u00fczen kuruluyor"},{"@type":"BreadcrumbList","@id":"https:\/\/darkamazi.site\/archives\/1037970#breadcrumb","itemListElement":[{"@type":"ListItem","position":1,"name":"Home","item":"https:\/\/darkamazi.site\/"},{"@type":"ListItem","position":2,"name":"YNK\u2019nin Kerk\u00fck\u2019teki valilik ihanetinin sonu\u00e7lar\u0131n\u0131 Devlet Bah\u00e7eli itiraf etti: Kerk\u00fck\u2019te yeni bir d\u00fczen kuruluyor"}]},{"@type":"WebSite","@id":"https:\/\/darkamazi.site\/#website","url":"https:\/\/darkamazi.site\/","name":"Darka Mazi","description":"Ana Sayfa","publisher":{"@id":"https:\/\/darkamazi.site\/#organization"},"potentialAction":[{"@type":"SearchAction","target":{"@type":"EntryPoint","urlTemplate":"https:\/\/darkamazi.site\/?s={search_term_string}"},"query-input":{"@type":"PropertyValueSpecification","valueRequired":true,"valueName":"search_term_string"}}],"inLanguage":"en-US"},{"@type":"Organization","@id":"https:\/\/darkamazi.site\/#organization","name":"Darka Mazi T\u00fcrk\u00e7e","alternateName":"Darka Mazi","url":"https:\/\/darkamazi.site\/","logo":{"@type":"ImageObject","inLanguage":"en-US","@id":"https:\/\/darkamazi.site\/#\/schema\/logo\/image\/","url":"https:\/\/darkamazi.site\/file\/2017\/12\/darka-mazi-logo.png","contentUrl":"https:\/\/darkamazi.site\/file\/2017\/12\/darka-mazi-logo.png","width":151,"height":75,"caption":"Darka Mazi T\u00fcrk\u00e7e"},"image":{"@id":"https:\/\/darkamazi.site\/#\/schema\/logo\/image\/"},"sameAs":["https:\/\/www.facebook.com\/DarkaMaziturkce","https:\/\/x.com\/DarkaMaziTurkce"]},{"@type":"Person","@id":"https:\/\/darkamazi.site\/#\/schema\/person\/67986a95ac546c16760365877ef4a9d3","name":"darka mazi","sameAs":["https:\/\/darkamazi.site"],"url":"https:\/\/darkamazi.site\/archives\/author\/turkish"}]}},"_links":{"self":[{"href":"https:\/\/darkamazi.site\/funavuv\/wp\/v2\/posts\/1037970","targetHints":{"allow":["GET"]}}],"collection":[{"href":"https:\/\/darkamazi.site\/funavuv\/wp\/v2\/posts"}],"about":[{"href":"https:\/\/darkamazi.site\/funavuv\/wp\/v2\/types\/post"}],"author":[{"embeddable":true,"href":"https:\/\/darkamazi.site\/funavuv\/wp\/v2\/users\/2"}],"replies":[{"embeddable":true,"href":"https:\/\/darkamazi.site\/funavuv\/wp\/v2\/comments?post=1037970"}],"version-history":[{"count":1,"href":"https:\/\/darkamazi.site\/funavuv\/wp\/v2\/posts\/1037970\/revisions"}],"predecessor-version":[{"id":1037972,"href":"https:\/\/darkamazi.site\/funavuv\/wp\/v2\/posts\/1037970\/revisions\/1037972"}],"wp:featuredmedia":[{"embeddable":true,"href":"https:\/\/darkamazi.site\/funavuv\/wp\/v2\/media\/1037971"}],"wp:attachment":[{"href":"https:\/\/darkamazi.site\/funavuv\/wp\/v2\/media?parent=1037970"}],"wp:term":[{"taxonomy":"category","embeddable":true,"href":"https:\/\/darkamazi.site\/funavuv\/wp\/v2\/categories?post=1037970"},{"taxonomy":"post_tag","embeddable":true,"href":"https:\/\/darkamazi.site\/funavuv\/wp\/v2\/tags?post=1037970"}],"curies":[{"name":"wp","href":"https:\/\/api.w.org\/{rel}","templated":true}]}}