{"id":1037980,"date":"2026-04-29T20:42:26","date_gmt":"2026-04-29T17:42:26","guid":{"rendered":"https:\/\/darkamazi.site\/?p=1037980"},"modified":"2026-04-29T20:42:26","modified_gmt":"2026-04-29T17:42:26","slug":"kurdistan-bolge-baskani-necirvan-barzani-resmi-temaslar-icin-baede-bolgesel-istikrar-masada","status":"publish","type":"post","link":"https:\/\/darkamazi.site\/archives\/1037980","title":{"rendered":"K\u00fcrdistan B\u00f6lge Ba\u015fkan&#8217;\u0131 Ne\u00e7irvan Barzani resmi temaslar i\u00e7in BAE\u2019de: B\u00f6lgesel istikrar masada"},"content":{"rendered":"<p style=\"text-align: justify;\">K\u00fcrdistan B\u00f6lgesi Ba\u015fkan\u0131 Ne\u00e7irvan Barzani, resmi temaslarda bulunmak \u00fczere Birle\u015fik Arap Emirlikleri&#8217;ne (BAE) gitti.<\/p>\n<p style=\"text-align: justify;\">Ba\u015fkan Ne\u00e7irvan Barzani&#8217;nin ziyareti kapsam\u0131nda BAE Devlet Ba\u015fkan\u0131 Muhammed bin Zayid ile b\u00f6lgedeki hassas dengeleri g\u00f6r\u00fc\u015fmesi bekleniyor.<\/p>\n<p style=\"text-align: justify;\">K\u00fcrdistan B\u00f6lgesi Ba\u015fkanl\u0131\u011f\u0131 taraf\u0131ndan yap\u0131lan resmi a\u00e7\u0131klamada, g\u00f6r\u00fc\u015fmenin i\u00e7eri\u011fine dair \u00f6nemli bilgiler payla\u015f\u0131ld\u0131.<\/p>\n<p style=\"text-align: justify;\">\u00a0Ziyaretin en \u00f6nemli aya\u011f\u0131n\u0131, Ne\u00e7irvan Barzani ile BAE Devlet Ba\u015fkan\u0131 \u015eeyh Muhammed bin Zayid Al Nahyan aras\u0131nda ger\u00e7ekle\u015fecek olan ikili g\u00f6r\u00fc\u015fme olu\u015fturuyor.<\/p>\n<p style=\"text-align: justify;\"><strong>G\u00fcndem: B\u00f6lgesel istikrar ve i\u015fbirli\u011fi<\/strong><\/p>\n<p style=\"text-align: justify;\">A\u00e7\u0131klamaya g\u00f6re liderler; BAE&#8217;nin hem Irak hem de K\u00fcrdistan B\u00f6lgesi ile olan ekonomik ve diplomatik ili\u015fkilerinin daha ileri bir seviyeye ta\u015f\u0131nmas\u0131n\u0131 ele alacak.<\/p>\n<p style=\"text-align: justify;\">\u00a0Ayr\u0131ca, Ortado\u011fu\u2019nun i\u00e7inden ge\u00e7ti\u011fi mevcut hassas s\u00fcre\u00e7 ve b\u00f6lgesel istikrar\u0131 ilgilendiren ortak g\u00fcvenlik konular\u0131n\u0131n isti\u015fare edilmesi bekleniyor.<\/p>\n<p style=\"text-align: justify;\"><strong>Stratejik ortakl\u0131k vurgusu<\/strong><\/p>\n<p style=\"text-align: justify;\">\u00a0K\u00fcrdistan B\u00f6lgesi Ba\u015fkan\u0131 Barzani ile BAE Devlet Ba\u015fkan\u0131 Al Nahyan aras\u0131nda uzun y\u0131llara dayanan g\u00fc\u00e7l\u00fc bir ki\u015fisel ve diplomatik ba\u011f bulunuyor.<\/p>\n","protected":false},"excerpt":{"rendered":"<p>K\u00fcrdistan B\u00f6lgesi Ba\u015fkan\u0131 Ne\u00e7irvan Barzani, resmi temaslarda bulunmak \u00fczere Birle\u015fik Arap Emirlikleri&#8217;ne (BAE) gitti. Ba\u015fkan Ne\u00e7irvan Barzani&#8217;nin ziyareti kapsam\u0131nda BAE Devlet Ba\u015fkan\u0131 Muhammed bin Zayid ile b\u00f6lgedeki hassas dengeleri g\u00f6r\u00fc\u015fmesi bekleniyor. K\u00fcrdistan B\u00f6lgesi Ba\u015fkanl\u0131\u011f\u0131 taraf\u0131ndan yap\u0131lan resmi a\u00e7\u0131klamada, g\u00f6r\u00fc\u015fmenin i\u00e7eri\u011fine dair \u00f6nemli bilgiler payla\u015f\u0131ld\u0131. \u00a0Ziyaretin en \u00f6nemli aya\u011f\u0131n\u0131, Ne\u00e7irvan Barzani ile BAE Devlet Ba\u015fkan\u0131 \u015eeyh [&hellip;]<\/p>\n","protected":false},"author":2,"featured_media":1037981,"comment_status":"closed","ping_status":"closed","sticky":false,"template":"","format":"standard","meta":{"footnotes":""},"categories":[3],"tags":[31],"class_list":["post-1037980","post","type-post","status-publish","format-standard","has-post-thumbnail","hentry","category-kurdistan","tag-onemli"],"blocksy_meta":[],"seo_head":"<!-- This site is optimized with the Yoast SEO plugin v27.5 - https:\/\/yoast.com\/product\/yoast-seo-wordpress\/ -->\n<title>K\u00fcrdistan B\u00f6lge Ba\u015fkan&#039;\u0131 Ne\u00e7irvan Barzani resmi temaslar i\u00e7in BAE\u2019de: B\u00f6lgesel istikrar masada - Darka Mazi<\/title>\n<meta name=\"robots\" content=\"index, follow, max-snippet:-1, max-image-preview:large, max-video-preview:-1\" \/>\n<link rel=\"canonical\" href=\"https:\/\/darkamazi.site\/archives\/1037980\" \/>\n<meta property=\"og:locale\" content=\"en_US\" \/>\n<meta property=\"og:type\" content=\"article\" \/>\n<meta property=\"og:title\" content=\"K\u00fcrdistan B\u00f6lge Ba\u015fkan&#039;\u0131 Ne\u00e7irvan Barzani resmi temaslar i\u00e7in BAE\u2019de: B\u00f6lgesel istikrar masada - Darka Mazi\" \/>\n<meta property=\"og:description\" content=\"K\u00fcrdistan B\u00f6lgesi Ba\u015fkan\u0131 Ne\u00e7irvan Barzani, resmi temaslarda bulunmak \u00fczere Birle\u015fik Arap Emirlikleri&#8217;ne (BAE) gitti. Ba\u015fkan Ne\u00e7irvan Barzani&#8217;nin ziyareti kapsam\u0131nda BAE Devlet Ba\u015fkan\u0131 Muhammed bin Zayid ile b\u00f6lgedeki hassas dengeleri g\u00f6r\u00fc\u015fmesi bekleniyor. K\u00fcrdistan B\u00f6lgesi Ba\u015fkanl\u0131\u011f\u0131 taraf\u0131ndan yap\u0131lan resmi a\u00e7\u0131klamada, g\u00f6r\u00fc\u015fmenin i\u00e7eri\u011fine dair \u00f6nemli bilgiler payla\u015f\u0131ld\u0131. \u00a0Ziyaretin en \u00f6nemli aya\u011f\u0131n\u0131, Ne\u00e7irvan Barzani ile BAE Devlet Ba\u015fkan\u0131 \u015eeyh [&hellip;]\" \/>\n<meta property=\"og:url\" content=\"https:\/\/darkamazi.site\/archives\/1037980\" \/>\n<meta property=\"og:site_name\" content=\"Darka Mazi\" \/>\n<meta property=\"article:publisher\" content=\"https:\/\/www.facebook.com\/DarkaMaziturkce\" \/>\n<meta property=\"article:published_time\" content=\"2026-04-29T17:42:26+00:00\" \/>\n<meta property=\"og:image\" content=\"https:\/\/darkamazi.site\/file\/2026\/04\/Bolge-Baskani.jpg\" \/>\n\t<meta property=\"og:image:width\" content=\"1562\" \/>\n\t<meta property=\"og:image:height\" content=\"878\" \/>\n\t<meta property=\"og:image:type\" content=\"image\/jpeg\" \/>\n<meta name=\"author\" content=\"darka mazi\" \/>\n<meta name=\"twitter:card\" content=\"summary_large_image\" \/>\n<meta name=\"twitter:creator\" content=\"@DarkaMaziTurkce\" \/>\n<meta name=\"twitter:site\" content=\"@DarkaMaziTurkce\" \/>\n<meta name=\"twitter:label1\" content=\"Written by\" \/>\n\t<meta name=\"twitter:data1\" content=\"darka mazi\" \/>\n\t<meta name=\"twitter:label2\" content=\"Est. reading time\" \/>\n\t<meta name=\"twitter:data2\" content=\"1 minute\" \/>\n<script type=\"application\/ld+json\" class=\"seo-schema-graph\">{\"@context\":\"https:\\\/\\\/schema.org\",\"@graph\":[{\"@type\":\"NewsArticle\",\"@id\":\"https:\\\/\\\/darkamazi.site\\\/archives\\\/1037980#article\",\"isPartOf\":{\"@id\":\"https:\\\/\\\/darkamazi.site\\\/archives\\\/1037980\"},\"author\":{\"name\":\"darka mazi\",\"@id\":\"https:\\\/\\\/darkamazi.site\\\/#\\\/schema\\\/person\\\/67986a95ac546c16760365877ef4a9d3\"},\"headline\":\"K\u00fcrdistan B\u00f6lge Ba\u015fkan&#8217;\u0131 Ne\u00e7irvan Barzani resmi temaslar i\u00e7in BAE\u2019de: B\u00f6lgesel istikrar masada\",\"datePublished\":\"2026-04-29T17:42:26+00:00\",\"mainEntityOfPage\":{\"@id\":\"https:\\\/\\\/darkamazi.site\\\/archives\\\/1037980\"},\"wordCount\":221,\"publisher\":{\"@id\":\"https:\\\/\\\/darkamazi.site\\\/#organization\"},\"image\":{\"@id\":\"https:\\\/\\\/darkamazi.site\\\/archives\\\/1037980#primaryimage\"},\"thumbnailUrl\":\"https:\\\/\\\/darkamazi.site\\\/darka-content\\\/uploads\\\/2026\\\/04\\\/Bolge-Baskani.jpg\",\"keywords\":[\"\u00f6nemli\"],\"articleSection\":[\"Kurdistan\"],\"inLanguage\":\"en-US\"},{\"@type\":\"WebPage\",\"@id\":\"https:\\\/\\\/darkamazi.site\\\/archives\\\/1037980\",\"url\":\"https:\\\/\\\/darkamazi.site\\\/archives\\\/1037980\",\"name\":\"K\u00fcrdistan B\u00f6lge Ba\u015fkan'\u0131 Ne\u00e7irvan Barzani resmi temaslar i\u00e7in BAE\u2019de: B\u00f6lgesel istikrar masada - Darka Mazi\",\"isPartOf\":{\"@id\":\"https:\\\/\\\/darkamazi.site\\\/#website\"},\"primaryImageOfPage\":{\"@id\":\"https:\\\/\\\/darkamazi.site\\\/archives\\\/1037980#primaryimage\"},\"image\":{\"@id\":\"https:\\\/\\\/darkamazi.site\\\/archives\\\/1037980#primaryimage\"},\"thumbnailUrl\":\"https:\\\/\\\/darkamazi.site\\\/darka-content\\\/uploads\\\/2026\\\/04\\\/Bolge-Baskani.jpg\",\"datePublished\":\"2026-04-29T17:42:26+00:00\",\"breadcrumb\":{\"@id\":\"https:\\\/\\\/darkamazi.site\\\/archives\\\/1037980#breadcrumb\"},\"inLanguage\":\"en-US\",\"potentialAction\":[{\"@type\":\"ReadAction\",\"target\":[\"https:\\\/\\\/darkamazi.site\\\/archives\\\/1037980\"]}]},{\"@type\":\"ImageObject\",\"inLanguage\":\"en-US\",\"@id\":\"https:\\\/\\\/darkamazi.site\\\/archives\\\/1037980#primaryimage\",\"url\":\"https:\\\/\\\/darkamazi.site\\\/darka-content\\\/uploads\\\/2026\\\/04\\\/Bolge-Baskani.jpg\",\"contentUrl\":\"https:\\\/\\\/darkamazi.site\\\/darka-content\\\/uploads\\\/2026\\\/04\\\/Bolge-Baskani.jpg\",\"width\":1562,\"height\":878,\"caption\":\"K\u00fcrdistan B\u00f6lge Ba\u015fkan'\u0131 Ne\u00e7irvan Barzani resmi temaslar i\u00e7in BAE\u2019de: B\u00f6lgesel istikrar masada\"},{\"@type\":\"BreadcrumbList\",\"@id\":\"https:\\\/\\\/darkamazi.site\\\/archives\\\/1037980#breadcrumb\",\"itemListElement\":[{\"@type\":\"ListItem\",\"position\":1,\"name\":\"Home\",\"item\":\"https:\\\/\\\/darkamazi.site\\\/\"},{\"@type\":\"ListItem\",\"position\":2,\"name\":\"K\u00fcrdistan B\u00f6lge Ba\u015fkan&#8217;\u0131 Ne\u00e7irvan Barzani resmi temaslar i\u00e7in BAE\u2019de: B\u00f6lgesel istikrar masada\"}]},{\"@type\":\"WebSite\",\"@id\":\"https:\\\/\\\/darkamazi.site\\\/#website\",\"url\":\"https:\\\/\\\/darkamazi.site\\\/\",\"name\":\"Darka Mazi\",\"description\":\"Ana Sayfa\",\"publisher\":{\"@id\":\"https:\\\/\\\/darkamazi.site\\\/#organization\"},\"potentialAction\":[{\"@type\":\"SearchAction\",\"target\":{\"@type\":\"EntryPoint\",\"urlTemplate\":\"https:\\\/\\\/darkamazi.site\\\/?s={search_term_string}\"},\"query-input\":{\"@type\":\"PropertyValueSpecification\",\"valueRequired\":true,\"valueName\":\"search_term_string\"}}],\"inLanguage\":\"en-US\"},{\"@type\":\"Organization\",\"@id\":\"https:\\\/\\\/darkamazi.site\\\/#organization\",\"name\":\"Darka Mazi T\u00fcrk\u00e7e\",\"alternateName\":\"Darka Mazi\",\"url\":\"https:\\\/\\\/darkamazi.site\\\/\",\"logo\":{\"@type\":\"ImageObject\",\"inLanguage\":\"en-US\",\"@id\":\"https:\\\/\\\/darkamazi.site\\\/#\\\/schema\\\/logo\\\/image\\\/\",\"url\":\"https:\\\/\\\/darkamazi.site\\\/darka-content\\\/uploads\\\/2017\\\/12\\\/darka-mazi-logo.png\",\"contentUrl\":\"https:\\\/\\\/darkamazi.site\\\/darka-content\\\/uploads\\\/2017\\\/12\\\/darka-mazi-logo.png\",\"width\":151,\"height\":75,\"caption\":\"Darka Mazi T\u00fcrk\u00e7e\"},\"image\":{\"@id\":\"https:\\\/\\\/darkamazi.site\\\/#\\\/schema\\\/logo\\\/image\\\/\"},\"sameAs\":[\"https:\\\/\\\/www.facebook.com\\\/DarkaMaziturkce\",\"https:\\\/\\\/x.com\\\/DarkaMaziTurkce\"]},{\"@type\":\"Person\",\"@id\":\"https:\\\/\\\/darkamazi.site\\\/#\\\/schema\\\/person\\\/67986a95ac546c16760365877ef4a9d3\",\"name\":\"darka mazi\",\"sameAs\":[\"https:\\\/\\\/darkamazi.site\"],\"url\":\"https:\\\/\\\/darkamazi.site\\\/archives\\\/author\\\/turkish\"}]}<\/script>\n<!-- \/ Yoast SEO plugin. -->","seo_head_json":{"title":"K\u00fcrdistan B\u00f6lge Ba\u015fkan'\u0131 Ne\u00e7irvan Barzani resmi temaslar i\u00e7in BAE\u2019de: B\u00f6lgesel istikrar masada - Darka Mazi","robots":{"index":"index","follow":"follow","max-snippet":"max-snippet:-1","max-image-preview":"max-image-preview:large","max-video-preview":"max-video-preview:-1"},"canonical":"https:\/\/darkamazi.site\/archives\/1037980","og_locale":"en_US","og_type":"article","og_title":"K\u00fcrdistan B\u00f6lge Ba\u015fkan'\u0131 Ne\u00e7irvan Barzani resmi temaslar i\u00e7in BAE\u2019de: B\u00f6lgesel istikrar masada - Darka Mazi","og_description":"K\u00fcrdistan B\u00f6lgesi Ba\u015fkan\u0131 Ne\u00e7irvan Barzani, resmi temaslarda bulunmak \u00fczere Birle\u015fik Arap Emirlikleri&#8217;ne (BAE) gitti. Ba\u015fkan Ne\u00e7irvan Barzani&#8217;nin ziyareti kapsam\u0131nda BAE Devlet Ba\u015fkan\u0131 Muhammed bin Zayid ile b\u00f6lgedeki hassas dengeleri g\u00f6r\u00fc\u015fmesi bekleniyor. K\u00fcrdistan B\u00f6lgesi Ba\u015fkanl\u0131\u011f\u0131 taraf\u0131ndan yap\u0131lan resmi a\u00e7\u0131klamada, g\u00f6r\u00fc\u015fmenin i\u00e7eri\u011fine dair \u00f6nemli bilgiler payla\u015f\u0131ld\u0131. \u00a0Ziyaretin en \u00f6nemli aya\u011f\u0131n\u0131, Ne\u00e7irvan Barzani ile BAE Devlet Ba\u015fkan\u0131 \u015eeyh [&hellip;]","og_url":"https:\/\/darkamazi.site\/archives\/1037980","og_site_name":"Darka Mazi","article_publisher":"https:\/\/www.facebook.com\/DarkaMaziturkce","article_published_time":"2026-04-29T17:42:26+00:00","og_image":[{"width":1562,"height":878,"url":"https:\/\/darkamazi.site\/file\/2026\/04\/Bolge-Baskani.jpg","type":"image\/jpeg"}],"author":"darka mazi","twitter_card":"summary_large_image","twitter_creator":"@DarkaMaziTurkce","twitter_site":"@DarkaMaziTurkce","twitter_misc":{"Written by":"darka mazi","Est. reading time":"1 minute"},"schema":{"@context":"https:\/\/schema.org","@graph":[{"@type":"NewsArticle","@id":"https:\/\/darkamazi.site\/archives\/1037980#article","isPartOf":{"@id":"https:\/\/darkamazi.site\/archives\/1037980"},"author":{"name":"darka mazi","@id":"https:\/\/darkamazi.site\/#\/schema\/person\/67986a95ac546c16760365877ef4a9d3"},"headline":"K\u00fcrdistan B\u00f6lge Ba\u015fkan&#8217;\u0131 Ne\u00e7irvan Barzani resmi temaslar i\u00e7in BAE\u2019de: B\u00f6lgesel istikrar masada","datePublished":"2026-04-29T17:42:26+00:00","mainEntityOfPage":{"@id":"https:\/\/darkamazi.site\/archives\/1037980"},"wordCount":221,"publisher":{"@id":"https:\/\/darkamazi.site\/#organization"},"image":{"@id":"https:\/\/darkamazi.site\/archives\/1037980#primaryimage"},"thumbnailUrl":"https:\/\/darkamazi.site\/file\/2026\/04\/Bolge-Baskani.jpg","keywords":["\u00f6nemli"],"articleSection":["Kurdistan"],"inLanguage":"en-US"},{"@type":"WebPage","@id":"https:\/\/darkamazi.site\/archives\/1037980","url":"https:\/\/darkamazi.site\/archives\/1037980","name":"K\u00fcrdistan B\u00f6lge Ba\u015fkan'\u0131 Ne\u00e7irvan Barzani resmi temaslar i\u00e7in BAE\u2019de: B\u00f6lgesel istikrar masada - Darka Mazi","isPartOf":{"@id":"https:\/\/darkamazi.site\/#website"},"primaryImageOfPage":{"@id":"https:\/\/darkamazi.site\/archives\/1037980#primaryimage"},"image":{"@id":"https:\/\/darkamazi.site\/archives\/1037980#primaryimage"},"thumbnailUrl":"https:\/\/darkamazi.site\/file\/2026\/04\/Bolge-Baskani.jpg","datePublished":"2026-04-29T17:42:26+00:00","breadcrumb":{"@id":"https:\/\/darkamazi.site\/archives\/1037980#breadcrumb"},"inLanguage":"en-US","potentialAction":[{"@type":"ReadAction","target":["https:\/\/darkamazi.site\/archives\/1037980"]}]},{"@type":"ImageObject","inLanguage":"en-US","@id":"https:\/\/darkamazi.site\/archives\/1037980#primaryimage","url":"https:\/\/darkamazi.site\/file\/2026\/04\/Bolge-Baskani.jpg","contentUrl":"https:\/\/darkamazi.site\/file\/2026\/04\/Bolge-Baskani.jpg","width":1562,"height":878,"caption":"K\u00fcrdistan B\u00f6lge Ba\u015fkan'\u0131 Ne\u00e7irvan Barzani resmi temaslar i\u00e7in BAE\u2019de: B\u00f6lgesel istikrar masada"},{"@type":"BreadcrumbList","@id":"https:\/\/darkamazi.site\/archives\/1037980#breadcrumb","itemListElement":[{"@type":"ListItem","position":1,"name":"Home","item":"https:\/\/darkamazi.site\/"},{"@type":"ListItem","position":2,"name":"K\u00fcrdistan B\u00f6lge Ba\u015fkan&#8217;\u0131 Ne\u00e7irvan Barzani resmi temaslar i\u00e7in BAE\u2019de: B\u00f6lgesel istikrar masada"}]},{"@type":"WebSite","@id":"https:\/\/darkamazi.site\/#website","url":"https:\/\/darkamazi.site\/","name":"Darka Mazi","description":"Ana Sayfa","publisher":{"@id":"https:\/\/darkamazi.site\/#organization"},"potentialAction":[{"@type":"SearchAction","target":{"@type":"EntryPoint","urlTemplate":"https:\/\/darkamazi.site\/?s={search_term_string}"},"query-input":{"@type":"PropertyValueSpecification","valueRequired":true,"valueName":"search_term_string"}}],"inLanguage":"en-US"},{"@type":"Organization","@id":"https:\/\/darkamazi.site\/#organization","name":"Darka Mazi T\u00fcrk\u00e7e","alternateName":"Darka Mazi","url":"https:\/\/darkamazi.site\/","logo":{"@type":"ImageObject","inLanguage":"en-US","@id":"https:\/\/darkamazi.site\/#\/schema\/logo\/image\/","url":"https:\/\/darkamazi.site\/file\/2017\/12\/darka-mazi-logo.png","contentUrl":"https:\/\/darkamazi.site\/file\/2017\/12\/darka-mazi-logo.png","width":151,"height":75,"caption":"Darka Mazi T\u00fcrk\u00e7e"},"image":{"@id":"https:\/\/darkamazi.site\/#\/schema\/logo\/image\/"},"sameAs":["https:\/\/www.facebook.com\/DarkaMaziturkce","https:\/\/x.com\/DarkaMaziTurkce"]},{"@type":"Person","@id":"https:\/\/darkamazi.site\/#\/schema\/person\/67986a95ac546c16760365877ef4a9d3","name":"darka mazi","sameAs":["https:\/\/darkamazi.site"],"url":"https:\/\/darkamazi.site\/archives\/author\/turkish"}]}},"_links":{"self":[{"href":"https:\/\/darkamazi.site\/funavuv\/wp\/v2\/posts\/1037980","targetHints":{"allow":["GET"]}}],"collection":[{"href":"https:\/\/darkamazi.site\/funavuv\/wp\/v2\/posts"}],"about":[{"href":"https:\/\/darkamazi.site\/funavuv\/wp\/v2\/types\/post"}],"author":[{"embeddable":true,"href":"https:\/\/darkamazi.site\/funavuv\/wp\/v2\/users\/2"}],"replies":[{"embeddable":true,"href":"https:\/\/darkamazi.site\/funavuv\/wp\/v2\/comments?post=1037980"}],"version-history":[{"count":1,"href":"https:\/\/darkamazi.site\/funavuv\/wp\/v2\/posts\/1037980\/revisions"}],"predecessor-version":[{"id":1037982,"href":"https:\/\/darkamazi.site\/funavuv\/wp\/v2\/posts\/1037980\/revisions\/1037982"}],"wp:featuredmedia":[{"embeddable":true,"href":"https:\/\/darkamazi.site\/funavuv\/wp\/v2\/media\/1037981"}],"wp:attachment":[{"href":"https:\/\/darkamazi.site\/funavuv\/wp\/v2\/media?parent=1037980"}],"wp:term":[{"taxonomy":"category","embeddable":true,"href":"https:\/\/darkamazi.site\/funavuv\/wp\/v2\/categories?post=1037980"},{"taxonomy":"post_tag","embeddable":true,"href":"https:\/\/darkamazi.site\/funavuv\/wp\/v2\/tags?post=1037980"}],"curies":[{"name":"wp","href":"https:\/\/api.w.org\/{rel}","templated":true}]}}