{"id":1037992,"date":"2026-04-29T21:16:26","date_gmt":"2026-04-29T18:16:26","guid":{"rendered":"https:\/\/darkamazi.site\/?p=1037992"},"modified":"2026-04-29T21:16:26","modified_gmt":"2026-04-29T18:16:26","slug":"irak-anti-drone-sistemi-kuruyor-kurdistan-bolgesi-kapsam-disi","status":"publish","type":"post","link":"https:\/\/darkamazi.site\/archives\/1037992","title":{"rendered":"Irak anti-drone sistemi kuruyor: K\u00fcrdistan B\u00f6lgesi kapsam d\u0131\u015f\u0131"},"content":{"rendered":"<p class=\"post-summary\">Irak \u0130\u00e7i\u015fleri Bakan\u0131 Abd\u00fclemir \u015eammari, bakanl\u0131\u011fa ba\u011fl\u0131 stratejik tesisleri korumak amac\u0131yla geli\u015fmi\u015f &#8220;anti-drone&#8221; (\u0130HA savar) sistemleri sat\u0131n almak i\u00e7in s\u00f6zle\u015fme imzalad\u0131klar\u0131n\u0131 a\u00e7\u0131klad\u0131. \u015eammari, bu sistemlerin sadece federal kurumlarda kullan\u0131laca\u011f\u0131n\u0131, K\u00fcrdistan B\u00f6lgesi\u2019ni kapsamad\u0131\u011f\u0131n\u0131 belirtti.<\/p>\n<p style=\"font-weight: 400;\">R\u00fbdaw\u2019a konu\u015fan Bakan \u015eammari, drone tehdidine kar\u015f\u0131 savunma kapasitelerini art\u0131rd\u0131klar\u0131n\u0131 s\u00f6yledi.<\/p>\n<p style=\"font-weight: 400;\">\u015eammari, &#8220;Irak Sava\u015f End\u00fcstrisi Heyeti ile geli\u015fmi\u015f anti-drone sistemlerinin tedariki i\u00e7in resmi s\u00f6zle\u015fme imzalad\u0131k. Bu sistemler, \u0130\u00e7i\u015fleri Bakanl\u0131\u011f\u0131\u2019na ba\u011fl\u0131 kritik binalar\u0131 ve tesisleri olas\u0131 hava sald\u0131r\u0131lar\u0131na kar\u015f\u0131 koruyacak&#8221; dedi.<\/p>\n<p style=\"font-weight: 400;\"><b><strong>K\u00fcrdistan B\u00f6lgesi neden kapsam d\u0131\u015f\u0131?<\/strong><\/b><\/p>\n<p style=\"font-weight: 400;\">S\u00f6z konusu sistemlerin uygulanma alan\u0131 konusunda, daha \u00f6nce yap\u0131lan resmi a\u00e7\u0131klamalarla \u00e7eli\u015fen bir detay \u00f6ne \u00e7\u0131kt\u0131.<\/p>\n<p style=\"font-weight: 400;\">10 Mart\u2019ta Irak Silahl\u0131 Kuvvetler Genel Komutanl\u0131\u011f\u0131 S\u00f6zc\u00fcs\u00fc Sabah Numan, sistemlerin K\u00fcrdistan B\u00f6lgesi\u2019ni de kapsayaca\u011f\u0131n\u0131 ifade etmi\u015fti.<\/p>\n<p style=\"font-weight: 400;\">Ancak Bakan \u015eammari bu bilgi hakk\u0131nda, &#8220;Bu sistemler \u0130\u00e7i\u015fleri Bakanl\u0131\u011f\u0131 kurumlar\u0131 i\u00e7indir ve K\u00fcrdistan B\u00f6lgesi\u2019ni kapsamamaktad\u0131r. K\u00fcrdistan B\u00f6lgesi\u2019nin hava savunma sistemini sa\u011flama g\u00f6revi do\u011frudan Savunma Bakanl\u0131\u011f\u0131\u2019n\u0131n sorumlulu\u011fundad\u0131r&#8221; ifadelerini kulland\u0131.<\/p>\n","protected":false},"excerpt":{"rendered":"<p>Irak \u0130\u00e7i\u015fleri Bakan\u0131 Abd\u00fclemir \u015eammari, bakanl\u0131\u011fa ba\u011fl\u0131 stratejik tesisleri korumak amac\u0131yla geli\u015fmi\u015f &#8220;anti-drone&#8221; (\u0130HA savar) sistemleri sat\u0131n almak i\u00e7in s\u00f6zle\u015fme imzalad\u0131klar\u0131n\u0131 a\u00e7\u0131klad\u0131. \u015eammari, bu sistemlerin sadece federal kurumlarda kullan\u0131laca\u011f\u0131n\u0131, K\u00fcrdistan B\u00f6lgesi\u2019ni kapsamad\u0131\u011f\u0131n\u0131 belirtti. R\u00fbdaw\u2019a konu\u015fan Bakan \u015eammari, drone tehdidine kar\u015f\u0131 savunma kapasitelerini art\u0131rd\u0131klar\u0131n\u0131 s\u00f6yledi. \u015eammari, &#8220;Irak Sava\u015f End\u00fcstrisi Heyeti ile geli\u015fmi\u015f anti-drone sistemlerinin tedariki i\u00e7in [&hellip;]<\/p>\n","protected":false},"author":2,"featured_media":1037993,"comment_status":"closed","ping_status":"closed","sticky":false,"template":"","format":"standard","meta":{"footnotes":""},"categories":[29],"tags":[],"class_list":["post-1037992","post","type-post","status-publish","format-standard","has-post-thumbnail","hentry","category-ortadogu"],"blocksy_meta":[],"seo_head":"<!-- This site is optimized with the Yoast SEO plugin v27.5 - https:\/\/yoast.com\/product\/yoast-seo-wordpress\/ -->\n<title>Irak anti-drone sistemi kuruyor: K\u00fcrdistan B\u00f6lgesi kapsam d\u0131\u015f\u0131 - Darka Mazi<\/title>\n<meta name=\"robots\" content=\"index, follow, max-snippet:-1, max-image-preview:large, max-video-preview:-1\" \/>\n<link rel=\"canonical\" href=\"https:\/\/darkamazi.site\/archives\/1037992\" \/>\n<meta property=\"og:locale\" content=\"en_US\" \/>\n<meta property=\"og:type\" content=\"article\" \/>\n<meta property=\"og:title\" content=\"Irak anti-drone sistemi kuruyor: K\u00fcrdistan B\u00f6lgesi kapsam d\u0131\u015f\u0131 - Darka Mazi\" \/>\n<meta property=\"og:description\" content=\"Irak \u0130\u00e7i\u015fleri Bakan\u0131 Abd\u00fclemir \u015eammari, bakanl\u0131\u011fa ba\u011fl\u0131 stratejik tesisleri korumak amac\u0131yla geli\u015fmi\u015f &#8220;anti-drone&#8221; (\u0130HA savar) sistemleri sat\u0131n almak i\u00e7in s\u00f6zle\u015fme imzalad\u0131klar\u0131n\u0131 a\u00e7\u0131klad\u0131. \u015eammari, bu sistemlerin sadece federal kurumlarda kullan\u0131laca\u011f\u0131n\u0131, K\u00fcrdistan B\u00f6lgesi\u2019ni kapsamad\u0131\u011f\u0131n\u0131 belirtti. R\u00fbdaw\u2019a konu\u015fan Bakan \u015eammari, drone tehdidine kar\u015f\u0131 savunma kapasitelerini art\u0131rd\u0131klar\u0131n\u0131 s\u00f6yledi. \u015eammari, &#8220;Irak Sava\u015f End\u00fcstrisi Heyeti ile geli\u015fmi\u015f anti-drone sistemlerinin tedariki i\u00e7in [&hellip;]\" \/>\n<meta property=\"og:url\" content=\"https:\/\/darkamazi.site\/archives\/1037992\" \/>\n<meta property=\"og:site_name\" content=\"Darka Mazi\" \/>\n<meta property=\"article:publisher\" content=\"https:\/\/www.facebook.com\/DarkaMaziturkce\" \/>\n<meta property=\"article:published_time\" content=\"2026-04-29T18:16:26+00:00\" \/>\n<meta property=\"og:image\" content=\"https:\/\/darkamazi.site\/file\/2026\/04\/Sammari.jpg\" \/>\n\t<meta property=\"og:image:width\" content=\"946\" \/>\n\t<meta property=\"og:image:height\" content=\"532\" \/>\n\t<meta property=\"og:image:type\" content=\"image\/jpeg\" \/>\n<meta name=\"author\" content=\"darka mazi\" \/>\n<meta name=\"twitter:card\" content=\"summary_large_image\" \/>\n<meta name=\"twitter:creator\" content=\"@DarkaMaziTurkce\" \/>\n<meta name=\"twitter:site\" content=\"@DarkaMaziTurkce\" \/>\n<meta name=\"twitter:label1\" content=\"Written by\" \/>\n\t<meta name=\"twitter:data1\" content=\"darka mazi\" \/>\n\t<meta name=\"twitter:label2\" content=\"Est. reading time\" \/>\n\t<meta name=\"twitter:data2\" content=\"1 minute\" \/>\n<script type=\"application\/ld+json\" class=\"seo-schema-graph\">{\"@context\":\"https:\\\/\\\/schema.org\",\"@graph\":[{\"@type\":\"NewsArticle\",\"@id\":\"https:\\\/\\\/darkamazi.site\\\/archives\\\/1037992#article\",\"isPartOf\":{\"@id\":\"https:\\\/\\\/darkamazi.site\\\/archives\\\/1037992\"},\"author\":{\"name\":\"darka mazi\",\"@id\":\"https:\\\/\\\/darkamazi.site\\\/#\\\/schema\\\/person\\\/67986a95ac546c16760365877ef4a9d3\"},\"headline\":\"Irak anti-drone sistemi kuruyor: K\u00fcrdistan B\u00f6lgesi kapsam d\u0131\u015f\u0131\",\"datePublished\":\"2026-04-29T18:16:26+00:00\",\"mainEntityOfPage\":{\"@id\":\"https:\\\/\\\/darkamazi.site\\\/archives\\\/1037992\"},\"wordCount\":218,\"publisher\":{\"@id\":\"https:\\\/\\\/darkamazi.site\\\/#organization\"},\"image\":{\"@id\":\"https:\\\/\\\/darkamazi.site\\\/archives\\\/1037992#primaryimage\"},\"thumbnailUrl\":\"https:\\\/\\\/darkamazi.site\\\/darka-content\\\/uploads\\\/2026\\\/04\\\/Sammari.jpg\",\"articleSection\":[\"Ortado\u011fu\"],\"inLanguage\":\"en-US\"},{\"@type\":\"WebPage\",\"@id\":\"https:\\\/\\\/darkamazi.site\\\/archives\\\/1037992\",\"url\":\"https:\\\/\\\/darkamazi.site\\\/archives\\\/1037992\",\"name\":\"Irak anti-drone sistemi kuruyor: K\u00fcrdistan B\u00f6lgesi kapsam d\u0131\u015f\u0131 - Darka Mazi\",\"isPartOf\":{\"@id\":\"https:\\\/\\\/darkamazi.site\\\/#website\"},\"primaryImageOfPage\":{\"@id\":\"https:\\\/\\\/darkamazi.site\\\/archives\\\/1037992#primaryimage\"},\"image\":{\"@id\":\"https:\\\/\\\/darkamazi.site\\\/archives\\\/1037992#primaryimage\"},\"thumbnailUrl\":\"https:\\\/\\\/darkamazi.site\\\/darka-content\\\/uploads\\\/2026\\\/04\\\/Sammari.jpg\",\"datePublished\":\"2026-04-29T18:16:26+00:00\",\"breadcrumb\":{\"@id\":\"https:\\\/\\\/darkamazi.site\\\/archives\\\/1037992#breadcrumb\"},\"inLanguage\":\"en-US\",\"potentialAction\":[{\"@type\":\"ReadAction\",\"target\":[\"https:\\\/\\\/darkamazi.site\\\/archives\\\/1037992\"]}]},{\"@type\":\"ImageObject\",\"inLanguage\":\"en-US\",\"@id\":\"https:\\\/\\\/darkamazi.site\\\/archives\\\/1037992#primaryimage\",\"url\":\"https:\\\/\\\/darkamazi.site\\\/darka-content\\\/uploads\\\/2026\\\/04\\\/Sammari.jpg\",\"contentUrl\":\"https:\\\/\\\/darkamazi.site\\\/darka-content\\\/uploads\\\/2026\\\/04\\\/Sammari.jpg\",\"width\":946,\"height\":532,\"caption\":\"Irak anti-drone sistemi kuruyor: K\u00fcrdistan B\u00f6lgesi kapsam d\u0131\u015f\u0131\"},{\"@type\":\"BreadcrumbList\",\"@id\":\"https:\\\/\\\/darkamazi.site\\\/archives\\\/1037992#breadcrumb\",\"itemListElement\":[{\"@type\":\"ListItem\",\"position\":1,\"name\":\"Home\",\"item\":\"https:\\\/\\\/darkamazi.site\\\/\"},{\"@type\":\"ListItem\",\"position\":2,\"name\":\"Irak anti-drone sistemi kuruyor: K\u00fcrdistan B\u00f6lgesi kapsam d\u0131\u015f\u0131\"}]},{\"@type\":\"WebSite\",\"@id\":\"https:\\\/\\\/darkamazi.site\\\/#website\",\"url\":\"https:\\\/\\\/darkamazi.site\\\/\",\"name\":\"Darka Mazi\",\"description\":\"Ana Sayfa\",\"publisher\":{\"@id\":\"https:\\\/\\\/darkamazi.site\\\/#organization\"},\"potentialAction\":[{\"@type\":\"SearchAction\",\"target\":{\"@type\":\"EntryPoint\",\"urlTemplate\":\"https:\\\/\\\/darkamazi.site\\\/?s={search_term_string}\"},\"query-input\":{\"@type\":\"PropertyValueSpecification\",\"valueRequired\":true,\"valueName\":\"search_term_string\"}}],\"inLanguage\":\"en-US\"},{\"@type\":\"Organization\",\"@id\":\"https:\\\/\\\/darkamazi.site\\\/#organization\",\"name\":\"Darka Mazi T\u00fcrk\u00e7e\",\"alternateName\":\"Darka Mazi\",\"url\":\"https:\\\/\\\/darkamazi.site\\\/\",\"logo\":{\"@type\":\"ImageObject\",\"inLanguage\":\"en-US\",\"@id\":\"https:\\\/\\\/darkamazi.site\\\/#\\\/schema\\\/logo\\\/image\\\/\",\"url\":\"https:\\\/\\\/darkamazi.site\\\/darka-content\\\/uploads\\\/2017\\\/12\\\/darka-mazi-logo.png\",\"contentUrl\":\"https:\\\/\\\/darkamazi.site\\\/darka-content\\\/uploads\\\/2017\\\/12\\\/darka-mazi-logo.png\",\"width\":151,\"height\":75,\"caption\":\"Darka Mazi T\u00fcrk\u00e7e\"},\"image\":{\"@id\":\"https:\\\/\\\/darkamazi.site\\\/#\\\/schema\\\/logo\\\/image\\\/\"},\"sameAs\":[\"https:\\\/\\\/www.facebook.com\\\/DarkaMaziturkce\",\"https:\\\/\\\/x.com\\\/DarkaMaziTurkce\"]},{\"@type\":\"Person\",\"@id\":\"https:\\\/\\\/darkamazi.site\\\/#\\\/schema\\\/person\\\/67986a95ac546c16760365877ef4a9d3\",\"name\":\"darka mazi\",\"sameAs\":[\"https:\\\/\\\/darkamazi.site\"],\"url\":\"https:\\\/\\\/darkamazi.site\\\/archives\\\/author\\\/turkish\"}]}<\/script>\n<!-- \/ Yoast SEO plugin. -->","seo_head_json":{"title":"Irak anti-drone sistemi kuruyor: K\u00fcrdistan B\u00f6lgesi kapsam d\u0131\u015f\u0131 - Darka Mazi","robots":{"index":"index","follow":"follow","max-snippet":"max-snippet:-1","max-image-preview":"max-image-preview:large","max-video-preview":"max-video-preview:-1"},"canonical":"https:\/\/darkamazi.site\/archives\/1037992","og_locale":"en_US","og_type":"article","og_title":"Irak anti-drone sistemi kuruyor: K\u00fcrdistan B\u00f6lgesi kapsam d\u0131\u015f\u0131 - Darka Mazi","og_description":"Irak \u0130\u00e7i\u015fleri Bakan\u0131 Abd\u00fclemir \u015eammari, bakanl\u0131\u011fa ba\u011fl\u0131 stratejik tesisleri korumak amac\u0131yla geli\u015fmi\u015f &#8220;anti-drone&#8221; (\u0130HA savar) sistemleri sat\u0131n almak i\u00e7in s\u00f6zle\u015fme imzalad\u0131klar\u0131n\u0131 a\u00e7\u0131klad\u0131. \u015eammari, bu sistemlerin sadece federal kurumlarda kullan\u0131laca\u011f\u0131n\u0131, K\u00fcrdistan B\u00f6lgesi\u2019ni kapsamad\u0131\u011f\u0131n\u0131 belirtti. R\u00fbdaw\u2019a konu\u015fan Bakan \u015eammari, drone tehdidine kar\u015f\u0131 savunma kapasitelerini art\u0131rd\u0131klar\u0131n\u0131 s\u00f6yledi. \u015eammari, &#8220;Irak Sava\u015f End\u00fcstrisi Heyeti ile geli\u015fmi\u015f anti-drone sistemlerinin tedariki i\u00e7in [&hellip;]","og_url":"https:\/\/darkamazi.site\/archives\/1037992","og_site_name":"Darka Mazi","article_publisher":"https:\/\/www.facebook.com\/DarkaMaziturkce","article_published_time":"2026-04-29T18:16:26+00:00","og_image":[{"width":946,"height":532,"url":"https:\/\/darkamazi.site\/file\/2026\/04\/Sammari.jpg","type":"image\/jpeg"}],"author":"darka mazi","twitter_card":"summary_large_image","twitter_creator":"@DarkaMaziTurkce","twitter_site":"@DarkaMaziTurkce","twitter_misc":{"Written by":"darka mazi","Est. reading time":"1 minute"},"schema":{"@context":"https:\/\/schema.org","@graph":[{"@type":"NewsArticle","@id":"https:\/\/darkamazi.site\/archives\/1037992#article","isPartOf":{"@id":"https:\/\/darkamazi.site\/archives\/1037992"},"author":{"name":"darka mazi","@id":"https:\/\/darkamazi.site\/#\/schema\/person\/67986a95ac546c16760365877ef4a9d3"},"headline":"Irak anti-drone sistemi kuruyor: K\u00fcrdistan B\u00f6lgesi kapsam d\u0131\u015f\u0131","datePublished":"2026-04-29T18:16:26+00:00","mainEntityOfPage":{"@id":"https:\/\/darkamazi.site\/archives\/1037992"},"wordCount":218,"publisher":{"@id":"https:\/\/darkamazi.site\/#organization"},"image":{"@id":"https:\/\/darkamazi.site\/archives\/1037992#primaryimage"},"thumbnailUrl":"https:\/\/darkamazi.site\/file\/2026\/04\/Sammari.jpg","articleSection":["Ortado\u011fu"],"inLanguage":"en-US"},{"@type":"WebPage","@id":"https:\/\/darkamazi.site\/archives\/1037992","url":"https:\/\/darkamazi.site\/archives\/1037992","name":"Irak anti-drone sistemi kuruyor: K\u00fcrdistan B\u00f6lgesi kapsam d\u0131\u015f\u0131 - Darka Mazi","isPartOf":{"@id":"https:\/\/darkamazi.site\/#website"},"primaryImageOfPage":{"@id":"https:\/\/darkamazi.site\/archives\/1037992#primaryimage"},"image":{"@id":"https:\/\/darkamazi.site\/archives\/1037992#primaryimage"},"thumbnailUrl":"https:\/\/darkamazi.site\/file\/2026\/04\/Sammari.jpg","datePublished":"2026-04-29T18:16:26+00:00","breadcrumb":{"@id":"https:\/\/darkamazi.site\/archives\/1037992#breadcrumb"},"inLanguage":"en-US","potentialAction":[{"@type":"ReadAction","target":["https:\/\/darkamazi.site\/archives\/1037992"]}]},{"@type":"ImageObject","inLanguage":"en-US","@id":"https:\/\/darkamazi.site\/archives\/1037992#primaryimage","url":"https:\/\/darkamazi.site\/file\/2026\/04\/Sammari.jpg","contentUrl":"https:\/\/darkamazi.site\/file\/2026\/04\/Sammari.jpg","width":946,"height":532,"caption":"Irak anti-drone sistemi kuruyor: K\u00fcrdistan B\u00f6lgesi kapsam d\u0131\u015f\u0131"},{"@type":"BreadcrumbList","@id":"https:\/\/darkamazi.site\/archives\/1037992#breadcrumb","itemListElement":[{"@type":"ListItem","position":1,"name":"Home","item":"https:\/\/darkamazi.site\/"},{"@type":"ListItem","position":2,"name":"Irak anti-drone sistemi kuruyor: K\u00fcrdistan B\u00f6lgesi kapsam d\u0131\u015f\u0131"}]},{"@type":"WebSite","@id":"https:\/\/darkamazi.site\/#website","url":"https:\/\/darkamazi.site\/","name":"Darka Mazi","description":"Ana Sayfa","publisher":{"@id":"https:\/\/darkamazi.site\/#organization"},"potentialAction":[{"@type":"SearchAction","target":{"@type":"EntryPoint","urlTemplate":"https:\/\/darkamazi.site\/?s={search_term_string}"},"query-input":{"@type":"PropertyValueSpecification","valueRequired":true,"valueName":"search_term_string"}}],"inLanguage":"en-US"},{"@type":"Organization","@id":"https:\/\/darkamazi.site\/#organization","name":"Darka Mazi T\u00fcrk\u00e7e","alternateName":"Darka Mazi","url":"https:\/\/darkamazi.site\/","logo":{"@type":"ImageObject","inLanguage":"en-US","@id":"https:\/\/darkamazi.site\/#\/schema\/logo\/image\/","url":"https:\/\/darkamazi.site\/file\/2017\/12\/darka-mazi-logo.png","contentUrl":"https:\/\/darkamazi.site\/file\/2017\/12\/darka-mazi-logo.png","width":151,"height":75,"caption":"Darka Mazi T\u00fcrk\u00e7e"},"image":{"@id":"https:\/\/darkamazi.site\/#\/schema\/logo\/image\/"},"sameAs":["https:\/\/www.facebook.com\/DarkaMaziturkce","https:\/\/x.com\/DarkaMaziTurkce"]},{"@type":"Person","@id":"https:\/\/darkamazi.site\/#\/schema\/person\/67986a95ac546c16760365877ef4a9d3","name":"darka mazi","sameAs":["https:\/\/darkamazi.site"],"url":"https:\/\/darkamazi.site\/archives\/author\/turkish"}]}},"_links":{"self":[{"href":"https:\/\/darkamazi.site\/funavuv\/wp\/v2\/posts\/1037992","targetHints":{"allow":["GET"]}}],"collection":[{"href":"https:\/\/darkamazi.site\/funavuv\/wp\/v2\/posts"}],"about":[{"href":"https:\/\/darkamazi.site\/funavuv\/wp\/v2\/types\/post"}],"author":[{"embeddable":true,"href":"https:\/\/darkamazi.site\/funavuv\/wp\/v2\/users\/2"}],"replies":[{"embeddable":true,"href":"https:\/\/darkamazi.site\/funavuv\/wp\/v2\/comments?post=1037992"}],"version-history":[{"count":1,"href":"https:\/\/darkamazi.site\/funavuv\/wp\/v2\/posts\/1037992\/revisions"}],"predecessor-version":[{"id":1037994,"href":"https:\/\/darkamazi.site\/funavuv\/wp\/v2\/posts\/1037992\/revisions\/1037994"}],"wp:featuredmedia":[{"embeddable":true,"href":"https:\/\/darkamazi.site\/funavuv\/wp\/v2\/media\/1037993"}],"wp:attachment":[{"href":"https:\/\/darkamazi.site\/funavuv\/wp\/v2\/media?parent=1037992"}],"wp:term":[{"taxonomy":"category","embeddable":true,"href":"https:\/\/darkamazi.site\/funavuv\/wp\/v2\/categories?post=1037992"},{"taxonomy":"post_tag","embeddable":true,"href":"https:\/\/darkamazi.site\/funavuv\/wp\/v2\/tags?post=1037992"}],"curies":[{"name":"wp","href":"https:\/\/api.w.org\/{rel}","templated":true}]}}