{"id":1038005,"date":"2026-05-01T13:56:46","date_gmt":"2026-05-01T10:56:46","guid":{"rendered":"https:\/\/darkamazi.site\/?p=1038005"},"modified":"2026-05-01T13:56:46","modified_gmt":"2026-05-01T10:56:46","slug":"pwk-1-mayis-dunya-isci-ve-emekcilerine-kutlu-olsun","status":"publish","type":"post","link":"https:\/\/darkamazi.site\/archives\/1038005","title":{"rendered":"PWK: 1 May\u0131s D\u00fcnya \u0130\u015f\u00e7i ve Emek\u00e7ilerine Kutlu Olsun!"},"content":{"rendered":"<p data-path-to-node=\"1\">K\u00fcrdistan Yurtseverler Partisi (PWK), 1 May\u0131s \u0130\u015f\u00e7i ve Emek\u00e7i Bayram\u0131 vesilesiyle yaz\u0131l\u0131 bir kutlama mesaj\u0131 yay\u0131mlad\u0131.<\/p>\n<p data-path-to-node=\"3\">PWK taraf\u0131ndan yay\u0131mlanan metinde, 1 May\u0131s&#8217;\u0131n d\u00fcnya genelinde birlik, m\u00fccadele ve dayan\u0131\u015fma g\u00fcn\u00fc oldu\u011fu vurgulan\u0131rken; K\u00fcrdistanl\u0131 emek\u00e7ilerin durumuna dair \u015fu ifadelere yer verildi:<\/p>\n<p><strong>1 May\u0131s D\u00fcnya \u0130\u015f\u00e7i ve Emek\u00e7ilerine Kutlu Olsun!<\/strong><\/p>\n<p>1 May\u0131s d\u00fcnya i\u015f\u00e7i ve emek\u00e7ilerinin birlik, m\u00fccadele ve dayan\u0131\u015fma g\u00fcn\u00fcd\u00fcr.<\/p>\n<p>T\u00fcm milli demokratik hak ve \u00f6zg\u00fcrl\u00fcklerinden de yoksun b\u0131rak\u0131lan K\u00fcrdistan i\u015f\u00e7i ve emek\u00e7ileri, yoksulluk, i\u015fsizlik ve a\u011f\u0131r ya\u015fam ko\u015fullar\u0131yla daha fazla y\u00fcz y\u00fcze b\u0131rak\u0131lmaktad\u0131rlar.<\/p>\n<p>Bu nedenle de, K\u00fcrdistan i\u015f\u00e7i ve emek\u00e7ileri, ekonomik hak ve \u00f6zg\u00fcrl\u00fckleri i\u00e7in, onurlu bir ya\u015fam, sosyal adalet, e\u015fitlik, demokrasi ve \u00f6zg\u00fcrl\u00fck i\u00e7in y\u00fcr\u00fct\u00fclecek m\u00fccadeleyi, kendi \u00fclkelerinin \u00f6zg\u00fcrl\u00fck m\u00fccadelesiyle b\u00fct\u00fcnl\u00fckl\u00fc bir bilin\u00e7le s\u00fcrd\u00fcrmelidirler.<\/p>\n<p>K\u00fcrdistan Yurtseverler Partisi (PWK), \u2018\u2019K\u00fcrdistan\u2019a \u00d6zg\u00fcrl\u00fck, K\u00fcrdistan\u2019da \u00d6zg\u00fcrl\u00fck\u2019\u2019 \u015fiar\u0131yla, \u00f6zg\u00fcr bir K\u00fcrdistan\u2019da, sosyal adaletin tesis edilece\u011fi insanca bir ya\u015fam i\u00e7in, m\u00fccadelesini s\u00fcrd\u00fcrmektedir.<\/p>\n<p>D\u00fcnya i\u015f\u00e7i ve emek\u00e7ilerinin birlik, m\u00fccadele ve dayan\u0131\u015fma g\u00fcn\u00fcnde, K\u00fcrdistan ve t\u00fcm d\u00fcnya i\u015f\u00e7i ve emek\u00e7ilerinin 1 May\u0131s\u0131n\u0131 kutluyoruz.<\/p>\n<p>1 May\u0131s 2026<\/p>\n<p>&nbsp;<\/p>\n<p>Kaynak: <a href=\"https:\/\/www.rupelanu.org\/pwk-1-mayis-dunya-isci-ve-emekcilerine-kutlu-olsun-34976h.htm\" target=\"_blank\" rel=\"noopener\">PWK: 1 May\u0131s D\u00fcnya \u0130\u015f\u00e7i ve Emek\u00e7ilerine Kutlu Olsun!<\/a><\/p>\n","protected":false},"excerpt":{"rendered":"<p>K\u00fcrdistan Yurtseverler Partisi (PWK), 1 May\u0131s \u0130\u015f\u00e7i ve Emek\u00e7i Bayram\u0131 vesilesiyle yaz\u0131l\u0131 bir kutlama mesaj\u0131 yay\u0131mlad\u0131. PWK taraf\u0131ndan yay\u0131mlanan metinde, 1 May\u0131s&#8217;\u0131n d\u00fcnya genelinde birlik, m\u00fccadele ve dayan\u0131\u015fma g\u00fcn\u00fc oldu\u011fu vurgulan\u0131rken; K\u00fcrdistanl\u0131 emek\u00e7ilerin durumuna dair \u015fu ifadelere yer verildi: 1 May\u0131s D\u00fcnya \u0130\u015f\u00e7i ve Emek\u00e7ilerine Kutlu Olsun! 1 May\u0131s d\u00fcnya i\u015f\u00e7i ve emek\u00e7ilerinin birlik, m\u00fccadele [&hellip;]<\/p>\n","protected":false},"author":2,"featured_media":1038006,"comment_status":"closed","ping_status":"closed","sticky":false,"template":"","format":"standard","meta":{"footnotes":""},"categories":[3],"tags":[],"class_list":["post-1038005","post","type-post","status-publish","format-standard","has-post-thumbnail","hentry","category-kurdistan"],"blocksy_meta":[],"seo_head":"<!-- This site is optimized with the Yoast SEO plugin v27.5 - https:\/\/yoast.com\/product\/yoast-seo-wordpress\/ -->\n<title>PWK: 1 May\u0131s D\u00fcnya \u0130\u015f\u00e7i ve Emek\u00e7ilerine Kutlu Olsun! - Darka Mazi<\/title>\n<meta name=\"robots\" content=\"index, follow, max-snippet:-1, max-image-preview:large, max-video-preview:-1\" \/>\n<link rel=\"canonical\" href=\"https:\/\/darkamazi.site\/archives\/1038005\" \/>\n<meta property=\"og:locale\" content=\"en_US\" \/>\n<meta property=\"og:type\" content=\"article\" \/>\n<meta property=\"og:title\" content=\"PWK: 1 May\u0131s D\u00fcnya \u0130\u015f\u00e7i ve Emek\u00e7ilerine Kutlu Olsun! - Darka Mazi\" \/>\n<meta property=\"og:description\" content=\"K\u00fcrdistan Yurtseverler Partisi (PWK), 1 May\u0131s \u0130\u015f\u00e7i ve Emek\u00e7i Bayram\u0131 vesilesiyle yaz\u0131l\u0131 bir kutlama mesaj\u0131 yay\u0131mlad\u0131. PWK taraf\u0131ndan yay\u0131mlanan metinde, 1 May\u0131s&#8217;\u0131n d\u00fcnya genelinde birlik, m\u00fccadele ve dayan\u0131\u015fma g\u00fcn\u00fc oldu\u011fu vurgulan\u0131rken; K\u00fcrdistanl\u0131 emek\u00e7ilerin durumuna dair \u015fu ifadelere yer verildi: 1 May\u0131s D\u00fcnya \u0130\u015f\u00e7i ve Emek\u00e7ilerine Kutlu Olsun! 1 May\u0131s d\u00fcnya i\u015f\u00e7i ve emek\u00e7ilerinin birlik, m\u00fccadele [&hellip;]\" \/>\n<meta property=\"og:url\" content=\"https:\/\/darkamazi.site\/archives\/1038005\" \/>\n<meta property=\"og:site_name\" content=\"Darka Mazi\" \/>\n<meta property=\"article:publisher\" content=\"https:\/\/www.facebook.com\/DarkaMaziturkce\" \/>\n<meta property=\"article:published_time\" content=\"2026-05-01T10:56:46+00:00\" \/>\n<meta property=\"og:image\" content=\"https:\/\/darkamazi.site\/file\/2026\/05\/PWK.jpg\" \/>\n\t<meta property=\"og:image:width\" content=\"880\" \/>\n\t<meta property=\"og:image:height\" content=\"440\" \/>\n\t<meta property=\"og:image:type\" content=\"image\/jpeg\" \/>\n<meta name=\"author\" content=\"darka mazi\" \/>\n<meta name=\"twitter:card\" content=\"summary_large_image\" \/>\n<meta name=\"twitter:creator\" content=\"@DarkaMaziTurkce\" \/>\n<meta name=\"twitter:site\" content=\"@DarkaMaziTurkce\" \/>\n<meta name=\"twitter:label1\" content=\"Written by\" \/>\n\t<meta name=\"twitter:data1\" content=\"darka mazi\" \/>\n\t<meta name=\"twitter:label2\" content=\"Est. reading time\" \/>\n\t<meta name=\"twitter:data2\" content=\"1 minute\" \/>\n<script type=\"application\/ld+json\" class=\"seo-schema-graph\">{\"@context\":\"https:\\\/\\\/schema.org\",\"@graph\":[{\"@type\":\"NewsArticle\",\"@id\":\"https:\\\/\\\/darkamazi.site\\\/archives\\\/1038005#article\",\"isPartOf\":{\"@id\":\"https:\\\/\\\/darkamazi.site\\\/archives\\\/1038005\"},\"author\":{\"name\":\"darka mazi\",\"@id\":\"https:\\\/\\\/darkamazi.site\\\/#\\\/schema\\\/person\\\/67986a95ac546c16760365877ef4a9d3\"},\"headline\":\"PWK: 1 May\u0131s D\u00fcnya \u0130\u015f\u00e7i ve Emek\u00e7ilerine Kutlu Olsun!\",\"datePublished\":\"2026-05-01T10:56:46+00:00\",\"mainEntityOfPage\":{\"@id\":\"https:\\\/\\\/darkamazi.site\\\/archives\\\/1038005\"},\"wordCount\":280,\"publisher\":{\"@id\":\"https:\\\/\\\/darkamazi.site\\\/#organization\"},\"image\":{\"@id\":\"https:\\\/\\\/darkamazi.site\\\/archives\\\/1038005#primaryimage\"},\"thumbnailUrl\":\"https:\\\/\\\/darkamazi.site\\\/darka-content\\\/uploads\\\/2026\\\/05\\\/PWK.jpg\",\"articleSection\":[\"Kurdistan\"],\"inLanguage\":\"en-US\"},{\"@type\":\"WebPage\",\"@id\":\"https:\\\/\\\/darkamazi.site\\\/archives\\\/1038005\",\"url\":\"https:\\\/\\\/darkamazi.site\\\/archives\\\/1038005\",\"name\":\"PWK: 1 May\u0131s D\u00fcnya \u0130\u015f\u00e7i ve Emek\u00e7ilerine Kutlu Olsun! - Darka Mazi\",\"isPartOf\":{\"@id\":\"https:\\\/\\\/darkamazi.site\\\/#website\"},\"primaryImageOfPage\":{\"@id\":\"https:\\\/\\\/darkamazi.site\\\/archives\\\/1038005#primaryimage\"},\"image\":{\"@id\":\"https:\\\/\\\/darkamazi.site\\\/archives\\\/1038005#primaryimage\"},\"thumbnailUrl\":\"https:\\\/\\\/darkamazi.site\\\/darka-content\\\/uploads\\\/2026\\\/05\\\/PWK.jpg\",\"datePublished\":\"2026-05-01T10:56:46+00:00\",\"breadcrumb\":{\"@id\":\"https:\\\/\\\/darkamazi.site\\\/archives\\\/1038005#breadcrumb\"},\"inLanguage\":\"en-US\",\"potentialAction\":[{\"@type\":\"ReadAction\",\"target\":[\"https:\\\/\\\/darkamazi.site\\\/archives\\\/1038005\"]}]},{\"@type\":\"ImageObject\",\"inLanguage\":\"en-US\",\"@id\":\"https:\\\/\\\/darkamazi.site\\\/archives\\\/1038005#primaryimage\",\"url\":\"https:\\\/\\\/darkamazi.site\\\/darka-content\\\/uploads\\\/2026\\\/05\\\/PWK.jpg\",\"contentUrl\":\"https:\\\/\\\/darkamazi.site\\\/darka-content\\\/uploads\\\/2026\\\/05\\\/PWK.jpg\",\"width\":880,\"height\":440,\"caption\":\"PWK: 1 May\u0131s D\u00fcnya \u0130\u015f\u00e7i ve Emek\u00e7ilerine Kutlu Olsun!\"},{\"@type\":\"BreadcrumbList\",\"@id\":\"https:\\\/\\\/darkamazi.site\\\/archives\\\/1038005#breadcrumb\",\"itemListElement\":[{\"@type\":\"ListItem\",\"position\":1,\"name\":\"Home\",\"item\":\"https:\\\/\\\/darkamazi.site\\\/\"},{\"@type\":\"ListItem\",\"position\":2,\"name\":\"PWK: 1 May\u0131s D\u00fcnya \u0130\u015f\u00e7i ve Emek\u00e7ilerine Kutlu Olsun!\"}]},{\"@type\":\"WebSite\",\"@id\":\"https:\\\/\\\/darkamazi.site\\\/#website\",\"url\":\"https:\\\/\\\/darkamazi.site\\\/\",\"name\":\"Darka Mazi\",\"description\":\"Ana Sayfa\",\"publisher\":{\"@id\":\"https:\\\/\\\/darkamazi.site\\\/#organization\"},\"potentialAction\":[{\"@type\":\"SearchAction\",\"target\":{\"@type\":\"EntryPoint\",\"urlTemplate\":\"https:\\\/\\\/darkamazi.site\\\/?s={search_term_string}\"},\"query-input\":{\"@type\":\"PropertyValueSpecification\",\"valueRequired\":true,\"valueName\":\"search_term_string\"}}],\"inLanguage\":\"en-US\"},{\"@type\":\"Organization\",\"@id\":\"https:\\\/\\\/darkamazi.site\\\/#organization\",\"name\":\"Darka Mazi T\u00fcrk\u00e7e\",\"alternateName\":\"Darka Mazi\",\"url\":\"https:\\\/\\\/darkamazi.site\\\/\",\"logo\":{\"@type\":\"ImageObject\",\"inLanguage\":\"en-US\",\"@id\":\"https:\\\/\\\/darkamazi.site\\\/#\\\/schema\\\/logo\\\/image\\\/\",\"url\":\"https:\\\/\\\/darkamazi.site\\\/darka-content\\\/uploads\\\/2017\\\/12\\\/darka-mazi-logo.png\",\"contentUrl\":\"https:\\\/\\\/darkamazi.site\\\/darka-content\\\/uploads\\\/2017\\\/12\\\/darka-mazi-logo.png\",\"width\":151,\"height\":75,\"caption\":\"Darka Mazi T\u00fcrk\u00e7e\"},\"image\":{\"@id\":\"https:\\\/\\\/darkamazi.site\\\/#\\\/schema\\\/logo\\\/image\\\/\"},\"sameAs\":[\"https:\\\/\\\/www.facebook.com\\\/DarkaMaziturkce\",\"https:\\\/\\\/x.com\\\/DarkaMaziTurkce\"]},{\"@type\":\"Person\",\"@id\":\"https:\\\/\\\/darkamazi.site\\\/#\\\/schema\\\/person\\\/67986a95ac546c16760365877ef4a9d3\",\"name\":\"darka mazi\",\"sameAs\":[\"https:\\\/\\\/darkamazi.site\"],\"url\":\"https:\\\/\\\/darkamazi.site\\\/archives\\\/author\\\/turkish\"}]}<\/script>\n<!-- \/ Yoast SEO plugin. -->","seo_head_json":{"title":"PWK: 1 May\u0131s D\u00fcnya \u0130\u015f\u00e7i ve Emek\u00e7ilerine Kutlu Olsun! - Darka Mazi","robots":{"index":"index","follow":"follow","max-snippet":"max-snippet:-1","max-image-preview":"max-image-preview:large","max-video-preview":"max-video-preview:-1"},"canonical":"https:\/\/darkamazi.site\/archives\/1038005","og_locale":"en_US","og_type":"article","og_title":"PWK: 1 May\u0131s D\u00fcnya \u0130\u015f\u00e7i ve Emek\u00e7ilerine Kutlu Olsun! - Darka Mazi","og_description":"K\u00fcrdistan Yurtseverler Partisi (PWK), 1 May\u0131s \u0130\u015f\u00e7i ve Emek\u00e7i Bayram\u0131 vesilesiyle yaz\u0131l\u0131 bir kutlama mesaj\u0131 yay\u0131mlad\u0131. PWK taraf\u0131ndan yay\u0131mlanan metinde, 1 May\u0131s&#8217;\u0131n d\u00fcnya genelinde birlik, m\u00fccadele ve dayan\u0131\u015fma g\u00fcn\u00fc oldu\u011fu vurgulan\u0131rken; K\u00fcrdistanl\u0131 emek\u00e7ilerin durumuna dair \u015fu ifadelere yer verildi: 1 May\u0131s D\u00fcnya \u0130\u015f\u00e7i ve Emek\u00e7ilerine Kutlu Olsun! 1 May\u0131s d\u00fcnya i\u015f\u00e7i ve emek\u00e7ilerinin birlik, m\u00fccadele [&hellip;]","og_url":"https:\/\/darkamazi.site\/archives\/1038005","og_site_name":"Darka Mazi","article_publisher":"https:\/\/www.facebook.com\/DarkaMaziturkce","article_published_time":"2026-05-01T10:56:46+00:00","og_image":[{"width":880,"height":440,"url":"https:\/\/darkamazi.site\/file\/2026\/05\/PWK.jpg","type":"image\/jpeg"}],"author":"darka mazi","twitter_card":"summary_large_image","twitter_creator":"@DarkaMaziTurkce","twitter_site":"@DarkaMaziTurkce","twitter_misc":{"Written by":"darka mazi","Est. reading time":"1 minute"},"schema":{"@context":"https:\/\/schema.org","@graph":[{"@type":"NewsArticle","@id":"https:\/\/darkamazi.site\/archives\/1038005#article","isPartOf":{"@id":"https:\/\/darkamazi.site\/archives\/1038005"},"author":{"name":"darka mazi","@id":"https:\/\/darkamazi.site\/#\/schema\/person\/67986a95ac546c16760365877ef4a9d3"},"headline":"PWK: 1 May\u0131s D\u00fcnya \u0130\u015f\u00e7i ve Emek\u00e7ilerine Kutlu Olsun!","datePublished":"2026-05-01T10:56:46+00:00","mainEntityOfPage":{"@id":"https:\/\/darkamazi.site\/archives\/1038005"},"wordCount":280,"publisher":{"@id":"https:\/\/darkamazi.site\/#organization"},"image":{"@id":"https:\/\/darkamazi.site\/archives\/1038005#primaryimage"},"thumbnailUrl":"https:\/\/darkamazi.site\/file\/2026\/05\/PWK.jpg","articleSection":["Kurdistan"],"inLanguage":"en-US"},{"@type":"WebPage","@id":"https:\/\/darkamazi.site\/archives\/1038005","url":"https:\/\/darkamazi.site\/archives\/1038005","name":"PWK: 1 May\u0131s D\u00fcnya \u0130\u015f\u00e7i ve Emek\u00e7ilerine Kutlu Olsun! - Darka Mazi","isPartOf":{"@id":"https:\/\/darkamazi.site\/#website"},"primaryImageOfPage":{"@id":"https:\/\/darkamazi.site\/archives\/1038005#primaryimage"},"image":{"@id":"https:\/\/darkamazi.site\/archives\/1038005#primaryimage"},"thumbnailUrl":"https:\/\/darkamazi.site\/file\/2026\/05\/PWK.jpg","datePublished":"2026-05-01T10:56:46+00:00","breadcrumb":{"@id":"https:\/\/darkamazi.site\/archives\/1038005#breadcrumb"},"inLanguage":"en-US","potentialAction":[{"@type":"ReadAction","target":["https:\/\/darkamazi.site\/archives\/1038005"]}]},{"@type":"ImageObject","inLanguage":"en-US","@id":"https:\/\/darkamazi.site\/archives\/1038005#primaryimage","url":"https:\/\/darkamazi.site\/file\/2026\/05\/PWK.jpg","contentUrl":"https:\/\/darkamazi.site\/file\/2026\/05\/PWK.jpg","width":880,"height":440,"caption":"PWK: 1 May\u0131s D\u00fcnya \u0130\u015f\u00e7i ve Emek\u00e7ilerine Kutlu Olsun!"},{"@type":"BreadcrumbList","@id":"https:\/\/darkamazi.site\/archives\/1038005#breadcrumb","itemListElement":[{"@type":"ListItem","position":1,"name":"Home","item":"https:\/\/darkamazi.site\/"},{"@type":"ListItem","position":2,"name":"PWK: 1 May\u0131s D\u00fcnya \u0130\u015f\u00e7i ve Emek\u00e7ilerine Kutlu Olsun!"}]},{"@type":"WebSite","@id":"https:\/\/darkamazi.site\/#website","url":"https:\/\/darkamazi.site\/","name":"Darka Mazi","description":"Ana Sayfa","publisher":{"@id":"https:\/\/darkamazi.site\/#organization"},"potentialAction":[{"@type":"SearchAction","target":{"@type":"EntryPoint","urlTemplate":"https:\/\/darkamazi.site\/?s={search_term_string}"},"query-input":{"@type":"PropertyValueSpecification","valueRequired":true,"valueName":"search_term_string"}}],"inLanguage":"en-US"},{"@type":"Organization","@id":"https:\/\/darkamazi.site\/#organization","name":"Darka Mazi T\u00fcrk\u00e7e","alternateName":"Darka Mazi","url":"https:\/\/darkamazi.site\/","logo":{"@type":"ImageObject","inLanguage":"en-US","@id":"https:\/\/darkamazi.site\/#\/schema\/logo\/image\/","url":"https:\/\/darkamazi.site\/file\/2017\/12\/darka-mazi-logo.png","contentUrl":"https:\/\/darkamazi.site\/file\/2017\/12\/darka-mazi-logo.png","width":151,"height":75,"caption":"Darka Mazi T\u00fcrk\u00e7e"},"image":{"@id":"https:\/\/darkamazi.site\/#\/schema\/logo\/image\/"},"sameAs":["https:\/\/www.facebook.com\/DarkaMaziturkce","https:\/\/x.com\/DarkaMaziTurkce"]},{"@type":"Person","@id":"https:\/\/darkamazi.site\/#\/schema\/person\/67986a95ac546c16760365877ef4a9d3","name":"darka mazi","sameAs":["https:\/\/darkamazi.site"],"url":"https:\/\/darkamazi.site\/archives\/author\/turkish"}]}},"_links":{"self":[{"href":"https:\/\/darkamazi.site\/funavuv\/wp\/v2\/posts\/1038005","targetHints":{"allow":["GET"]}}],"collection":[{"href":"https:\/\/darkamazi.site\/funavuv\/wp\/v2\/posts"}],"about":[{"href":"https:\/\/darkamazi.site\/funavuv\/wp\/v2\/types\/post"}],"author":[{"embeddable":true,"href":"https:\/\/darkamazi.site\/funavuv\/wp\/v2\/users\/2"}],"replies":[{"embeddable":true,"href":"https:\/\/darkamazi.site\/funavuv\/wp\/v2\/comments?post=1038005"}],"version-history":[{"count":1,"href":"https:\/\/darkamazi.site\/funavuv\/wp\/v2\/posts\/1038005\/revisions"}],"predecessor-version":[{"id":1038007,"href":"https:\/\/darkamazi.site\/funavuv\/wp\/v2\/posts\/1038005\/revisions\/1038007"}],"wp:featuredmedia":[{"embeddable":true,"href":"https:\/\/darkamazi.site\/funavuv\/wp\/v2\/media\/1038006"}],"wp:attachment":[{"href":"https:\/\/darkamazi.site\/funavuv\/wp\/v2\/media?parent=1038005"}],"wp:term":[{"taxonomy":"category","embeddable":true,"href":"https:\/\/darkamazi.site\/funavuv\/wp\/v2\/categories?post=1038005"},{"taxonomy":"post_tag","embeddable":true,"href":"https:\/\/darkamazi.site\/funavuv\/wp\/v2\/tags?post=1038005"}],"curies":[{"name":"wp","href":"https:\/\/api.w.org\/{rel}","templated":true}]}}