{"id":1038008,"date":"2026-05-02T13:34:14","date_gmt":"2026-05-02T10:34:14","guid":{"rendered":"https:\/\/darkamazi.site\/?p=1038008"},"modified":"2026-05-02T13:39:27","modified_gmt":"2026-05-02T10:39:27","slug":"hsdnin-dort-tugayi-resmen","status":"publish","type":"post","link":"https:\/\/darkamazi.site\/archives\/1038008","title":{"rendered":"Sipan Hamo Suriye ile entegrasyon s\u00fcrecini de\u011ferlendirdi:"},"content":{"rendered":"<p>DSG\u2019nin orduya entegrasyonuna dair a\u00e7\u0131klamalarda bulunan Suriye Savunma Bakan\u0131 Yard\u0131mc\u0131s\u0131 Sipan Hemo (Semir Eli Oso), \u201c29 Ocak Anla\u015fmas\u0131 uyar\u0131nca 4 tugay olu\u015fturuldu ve bunlar resmen yap\u0131ya entegre edildi. Kobani tugay\u0131 ile Haseke, Kam\u0131\u015flo ve Derik\u2019teki di\u011fer 3 tugay \u00f6rg\u00fctsel ve resmi d\u00fczeyde entegre oldular, \u015fimdi ise pratik saha \u00e7al\u0131\u015fmalar\u0131 yap\u0131l\u0131yor\u201d ifadelerini kulland\u0131.<\/p>\n<p>Suriye Savunma Bakan Yard\u0131mc\u0131s\u0131 Sipan Hemo, \u00fclkenin askeri ve siyasi gelece\u011fine dair kritik a\u00e7\u0131klamalarda bulunarak, Demokratik Suriye G\u00fc\u00e7leri\u2019nin (DSG) Suriye ordusuna entegrasyonu ve yeni askeri yap\u0131lanma s\u00fcrecine dair \u00f6nemli detaylar payla\u015ft\u0131.<\/p>\n<p>29 Ocak Anla\u015fmas\u0131\u2019n\u0131n ard\u0131ndan ba\u015flayan bu yeni d\u00f6nemi \u201cordu in\u015fas\u0131 a\u015famas\u0131\u201d olarak tan\u0131mlayan Hemo, \u00f6ncelikli hedefin t\u00fcm askeri olu\u015fumlar\u0131n tek bir komuta alt\u0131nda birle\u015fti\u011fi, disiplinli ve birle\u015fik bir ulusal ordu yaratmak oldu\u011funu vurgulad\u0131.<\/p>\n<p>Suriye\u2019nin askeri idari yap\u0131s\u0131nda \u201cDo\u011fu B\u00f6lgesi\u201d sorumlulu\u011funu \u00fcstlendi\u011fini belirten Hemo, bakanl\u0131k nezdinde \u00fclkenin be\u015f ana b\u00f6lgeye ayr\u0131ld\u0131\u011f\u0131n\u0131 ifade etti.<\/p>\n<p><strong>\u201c\u015eu an Suriye ordusunun in\u015fa a\u015famas\u0131nday\u0131z\u201d<\/strong><\/p>\n<p>Rakka, Deyrizor ve Haseke vilayetlerini kapsayan Do\u011fu B\u00f6lgesi\u2019nde \u00f6rg\u00fctsel yap\u0131n\u0131n oturtulmas\u0131 i\u00e7in yo\u011fun bir mesai harcand\u0131\u011f\u0131n\u0131 belirten Hemo, koordinasyon sorunlar\u0131na dikkat \u00e7ekerek \u015funlar\u0131 s\u00f6yledi:<\/p>\n<p>\u201c\u015eu an Suriye ordusunun in\u015fa a\u015famas\u0131nday\u0131z. Demokratik Suriye G\u00fc\u00e7leri orduya dahil oldu\u011fu gibi, onlarca ba\u015fka askeri olu\u015fum da kat\u0131ld\u0131; ancak koordinasyon h\u00e2l\u00e2 bir sorun ve hen\u00fcz ordu i\u00e7in genel bir askeri \u015femaya ula\u015fm\u0131\u015f de\u011filiz. Bu nedenle, genel disiplini sa\u011flamak i\u00e7in kapsaml\u0131 bir i\u00e7 sisteme ihtiya\u00e7 var ve \u00fclkenin askeri kurumu i\u00e7in \u00f6zel bir i\u00e7 sisteme ula\u015fmak ad\u0131na s\u00fcrekli bir \u00e7al\u0131\u015fma y\u00fcr\u00fct\u00fcl\u00fcyor. Gelecek a\u015fama ordunun tamamlanmas\u0131, yerle\u015fimlerin birle\u015ftirilmesi ve grupla\u015fmalar\u0131n sona erdirilmesi \u00fczerine olacakt\u0131r.\u201d<\/p>\n<p><strong>\u201c4 tugay entegre edildi\u201d<\/strong><\/p>\n<p>29 Ocak Anla\u015fmas\u0131 kapsam\u0131nda DSG\u2019nin resmi birimler halinde orduya dahil edildi\u011fini duyuran Hemo, ANHA&#8217;ya verdi\u011fi K\u00fcrt\u00e7e r\u00f6portajda bu s\u00fcrecin pratik ad\u0131mlar\u0131n\u0131n at\u0131lmaya ba\u015fland\u0131\u011f\u0131n\u0131 kaydetti.<\/p>\n<p>\u0130lk etapta Kobani, Haseke, Kam\u0131\u015flo ve Derik merkezli 4 tugay\u0131n kuruldu\u011funu ve bu birimlerin askeri akademilerde e\u011fitime ba\u015flad\u0131\u011f\u0131n\u0131 ifade eden Hemo, DSG mevcudunun bu tugaylardan daha fazla oldu\u011funa de\u011finerek \u015fu bilgileri verdi:<\/p>\n<p>\u201cAsl\u0131nda DSG olarak, 29 Ocak Anla\u015fmas\u0131 uyar\u0131nca 4 tugay olu\u015fturuldu ve bunlar resmen yap\u0131ya entegre edildi. Kobani tugay\u0131 ile Haseke, Kam\u0131\u015flo ve Derik\u2019teki di\u011fer 3 tugay \u00f6rg\u00fctsel ve resmi d\u00fczeyde entegre oldular, \u015fimdi ise pratik saha \u00e7al\u0131\u015fmalar\u0131 yap\u0131l\u0131yor. DSG\u2019nin mevcudu kurulan bu tugaylar\u0131n say\u0131s\u0131ndan daha fazlad\u0131r ve bunu herkes biliyor. Bu say\u0131lar\u0131n nas\u0131l yerle\u015ftirilece\u011fi \u00fczerine; taburlar, mevcut tugaylara ek birimler veya ba\u015fka tugaylar \u015feklinde orduya dahil edilmeleri \u00fczerine ara\u015ft\u0131rmalar devam ediyor.\u201d<\/p>\n<p><strong>Efrin\u2019e d\u00f6n\u00fc\u015f<\/strong><\/p>\n<p>Hemo, \u00f6zellikle Efrin, Ser\u00eakaniy\u00ea ve Gir\u00ea Sp\u00ee gibi b\u00f6lgelerin durumuna da de\u011findi.<\/p>\n<p>Efrinli gen\u00e7lerin I\u015e\u0130D\u2019e kar\u015f\u0131 m\u00fccadeledeki rol\u00fcne vurgu yapan Hemo, bu ki\u015filerin kendi topraklar\u0131na d\u00f6n\u00fc\u015f hakk\u0131 ve yerel askeri birimlerde g\u00f6rev almas\u0131 konusundaki inisiyatifini \u015fu s\u00f6zlerle savundu:<\/p>\n<p>\u201cHalk\u0131n \u00e7o\u011fu geri d\u00f6nd\u00fc ve bunlar\u0131n \u00e7ocuklar\u0131 DSG\u2019liydi. Benim \u00f6nerdi\u011fim \u015fey \u015fuydu: Bu sava\u015f\u00e7\u0131lar evlerine d\u00f6nmek istiyor, bu onlar\u0131n do\u011fal hakk\u0131d\u0131r. \u0130ster askeri olu\u015fumlarda m\u00fccadelelerini tamamlayarak, ister toplumsal hayata d\u00f6nerek bunu yapabilirler. Savunma Bakanl\u0131\u011f\u0131 bunu olumlu kar\u015f\u0131lad\u0131. Suriye devleti, Efrin halk\u0131 dahil t\u00fcm g\u00f6\u00e7menleri yurtlar\u0131na geri d\u00f6nd\u00fcrmekte kararl\u0131d\u0131r. Efrinli sava\u015f\u00e7\u0131lar kendi b\u00f6lgelerinde, o b\u00f6lgelerin askeri \u00e7er\u00e7evesi dahilinde g\u00f6rev yapabilirler; bu onlar\u0131n hakk\u0131d\u0131r.\u201d<\/p>\n<p><strong>Tutuklular\u0131n serbest b\u0131rak\u0131lmas\u0131<\/strong><\/p>\n<p>G\u00f6r\u00fc\u015fmelerde en sanc\u0131l\u0131 ba\u015fl\u0131\u011f\u0131n tutuklu ve mahk\u00fbm dosyas\u0131 oldu\u011funu aktaran Hemo, Ramazan Bayram\u0131 \u00f6ncesi verilmi\u015f olan tahliye s\u00f6zlerinin tam olarak yerine getirilmemesine y\u00f6nelik sert ele\u015ftirilerde bulundu.<\/p>\n<p>S\u00fcrecin yava\u015f ilerlemesini \u201cgayri ahlaki\u201d bir siyasi pazarl\u0131k olarak niteleyen Hemo, tepkisini \u015f\u00f6yle dile getirdi:<\/p>\n<p>\u201cBu konu bizi \u00e7ok yordu. Say\u0131n Bakan da t\u00fcm tutuklular\u0131 Ramazan Bayram\u0131\u2019ndan \u00f6nce serbest b\u0131rakaca\u011f\u0131m\u0131z\u0131 s\u00f6ylemi\u015fti. Ancak neden ger\u00e7ekle\u015fmedi\u011fini anlam\u0131\u015f de\u011filim. Tutuklu meselesinin siyasi bask\u0131lara ba\u011flanmas\u0131 ahlaki de\u011fildir. Hi\u00e7bir tutuklunun, \u00f6zellikle de Demokratik Suriye G\u00fc\u00e7leri sava\u015f\u00e7\u0131lar\u0131n\u0131n hi\u00e7bir yerde kalmamas\u0131n\u0131 talep ediyoruz. K\u00fcrt halk\u0131n\u0131n ve tutuklu annelerinin bizden hesap sormaya hakk\u0131 var; \u00e7\u00fcnk\u00fc biz anla\u015ft\u0131k ama \u00e7ocuklar\u0131 h\u00e2l\u00e2 hapiste. Bunu hi\u00e7bir mant\u0131k kabul etmez.\u201d<\/p>\n<p><strong>\u201cBaz\u0131lar\u0131 soruyor, kaybettik mi? S\u0131f\u0131ra m\u0131 d\u00f6nd\u00fck? Hay\u0131r, d\u00f6nmedik\u201d<\/strong><\/p>\n<p>Suriye\u2019nin stratejik bir s\u00fcre\u00e7ten ge\u00e7ti\u011fini ve b\u00f6lgesel \u00e7at\u0131\u015fmalardan korunmas\u0131 gerekti\u011fini belirten Hemo, \u00e7\u00f6z\u00fcm\u00fcn \u201cayr\u0131\u015fmada de\u011fil, birle\u015fik bir Suriye i\u00e7inde haklar\u0131n garanti alt\u0131na al\u0131nmas\u0131nda\u201d oldu\u011funu savundu.<\/p>\n<p>T\u00fcm Suriyelilere birlik \u00e7a\u011fr\u0131s\u0131 yapan Hemo, konu\u015fmas\u0131n\u0131 \u015fu s\u00f6zlerle tamamlad\u0131:<\/p>\n<p>\u201cSuriye\u2019deki K\u00fcrtlerin korunmas\u0131, anayasal haklar\u0131n\u0131n g\u00fcvence alt\u0131na al\u0131nmas\u0131yla sa\u011flan\u0131r. Hukuki ve anayasal m\u00fccadelemizi art\u0131rmal\u0131 ve K\u00fcrt meselesine \u00f6ncelik vermeliyiz. Baas Partisi iktidar\u0131 d\u00f6neminde K\u00fcrtlerin \u00f6rg\u00fctlenmesine veya adil bir \u015fekilde temsil edilmesine izin verilmedi. Ancak \u015fimdi K\u00fcrtlere adil ve etkili bir temsil elde etmeleri i\u00e7in yollar ve f\u0131rsatlar var. \u015eu anda bir in\u015fa a\u015famas\u0131nday\u0131z, bu nedenle bu s\u00fcreci do\u011fru y\u00f6ne y\u00f6nlendirmek tarihi bir sorumlulu\u011fumuzdur. Suriyeli karde\u015flerimize tek bir ideolojiyi dayatma giri\u015fimlerini ve daha fazla bask\u0131y\u0131 \u00f6nlemeliyiz.<\/p>\n<p>Suriye \u00e7e\u015fitlidir, buna inan\u0131yoruz. Bu nedenle K\u00fcrtler de bu fikre inanmal\u0131d\u0131r. Biz Suriye K\u00fcrtlerinin verdi\u011fi m\u00fccadele \u00e7ok kutsald\u0131. Baz\u0131lar\u0131 soruyor, kaybettik mi? S\u0131f\u0131ra m\u0131 d\u00f6nd\u00fck? Hay\u0131r, d\u00f6nmedik. \u015eimdi d\u00fcnya K\u00fcrt meselesini tart\u0131\u015f\u0131yor. Suriye\u2019de, istedi\u011fimiz her yerde ve her zaman, hatta Suriye\u2019de d\u00fczenlenen her etkinlikte K\u00fcrtlerin varl\u0131\u011f\u0131ndan bahsedebiliriz. Bu, ge\u00e7mi\u015f y\u0131llarda t\u00fcm cephelerde verdi\u011fimiz m\u00fccadele, emek ve direni\u015fin ve \u015fehitlerimizin kan\u0131n\u0131n sonucudur. Ancak bu m\u00fccadele ve kazan\u0131mlar\u0131 kapsaml\u0131 bir Suriye anayasas\u0131 gerektiriyor. Bu nedenle, bu anayasan\u0131n yaz\u0131m s\u00fcrecine her \u015fekilde ve her bi\u00e7imde kat\u0131lmal\u0131y\u0131z.\u201d<\/p>\n","protected":false},"excerpt":{"rendered":"<p>DSG\u2019nin orduya entegrasyonuna dair a\u00e7\u0131klamalarda bulunan Suriye Savunma Bakan\u0131 Yard\u0131mc\u0131s\u0131 Sipan Hemo (Semir Eli Oso), \u201c29 Ocak Anla\u015fmas\u0131 uyar\u0131nca 4 tugay olu\u015fturuldu ve bunlar resmen yap\u0131ya entegre edildi. Kobani tugay\u0131 ile Haseke, Kam\u0131\u015flo ve Derik\u2019teki di\u011fer 3 tugay \u00f6rg\u00fctsel ve resmi d\u00fczeyde entegre oldular, \u015fimdi ise pratik saha \u00e7al\u0131\u015fmalar\u0131 yap\u0131l\u0131yor\u201d ifadelerini kulland\u0131. Suriye Savunma Bakan [&hellip;]<\/p>\n","protected":false},"author":2,"featured_media":1038010,"comment_status":"closed","ping_status":"closed","sticky":false,"template":"","format":"standard","meta":{"footnotes":""},"categories":[3],"tags":[],"class_list":["post-1038008","post","type-post","status-publish","format-standard","has-post-thumbnail","hentry","category-kurdistan"],"blocksy_meta":[],"seo_head":"<!-- This site is optimized with the Yoast SEO plugin v27.5 - https:\/\/yoast.com\/product\/yoast-seo-wordpress\/ -->\n<title>Sipan Hamo Suriye ile entegrasyon s\u00fcrecini de\u011ferlendirdi: - Darka Mazi<\/title>\n<meta name=\"robots\" content=\"index, follow, max-snippet:-1, max-image-preview:large, max-video-preview:-1\" \/>\n<link rel=\"canonical\" href=\"https:\/\/darkamazi.site\/archives\/1038008\" \/>\n<meta property=\"og:locale\" content=\"en_US\" \/>\n<meta property=\"og:type\" content=\"article\" \/>\n<meta property=\"og:title\" content=\"Sipan Hamo Suriye ile entegrasyon s\u00fcrecini de\u011ferlendirdi: - Darka Mazi\" \/>\n<meta property=\"og:description\" content=\"DSG\u2019nin orduya entegrasyonuna dair a\u00e7\u0131klamalarda bulunan Suriye Savunma Bakan\u0131 Yard\u0131mc\u0131s\u0131 Sipan Hemo (Semir Eli Oso), \u201c29 Ocak Anla\u015fmas\u0131 uyar\u0131nca 4 tugay olu\u015fturuldu ve bunlar resmen yap\u0131ya entegre edildi. Kobani tugay\u0131 ile Haseke, Kam\u0131\u015flo ve Derik\u2019teki di\u011fer 3 tugay \u00f6rg\u00fctsel ve resmi d\u00fczeyde entegre oldular, \u015fimdi ise pratik saha \u00e7al\u0131\u015fmalar\u0131 yap\u0131l\u0131yor\u201d ifadelerini kulland\u0131. Suriye Savunma Bakan [&hellip;]\" \/>\n<meta property=\"og:url\" content=\"https:\/\/darkamazi.site\/archives\/1038008\" \/>\n<meta property=\"og:site_name\" content=\"Darka Mazi\" \/>\n<meta property=\"article:publisher\" content=\"https:\/\/www.facebook.com\/DarkaMaziturkce\" \/>\n<meta property=\"article:published_time\" content=\"2026-05-02T10:34:14+00:00\" \/>\n<meta property=\"article:modified_time\" content=\"2026-05-02T10:39:27+00:00\" \/>\n<meta property=\"og:image\" content=\"https:\/\/darkamazi.site\/file\/2026\/05\/HSD.jpg\" \/>\n\t<meta property=\"og:image:width\" content=\"1200\" \/>\n\t<meta property=\"og:image:height\" content=\"675\" \/>\n\t<meta property=\"og:image:type\" content=\"image\/jpeg\" \/>\n<meta name=\"author\" content=\"darka mazi\" \/>\n<meta name=\"twitter:card\" content=\"summary_large_image\" \/>\n<meta name=\"twitter:creator\" content=\"@DarkaMaziTurkce\" \/>\n<meta name=\"twitter:site\" content=\"@DarkaMaziTurkce\" \/>\n<meta name=\"twitter:label1\" content=\"Written by\" \/>\n\t<meta name=\"twitter:data1\" content=\"darka mazi\" \/>\n\t<meta name=\"twitter:label2\" content=\"Est. reading time\" \/>\n\t<meta name=\"twitter:data2\" content=\"4 minutes\" \/>\n<script type=\"application\/ld+json\" class=\"seo-schema-graph\">{\"@context\":\"https:\\\/\\\/schema.org\",\"@graph\":[{\"@type\":\"NewsArticle\",\"@id\":\"https:\\\/\\\/darkamazi.site\\\/archives\\\/1038008#article\",\"isPartOf\":{\"@id\":\"https:\\\/\\\/darkamazi.site\\\/archives\\\/1038008\"},\"author\":{\"name\":\"darka mazi\",\"@id\":\"https:\\\/\\\/darkamazi.site\\\/#\\\/schema\\\/person\\\/67986a95ac546c16760365877ef4a9d3\"},\"headline\":\"Sipan Hamo Suriye ile entegrasyon s\u00fcrecini de\u011ferlendirdi:\",\"datePublished\":\"2026-05-02T10:34:14+00:00\",\"dateModified\":\"2026-05-02T10:39:27+00:00\",\"mainEntityOfPage\":{\"@id\":\"https:\\\/\\\/darkamazi.site\\\/archives\\\/1038008\"},\"wordCount\":1123,\"publisher\":{\"@id\":\"https:\\\/\\\/darkamazi.site\\\/#organization\"},\"image\":{\"@id\":\"https:\\\/\\\/darkamazi.site\\\/archives\\\/1038008#primaryimage\"},\"thumbnailUrl\":\"https:\\\/\\\/darkamazi.site\\\/darka-content\\\/uploads\\\/2026\\\/05\\\/HSD.jpg\",\"articleSection\":[\"Kurdistan\"],\"inLanguage\":\"en-US\"},{\"@type\":\"WebPage\",\"@id\":\"https:\\\/\\\/darkamazi.site\\\/archives\\\/1038008\",\"url\":\"https:\\\/\\\/darkamazi.site\\\/archives\\\/1038008\",\"name\":\"Sipan Hamo Suriye ile entegrasyon s\u00fcrecini de\u011ferlendirdi: - Darka Mazi\",\"isPartOf\":{\"@id\":\"https:\\\/\\\/darkamazi.site\\\/#website\"},\"primaryImageOfPage\":{\"@id\":\"https:\\\/\\\/darkamazi.site\\\/archives\\\/1038008#primaryimage\"},\"image\":{\"@id\":\"https:\\\/\\\/darkamazi.site\\\/archives\\\/1038008#primaryimage\"},\"thumbnailUrl\":\"https:\\\/\\\/darkamazi.site\\\/darka-content\\\/uploads\\\/2026\\\/05\\\/HSD.jpg\",\"datePublished\":\"2026-05-02T10:34:14+00:00\",\"dateModified\":\"2026-05-02T10:39:27+00:00\",\"breadcrumb\":{\"@id\":\"https:\\\/\\\/darkamazi.site\\\/archives\\\/1038008#breadcrumb\"},\"inLanguage\":\"en-US\",\"potentialAction\":[{\"@type\":\"ReadAction\",\"target\":[\"https:\\\/\\\/darkamazi.site\\\/archives\\\/1038008\"]}]},{\"@type\":\"ImageObject\",\"inLanguage\":\"en-US\",\"@id\":\"https:\\\/\\\/darkamazi.site\\\/archives\\\/1038008#primaryimage\",\"url\":\"https:\\\/\\\/darkamazi.site\\\/darka-content\\\/uploads\\\/2026\\\/05\\\/HSD.jpg\",\"contentUrl\":\"https:\\\/\\\/darkamazi.site\\\/darka-content\\\/uploads\\\/2026\\\/05\\\/HSD.jpg\",\"width\":1200,\"height\":675,\"caption\":\"HSD'nin d\u00f6rt tugay\u0131 resmen \u015eam g\u00fc\u00e7lerine kat\u0131ld\u0131\"},{\"@type\":\"BreadcrumbList\",\"@id\":\"https:\\\/\\\/darkamazi.site\\\/archives\\\/1038008#breadcrumb\",\"itemListElement\":[{\"@type\":\"ListItem\",\"position\":1,\"name\":\"Home\",\"item\":\"https:\\\/\\\/darkamazi.site\\\/\"},{\"@type\":\"ListItem\",\"position\":2,\"name\":\"Sipan Hamo Suriye ile entegrasyon s\u00fcrecini de\u011ferlendirdi:\"}]},{\"@type\":\"WebSite\",\"@id\":\"https:\\\/\\\/darkamazi.site\\\/#website\",\"url\":\"https:\\\/\\\/darkamazi.site\\\/\",\"name\":\"Darka Mazi\",\"description\":\"Ana Sayfa\",\"publisher\":{\"@id\":\"https:\\\/\\\/darkamazi.site\\\/#organization\"},\"potentialAction\":[{\"@type\":\"SearchAction\",\"target\":{\"@type\":\"EntryPoint\",\"urlTemplate\":\"https:\\\/\\\/darkamazi.site\\\/?s={search_term_string}\"},\"query-input\":{\"@type\":\"PropertyValueSpecification\",\"valueRequired\":true,\"valueName\":\"search_term_string\"}}],\"inLanguage\":\"en-US\"},{\"@type\":\"Organization\",\"@id\":\"https:\\\/\\\/darkamazi.site\\\/#organization\",\"name\":\"Darka Mazi T\u00fcrk\u00e7e\",\"alternateName\":\"Darka Mazi\",\"url\":\"https:\\\/\\\/darkamazi.site\\\/\",\"logo\":{\"@type\":\"ImageObject\",\"inLanguage\":\"en-US\",\"@id\":\"https:\\\/\\\/darkamazi.site\\\/#\\\/schema\\\/logo\\\/image\\\/\",\"url\":\"https:\\\/\\\/darkamazi.site\\\/darka-content\\\/uploads\\\/2017\\\/12\\\/darka-mazi-logo.png\",\"contentUrl\":\"https:\\\/\\\/darkamazi.site\\\/darka-content\\\/uploads\\\/2017\\\/12\\\/darka-mazi-logo.png\",\"width\":151,\"height\":75,\"caption\":\"Darka Mazi T\u00fcrk\u00e7e\"},\"image\":{\"@id\":\"https:\\\/\\\/darkamazi.site\\\/#\\\/schema\\\/logo\\\/image\\\/\"},\"sameAs\":[\"https:\\\/\\\/www.facebook.com\\\/DarkaMaziturkce\",\"https:\\\/\\\/x.com\\\/DarkaMaziTurkce\"]},{\"@type\":\"Person\",\"@id\":\"https:\\\/\\\/darkamazi.site\\\/#\\\/schema\\\/person\\\/67986a95ac546c16760365877ef4a9d3\",\"name\":\"darka mazi\",\"sameAs\":[\"https:\\\/\\\/darkamazi.site\"],\"url\":\"https:\\\/\\\/darkamazi.site\\\/archives\\\/author\\\/turkish\"}]}<\/script>\n<!-- \/ Yoast SEO plugin. -->","seo_head_json":{"title":"Sipan Hamo Suriye ile entegrasyon s\u00fcrecini de\u011ferlendirdi: - Darka Mazi","robots":{"index":"index","follow":"follow","max-snippet":"max-snippet:-1","max-image-preview":"max-image-preview:large","max-video-preview":"max-video-preview:-1"},"canonical":"https:\/\/darkamazi.site\/archives\/1038008","og_locale":"en_US","og_type":"article","og_title":"Sipan Hamo Suriye ile entegrasyon s\u00fcrecini de\u011ferlendirdi: - Darka Mazi","og_description":"DSG\u2019nin orduya entegrasyonuna dair a\u00e7\u0131klamalarda bulunan Suriye Savunma Bakan\u0131 Yard\u0131mc\u0131s\u0131 Sipan Hemo (Semir Eli Oso), \u201c29 Ocak Anla\u015fmas\u0131 uyar\u0131nca 4 tugay olu\u015fturuldu ve bunlar resmen yap\u0131ya entegre edildi. Kobani tugay\u0131 ile Haseke, Kam\u0131\u015flo ve Derik\u2019teki di\u011fer 3 tugay \u00f6rg\u00fctsel ve resmi d\u00fczeyde entegre oldular, \u015fimdi ise pratik saha \u00e7al\u0131\u015fmalar\u0131 yap\u0131l\u0131yor\u201d ifadelerini kulland\u0131. Suriye Savunma Bakan [&hellip;]","og_url":"https:\/\/darkamazi.site\/archives\/1038008","og_site_name":"Darka Mazi","article_publisher":"https:\/\/www.facebook.com\/DarkaMaziturkce","article_published_time":"2026-05-02T10:34:14+00:00","article_modified_time":"2026-05-02T10:39:27+00:00","og_image":[{"width":1200,"height":675,"url":"https:\/\/darkamazi.site\/file\/2026\/05\/HSD.jpg","type":"image\/jpeg"}],"author":"darka mazi","twitter_card":"summary_large_image","twitter_creator":"@DarkaMaziTurkce","twitter_site":"@DarkaMaziTurkce","twitter_misc":{"Written by":"darka mazi","Est. reading time":"4 minutes"},"schema":{"@context":"https:\/\/schema.org","@graph":[{"@type":"NewsArticle","@id":"https:\/\/darkamazi.site\/archives\/1038008#article","isPartOf":{"@id":"https:\/\/darkamazi.site\/archives\/1038008"},"author":{"name":"darka mazi","@id":"https:\/\/darkamazi.site\/#\/schema\/person\/67986a95ac546c16760365877ef4a9d3"},"headline":"Sipan Hamo Suriye ile entegrasyon s\u00fcrecini de\u011ferlendirdi:","datePublished":"2026-05-02T10:34:14+00:00","dateModified":"2026-05-02T10:39:27+00:00","mainEntityOfPage":{"@id":"https:\/\/darkamazi.site\/archives\/1038008"},"wordCount":1123,"publisher":{"@id":"https:\/\/darkamazi.site\/#organization"},"image":{"@id":"https:\/\/darkamazi.site\/archives\/1038008#primaryimage"},"thumbnailUrl":"https:\/\/darkamazi.site\/file\/2026\/05\/HSD.jpg","articleSection":["Kurdistan"],"inLanguage":"en-US"},{"@type":"WebPage","@id":"https:\/\/darkamazi.site\/archives\/1038008","url":"https:\/\/darkamazi.site\/archives\/1038008","name":"Sipan Hamo Suriye ile entegrasyon s\u00fcrecini de\u011ferlendirdi: - Darka Mazi","isPartOf":{"@id":"https:\/\/darkamazi.site\/#website"},"primaryImageOfPage":{"@id":"https:\/\/darkamazi.site\/archives\/1038008#primaryimage"},"image":{"@id":"https:\/\/darkamazi.site\/archives\/1038008#primaryimage"},"thumbnailUrl":"https:\/\/darkamazi.site\/file\/2026\/05\/HSD.jpg","datePublished":"2026-05-02T10:34:14+00:00","dateModified":"2026-05-02T10:39:27+00:00","breadcrumb":{"@id":"https:\/\/darkamazi.site\/archives\/1038008#breadcrumb"},"inLanguage":"en-US","potentialAction":[{"@type":"ReadAction","target":["https:\/\/darkamazi.site\/archives\/1038008"]}]},{"@type":"ImageObject","inLanguage":"en-US","@id":"https:\/\/darkamazi.site\/archives\/1038008#primaryimage","url":"https:\/\/darkamazi.site\/file\/2026\/05\/HSD.jpg","contentUrl":"https:\/\/darkamazi.site\/file\/2026\/05\/HSD.jpg","width":1200,"height":675,"caption":"HSD'nin d\u00f6rt tugay\u0131 resmen \u015eam g\u00fc\u00e7lerine kat\u0131ld\u0131"},{"@type":"BreadcrumbList","@id":"https:\/\/darkamazi.site\/archives\/1038008#breadcrumb","itemListElement":[{"@type":"ListItem","position":1,"name":"Home","item":"https:\/\/darkamazi.site\/"},{"@type":"ListItem","position":2,"name":"Sipan Hamo Suriye ile entegrasyon s\u00fcrecini de\u011ferlendirdi:"}]},{"@type":"WebSite","@id":"https:\/\/darkamazi.site\/#website","url":"https:\/\/darkamazi.site\/","name":"Darka Mazi","description":"Ana Sayfa","publisher":{"@id":"https:\/\/darkamazi.site\/#organization"},"potentialAction":[{"@type":"SearchAction","target":{"@type":"EntryPoint","urlTemplate":"https:\/\/darkamazi.site\/?s={search_term_string}"},"query-input":{"@type":"PropertyValueSpecification","valueRequired":true,"valueName":"search_term_string"}}],"inLanguage":"en-US"},{"@type":"Organization","@id":"https:\/\/darkamazi.site\/#organization","name":"Darka Mazi T\u00fcrk\u00e7e","alternateName":"Darka Mazi","url":"https:\/\/darkamazi.site\/","logo":{"@type":"ImageObject","inLanguage":"en-US","@id":"https:\/\/darkamazi.site\/#\/schema\/logo\/image\/","url":"https:\/\/darkamazi.site\/file\/2017\/12\/darka-mazi-logo.png","contentUrl":"https:\/\/darkamazi.site\/file\/2017\/12\/darka-mazi-logo.png","width":151,"height":75,"caption":"Darka Mazi T\u00fcrk\u00e7e"},"image":{"@id":"https:\/\/darkamazi.site\/#\/schema\/logo\/image\/"},"sameAs":["https:\/\/www.facebook.com\/DarkaMaziturkce","https:\/\/x.com\/DarkaMaziTurkce"]},{"@type":"Person","@id":"https:\/\/darkamazi.site\/#\/schema\/person\/67986a95ac546c16760365877ef4a9d3","name":"darka mazi","sameAs":["https:\/\/darkamazi.site"],"url":"https:\/\/darkamazi.site\/archives\/author\/turkish"}]}},"_links":{"self":[{"href":"https:\/\/darkamazi.site\/funavuv\/wp\/v2\/posts\/1038008","targetHints":{"allow":["GET"]}}],"collection":[{"href":"https:\/\/darkamazi.site\/funavuv\/wp\/v2\/posts"}],"about":[{"href":"https:\/\/darkamazi.site\/funavuv\/wp\/v2\/types\/post"}],"author":[{"embeddable":true,"href":"https:\/\/darkamazi.site\/funavuv\/wp\/v2\/users\/2"}],"replies":[{"embeddable":true,"href":"https:\/\/darkamazi.site\/funavuv\/wp\/v2\/comments?post=1038008"}],"version-history":[{"count":2,"href":"https:\/\/darkamazi.site\/funavuv\/wp\/v2\/posts\/1038008\/revisions"}],"predecessor-version":[{"id":1038011,"href":"https:\/\/darkamazi.site\/funavuv\/wp\/v2\/posts\/1038008\/revisions\/1038011"}],"wp:featuredmedia":[{"embeddable":true,"href":"https:\/\/darkamazi.site\/funavuv\/wp\/v2\/media\/1038010"}],"wp:attachment":[{"href":"https:\/\/darkamazi.site\/funavuv\/wp\/v2\/media?parent=1038008"}],"wp:term":[{"taxonomy":"category","embeddable":true,"href":"https:\/\/darkamazi.site\/funavuv\/wp\/v2\/categories?post=1038008"},{"taxonomy":"post_tag","embeddable":true,"href":"https:\/\/darkamazi.site\/funavuv\/wp\/v2\/tags?post=1038008"}],"curies":[{"name":"wp","href":"https:\/\/api.w.org\/{rel}","templated":true}]}}