{"id":1038012,"date":"2026-05-02T13:45:01","date_gmt":"2026-05-02T10:45:01","guid":{"rendered":"https:\/\/darkamazi.site\/?p=1038012"},"modified":"2026-05-02T13:45:01","modified_gmt":"2026-05-02T10:45:01","slug":"basbakan-barzani-irak-basbakan-adayi-zeydi-ile-gorustu-masada-hukumet-kurma-sureci-var","status":"publish","type":"post","link":"https:\/\/darkamazi.site\/archives\/1038012","title":{"rendered":"Ba\u015fbakan Barzani Irak Ba\u015fbakan aday\u0131 Zeydi ile g\u00f6r\u00fc\u015ft\u00fc: Masada H\u00fck\u00fcmet kurma s\u00fcreci var"},"content":{"rendered":"<p style=\"text-align: justify;\">\u00a0Irak\u2019ta h\u00fck\u00fcmeti kurmakla g\u00f6revlendirilen Ba\u015fbakan aday\u0131 Ali Falih Zeydi, K\u00fcrdistan B\u00f6lgesi\u2019ne geldi.<\/p>\n<p style=\"text-align: justify;\">Zeydi, Erbil Uluslararas\u0131 Havaliman\u0131\u2019nda K\u00fcrdistan B\u00f6lgesi Ba\u015fbakan\u0131 Mesrur Barzani taraf\u0131ndan kar\u015f\u0131land\u0131.<\/p>\n<p style=\"text-align: justify;\">Kar\u015f\u0131lama t\u00f6renine, K\u00fcrdistan Demokrat Partisi (KDP) ve Irak h\u00fck\u00fcmetinden \u00fcst d\u00fczey yetkililer kat\u0131ld\u0131.<\/p>\n<p style=\"text-align: justify;\">Zeydi\u2019ye ziyaretinde, Irak\u2019taki \u00e7e\u015fitli siyasi olu\u015fumlar\u0131n temsilcilerinden olu\u015fan bir heyet e\u015flik ediyor.<\/p>\n<p style=\"text-align: justify;\">Program kapsam\u0131nda Zaidi\u2019nin, Ba\u015fkan Mesud Barzani, K\u00fcrdistan B\u00f6lgesi Ba\u015fkan\u0131 Ne\u00e7irvan Barzani ve Ba\u015fbakan Mesrur Barzani ile g\u00f6r\u00fc\u015fmesi bekleniyor.<\/p>\n<p style=\"text-align: justify;\">G\u00f6r\u00fc\u015fmelerde yeni h\u00fck\u00fcmetin kurulma s\u00fcrecinin ele al\u0131naca\u011f\u0131 bildirildi.<\/p>\n<p style=\"text-align: justify;\">Zeydi\u2019nin Erbil temaslar\u0131n\u0131n ard\u0131ndan S\u00fcleymaniye\u2019ye ge\u00e7erek K\u00fcrdistan Yurtseverler Birli\u011fi (KYB) Ba\u015fkan\u0131 Baf\u0131l Talabani ile bir araya gelmesi planlan\u0131yor.<\/p>\n<p style=\"text-align: justify;\">Ali Falih Zeydi, 27 Nisan\u2019da Irak\u2019ta yeni h\u00fck\u00fcmeti kurmak \u00fczere resmen g\u00f6revlendirilmi\u015fti. Zaidi\u2019nin kabinesini olu\u015fturmak i\u00e7in 30 g\u00fcnl\u00fck yasal s\u00fcresi bulunuyor<span dir=\"RTL\">.<\/span><\/p>\n","protected":false},"excerpt":{"rendered":"<p>\u00a0Irak\u2019ta h\u00fck\u00fcmeti kurmakla g\u00f6revlendirilen Ba\u015fbakan aday\u0131 Ali Falih Zeydi, K\u00fcrdistan B\u00f6lgesi\u2019ne geldi. Zeydi, Erbil Uluslararas\u0131 Havaliman\u0131\u2019nda K\u00fcrdistan B\u00f6lgesi Ba\u015fbakan\u0131 Mesrur Barzani taraf\u0131ndan kar\u015f\u0131land\u0131. Kar\u015f\u0131lama t\u00f6renine, K\u00fcrdistan Demokrat Partisi (KDP) ve Irak h\u00fck\u00fcmetinden \u00fcst d\u00fczey yetkililer kat\u0131ld\u0131. Zeydi\u2019ye ziyaretinde, Irak\u2019taki \u00e7e\u015fitli siyasi olu\u015fumlar\u0131n temsilcilerinden olu\u015fan bir heyet e\u015flik ediyor. Program kapsam\u0131nda Zaidi\u2019nin, Ba\u015fkan Mesud Barzani, K\u00fcrdistan [&hellip;]<\/p>\n","protected":false},"author":2,"featured_media":1038014,"comment_status":"closed","ping_status":"closed","sticky":false,"template":"","format":"standard","meta":{"footnotes":""},"categories":[3],"tags":[31],"class_list":["post-1038012","post","type-post","status-publish","format-standard","has-post-thumbnail","hentry","category-kurdistan","tag-onemli"],"blocksy_meta":[],"seo_head":"<!-- This site is optimized with the Yoast SEO plugin v27.5 - https:\/\/yoast.com\/product\/yoast-seo-wordpress\/ -->\n<title>Ba\u015fbakan Barzani Irak Ba\u015fbakan aday\u0131 Zeydi ile g\u00f6r\u00fc\u015ft\u00fc: Masada H\u00fck\u00fcmet kurma s\u00fcreci var - Darka Mazi<\/title>\n<meta name=\"robots\" content=\"index, follow, max-snippet:-1, max-image-preview:large, max-video-preview:-1\" \/>\n<link rel=\"canonical\" href=\"https:\/\/darkamazi.site\/archives\/1038012\" \/>\n<meta property=\"og:locale\" content=\"en_US\" \/>\n<meta property=\"og:type\" content=\"article\" \/>\n<meta property=\"og:title\" content=\"Ba\u015fbakan Barzani Irak Ba\u015fbakan aday\u0131 Zeydi ile g\u00f6r\u00fc\u015ft\u00fc: Masada H\u00fck\u00fcmet kurma s\u00fcreci var - Darka Mazi\" \/>\n<meta property=\"og:description\" content=\"\u00a0Irak\u2019ta h\u00fck\u00fcmeti kurmakla g\u00f6revlendirilen Ba\u015fbakan aday\u0131 Ali Falih Zeydi, K\u00fcrdistan B\u00f6lgesi\u2019ne geldi. Zeydi, Erbil Uluslararas\u0131 Havaliman\u0131\u2019nda K\u00fcrdistan B\u00f6lgesi Ba\u015fbakan\u0131 Mesrur Barzani taraf\u0131ndan kar\u015f\u0131land\u0131. Kar\u015f\u0131lama t\u00f6renine, K\u00fcrdistan Demokrat Partisi (KDP) ve Irak h\u00fck\u00fcmetinden \u00fcst d\u00fczey yetkililer kat\u0131ld\u0131. Zeydi\u2019ye ziyaretinde, Irak\u2019taki \u00e7e\u015fitli siyasi olu\u015fumlar\u0131n temsilcilerinden olu\u015fan bir heyet e\u015flik ediyor. Program kapsam\u0131nda Zaidi\u2019nin, Ba\u015fkan Mesud Barzani, K\u00fcrdistan [&hellip;]\" \/>\n<meta property=\"og:url\" content=\"https:\/\/darkamazi.site\/archives\/1038012\" \/>\n<meta property=\"og:site_name\" content=\"Darka Mazi\" \/>\n<meta property=\"article:publisher\" content=\"https:\/\/www.facebook.com\/DarkaMaziturkce\" \/>\n<meta property=\"article:published_time\" content=\"2026-05-02T10:45:01+00:00\" \/>\n<meta property=\"og:image\" content=\"https:\/\/darkamazi.site\/file\/2026\/05\/PM-Serok.jpg\" \/>\n\t<meta property=\"og:image:width\" content=\"1500\" \/>\n\t<meta property=\"og:image:height\" content=\"999\" \/>\n\t<meta property=\"og:image:type\" content=\"image\/jpeg\" \/>\n<meta name=\"author\" content=\"darka mazi\" \/>\n<meta name=\"twitter:card\" content=\"summary_large_image\" \/>\n<meta name=\"twitter:creator\" content=\"@DarkaMaziTurkce\" \/>\n<meta name=\"twitter:site\" content=\"@DarkaMaziTurkce\" \/>\n<meta name=\"twitter:label1\" content=\"Written by\" \/>\n\t<meta name=\"twitter:data1\" content=\"darka mazi\" \/>\n\t<meta name=\"twitter:label2\" content=\"Est. reading time\" \/>\n\t<meta name=\"twitter:data2\" content=\"1 minute\" \/>\n<script type=\"application\/ld+json\" class=\"seo-schema-graph\">{\"@context\":\"https:\\\/\\\/schema.org\",\"@graph\":[{\"@type\":\"NewsArticle\",\"@id\":\"https:\\\/\\\/darkamazi.site\\\/archives\\\/1038012#article\",\"isPartOf\":{\"@id\":\"https:\\\/\\\/darkamazi.site\\\/archives\\\/1038012\"},\"author\":{\"name\":\"darka mazi\",\"@id\":\"https:\\\/\\\/darkamazi.site\\\/#\\\/schema\\\/person\\\/67986a95ac546c16760365877ef4a9d3\"},\"headline\":\"Ba\u015fbakan Barzani Irak Ba\u015fbakan aday\u0131 Zeydi ile g\u00f6r\u00fc\u015ft\u00fc: Masada H\u00fck\u00fcmet kurma s\u00fcreci var\",\"datePublished\":\"2026-05-02T10:45:01+00:00\",\"mainEntityOfPage\":{\"@id\":\"https:\\\/\\\/darkamazi.site\\\/archives\\\/1038012\"},\"wordCount\":199,\"publisher\":{\"@id\":\"https:\\\/\\\/darkamazi.site\\\/#organization\"},\"image\":{\"@id\":\"https:\\\/\\\/darkamazi.site\\\/archives\\\/1038012#primaryimage\"},\"thumbnailUrl\":\"https:\\\/\\\/darkamazi.site\\\/darka-content\\\/uploads\\\/2026\\\/05\\\/PM-Serok.jpg\",\"keywords\":[\"\u00f6nemli\"],\"articleSection\":[\"Kurdistan\"],\"inLanguage\":\"en-US\"},{\"@type\":\"WebPage\",\"@id\":\"https:\\\/\\\/darkamazi.site\\\/archives\\\/1038012\",\"url\":\"https:\\\/\\\/darkamazi.site\\\/archives\\\/1038012\",\"name\":\"Ba\u015fbakan Barzani Irak Ba\u015fbakan aday\u0131 Zeydi ile g\u00f6r\u00fc\u015ft\u00fc: Masada H\u00fck\u00fcmet kurma s\u00fcreci var - Darka Mazi\",\"isPartOf\":{\"@id\":\"https:\\\/\\\/darkamazi.site\\\/#website\"},\"primaryImageOfPage\":{\"@id\":\"https:\\\/\\\/darkamazi.site\\\/archives\\\/1038012#primaryimage\"},\"image\":{\"@id\":\"https:\\\/\\\/darkamazi.site\\\/archives\\\/1038012#primaryimage\"},\"thumbnailUrl\":\"https:\\\/\\\/darkamazi.site\\\/darka-content\\\/uploads\\\/2026\\\/05\\\/PM-Serok.jpg\",\"datePublished\":\"2026-05-02T10:45:01+00:00\",\"breadcrumb\":{\"@id\":\"https:\\\/\\\/darkamazi.site\\\/archives\\\/1038012#breadcrumb\"},\"inLanguage\":\"en-US\",\"potentialAction\":[{\"@type\":\"ReadAction\",\"target\":[\"https:\\\/\\\/darkamazi.site\\\/archives\\\/1038012\"]}]},{\"@type\":\"ImageObject\",\"inLanguage\":\"en-US\",\"@id\":\"https:\\\/\\\/darkamazi.site\\\/archives\\\/1038012#primaryimage\",\"url\":\"https:\\\/\\\/darkamazi.site\\\/darka-content\\\/uploads\\\/2026\\\/05\\\/PM-Serok.jpg\",\"contentUrl\":\"https:\\\/\\\/darkamazi.site\\\/darka-content\\\/uploads\\\/2026\\\/05\\\/PM-Serok.jpg\",\"width\":1500,\"height\":999,\"caption\":\"Ba\u015fbakan Barzani Irak Ba\u015fbakan aday\u0131 Zeydi ile g\u00f6r\u00fc\u015ft\u00fc: Masada H\u00fck\u00fcmet kurma s\u00fcreci var\"},{\"@type\":\"BreadcrumbList\",\"@id\":\"https:\\\/\\\/darkamazi.site\\\/archives\\\/1038012#breadcrumb\",\"itemListElement\":[{\"@type\":\"ListItem\",\"position\":1,\"name\":\"Home\",\"item\":\"https:\\\/\\\/darkamazi.site\\\/\"},{\"@type\":\"ListItem\",\"position\":2,\"name\":\"Ba\u015fbakan Barzani Irak Ba\u015fbakan aday\u0131 Zeydi ile g\u00f6r\u00fc\u015ft\u00fc: Masada H\u00fck\u00fcmet kurma s\u00fcreci var\"}]},{\"@type\":\"WebSite\",\"@id\":\"https:\\\/\\\/darkamazi.site\\\/#website\",\"url\":\"https:\\\/\\\/darkamazi.site\\\/\",\"name\":\"Darka Mazi\",\"description\":\"Ana Sayfa\",\"publisher\":{\"@id\":\"https:\\\/\\\/darkamazi.site\\\/#organization\"},\"potentialAction\":[{\"@type\":\"SearchAction\",\"target\":{\"@type\":\"EntryPoint\",\"urlTemplate\":\"https:\\\/\\\/darkamazi.site\\\/?s={search_term_string}\"},\"query-input\":{\"@type\":\"PropertyValueSpecification\",\"valueRequired\":true,\"valueName\":\"search_term_string\"}}],\"inLanguage\":\"en-US\"},{\"@type\":\"Organization\",\"@id\":\"https:\\\/\\\/darkamazi.site\\\/#organization\",\"name\":\"Darka Mazi T\u00fcrk\u00e7e\",\"alternateName\":\"Darka Mazi\",\"url\":\"https:\\\/\\\/darkamazi.site\\\/\",\"logo\":{\"@type\":\"ImageObject\",\"inLanguage\":\"en-US\",\"@id\":\"https:\\\/\\\/darkamazi.site\\\/#\\\/schema\\\/logo\\\/image\\\/\",\"url\":\"https:\\\/\\\/darkamazi.site\\\/darka-content\\\/uploads\\\/2017\\\/12\\\/darka-mazi-logo.png\",\"contentUrl\":\"https:\\\/\\\/darkamazi.site\\\/darka-content\\\/uploads\\\/2017\\\/12\\\/darka-mazi-logo.png\",\"width\":151,\"height\":75,\"caption\":\"Darka Mazi T\u00fcrk\u00e7e\"},\"image\":{\"@id\":\"https:\\\/\\\/darkamazi.site\\\/#\\\/schema\\\/logo\\\/image\\\/\"},\"sameAs\":[\"https:\\\/\\\/www.facebook.com\\\/DarkaMaziturkce\",\"https:\\\/\\\/x.com\\\/DarkaMaziTurkce\"]},{\"@type\":\"Person\",\"@id\":\"https:\\\/\\\/darkamazi.site\\\/#\\\/schema\\\/person\\\/67986a95ac546c16760365877ef4a9d3\",\"name\":\"darka mazi\",\"sameAs\":[\"https:\\\/\\\/darkamazi.site\"],\"url\":\"https:\\\/\\\/darkamazi.site\\\/archives\\\/author\\\/turkish\"}]}<\/script>\n<!-- \/ Yoast SEO plugin. -->","seo_head_json":{"title":"Ba\u015fbakan Barzani Irak Ba\u015fbakan aday\u0131 Zeydi ile g\u00f6r\u00fc\u015ft\u00fc: Masada H\u00fck\u00fcmet kurma s\u00fcreci var - Darka Mazi","robots":{"index":"index","follow":"follow","max-snippet":"max-snippet:-1","max-image-preview":"max-image-preview:large","max-video-preview":"max-video-preview:-1"},"canonical":"https:\/\/darkamazi.site\/archives\/1038012","og_locale":"en_US","og_type":"article","og_title":"Ba\u015fbakan Barzani Irak Ba\u015fbakan aday\u0131 Zeydi ile g\u00f6r\u00fc\u015ft\u00fc: Masada H\u00fck\u00fcmet kurma s\u00fcreci var - Darka Mazi","og_description":"\u00a0Irak\u2019ta h\u00fck\u00fcmeti kurmakla g\u00f6revlendirilen Ba\u015fbakan aday\u0131 Ali Falih Zeydi, K\u00fcrdistan B\u00f6lgesi\u2019ne geldi. Zeydi, Erbil Uluslararas\u0131 Havaliman\u0131\u2019nda K\u00fcrdistan B\u00f6lgesi Ba\u015fbakan\u0131 Mesrur Barzani taraf\u0131ndan kar\u015f\u0131land\u0131. Kar\u015f\u0131lama t\u00f6renine, K\u00fcrdistan Demokrat Partisi (KDP) ve Irak h\u00fck\u00fcmetinden \u00fcst d\u00fczey yetkililer kat\u0131ld\u0131. Zeydi\u2019ye ziyaretinde, Irak\u2019taki \u00e7e\u015fitli siyasi olu\u015fumlar\u0131n temsilcilerinden olu\u015fan bir heyet e\u015flik ediyor. Program kapsam\u0131nda Zaidi\u2019nin, Ba\u015fkan Mesud Barzani, K\u00fcrdistan [&hellip;]","og_url":"https:\/\/darkamazi.site\/archives\/1038012","og_site_name":"Darka Mazi","article_publisher":"https:\/\/www.facebook.com\/DarkaMaziturkce","article_published_time":"2026-05-02T10:45:01+00:00","og_image":[{"width":1500,"height":999,"url":"https:\/\/darkamazi.site\/file\/2026\/05\/PM-Serok.jpg","type":"image\/jpeg"}],"author":"darka mazi","twitter_card":"summary_large_image","twitter_creator":"@DarkaMaziTurkce","twitter_site":"@DarkaMaziTurkce","twitter_misc":{"Written by":"darka mazi","Est. reading time":"1 minute"},"schema":{"@context":"https:\/\/schema.org","@graph":[{"@type":"NewsArticle","@id":"https:\/\/darkamazi.site\/archives\/1038012#article","isPartOf":{"@id":"https:\/\/darkamazi.site\/archives\/1038012"},"author":{"name":"darka mazi","@id":"https:\/\/darkamazi.site\/#\/schema\/person\/67986a95ac546c16760365877ef4a9d3"},"headline":"Ba\u015fbakan Barzani Irak Ba\u015fbakan aday\u0131 Zeydi ile g\u00f6r\u00fc\u015ft\u00fc: Masada H\u00fck\u00fcmet kurma s\u00fcreci var","datePublished":"2026-05-02T10:45:01+00:00","mainEntityOfPage":{"@id":"https:\/\/darkamazi.site\/archives\/1038012"},"wordCount":199,"publisher":{"@id":"https:\/\/darkamazi.site\/#organization"},"image":{"@id":"https:\/\/darkamazi.site\/archives\/1038012#primaryimage"},"thumbnailUrl":"https:\/\/darkamazi.site\/file\/2026\/05\/PM-Serok.jpg","keywords":["\u00f6nemli"],"articleSection":["Kurdistan"],"inLanguage":"en-US"},{"@type":"WebPage","@id":"https:\/\/darkamazi.site\/archives\/1038012","url":"https:\/\/darkamazi.site\/archives\/1038012","name":"Ba\u015fbakan Barzani Irak Ba\u015fbakan aday\u0131 Zeydi ile g\u00f6r\u00fc\u015ft\u00fc: Masada H\u00fck\u00fcmet kurma s\u00fcreci var - Darka Mazi","isPartOf":{"@id":"https:\/\/darkamazi.site\/#website"},"primaryImageOfPage":{"@id":"https:\/\/darkamazi.site\/archives\/1038012#primaryimage"},"image":{"@id":"https:\/\/darkamazi.site\/archives\/1038012#primaryimage"},"thumbnailUrl":"https:\/\/darkamazi.site\/file\/2026\/05\/PM-Serok.jpg","datePublished":"2026-05-02T10:45:01+00:00","breadcrumb":{"@id":"https:\/\/darkamazi.site\/archives\/1038012#breadcrumb"},"inLanguage":"en-US","potentialAction":[{"@type":"ReadAction","target":["https:\/\/darkamazi.site\/archives\/1038012"]}]},{"@type":"ImageObject","inLanguage":"en-US","@id":"https:\/\/darkamazi.site\/archives\/1038012#primaryimage","url":"https:\/\/darkamazi.site\/file\/2026\/05\/PM-Serok.jpg","contentUrl":"https:\/\/darkamazi.site\/file\/2026\/05\/PM-Serok.jpg","width":1500,"height":999,"caption":"Ba\u015fbakan Barzani Irak Ba\u015fbakan aday\u0131 Zeydi ile g\u00f6r\u00fc\u015ft\u00fc: Masada H\u00fck\u00fcmet kurma s\u00fcreci var"},{"@type":"BreadcrumbList","@id":"https:\/\/darkamazi.site\/archives\/1038012#breadcrumb","itemListElement":[{"@type":"ListItem","position":1,"name":"Home","item":"https:\/\/darkamazi.site\/"},{"@type":"ListItem","position":2,"name":"Ba\u015fbakan Barzani Irak Ba\u015fbakan aday\u0131 Zeydi ile g\u00f6r\u00fc\u015ft\u00fc: Masada H\u00fck\u00fcmet kurma s\u00fcreci var"}]},{"@type":"WebSite","@id":"https:\/\/darkamazi.site\/#website","url":"https:\/\/darkamazi.site\/","name":"Darka Mazi","description":"Ana Sayfa","publisher":{"@id":"https:\/\/darkamazi.site\/#organization"},"potentialAction":[{"@type":"SearchAction","target":{"@type":"EntryPoint","urlTemplate":"https:\/\/darkamazi.site\/?s={search_term_string}"},"query-input":{"@type":"PropertyValueSpecification","valueRequired":true,"valueName":"search_term_string"}}],"inLanguage":"en-US"},{"@type":"Organization","@id":"https:\/\/darkamazi.site\/#organization","name":"Darka Mazi T\u00fcrk\u00e7e","alternateName":"Darka Mazi","url":"https:\/\/darkamazi.site\/","logo":{"@type":"ImageObject","inLanguage":"en-US","@id":"https:\/\/darkamazi.site\/#\/schema\/logo\/image\/","url":"https:\/\/darkamazi.site\/file\/2017\/12\/darka-mazi-logo.png","contentUrl":"https:\/\/darkamazi.site\/file\/2017\/12\/darka-mazi-logo.png","width":151,"height":75,"caption":"Darka Mazi T\u00fcrk\u00e7e"},"image":{"@id":"https:\/\/darkamazi.site\/#\/schema\/logo\/image\/"},"sameAs":["https:\/\/www.facebook.com\/DarkaMaziturkce","https:\/\/x.com\/DarkaMaziTurkce"]},{"@type":"Person","@id":"https:\/\/darkamazi.site\/#\/schema\/person\/67986a95ac546c16760365877ef4a9d3","name":"darka mazi","sameAs":["https:\/\/darkamazi.site"],"url":"https:\/\/darkamazi.site\/archives\/author\/turkish"}]}},"_links":{"self":[{"href":"https:\/\/darkamazi.site\/funavuv\/wp\/v2\/posts\/1038012","targetHints":{"allow":["GET"]}}],"collection":[{"href":"https:\/\/darkamazi.site\/funavuv\/wp\/v2\/posts"}],"about":[{"href":"https:\/\/darkamazi.site\/funavuv\/wp\/v2\/types\/post"}],"author":[{"embeddable":true,"href":"https:\/\/darkamazi.site\/funavuv\/wp\/v2\/users\/2"}],"replies":[{"embeddable":true,"href":"https:\/\/darkamazi.site\/funavuv\/wp\/v2\/comments?post=1038012"}],"version-history":[{"count":1,"href":"https:\/\/darkamazi.site\/funavuv\/wp\/v2\/posts\/1038012\/revisions"}],"predecessor-version":[{"id":1038015,"href":"https:\/\/darkamazi.site\/funavuv\/wp\/v2\/posts\/1038012\/revisions\/1038015"}],"wp:featuredmedia":[{"embeddable":true,"href":"https:\/\/darkamazi.site\/funavuv\/wp\/v2\/media\/1038014"}],"wp:attachment":[{"href":"https:\/\/darkamazi.site\/funavuv\/wp\/v2\/media?parent=1038012"}],"wp:term":[{"taxonomy":"category","embeddable":true,"href":"https:\/\/darkamazi.site\/funavuv\/wp\/v2\/categories?post=1038012"},{"taxonomy":"post_tag","embeddable":true,"href":"https:\/\/darkamazi.site\/funavuv\/wp\/v2\/tags?post=1038012"}],"curies":[{"name":"wp","href":"https:\/\/api.w.org\/{rel}","templated":true}]}}