{"id":1039208,"date":"2026-08-30T12:55:33","date_gmt":"2026-08-30T09:55:33","guid":{"rendered":"https:\/\/darkamazi.site\/?p=1039208"},"modified":"2026-08-30T12:55:33","modified_gmt":"2026-08-30T09:55:33","slug":"baskan-barzaniden-mehdi-zana-icin-taziye-mesaji","status":"publish","type":"post","link":"https:\/\/darkamazi.site\/archives\/1039208","title":{"rendered":"Ba\u015fkan Barzani&#8217;den Mehdi Zana i\u00e7in taziye mesaj\u0131"},"content":{"rendered":"<p style=\"text-align: justify;\">Ba\u015fkan Mesud Barzani, e\u015fi Mehdi Zana\u2019n\u0131n hayat\u0131n\u0131 kaybetmesi dolay\u0131s\u0131yla Leyla Zana ve ailesine ba\u015fsa\u011fl\u0131\u011f\u0131 diledi.<\/p>\n<p style=\"text-align: justify;\">Ba\u015fkan Barzani, 29 A\u011fustos 2026 Cumartesi g\u00fcn\u00fc, Mehdi Zana\u2019n\u0131n vefat\u0131 dolay\u0131s\u0131yla bir taziye mesaj\u0131 yay\u0131mlad\u0131.<\/p>\n<p style=\"text-align: justify;\">K\u00fcrt davas\u0131n\u0131n emektar ismi ve Diyarbak\u0131r eski Belediye Ba\u015fkan\u0131 Mehdi Zana\u2019n\u0131n vefat\u0131ndan duydu\u011fu derin \u00fcz\u00fcnt\u00fcy\u00fc dile getiren Ba\u015fkan Barzani,\u00a0mesaj\u0131nda \u015fu ifadelere yer verdi:<\/p>\n<p style=\"text-align: justify;\">\u201cYurtsever ki\u015fili\u011fi ve m\u00fccadelesiyle tan\u0131nan K\u00fcrt siyaset\u00e7i, Diyarbak\u0131r eski Belediye Ba\u015fkan\u0131 Mehdi Zana\u2019n\u0131n vefat haberini b\u00fcy\u00fck bir teess\u00fcrle \u00f6\u011frenmi\u015f bulunmaktay\u0131m.<\/p>\n<p style=\"text-align: justify;\">Bu ac\u0131 kay\u0131p vesilesiyle, Mehdi Zana\u2019n\u0131n yurtsever ve m\u00fccadeleci ailesine, de\u011ferli karde\u015fim Leyla Zana&#8217;ya, t\u00fcm yak\u0131nlar\u0131na ve dostlar\u0131na ba\u015fsa\u011fl\u0131\u011f\u0131 dileklerimi iletiyor, ac\u0131lar\u0131n\u0131 payla\u015f\u0131yorum.\u201d<\/p>\n<p style=\"text-align: justify;\">Mesaj\u0131n\u0131n sonunda Ba\u015fkan Barzani, merhum Mehdi Zana i\u00e7in Allah\u2019tan rahmet dileyerek; &#8220;Y\u00fcce Allah\u2019tan merhumun ruhunu \u015fad etmesini, cennetiyle m\u00fckafatland\u0131rmas\u0131n\u0131; kederli ailesine ve sevenlerine sab\u0131r ve metanet bah\u015fetmesini niyaz ediyorum.&#8221; dedi.<\/p>\n<p style=\"text-align: justify;\">K\u00fcrt siyaset\u00e7i, Diyarbak\u0131r eski Belediye Ba\u015fkan\u0131 Mehdi Zana, KOAH hastal\u0131\u011f\u0131 nedeniyle k\u0131sa s\u00fcre \u00f6nce hastaneye kald\u0131r\u0131larak, yo\u011fun bak\u0131ma al\u0131nm\u0131\u015ft\u0131. Mehdi Zana, Diyarbak\u0131r\u2019da \u00f6zel bir hastanede saat 18:35 sular\u0131nda \u00e7oklu organ yetmezli\u011fi nedeniyle ya\u015fam\u0131n\u0131 yitirdi.<\/p>\n","protected":false},"excerpt":{"rendered":"<p>Ba\u015fkan Mesud Barzani, e\u015fi Mehdi Zana\u2019n\u0131n hayat\u0131n\u0131 kaybetmesi dolay\u0131s\u0131yla Leyla Zana ve ailesine ba\u015fsa\u011fl\u0131\u011f\u0131 diledi. Ba\u015fkan Barzani, 29 A\u011fustos 2026 Cumartesi g\u00fcn\u00fc, Mehdi Zana\u2019n\u0131n vefat\u0131 dolay\u0131s\u0131yla bir taziye mesaj\u0131 yay\u0131mlad\u0131. K\u00fcrt davas\u0131n\u0131n emektar ismi ve Diyarbak\u0131r eski Belediye Ba\u015fkan\u0131 Mehdi Zana\u2019n\u0131n vefat\u0131ndan duydu\u011fu derin \u00fcz\u00fcnt\u00fcy\u00fc dile getiren Ba\u015fkan Barzani,\u00a0mesaj\u0131nda \u015fu ifadelere yer verdi: \u201cYurtsever ki\u015fili\u011fi [&hellip;]<\/p>\n","protected":false},"author":2,"featured_media":1039209,"comment_status":"closed","ping_status":"closed","sticky":false,"template":"","format":"standard","meta":{"footnotes":""},"categories":[3],"tags":[31],"class_list":["post-1039208","post","type-post","status-publish","format-standard","has-post-thumbnail","hentry","category-kurdistan","tag-onemli"],"blocksy_meta":{"styles_descriptor":{"styles":{"desktop":"","tablet":"","mobile":""},"google_fonts":[],"version":7}},"seo_head":"<!-- This site is optimized with the Yoast SEO plugin v28.3 - https:\/\/yoast.com\/product\/yoast-seo-wordpress\/ -->\n<title>Ba\u015fkan Barzani&#039;den Mehdi Zana i\u00e7in taziye mesaj\u0131 - Darka Mazi<\/title>\n<meta name=\"robots\" content=\"index, follow, max-snippet:-1, max-image-preview:large, max-video-preview:-1\" \/>\n<link rel=\"canonical\" href=\"https:\/\/darkamazi.site\/archives\/1039208\" \/>\n<meta property=\"og:locale\" content=\"en_US\" \/>\n<meta property=\"og:type\" content=\"article\" \/>\n<meta property=\"og:title\" content=\"Ba\u015fkan Barzani&#039;den Mehdi Zana i\u00e7in taziye mesaj\u0131 - Darka Mazi\" \/>\n<meta property=\"og:description\" content=\"Ba\u015fkan Mesud Barzani, e\u015fi Mehdi Zana\u2019n\u0131n hayat\u0131n\u0131 kaybetmesi dolay\u0131s\u0131yla Leyla Zana ve ailesine ba\u015fsa\u011fl\u0131\u011f\u0131 diledi. Ba\u015fkan Barzani, 29 A\u011fustos 2026 Cumartesi g\u00fcn\u00fc, Mehdi Zana\u2019n\u0131n vefat\u0131 dolay\u0131s\u0131yla bir taziye mesaj\u0131 yay\u0131mlad\u0131. K\u00fcrt davas\u0131n\u0131n emektar ismi ve Diyarbak\u0131r eski Belediye Ba\u015fkan\u0131 Mehdi Zana\u2019n\u0131n vefat\u0131ndan duydu\u011fu derin \u00fcz\u00fcnt\u00fcy\u00fc dile getiren Ba\u015fkan Barzani,\u00a0mesaj\u0131nda \u015fu ifadelere yer verdi: \u201cYurtsever ki\u015fili\u011fi [&hellip;]\" \/>\n<meta property=\"og:url\" content=\"https:\/\/darkamazi.site\/archives\/1039208\" \/>\n<meta property=\"og:site_name\" content=\"Darka Mazi\" \/>\n<meta property=\"article:publisher\" content=\"https:\/\/www.facebook.com\/DarkaMaziturkce\" \/>\n<meta property=\"article:published_time\" content=\"2026-08-30T09:55:33+00:00\" \/>\n<meta property=\"og:image\" content=\"https:\/\/darkamazi.site\/file\/2026\/08\/serok-and-Mehdi-Zana.jpg\" \/>\n\t<meta property=\"og:image:width\" content=\"1562\" \/>\n\t<meta property=\"og:image:height\" content=\"878\" \/>\n\t<meta property=\"og:image:type\" content=\"image\/jpeg\" \/>\n<meta name=\"author\" content=\"darka mazi\" \/>\n<meta name=\"twitter:card\" content=\"summary_large_image\" \/>\n<meta name=\"twitter:creator\" content=\"@DarkaMaziTurkce\" \/>\n<meta name=\"twitter:site\" content=\"@DarkaMaziTurkce\" \/>\n<meta name=\"twitter:label1\" content=\"Written by\" \/>\n\t<meta name=\"twitter:data1\" content=\"darka mazi\" \/>\n\t<meta name=\"twitter:label2\" content=\"Est. reading time\" \/>\n\t<meta name=\"twitter:data2\" content=\"1 minute\" \/>\n<script type=\"application\/ld+json\" class=\"seo-schema-graph\">{\"@context\":\"https:\\\/\\\/schema.org\",\"@graph\":[{\"@type\":\"NewsArticle\",\"@id\":\"https:\\\/\\\/darkamazi.site\\\/archives\\\/1039208#article\",\"isPartOf\":{\"@id\":\"https:\\\/\\\/darkamazi.site\\\/archives\\\/1039208\"},\"author\":{\"name\":\"darka mazi\",\"@id\":\"https:\\\/\\\/darkamazi.site\\\/#\\\/schema\\\/person\\\/67986a95ac546c16760365877ef4a9d3\"},\"headline\":\"Ba\u015fkan Barzani&#8217;den Mehdi Zana i\u00e7in taziye mesaj\u0131\",\"datePublished\":\"2026-08-30T09:55:33+00:00\",\"mainEntityOfPage\":{\"@id\":\"https:\\\/\\\/darkamazi.site\\\/archives\\\/1039208\"},\"wordCount\":258,\"publisher\":{\"@id\":\"https:\\\/\\\/darkamazi.site\\\/#organization\"},\"image\":{\"@id\":\"https:\\\/\\\/darkamazi.site\\\/archives\\\/1039208#primaryimage\"},\"thumbnailUrl\":\"https:\\\/\\\/darkamazi.site\\\/darka-content\\\/uploads\\\/2026\\\/08\\\/serok-and-Mehdi-Zana.jpg\",\"keywords\":[\"\u00f6nemli\"],\"articleSection\":[\"Kurdistan\"],\"inLanguage\":\"en-US\"},{\"@type\":\"WebPage\",\"@id\":\"https:\\\/\\\/darkamazi.site\\\/archives\\\/1039208\",\"url\":\"https:\\\/\\\/darkamazi.site\\\/archives\\\/1039208\",\"name\":\"Ba\u015fkan Barzani'den Mehdi Zana i\u00e7in taziye mesaj\u0131 - Darka Mazi\",\"isPartOf\":{\"@id\":\"https:\\\/\\\/darkamazi.site\\\/#website\"},\"primaryImageOfPage\":{\"@id\":\"https:\\\/\\\/darkamazi.site\\\/archives\\\/1039208#primaryimage\"},\"image\":{\"@id\":\"https:\\\/\\\/darkamazi.site\\\/archives\\\/1039208#primaryimage\"},\"thumbnailUrl\":\"https:\\\/\\\/darkamazi.site\\\/darka-content\\\/uploads\\\/2026\\\/08\\\/serok-and-Mehdi-Zana.jpg\",\"datePublished\":\"2026-08-30T09:55:33+00:00\",\"breadcrumb\":{\"@id\":\"https:\\\/\\\/darkamazi.site\\\/archives\\\/1039208#breadcrumb\"},\"inLanguage\":\"en-US\",\"potentialAction\":[{\"@type\":\"ReadAction\",\"target\":[\"https:\\\/\\\/darkamazi.site\\\/archives\\\/1039208\"]}]},{\"@type\":\"ImageObject\",\"inLanguage\":\"en-US\",\"@id\":\"https:\\\/\\\/darkamazi.site\\\/archives\\\/1039208#primaryimage\",\"url\":\"https:\\\/\\\/darkamazi.site\\\/darka-content\\\/uploads\\\/2026\\\/08\\\/serok-and-Mehdi-Zana.jpg\",\"contentUrl\":\"https:\\\/\\\/darkamazi.site\\\/darka-content\\\/uploads\\\/2026\\\/08\\\/serok-and-Mehdi-Zana.jpg\",\"width\":1562,\"height\":878,\"caption\":\"Ba\u015fkan Barzani'den Mehdi Zana i\u00e7in taziye mesaj\u0131\"},{\"@type\":\"BreadcrumbList\",\"@id\":\"https:\\\/\\\/darkamazi.site\\\/archives\\\/1039208#breadcrumb\",\"itemListElement\":[{\"@type\":\"ListItem\",\"position\":1,\"name\":\"Home\",\"item\":\"https:\\\/\\\/darkamazi.site\\\/\"},{\"@type\":\"ListItem\",\"position\":2,\"name\":\"Ba\u015fkan Barzani&#8217;den Mehdi Zana i\u00e7in taziye mesaj\u0131\"}]},{\"@type\":\"WebSite\",\"@id\":\"https:\\\/\\\/darkamazi.site\\\/#website\",\"url\":\"https:\\\/\\\/darkamazi.site\\\/\",\"name\":\"Darka Mazi\",\"description\":\"Ana Sayfa\",\"publisher\":{\"@id\":\"https:\\\/\\\/darkamazi.site\\\/#organization\"},\"potentialAction\":[{\"@type\":\"SearchAction\",\"target\":{\"@type\":\"EntryPoint\",\"urlTemplate\":\"https:\\\/\\\/darkamazi.site\\\/?s={search_term_string}\"},\"query-input\":{\"@type\":\"PropertyValueSpecification\",\"valueRequired\":true,\"valueName\":\"search_term_string\"}}],\"inLanguage\":\"en-US\"},{\"@type\":\"Organization\",\"@id\":\"https:\\\/\\\/darkamazi.site\\\/#organization\",\"name\":\"Darka Mazi T\u00fcrk\u00e7e\",\"alternateName\":\"Darka Mazi\",\"url\":\"https:\\\/\\\/darkamazi.site\\\/\",\"logo\":{\"@type\":\"ImageObject\",\"inLanguage\":\"en-US\",\"@id\":\"https:\\\/\\\/darkamazi.site\\\/#\\\/schema\\\/logo\\\/image\\\/\",\"url\":\"https:\\\/\\\/darkamazi.site\\\/darka-content\\\/uploads\\\/2017\\\/12\\\/darka-mazi-logo.png\",\"contentUrl\":\"https:\\\/\\\/darkamazi.site\\\/darka-content\\\/uploads\\\/2017\\\/12\\\/darka-mazi-logo.png\",\"width\":151,\"height\":75,\"caption\":\"Darka Mazi T\u00fcrk\u00e7e\"},\"image\":{\"@id\":\"https:\\\/\\\/darkamazi.site\\\/#\\\/schema\\\/logo\\\/image\\\/\"},\"sameAs\":[\"https:\\\/\\\/www.facebook.com\\\/DarkaMaziturkce\",\"https:\\\/\\\/x.com\\\/DarkaMaziTurkce\"]},{\"@type\":\"Person\",\"@id\":\"https:\\\/\\\/darkamazi.site\\\/#\\\/schema\\\/person\\\/67986a95ac546c16760365877ef4a9d3\",\"name\":\"darka mazi\",\"sameAs\":[\"https:\\\/\\\/darkamazi.site\"],\"url\":\"https:\\\/\\\/darkamazi.site\\\/archives\\\/author\\\/turkish\"}]}<\/script>\n<!-- \/ Yoast SEO plugin. -->","seo_head_json":{"title":"Ba\u015fkan Barzani'den Mehdi Zana i\u00e7in taziye mesaj\u0131 - Darka Mazi","robots":{"index":"index","follow":"follow","max-snippet":"max-snippet:-1","max-image-preview":"max-image-preview:large","max-video-preview":"max-video-preview:-1"},"canonical":"https:\/\/darkamazi.site\/archives\/1039208","og_locale":"en_US","og_type":"article","og_title":"Ba\u015fkan Barzani'den Mehdi Zana i\u00e7in taziye mesaj\u0131 - Darka Mazi","og_description":"Ba\u015fkan Mesud Barzani, e\u015fi Mehdi Zana\u2019n\u0131n hayat\u0131n\u0131 kaybetmesi dolay\u0131s\u0131yla Leyla Zana ve ailesine ba\u015fsa\u011fl\u0131\u011f\u0131 diledi. Ba\u015fkan Barzani, 29 A\u011fustos 2026 Cumartesi g\u00fcn\u00fc, Mehdi Zana\u2019n\u0131n vefat\u0131 dolay\u0131s\u0131yla bir taziye mesaj\u0131 yay\u0131mlad\u0131. K\u00fcrt davas\u0131n\u0131n emektar ismi ve Diyarbak\u0131r eski Belediye Ba\u015fkan\u0131 Mehdi Zana\u2019n\u0131n vefat\u0131ndan duydu\u011fu derin \u00fcz\u00fcnt\u00fcy\u00fc dile getiren Ba\u015fkan Barzani,\u00a0mesaj\u0131nda \u015fu ifadelere yer verdi: \u201cYurtsever ki\u015fili\u011fi [&hellip;]","og_url":"https:\/\/darkamazi.site\/archives\/1039208","og_site_name":"Darka Mazi","article_publisher":"https:\/\/www.facebook.com\/DarkaMaziturkce","article_published_time":"2026-08-30T09:55:33+00:00","og_image":[{"width":1562,"height":878,"url":"https:\/\/darkamazi.site\/file\/2026\/08\/serok-and-Mehdi-Zana.jpg","type":"image\/jpeg"}],"author":"darka mazi","twitter_card":"summary_large_image","twitter_creator":"@DarkaMaziTurkce","twitter_site":"@DarkaMaziTurkce","twitter_misc":{"Written by":"darka mazi","Est. reading time":"1 minute"},"schema":{"@context":"https:\/\/schema.org","@graph":[{"@type":"NewsArticle","@id":"https:\/\/darkamazi.site\/archives\/1039208#article","isPartOf":{"@id":"https:\/\/darkamazi.site\/archives\/1039208"},"author":{"name":"darka mazi","@id":"https:\/\/darkamazi.site\/#\/schema\/person\/67986a95ac546c16760365877ef4a9d3"},"headline":"Ba\u015fkan Barzani&#8217;den Mehdi Zana i\u00e7in taziye mesaj\u0131","datePublished":"2026-08-30T09:55:33+00:00","mainEntityOfPage":{"@id":"https:\/\/darkamazi.site\/archives\/1039208"},"wordCount":258,"publisher":{"@id":"https:\/\/darkamazi.site\/#organization"},"image":{"@id":"https:\/\/darkamazi.site\/archives\/1039208#primaryimage"},"thumbnailUrl":"https:\/\/darkamazi.site\/file\/2026\/08\/serok-and-Mehdi-Zana.jpg","keywords":["\u00f6nemli"],"articleSection":["Kurdistan"],"inLanguage":"en-US"},{"@type":"WebPage","@id":"https:\/\/darkamazi.site\/archives\/1039208","url":"https:\/\/darkamazi.site\/archives\/1039208","name":"Ba\u015fkan Barzani'den Mehdi Zana i\u00e7in taziye mesaj\u0131 - Darka Mazi","isPartOf":{"@id":"https:\/\/darkamazi.site\/#website"},"primaryImageOfPage":{"@id":"https:\/\/darkamazi.site\/archives\/1039208#primaryimage"},"image":{"@id":"https:\/\/darkamazi.site\/archives\/1039208#primaryimage"},"thumbnailUrl":"https:\/\/darkamazi.site\/file\/2026\/08\/serok-and-Mehdi-Zana.jpg","datePublished":"2026-08-30T09:55:33+00:00","breadcrumb":{"@id":"https:\/\/darkamazi.site\/archives\/1039208#breadcrumb"},"inLanguage":"en-US","potentialAction":[{"@type":"ReadAction","target":["https:\/\/darkamazi.site\/archives\/1039208"]}]},{"@type":"ImageObject","inLanguage":"en-US","@id":"https:\/\/darkamazi.site\/archives\/1039208#primaryimage","url":"https:\/\/darkamazi.site\/file\/2026\/08\/serok-and-Mehdi-Zana.jpg","contentUrl":"https:\/\/darkamazi.site\/file\/2026\/08\/serok-and-Mehdi-Zana.jpg","width":1562,"height":878,"caption":"Ba\u015fkan Barzani'den Mehdi Zana i\u00e7in taziye mesaj\u0131"},{"@type":"BreadcrumbList","@id":"https:\/\/darkamazi.site\/archives\/1039208#breadcrumb","itemListElement":[{"@type":"ListItem","position":1,"name":"Home","item":"https:\/\/darkamazi.site\/"},{"@type":"ListItem","position":2,"name":"Ba\u015fkan Barzani&#8217;den Mehdi Zana i\u00e7in taziye mesaj\u0131"}]},{"@type":"WebSite","@id":"https:\/\/darkamazi.site\/#website","url":"https:\/\/darkamazi.site\/","name":"Darka Mazi","description":"Ana Sayfa","publisher":{"@id":"https:\/\/darkamazi.site\/#organization"},"potentialAction":[{"@type":"SearchAction","target":{"@type":"EntryPoint","urlTemplate":"https:\/\/darkamazi.site\/?s={search_term_string}"},"query-input":{"@type":"PropertyValueSpecification","valueRequired":true,"valueName":"search_term_string"}}],"inLanguage":"en-US"},{"@type":"Organization","@id":"https:\/\/darkamazi.site\/#organization","name":"Darka Mazi T\u00fcrk\u00e7e","alternateName":"Darka Mazi","url":"https:\/\/darkamazi.site\/","logo":{"@type":"ImageObject","inLanguage":"en-US","@id":"https:\/\/darkamazi.site\/#\/schema\/logo\/image\/","url":"https:\/\/darkamazi.site\/file\/2017\/12\/darka-mazi-logo.png","contentUrl":"https:\/\/darkamazi.site\/file\/2017\/12\/darka-mazi-logo.png","width":151,"height":75,"caption":"Darka Mazi T\u00fcrk\u00e7e"},"image":{"@id":"https:\/\/darkamazi.site\/#\/schema\/logo\/image\/"},"sameAs":["https:\/\/www.facebook.com\/DarkaMaziturkce","https:\/\/x.com\/DarkaMaziTurkce"]},{"@type":"Person","@id":"https:\/\/darkamazi.site\/#\/schema\/person\/67986a95ac546c16760365877ef4a9d3","name":"darka mazi","sameAs":["https:\/\/darkamazi.site"],"url":"https:\/\/darkamazi.site\/archives\/author\/turkish"}]}},"_links":{"self":[{"href":"https:\/\/darkamazi.site\/funavuv\/wp\/v2\/posts\/1039208","targetHints":{"allow":["GET"]}}],"collection":[{"href":"https:\/\/darkamazi.site\/funavuv\/wp\/v2\/posts"}],"about":[{"href":"https:\/\/darkamazi.site\/funavuv\/wp\/v2\/types\/post"}],"author":[{"embeddable":true,"href":"https:\/\/darkamazi.site\/funavuv\/wp\/v2\/users\/2"}],"replies":[{"embeddable":true,"href":"https:\/\/darkamazi.site\/funavuv\/wp\/v2\/comments?post=1039208"}],"version-history":[{"count":1,"href":"https:\/\/darkamazi.site\/funavuv\/wp\/v2\/posts\/1039208\/revisions"}],"predecessor-version":[{"id":1039210,"href":"https:\/\/darkamazi.site\/funavuv\/wp\/v2\/posts\/1039208\/revisions\/1039210"}],"wp:featuredmedia":[{"embeddable":true,"href":"https:\/\/darkamazi.site\/funavuv\/wp\/v2\/media\/1039209"}],"wp:attachment":[{"href":"https:\/\/darkamazi.site\/funavuv\/wp\/v2\/media?parent=1039208"}],"wp:term":[{"taxonomy":"category","embeddable":true,"href":"https:\/\/darkamazi.site\/funavuv\/wp\/v2\/categories?post=1039208"},{"taxonomy":"post_tag","embeddable":true,"href":"https:\/\/darkamazi.site\/funavuv\/wp\/v2\/tags?post=1039208"}],"curies":[{"name":"wp","href":"https:\/\/api.w.org\/{rel}","templated":true}]}}